{"id":877,"date":"2011-08-18T20:58:03","date_gmt":"2011-08-18T19:58:03","guid":{"rendered":"http:\/\/guderley.com\/?p=877"},"modified":"2011-08-18T20:58:03","modified_gmt":"2011-08-18T19:58:03","slug":"18-08-2011-marbach-am-neckar-473-km","status":"publish","type":"post","link":"https:\/\/guderley.com\/?p=877","title":{"rendered":"18.08.2011  Marbach am Neckar  473 km"},"content":{"rendered":"<p>Heute war es sehr hei\u00df und hinauf auf die Alb m\u00e4chtig anstrengend. Meine Beine waren im Gegensatz zu gestern aber in Ordnung. Gleich hinter Blaubeuren ging es erst sehr lang gezogen hinauf und sp\u00e4ter immer steiler werdend. <\/p>\n<p>Eine Passage bin ich dann gleich doppelt hinauf und hinab gefahren, weil ich irgendwie nicht genau wusste wo mein Weg jetzt hingeht. Die 5 km lange Abfahrt hinunter an die A 8 nach Kirchheim\/Teck war sensationell. Bei 70 h\/km wurde mir ein bisschen bange mit den Taschen hintendrauf. Wenn du da ins Wackeln kommst ist &#8222;Fliegen angesagt&#8220;. <\/p>\n<p>Nach rund 80 km bin ich bei Wendlingen an den Neckar gekommen  und an ihm entlang flussabw\u00e4rts durch Esslingen, Stuttgart und Ludwigsburg nach Marbach gefahren. Im Hotel Schillerhof \u00fcbernachte ich. Beim Abendessen bin ich mit zwei einheimischen Radfahrern ins Gespr\u00e4ch gekommen und habe viel \u00fcber die Gegend erfahren. <\/p>\n<p>Morgen ist Finaltag dieser Tour. Es sind auch wieder Gewitter angesagt, mal sehen wie weit ich kommen werde, ohne Zug wird es nicht gehen, da ich den Samstag nicht anknabbern m\u00f6chte. <\/p>\n","protected":false},"excerpt":{"rendered":"<p>Heute war es sehr hei\u00df und hinauf auf die Alb m\u00e4chtig anstrengend. Meine Beine waren im Gegensatz zu gestern aber in Ordnung. Gleich hinter Blaubeuren ging es erst sehr lang gezogen hinauf und sp\u00e4ter immer steiler werdend. Eine Passage bin ich dann gleich doppelt hinauf und hinab gefahren, weil ich irgendwie nicht genau wusste wo [&hellip;]<\/p>\n","protected":false},"author":2,"featured_media":0,"comment_status":"open","ping_status":"open","sticky":false,"template":"","format":"standard","meta":{"_jetpack_newsletter_access":"","_jetpack_dont_email_post_to_subs":false,"_jetpack_newsletter_tier_id":0,"_jetpack_memberships_contains_paywalled_content":false,"_jetpack_memberships_contains_paid_content":false,"footnotes":""},"categories":[14],"tags":[],"class_list":["post-877","post","type-post","status-publish","format-standard","hentry","category-2011-allgau"],"yoast_head":"<!-- This site is optimized with the Yoast SEO plugin v25.8 - https:\/\/yoast.com\/wordpress\/plugins\/seo\/ -->\n<title>18.08.2011 Marbach am Neckar 473 km - G\u00fcnter&#039;s Blog<\/title>\n<meta name=\"robots\" content=\"index, follow, max-snippet:-1, max-image-preview:large, max-video-preview:-1\" \/>\n<link rel=\"canonical\" href=\"https:\/\/guderley.com\/?p=877\" \/>\n<meta property=\"og:locale\" content=\"de_DE\" \/>\n<meta property=\"og:type\" content=\"article\" \/>\n<meta property=\"og:title\" content=\"18.08.2011 Marbach am Neckar 473 km - G\u00fcnter&#039;s Blog\" \/>\n<meta property=\"og:description\" content=\"Heute war es sehr hei\u00df und hinauf auf die Alb m\u00e4chtig anstrengend. Meine Beine waren im Gegensatz zu gestern aber in Ordnung. Gleich hinter Blaubeuren ging es erst sehr lang gezogen hinauf und sp\u00e4ter immer steiler werdend. Eine Passage bin ich dann gleich doppelt hinauf und hinab gefahren, weil ich irgendwie nicht genau wusste wo [&hellip;]\" \/>\n<meta property=\"og:url\" content=\"https:\/\/guderley.com\/?p=877\" \/>\n<meta property=\"og:site_name\" content=\"G\u00fcnter&#039;s Blog\" \/>\n<meta property=\"article:published_time\" content=\"2011-08-18T19:58:03+00:00\" \/>\n<meta property=\"og:image\" content=\"https:\/\/i0.wp.com\/guderley.com\/wp-content\/uploads\/img_7992-scaled.jpg?fit=2560%2C1920&ssl=1\" \/>\n\t<meta property=\"og:image:width\" content=\"2560\" \/>\n\t<meta property=\"og:image:height\" content=\"1920\" \/>\n\t<meta property=\"og:image:type\" content=\"image\/jpeg\" \/>\n<meta name=\"author\" content=\"guenter\" \/>\n<meta name=\"twitter:card\" content=\"summary_large_image\" \/>\n<meta name=\"twitter:label1\" content=\"Verfasst von\" \/>\n\t<meta name=\"twitter:data1\" content=\"guenter\" \/>\n\t<meta name=\"twitter:label2\" content=\"Gesch\u00e4tzte Lesezeit\" \/>\n\t<meta name=\"twitter:data2\" content=\"1\u00a0Minute\" \/>\n<script type=\"application\/ld+json\" class=\"yoast-schema-graph\">{\"@context\":\"https:\/\/schema.org\",\"@graph\":[{\"@type\":\"Article\",\"@id\":\"https:\/\/guderley.com\/?p=877#article\",\"isPartOf\":{\"@id\":\"https:\/\/guderley.com\/?p=877\"},\"author\":{\"name\":\"guenter\",\"@id\":\"https:\/\/guderley.com\/#\/schema\/person\/24a827645a6fedd3481426a7028dfdcd\"},\"headline\":\"18.08.2011 Marbach am Neckar 473 km\",\"datePublished\":\"2011-08-18T19:58:03+00:00\",\"mainEntityOfPage\":{\"@id\":\"https:\/\/guderley.com\/?p=877\"},\"wordCount\":180,\"commentCount\":0,\"publisher\":{\"@id\":\"https:\/\/guderley.com\/#\/schema\/person\/24a827645a6fedd3481426a7028dfdcd\"},\"articleSection\":[\"2011 ALLG\u00c4U - NECKAR\"],\"inLanguage\":\"de\",\"potentialAction\":[{\"@type\":\"CommentAction\",\"name\":\"Comment\",\"target\":[\"https:\/\/guderley.com\/?p=877#respond\"]}]},{\"@type\":\"WebPage\",\"@id\":\"https:\/\/guderley.com\/?p=877\",\"url\":\"https:\/\/guderley.com\/?p=877\",\"name\":\"18.08.2011 Marbach am Neckar 473 km - G\u00fcnter&#039;s Blog\",\"isPartOf\":{\"@id\":\"https:\/\/guderley.com\/#website\"},\"datePublished\":\"2011-08-18T19:58:03+00:00\",\"breadcrumb\":{\"@id\":\"https:\/\/guderley.com\/?p=877#breadcrumb\"},\"inLanguage\":\"de\",\"potentialAction\":[{\"@type\":\"ReadAction\",\"target\":[\"https:\/\/guderley.com\/?p=877\"]}]},{\"@type\":\"BreadcrumbList\",\"@id\":\"https:\/\/guderley.com\/?p=877#breadcrumb\",\"itemListElement\":[{\"@type\":\"ListItem\",\"position\":1,\"name\":\"Startseite\",\"item\":\"https:\/\/guderley.com\/\"},{\"@type\":\"ListItem\",\"position\":2,\"name\":\"18.08.2011 Marbach am Neckar 473 km\"}]},{\"@type\":\"WebSite\",\"@id\":\"https:\/\/guderley.com\/#website\",\"url\":\"https:\/\/guderley.com\/\",\"name\":\"G\u00fcnter's Blog\",\"description\":\"Fahrrad Touren rund um die Welt\",\"publisher\":{\"@id\":\"https:\/\/guderley.com\/#\/schema\/person\/24a827645a6fedd3481426a7028dfdcd\"},\"alternateName\":\"G\u00fcnter's Blog\",\"potentialAction\":[{\"@type\":\"SearchAction\",\"target\":{\"@type\":\"EntryPoint\",\"urlTemplate\":\"https:\/\/guderley.com\/?s={search_term_string}\"},\"query-input\":{\"@type\":\"PropertyValueSpecification\",\"valueRequired\":true,\"valueName\":\"search_term_string\"}}],\"inLanguage\":\"de\"},{\"@type\":[\"Person\",\"Organization\"],\"@id\":\"https:\/\/guderley.com\/#\/schema\/person\/24a827645a6fedd3481426a7028dfdcd\",\"name\":\"guenter\",\"image\":{\"@type\":\"ImageObject\",\"inLanguage\":\"de\",\"@id\":\"https:\/\/guderley.com\/#\/schema\/person\/image\/\",\"url\":\"https:\/\/i0.wp.com\/guderley.com\/wp-content\/uploads\/img_8008-scaled.jpg?fit=1920%2C2560\",\"contentUrl\":\"https:\/\/i0.wp.com\/guderley.com\/wp-content\/uploads\/img_8008-scaled.jpg?fit=1920%2C2560\",\"width\":1920,\"height\":2560,\"caption\":\"guenter\"},\"logo\":{\"@id\":\"https:\/\/guderley.com\/#\/schema\/person\/image\/\"},\"sameAs\":[\"http:\/\/guderley.com\/blog\"],\"url\":\"https:\/\/guderley.com\/?author=2\"}]}<\/script>\n<!-- \/ Yoast SEO plugin. -->","yoast_head_json":{"title":"18.08.2011 Marbach am Neckar 473 km - G\u00fcnter&#039;s Blog","robots":{"index":"index","follow":"follow","max-snippet":"max-snippet:-1","max-image-preview":"max-image-preview:large","max-video-preview":"max-video-preview:-1"},"canonical":"https:\/\/guderley.com\/?p=877","og_locale":"de_DE","og_type":"article","og_title":"18.08.2011 Marbach am Neckar 473 km - G\u00fcnter&#039;s Blog","og_description":"Heute war es sehr hei\u00df und hinauf auf die Alb m\u00e4chtig anstrengend. Meine Beine waren im Gegensatz zu gestern aber in Ordnung. Gleich hinter Blaubeuren ging es erst sehr lang gezogen hinauf und sp\u00e4ter immer steiler werdend. Eine Passage bin ich dann gleich doppelt hinauf und hinab gefahren, weil ich irgendwie nicht genau wusste wo [&hellip;]","og_url":"https:\/\/guderley.com\/?p=877","og_site_name":"G\u00fcnter&#039;s Blog","article_published_time":"2011-08-18T19:58:03+00:00","og_image":[{"width":2560,"height":1920,"url":"https:\/\/i0.wp.com\/guderley.com\/wp-content\/uploads\/img_7992-scaled.jpg?fit=2560%2C1920&ssl=1","type":"image\/jpeg"}],"author":"guenter","twitter_card":"summary_large_image","twitter_misc":{"Verfasst von":"guenter","Gesch\u00e4tzte Lesezeit":"1\u00a0Minute"},"schema":{"@context":"https:\/\/schema.org","@graph":[{"@type":"Article","@id":"https:\/\/guderley.com\/?p=877#article","isPartOf":{"@id":"https:\/\/guderley.com\/?p=877"},"author":{"name":"guenter","@id":"https:\/\/guderley.com\/#\/schema\/person\/24a827645a6fedd3481426a7028dfdcd"},"headline":"18.08.2011 Marbach am Neckar 473 km","datePublished":"2011-08-18T19:58:03+00:00","mainEntityOfPage":{"@id":"https:\/\/guderley.com\/?p=877"},"wordCount":180,"commentCount":0,"publisher":{"@id":"https:\/\/guderley.com\/#\/schema\/person\/24a827645a6fedd3481426a7028dfdcd"},"articleSection":["2011 ALLG\u00c4U - NECKAR"],"inLanguage":"de","potentialAction":[{"@type":"CommentAction","name":"Comment","target":["https:\/\/guderley.com\/?p=877#respond"]}]},{"@type":"WebPage","@id":"https:\/\/guderley.com\/?p=877","url":"https:\/\/guderley.com\/?p=877","name":"18.08.2011 Marbach am Neckar 473 km - G\u00fcnter&#039;s Blog","isPartOf":{"@id":"https:\/\/guderley.com\/#website"},"datePublished":"2011-08-18T19:58:03+00:00","breadcrumb":{"@id":"https:\/\/guderley.com\/?p=877#breadcrumb"},"inLanguage":"de","potentialAction":[{"@type":"ReadAction","target":["https:\/\/guderley.com\/?p=877"]}]},{"@type":"BreadcrumbList","@id":"https:\/\/guderley.com\/?p=877#breadcrumb","itemListElement":[{"@type":"ListItem","position":1,"name":"Startseite","item":"https:\/\/guderley.com\/"},{"@type":"ListItem","position":2,"name":"18.08.2011 Marbach am Neckar 473 km"}]},{"@type":"WebSite","@id":"https:\/\/guderley.com\/#website","url":"https:\/\/guderley.com\/","name":"G\u00fcnter's Blog","description":"Fahrrad Touren rund um die Welt","publisher":{"@id":"https:\/\/guderley.com\/#\/schema\/person\/24a827645a6fedd3481426a7028dfdcd"},"alternateName":"G\u00fcnter's Blog","potentialAction":[{"@type":"SearchAction","target":{"@type":"EntryPoint","urlTemplate":"https:\/\/guderley.com\/?s={search_term_string}"},"query-input":{"@type":"PropertyValueSpecification","valueRequired":true,"valueName":"search_term_string"}}],"inLanguage":"de"},{"@type":["Person","Organization"],"@id":"https:\/\/guderley.com\/#\/schema\/person\/24a827645a6fedd3481426a7028dfdcd","name":"guenter","image":{"@type":"ImageObject","inLanguage":"de","@id":"https:\/\/guderley.com\/#\/schema\/person\/image\/","url":"https:\/\/i0.wp.com\/guderley.com\/wp-content\/uploads\/img_8008-scaled.jpg?fit=1920%2C2560","contentUrl":"https:\/\/i0.wp.com\/guderley.com\/wp-content\/uploads\/img_8008-scaled.jpg?fit=1920%2C2560","width":1920,"height":2560,"caption":"guenter"},"logo":{"@id":"https:\/\/guderley.com\/#\/schema\/person\/image\/"},"sameAs":["http:\/\/guderley.com\/blog"],"url":"https:\/\/guderley.com\/?author=2"}]}},"jetpack_featured_media_url":"","jetpack_sharing_enabled":true,"jetpack_shortlink":"https:\/\/wp.me\/p9IuXF-e9","jetpack_likes_enabled":true,"jetpack-related-posts":[{"id":879,"url":"https:\/\/guderley.com\/?p=879","url_meta":{"origin":877,"position":0},"title":"19.08.2011  Goldbach  650 km","author":"guenter","date":"August 19, 2011","format":false,"excerpt":"Um 5:00 Uhr bin ich von einem heftigen Gewitter in Marbach geweckt worden. Das hie\u00df erstmal in Alternativen denken. Als ich um 6:30 Uhr einen Blick zum Himmel riskierte war viel blauer Himmel zu sehen. Um 8:00 Uhr sa\u00df ich auf dem Rad mit dem ersten Teilziel Heilbronn. Es war\u2026","rel":"","context":"In &quot;2011 ALLG\u00c4U - NECKAR&quot;","block_context":{"text":"2011 ALLG\u00c4U - NECKAR","link":"https:\/\/guderley.com\/?cat=14"},"img":{"alt_text":"","src":"","width":0,"height":0},"classes":[]},{"id":866,"url":"https:\/\/guderley.com\/?p=866","url_meta":{"origin":877,"position":1},"title":"15.08.2011  Trauchgau\/Allg\u00e4u  84 km","author":"guenter","date":"August 15, 2011","format":false,"excerpt":"Eine Woche waren wir zu Gast bei unseren Freunden Klaus und Karin in M\u00fcrnsee bei Bad Heilbrunn. Es war eine pfundige Woche, drei Bergtouren (2 mit Marion und 1 mit Julian und seiner Freundin Kim) und ein bisschen Radfahren im Alpenvorland. Heute Morgen habe ich mich dann etwas z\u00f6gerlich aufs\u2026","rel":"","context":"In &quot;2011 ALLG\u00c4U - NECKAR&quot;","block_context":{"text":"2011 ALLG\u00c4U - NECKAR","link":"https:\/\/guderley.com\/?cat=14"},"img":{"alt_text":"","src":"","width":0,"height":0},"classes":[]},{"id":4938,"url":"https:\/\/guderley.com\/?p=4938","url_meta":{"origin":877,"position":2},"title":"MRT 2023 &#8211; 22.05. &#8211; Mo &#8211; Tag 11","author":"guenter","date":"Mai 22, 2023","format":false,"excerpt":"East Dubuque IL - Thomson IL \u2014> 93 km Gesamt: 630 km Ein bisschen f\u00e4llt mir der Abschied von Liesa und Matt schwer - w\u00fcrde mich sehr freuen, wenn ihre Europapl\u00e4ne f\u00fcr 2024 in Erf\u00fcllung gehen und wir uns wiedersehen. Von East Dubuque aus bin ich auf der East Bank,\u2026","rel":"","context":"In &quot;2023 MISSISSIPPI&quot;","block_context":{"text":"2023 MISSISSIPPI","link":"https:\/\/guderley.com\/?cat=34"},"img":{"alt_text":"","src":"https:\/\/i0.wp.com\/guderley.com\/wp-content\/uploads\/img_2971.jpg?fit=899%2C1200&ssl=1&resize=350%2C200","width":350,"height":200,"srcset":"https:\/\/i0.wp.com\/guderley.com\/wp-content\/uploads\/img_2971.jpg?fit=899%2C1200&ssl=1&resize=350%2C200 1x, https:\/\/i0.wp.com\/guderley.com\/wp-content\/uploads\/img_2971.jpg?fit=899%2C1200&ssl=1&resize=525%2C300 1.5x, https:\/\/i0.wp.com\/guderley.com\/wp-content\/uploads\/img_2971.jpg?fit=899%2C1200&ssl=1&resize=700%2C400 2x"},"classes":[]},{"id":2840,"url":"https:\/\/guderley.com\/?p=2840","url_meta":{"origin":877,"position":3},"title":"Tag 25 &#8211; So 21.6.2015 &#8211; 81 km Pr\u00e9h\u00e9rel-Plage \/ Gesamt:  2640 km","author":"guenter","date":"Juni 21, 2015","format":false,"excerpt":"Als ich mein Hotel verlasse sieht es sehr nach Regen aus. Ich ziehe zum dritten Mal auf dieser Tour meine lange \u00dcberhose an. Aus Cancale hinaus geht es gleich gute 150 hm hinauf und da war ich schnell warm. Hatte ich mir gestern in einer netten Bar noch zwei Get\u2026","rel":"","context":"In &quot;2015 BENELUX - FRANKREICH&quot;","block_context":{"text":"2015 BENELUX - FRANKREICH","link":"https:\/\/guderley.com\/?cat=27"},"img":{"alt_text":"","src":"https:\/\/i0.wp.com\/guderley.com\/wp-content\/uploads\/2015\/06\/wpid-Photo-21.06.2015-0433.jpg?resize=350%2C200","width":350,"height":200},"classes":[]},{"id":2496,"url":"https:\/\/guderley.com\/?p=2496","url_meta":{"origin":877,"position":4},"title":"6. Dez. 2014 &#8211; Sa &#8211; 23. Tag","author":"guenter","date":"Dezember 7, 2014","format":false,"excerpt":"Etappe 101 - Nationalpark Torres del Paine - Puerto Natales \/ Lunchtruck50 km - 1600 hm \/ Gesamt: 1760 km\u00a0Das war der Tag der \"Flying Bicycles\" und teilweise Horror pur.Zur Vorgeschichte: Gestern nach einem opulenten Abendessen im Hotelrestaurant sind wir die 800 m zum Camp schon im Sturm gegangen. Zu\u2026","rel":"","context":"In &quot;2014 PATAGONIEN&quot;","block_context":{"text":"2014 PATAGONIEN","link":"https:\/\/guderley.com\/?cat=26"},"img":{"alt_text":"","src":"https:\/\/i0.wp.com\/guderley.com\/wp-content\/uploads\/2014\/12\/wpid-Photo-06.12.2014-1120.jpg?resize=350%2C200","width":350,"height":200},"classes":[]},{"id":875,"url":"https:\/\/guderley.com\/?p=875","url_meta":{"origin":877,"position":5},"title":"17.08.2011  Blaubeuren  337 km","author":"guenter","date":"August 17, 2011","format":false,"excerpt":"Einen strammen Radtag habe ich heute in der \"Dieter Baumann - Stadt\" Blaubeuren ca. 20 km westlich von Ulm beendet. An der Iller entlang ging es den ganzen Weg n\u00f6rdlich bis nach Ulm. Ich kam heute Morgen nach der Abfahrt ins Illertal kaum in die G\u00e4nge. Schwere Beine und \"schwach\"\u2026","rel":"","context":"In &quot;2011 ALLG\u00c4U - NECKAR&quot;","block_context":{"text":"2011 ALLG\u00c4U - NECKAR","link":"https:\/\/guderley.com\/?cat=14"},"img":{"alt_text":"","src":"","width":0,"height":0},"classes":[]}],"_links":{"self":[{"href":"https:\/\/guderley.com\/index.php?rest_route=\/wp\/v2\/posts\/877","targetHints":{"allow":["GET"]}}],"collection":[{"href":"https:\/\/guderley.com\/index.php?rest_route=\/wp\/v2\/posts"}],"about":[{"href":"https:\/\/guderley.com\/index.php?rest_route=\/wp\/v2\/types\/post"}],"author":[{"embeddable":true,"href":"https:\/\/guderley.com\/index.php?rest_route=\/wp\/v2\/users\/2"}],"replies":[{"embeddable":true,"href":"https:\/\/guderley.com\/index.php?rest_route=%2Fwp%2Fv2%2Fcomments&post=877"}],"version-history":[{"count":1,"href":"https:\/\/guderley.com\/index.php?rest_route=\/wp\/v2\/posts\/877\/revisions"}],"predecessor-version":[{"id":878,"href":"https:\/\/guderley.com\/index.php?rest_route=\/wp\/v2\/posts\/877\/revisions\/878"}],"wp:attachment":[{"href":"https:\/\/guderley.com\/index.php?rest_route=%2Fwp%2Fv2%2Fmedia&parent=877"}],"wp:term":[{"taxonomy":"category","embeddable":true,"href":"https:\/\/guderley.com\/index.php?rest_route=%2Fwp%2Fv2%2Fcategories&post=877"},{"taxonomy":"post_tag","embeddable":true,"href":"https:\/\/guderley.com\/index.php?rest_route=%2Fwp%2Fv2%2Ftags&post=877"}],"curies":[{"name":"wp","href":"https:\/\/api.w.org\/{rel}","templated":true}]}}