{"id":875,"date":"2011-08-17T20:31:57","date_gmt":"2011-08-17T19:31:57","guid":{"rendered":"http:\/\/guderley.com\/?p=875"},"modified":"2011-08-17T20:31:57","modified_gmt":"2011-08-17T19:31:57","slug":"17-08-2011-blaubeuren-337-km","status":"publish","type":"post","link":"https:\/\/guderley.com\/?p=875","title":{"rendered":"17.08.2011  Blaubeuren  337 km"},"content":{"rendered":"<p>Einen strammen Radtag habe ich heute in der &#8222;Dieter Baumann &#8211; Stadt&#8220; Blaubeuren ca. 20 km westlich von Ulm beendet. An der Iller entlang ging es den ganzen Weg n\u00f6rdlich bis nach Ulm.<\/p>\n<p>Ich kam heute Morgen nach der Abfahrt ins Illertal kaum in die G\u00e4nge. Schwere Beine und &#8222;schwach&#8220; im Kopf habe ich mich bis ca. 70 km hingequ\u00e4lt. Ein ca halbst\u00fcndiges Nickerchen und dann ein Espresso in Illertissen haben mir auf einmal wieder Druck zur\u00fcckgebracht. <\/p>\n<p>Locker bin ich dann bis Ulm geradelt und weiter an der Blau entlang ins malerische Blaubeuren am Fu\u00dfe der Alb. Im Hotel Ochsen habe ich ein ordentliches Zimmer bezogen, leckere frische Steinpilze gegessen und nach einer Runde durch den Ort den Abend mit FC Bayern &#8211; FC Z\u00fcrich beschlossen.<\/p>\n","protected":false},"excerpt":{"rendered":"<p>Einen strammen Radtag habe ich heute in der &#8222;Dieter Baumann &#8211; Stadt&#8220; Blaubeuren ca. 20 km westlich von Ulm beendet. An der Iller entlang ging es den ganzen Weg n\u00f6rdlich bis nach Ulm. Ich kam heute Morgen nach der Abfahrt ins Illertal kaum in die G\u00e4nge. Schwere Beine und &#8222;schwach&#8220; im Kopf habe ich mich [&hellip;]<\/p>\n","protected":false},"author":2,"featured_media":0,"comment_status":"open","ping_status":"open","sticky":false,"template":"","format":"standard","meta":{"_jetpack_newsletter_access":"","_jetpack_dont_email_post_to_subs":false,"_jetpack_newsletter_tier_id":0,"_jetpack_memberships_contains_paywalled_content":false,"_jetpack_memberships_contains_paid_content":false,"footnotes":""},"categories":[14],"tags":[],"class_list":["post-875","post","type-post","status-publish","format-standard","hentry","category-2011-allgau"],"yoast_head":"<!-- This site is optimized with the Yoast SEO plugin v25.8 - https:\/\/yoast.com\/wordpress\/plugins\/seo\/ -->\n<title>17.08.2011 Blaubeuren 337 km - G\u00fcnter&#039;s Blog<\/title>\n<meta name=\"robots\" content=\"index, follow, max-snippet:-1, max-image-preview:large, max-video-preview:-1\" \/>\n<link rel=\"canonical\" href=\"https:\/\/guderley.com\/?p=875\" \/>\n<meta property=\"og:locale\" content=\"de_DE\" \/>\n<meta property=\"og:type\" content=\"article\" \/>\n<meta property=\"og:title\" content=\"17.08.2011 Blaubeuren 337 km - G\u00fcnter&#039;s Blog\" \/>\n<meta property=\"og:description\" content=\"Einen strammen Radtag habe ich heute in der &#8222;Dieter Baumann &#8211; Stadt&#8220; Blaubeuren ca. 20 km westlich von Ulm beendet. An der Iller entlang ging es den ganzen Weg n\u00f6rdlich bis nach Ulm. Ich kam heute Morgen nach der Abfahrt ins Illertal kaum in die G\u00e4nge. Schwere Beine und &#8222;schwach&#8220; im Kopf habe ich mich [&hellip;]\" \/>\n<meta property=\"og:url\" content=\"https:\/\/guderley.com\/?p=875\" \/>\n<meta property=\"og:site_name\" content=\"G\u00fcnter&#039;s Blog\" \/>\n<meta property=\"article:published_time\" content=\"2011-08-17T19:31:57+00:00\" \/>\n<meta property=\"og:image\" content=\"https:\/\/i0.wp.com\/guderley.com\/wp-content\/uploads\/img_7992-scaled.jpg?fit=2560%2C1920&ssl=1\" \/>\n\t<meta property=\"og:image:width\" content=\"2560\" \/>\n\t<meta property=\"og:image:height\" content=\"1920\" \/>\n\t<meta property=\"og:image:type\" content=\"image\/jpeg\" \/>\n<meta name=\"author\" content=\"guenter\" \/>\n<meta name=\"twitter:card\" content=\"summary_large_image\" \/>\n<meta name=\"twitter:label1\" content=\"Verfasst von\" \/>\n\t<meta name=\"twitter:data1\" content=\"guenter\" \/>\n\t<meta name=\"twitter:label2\" content=\"Gesch\u00e4tzte Lesezeit\" \/>\n\t<meta name=\"twitter:data2\" content=\"1\u00a0Minute\" \/>\n<script type=\"application\/ld+json\" class=\"yoast-schema-graph\">{\"@context\":\"https:\/\/schema.org\",\"@graph\":[{\"@type\":\"Article\",\"@id\":\"https:\/\/guderley.com\/?p=875#article\",\"isPartOf\":{\"@id\":\"https:\/\/guderley.com\/?p=875\"},\"author\":{\"name\":\"guenter\",\"@id\":\"https:\/\/guderley.com\/#\/schema\/person\/24a827645a6fedd3481426a7028dfdcd\"},\"headline\":\"17.08.2011 Blaubeuren 337 km\",\"datePublished\":\"2011-08-17T19:31:57+00:00\",\"mainEntityOfPage\":{\"@id\":\"https:\/\/guderley.com\/?p=875\"},\"wordCount\":133,\"commentCount\":0,\"publisher\":{\"@id\":\"https:\/\/guderley.com\/#\/schema\/person\/24a827645a6fedd3481426a7028dfdcd\"},\"articleSection\":[\"2011 ALLG\u00c4U - NECKAR\"],\"inLanguage\":\"de\",\"potentialAction\":[{\"@type\":\"CommentAction\",\"name\":\"Comment\",\"target\":[\"https:\/\/guderley.com\/?p=875#respond\"]}]},{\"@type\":\"WebPage\",\"@id\":\"https:\/\/guderley.com\/?p=875\",\"url\":\"https:\/\/guderley.com\/?p=875\",\"name\":\"17.08.2011 Blaubeuren 337 km - G\u00fcnter&#039;s Blog\",\"isPartOf\":{\"@id\":\"https:\/\/guderley.com\/#website\"},\"datePublished\":\"2011-08-17T19:31:57+00:00\",\"breadcrumb\":{\"@id\":\"https:\/\/guderley.com\/?p=875#breadcrumb\"},\"inLanguage\":\"de\",\"potentialAction\":[{\"@type\":\"ReadAction\",\"target\":[\"https:\/\/guderley.com\/?p=875\"]}]},{\"@type\":\"BreadcrumbList\",\"@id\":\"https:\/\/guderley.com\/?p=875#breadcrumb\",\"itemListElement\":[{\"@type\":\"ListItem\",\"position\":1,\"name\":\"Startseite\",\"item\":\"https:\/\/guderley.com\/\"},{\"@type\":\"ListItem\",\"position\":2,\"name\":\"17.08.2011 Blaubeuren 337 km\"}]},{\"@type\":\"WebSite\",\"@id\":\"https:\/\/guderley.com\/#website\",\"url\":\"https:\/\/guderley.com\/\",\"name\":\"G\u00fcnter's Blog\",\"description\":\"Fahrrad Touren rund um die Welt\",\"publisher\":{\"@id\":\"https:\/\/guderley.com\/#\/schema\/person\/24a827645a6fedd3481426a7028dfdcd\"},\"alternateName\":\"G\u00fcnter's Blog\",\"potentialAction\":[{\"@type\":\"SearchAction\",\"target\":{\"@type\":\"EntryPoint\",\"urlTemplate\":\"https:\/\/guderley.com\/?s={search_term_string}\"},\"query-input\":{\"@type\":\"PropertyValueSpecification\",\"valueRequired\":true,\"valueName\":\"search_term_string\"}}],\"inLanguage\":\"de\"},{\"@type\":[\"Person\",\"Organization\"],\"@id\":\"https:\/\/guderley.com\/#\/schema\/person\/24a827645a6fedd3481426a7028dfdcd\",\"name\":\"guenter\",\"image\":{\"@type\":\"ImageObject\",\"inLanguage\":\"de\",\"@id\":\"https:\/\/guderley.com\/#\/schema\/person\/image\/\",\"url\":\"https:\/\/i0.wp.com\/guderley.com\/wp-content\/uploads\/img_8008-scaled.jpg?fit=1920%2C2560\",\"contentUrl\":\"https:\/\/i0.wp.com\/guderley.com\/wp-content\/uploads\/img_8008-scaled.jpg?fit=1920%2C2560\",\"width\":1920,\"height\":2560,\"caption\":\"guenter\"},\"logo\":{\"@id\":\"https:\/\/guderley.com\/#\/schema\/person\/image\/\"},\"sameAs\":[\"http:\/\/guderley.com\/blog\"],\"url\":\"https:\/\/guderley.com\/?author=2\"}]}<\/script>\n<!-- \/ Yoast SEO plugin. -->","yoast_head_json":{"title":"17.08.2011 Blaubeuren 337 km - G\u00fcnter&#039;s Blog","robots":{"index":"index","follow":"follow","max-snippet":"max-snippet:-1","max-image-preview":"max-image-preview:large","max-video-preview":"max-video-preview:-1"},"canonical":"https:\/\/guderley.com\/?p=875","og_locale":"de_DE","og_type":"article","og_title":"17.08.2011 Blaubeuren 337 km - G\u00fcnter&#039;s Blog","og_description":"Einen strammen Radtag habe ich heute in der &#8222;Dieter Baumann &#8211; Stadt&#8220; Blaubeuren ca. 20 km westlich von Ulm beendet. An der Iller entlang ging es den ganzen Weg n\u00f6rdlich bis nach Ulm. Ich kam heute Morgen nach der Abfahrt ins Illertal kaum in die G\u00e4nge. Schwere Beine und &#8222;schwach&#8220; im Kopf habe ich mich [&hellip;]","og_url":"https:\/\/guderley.com\/?p=875","og_site_name":"G\u00fcnter&#039;s Blog","article_published_time":"2011-08-17T19:31:57+00:00","og_image":[{"width":2560,"height":1920,"url":"https:\/\/i0.wp.com\/guderley.com\/wp-content\/uploads\/img_7992-scaled.jpg?fit=2560%2C1920&ssl=1","type":"image\/jpeg"}],"author":"guenter","twitter_card":"summary_large_image","twitter_misc":{"Verfasst von":"guenter","Gesch\u00e4tzte Lesezeit":"1\u00a0Minute"},"schema":{"@context":"https:\/\/schema.org","@graph":[{"@type":"Article","@id":"https:\/\/guderley.com\/?p=875#article","isPartOf":{"@id":"https:\/\/guderley.com\/?p=875"},"author":{"name":"guenter","@id":"https:\/\/guderley.com\/#\/schema\/person\/24a827645a6fedd3481426a7028dfdcd"},"headline":"17.08.2011 Blaubeuren 337 km","datePublished":"2011-08-17T19:31:57+00:00","mainEntityOfPage":{"@id":"https:\/\/guderley.com\/?p=875"},"wordCount":133,"commentCount":0,"publisher":{"@id":"https:\/\/guderley.com\/#\/schema\/person\/24a827645a6fedd3481426a7028dfdcd"},"articleSection":["2011 ALLG\u00c4U - NECKAR"],"inLanguage":"de","potentialAction":[{"@type":"CommentAction","name":"Comment","target":["https:\/\/guderley.com\/?p=875#respond"]}]},{"@type":"WebPage","@id":"https:\/\/guderley.com\/?p=875","url":"https:\/\/guderley.com\/?p=875","name":"17.08.2011 Blaubeuren 337 km - G\u00fcnter&#039;s Blog","isPartOf":{"@id":"https:\/\/guderley.com\/#website"},"datePublished":"2011-08-17T19:31:57+00:00","breadcrumb":{"@id":"https:\/\/guderley.com\/?p=875#breadcrumb"},"inLanguage":"de","potentialAction":[{"@type":"ReadAction","target":["https:\/\/guderley.com\/?p=875"]}]},{"@type":"BreadcrumbList","@id":"https:\/\/guderley.com\/?p=875#breadcrumb","itemListElement":[{"@type":"ListItem","position":1,"name":"Startseite","item":"https:\/\/guderley.com\/"},{"@type":"ListItem","position":2,"name":"17.08.2011 Blaubeuren 337 km"}]},{"@type":"WebSite","@id":"https:\/\/guderley.com\/#website","url":"https:\/\/guderley.com\/","name":"G\u00fcnter's Blog","description":"Fahrrad Touren rund um die Welt","publisher":{"@id":"https:\/\/guderley.com\/#\/schema\/person\/24a827645a6fedd3481426a7028dfdcd"},"alternateName":"G\u00fcnter's Blog","potentialAction":[{"@type":"SearchAction","target":{"@type":"EntryPoint","urlTemplate":"https:\/\/guderley.com\/?s={search_term_string}"},"query-input":{"@type":"PropertyValueSpecification","valueRequired":true,"valueName":"search_term_string"}}],"inLanguage":"de"},{"@type":["Person","Organization"],"@id":"https:\/\/guderley.com\/#\/schema\/person\/24a827645a6fedd3481426a7028dfdcd","name":"guenter","image":{"@type":"ImageObject","inLanguage":"de","@id":"https:\/\/guderley.com\/#\/schema\/person\/image\/","url":"https:\/\/i0.wp.com\/guderley.com\/wp-content\/uploads\/img_8008-scaled.jpg?fit=1920%2C2560","contentUrl":"https:\/\/i0.wp.com\/guderley.com\/wp-content\/uploads\/img_8008-scaled.jpg?fit=1920%2C2560","width":1920,"height":2560,"caption":"guenter"},"logo":{"@id":"https:\/\/guderley.com\/#\/schema\/person\/image\/"},"sameAs":["http:\/\/guderley.com\/blog"],"url":"https:\/\/guderley.com\/?author=2"}]}},"jetpack_featured_media_url":"","jetpack_sharing_enabled":true,"jetpack_shortlink":"https:\/\/wp.me\/p9IuXF-e7","jetpack_likes_enabled":true,"jetpack-related-posts":[{"id":83,"url":"https:\/\/guderley.com\/?p=83","url_meta":{"origin":875,"position":0},"title":"3. Tag  14. April 2010","author":"guenter","date":"April 23, 2010","format":false,"excerpt":"G\u00f6ppingen - Albaufstieg - Bad Ditzenbach - Nellingen - Dornstadt - Ulm = 62 km \/ gesch\u00e4tzte 600 HM Ankunft: ca. 16:00 Uhr \u00dcbernachtung privat bei Julian Wetter: Nebel, weitgehend trocken, kurz vor Ulm klatschna\u00df geworden \/ 5 - 8 Grad Gleich nach G\u00f6ppingen k\u00e4mpfe ich mich im Nebel die\u2026","rel":"","context":"In &quot;2014 PATAGONIEN&quot;","block_context":{"text":"2014 PATAGONIEN","link":"https:\/\/guderley.com\/?cat=26"},"img":{"alt_text":"","src":"https:\/\/i0.wp.com\/guderley.com\/wp-content\/uploads\/2010\/04\/IMGP0014.jpg?resize=350%2C200","width":350,"height":200},"classes":[]},{"id":2706,"url":"https:\/\/guderley.com\/?p=2706","url_meta":{"origin":875,"position":1},"title":"Tag 7 &#8211;  Mi 3.6.2015 \/ 118 km Lathen &#8211; Termunterzijl \/ NL \/                  Gesamt: 798 km","author":"guenter","date":"Juni 4, 2015","format":false,"excerpt":"Nach regnerischer Nacht war witziger Weise morgens mein Zelt fast trocken, bedingt durch den starken Wind. Der Mittwoch versprach gutes Wetter und tats\u00e4chlich im Laufe des Tages verschwanden nach und nach alle Wolken und am Sp\u00e4tnachmittag war der Himmel strahlend blau.Rein radtechnisch gibt es heute nichts zu berichten. Entlang der\u2026","rel":"","context":"In &quot;2015 BENELUX - FRANKREICH&quot;","block_context":{"text":"2015 BENELUX - FRANKREICH","link":"https:\/\/guderley.com\/?cat=27"},"img":{"alt_text":"","src":"https:\/\/i0.wp.com\/guderley.com\/wp-content\/uploads\/2015\/06\/wpid-Photo-03.06.2015-0811.jpg?resize=350%2C200","width":350,"height":200},"classes":[]},{"id":1897,"url":"https:\/\/guderley.com\/?p=1897","url_meta":{"origin":875,"position":2},"title":"Junsele  &#8211;  Tag 22  &#8211;  Montag, 3. Juni","author":"guenter","date":"Juni 3, 2013","format":false,"excerpt":"147 km \/ 1321 hm \/ 9:41 h - Gesamt 2150 km \/ 12585 hm \/ 131:45 h Fr\u00f6hlich bin ich in kurzer Montur heute Morgen aus Bjornkudden weggeradelt. Die Wettervorhersage war eindeutig auf sonnig ausgerichtet. Nach einer halben Stunde musste ich schon etwas w\u00e4rmere Teile dar\u00fcber ziehen und nach\u2026","rel":"","context":"In &quot;2013 NORDKAPP&quot;","block_context":{"text":"2013 NORDKAPP","link":"https:\/\/guderley.com\/?cat=23"},"img":{"alt_text":"","src":"https:\/\/i0.wp.com\/guderley.com\/wp-content\/uploads\/2013\/06\/wpid-Photo-03.06.2013-1431.jpg?resize=350%2C200","width":350,"height":200},"classes":[]},{"id":6094,"url":"https:\/\/guderley.com\/?p=6094","url_meta":{"origin":875,"position":3},"title":"ST &#8211; Tag 1 &#8211; 16.02. \/ San Diego to Alpine \/ 73 km &#8211; 900 hm &#8211; 6:55 h Gesamt: 123 km \/ 1387 hm \/ 10:45 h","author":"guenter","date":"Februar 17, 2025","format":false,"excerpt":"Ich habe mich in dem AirBnB im Stadteil Pacific Beach sehr wohlgef\u00fchlt - gut ausgeschlafen verlasse ich kurz nach 7 Uhr das Haus. Zwei km radeln und ich bin an der K\u00fcste - um diese Uhrzeit sind hunderte von Leuten unterwegs - joggen, surfen und spazieren gehen steht hoch im\u2026","rel":"","context":"In &quot;2025_Southern Tier - San Diego nach Austin&quot;","block_context":{"text":"2025_Southern Tier - San Diego nach Austin","link":"https:\/\/guderley.com\/?cat=36"},"img":{"alt_text":"","src":"https:\/\/i0.wp.com\/guderley.com\/wp-content\/uploads\/img_8805.jpg?resize=350%2C200","width":350,"height":200,"srcset":"https:\/\/i0.wp.com\/guderley.com\/wp-content\/uploads\/img_8805.jpg?resize=350%2C200 1x, https:\/\/i0.wp.com\/guderley.com\/wp-content\/uploads\/img_8805.jpg?resize=525%2C300 1.5x, https:\/\/i0.wp.com\/guderley.com\/wp-content\/uploads\/img_8805.jpg?resize=700%2C400 2x, https:\/\/i0.wp.com\/guderley.com\/wp-content\/uploads\/img_8805.jpg?resize=1050%2C600 3x, https:\/\/i0.wp.com\/guderley.com\/wp-content\/uploads\/img_8805.jpg?resize=1400%2C800 4x"},"classes":[]},{"id":2214,"url":"https:\/\/guderley.com\/?p=2214","url_meta":{"origin":875,"position":4},"title":"11. Nov. 2014 &#8211; Di &#8211; Anreise Teil 2","author":"guenter","date":"November 11, 2014","format":false,"excerpt":"Mit viel Zeit konnte ich dem Flug nach Bariloche entgegensehen. Am Flu\u00dfufer des La Plata habe ich mir noch ein erstes argentinisches Bier geg\u00f6nnt und das im gesamten Flughafenbereich freie und schnelle WiFi gen\u00fctzt. Die Maschine ist \u00fcbersichtlich besetzt und bei herrlichem Sonnenschein fliegen wir die rund zwei Stunden nach\u2026","rel":"","context":"In &quot;2014 PATAGONIEN&quot;","block_context":{"text":"2014 PATAGONIEN","link":"https:\/\/guderley.com\/?cat=26"},"img":{"alt_text":"Mit Blogsy ver\u00f6ffentlicht","src":"https:\/\/i0.wp.com\/blogsyapp.com\/images\/blogsy_footer_icon.png?resize=350%2C200","width":350,"height":200},"classes":[]},{"id":2753,"url":"https:\/\/guderley.com\/?p=2753","url_meta":{"origin":875,"position":5},"title":"Tag 14 &#8211; 114 km Bredene &#8211; Grand-Fort Phillippe \/ Gesamt:  1564 km","author":"guenter","date":"Juni 11, 2015","format":false,"excerpt":"Bin heute erst um 8:30 Uhr aufgewacht ! Also relaxed in den Tag starten.Gegen 10 Uhr habe ich den Campingplatz t'Minne verlassen und bin nach Ostende an die Strandpromenade geradelt.Der Wind hat gepfiffen und kaum Menschen auf den Beinen. Ein Capuccino in einer der wenigen ge\u00f6ffneten Bars und dann war\u2026","rel":"","context":"In &quot;2015 BENELUX - FRANKREICH&quot;","block_context":{"text":"2015 BENELUX - FRANKREICH","link":"https:\/\/guderley.com\/?cat=27"},"img":{"alt_text":"","src":"https:\/\/i0.wp.com\/guderley.com\/wp-content\/uploads\/2015\/06\/wpid-Photo-10.06.2015-0516.jpg?resize=350%2C200","width":350,"height":200},"classes":[]}],"_links":{"self":[{"href":"https:\/\/guderley.com\/index.php?rest_route=\/wp\/v2\/posts\/875","targetHints":{"allow":["GET"]}}],"collection":[{"href":"https:\/\/guderley.com\/index.php?rest_route=\/wp\/v2\/posts"}],"about":[{"href":"https:\/\/guderley.com\/index.php?rest_route=\/wp\/v2\/types\/post"}],"author":[{"embeddable":true,"href":"https:\/\/guderley.com\/index.php?rest_route=\/wp\/v2\/users\/2"}],"replies":[{"embeddable":true,"href":"https:\/\/guderley.com\/index.php?rest_route=%2Fwp%2Fv2%2Fcomments&post=875"}],"version-history":[{"count":1,"href":"https:\/\/guderley.com\/index.php?rest_route=\/wp\/v2\/posts\/875\/revisions"}],"predecessor-version":[{"id":876,"href":"https:\/\/guderley.com\/index.php?rest_route=\/wp\/v2\/posts\/875\/revisions\/876"}],"wp:attachment":[{"href":"https:\/\/guderley.com\/index.php?rest_route=%2Fwp%2Fv2%2Fmedia&parent=875"}],"wp:term":[{"taxonomy":"category","embeddable":true,"href":"https:\/\/guderley.com\/index.php?rest_route=%2Fwp%2Fv2%2Fcategories&post=875"},{"taxonomy":"post_tag","embeddable":true,"href":"https:\/\/guderley.com\/index.php?rest_route=%2Fwp%2Fv2%2Ftags&post=875"}],"curies":[{"name":"wp","href":"https:\/\/api.w.org\/{rel}","templated":true}]}}