{"id":868,"date":"2011-08-16T19:47:06","date_gmt":"2011-08-16T18:47:06","guid":{"rendered":"http:\/\/guderley.com\/?p=868"},"modified":"2011-08-16T19:53:18","modified_gmt":"2011-08-16T18:53:18","slug":"16-08-2011-haldenwang-202-km","status":"publish","type":"post","link":"https:\/\/guderley.com\/?p=868","title":{"rendered":"16.08.2011  Haldenwang  202 km"},"content":{"rendered":"<p>Ein sensationeller Bike-Tag war das heute. Den ganzen Tag quer durch das Allg\u00e4u, vom Ostallg\u00e4u ins Oberallg\u00e4u und runter ins Illertal. Neuschwanstein und Hohenschwangau wie hingemalt. Aus F\u00fcssen bin ich allerdings gleich wieder gefl\u00fcchtet, die Stadt war zum Bersten voll mit Besuchern. Die H\u00f6henmeter habe ich gottseidank nicht gez\u00e4hlt, aber 2000 waren es locker. Eine grandiose Abfahrt hinab in Richtung Immenstadt und dabei den Gr\u00fcnten for Augen.<\/p>\n<p>Gegen 18:00 Uhr entscheide ich mich f\u00fcr eine \u00dcbernachtung in Kempten. Ich steuere den F\u00fcrstenhof an und bekomme erkl\u00e4rt, dass im ganzen Raum Kempten keine Zimmer frei sind, da die Allg\u00e4uer Festwoche als Publikumsmagnet alle Kapazit\u00e4ten fordert. Na primel ! <\/p>\n<p>Der nette junge Mann im F\u00fcrstenhof klemmt sich ans Telefon und organisiert mir ein Zimmer im Hotel H\u00f6henblick in Haldenwang, ungef\u00e4hr 15 km nord\u00f6stlich von Kempten und wie der Name vermuten l\u00e4sst ziemlich auf der H\u00f6he. Was soll&#8217;s, gegen 19:30 Uhr checke ich ein, ein einfaches ordentliches Haus mit guter K\u00fcche. Von meinem Bett aus kann ich gigantisch weit gucken. Was braucht der Mensch mehr. Und morgen fr\u00fch heisst das eine Superabfahrt hinunter ins Tal der Iller.<\/p>\n","protected":false},"excerpt":{"rendered":"<p>Ein sensationeller Bike-Tag war das heute. Den ganzen Tag quer durch das Allg\u00e4u, vom Ostallg\u00e4u ins Oberallg\u00e4u und runter ins Illertal. Neuschwanstein und Hohenschwangau wie hingemalt. Aus F\u00fcssen bin ich allerdings gleich wieder gefl\u00fcchtet, die Stadt war zum Bersten voll mit Besuchern. Die H\u00f6henmeter habe ich gottseidank nicht gez\u00e4hlt, aber 2000 waren es locker. Eine [&hellip;]<\/p>\n","protected":false},"author":2,"featured_media":0,"comment_status":"open","ping_status":"open","sticky":false,"template":"","format":"standard","meta":{"_jetpack_newsletter_access":"","_jetpack_dont_email_post_to_subs":false,"_jetpack_newsletter_tier_id":0,"_jetpack_memberships_contains_paywalled_content":false,"_jetpack_memberships_contains_paid_content":false,"footnotes":""},"categories":[14],"tags":[],"class_list":["post-868","post","type-post","status-publish","format-standard","hentry","category-2011-allgau"],"yoast_head":"<!-- This site is optimized with the Yoast SEO plugin v25.8 - https:\/\/yoast.com\/wordpress\/plugins\/seo\/ -->\n<title>16.08.2011 Haldenwang 202 km - G\u00fcnter&#039;s Blog<\/title>\n<meta name=\"robots\" content=\"index, follow, max-snippet:-1, max-image-preview:large, max-video-preview:-1\" \/>\n<link rel=\"canonical\" href=\"https:\/\/guderley.com\/?p=868\" \/>\n<meta property=\"og:locale\" content=\"de_DE\" \/>\n<meta property=\"og:type\" content=\"article\" \/>\n<meta property=\"og:title\" content=\"16.08.2011 Haldenwang 202 km - G\u00fcnter&#039;s Blog\" \/>\n<meta property=\"og:description\" content=\"Ein sensationeller Bike-Tag war das heute. Den ganzen Tag quer durch das Allg\u00e4u, vom Ostallg\u00e4u ins Oberallg\u00e4u und runter ins Illertal. Neuschwanstein und Hohenschwangau wie hingemalt. Aus F\u00fcssen bin ich allerdings gleich wieder gefl\u00fcchtet, die Stadt war zum Bersten voll mit Besuchern. Die H\u00f6henmeter habe ich gottseidank nicht gez\u00e4hlt, aber 2000 waren es locker. Eine [&hellip;]\" \/>\n<meta property=\"og:url\" content=\"https:\/\/guderley.com\/?p=868\" \/>\n<meta property=\"og:site_name\" content=\"G\u00fcnter&#039;s Blog\" \/>\n<meta property=\"article:published_time\" content=\"2011-08-16T18:47:06+00:00\" \/>\n<meta property=\"article:modified_time\" content=\"2011-08-16T18:53:18+00:00\" \/>\n<meta property=\"og:image\" content=\"https:\/\/i0.wp.com\/guderley.com\/wp-content\/uploads\/img_7992-scaled.jpg?fit=2560%2C1920&ssl=1\" \/>\n\t<meta property=\"og:image:width\" content=\"2560\" \/>\n\t<meta property=\"og:image:height\" content=\"1920\" \/>\n\t<meta property=\"og:image:type\" content=\"image\/jpeg\" \/>\n<meta name=\"author\" content=\"guenter\" \/>\n<meta name=\"twitter:card\" content=\"summary_large_image\" \/>\n<meta name=\"twitter:label1\" content=\"Verfasst von\" \/>\n\t<meta name=\"twitter:data1\" content=\"guenter\" \/>\n\t<meta name=\"twitter:label2\" content=\"Gesch\u00e4tzte Lesezeit\" \/>\n\t<meta name=\"twitter:data2\" content=\"1\u00a0Minute\" \/>\n<script type=\"application\/ld+json\" class=\"yoast-schema-graph\">{\"@context\":\"https:\/\/schema.org\",\"@graph\":[{\"@type\":\"Article\",\"@id\":\"https:\/\/guderley.com\/?p=868#article\",\"isPartOf\":{\"@id\":\"https:\/\/guderley.com\/?p=868\"},\"author\":{\"name\":\"guenter\",\"@id\":\"https:\/\/guderley.com\/#\/schema\/person\/24a827645a6fedd3481426a7028dfdcd\"},\"headline\":\"16.08.2011 Haldenwang 202 km\",\"datePublished\":\"2011-08-16T18:47:06+00:00\",\"dateModified\":\"2011-08-16T18:53:18+00:00\",\"mainEntityOfPage\":{\"@id\":\"https:\/\/guderley.com\/?p=868\"},\"wordCount\":202,\"commentCount\":0,\"publisher\":{\"@id\":\"https:\/\/guderley.com\/#\/schema\/person\/24a827645a6fedd3481426a7028dfdcd\"},\"articleSection\":[\"2011 ALLG\u00c4U - NECKAR\"],\"inLanguage\":\"de\",\"potentialAction\":[{\"@type\":\"CommentAction\",\"name\":\"Comment\",\"target\":[\"https:\/\/guderley.com\/?p=868#respond\"]}]},{\"@type\":\"WebPage\",\"@id\":\"https:\/\/guderley.com\/?p=868\",\"url\":\"https:\/\/guderley.com\/?p=868\",\"name\":\"16.08.2011 Haldenwang 202 km - G\u00fcnter&#039;s Blog\",\"isPartOf\":{\"@id\":\"https:\/\/guderley.com\/#website\"},\"datePublished\":\"2011-08-16T18:47:06+00:00\",\"dateModified\":\"2011-08-16T18:53:18+00:00\",\"breadcrumb\":{\"@id\":\"https:\/\/guderley.com\/?p=868#breadcrumb\"},\"inLanguage\":\"de\",\"potentialAction\":[{\"@type\":\"ReadAction\",\"target\":[\"https:\/\/guderley.com\/?p=868\"]}]},{\"@type\":\"BreadcrumbList\",\"@id\":\"https:\/\/guderley.com\/?p=868#breadcrumb\",\"itemListElement\":[{\"@type\":\"ListItem\",\"position\":1,\"name\":\"Startseite\",\"item\":\"https:\/\/guderley.com\/\"},{\"@type\":\"ListItem\",\"position\":2,\"name\":\"16.08.2011 Haldenwang 202 km\"}]},{\"@type\":\"WebSite\",\"@id\":\"https:\/\/guderley.com\/#website\",\"url\":\"https:\/\/guderley.com\/\",\"name\":\"G\u00fcnter's Blog\",\"description\":\"Fahrrad Touren rund um die Welt\",\"publisher\":{\"@id\":\"https:\/\/guderley.com\/#\/schema\/person\/24a827645a6fedd3481426a7028dfdcd\"},\"alternateName\":\"G\u00fcnter's Blog\",\"potentialAction\":[{\"@type\":\"SearchAction\",\"target\":{\"@type\":\"EntryPoint\",\"urlTemplate\":\"https:\/\/guderley.com\/?s={search_term_string}\"},\"query-input\":{\"@type\":\"PropertyValueSpecification\",\"valueRequired\":true,\"valueName\":\"search_term_string\"}}],\"inLanguage\":\"de\"},{\"@type\":[\"Person\",\"Organization\"],\"@id\":\"https:\/\/guderley.com\/#\/schema\/person\/24a827645a6fedd3481426a7028dfdcd\",\"name\":\"guenter\",\"image\":{\"@type\":\"ImageObject\",\"inLanguage\":\"de\",\"@id\":\"https:\/\/guderley.com\/#\/schema\/person\/image\/\",\"url\":\"https:\/\/i0.wp.com\/guderley.com\/wp-content\/uploads\/img_8008-scaled.jpg?fit=1920%2C2560\",\"contentUrl\":\"https:\/\/i0.wp.com\/guderley.com\/wp-content\/uploads\/img_8008-scaled.jpg?fit=1920%2C2560\",\"width\":1920,\"height\":2560,\"caption\":\"guenter\"},\"logo\":{\"@id\":\"https:\/\/guderley.com\/#\/schema\/person\/image\/\"},\"sameAs\":[\"http:\/\/guderley.com\/blog\"],\"url\":\"https:\/\/guderley.com\/?author=2\"}]}<\/script>\n<!-- \/ Yoast SEO plugin. -->","yoast_head_json":{"title":"16.08.2011 Haldenwang 202 km - G\u00fcnter&#039;s Blog","robots":{"index":"index","follow":"follow","max-snippet":"max-snippet:-1","max-image-preview":"max-image-preview:large","max-video-preview":"max-video-preview:-1"},"canonical":"https:\/\/guderley.com\/?p=868","og_locale":"de_DE","og_type":"article","og_title":"16.08.2011 Haldenwang 202 km - G\u00fcnter&#039;s Blog","og_description":"Ein sensationeller Bike-Tag war das heute. Den ganzen Tag quer durch das Allg\u00e4u, vom Ostallg\u00e4u ins Oberallg\u00e4u und runter ins Illertal. Neuschwanstein und Hohenschwangau wie hingemalt. Aus F\u00fcssen bin ich allerdings gleich wieder gefl\u00fcchtet, die Stadt war zum Bersten voll mit Besuchern. Die H\u00f6henmeter habe ich gottseidank nicht gez\u00e4hlt, aber 2000 waren es locker. Eine [&hellip;]","og_url":"https:\/\/guderley.com\/?p=868","og_site_name":"G\u00fcnter&#039;s Blog","article_published_time":"2011-08-16T18:47:06+00:00","article_modified_time":"2011-08-16T18:53:18+00:00","og_image":[{"width":2560,"height":1920,"url":"https:\/\/i0.wp.com\/guderley.com\/wp-content\/uploads\/img_7992-scaled.jpg?fit=2560%2C1920&ssl=1","type":"image\/jpeg"}],"author":"guenter","twitter_card":"summary_large_image","twitter_misc":{"Verfasst von":"guenter","Gesch\u00e4tzte Lesezeit":"1\u00a0Minute"},"schema":{"@context":"https:\/\/schema.org","@graph":[{"@type":"Article","@id":"https:\/\/guderley.com\/?p=868#article","isPartOf":{"@id":"https:\/\/guderley.com\/?p=868"},"author":{"name":"guenter","@id":"https:\/\/guderley.com\/#\/schema\/person\/24a827645a6fedd3481426a7028dfdcd"},"headline":"16.08.2011 Haldenwang 202 km","datePublished":"2011-08-16T18:47:06+00:00","dateModified":"2011-08-16T18:53:18+00:00","mainEntityOfPage":{"@id":"https:\/\/guderley.com\/?p=868"},"wordCount":202,"commentCount":0,"publisher":{"@id":"https:\/\/guderley.com\/#\/schema\/person\/24a827645a6fedd3481426a7028dfdcd"},"articleSection":["2011 ALLG\u00c4U - NECKAR"],"inLanguage":"de","potentialAction":[{"@type":"CommentAction","name":"Comment","target":["https:\/\/guderley.com\/?p=868#respond"]}]},{"@type":"WebPage","@id":"https:\/\/guderley.com\/?p=868","url":"https:\/\/guderley.com\/?p=868","name":"16.08.2011 Haldenwang 202 km - G\u00fcnter&#039;s Blog","isPartOf":{"@id":"https:\/\/guderley.com\/#website"},"datePublished":"2011-08-16T18:47:06+00:00","dateModified":"2011-08-16T18:53:18+00:00","breadcrumb":{"@id":"https:\/\/guderley.com\/?p=868#breadcrumb"},"inLanguage":"de","potentialAction":[{"@type":"ReadAction","target":["https:\/\/guderley.com\/?p=868"]}]},{"@type":"BreadcrumbList","@id":"https:\/\/guderley.com\/?p=868#breadcrumb","itemListElement":[{"@type":"ListItem","position":1,"name":"Startseite","item":"https:\/\/guderley.com\/"},{"@type":"ListItem","position":2,"name":"16.08.2011 Haldenwang 202 km"}]},{"@type":"WebSite","@id":"https:\/\/guderley.com\/#website","url":"https:\/\/guderley.com\/","name":"G\u00fcnter's Blog","description":"Fahrrad Touren rund um die Welt","publisher":{"@id":"https:\/\/guderley.com\/#\/schema\/person\/24a827645a6fedd3481426a7028dfdcd"},"alternateName":"G\u00fcnter's Blog","potentialAction":[{"@type":"SearchAction","target":{"@type":"EntryPoint","urlTemplate":"https:\/\/guderley.com\/?s={search_term_string}"},"query-input":{"@type":"PropertyValueSpecification","valueRequired":true,"valueName":"search_term_string"}}],"inLanguage":"de"},{"@type":["Person","Organization"],"@id":"https:\/\/guderley.com\/#\/schema\/person\/24a827645a6fedd3481426a7028dfdcd","name":"guenter","image":{"@type":"ImageObject","inLanguage":"de","@id":"https:\/\/guderley.com\/#\/schema\/person\/image\/","url":"https:\/\/i0.wp.com\/guderley.com\/wp-content\/uploads\/img_8008-scaled.jpg?fit=1920%2C2560","contentUrl":"https:\/\/i0.wp.com\/guderley.com\/wp-content\/uploads\/img_8008-scaled.jpg?fit=1920%2C2560","width":1920,"height":2560,"caption":"guenter"},"logo":{"@id":"https:\/\/guderley.com\/#\/schema\/person\/image\/"},"sameAs":["http:\/\/guderley.com\/blog"],"url":"https:\/\/guderley.com\/?author=2"}]}},"jetpack_featured_media_url":"","jetpack_sharing_enabled":true,"jetpack_shortlink":"https:\/\/wp.me\/p9IuXF-e0","jetpack_likes_enabled":true,"jetpack-related-posts":[{"id":875,"url":"https:\/\/guderley.com\/?p=875","url_meta":{"origin":868,"position":0},"title":"17.08.2011  Blaubeuren  337 km","author":"guenter","date":"August 17, 2011","format":false,"excerpt":"Einen strammen Radtag habe ich heute in der \"Dieter Baumann - Stadt\" Blaubeuren ca. 20 km westlich von Ulm beendet. An der Iller entlang ging es den ganzen Weg n\u00f6rdlich bis nach Ulm. Ich kam heute Morgen nach der Abfahrt ins Illertal kaum in die G\u00e4nge. Schwere Beine und \"schwach\"\u2026","rel":"","context":"In &quot;2011 ALLG\u00c4U - NECKAR&quot;","block_context":{"text":"2011 ALLG\u00c4U - NECKAR","link":"https:\/\/guderley.com\/?cat=14"},"img":{"alt_text":"","src":"","width":0,"height":0},"classes":[]},{"id":866,"url":"https:\/\/guderley.com\/?p=866","url_meta":{"origin":868,"position":1},"title":"15.08.2011  Trauchgau\/Allg\u00e4u  84 km","author":"guenter","date":"August 15, 2011","format":false,"excerpt":"Eine Woche waren wir zu Gast bei unseren Freunden Klaus und Karin in M\u00fcrnsee bei Bad Heilbrunn. Es war eine pfundige Woche, drei Bergtouren (2 mit Marion und 1 mit Julian und seiner Freundin Kim) und ein bisschen Radfahren im Alpenvorland. Heute Morgen habe ich mich dann etwas z\u00f6gerlich aufs\u2026","rel":"","context":"In &quot;2011 ALLG\u00c4U - NECKAR&quot;","block_context":{"text":"2011 ALLG\u00c4U - NECKAR","link":"https:\/\/guderley.com\/?cat=14"},"img":{"alt_text":"","src":"","width":0,"height":0},"classes":[]},{"id":877,"url":"https:\/\/guderley.com\/?p=877","url_meta":{"origin":868,"position":2},"title":"18.08.2011  Marbach am Neckar  473 km","author":"guenter","date":"August 18, 2011","format":false,"excerpt":"Heute war es sehr hei\u00df und hinauf auf die Alb m\u00e4chtig anstrengend. Meine Beine waren im Gegensatz zu gestern aber in Ordnung. Gleich hinter Blaubeuren ging es erst sehr lang gezogen hinauf und sp\u00e4ter immer steiler werdend. Eine Passage bin ich dann gleich doppelt hinauf und hinab gefahren, weil ich\u2026","rel":"","context":"In &quot;2011 ALLG\u00c4U - NECKAR&quot;","block_context":{"text":"2011 ALLG\u00c4U - NECKAR","link":"https:\/\/guderley.com\/?cat=14"},"img":{"alt_text":"","src":"","width":0,"height":0},"classes":[]},{"id":3098,"url":"https:\/\/guderley.com\/?p=3098","url_meta":{"origin":868,"position":3},"title":"Tag 3 &#8211; So 13.05.2018 &#8211; 72 km Trapper Creek \/ Gesamt: 210 km","author":"guenter","date":"Mai 13, 2018","format":false,"excerpt":"In meinem Zelt hatte ich heute Morgen 2 Grad Celsius. Mein Fahrrad und meine am Rad verbliebene Ausr\u00fcstung war gefroren. Mein Schlafsack hat sich wieder bew\u00e4hrt - kuschelig warm. Ein glasklarer und strahlend blauer Morgen erwartet mich. Nach einer Meile sehe ich ihm zum ersten Mal, seine Majest\u00e4t Denali, seit\u2026","rel":"","context":"In &quot;2018 ALASKA&quot;","block_context":{"text":"2018 ALASKA","link":"https:\/\/guderley.com\/?cat=28"},"img":{"alt_text":"","src":"https:\/\/i0.wp.com\/guderley.com\/wp-content\/uploads\/WhatsApp-Image-2018-05-14-at-07.23.011.jpeg?resize=350%2C200","width":350,"height":200,"srcset":"https:\/\/i0.wp.com\/guderley.com\/wp-content\/uploads\/WhatsApp-Image-2018-05-14-at-07.23.011.jpeg?resize=350%2C200 1x, https:\/\/i0.wp.com\/guderley.com\/wp-content\/uploads\/WhatsApp-Image-2018-05-14-at-07.23.011.jpeg?resize=525%2C300 1.5x, https:\/\/i0.wp.com\/guderley.com\/wp-content\/uploads\/WhatsApp-Image-2018-05-14-at-07.23.011.jpeg?resize=700%2C400 2x"},"classes":[]},{"id":2719,"url":"https:\/\/guderley.com\/?p=2719","url_meta":{"origin":868,"position":4},"title":"Tag 9 &#8211; 5.6.2015 \/ 132 km Lauwersoog &#8211; Den Oever  \/  Gesamt:  1028 km","author":"guenter","date":"Juni 5, 2015","format":false,"excerpt":"Man kann die Holl\u00e4nder m\u00f6gen oder nicht (Fu\u00dfball - Wohnw\u00e4gen auf unseren Autobahnen etc.) aber eines muss ich konstatieren: Vom Radfahren verstehen sie eine ganze Menge.Die Radwege, die Bel\u00e4ge, die Streckenf\u00fchrungen und vieles mehr sind einfach absolute Spitze. Es macht wirklich viel Spa\u00df hier zu fahren.Auch in Friesland wurde es\u2026","rel":"","context":"In &quot;2015 BENELUX - FRANKREICH&quot;","block_context":{"text":"2015 BENELUX - FRANKREICH","link":"https:\/\/guderley.com\/?cat=27"},"img":{"alt_text":"","src":"https:\/\/i0.wp.com\/guderley.com\/wp-content\/uploads\/2015\/06\/wpid-Photo-05.06.2015-1321.jpg?resize=350%2C200","width":350,"height":200},"classes":[]},{"id":408,"url":"https:\/\/guderley.com\/?p=408","url_meta":{"origin":868,"position":5},"title":"LANGON (Dep. Gironde)  km 2596","author":"guenter","date":"Juni 12, 2010","format":false,"excerpt":"Nach Ruhetag kommt Fahrtag. Es hat zwar den halben Tag geregnet aber es war so brettleben und kein Wind, das musste ich nutzen. Ich bin fast den ganzen Tag durch die Gascogne gefahren und davon den gr\u00f6\u00dften Teil durch eine Art Regionalpark. Hier hat 2009 eine franz\u00f6sische \"Wiebke\" gehaust und\u2026","rel":"","context":"In &quot;2010 EUROPATOUR&quot;","block_context":{"text":"2010 EUROPATOUR","link":"https:\/\/guderley.com\/?cat=1"},"img":{"alt_text":"","src":"","width":0,"height":0},"classes":[]}],"_links":{"self":[{"href":"https:\/\/guderley.com\/index.php?rest_route=\/wp\/v2\/posts\/868","targetHints":{"allow":["GET"]}}],"collection":[{"href":"https:\/\/guderley.com\/index.php?rest_route=\/wp\/v2\/posts"}],"about":[{"href":"https:\/\/guderley.com\/index.php?rest_route=\/wp\/v2\/types\/post"}],"author":[{"embeddable":true,"href":"https:\/\/guderley.com\/index.php?rest_route=\/wp\/v2\/users\/2"}],"replies":[{"embeddable":true,"href":"https:\/\/guderley.com\/index.php?rest_route=%2Fwp%2Fv2%2Fcomments&post=868"}],"version-history":[{"count":3,"href":"https:\/\/guderley.com\/index.php?rest_route=\/wp\/v2\/posts\/868\/revisions"}],"predecessor-version":[{"id":872,"href":"https:\/\/guderley.com\/index.php?rest_route=\/wp\/v2\/posts\/868\/revisions\/872"}],"wp:attachment":[{"href":"https:\/\/guderley.com\/index.php?rest_route=%2Fwp%2Fv2%2Fmedia&parent=868"}],"wp:term":[{"taxonomy":"category","embeddable":true,"href":"https:\/\/guderley.com\/index.php?rest_route=%2Fwp%2Fv2%2Fcategories&post=868"},{"taxonomy":"post_tag","embeddable":true,"href":"https:\/\/guderley.com\/index.php?rest_route=%2Fwp%2Fv2%2Ftags&post=868"}],"curies":[{"name":"wp","href":"https:\/\/api.w.org\/{rel}","templated":true}]}}