{"id":818,"date":"2011-04-30T20:54:21","date_gmt":"2011-04-30T19:54:21","guid":{"rendered":"http:\/\/guderley.com\/?p=818"},"modified":"2011-04-30T20:54:21","modified_gmt":"2011-04-30T19:54:21","slug":"30-4-2011-fulda-101-km","status":"publish","type":"post","link":"https:\/\/guderley.com\/?p=818","title":{"rendered":"30.4.2011 Fulda 101 km"},"content":{"rendered":"<p>Gegen 10:00 Uhr verlassen wir Goldbach und radeln zwei Stunden \u00fcber diverse H\u00f6hen bis wir in Gelnhausen das Kinzigtal erreichen. Gegen 15:30 Uhr sind wir in Schl\u00fcchtern. Einen Espresso sp\u00e4ter k\u00e4mpfen wir uns eine lange Steigung hinauf, um gegen 18:00 Uhr die Barockstadt Fulda erreichen. Genug f\u00fcr den ersten Tag. Wir beziehen Quartier im Hotel am Dom, gehen lecker Essen und freuen uns auf Tag 2, der uns an die Werra und dann Richtung Eisenach bringen soll. <\/p>\n","protected":false},"excerpt":{"rendered":"<p>Gegen 10:00 Uhr verlassen wir Goldbach und radeln zwei Stunden \u00fcber diverse H\u00f6hen bis wir in Gelnhausen das Kinzigtal erreichen. Gegen 15:30 Uhr sind wir in Schl\u00fcchtern. Einen Espresso sp\u00e4ter k\u00e4mpfen wir uns eine lange Steigung hinauf, um gegen 18:00 Uhr die Barockstadt Fulda erreichen. Genug f\u00fcr den ersten Tag. Wir beziehen Quartier im Hotel [&hellip;]<\/p>\n","protected":false},"author":2,"featured_media":0,"comment_status":"open","ping_status":"open","sticky":false,"template":"","format":"standard","meta":{"_jetpack_newsletter_access":"","_jetpack_dont_email_post_to_subs":false,"_jetpack_newsletter_tier_id":0,"_jetpack_memberships_contains_paywalled_content":false,"_jetpack_memberships_contains_paid_content":false,"footnotes":""},"categories":[12],"tags":[],"class_list":["post-818","post","type-post","status-publish","format-standard","hentry","category-2011-goldbach-berlin"],"yoast_head":"<!-- This site is optimized with the Yoast SEO plugin v25.8 - https:\/\/yoast.com\/wordpress\/plugins\/seo\/ -->\n<title>30.4.2011 Fulda 101 km - G\u00fcnter&#039;s Blog<\/title>\n<meta name=\"robots\" content=\"index, follow, max-snippet:-1, max-image-preview:large, max-video-preview:-1\" \/>\n<link rel=\"canonical\" href=\"http:\/\/guderley.com\/?p=818\" \/>\n<meta property=\"og:locale\" content=\"de_DE\" \/>\n<meta property=\"og:type\" content=\"article\" \/>\n<meta property=\"og:title\" content=\"30.4.2011 Fulda 101 km - G\u00fcnter&#039;s Blog\" \/>\n<meta property=\"og:description\" content=\"Gegen 10:00 Uhr verlassen wir Goldbach und radeln zwei Stunden \u00fcber diverse H\u00f6hen bis wir in Gelnhausen das Kinzigtal erreichen. Gegen 15:30 Uhr sind wir in Schl\u00fcchtern. Einen Espresso sp\u00e4ter k\u00e4mpfen wir uns eine lange Steigung hinauf, um gegen 18:00 Uhr die Barockstadt Fulda erreichen. Genug f\u00fcr den ersten Tag. Wir beziehen Quartier im Hotel [&hellip;]\" \/>\n<meta property=\"og:url\" content=\"http:\/\/guderley.com\/?p=818\" \/>\n<meta property=\"og:site_name\" content=\"G\u00fcnter&#039;s Blog\" \/>\n<meta property=\"article:published_time\" content=\"2011-04-30T19:54:21+00:00\" \/>\n<meta property=\"og:image\" content=\"https:\/\/i0.wp.com\/guderley.com\/wp-content\/uploads\/img_7992-scaled.jpg?fit=2560%2C1920&ssl=1\" \/>\n\t<meta property=\"og:image:width\" content=\"2560\" \/>\n\t<meta property=\"og:image:height\" content=\"1920\" \/>\n\t<meta property=\"og:image:type\" content=\"image\/jpeg\" \/>\n<meta name=\"author\" content=\"guenter\" \/>\n<meta name=\"twitter:card\" content=\"summary_large_image\" \/>\n<meta name=\"twitter:label1\" content=\"Verfasst von\" \/>\n\t<meta name=\"twitter:data1\" content=\"guenter\" \/>\n<script type=\"application\/ld+json\" class=\"yoast-schema-graph\">{\"@context\":\"https:\/\/schema.org\",\"@graph\":[{\"@type\":\"Article\",\"@id\":\"http:\/\/guderley.com\/?p=818#article\",\"isPartOf\":{\"@id\":\"http:\/\/guderley.com\/?p=818\"},\"author\":{\"name\":\"guenter\",\"@id\":\"https:\/\/guderley.com\/#\/schema\/person\/24a827645a6fedd3481426a7028dfdcd\"},\"headline\":\"30.4.2011 Fulda 101 km\",\"datePublished\":\"2011-04-30T19:54:21+00:00\",\"mainEntityOfPage\":{\"@id\":\"http:\/\/guderley.com\/?p=818\"},\"wordCount\":80,\"commentCount\":2,\"publisher\":{\"@id\":\"https:\/\/guderley.com\/#\/schema\/person\/24a827645a6fedd3481426a7028dfdcd\"},\"articleSection\":[\"2011 GOLDBACH - BERLIN\"],\"inLanguage\":\"de\",\"potentialAction\":[{\"@type\":\"CommentAction\",\"name\":\"Comment\",\"target\":[\"http:\/\/guderley.com\/?p=818#respond\"]}]},{\"@type\":\"WebPage\",\"@id\":\"http:\/\/guderley.com\/?p=818\",\"url\":\"http:\/\/guderley.com\/?p=818\",\"name\":\"30.4.2011 Fulda 101 km - G\u00fcnter&#039;s Blog\",\"isPartOf\":{\"@id\":\"https:\/\/guderley.com\/#website\"},\"datePublished\":\"2011-04-30T19:54:21+00:00\",\"breadcrumb\":{\"@id\":\"http:\/\/guderley.com\/?p=818#breadcrumb\"},\"inLanguage\":\"de\",\"potentialAction\":[{\"@type\":\"ReadAction\",\"target\":[\"http:\/\/guderley.com\/?p=818\"]}]},{\"@type\":\"BreadcrumbList\",\"@id\":\"http:\/\/guderley.com\/?p=818#breadcrumb\",\"itemListElement\":[{\"@type\":\"ListItem\",\"position\":1,\"name\":\"Startseite\",\"item\":\"https:\/\/guderley.com\/\"},{\"@type\":\"ListItem\",\"position\":2,\"name\":\"30.4.2011 Fulda 101 km\"}]},{\"@type\":\"WebSite\",\"@id\":\"https:\/\/guderley.com\/#website\",\"url\":\"https:\/\/guderley.com\/\",\"name\":\"G\u00fcnter's Blog\",\"description\":\"Fahrrad Touren rund um die Welt\",\"publisher\":{\"@id\":\"https:\/\/guderley.com\/#\/schema\/person\/24a827645a6fedd3481426a7028dfdcd\"},\"alternateName\":\"G\u00fcnter's Blog\",\"potentialAction\":[{\"@type\":\"SearchAction\",\"target\":{\"@type\":\"EntryPoint\",\"urlTemplate\":\"https:\/\/guderley.com\/?s={search_term_string}\"},\"query-input\":{\"@type\":\"PropertyValueSpecification\",\"valueRequired\":true,\"valueName\":\"search_term_string\"}}],\"inLanguage\":\"de\"},{\"@type\":[\"Person\",\"Organization\"],\"@id\":\"https:\/\/guderley.com\/#\/schema\/person\/24a827645a6fedd3481426a7028dfdcd\",\"name\":\"guenter\",\"image\":{\"@type\":\"ImageObject\",\"inLanguage\":\"de\",\"@id\":\"https:\/\/guderley.com\/#\/schema\/person\/image\/\",\"url\":\"https:\/\/i0.wp.com\/guderley.com\/wp-content\/uploads\/img_8008-scaled.jpg?fit=1920%2C2560\",\"contentUrl\":\"https:\/\/i0.wp.com\/guderley.com\/wp-content\/uploads\/img_8008-scaled.jpg?fit=1920%2C2560\",\"width\":1920,\"height\":2560,\"caption\":\"guenter\"},\"logo\":{\"@id\":\"https:\/\/guderley.com\/#\/schema\/person\/image\/\"},\"sameAs\":[\"http:\/\/guderley.com\/blog\"],\"url\":\"https:\/\/guderley.com\/?author=2\"}]}<\/script>\n<!-- \/ Yoast SEO plugin. -->","yoast_head_json":{"title":"30.4.2011 Fulda 101 km - G\u00fcnter&#039;s Blog","robots":{"index":"index","follow":"follow","max-snippet":"max-snippet:-1","max-image-preview":"max-image-preview:large","max-video-preview":"max-video-preview:-1"},"canonical":"http:\/\/guderley.com\/?p=818","og_locale":"de_DE","og_type":"article","og_title":"30.4.2011 Fulda 101 km - G\u00fcnter&#039;s Blog","og_description":"Gegen 10:00 Uhr verlassen wir Goldbach und radeln zwei Stunden \u00fcber diverse H\u00f6hen bis wir in Gelnhausen das Kinzigtal erreichen. Gegen 15:30 Uhr sind wir in Schl\u00fcchtern. Einen Espresso sp\u00e4ter k\u00e4mpfen wir uns eine lange Steigung hinauf, um gegen 18:00 Uhr die Barockstadt Fulda erreichen. Genug f\u00fcr den ersten Tag. Wir beziehen Quartier im Hotel [&hellip;]","og_url":"http:\/\/guderley.com\/?p=818","og_site_name":"G\u00fcnter&#039;s Blog","article_published_time":"2011-04-30T19:54:21+00:00","og_image":[{"width":2560,"height":1920,"url":"https:\/\/i0.wp.com\/guderley.com\/wp-content\/uploads\/img_7992-scaled.jpg?fit=2560%2C1920&ssl=1","type":"image\/jpeg"}],"author":"guenter","twitter_card":"summary_large_image","twitter_misc":{"Verfasst von":"guenter"},"schema":{"@context":"https:\/\/schema.org","@graph":[{"@type":"Article","@id":"http:\/\/guderley.com\/?p=818#article","isPartOf":{"@id":"http:\/\/guderley.com\/?p=818"},"author":{"name":"guenter","@id":"https:\/\/guderley.com\/#\/schema\/person\/24a827645a6fedd3481426a7028dfdcd"},"headline":"30.4.2011 Fulda 101 km","datePublished":"2011-04-30T19:54:21+00:00","mainEntityOfPage":{"@id":"http:\/\/guderley.com\/?p=818"},"wordCount":80,"commentCount":2,"publisher":{"@id":"https:\/\/guderley.com\/#\/schema\/person\/24a827645a6fedd3481426a7028dfdcd"},"articleSection":["2011 GOLDBACH - BERLIN"],"inLanguage":"de","potentialAction":[{"@type":"CommentAction","name":"Comment","target":["http:\/\/guderley.com\/?p=818#respond"]}]},{"@type":"WebPage","@id":"http:\/\/guderley.com\/?p=818","url":"http:\/\/guderley.com\/?p=818","name":"30.4.2011 Fulda 101 km - G\u00fcnter&#039;s Blog","isPartOf":{"@id":"https:\/\/guderley.com\/#website"},"datePublished":"2011-04-30T19:54:21+00:00","breadcrumb":{"@id":"http:\/\/guderley.com\/?p=818#breadcrumb"},"inLanguage":"de","potentialAction":[{"@type":"ReadAction","target":["http:\/\/guderley.com\/?p=818"]}]},{"@type":"BreadcrumbList","@id":"http:\/\/guderley.com\/?p=818#breadcrumb","itemListElement":[{"@type":"ListItem","position":1,"name":"Startseite","item":"https:\/\/guderley.com\/"},{"@type":"ListItem","position":2,"name":"30.4.2011 Fulda 101 km"}]},{"@type":"WebSite","@id":"https:\/\/guderley.com\/#website","url":"https:\/\/guderley.com\/","name":"G\u00fcnter's Blog","description":"Fahrrad Touren rund um die Welt","publisher":{"@id":"https:\/\/guderley.com\/#\/schema\/person\/24a827645a6fedd3481426a7028dfdcd"},"alternateName":"G\u00fcnter's Blog","potentialAction":[{"@type":"SearchAction","target":{"@type":"EntryPoint","urlTemplate":"https:\/\/guderley.com\/?s={search_term_string}"},"query-input":{"@type":"PropertyValueSpecification","valueRequired":true,"valueName":"search_term_string"}}],"inLanguage":"de"},{"@type":["Person","Organization"],"@id":"https:\/\/guderley.com\/#\/schema\/person\/24a827645a6fedd3481426a7028dfdcd","name":"guenter","image":{"@type":"ImageObject","inLanguage":"de","@id":"https:\/\/guderley.com\/#\/schema\/person\/image\/","url":"https:\/\/i0.wp.com\/guderley.com\/wp-content\/uploads\/img_8008-scaled.jpg?fit=1920%2C2560","contentUrl":"https:\/\/i0.wp.com\/guderley.com\/wp-content\/uploads\/img_8008-scaled.jpg?fit=1920%2C2560","width":1920,"height":2560,"caption":"guenter"},"logo":{"@id":"https:\/\/guderley.com\/#\/schema\/person\/image\/"},"sameAs":["http:\/\/guderley.com\/blog"],"url":"https:\/\/guderley.com\/?author=2"}]}},"jetpack_featured_media_url":"","jetpack_sharing_enabled":true,"jetpack_shortlink":"https:\/\/wp.me\/p9IuXF-dc","jetpack_likes_enabled":true,"jetpack-related-posts":[{"id":820,"url":"https:\/\/guderley.com\/?p=820","url_meta":{"origin":818,"position":0},"title":"01.05.2011 Eisenach 227 km","author":"guenter","date":"Mai 1, 2011","format":false,"excerpt":"Stahlblauer Himmel den ganzen Tag, aber relativ frisch und starker Wind von Nord-Ost. Die ersten zwei Stunden aus Fulda hinaus anfangs sehr steil, sp\u00e4ter stetig steigend, auf der ehemaligen Bahntrasse hinauf zum Milseburgtunnel. Herrliche Bilder hier oben in der hessischen Rh\u00f6n. Nach 40 km sind wir in Tann, kurzer Cafestopp\u2026","rel":"","context":"In &quot;2011 GOLDBACH - BERLIN&quot;","block_context":{"text":"2011 GOLDBACH - BERLIN","link":"https:\/\/guderley.com\/?cat=12"},"img":{"alt_text":"","src":"","width":0,"height":0},"classes":[]},{"id":1080,"url":"https:\/\/guderley.com\/?p=1080","url_meta":{"origin":818,"position":1},"title":"25.05. Dieppe (786 km)","author":"guenter","date":"Mai 25, 2012","format":false,"excerpt":"Freitag: 15:00 Uhr - Vor wenigen Minuten haben die Radler den Strand von Dieppe erreicht. Wir sind stolz und zufrieden Frankreich durchquert zu haben. R\u00fcckblick zu gestern: Es war in der Tat ein langer Radtag mit vielen Kilometern aus der Champagne heraus und quer durch die Picardie, bei herrlichem Sonnenschein.\u2026","rel":"","context":"In &quot;2012 ROTARY-RADTOUR&quot;","block_context":{"text":"2012 ROTARY-RADTOUR","link":"https:\/\/guderley.com\/?cat=20"},"img":{"alt_text":"","src":"https:\/\/i0.wp.com\/guderley.com\/wp-content\/uploads\/2012\/05\/DSC02305.jpg?resize=350%2C200","width":350,"height":200},"classes":[]},{"id":1138,"url":"https:\/\/guderley.com\/?p=1138","url_meta":{"origin":818,"position":2},"title":"26.05. Chichester (865 km)","author":"guenter","date":"Mai 26, 2012","format":false,"excerpt":"Wir sind in Chichester planm\u00e4\u00dfig eingetroffen. Heute war zwar mit knapp 80 km unser k\u00fcrzester Tag auf dem Rad, allerdings mussten wir schon kurz vor 5 Uhr am F\u00e4hranleger in Dieppe sein. Gegen 10 Uhr (britische Zeit - 1) erreichten wir Newhaven und kurze Zeit sp\u00e4ter st\u00fcrzten wir uns in\u2026","rel":"","context":"In &quot;2012 ROTARY-RADTOUR&quot;","block_context":{"text":"2012 ROTARY-RADTOUR","link":"https:\/\/guderley.com\/?cat=20"},"img":{"alt_text":"","src":"https:\/\/i0.wp.com\/guderley.com\/wp-content\/uploads\/2012\/05\/DSC02360.jpg?resize=350%2C200","width":350,"height":200},"classes":[]},{"id":761,"url":"https:\/\/guderley.com\/?p=761","url_meta":{"origin":818,"position":3},"title":"MACHU PICCHU 4.3.","author":"guenter","date":"M\u00e4rz 5, 2011","format":false,"excerpt":"Erst 1911 wurde Machu Picchu von dem Amerikaner Hiram Bingham entdeckt (Details sh. Wikipedia). Wir stehen um 3:30 Uhr auf und erreichen gegen 6:30 Uhr das sog. Sonnentor oberhalb von Machu Picchu. Der Wettergott ist uns hold und wir erleben einen klaren und sonnigen Morgen. Vergesst alle Bilder die ihr\u2026","rel":"","context":"In &quot;2011_02 LATEINAMERIKA&quot;","block_context":{"text":"2011_02 LATEINAMERIKA","link":"https:\/\/guderley.com\/?cat=10"},"img":{"alt_text":"","src":"","width":0,"height":0},"classes":[]},{"id":6024,"url":"https:\/\/guderley.com\/?p=6024","url_meta":{"origin":818,"position":4},"title":"ST &#8211; Tag -3 &#8211; 12.02. \/ Abreise und Ankunft","author":"guenter","date":"Februar 12, 2025","format":false,"excerpt":"Um 6:30 Uhr sitze ich im Zug zum Flughafen nach Frankfurt - rund 18 Stunden via M\u00fcnchen liegen vor mir auf dem Weg nach San Diego. Mittlerweile ist es fast Mittag und in K\u00fcrze steige ich hier in M\u00fcnchen ein - 12 Stunden Flug bis San Diego. Flug war perfekt\u2026","rel":"","context":"In &quot;2025_Southern Tier - San Diego nach Austin&quot;","block_context":{"text":"2025_Southern Tier - San Diego nach Austin","link":"https:\/\/guderley.com\/?cat=36"},"img":{"alt_text":"","src":"https:\/\/i0.wp.com\/guderley.com\/wp-content\/uploads\/img_8736.jpg?resize=350%2C200&ssl=1","width":350,"height":200,"srcset":"https:\/\/i0.wp.com\/guderley.com\/wp-content\/uploads\/img_8736.jpg?resize=350%2C200&ssl=1 1x, https:\/\/i0.wp.com\/guderley.com\/wp-content\/uploads\/img_8736.jpg?resize=525%2C300&ssl=1 1.5x, https:\/\/i0.wp.com\/guderley.com\/wp-content\/uploads\/img_8736.jpg?resize=700%2C400&ssl=1 2x, https:\/\/i0.wp.com\/guderley.com\/wp-content\/uploads\/img_8736.jpg?resize=1050%2C600&ssl=1 3x, https:\/\/i0.wp.com\/guderley.com\/wp-content\/uploads\/img_8736.jpg?resize=1400%2C800&ssl=1 4x"},"classes":[]},{"id":896,"url":"https:\/\/guderley.com\/?p=896","url_meta":{"origin":818,"position":5},"title":"09.10.2011 Chiang Mai","author":"guenter","date":"Oktober 9, 2011","format":false,"excerpt":"Zur\u00fcck von unserer Radtour, den dritten Tag haben wir wegen des starken Regens nicht auf dem Rad verbracht, wurden wir in einem leicht chaotisch-abenteuerlichen Transfer zu unserem Nachtbus gebracht. Wie immer regelt sich am Ende alles von allein und gegen 21:00 Uhr ging es dann los, rund 700 km nach\u2026","rel":"","context":"In &quot;2011_10 THAILAND&quot;","block_context":{"text":"2011_10 THAILAND","link":"https:\/\/guderley.com\/?cat=15"},"img":{"alt_text":"","src":"","width":0,"height":0},"classes":[]}],"_links":{"self":[{"href":"https:\/\/guderley.com\/index.php?rest_route=\/wp\/v2\/posts\/818","targetHints":{"allow":["GET"]}}],"collection":[{"href":"https:\/\/guderley.com\/index.php?rest_route=\/wp\/v2\/posts"}],"about":[{"href":"https:\/\/guderley.com\/index.php?rest_route=\/wp\/v2\/types\/post"}],"author":[{"embeddable":true,"href":"https:\/\/guderley.com\/index.php?rest_route=\/wp\/v2\/users\/2"}],"replies":[{"embeddable":true,"href":"https:\/\/guderley.com\/index.php?rest_route=%2Fwp%2Fv2%2Fcomments&post=818"}],"version-history":[{"count":1,"href":"https:\/\/guderley.com\/index.php?rest_route=\/wp\/v2\/posts\/818\/revisions"}],"predecessor-version":[{"id":819,"href":"https:\/\/guderley.com\/index.php?rest_route=\/wp\/v2\/posts\/818\/revisions\/819"}],"wp:attachment":[{"href":"https:\/\/guderley.com\/index.php?rest_route=%2Fwp%2Fv2%2Fmedia&parent=818"}],"wp:term":[{"taxonomy":"category","embeddable":true,"href":"https:\/\/guderley.com\/index.php?rest_route=%2Fwp%2Fv2%2Fcategories&post=818"},{"taxonomy":"post_tag","embeddable":true,"href":"https:\/\/guderley.com\/index.php?rest_route=%2Fwp%2Fv2%2Ftags&post=818"}],"curies":[{"name":"wp","href":"https:\/\/api.w.org\/{rel}","templated":true}]}}