{"id":804,"date":"2011-03-13T23:12:44","date_gmt":"2011-03-13T22:12:44","guid":{"rendered":"http:\/\/guderley.com\/?p=804"},"modified":"2011-03-13T23:12:44","modified_gmt":"2011-03-13T22:12:44","slug":"lima-13-3","status":"publish","type":"post","link":"https:\/\/guderley.com\/?p=804","title":{"rendered":"LIMA  13.3."},"content":{"rendered":"<p>Unsere &#8222;Sommerfrische&#8220; in Punta Hermosa haben wir heute Mittag beendet und sind mit einem &#8222;Colectivo&#8220; f\u00fcr etwa 80 Cent zur\u00fcck nach Lima gefahren. Hier haben wir uns wieder im El Patio einquartiert und das sonnt\u00e4gliche Treiben in Miraflores genossen.<br \/>\nMorgen am Sp\u00e4tnachmittag verlassen wir Per\u00fa und fliegen via Santiago de Chile nach Buenos Aires zur\u00fcck. <\/p>\n","protected":false},"excerpt":{"rendered":"<p>Unsere &#8222;Sommerfrische&#8220; in Punta Hermosa haben wir heute Mittag beendet und sind mit einem &#8222;Colectivo&#8220; f\u00fcr etwa 80 Cent zur\u00fcck nach Lima gefahren. Hier haben wir uns wieder im El Patio einquartiert und das sonnt\u00e4gliche Treiben in Miraflores genossen. Morgen am Sp\u00e4tnachmittag verlassen wir Per\u00fa und fliegen via Santiago de Chile nach Buenos Aires zur\u00fcck.<\/p>\n","protected":false},"author":2,"featured_media":0,"comment_status":"open","ping_status":"open","sticky":false,"template":"","format":"standard","meta":{"_jetpack_newsletter_access":"","_jetpack_dont_email_post_to_subs":false,"_jetpack_newsletter_tier_id":0,"_jetpack_memberships_contains_paywalled_content":false,"_jetpack_memberships_contains_paid_content":false,"footnotes":""},"categories":[10],"tags":[],"class_list":["post-804","post","type-post","status-publish","format-standard","hentry","category-2011-sudamerika"],"yoast_head":"<!-- This site is optimized with the Yoast SEO plugin v25.8 - https:\/\/yoast.com\/wordpress\/plugins\/seo\/ -->\n<title>LIMA 13.3. - G\u00fcnter&#039;s Blog<\/title>\n<meta name=\"robots\" content=\"index, follow, max-snippet:-1, max-image-preview:large, max-video-preview:-1\" \/>\n<link rel=\"canonical\" href=\"https:\/\/guderley.com\/?p=804\" \/>\n<meta property=\"og:locale\" content=\"de_DE\" \/>\n<meta property=\"og:type\" content=\"article\" \/>\n<meta property=\"og:title\" content=\"LIMA 13.3. - G\u00fcnter&#039;s Blog\" \/>\n<meta property=\"og:description\" content=\"Unsere &#8222;Sommerfrische&#8220; in Punta Hermosa haben wir heute Mittag beendet und sind mit einem &#8222;Colectivo&#8220; f\u00fcr etwa 80 Cent zur\u00fcck nach Lima gefahren. Hier haben wir uns wieder im El Patio einquartiert und das sonnt\u00e4gliche Treiben in Miraflores genossen. Morgen am Sp\u00e4tnachmittag verlassen wir Per\u00fa und fliegen via Santiago de Chile nach Buenos Aires zur\u00fcck.\" \/>\n<meta property=\"og:url\" content=\"https:\/\/guderley.com\/?p=804\" \/>\n<meta property=\"og:site_name\" content=\"G\u00fcnter&#039;s Blog\" \/>\n<meta property=\"article:published_time\" content=\"2011-03-13T22:12:44+00:00\" \/>\n<meta property=\"og:image\" content=\"https:\/\/i0.wp.com\/guderley.com\/wp-content\/uploads\/img_7992-scaled.jpg?fit=2560%2C1920&ssl=1\" \/>\n\t<meta property=\"og:image:width\" content=\"2560\" \/>\n\t<meta property=\"og:image:height\" content=\"1920\" \/>\n\t<meta property=\"og:image:type\" content=\"image\/jpeg\" \/>\n<meta name=\"author\" content=\"guenter\" \/>\n<meta name=\"twitter:card\" content=\"summary_large_image\" \/>\n<meta name=\"twitter:label1\" content=\"Verfasst von\" \/>\n\t<meta name=\"twitter:data1\" content=\"guenter\" \/>\n<script type=\"application\/ld+json\" class=\"yoast-schema-graph\">{\"@context\":\"https:\/\/schema.org\",\"@graph\":[{\"@type\":\"Article\",\"@id\":\"https:\/\/guderley.com\/?p=804#article\",\"isPartOf\":{\"@id\":\"https:\/\/guderley.com\/?p=804\"},\"author\":{\"name\":\"guenter\",\"@id\":\"https:\/\/guderley.com\/#\/schema\/person\/24a827645a6fedd3481426a7028dfdcd\"},\"headline\":\"LIMA 13.3.\",\"datePublished\":\"2011-03-13T22:12:44+00:00\",\"mainEntityOfPage\":{\"@id\":\"https:\/\/guderley.com\/?p=804\"},\"wordCount\":60,\"commentCount\":1,\"publisher\":{\"@id\":\"https:\/\/guderley.com\/#\/schema\/person\/24a827645a6fedd3481426a7028dfdcd\"},\"articleSection\":[\"2011_02 LATEINAMERIKA\"],\"inLanguage\":\"de\",\"potentialAction\":[{\"@type\":\"CommentAction\",\"name\":\"Comment\",\"target\":[\"https:\/\/guderley.com\/?p=804#respond\"]}]},{\"@type\":\"WebPage\",\"@id\":\"https:\/\/guderley.com\/?p=804\",\"url\":\"https:\/\/guderley.com\/?p=804\",\"name\":\"LIMA 13.3. - G\u00fcnter&#039;s Blog\",\"isPartOf\":{\"@id\":\"https:\/\/guderley.com\/#website\"},\"datePublished\":\"2011-03-13T22:12:44+00:00\",\"breadcrumb\":{\"@id\":\"https:\/\/guderley.com\/?p=804#breadcrumb\"},\"inLanguage\":\"de\",\"potentialAction\":[{\"@type\":\"ReadAction\",\"target\":[\"https:\/\/guderley.com\/?p=804\"]}]},{\"@type\":\"BreadcrumbList\",\"@id\":\"https:\/\/guderley.com\/?p=804#breadcrumb\",\"itemListElement\":[{\"@type\":\"ListItem\",\"position\":1,\"name\":\"Startseite\",\"item\":\"https:\/\/guderley.com\/\"},{\"@type\":\"ListItem\",\"position\":2,\"name\":\"LIMA 13.3.\"}]},{\"@type\":\"WebSite\",\"@id\":\"https:\/\/guderley.com\/#website\",\"url\":\"https:\/\/guderley.com\/\",\"name\":\"G\u00fcnter's Blog\",\"description\":\"Fahrrad Touren rund um die Welt\",\"publisher\":{\"@id\":\"https:\/\/guderley.com\/#\/schema\/person\/24a827645a6fedd3481426a7028dfdcd\"},\"alternateName\":\"G\u00fcnter's Blog\",\"potentialAction\":[{\"@type\":\"SearchAction\",\"target\":{\"@type\":\"EntryPoint\",\"urlTemplate\":\"https:\/\/guderley.com\/?s={search_term_string}\"},\"query-input\":{\"@type\":\"PropertyValueSpecification\",\"valueRequired\":true,\"valueName\":\"search_term_string\"}}],\"inLanguage\":\"de\"},{\"@type\":[\"Person\",\"Organization\"],\"@id\":\"https:\/\/guderley.com\/#\/schema\/person\/24a827645a6fedd3481426a7028dfdcd\",\"name\":\"guenter\",\"image\":{\"@type\":\"ImageObject\",\"inLanguage\":\"de\",\"@id\":\"https:\/\/guderley.com\/#\/schema\/person\/image\/\",\"url\":\"https:\/\/i0.wp.com\/guderley.com\/wp-content\/uploads\/img_8008-scaled.jpg?fit=1920%2C2560\",\"contentUrl\":\"https:\/\/i0.wp.com\/guderley.com\/wp-content\/uploads\/img_8008-scaled.jpg?fit=1920%2C2560\",\"width\":1920,\"height\":2560,\"caption\":\"guenter\"},\"logo\":{\"@id\":\"https:\/\/guderley.com\/#\/schema\/person\/image\/\"},\"sameAs\":[\"http:\/\/guderley.com\/blog\"],\"url\":\"https:\/\/guderley.com\/?author=2\"}]}<\/script>\n<!-- \/ Yoast SEO plugin. -->","yoast_head_json":{"title":"LIMA 13.3. - G\u00fcnter&#039;s Blog","robots":{"index":"index","follow":"follow","max-snippet":"max-snippet:-1","max-image-preview":"max-image-preview:large","max-video-preview":"max-video-preview:-1"},"canonical":"https:\/\/guderley.com\/?p=804","og_locale":"de_DE","og_type":"article","og_title":"LIMA 13.3. - G\u00fcnter&#039;s Blog","og_description":"Unsere &#8222;Sommerfrische&#8220; in Punta Hermosa haben wir heute Mittag beendet und sind mit einem &#8222;Colectivo&#8220; f\u00fcr etwa 80 Cent zur\u00fcck nach Lima gefahren. Hier haben wir uns wieder im El Patio einquartiert und das sonnt\u00e4gliche Treiben in Miraflores genossen. Morgen am Sp\u00e4tnachmittag verlassen wir Per\u00fa und fliegen via Santiago de Chile nach Buenos Aires zur\u00fcck.","og_url":"https:\/\/guderley.com\/?p=804","og_site_name":"G\u00fcnter&#039;s Blog","article_published_time":"2011-03-13T22:12:44+00:00","og_image":[{"width":2560,"height":1920,"url":"https:\/\/i0.wp.com\/guderley.com\/wp-content\/uploads\/img_7992-scaled.jpg?fit=2560%2C1920&ssl=1","type":"image\/jpeg"}],"author":"guenter","twitter_card":"summary_large_image","twitter_misc":{"Verfasst von":"guenter"},"schema":{"@context":"https:\/\/schema.org","@graph":[{"@type":"Article","@id":"https:\/\/guderley.com\/?p=804#article","isPartOf":{"@id":"https:\/\/guderley.com\/?p=804"},"author":{"name":"guenter","@id":"https:\/\/guderley.com\/#\/schema\/person\/24a827645a6fedd3481426a7028dfdcd"},"headline":"LIMA 13.3.","datePublished":"2011-03-13T22:12:44+00:00","mainEntityOfPage":{"@id":"https:\/\/guderley.com\/?p=804"},"wordCount":60,"commentCount":1,"publisher":{"@id":"https:\/\/guderley.com\/#\/schema\/person\/24a827645a6fedd3481426a7028dfdcd"},"articleSection":["2011_02 LATEINAMERIKA"],"inLanguage":"de","potentialAction":[{"@type":"CommentAction","name":"Comment","target":["https:\/\/guderley.com\/?p=804#respond"]}]},{"@type":"WebPage","@id":"https:\/\/guderley.com\/?p=804","url":"https:\/\/guderley.com\/?p=804","name":"LIMA 13.3. - G\u00fcnter&#039;s Blog","isPartOf":{"@id":"https:\/\/guderley.com\/#website"},"datePublished":"2011-03-13T22:12:44+00:00","breadcrumb":{"@id":"https:\/\/guderley.com\/?p=804#breadcrumb"},"inLanguage":"de","potentialAction":[{"@type":"ReadAction","target":["https:\/\/guderley.com\/?p=804"]}]},{"@type":"BreadcrumbList","@id":"https:\/\/guderley.com\/?p=804#breadcrumb","itemListElement":[{"@type":"ListItem","position":1,"name":"Startseite","item":"https:\/\/guderley.com\/"},{"@type":"ListItem","position":2,"name":"LIMA 13.3."}]},{"@type":"WebSite","@id":"https:\/\/guderley.com\/#website","url":"https:\/\/guderley.com\/","name":"G\u00fcnter's Blog","description":"Fahrrad Touren rund um die Welt","publisher":{"@id":"https:\/\/guderley.com\/#\/schema\/person\/24a827645a6fedd3481426a7028dfdcd"},"alternateName":"G\u00fcnter's Blog","potentialAction":[{"@type":"SearchAction","target":{"@type":"EntryPoint","urlTemplate":"https:\/\/guderley.com\/?s={search_term_string}"},"query-input":{"@type":"PropertyValueSpecification","valueRequired":true,"valueName":"search_term_string"}}],"inLanguage":"de"},{"@type":["Person","Organization"],"@id":"https:\/\/guderley.com\/#\/schema\/person\/24a827645a6fedd3481426a7028dfdcd","name":"guenter","image":{"@type":"ImageObject","inLanguage":"de","@id":"https:\/\/guderley.com\/#\/schema\/person\/image\/","url":"https:\/\/i0.wp.com\/guderley.com\/wp-content\/uploads\/img_8008-scaled.jpg?fit=1920%2C2560","contentUrl":"https:\/\/i0.wp.com\/guderley.com\/wp-content\/uploads\/img_8008-scaled.jpg?fit=1920%2C2560","width":1920,"height":2560,"caption":"guenter"},"logo":{"@id":"https:\/\/guderley.com\/#\/schema\/person\/image\/"},"sameAs":["http:\/\/guderley.com\/blog"],"url":"https:\/\/guderley.com\/?author=2"}]}},"jetpack_featured_media_url":"","jetpack_sharing_enabled":true,"jetpack_shortlink":"https:\/\/wp.me\/p9IuXF-cY","jetpack_likes_enabled":true,"jetpack-related-posts":[{"id":796,"url":"https:\/\/guderley.com\/?p=796","url_meta":{"origin":804,"position":0},"title":"LIMA  8.3.","author":"guenter","date":"M\u00e4rz 8, 2011","format":false,"excerpt":"Unsere vierte Hauptstadt auf der Lateinamerikatour. Wir wohnen in Miraflores in einer eher westlich gepr\u00e4gten Umgebung. Es herrscht hier ein best\u00e4ndiges Verkehrschaos mit Gehupe und Gedr\u00e4ngel, trotzdem funktioniert es irgendwie. Wir haben uns heute ein gro\u00dfes St\u00fcck der Stadt angesehen, spannend war dabei eine etwa 1\/2 st\u00fcndige Fahrt in einem\u2026","rel":"","context":"In &quot;2011_02 LATEINAMERIKA&quot;","block_context":{"text":"2011_02 LATEINAMERIKA","link":"https:\/\/guderley.com\/?cat=10"},"img":{"alt_text":"","src":"","width":0,"height":0},"classes":[]},{"id":837,"url":"https:\/\/guderley.com\/?p=837","url_meta":{"origin":804,"position":1},"title":"08.06.2011  Tourvorbereitung","author":"guenter","date":"Juni 7, 2011","format":false,"excerpt":"Eigentlich wollten wir ja nach Frankreich und die Loire fahren. Nachdem die Fahrradtransportprobleme nicht zu l\u00f6sen waren haben wir umgebaut. Wir bleiben in der Heimat. Von N\u00fcrnberg aus geht es nach Osten in die Oberpfalz und dann in einem gro\u00dfen Bogen nach Tschechien und irgendwie wieder zur\u00fcck.","rel":"","context":"In &quot;2014 PATAGONIEN&quot;","block_context":{"text":"2014 PATAGONIEN","link":"https:\/\/guderley.com\/?cat=26"},"img":{"alt_text":"","src":"","width":0,"height":0},"classes":[]},{"id":794,"url":"https:\/\/guderley.com\/?p=794","url_meta":{"origin":804,"position":2},"title":"LIMA  7.3.","author":"guenter","date":"M\u00e4rz 8, 2011","format":false,"excerpt":"Mit dem Sonnenaufgang haben wir den Pazifik erreicht. Tags\u00fcber ging es dann vornehmlich durch diverse Stein- und Sandw\u00fcsten weiter nach Norden bis wir gegen 17:00 Uhr in der peruanischen Hauptstadt anlangten. In Miraflores haben wir uns in einem sehr sch\u00f6nen Hostel einquartiert. Hier ist wieder richtig Sommer und wir haben,\u2026","rel":"","context":"In &quot;2011_02 LATEINAMERIKA&quot;","block_context":{"text":"2011_02 LATEINAMERIKA","link":"https:\/\/guderley.com\/?cat=10"},"img":{"alt_text":"","src":"","width":0,"height":0},"classes":[]},{"id":788,"url":"https:\/\/guderley.com\/?p=788","url_meta":{"origin":804,"position":3},"title":"Titicacasee 6.3.","author":"guenter","date":"M\u00e4rz 8, 2011","format":false,"excerpt":"Samstagabend um 22:00 Uhr geht unser Bus nach Puno am Titicacasee. Gegen Mitternacht kommen wir auf \u00fcber 4500 m in ein heftiges Schneetreiben und wir rechnen schon mit dem Schlimmsten, irgendwie schafft der Bus es dann doch und gerade zum Sonnenaufgang sind wir in Puno, dem peruanischen Zugang zum Titicacasee.\u2026","rel":"","context":"In &quot;2011_02 LATEINAMERIKA&quot;","block_context":{"text":"2011_02 LATEINAMERIKA","link":"https:\/\/guderley.com\/?cat=10"},"img":{"alt_text":"","src":"","width":0,"height":0},"classes":[]},{"id":613,"url":"https:\/\/guderley.com\/?p=613","url_meta":{"origin":804,"position":4},"title":"Montevideo 5.2.","author":"guenter","date":"Februar 5, 2011","format":false,"excerpt":"Montevideo kommt uns nach Buenos Aires ein bisschen verschlafen und fast kleinst\u00e4dtisch vor. Unsere \"low budget-Unterkunft\" Hospedaje Centro ist ein s\u00fcdamerikanisches Rattenloch, aber echt spannend. Entsch\u00e4digt hat uns eine Stra\u00dfenparade des ber\u00fchmten Karnevals hier in Montevideo. Unglaublich laut und rythmisch und viel nackte Haut. Nachdem wir die Nacht in unserem\u2026","rel":"","context":"In &quot;2011_02 LATEINAMERIKA&quot;","block_context":{"text":"2011_02 LATEINAMERIKA","link":"https:\/\/guderley.com\/?cat=10"},"img":{"alt_text":"","src":"","width":0,"height":0},"classes":[]},{"id":4233,"url":"https:\/\/guderley.com\/?p=4233","url_meta":{"origin":804,"position":5},"title":"29.06.2022 &#8211; Hope","author":"guenter","date":"Juni 29, 2022","format":false,"excerpt":"Quasi im Morgengrauen steigen wir auf den Pulpit-Rock und haben einen tollen Blick auf das St\u00e4dtchen am See. Gegen Mittag beenden wir den Aufenthalt in Nelson am sch\u00f6nen Lake Kootenay und fahren in Richtung Vancouver. Durch das s\u00fcdliche Okanagan Valley erreichen wir Hope - unsere letzte \u00dcbernachtung auf diesem Road-Trip.\u2026","rel":"","context":"In &quot;2022 Mississippi&quot;","block_context":{"text":"2022 Mississippi","link":"https:\/\/guderley.com\/?cat=31"},"img":{"alt_text":"","src":"https:\/\/i0.wp.com\/guderley.com\/wp-content\/uploads\/img_7324-scaled.jpg?fit=1200%2C900&ssl=1&resize=350%2C200","width":350,"height":200,"srcset":"https:\/\/i0.wp.com\/guderley.com\/wp-content\/uploads\/img_7324-scaled.jpg?fit=1200%2C900&ssl=1&resize=350%2C200 1x, https:\/\/i0.wp.com\/guderley.com\/wp-content\/uploads\/img_7324-scaled.jpg?fit=1200%2C900&ssl=1&resize=525%2C300 1.5x, https:\/\/i0.wp.com\/guderley.com\/wp-content\/uploads\/img_7324-scaled.jpg?fit=1200%2C900&ssl=1&resize=700%2C400 2x, https:\/\/i0.wp.com\/guderley.com\/wp-content\/uploads\/img_7324-scaled.jpg?fit=1200%2C900&ssl=1&resize=1050%2C600 3x"},"classes":[]}],"_links":{"self":[{"href":"https:\/\/guderley.com\/index.php?rest_route=\/wp\/v2\/posts\/804","targetHints":{"allow":["GET"]}}],"collection":[{"href":"https:\/\/guderley.com\/index.php?rest_route=\/wp\/v2\/posts"}],"about":[{"href":"https:\/\/guderley.com\/index.php?rest_route=\/wp\/v2\/types\/post"}],"author":[{"embeddable":true,"href":"https:\/\/guderley.com\/index.php?rest_route=\/wp\/v2\/users\/2"}],"replies":[{"embeddable":true,"href":"https:\/\/guderley.com\/index.php?rest_route=%2Fwp%2Fv2%2Fcomments&post=804"}],"version-history":[{"count":1,"href":"https:\/\/guderley.com\/index.php?rest_route=\/wp\/v2\/posts\/804\/revisions"}],"predecessor-version":[{"id":805,"href":"https:\/\/guderley.com\/index.php?rest_route=\/wp\/v2\/posts\/804\/revisions\/805"}],"wp:attachment":[{"href":"https:\/\/guderley.com\/index.php?rest_route=%2Fwp%2Fv2%2Fmedia&parent=804"}],"wp:term":[{"taxonomy":"category","embeddable":true,"href":"https:\/\/guderley.com\/index.php?rest_route=%2Fwp%2Fv2%2Fcategories&post=804"},{"taxonomy":"post_tag","embeddable":true,"href":"https:\/\/guderley.com\/index.php?rest_route=%2Fwp%2Fv2%2Ftags&post=804"}],"curies":[{"name":"wp","href":"https:\/\/api.w.org\/{rel}","templated":true}]}}