{"id":802,"date":"2011-03-12T15:09:18","date_gmt":"2011-03-12T14:09:18","guid":{"rendered":"http:\/\/guderley.com\/?p=802"},"modified":"2011-03-12T15:09:18","modified_gmt":"2011-03-12T14:09:18","slug":"tsunami-in-peru-12-3","status":"publish","type":"post","link":"https:\/\/guderley.com\/?p=802","title":{"rendered":"TSUNAMI in Peru 12.3."},"content":{"rendered":"<p>Wir waren gestern schon ziemlich unsicher, was kommt hier an der Pazifikk\u00fcste Perus noch an. Es gibt hier zwar gro\u00dfe Warntafeln f\u00fcr das richtige Verhalten bei Tsunamis, aber s\u00fcdamerikanische Organisation ist nicht wirklich verwandt mit unserer Art die Dinge anzugehen. Wir haben uns via TV aktuell informiert. Hier war das Eintreffen zwischen 21 Uhr und 23 Uhr angek\u00fcndigt. Der Wasserspiegel war dann zwar deutlich erh\u00f6ht ( ca. 1 m) aber es waren normale Wellen, wie sie hier regelm\u00e4\u00dfig an den Strand rollen. Gottseidank. <\/p>\n","protected":false},"excerpt":{"rendered":"<p>Wir waren gestern schon ziemlich unsicher, was kommt hier an der Pazifikk\u00fcste Perus noch an. Es gibt hier zwar gro\u00dfe Warntafeln f\u00fcr das richtige Verhalten bei Tsunamis, aber s\u00fcdamerikanische Organisation ist nicht wirklich verwandt mit unserer Art die Dinge anzugehen. Wir haben uns via TV aktuell informiert. Hier war das Eintreffen zwischen 21 Uhr und [&hellip;]<\/p>\n","protected":false},"author":2,"featured_media":0,"comment_status":"open","ping_status":"open","sticky":false,"template":"","format":"standard","meta":{"_jetpack_newsletter_access":"","_jetpack_dont_email_post_to_subs":false,"_jetpack_newsletter_tier_id":0,"_jetpack_memberships_contains_paywalled_content":false,"_jetpack_memberships_contains_paid_content":false,"footnotes":""},"categories":[10],"tags":[],"class_list":["post-802","post","type-post","status-publish","format-standard","hentry","category-2011-sudamerika"],"yoast_head":"<!-- This site is optimized with the Yoast SEO plugin v25.8 - https:\/\/yoast.com\/wordpress\/plugins\/seo\/ -->\n<title>TSUNAMI in Peru 12.3. - G\u00fcnter&#039;s Blog<\/title>\n<meta name=\"robots\" content=\"index, follow, max-snippet:-1, max-image-preview:large, max-video-preview:-1\" \/>\n<link rel=\"canonical\" href=\"https:\/\/guderley.com\/?p=802\" \/>\n<meta property=\"og:locale\" content=\"de_DE\" \/>\n<meta property=\"og:type\" content=\"article\" \/>\n<meta property=\"og:title\" content=\"TSUNAMI in Peru 12.3. - G\u00fcnter&#039;s Blog\" \/>\n<meta property=\"og:description\" content=\"Wir waren gestern schon ziemlich unsicher, was kommt hier an der Pazifikk\u00fcste Perus noch an. Es gibt hier zwar gro\u00dfe Warntafeln f\u00fcr das richtige Verhalten bei Tsunamis, aber s\u00fcdamerikanische Organisation ist nicht wirklich verwandt mit unserer Art die Dinge anzugehen. Wir haben uns via TV aktuell informiert. Hier war das Eintreffen zwischen 21 Uhr und [&hellip;]\" \/>\n<meta property=\"og:url\" content=\"https:\/\/guderley.com\/?p=802\" \/>\n<meta property=\"og:site_name\" content=\"G\u00fcnter&#039;s Blog\" \/>\n<meta property=\"article:published_time\" content=\"2011-03-12T14:09:18+00:00\" \/>\n<meta property=\"og:image\" content=\"https:\/\/i0.wp.com\/guderley.com\/wp-content\/uploads\/img_7992-scaled.jpg?fit=2560%2C1920&ssl=1\" \/>\n\t<meta property=\"og:image:width\" content=\"2560\" \/>\n\t<meta property=\"og:image:height\" content=\"1920\" \/>\n\t<meta property=\"og:image:type\" content=\"image\/jpeg\" \/>\n<meta name=\"author\" content=\"guenter\" \/>\n<meta name=\"twitter:card\" content=\"summary_large_image\" \/>\n<meta name=\"twitter:label1\" content=\"Verfasst von\" \/>\n\t<meta name=\"twitter:data1\" content=\"guenter\" \/>\n<script type=\"application\/ld+json\" class=\"yoast-schema-graph\">{\"@context\":\"https:\/\/schema.org\",\"@graph\":[{\"@type\":\"Article\",\"@id\":\"https:\/\/guderley.com\/?p=802#article\",\"isPartOf\":{\"@id\":\"https:\/\/guderley.com\/?p=802\"},\"author\":{\"name\":\"guenter\",\"@id\":\"https:\/\/guderley.com\/#\/schema\/person\/24a827645a6fedd3481426a7028dfdcd\"},\"headline\":\"TSUNAMI in Peru 12.3.\",\"datePublished\":\"2011-03-12T14:09:18+00:00\",\"mainEntityOfPage\":{\"@id\":\"https:\/\/guderley.com\/?p=802\"},\"wordCount\":89,\"commentCount\":3,\"publisher\":{\"@id\":\"https:\/\/guderley.com\/#\/schema\/person\/24a827645a6fedd3481426a7028dfdcd\"},\"articleSection\":[\"2011_02 LATEINAMERIKA\"],\"inLanguage\":\"de\",\"potentialAction\":[{\"@type\":\"CommentAction\",\"name\":\"Comment\",\"target\":[\"https:\/\/guderley.com\/?p=802#respond\"]}]},{\"@type\":\"WebPage\",\"@id\":\"https:\/\/guderley.com\/?p=802\",\"url\":\"https:\/\/guderley.com\/?p=802\",\"name\":\"TSUNAMI in Peru 12.3. - G\u00fcnter&#039;s Blog\",\"isPartOf\":{\"@id\":\"https:\/\/guderley.com\/#website\"},\"datePublished\":\"2011-03-12T14:09:18+00:00\",\"breadcrumb\":{\"@id\":\"https:\/\/guderley.com\/?p=802#breadcrumb\"},\"inLanguage\":\"de\",\"potentialAction\":[{\"@type\":\"ReadAction\",\"target\":[\"https:\/\/guderley.com\/?p=802\"]}]},{\"@type\":\"BreadcrumbList\",\"@id\":\"https:\/\/guderley.com\/?p=802#breadcrumb\",\"itemListElement\":[{\"@type\":\"ListItem\",\"position\":1,\"name\":\"Startseite\",\"item\":\"https:\/\/guderley.com\/\"},{\"@type\":\"ListItem\",\"position\":2,\"name\":\"TSUNAMI in Peru 12.3.\"}]},{\"@type\":\"WebSite\",\"@id\":\"https:\/\/guderley.com\/#website\",\"url\":\"https:\/\/guderley.com\/\",\"name\":\"G\u00fcnter's Blog\",\"description\":\"Fahrrad Touren rund um die Welt\",\"publisher\":{\"@id\":\"https:\/\/guderley.com\/#\/schema\/person\/24a827645a6fedd3481426a7028dfdcd\"},\"alternateName\":\"G\u00fcnter's Blog\",\"potentialAction\":[{\"@type\":\"SearchAction\",\"target\":{\"@type\":\"EntryPoint\",\"urlTemplate\":\"https:\/\/guderley.com\/?s={search_term_string}\"},\"query-input\":{\"@type\":\"PropertyValueSpecification\",\"valueRequired\":true,\"valueName\":\"search_term_string\"}}],\"inLanguage\":\"de\"},{\"@type\":[\"Person\",\"Organization\"],\"@id\":\"https:\/\/guderley.com\/#\/schema\/person\/24a827645a6fedd3481426a7028dfdcd\",\"name\":\"guenter\",\"image\":{\"@type\":\"ImageObject\",\"inLanguage\":\"de\",\"@id\":\"https:\/\/guderley.com\/#\/schema\/person\/image\/\",\"url\":\"https:\/\/i0.wp.com\/guderley.com\/wp-content\/uploads\/img_8008-scaled.jpg?fit=1920%2C2560\",\"contentUrl\":\"https:\/\/i0.wp.com\/guderley.com\/wp-content\/uploads\/img_8008-scaled.jpg?fit=1920%2C2560\",\"width\":1920,\"height\":2560,\"caption\":\"guenter\"},\"logo\":{\"@id\":\"https:\/\/guderley.com\/#\/schema\/person\/image\/\"},\"sameAs\":[\"http:\/\/guderley.com\/blog\"],\"url\":\"https:\/\/guderley.com\/?author=2\"}]}<\/script>\n<!-- \/ Yoast SEO plugin. -->","yoast_head_json":{"title":"TSUNAMI in Peru 12.3. - G\u00fcnter&#039;s Blog","robots":{"index":"index","follow":"follow","max-snippet":"max-snippet:-1","max-image-preview":"max-image-preview:large","max-video-preview":"max-video-preview:-1"},"canonical":"https:\/\/guderley.com\/?p=802","og_locale":"de_DE","og_type":"article","og_title":"TSUNAMI in Peru 12.3. - G\u00fcnter&#039;s Blog","og_description":"Wir waren gestern schon ziemlich unsicher, was kommt hier an der Pazifikk\u00fcste Perus noch an. Es gibt hier zwar gro\u00dfe Warntafeln f\u00fcr das richtige Verhalten bei Tsunamis, aber s\u00fcdamerikanische Organisation ist nicht wirklich verwandt mit unserer Art die Dinge anzugehen. Wir haben uns via TV aktuell informiert. Hier war das Eintreffen zwischen 21 Uhr und [&hellip;]","og_url":"https:\/\/guderley.com\/?p=802","og_site_name":"G\u00fcnter&#039;s Blog","article_published_time":"2011-03-12T14:09:18+00:00","og_image":[{"width":2560,"height":1920,"url":"https:\/\/i0.wp.com\/guderley.com\/wp-content\/uploads\/img_7992-scaled.jpg?fit=2560%2C1920&ssl=1","type":"image\/jpeg"}],"author":"guenter","twitter_card":"summary_large_image","twitter_misc":{"Verfasst von":"guenter"},"schema":{"@context":"https:\/\/schema.org","@graph":[{"@type":"Article","@id":"https:\/\/guderley.com\/?p=802#article","isPartOf":{"@id":"https:\/\/guderley.com\/?p=802"},"author":{"name":"guenter","@id":"https:\/\/guderley.com\/#\/schema\/person\/24a827645a6fedd3481426a7028dfdcd"},"headline":"TSUNAMI in Peru 12.3.","datePublished":"2011-03-12T14:09:18+00:00","mainEntityOfPage":{"@id":"https:\/\/guderley.com\/?p=802"},"wordCount":89,"commentCount":3,"publisher":{"@id":"https:\/\/guderley.com\/#\/schema\/person\/24a827645a6fedd3481426a7028dfdcd"},"articleSection":["2011_02 LATEINAMERIKA"],"inLanguage":"de","potentialAction":[{"@type":"CommentAction","name":"Comment","target":["https:\/\/guderley.com\/?p=802#respond"]}]},{"@type":"WebPage","@id":"https:\/\/guderley.com\/?p=802","url":"https:\/\/guderley.com\/?p=802","name":"TSUNAMI in Peru 12.3. - G\u00fcnter&#039;s Blog","isPartOf":{"@id":"https:\/\/guderley.com\/#website"},"datePublished":"2011-03-12T14:09:18+00:00","breadcrumb":{"@id":"https:\/\/guderley.com\/?p=802#breadcrumb"},"inLanguage":"de","potentialAction":[{"@type":"ReadAction","target":["https:\/\/guderley.com\/?p=802"]}]},{"@type":"BreadcrumbList","@id":"https:\/\/guderley.com\/?p=802#breadcrumb","itemListElement":[{"@type":"ListItem","position":1,"name":"Startseite","item":"https:\/\/guderley.com\/"},{"@type":"ListItem","position":2,"name":"TSUNAMI in Peru 12.3."}]},{"@type":"WebSite","@id":"https:\/\/guderley.com\/#website","url":"https:\/\/guderley.com\/","name":"G\u00fcnter's Blog","description":"Fahrrad Touren rund um die Welt","publisher":{"@id":"https:\/\/guderley.com\/#\/schema\/person\/24a827645a6fedd3481426a7028dfdcd"},"alternateName":"G\u00fcnter's Blog","potentialAction":[{"@type":"SearchAction","target":{"@type":"EntryPoint","urlTemplate":"https:\/\/guderley.com\/?s={search_term_string}"},"query-input":{"@type":"PropertyValueSpecification","valueRequired":true,"valueName":"search_term_string"}}],"inLanguage":"de"},{"@type":["Person","Organization"],"@id":"https:\/\/guderley.com\/#\/schema\/person\/24a827645a6fedd3481426a7028dfdcd","name":"guenter","image":{"@type":"ImageObject","inLanguage":"de","@id":"https:\/\/guderley.com\/#\/schema\/person\/image\/","url":"https:\/\/i0.wp.com\/guderley.com\/wp-content\/uploads\/img_8008-scaled.jpg?fit=1920%2C2560","contentUrl":"https:\/\/i0.wp.com\/guderley.com\/wp-content\/uploads\/img_8008-scaled.jpg?fit=1920%2C2560","width":1920,"height":2560,"caption":"guenter"},"logo":{"@id":"https:\/\/guderley.com\/#\/schema\/person\/image\/"},"sameAs":["http:\/\/guderley.com\/blog"],"url":"https:\/\/guderley.com\/?author=2"}]}},"jetpack_featured_media_url":"","jetpack_sharing_enabled":true,"jetpack_shortlink":"https:\/\/wp.me\/p9IuXF-cW","jetpack_likes_enabled":true,"jetpack-related-posts":[{"id":1306,"url":"https:\/\/guderley.com\/?p=1306","url_meta":{"origin":802,"position":0},"title":"24.7.  Kauksi \/ Estland &#8211; 8. Tag &#8211; 602 km","author":"guenter","date":"Juli 25, 2012","format":false,"excerpt":"Es sollte ein sehr langer Radtag werden, das wusste ich allerdings morgens um 8 Uhr vor der be\u00fchmten Festung in Narva noch nicht. Es hatte die ganze Nacht m\u00e4chtig geregnet aber p\u00fcnktlich um 6 Uhr h\u00f6rte es auf. Frohen Mutes machte ich mich auf den Weg zur\u00fcck. Ich musste etwa\u2026","rel":"","context":"In &quot;2012 BALTIKUM&quot;","block_context":{"text":"2012 BALTIKUM","link":"https:\/\/guderley.com\/?cat=22"},"img":{"alt_text":"","src":"https:\/\/i0.wp.com\/guderley.com\/wp-content\/uploads\/2012\/07\/wpid-Photo-24.07.2012-0809.jpg?resize=350%2C200","width":350,"height":200},"classes":[]},{"id":500,"url":"https:\/\/guderley.com\/?p=500","url_meta":{"origin":802,"position":1},"title":"VITTEL (Vosges)  km 3459","author":"guenter","date":"Juni 21, 2010","format":false,"excerpt":"Heute war ein guter Radtag, die Sonne war da, es war zwar kalt und sehr windig, aber trocken. Nach 10 km auf der Nationalstra\u00dfe in Richtung Langres hatte ich die Tuchf\u00fchlung mit den LKWs satt und bin total aufs Land abgebogen, das hat mir zwar unendliche Auf- und Abfahrten hier\u2026","rel":"","context":"In &quot;2010 EUROPATOUR&quot;","block_context":{"text":"2010 EUROPATOUR","link":"https:\/\/guderley.com\/?cat=1"},"img":{"alt_text":"","src":"","width":0,"height":0},"classes":[]},{"id":1694,"url":"https:\/\/guderley.com\/?p=1694","url_meta":{"origin":802,"position":2},"title":"Itzehoe  &#8211;  Tag 6  &#8211;  Samstag, 18. Mai","author":"guenter","date":"Mai 18, 2013","format":false,"excerpt":"78 km \/ 320 hm \/ 5:03 h - Gesamt 774 km \/ 3187 hm \/ 44:47 h Bis Kiel sind es noch rund 160 km und es war klar die werden in zwei Teile geteilt. Also ganz gem\u00fctlich gut gefr\u00fchst\u00fcckt und gleich rein in die volle Regenmontur. Stade an\u2026","rel":"","context":"In &quot;2013 NORDKAPP&quot;","block_context":{"text":"2013 NORDKAPP","link":"https:\/\/guderley.com\/?cat=23"},"img":{"alt_text":"","src":"https:\/\/i0.wp.com\/guderley.com\/wp-content\/uploads\/2013\/05\/wpid-Photo-18.05.2013-1138.jpg?resize=350%2C200","width":350,"height":200},"classes":[]},{"id":4585,"url":"https:\/\/guderley.com\/?p=4585","url_meta":{"origin":802,"position":3},"title":"MRT 2022 &#8211; 18.07. &#8211; Tag 13 &#8211; 106 km &#8211; Total: 1178 &#8211; Ferryville WI &#8211; Cassville WI","author":"guenter","date":"Juli 19, 2022","format":false,"excerpt":"Wusste heute morgen nicht so genau auf welcher Seite ich fahren sollte. Wisconsin oder Iowa ? Klar war, dass ich nach Prairie Du Chien musste - gute 25 Meilen - auch einige kleinere Anstiege dabei. Lie\u00df sich gut fahren - war die ersten beiden Stunden meist im Schatten. Prairie Du\u2026","rel":"","context":"In &quot;2022 Mississippi&quot;","block_context":{"text":"2022 Mississippi","link":"https:\/\/guderley.com\/?cat=31"},"img":{"alt_text":"","src":"https:\/\/i0.wp.com\/guderley.com\/wp-content\/uploads\/img_8030-scaled.jpg?resize=350%2C200","width":350,"height":200,"srcset":"https:\/\/i0.wp.com\/guderley.com\/wp-content\/uploads\/img_8030-scaled.jpg?resize=350%2C200 1x, https:\/\/i0.wp.com\/guderley.com\/wp-content\/uploads\/img_8030-scaled.jpg?resize=525%2C300 1.5x, https:\/\/i0.wp.com\/guderley.com\/wp-content\/uploads\/img_8030-scaled.jpg?resize=700%2C400 2x, https:\/\/i0.wp.com\/guderley.com\/wp-content\/uploads\/img_8030-scaled.jpg?resize=1050%2C600 3x, https:\/\/i0.wp.com\/guderley.com\/wp-content\/uploads\/img_8030-scaled.jpg?resize=1400%2C800 4x"},"classes":[]},{"id":849,"url":"https:\/\/guderley.com\/?p=849","url_meta":{"origin":802,"position":4},"title":"12.06.2011 Mari\u00e1nsk\u00e9 L\u00e1zn\u011b \/ CZ  299 km","author":"guenter","date":"Juni 12, 2011","format":false,"excerpt":"Von Sch\u00f6nsee aus war es ein Katzensprung hin\u00fcber nach B\u00f6hmen. Schrecklich sind die unz\u00e4hligen Verkaufsbuden und die Nachtclubs im grenznahen Bereich. Aber wir wollten weder Einkaufen noch ..... Also sind wir durch eine fast menschenleere Natur geradelt, teilweise war unser tschechischer Radweg zum Singletrail mutiert, zwischendurch gab es dann doch\u2026","rel":"","context":"In &quot;2014 PATAGONIEN&quot;","block_context":{"text":"2014 PATAGONIEN","link":"https:\/\/guderley.com\/?cat=26"},"img":{"alt_text":"","src":"","width":0,"height":0},"classes":[]},{"id":2605,"url":"https:\/\/guderley.com\/?p=2605","url_meta":{"origin":802,"position":5},"title":"14. Dez. 2014 &#8211; So &#8211; 31. Tag","author":"guenter","date":"Dezember 15, 2014","format":false,"excerpt":"108. Etappe - Tolhuin - Ushuaia 105 km - 1178 hm \/ Gesamt-Km: 2442Eine trockene und weitgehend windstille Nacht ging zu Ende als wir gegen 6 Uhr zum letzten Mal auf dieser Tour unsere Zelte abbauten. Eine g\u00fcnstige Situation, da das Campingequipment gleich final eingepackt werden konnte.Die gute Nachricht am\u2026","rel":"","context":"In &quot;2014 PATAGONIEN&quot;","block_context":{"text":"2014 PATAGONIEN","link":"https:\/\/guderley.com\/?cat=26"},"img":{"alt_text":"","src":"https:\/\/i0.wp.com\/guderley.com\/wp-content\/uploads\/2014\/12\/wpid-Photo-14.12.2014-0836.jpg?resize=350%2C200","width":350,"height":200},"classes":[]}],"_links":{"self":[{"href":"https:\/\/guderley.com\/index.php?rest_route=\/wp\/v2\/posts\/802","targetHints":{"allow":["GET"]}}],"collection":[{"href":"https:\/\/guderley.com\/index.php?rest_route=\/wp\/v2\/posts"}],"about":[{"href":"https:\/\/guderley.com\/index.php?rest_route=\/wp\/v2\/types\/post"}],"author":[{"embeddable":true,"href":"https:\/\/guderley.com\/index.php?rest_route=\/wp\/v2\/users\/2"}],"replies":[{"embeddable":true,"href":"https:\/\/guderley.com\/index.php?rest_route=%2Fwp%2Fv2%2Fcomments&post=802"}],"version-history":[{"count":1,"href":"https:\/\/guderley.com\/index.php?rest_route=\/wp\/v2\/posts\/802\/revisions"}],"predecessor-version":[{"id":803,"href":"https:\/\/guderley.com\/index.php?rest_route=\/wp\/v2\/posts\/802\/revisions\/803"}],"wp:attachment":[{"href":"https:\/\/guderley.com\/index.php?rest_route=%2Fwp%2Fv2%2Fmedia&parent=802"}],"wp:term":[{"taxonomy":"category","embeddable":true,"href":"https:\/\/guderley.com\/index.php?rest_route=%2Fwp%2Fv2%2Fcategories&post=802"},{"taxonomy":"post_tag","embeddable":true,"href":"https:\/\/guderley.com\/index.php?rest_route=%2Fwp%2Fv2%2Ftags&post=802"}],"curies":[{"name":"wp","href":"https:\/\/api.w.org\/{rel}","templated":true}]}}