{"id":749,"date":"2011-03-01T04:07:37","date_gmt":"2011-03-01T03:07:37","guid":{"rendered":"http:\/\/guderley.com\/?p=749"},"modified":"2011-03-01T04:16:46","modified_gmt":"2011-03-01T03:16:46","slug":"cusco-28-2","status":"publish","type":"post","link":"https:\/\/guderley.com\/?p=749","title":{"rendered":"Cusco  28.2."},"content":{"rendered":"<p>Die Ausr\u00fcstung ist gepackt. Morgen um 5:15 Uhr (MEZ 11:15) startet unsere 4-t\u00e4gige Wanderung auf dem Inka-Trail nach Machu Picchu. Drei N\u00e4chte im Zelt und ein ordentliches H\u00f6henprofil warten auf uns.<br \/>\nAus technischen Gr\u00fcnden kommt es zu einer Blogpause bis 5.3. M\u00f6ge der Wettergott der Inkas uns gn\u00e4dig sein. Im Moment (22:00 Uhr Ortszeit) gie\u00dft es aus Eimern.<br \/>\nSaludos y hasta pronto. <\/p>\n","protected":false},"excerpt":{"rendered":"<p>Die Ausr\u00fcstung ist gepackt. Morgen um 5:15 Uhr (MEZ 11:15) startet unsere 4-t\u00e4gige Wanderung auf dem Inka-Trail nach Machu Picchu. Drei N\u00e4chte im Zelt und ein ordentliches H\u00f6henprofil warten auf uns. Aus technischen Gr\u00fcnden kommt es zu einer Blogpause bis 5.3. M\u00f6ge der Wettergott der Inkas uns gn\u00e4dig sein. Im Moment (22:00 Uhr Ortszeit) gie\u00dft [&hellip;]<\/p>\n","protected":false},"author":2,"featured_media":0,"comment_status":"closed","ping_status":"closed","sticky":false,"template":"","format":"standard","meta":{"_jetpack_newsletter_access":"","_jetpack_dont_email_post_to_subs":false,"_jetpack_newsletter_tier_id":0,"_jetpack_memberships_contains_paywalled_content":false,"_jetpack_memberships_contains_paid_content":false,"footnotes":""},"categories":[10],"tags":[],"class_list":["post-749","post","type-post","status-publish","format-standard","hentry","category-2011-sudamerika"],"yoast_head":"<!-- This site is optimized with the Yoast SEO plugin v25.8 - https:\/\/yoast.com\/wordpress\/plugins\/seo\/ -->\n<title>Cusco 28.2. - G\u00fcnter&#039;s Blog<\/title>\n<meta name=\"robots\" content=\"index, follow, max-snippet:-1, max-image-preview:large, max-video-preview:-1\" \/>\n<link rel=\"canonical\" href=\"https:\/\/guderley.com\/?p=749\" \/>\n<meta property=\"og:locale\" content=\"de_DE\" \/>\n<meta property=\"og:type\" content=\"article\" \/>\n<meta property=\"og:title\" content=\"Cusco 28.2. - G\u00fcnter&#039;s Blog\" \/>\n<meta property=\"og:description\" content=\"Die Ausr\u00fcstung ist gepackt. Morgen um 5:15 Uhr (MEZ 11:15) startet unsere 4-t\u00e4gige Wanderung auf dem Inka-Trail nach Machu Picchu. Drei N\u00e4chte im Zelt und ein ordentliches H\u00f6henprofil warten auf uns. Aus technischen Gr\u00fcnden kommt es zu einer Blogpause bis 5.3. M\u00f6ge der Wettergott der Inkas uns gn\u00e4dig sein. Im Moment (22:00 Uhr Ortszeit) gie\u00dft [&hellip;]\" \/>\n<meta property=\"og:url\" content=\"https:\/\/guderley.com\/?p=749\" \/>\n<meta property=\"og:site_name\" content=\"G\u00fcnter&#039;s Blog\" \/>\n<meta property=\"article:published_time\" content=\"2011-03-01T03:07:37+00:00\" \/>\n<meta property=\"article:modified_time\" content=\"2011-03-01T03:16:46+00:00\" \/>\n<meta property=\"og:image\" content=\"https:\/\/i0.wp.com\/guderley.com\/wp-content\/uploads\/img_7992-scaled.jpg?fit=2560%2C1920&ssl=1\" \/>\n\t<meta property=\"og:image:width\" content=\"2560\" \/>\n\t<meta property=\"og:image:height\" content=\"1920\" \/>\n\t<meta property=\"og:image:type\" content=\"image\/jpeg\" \/>\n<meta name=\"author\" content=\"guenter\" \/>\n<meta name=\"twitter:card\" content=\"summary_large_image\" \/>\n<meta name=\"twitter:label1\" content=\"Verfasst von\" \/>\n\t<meta name=\"twitter:data1\" content=\"guenter\" \/>\n<script type=\"application\/ld+json\" class=\"yoast-schema-graph\">{\"@context\":\"https:\/\/schema.org\",\"@graph\":[{\"@type\":\"Article\",\"@id\":\"https:\/\/guderley.com\/?p=749#article\",\"isPartOf\":{\"@id\":\"https:\/\/guderley.com\/?p=749\"},\"author\":{\"name\":\"guenter\",\"@id\":\"https:\/\/guderley.com\/#\/schema\/person\/24a827645a6fedd3481426a7028dfdcd\"},\"headline\":\"Cusco 28.2.\",\"datePublished\":\"2011-03-01T03:07:37+00:00\",\"dateModified\":\"2011-03-01T03:16:46+00:00\",\"mainEntityOfPage\":{\"@id\":\"https:\/\/guderley.com\/?p=749\"},\"wordCount\":67,\"publisher\":{\"@id\":\"https:\/\/guderley.com\/#\/schema\/person\/24a827645a6fedd3481426a7028dfdcd\"},\"articleSection\":[\"2011_02 LATEINAMERIKA\"],\"inLanguage\":\"de\"},{\"@type\":\"WebPage\",\"@id\":\"https:\/\/guderley.com\/?p=749\",\"url\":\"https:\/\/guderley.com\/?p=749\",\"name\":\"Cusco 28.2. - G\u00fcnter&#039;s Blog\",\"isPartOf\":{\"@id\":\"https:\/\/guderley.com\/#website\"},\"datePublished\":\"2011-03-01T03:07:37+00:00\",\"dateModified\":\"2011-03-01T03:16:46+00:00\",\"breadcrumb\":{\"@id\":\"https:\/\/guderley.com\/?p=749#breadcrumb\"},\"inLanguage\":\"de\",\"potentialAction\":[{\"@type\":\"ReadAction\",\"target\":[\"https:\/\/guderley.com\/?p=749\"]}]},{\"@type\":\"BreadcrumbList\",\"@id\":\"https:\/\/guderley.com\/?p=749#breadcrumb\",\"itemListElement\":[{\"@type\":\"ListItem\",\"position\":1,\"name\":\"Startseite\",\"item\":\"https:\/\/guderley.com\/\"},{\"@type\":\"ListItem\",\"position\":2,\"name\":\"Cusco 28.2.\"}]},{\"@type\":\"WebSite\",\"@id\":\"https:\/\/guderley.com\/#website\",\"url\":\"https:\/\/guderley.com\/\",\"name\":\"G\u00fcnter's Blog\",\"description\":\"Fahrrad Touren rund um die Welt\",\"publisher\":{\"@id\":\"https:\/\/guderley.com\/#\/schema\/person\/24a827645a6fedd3481426a7028dfdcd\"},\"alternateName\":\"G\u00fcnter's Blog\",\"potentialAction\":[{\"@type\":\"SearchAction\",\"target\":{\"@type\":\"EntryPoint\",\"urlTemplate\":\"https:\/\/guderley.com\/?s={search_term_string}\"},\"query-input\":{\"@type\":\"PropertyValueSpecification\",\"valueRequired\":true,\"valueName\":\"search_term_string\"}}],\"inLanguage\":\"de\"},{\"@type\":[\"Person\",\"Organization\"],\"@id\":\"https:\/\/guderley.com\/#\/schema\/person\/24a827645a6fedd3481426a7028dfdcd\",\"name\":\"guenter\",\"image\":{\"@type\":\"ImageObject\",\"inLanguage\":\"de\",\"@id\":\"https:\/\/guderley.com\/#\/schema\/person\/image\/\",\"url\":\"https:\/\/i0.wp.com\/guderley.com\/wp-content\/uploads\/img_8008-scaled.jpg?fit=1920%2C2560\",\"contentUrl\":\"https:\/\/i0.wp.com\/guderley.com\/wp-content\/uploads\/img_8008-scaled.jpg?fit=1920%2C2560\",\"width\":1920,\"height\":2560,\"caption\":\"guenter\"},\"logo\":{\"@id\":\"https:\/\/guderley.com\/#\/schema\/person\/image\/\"},\"sameAs\":[\"http:\/\/guderley.com\/blog\"],\"url\":\"https:\/\/guderley.com\/?author=2\"}]}<\/script>\n<!-- \/ Yoast SEO plugin. -->","yoast_head_json":{"title":"Cusco 28.2. - G\u00fcnter&#039;s Blog","robots":{"index":"index","follow":"follow","max-snippet":"max-snippet:-1","max-image-preview":"max-image-preview:large","max-video-preview":"max-video-preview:-1"},"canonical":"https:\/\/guderley.com\/?p=749","og_locale":"de_DE","og_type":"article","og_title":"Cusco 28.2. - G\u00fcnter&#039;s Blog","og_description":"Die Ausr\u00fcstung ist gepackt. Morgen um 5:15 Uhr (MEZ 11:15) startet unsere 4-t\u00e4gige Wanderung auf dem Inka-Trail nach Machu Picchu. Drei N\u00e4chte im Zelt und ein ordentliches H\u00f6henprofil warten auf uns. Aus technischen Gr\u00fcnden kommt es zu einer Blogpause bis 5.3. M\u00f6ge der Wettergott der Inkas uns gn\u00e4dig sein. Im Moment (22:00 Uhr Ortszeit) gie\u00dft [&hellip;]","og_url":"https:\/\/guderley.com\/?p=749","og_site_name":"G\u00fcnter&#039;s Blog","article_published_time":"2011-03-01T03:07:37+00:00","article_modified_time":"2011-03-01T03:16:46+00:00","og_image":[{"width":2560,"height":1920,"url":"https:\/\/i0.wp.com\/guderley.com\/wp-content\/uploads\/img_7992-scaled.jpg?fit=2560%2C1920&ssl=1","type":"image\/jpeg"}],"author":"guenter","twitter_card":"summary_large_image","twitter_misc":{"Verfasst von":"guenter"},"schema":{"@context":"https:\/\/schema.org","@graph":[{"@type":"Article","@id":"https:\/\/guderley.com\/?p=749#article","isPartOf":{"@id":"https:\/\/guderley.com\/?p=749"},"author":{"name":"guenter","@id":"https:\/\/guderley.com\/#\/schema\/person\/24a827645a6fedd3481426a7028dfdcd"},"headline":"Cusco 28.2.","datePublished":"2011-03-01T03:07:37+00:00","dateModified":"2011-03-01T03:16:46+00:00","mainEntityOfPage":{"@id":"https:\/\/guderley.com\/?p=749"},"wordCount":67,"publisher":{"@id":"https:\/\/guderley.com\/#\/schema\/person\/24a827645a6fedd3481426a7028dfdcd"},"articleSection":["2011_02 LATEINAMERIKA"],"inLanguage":"de"},{"@type":"WebPage","@id":"https:\/\/guderley.com\/?p=749","url":"https:\/\/guderley.com\/?p=749","name":"Cusco 28.2. - G\u00fcnter&#039;s Blog","isPartOf":{"@id":"https:\/\/guderley.com\/#website"},"datePublished":"2011-03-01T03:07:37+00:00","dateModified":"2011-03-01T03:16:46+00:00","breadcrumb":{"@id":"https:\/\/guderley.com\/?p=749#breadcrumb"},"inLanguage":"de","potentialAction":[{"@type":"ReadAction","target":["https:\/\/guderley.com\/?p=749"]}]},{"@type":"BreadcrumbList","@id":"https:\/\/guderley.com\/?p=749#breadcrumb","itemListElement":[{"@type":"ListItem","position":1,"name":"Startseite","item":"https:\/\/guderley.com\/"},{"@type":"ListItem","position":2,"name":"Cusco 28.2."}]},{"@type":"WebSite","@id":"https:\/\/guderley.com\/#website","url":"https:\/\/guderley.com\/","name":"G\u00fcnter's Blog","description":"Fahrrad Touren rund um die Welt","publisher":{"@id":"https:\/\/guderley.com\/#\/schema\/person\/24a827645a6fedd3481426a7028dfdcd"},"alternateName":"G\u00fcnter's Blog","potentialAction":[{"@type":"SearchAction","target":{"@type":"EntryPoint","urlTemplate":"https:\/\/guderley.com\/?s={search_term_string}"},"query-input":{"@type":"PropertyValueSpecification","valueRequired":true,"valueName":"search_term_string"}}],"inLanguage":"de"},{"@type":["Person","Organization"],"@id":"https:\/\/guderley.com\/#\/schema\/person\/24a827645a6fedd3481426a7028dfdcd","name":"guenter","image":{"@type":"ImageObject","inLanguage":"de","@id":"https:\/\/guderley.com\/#\/schema\/person\/image\/","url":"https:\/\/i0.wp.com\/guderley.com\/wp-content\/uploads\/img_8008-scaled.jpg?fit=1920%2C2560","contentUrl":"https:\/\/i0.wp.com\/guderley.com\/wp-content\/uploads\/img_8008-scaled.jpg?fit=1920%2C2560","width":1920,"height":2560,"caption":"guenter"},"logo":{"@id":"https:\/\/guderley.com\/#\/schema\/person\/image\/"},"sameAs":["http:\/\/guderley.com\/blog"],"url":"https:\/\/guderley.com\/?author=2"}]}},"jetpack_featured_media_url":"","jetpack_sharing_enabled":true,"jetpack_shortlink":"https:\/\/wp.me\/p9IuXF-c5","jetpack_likes_enabled":true,"jetpack-related-posts":[{"id":1080,"url":"https:\/\/guderley.com\/?p=1080","url_meta":{"origin":749,"position":0},"title":"25.05. Dieppe (786 km)","author":"guenter","date":"Mai 25, 2012","format":false,"excerpt":"Freitag: 15:00 Uhr - Vor wenigen Minuten haben die Radler den Strand von Dieppe erreicht. Wir sind stolz und zufrieden Frankreich durchquert zu haben. R\u00fcckblick zu gestern: Es war in der Tat ein langer Radtag mit vielen Kilometern aus der Champagne heraus und quer durch die Picardie, bei herrlichem Sonnenschein.\u2026","rel":"","context":"In &quot;2012 ROTARY-RADTOUR&quot;","block_context":{"text":"2012 ROTARY-RADTOUR","link":"https:\/\/guderley.com\/?cat=20"},"img":{"alt_text":"","src":"https:\/\/i0.wp.com\/guderley.com\/wp-content\/uploads\/2012\/05\/DSC02305.jpg?resize=350%2C200","width":350,"height":200},"classes":[]},{"id":1138,"url":"https:\/\/guderley.com\/?p=1138","url_meta":{"origin":749,"position":1},"title":"26.05. Chichester (865 km)","author":"guenter","date":"Mai 26, 2012","format":false,"excerpt":"Wir sind in Chichester planm\u00e4\u00dfig eingetroffen. Heute war zwar mit knapp 80 km unser k\u00fcrzester Tag auf dem Rad, allerdings mussten wir schon kurz vor 5 Uhr am F\u00e4hranleger in Dieppe sein. Gegen 10 Uhr (britische Zeit - 1) erreichten wir Newhaven und kurze Zeit sp\u00e4ter st\u00fcrzten wir uns in\u2026","rel":"","context":"In &quot;2012 ROTARY-RADTOUR&quot;","block_context":{"text":"2012 ROTARY-RADTOUR","link":"https:\/\/guderley.com\/?cat=20"},"img":{"alt_text":"","src":"https:\/\/i0.wp.com\/guderley.com\/wp-content\/uploads\/2012\/05\/DSC02360.jpg?resize=350%2C200","width":350,"height":200},"classes":[]},{"id":2469,"url":"https:\/\/guderley.com\/?p=2469","url_meta":{"origin":749,"position":2},"title":"3. Dez. 2014 &#8211; Mi &#8211; 20. Tag","author":"guenter","date":"Dezember 4, 2014","format":false,"excerpt":"Etappe 99 - Bushcamp - Cerro Castillo \/ Chile91 km - 540 hm \/ Gesamt: 1642 kmEine Nacht im Bushcamp hat schon ihren Reiz. Maximale Stille - einfach Natur pur !!Die Nachteile liegen auf der Hand - keine Waschm\u00f6glichkeiten, geschweige denn Toilette. Mit ein bisschen Kreativit\u00e4t geht das problemlos einige\u2026","rel":"","context":"In &quot;2014 PATAGONIEN&quot;","block_context":{"text":"2014 PATAGONIEN","link":"https:\/\/guderley.com\/?cat=26"},"img":{"alt_text":"","src":"https:\/\/i0.wp.com\/guderley.com\/wp-content\/uploads\/2014\/12\/wpid-Photo-04.12.2014-1558.jpg?resize=350%2C200","width":350,"height":200},"classes":[]},{"id":699,"url":"https:\/\/guderley.com\/?p=699","url_meta":{"origin":749,"position":3},"title":"Busfahrt ab Uyuni 23.2.","author":"guenter","date":"Februar 24, 2011","format":false,"excerpt":"Puenktlich um 20:00 Uhr startete unser Bus in Richtung Oruru, geplante Ankunft dort gegen 3:30 Uhr. Der Bus war etwa zur Haelfte mit Einheimischen besetzt, zur anderen Haelfte mit Travellern. Es braucht nicht viel Phantasie um sich das Klima und die Gerueche im Bus vorzustellen. Wir schaukelten ca. 2 Stunden\u2026","rel":"","context":"In &quot;2011_02 LATEINAMERIKA&quot;","block_context":{"text":"2011_02 LATEINAMERIKA","link":"https:\/\/guderley.com\/?cat=10"},"img":{"alt_text":"","src":"","width":0,"height":0},"classes":[]},{"id":2563,"url":"https:\/\/guderley.com\/?p=2563","url_meta":{"origin":749,"position":4},"title":"11. Dez. 2014 &#8211; Do &#8211; 28. Tag","author":"guenter","date":"Dezember 11, 2014","format":false,"excerpt":"Etappe 105 + 106 - Tierra del Fuego - R\u00edo Grande148 km - 1300 hm \/ Gesamt: 2248 kmMit dem Meeresrauschen bin ich eingeschlafen und kurz nach Mitternacht durch das Prasseln des Regens auf meinem Zeltdach wieder aufgewacht.Irgendwann muss es aufgeh\u00f6rt haben und auch der b\u00f6ige Wind war am Morgen\u2026","rel":"","context":"In &quot;2014 PATAGONIEN&quot;","block_context":{"text":"2014 PATAGONIEN","link":"https:\/\/guderley.com\/?cat=26"},"img":{"alt_text":"","src":"https:\/\/i0.wp.com\/guderley.com\/wp-content\/uploads\/2014\/12\/wpid-Photo-11.12.2014-0859.jpg?resize=350%2C200","width":350,"height":200},"classes":[]},{"id":6212,"url":"https:\/\/guderley.com\/?p=6212","url_meta":{"origin":749,"position":5},"title":"ST &#8211; Tag 7 &#8211; 22.02. \/ Tacna, AZ \u2014&gt; Autoshuttle \u2014&gt; 120 km to Gila Bend, AZ mit dem Rad Gila Bend, AZ to Maricopa, AZ 72 km &#8211; 303 hm &#8211; 4:58 h : Gesamt: 566 km \/ 3903 hm \/ 53:24 h im Sattel","author":"guenter","date":"Februar 23, 2025","format":false,"excerpt":"Sonnenuntergang war um 18:30 Uhr, hier wird es sehr schnell dunkel. Also 19:00 im Zelt - Sonnenaufgang 7:15 Uhr. Eine sehr lange Nacht - konnte mich anfangs gar nicht sattsehen an dem Sternenhimmel. Lediglich vor 30 Jahren beim Aufstieg auf den Kilimandscharo habe ich einen solchen Himmel gesehen. Durch die\u2026","rel":"","context":"In &quot;2025_Southern Tier - San Diego nach Austin&quot;","block_context":{"text":"2025_Southern Tier - San Diego nach Austin","link":"https:\/\/guderley.com\/?cat=36"},"img":{"alt_text":"","src":"https:\/\/i0.wp.com\/guderley.com\/wp-content\/uploads\/img_8930.jpg?resize=350%2C200","width":350,"height":200,"srcset":"https:\/\/i0.wp.com\/guderley.com\/wp-content\/uploads\/img_8930.jpg?resize=350%2C200 1x, https:\/\/i0.wp.com\/guderley.com\/wp-content\/uploads\/img_8930.jpg?resize=525%2C300 1.5x, https:\/\/i0.wp.com\/guderley.com\/wp-content\/uploads\/img_8930.jpg?resize=700%2C400 2x, https:\/\/i0.wp.com\/guderley.com\/wp-content\/uploads\/img_8930.jpg?resize=1050%2C600 3x, https:\/\/i0.wp.com\/guderley.com\/wp-content\/uploads\/img_8930.jpg?resize=1400%2C800 4x"},"classes":[]}],"_links":{"self":[{"href":"https:\/\/guderley.com\/index.php?rest_route=\/wp\/v2\/posts\/749","targetHints":{"allow":["GET"]}}],"collection":[{"href":"https:\/\/guderley.com\/index.php?rest_route=\/wp\/v2\/posts"}],"about":[{"href":"https:\/\/guderley.com\/index.php?rest_route=\/wp\/v2\/types\/post"}],"author":[{"embeddable":true,"href":"https:\/\/guderley.com\/index.php?rest_route=\/wp\/v2\/users\/2"}],"replies":[{"embeddable":true,"href":"https:\/\/guderley.com\/index.php?rest_route=%2Fwp%2Fv2%2Fcomments&post=749"}],"version-history":[{"count":4,"href":"https:\/\/guderley.com\/index.php?rest_route=\/wp\/v2\/posts\/749\/revisions"}],"predecessor-version":[{"id":753,"href":"https:\/\/guderley.com\/index.php?rest_route=\/wp\/v2\/posts\/749\/revisions\/753"}],"wp:attachment":[{"href":"https:\/\/guderley.com\/index.php?rest_route=%2Fwp%2Fv2%2Fmedia&parent=749"}],"wp:term":[{"taxonomy":"category","embeddable":true,"href":"https:\/\/guderley.com\/index.php?rest_route=%2Fwp%2Fv2%2Fcategories&post=749"},{"taxonomy":"post_tag","embeddable":true,"href":"https:\/\/guderley.com\/index.php?rest_route=%2Fwp%2Fv2%2Ftags&post=749"}],"curies":[{"name":"wp","href":"https:\/\/api.w.org\/{rel}","templated":true}]}}