{"id":747,"date":"2011-02-27T23:41:42","date_gmt":"2011-02-27T22:41:42","guid":{"rendered":"http:\/\/guderley.com\/?p=747"},"modified":"2011-02-27T23:41:42","modified_gmt":"2011-02-27T22:41:42","slug":"cusco-peru-27-2","status":"publish","type":"post","link":"https:\/\/guderley.com\/?p=747","title":{"rendered":"Cusco \/ Peru  27.2."},"content":{"rendered":"<p>Nach den langen Transfers mit den Bussen in den letzten Wochen, war es heute m\u00e4chtig entspannend, nach einer knappen Stunde das Flugzeug verlassen zu k\u00f6nnen. Wir sind jetzt im f\u00fcnften Land unserer Lateinamerikatour angekommen. Cusco liegt etwa 3400 m hoch, wunderbar in gr\u00fcne H\u00fcgel eingebettet und ist ein f\u00fcr s\u00fcdamerikanische Verh\u00e4ltnisse fast einladendes St\u00e4dtchen.<br \/>\nAm Dienstag steht uns nun ein weiterer H\u00f6hepunkt unserer Reise bevor. Wir werden in vier Tagen auf dem ber\u00fchmten Inkatrail nach Macchu Picchu wandern. <\/p>\n","protected":false},"excerpt":{"rendered":"<p>Nach den langen Transfers mit den Bussen in den letzten Wochen, war es heute m\u00e4chtig entspannend, nach einer knappen Stunde das Flugzeug verlassen zu k\u00f6nnen. Wir sind jetzt im f\u00fcnften Land unserer Lateinamerikatour angekommen. Cusco liegt etwa 3400 m hoch, wunderbar in gr\u00fcne H\u00fcgel eingebettet und ist ein f\u00fcr s\u00fcdamerikanische Verh\u00e4ltnisse fast einladendes St\u00e4dtchen. Am [&hellip;]<\/p>\n","protected":false},"author":2,"featured_media":0,"comment_status":"open","ping_status":"open","sticky":false,"template":"","format":"standard","meta":{"_jetpack_newsletter_access":"","_jetpack_dont_email_post_to_subs":false,"_jetpack_newsletter_tier_id":0,"_jetpack_memberships_contains_paywalled_content":false,"_jetpack_memberships_contains_paid_content":false,"footnotes":""},"categories":[10],"tags":[],"class_list":["post-747","post","type-post","status-publish","format-standard","hentry","category-2011-sudamerika"],"yoast_head":"<!-- This site is optimized with the Yoast SEO plugin v25.8 - https:\/\/yoast.com\/wordpress\/plugins\/seo\/ -->\n<title>Cusco \/ Peru 27.2. - G\u00fcnter&#039;s Blog<\/title>\n<meta name=\"robots\" content=\"index, follow, max-snippet:-1, max-image-preview:large, max-video-preview:-1\" \/>\n<link rel=\"canonical\" href=\"https:\/\/guderley.com\/?p=747\" \/>\n<meta property=\"og:locale\" content=\"de_DE\" \/>\n<meta property=\"og:type\" content=\"article\" \/>\n<meta property=\"og:title\" content=\"Cusco \/ Peru 27.2. - G\u00fcnter&#039;s Blog\" \/>\n<meta property=\"og:description\" content=\"Nach den langen Transfers mit den Bussen in den letzten Wochen, war es heute m\u00e4chtig entspannend, nach einer knappen Stunde das Flugzeug verlassen zu k\u00f6nnen. Wir sind jetzt im f\u00fcnften Land unserer Lateinamerikatour angekommen. Cusco liegt etwa 3400 m hoch, wunderbar in gr\u00fcne H\u00fcgel eingebettet und ist ein f\u00fcr s\u00fcdamerikanische Verh\u00e4ltnisse fast einladendes St\u00e4dtchen. Am [&hellip;]\" \/>\n<meta property=\"og:url\" content=\"https:\/\/guderley.com\/?p=747\" \/>\n<meta property=\"og:site_name\" content=\"G\u00fcnter&#039;s Blog\" \/>\n<meta property=\"article:published_time\" content=\"2011-02-27T22:41:42+00:00\" \/>\n<meta property=\"og:image\" content=\"https:\/\/i0.wp.com\/guderley.com\/wp-content\/uploads\/img_7992-scaled.jpg?fit=2560%2C1920&ssl=1\" \/>\n\t<meta property=\"og:image:width\" content=\"2560\" \/>\n\t<meta property=\"og:image:height\" content=\"1920\" \/>\n\t<meta property=\"og:image:type\" content=\"image\/jpeg\" \/>\n<meta name=\"author\" content=\"guenter\" \/>\n<meta name=\"twitter:card\" content=\"summary_large_image\" \/>\n<meta name=\"twitter:label1\" content=\"Verfasst von\" \/>\n\t<meta name=\"twitter:data1\" content=\"guenter\" \/>\n<script type=\"application\/ld+json\" class=\"yoast-schema-graph\">{\"@context\":\"https:\/\/schema.org\",\"@graph\":[{\"@type\":\"Article\",\"@id\":\"https:\/\/guderley.com\/?p=747#article\",\"isPartOf\":{\"@id\":\"https:\/\/guderley.com\/?p=747\"},\"author\":{\"name\":\"guenter\",\"@id\":\"https:\/\/guderley.com\/#\/schema\/person\/24a827645a6fedd3481426a7028dfdcd\"},\"headline\":\"Cusco \/ Peru 27.2.\",\"datePublished\":\"2011-02-27T22:41:42+00:00\",\"mainEntityOfPage\":{\"@id\":\"https:\/\/guderley.com\/?p=747\"},\"wordCount\":90,\"commentCount\":2,\"publisher\":{\"@id\":\"https:\/\/guderley.com\/#\/schema\/person\/24a827645a6fedd3481426a7028dfdcd\"},\"articleSection\":[\"2011_02 LATEINAMERIKA\"],\"inLanguage\":\"de\",\"potentialAction\":[{\"@type\":\"CommentAction\",\"name\":\"Comment\",\"target\":[\"https:\/\/guderley.com\/?p=747#respond\"]}]},{\"@type\":\"WebPage\",\"@id\":\"https:\/\/guderley.com\/?p=747\",\"url\":\"https:\/\/guderley.com\/?p=747\",\"name\":\"Cusco \/ Peru 27.2. - G\u00fcnter&#039;s Blog\",\"isPartOf\":{\"@id\":\"https:\/\/guderley.com\/#website\"},\"datePublished\":\"2011-02-27T22:41:42+00:00\",\"breadcrumb\":{\"@id\":\"https:\/\/guderley.com\/?p=747#breadcrumb\"},\"inLanguage\":\"de\",\"potentialAction\":[{\"@type\":\"ReadAction\",\"target\":[\"https:\/\/guderley.com\/?p=747\"]}]},{\"@type\":\"BreadcrumbList\",\"@id\":\"https:\/\/guderley.com\/?p=747#breadcrumb\",\"itemListElement\":[{\"@type\":\"ListItem\",\"position\":1,\"name\":\"Startseite\",\"item\":\"https:\/\/guderley.com\/\"},{\"@type\":\"ListItem\",\"position\":2,\"name\":\"Cusco \/ Peru 27.2.\"}]},{\"@type\":\"WebSite\",\"@id\":\"https:\/\/guderley.com\/#website\",\"url\":\"https:\/\/guderley.com\/\",\"name\":\"G\u00fcnter's Blog\",\"description\":\"Fahrrad Touren rund um die Welt\",\"publisher\":{\"@id\":\"https:\/\/guderley.com\/#\/schema\/person\/24a827645a6fedd3481426a7028dfdcd\"},\"alternateName\":\"G\u00fcnter's Blog\",\"potentialAction\":[{\"@type\":\"SearchAction\",\"target\":{\"@type\":\"EntryPoint\",\"urlTemplate\":\"https:\/\/guderley.com\/?s={search_term_string}\"},\"query-input\":{\"@type\":\"PropertyValueSpecification\",\"valueRequired\":true,\"valueName\":\"search_term_string\"}}],\"inLanguage\":\"de\"},{\"@type\":[\"Person\",\"Organization\"],\"@id\":\"https:\/\/guderley.com\/#\/schema\/person\/24a827645a6fedd3481426a7028dfdcd\",\"name\":\"guenter\",\"image\":{\"@type\":\"ImageObject\",\"inLanguage\":\"de\",\"@id\":\"https:\/\/guderley.com\/#\/schema\/person\/image\/\",\"url\":\"https:\/\/i0.wp.com\/guderley.com\/wp-content\/uploads\/img_8008-scaled.jpg?fit=1920%2C2560\",\"contentUrl\":\"https:\/\/i0.wp.com\/guderley.com\/wp-content\/uploads\/img_8008-scaled.jpg?fit=1920%2C2560\",\"width\":1920,\"height\":2560,\"caption\":\"guenter\"},\"logo\":{\"@id\":\"https:\/\/guderley.com\/#\/schema\/person\/image\/\"},\"sameAs\":[\"http:\/\/guderley.com\/blog\"],\"url\":\"https:\/\/guderley.com\/?author=2\"}]}<\/script>\n<!-- \/ Yoast SEO plugin. -->","yoast_head_json":{"title":"Cusco \/ Peru 27.2. - G\u00fcnter&#039;s Blog","robots":{"index":"index","follow":"follow","max-snippet":"max-snippet:-1","max-image-preview":"max-image-preview:large","max-video-preview":"max-video-preview:-1"},"canonical":"https:\/\/guderley.com\/?p=747","og_locale":"de_DE","og_type":"article","og_title":"Cusco \/ Peru 27.2. - G\u00fcnter&#039;s Blog","og_description":"Nach den langen Transfers mit den Bussen in den letzten Wochen, war es heute m\u00e4chtig entspannend, nach einer knappen Stunde das Flugzeug verlassen zu k\u00f6nnen. Wir sind jetzt im f\u00fcnften Land unserer Lateinamerikatour angekommen. Cusco liegt etwa 3400 m hoch, wunderbar in gr\u00fcne H\u00fcgel eingebettet und ist ein f\u00fcr s\u00fcdamerikanische Verh\u00e4ltnisse fast einladendes St\u00e4dtchen. Am [&hellip;]","og_url":"https:\/\/guderley.com\/?p=747","og_site_name":"G\u00fcnter&#039;s Blog","article_published_time":"2011-02-27T22:41:42+00:00","og_image":[{"width":2560,"height":1920,"url":"https:\/\/i0.wp.com\/guderley.com\/wp-content\/uploads\/img_7992-scaled.jpg?fit=2560%2C1920&ssl=1","type":"image\/jpeg"}],"author":"guenter","twitter_card":"summary_large_image","twitter_misc":{"Verfasst von":"guenter"},"schema":{"@context":"https:\/\/schema.org","@graph":[{"@type":"Article","@id":"https:\/\/guderley.com\/?p=747#article","isPartOf":{"@id":"https:\/\/guderley.com\/?p=747"},"author":{"name":"guenter","@id":"https:\/\/guderley.com\/#\/schema\/person\/24a827645a6fedd3481426a7028dfdcd"},"headline":"Cusco \/ Peru 27.2.","datePublished":"2011-02-27T22:41:42+00:00","mainEntityOfPage":{"@id":"https:\/\/guderley.com\/?p=747"},"wordCount":90,"commentCount":2,"publisher":{"@id":"https:\/\/guderley.com\/#\/schema\/person\/24a827645a6fedd3481426a7028dfdcd"},"articleSection":["2011_02 LATEINAMERIKA"],"inLanguage":"de","potentialAction":[{"@type":"CommentAction","name":"Comment","target":["https:\/\/guderley.com\/?p=747#respond"]}]},{"@type":"WebPage","@id":"https:\/\/guderley.com\/?p=747","url":"https:\/\/guderley.com\/?p=747","name":"Cusco \/ Peru 27.2. - G\u00fcnter&#039;s Blog","isPartOf":{"@id":"https:\/\/guderley.com\/#website"},"datePublished":"2011-02-27T22:41:42+00:00","breadcrumb":{"@id":"https:\/\/guderley.com\/?p=747#breadcrumb"},"inLanguage":"de","potentialAction":[{"@type":"ReadAction","target":["https:\/\/guderley.com\/?p=747"]}]},{"@type":"BreadcrumbList","@id":"https:\/\/guderley.com\/?p=747#breadcrumb","itemListElement":[{"@type":"ListItem","position":1,"name":"Startseite","item":"https:\/\/guderley.com\/"},{"@type":"ListItem","position":2,"name":"Cusco \/ Peru 27.2."}]},{"@type":"WebSite","@id":"https:\/\/guderley.com\/#website","url":"https:\/\/guderley.com\/","name":"G\u00fcnter's Blog","description":"Fahrrad Touren rund um die Welt","publisher":{"@id":"https:\/\/guderley.com\/#\/schema\/person\/24a827645a6fedd3481426a7028dfdcd"},"alternateName":"G\u00fcnter's Blog","potentialAction":[{"@type":"SearchAction","target":{"@type":"EntryPoint","urlTemplate":"https:\/\/guderley.com\/?s={search_term_string}"},"query-input":{"@type":"PropertyValueSpecification","valueRequired":true,"valueName":"search_term_string"}}],"inLanguage":"de"},{"@type":["Person","Organization"],"@id":"https:\/\/guderley.com\/#\/schema\/person\/24a827645a6fedd3481426a7028dfdcd","name":"guenter","image":{"@type":"ImageObject","inLanguage":"de","@id":"https:\/\/guderley.com\/#\/schema\/person\/image\/","url":"https:\/\/i0.wp.com\/guderley.com\/wp-content\/uploads\/img_8008-scaled.jpg?fit=1920%2C2560","contentUrl":"https:\/\/i0.wp.com\/guderley.com\/wp-content\/uploads\/img_8008-scaled.jpg?fit=1920%2C2560","width":1920,"height":2560,"caption":"guenter"},"logo":{"@id":"https:\/\/guderley.com\/#\/schema\/person\/image\/"},"sameAs":["http:\/\/guderley.com\/blog"],"url":"https:\/\/guderley.com\/?author=2"}]}},"jetpack_featured_media_url":"","jetpack_sharing_enabled":true,"jetpack_shortlink":"https:\/\/wp.me\/p9IuXF-c3","jetpack_likes_enabled":true,"jetpack-related-posts":[{"id":766,"url":"https:\/\/guderley.com\/?p=766","url_meta":{"origin":747,"position":0},"title":"CUSCO 5.3.","author":"guenter","date":"M\u00e4rz 5, 2011","format":false,"excerpt":"Nach etlichen Stunden gutem Schlaf in einem warmen Bett brechen wir heute im Laufe des fr\u00fchen Abends unsere Zelte in Cusco ab. Mit viel Gl\u00fcck haben wir heute Vormittag noch jemanden gefunden der unsere \"Schmutzw\u00e4sche\" bis heute Abend 19:00 Uhr wieder auf Zack bringt. Kurz nach 20:00 Uhr geht es\u2026","rel":"","context":"In &quot;2011_02 LATEINAMERIKA&quot;","block_context":{"text":"2011_02 LATEINAMERIKA","link":"https:\/\/guderley.com\/?cat=10"},"img":{"alt_text":"","src":"","width":0,"height":0},"classes":[]},{"id":770,"url":"https:\/\/guderley.com\/?p=770","url_meta":{"origin":747,"position":1},"title":"Aktuelle Bilder La Paz\/Cusco\/Inka Trail","author":"guenter","date":"M\u00e4rz 5, 2011","format":false,"excerpt":"So nun noch ein paar aktuelle Bilder aus La Paz\/Cusco und vom Beginn des Inka Trails. Aus Machu Picchu haben wir leider keine Bilder. Regen, Kaelte und Naesse haben der Kamera zugesetzt und der Akku hat sich deutlich schneller entladen als ueblich. Trotzdem gibt es natuerlich Bilder von uns aus\u2026","rel":"","context":"In &quot;2011_02 LATEINAMERIKA&quot;","block_context":{"text":"2011_02 LATEINAMERIKA","link":"https:\/\/guderley.com\/?cat=10"},"img":{"alt_text":"","src":"https:\/\/i0.wp.com\/guderley.com\/wp-content\/uploads\/2011\/03\/05_Februar_Bolivien-257.jpg?resize=350%2C200","width":350,"height":200},"classes":[]},{"id":648,"url":"https:\/\/guderley.com\/?p=648","url_meta":{"origin":747,"position":2},"title":"San Pedro de Atacama 17.2.","author":"guenter","date":"Februar 18, 2011","format":false,"excerpt":"Heute Vormittag haben wie die n\u00e4chsten Tage und vor allem den \u00dcbergang nach Bolivien gecheckt und klar gemacht. Am Nachmittag sind wir rund 40 km auf MTBs in die Atacamaw\u00fcste gefahren und haben das \"Valle de Luna\" angesehen. War ziemlich ambitioniert mit den \"Leihschinken\" und der doch knapp 2800 m\u2026","rel":"","context":"In &quot;2011_02 LATEINAMERIKA&quot;","block_context":{"text":"2011_02 LATEINAMERIKA","link":"https:\/\/guderley.com\/?cat=10"},"img":{"alt_text":"","src":"","width":0,"height":0},"classes":[]},{"id":903,"url":"https:\/\/guderley.com\/?p=903","url_meta":{"origin":747,"position":3},"title":"12.10.2011 Chiang Khong","author":"guenter","date":"Oktober 12, 2011","format":false,"excerpt":"Marions Geburtstag. Eine Rose und ein \"Happy Birthday\" im Fr\u00fchst\u00fcckscaf\u00e9 neben unserem Hotel lassen uns zeitig in den Tag starten. Nochmal geht es durch die gr\u00fcne Bergwelt bevor wir nach rund 250 km unser Ziel, den Mekong River, erreichen. Auch der Grenzfluss zu Laos hat Hochwasser, aber ohne Gefahr. Lediglich\u2026","rel":"","context":"In &quot;2011_10 THAILAND&quot;","block_context":{"text":"2011_10 THAILAND","link":"https:\/\/guderley.com\/?cat=15"},"img":{"alt_text":"","src":"","width":0,"height":0},"classes":[]},{"id":901,"url":"https:\/\/guderley.com\/?p=901","url_meta":{"origin":747,"position":4},"title":"11.10.2011 Nan \/ Nordostthailand","author":"guenter","date":"Oktober 11, 2011","format":false,"excerpt":"Heute Morgen den Leihwagen abgeholt und erst mal geschwitzt, Linksverkehr und das Chaos in Chiang Mai. Man gew\u00f6hnt sich relativ schnell daran, das Problem was wir hatten, war erstmal aus Chiang Mai hinauszufinden. Es ist wahnsinnig viel in Thai-Schrift angeschrieben und sehr wenig in unserer Schrift. Irgendwann hat es dann\u2026","rel":"","context":"In &quot;2011_10 THAILAND&quot;","block_context":{"text":"2011_10 THAILAND","link":"https:\/\/guderley.com\/?cat=15"},"img":{"alt_text":"","src":"","width":0,"height":0},"classes":[]},{"id":739,"url":"https:\/\/guderley.com\/?p=739","url_meta":{"origin":747,"position":5},"title":"La Paz  25.2. &#8211; 26.2.","author":"guenter","date":"Februar 26, 2011","format":false,"excerpt":"Titicacasee mussten wir leider streichen von La Paz aus, dann werden wir das von der peruanischen Seite aus nachholen, wenn wir vom Inkatrail zur\u00fcck sind. La Paz ist \"saukalt\" und es regnet eigentlich fast immer. Die Folge ist, dass ich mich m\u00e4chtig erk\u00e4ltet habe durch den switch \"Atacamaw\u00fcste\" und Hochlandlage.\u2026","rel":"","context":"In &quot;2011_02 LATEINAMERIKA&quot;","block_context":{"text":"2011_02 LATEINAMERIKA","link":"https:\/\/guderley.com\/?cat=10"},"img":{"alt_text":"","src":"","width":0,"height":0},"classes":[]}],"_links":{"self":[{"href":"https:\/\/guderley.com\/index.php?rest_route=\/wp\/v2\/posts\/747","targetHints":{"allow":["GET"]}}],"collection":[{"href":"https:\/\/guderley.com\/index.php?rest_route=\/wp\/v2\/posts"}],"about":[{"href":"https:\/\/guderley.com\/index.php?rest_route=\/wp\/v2\/types\/post"}],"author":[{"embeddable":true,"href":"https:\/\/guderley.com\/index.php?rest_route=\/wp\/v2\/users\/2"}],"replies":[{"embeddable":true,"href":"https:\/\/guderley.com\/index.php?rest_route=%2Fwp%2Fv2%2Fcomments&post=747"}],"version-history":[{"count":1,"href":"https:\/\/guderley.com\/index.php?rest_route=\/wp\/v2\/posts\/747\/revisions"}],"predecessor-version":[{"id":748,"href":"https:\/\/guderley.com\/index.php?rest_route=\/wp\/v2\/posts\/747\/revisions\/748"}],"wp:attachment":[{"href":"https:\/\/guderley.com\/index.php?rest_route=%2Fwp%2Fv2%2Fmedia&parent=747"}],"wp:term":[{"taxonomy":"category","embeddable":true,"href":"https:\/\/guderley.com\/index.php?rest_route=%2Fwp%2Fv2%2Fcategories&post=747"},{"taxonomy":"post_tag","embeddable":true,"href":"https:\/\/guderley.com\/index.php?rest_route=%2Fwp%2Fv2%2Ftags&post=747"}],"curies":[{"name":"wp","href":"https:\/\/api.w.org\/{rel}","templated":true}]}}