{"id":743,"date":"2011-02-27T12:15:01","date_gmt":"2011-02-27T11:15:01","guid":{"rendered":"http:\/\/guderley.com\/?p=743"},"modified":"2011-02-27T12:16:57","modified_gmt":"2011-02-27T11:16:57","slug":"aeropuerto-la-paz-27-2","status":"publish","type":"post","link":"https:\/\/guderley.com\/?p=743","title":{"rendered":"Aeropuerto La Paz 27.2."},"content":{"rendered":"<p>Heute war um 5 Uhr aufstehen angesagt und hinauf zum Flughafen &#8222;El Alto&#8220; in \u00fcber 4000 m H\u00f6he gelegen. Die H\u00f6he ist auch f\u00fcr die Piloten eine Herausforderung.<br \/>\nUm 13:30 MEZ fliegen wir hin\u00fcber nach Cusco in Peru. 3 volle Tage La Paz sind genug. Gestern am Sp\u00e4tnachmittag waren wie noch auf einem Aussichtspunkt und haben uns diesen Moloch von Stadt nochmal von oben angeguckt. <\/p>\n","protected":false},"excerpt":{"rendered":"<p>Heute war um 5 Uhr aufstehen angesagt und hinauf zum Flughafen &#8222;El Alto&#8220; in \u00fcber 4000 m H\u00f6he gelegen. Die H\u00f6he ist auch f\u00fcr die Piloten eine Herausforderung. Um 13:30 MEZ fliegen wir hin\u00fcber nach Cusco in Peru. 3 volle Tage La Paz sind genug. Gestern am Sp\u00e4tnachmittag waren wie noch auf einem Aussichtspunkt und [&hellip;]<\/p>\n","protected":false},"author":2,"featured_media":0,"comment_status":"open","ping_status":"open","sticky":false,"template":"","format":"standard","meta":{"_jetpack_newsletter_access":"","_jetpack_dont_email_post_to_subs":false,"_jetpack_newsletter_tier_id":0,"_jetpack_memberships_contains_paywalled_content":false,"_jetpack_memberships_contains_paid_content":false,"footnotes":""},"categories":[10],"tags":[],"class_list":["post-743","post","type-post","status-publish","format-standard","hentry","category-2011-sudamerika"],"yoast_head":"<!-- This site is optimized with the Yoast SEO plugin v25.8 - https:\/\/yoast.com\/wordpress\/plugins\/seo\/ -->\n<title>Aeropuerto La Paz 27.2. - G\u00fcnter&#039;s Blog<\/title>\n<meta name=\"robots\" content=\"index, follow, max-snippet:-1, max-image-preview:large, max-video-preview:-1\" \/>\n<link rel=\"canonical\" href=\"https:\/\/guderley.com\/?p=743\" \/>\n<meta property=\"og:locale\" content=\"de_DE\" \/>\n<meta property=\"og:type\" content=\"article\" \/>\n<meta property=\"og:title\" content=\"Aeropuerto La Paz 27.2. - G\u00fcnter&#039;s Blog\" \/>\n<meta property=\"og:description\" content=\"Heute war um 5 Uhr aufstehen angesagt und hinauf zum Flughafen &#8222;El Alto&#8220; in \u00fcber 4000 m H\u00f6he gelegen. Die H\u00f6he ist auch f\u00fcr die Piloten eine Herausforderung. Um 13:30 MEZ fliegen wir hin\u00fcber nach Cusco in Peru. 3 volle Tage La Paz sind genug. Gestern am Sp\u00e4tnachmittag waren wie noch auf einem Aussichtspunkt und [&hellip;]\" \/>\n<meta property=\"og:url\" content=\"https:\/\/guderley.com\/?p=743\" \/>\n<meta property=\"og:site_name\" content=\"G\u00fcnter&#039;s Blog\" \/>\n<meta property=\"article:published_time\" content=\"2011-02-27T11:15:01+00:00\" \/>\n<meta property=\"article:modified_time\" content=\"2011-02-27T11:16:57+00:00\" \/>\n<meta property=\"og:image\" content=\"https:\/\/i0.wp.com\/guderley.com\/wp-content\/uploads\/img_7992-scaled.jpg?fit=2560%2C1920&ssl=1\" \/>\n\t<meta property=\"og:image:width\" content=\"2560\" \/>\n\t<meta property=\"og:image:height\" content=\"1920\" \/>\n\t<meta property=\"og:image:type\" content=\"image\/jpeg\" \/>\n<meta name=\"author\" content=\"guenter\" \/>\n<meta name=\"twitter:card\" content=\"summary_large_image\" \/>\n<meta name=\"twitter:label1\" content=\"Verfasst von\" \/>\n\t<meta name=\"twitter:data1\" content=\"guenter\" \/>\n<script type=\"application\/ld+json\" class=\"yoast-schema-graph\">{\"@context\":\"https:\/\/schema.org\",\"@graph\":[{\"@type\":\"Article\",\"@id\":\"https:\/\/guderley.com\/?p=743#article\",\"isPartOf\":{\"@id\":\"https:\/\/guderley.com\/?p=743\"},\"author\":{\"name\":\"guenter\",\"@id\":\"https:\/\/guderley.com\/#\/schema\/person\/24a827645a6fedd3481426a7028dfdcd\"},\"headline\":\"Aeropuerto La Paz 27.2.\",\"datePublished\":\"2011-02-27T11:15:01+00:00\",\"dateModified\":\"2011-02-27T11:16:57+00:00\",\"mainEntityOfPage\":{\"@id\":\"https:\/\/guderley.com\/?p=743\"},\"wordCount\":69,\"commentCount\":1,\"publisher\":{\"@id\":\"https:\/\/guderley.com\/#\/schema\/person\/24a827645a6fedd3481426a7028dfdcd\"},\"articleSection\":[\"2011_02 LATEINAMERIKA\"],\"inLanguage\":\"de\",\"potentialAction\":[{\"@type\":\"CommentAction\",\"name\":\"Comment\",\"target\":[\"https:\/\/guderley.com\/?p=743#respond\"]}]},{\"@type\":\"WebPage\",\"@id\":\"https:\/\/guderley.com\/?p=743\",\"url\":\"https:\/\/guderley.com\/?p=743\",\"name\":\"Aeropuerto La Paz 27.2. - G\u00fcnter&#039;s Blog\",\"isPartOf\":{\"@id\":\"https:\/\/guderley.com\/#website\"},\"datePublished\":\"2011-02-27T11:15:01+00:00\",\"dateModified\":\"2011-02-27T11:16:57+00:00\",\"breadcrumb\":{\"@id\":\"https:\/\/guderley.com\/?p=743#breadcrumb\"},\"inLanguage\":\"de\",\"potentialAction\":[{\"@type\":\"ReadAction\",\"target\":[\"https:\/\/guderley.com\/?p=743\"]}]},{\"@type\":\"BreadcrumbList\",\"@id\":\"https:\/\/guderley.com\/?p=743#breadcrumb\",\"itemListElement\":[{\"@type\":\"ListItem\",\"position\":1,\"name\":\"Startseite\",\"item\":\"https:\/\/guderley.com\/\"},{\"@type\":\"ListItem\",\"position\":2,\"name\":\"Aeropuerto La Paz 27.2.\"}]},{\"@type\":\"WebSite\",\"@id\":\"https:\/\/guderley.com\/#website\",\"url\":\"https:\/\/guderley.com\/\",\"name\":\"G\u00fcnter's Blog\",\"description\":\"Fahrrad Touren rund um die Welt\",\"publisher\":{\"@id\":\"https:\/\/guderley.com\/#\/schema\/person\/24a827645a6fedd3481426a7028dfdcd\"},\"alternateName\":\"G\u00fcnter's Blog\",\"potentialAction\":[{\"@type\":\"SearchAction\",\"target\":{\"@type\":\"EntryPoint\",\"urlTemplate\":\"https:\/\/guderley.com\/?s={search_term_string}\"},\"query-input\":{\"@type\":\"PropertyValueSpecification\",\"valueRequired\":true,\"valueName\":\"search_term_string\"}}],\"inLanguage\":\"de\"},{\"@type\":[\"Person\",\"Organization\"],\"@id\":\"https:\/\/guderley.com\/#\/schema\/person\/24a827645a6fedd3481426a7028dfdcd\",\"name\":\"guenter\",\"image\":{\"@type\":\"ImageObject\",\"inLanguage\":\"de\",\"@id\":\"https:\/\/guderley.com\/#\/schema\/person\/image\/\",\"url\":\"https:\/\/i0.wp.com\/guderley.com\/wp-content\/uploads\/img_8008-scaled.jpg?fit=1920%2C2560\",\"contentUrl\":\"https:\/\/i0.wp.com\/guderley.com\/wp-content\/uploads\/img_8008-scaled.jpg?fit=1920%2C2560\",\"width\":1920,\"height\":2560,\"caption\":\"guenter\"},\"logo\":{\"@id\":\"https:\/\/guderley.com\/#\/schema\/person\/image\/\"},\"sameAs\":[\"http:\/\/guderley.com\/blog\"],\"url\":\"https:\/\/guderley.com\/?author=2\"}]}<\/script>\n<!-- \/ Yoast SEO plugin. -->","yoast_head_json":{"title":"Aeropuerto La Paz 27.2. - G\u00fcnter&#039;s Blog","robots":{"index":"index","follow":"follow","max-snippet":"max-snippet:-1","max-image-preview":"max-image-preview:large","max-video-preview":"max-video-preview:-1"},"canonical":"https:\/\/guderley.com\/?p=743","og_locale":"de_DE","og_type":"article","og_title":"Aeropuerto La Paz 27.2. - G\u00fcnter&#039;s Blog","og_description":"Heute war um 5 Uhr aufstehen angesagt und hinauf zum Flughafen &#8222;El Alto&#8220; in \u00fcber 4000 m H\u00f6he gelegen. Die H\u00f6he ist auch f\u00fcr die Piloten eine Herausforderung. Um 13:30 MEZ fliegen wir hin\u00fcber nach Cusco in Peru. 3 volle Tage La Paz sind genug. Gestern am Sp\u00e4tnachmittag waren wie noch auf einem Aussichtspunkt und [&hellip;]","og_url":"https:\/\/guderley.com\/?p=743","og_site_name":"G\u00fcnter&#039;s Blog","article_published_time":"2011-02-27T11:15:01+00:00","article_modified_time":"2011-02-27T11:16:57+00:00","og_image":[{"width":2560,"height":1920,"url":"https:\/\/i0.wp.com\/guderley.com\/wp-content\/uploads\/img_7992-scaled.jpg?fit=2560%2C1920&ssl=1","type":"image\/jpeg"}],"author":"guenter","twitter_card":"summary_large_image","twitter_misc":{"Verfasst von":"guenter"},"schema":{"@context":"https:\/\/schema.org","@graph":[{"@type":"Article","@id":"https:\/\/guderley.com\/?p=743#article","isPartOf":{"@id":"https:\/\/guderley.com\/?p=743"},"author":{"name":"guenter","@id":"https:\/\/guderley.com\/#\/schema\/person\/24a827645a6fedd3481426a7028dfdcd"},"headline":"Aeropuerto La Paz 27.2.","datePublished":"2011-02-27T11:15:01+00:00","dateModified":"2011-02-27T11:16:57+00:00","mainEntityOfPage":{"@id":"https:\/\/guderley.com\/?p=743"},"wordCount":69,"commentCount":1,"publisher":{"@id":"https:\/\/guderley.com\/#\/schema\/person\/24a827645a6fedd3481426a7028dfdcd"},"articleSection":["2011_02 LATEINAMERIKA"],"inLanguage":"de","potentialAction":[{"@type":"CommentAction","name":"Comment","target":["https:\/\/guderley.com\/?p=743#respond"]}]},{"@type":"WebPage","@id":"https:\/\/guderley.com\/?p=743","url":"https:\/\/guderley.com\/?p=743","name":"Aeropuerto La Paz 27.2. - G\u00fcnter&#039;s Blog","isPartOf":{"@id":"https:\/\/guderley.com\/#website"},"datePublished":"2011-02-27T11:15:01+00:00","dateModified":"2011-02-27T11:16:57+00:00","breadcrumb":{"@id":"https:\/\/guderley.com\/?p=743#breadcrumb"},"inLanguage":"de","potentialAction":[{"@type":"ReadAction","target":["https:\/\/guderley.com\/?p=743"]}]},{"@type":"BreadcrumbList","@id":"https:\/\/guderley.com\/?p=743#breadcrumb","itemListElement":[{"@type":"ListItem","position":1,"name":"Startseite","item":"https:\/\/guderley.com\/"},{"@type":"ListItem","position":2,"name":"Aeropuerto La Paz 27.2."}]},{"@type":"WebSite","@id":"https:\/\/guderley.com\/#website","url":"https:\/\/guderley.com\/","name":"G\u00fcnter's Blog","description":"Fahrrad Touren rund um die Welt","publisher":{"@id":"https:\/\/guderley.com\/#\/schema\/person\/24a827645a6fedd3481426a7028dfdcd"},"alternateName":"G\u00fcnter's Blog","potentialAction":[{"@type":"SearchAction","target":{"@type":"EntryPoint","urlTemplate":"https:\/\/guderley.com\/?s={search_term_string}"},"query-input":{"@type":"PropertyValueSpecification","valueRequired":true,"valueName":"search_term_string"}}],"inLanguage":"de"},{"@type":["Person","Organization"],"@id":"https:\/\/guderley.com\/#\/schema\/person\/24a827645a6fedd3481426a7028dfdcd","name":"guenter","image":{"@type":"ImageObject","inLanguage":"de","@id":"https:\/\/guderley.com\/#\/schema\/person\/image\/","url":"https:\/\/i0.wp.com\/guderley.com\/wp-content\/uploads\/img_8008-scaled.jpg?fit=1920%2C2560","contentUrl":"https:\/\/i0.wp.com\/guderley.com\/wp-content\/uploads\/img_8008-scaled.jpg?fit=1920%2C2560","width":1920,"height":2560,"caption":"guenter"},"logo":{"@id":"https:\/\/guderley.com\/#\/schema\/person\/image\/"},"sameAs":["http:\/\/guderley.com\/blog"],"url":"https:\/\/guderley.com\/?author=2"}]}},"jetpack_featured_media_url":"","jetpack_sharing_enabled":true,"jetpack_shortlink":"https:\/\/wp.me\/p9IuXF-bZ","jetpack_likes_enabled":true,"jetpack-related-posts":[{"id":770,"url":"https:\/\/guderley.com\/?p=770","url_meta":{"origin":743,"position":0},"title":"Aktuelle Bilder La Paz\/Cusco\/Inka Trail","author":"guenter","date":"M\u00e4rz 5, 2011","format":false,"excerpt":"So nun noch ein paar aktuelle Bilder aus La Paz\/Cusco und vom Beginn des Inka Trails. Aus Machu Picchu haben wir leider keine Bilder. Regen, Kaelte und Naesse haben der Kamera zugesetzt und der Akku hat sich deutlich schneller entladen als ueblich. Trotzdem gibt es natuerlich Bilder von uns aus\u2026","rel":"","context":"In &quot;2011_02 LATEINAMERIKA&quot;","block_context":{"text":"2011_02 LATEINAMERIKA","link":"https:\/\/guderley.com\/?cat=10"},"img":{"alt_text":"","src":"https:\/\/i0.wp.com\/guderley.com\/wp-content\/uploads\/2011\/03\/05_Februar_Bolivien-257.jpg?resize=350%2C200","width":350,"height":200},"classes":[]},{"id":739,"url":"https:\/\/guderley.com\/?p=739","url_meta":{"origin":743,"position":1},"title":"La Paz  25.2. &#8211; 26.2.","author":"guenter","date":"Februar 26, 2011","format":false,"excerpt":"Titicacasee mussten wir leider streichen von La Paz aus, dann werden wir das von der peruanischen Seite aus nachholen, wenn wir vom Inkatrail zur\u00fcck sind. La Paz ist \"saukalt\" und es regnet eigentlich fast immer. Die Folge ist, dass ich mich m\u00e4chtig erk\u00e4ltet habe durch den switch \"Atacamaw\u00fcste\" und Hochlandlage.\u2026","rel":"","context":"In &quot;2011_02 LATEINAMERIKA&quot;","block_context":{"text":"2011_02 LATEINAMERIKA","link":"https:\/\/guderley.com\/?cat=10"},"img":{"alt_text":"","src":"","width":0,"height":0},"classes":[]},{"id":683,"url":"https:\/\/guderley.com\/?p=683","url_meta":{"origin":743,"position":2},"title":"La Paz \/ Bolivien  23.2.","author":"guenter","date":"Februar 24, 2011","format":false,"excerpt":"Wir sind vor kurzem in La Paz (MEZ 23:30) angekommen und staunen erstmal ueber eine Stadt auf rund 3600 - 4000 m Hoehe umrahmt von riesigen Bergen. Morgen goennen wir uns einen Tag fuer Ausschlafen, Waesche, persoenliche Pflege etc. Wir verlassen La Paz erst am Sonntag in Richtung Cuzo \/\u2026","rel":"","context":"In &quot;2011_02 LATEINAMERIKA&quot;","block_context":{"text":"2011_02 LATEINAMERIKA","link":"https:\/\/guderley.com\/?cat=10"},"img":{"alt_text":"","src":"","width":0,"height":0},"classes":[]},{"id":6067,"url":"https:\/\/guderley.com\/?p=6067","url_meta":{"origin":743,"position":3},"title":"ST &#8211; Tag 0 &#8211; 15.02. \/ Poway to San Diego \/ 50 km &#8211; 487 hm &#8211; 3:50h","author":"guenter","date":"Februar 15, 2025","format":false,"excerpt":"In K\u00fcrze starte ich hier von Poway an den Strand von San Diego - das sind knappe 50 km und ein erstes Einrollen. Herrlicher Sonnenschein - m\u00e4\u00dfiger Wind - im Schatten ziemlich frisch. Es geht gleich ein paar mal fr\u00f6hlich auf und ab, da mu\u00df ich mich erst wieder an\u2026","rel":"","context":"In &quot;2025_Southern Tier - San Diego nach Austin&quot;","block_context":{"text":"2025_Southern Tier - San Diego nach Austin","link":"https:\/\/guderley.com\/?cat=36"},"img":{"alt_text":"","src":"https:\/\/i0.wp.com\/guderley.com\/wp-content\/uploads\/img_8785.jpg?resize=350%2C200","width":350,"height":200,"srcset":"https:\/\/i0.wp.com\/guderley.com\/wp-content\/uploads\/img_8785.jpg?resize=350%2C200 1x, https:\/\/i0.wp.com\/guderley.com\/wp-content\/uploads\/img_8785.jpg?resize=525%2C300 1.5x, https:\/\/i0.wp.com\/guderley.com\/wp-content\/uploads\/img_8785.jpg?resize=700%2C400 2x, https:\/\/i0.wp.com\/guderley.com\/wp-content\/uploads\/img_8785.jpg?resize=1050%2C600 3x, https:\/\/i0.wp.com\/guderley.com\/wp-content\/uploads\/img_8785.jpg?resize=1400%2C800 4x"},"classes":[]},{"id":754,"url":"https:\/\/guderley.com\/?p=754","url_meta":{"origin":743,"position":4},"title":"INKA-TRAIL 1.3. &#8211; 4.3.","author":"guenter","date":"M\u00e4rz 5, 2011","format":false,"excerpt":"Rund 50 km auf alten Inkapfaden durch gigantische Landschaften, meist zwischen 3000 und 4000 m H\u00f6he f\u00fchrt dieser Pfad nach Machu Picchu. Der Trail ist nicht schwierig aber mit guten 10 kg auf dem R\u00fccken und entweder steil bergauf oder steil bergab ist schon Anstrengung von N\u00f6ten, die H\u00f6he gibt\u2026","rel":"","context":"In &quot;2011_02 LATEINAMERIKA&quot;","block_context":{"text":"2011_02 LATEINAMERIKA","link":"https:\/\/guderley.com\/?cat=10"},"img":{"alt_text":"","src":"","width":0,"height":0},"classes":[]},{"id":687,"url":"https:\/\/guderley.com\/?p=687","url_meta":{"origin":743,"position":5},"title":"Jeeptour Bolivien 1. Tag &#8211; 20.2.","author":"guenter","date":"Februar 24, 2011","format":false,"excerpt":"Sonntagmorgen um 8:00 werden wir mit dem Bus an die bolivianische Grenze auf 4500 m gebracht. Es hat heute Nacht gut 10 cm hier oben geschneit und Julian hat mit seinen Flip Flops etwas \"verwachst\". Die angek\u00fcndigte strenge Pr\u00fcfung des Gelbfieberzertifikates bei der Einreise nach Bolivien juckt den Grenzer nicht.\u2026","rel":"","context":"In &quot;2011_02 LATEINAMERIKA&quot;","block_context":{"text":"2011_02 LATEINAMERIKA","link":"https:\/\/guderley.com\/?cat=10"},"img":{"alt_text":"","src":"","width":0,"height":0},"classes":[]}],"_links":{"self":[{"href":"https:\/\/guderley.com\/index.php?rest_route=\/wp\/v2\/posts\/743","targetHints":{"allow":["GET"]}}],"collection":[{"href":"https:\/\/guderley.com\/index.php?rest_route=\/wp\/v2\/posts"}],"about":[{"href":"https:\/\/guderley.com\/index.php?rest_route=\/wp\/v2\/types\/post"}],"author":[{"embeddable":true,"href":"https:\/\/guderley.com\/index.php?rest_route=\/wp\/v2\/users\/2"}],"replies":[{"embeddable":true,"href":"https:\/\/guderley.com\/index.php?rest_route=%2Fwp%2Fv2%2Fcomments&post=743"}],"version-history":[{"count":3,"href":"https:\/\/guderley.com\/index.php?rest_route=\/wp\/v2\/posts\/743\/revisions"}],"predecessor-version":[{"id":746,"href":"https:\/\/guderley.com\/index.php?rest_route=\/wp\/v2\/posts\/743\/revisions\/746"}],"wp:attachment":[{"href":"https:\/\/guderley.com\/index.php?rest_route=%2Fwp%2Fv2%2Fmedia&parent=743"}],"wp:term":[{"taxonomy":"category","embeddable":true,"href":"https:\/\/guderley.com\/index.php?rest_route=%2Fwp%2Fv2%2Fcategories&post=743"},{"taxonomy":"post_tag","embeddable":true,"href":"https:\/\/guderley.com\/index.php?rest_route=%2Fwp%2Fv2%2Ftags&post=743"}],"curies":[{"name":"wp","href":"https:\/\/api.w.org\/{rel}","templated":true}]}}