{"id":739,"date":"2011-02-26T16:26:09","date_gmt":"2011-02-26T15:26:09","guid":{"rendered":"http:\/\/guderley.com\/?p=739"},"modified":"2011-02-26T16:28:29","modified_gmt":"2011-02-26T15:28:29","slug":"la-paz-25-2-26-2","status":"publish","type":"post","link":"https:\/\/guderley.com\/?p=739","title":{"rendered":"La Paz  25.2. &#8211; 26.2."},"content":{"rendered":"<p>Titicacasee mussten wir leider streichen von La Paz aus, dann werden wir das von der peruanischen Seite aus nachholen, wenn wir vom Inkatrail zur\u00fcck sind.<br \/>\nLa Paz ist &#8222;saukalt&#8220; und es regnet eigentlich fast immer. Die Folge ist, dass ich mich m\u00e4chtig erk\u00e4ltet habe durch den switch &#8222;Atacamaw\u00fcste&#8220; und Hochlandlage. Am Dienstag sollte ich fit sein, der Inkatrail ist nicht ganz ohne. Als erfahrene Ausdauersportler m\u00fcssen wir uns denke ich aber keine allzugro\u00dfen Gedanken machen. Die H\u00f6henanpassung ist mittlerweile auch sehr gut fortgeschritten.<br \/>\nMorgen am Sonntag geht es zeitig mit der Aerosur \u00fcber die Kordillere nach Cusco in Peru.<br \/>\nZeitlich sind wie dann 6 h hinter euch. <\/p>\n","protected":false},"excerpt":{"rendered":"<p>Titicacasee mussten wir leider streichen von La Paz aus, dann werden wir das von der peruanischen Seite aus nachholen, wenn wir vom Inkatrail zur\u00fcck sind. La Paz ist &#8222;saukalt&#8220; und es regnet eigentlich fast immer. Die Folge ist, dass ich mich m\u00e4chtig erk\u00e4ltet habe durch den switch &#8222;Atacamaw\u00fcste&#8220; und Hochlandlage. Am Dienstag sollte ich fit [&hellip;]<\/p>\n","protected":false},"author":2,"featured_media":0,"comment_status":"open","ping_status":"open","sticky":false,"template":"","format":"standard","meta":{"_jetpack_newsletter_access":"","_jetpack_dont_email_post_to_subs":false,"_jetpack_newsletter_tier_id":0,"_jetpack_memberships_contains_paywalled_content":false,"_jetpack_memberships_contains_paid_content":false,"footnotes":""},"categories":[10],"tags":[],"class_list":["post-739","post","type-post","status-publish","format-standard","hentry","category-2011-sudamerika"],"yoast_head":"<!-- This site is optimized with the Yoast SEO plugin v25.8 - https:\/\/yoast.com\/wordpress\/plugins\/seo\/ -->\n<title>La Paz 25.2. - 26.2. - G\u00fcnter&#039;s Blog<\/title>\n<meta name=\"robots\" content=\"index, follow, max-snippet:-1, max-image-preview:large, max-video-preview:-1\" \/>\n<link rel=\"canonical\" href=\"https:\/\/guderley.com\/?p=739\" \/>\n<meta property=\"og:locale\" content=\"de_DE\" \/>\n<meta property=\"og:type\" content=\"article\" \/>\n<meta property=\"og:title\" content=\"La Paz 25.2. - 26.2. - G\u00fcnter&#039;s Blog\" \/>\n<meta property=\"og:description\" content=\"Titicacasee mussten wir leider streichen von La Paz aus, dann werden wir das von der peruanischen Seite aus nachholen, wenn wir vom Inkatrail zur\u00fcck sind. La Paz ist &#8222;saukalt&#8220; und es regnet eigentlich fast immer. Die Folge ist, dass ich mich m\u00e4chtig erk\u00e4ltet habe durch den switch &#8222;Atacamaw\u00fcste&#8220; und Hochlandlage. Am Dienstag sollte ich fit [&hellip;]\" \/>\n<meta property=\"og:url\" content=\"https:\/\/guderley.com\/?p=739\" \/>\n<meta property=\"og:site_name\" content=\"G\u00fcnter&#039;s Blog\" \/>\n<meta property=\"article:published_time\" content=\"2011-02-26T15:26:09+00:00\" \/>\n<meta property=\"article:modified_time\" content=\"2011-02-26T15:28:29+00:00\" \/>\n<meta property=\"og:image\" content=\"https:\/\/i0.wp.com\/guderley.com\/wp-content\/uploads\/img_7992-scaled.jpg?fit=2560%2C1920&ssl=1\" \/>\n\t<meta property=\"og:image:width\" content=\"2560\" \/>\n\t<meta property=\"og:image:height\" content=\"1920\" \/>\n\t<meta property=\"og:image:type\" content=\"image\/jpeg\" \/>\n<meta name=\"author\" content=\"guenter\" \/>\n<meta name=\"twitter:card\" content=\"summary_large_image\" \/>\n<meta name=\"twitter:label1\" content=\"Verfasst von\" \/>\n\t<meta name=\"twitter:data1\" content=\"guenter\" \/>\n\t<meta name=\"twitter:label2\" content=\"Gesch\u00e4tzte Lesezeit\" \/>\n\t<meta name=\"twitter:data2\" content=\"1\u00a0Minute\" \/>\n<script type=\"application\/ld+json\" class=\"yoast-schema-graph\">{\"@context\":\"https:\/\/schema.org\",\"@graph\":[{\"@type\":\"Article\",\"@id\":\"https:\/\/guderley.com\/?p=739#article\",\"isPartOf\":{\"@id\":\"https:\/\/guderley.com\/?p=739\"},\"author\":{\"name\":\"guenter\",\"@id\":\"https:\/\/guderley.com\/#\/schema\/person\/24a827645a6fedd3481426a7028dfdcd\"},\"headline\":\"La Paz 25.2. &#8211; 26.2.\",\"datePublished\":\"2011-02-26T15:26:09+00:00\",\"dateModified\":\"2011-02-26T15:28:29+00:00\",\"mainEntityOfPage\":{\"@id\":\"https:\/\/guderley.com\/?p=739\"},\"wordCount\":116,\"commentCount\":2,\"publisher\":{\"@id\":\"https:\/\/guderley.com\/#\/schema\/person\/24a827645a6fedd3481426a7028dfdcd\"},\"articleSection\":[\"2011_02 LATEINAMERIKA\"],\"inLanguage\":\"de\",\"potentialAction\":[{\"@type\":\"CommentAction\",\"name\":\"Comment\",\"target\":[\"https:\/\/guderley.com\/?p=739#respond\"]}]},{\"@type\":\"WebPage\",\"@id\":\"https:\/\/guderley.com\/?p=739\",\"url\":\"https:\/\/guderley.com\/?p=739\",\"name\":\"La Paz 25.2. - 26.2. - G\u00fcnter&#039;s Blog\",\"isPartOf\":{\"@id\":\"https:\/\/guderley.com\/#website\"},\"datePublished\":\"2011-02-26T15:26:09+00:00\",\"dateModified\":\"2011-02-26T15:28:29+00:00\",\"breadcrumb\":{\"@id\":\"https:\/\/guderley.com\/?p=739#breadcrumb\"},\"inLanguage\":\"de\",\"potentialAction\":[{\"@type\":\"ReadAction\",\"target\":[\"https:\/\/guderley.com\/?p=739\"]}]},{\"@type\":\"BreadcrumbList\",\"@id\":\"https:\/\/guderley.com\/?p=739#breadcrumb\",\"itemListElement\":[{\"@type\":\"ListItem\",\"position\":1,\"name\":\"Startseite\",\"item\":\"https:\/\/guderley.com\/\"},{\"@type\":\"ListItem\",\"position\":2,\"name\":\"La Paz 25.2. &#8211; 26.2.\"}]},{\"@type\":\"WebSite\",\"@id\":\"https:\/\/guderley.com\/#website\",\"url\":\"https:\/\/guderley.com\/\",\"name\":\"G\u00fcnter's Blog\",\"description\":\"Fahrrad Touren rund um die Welt\",\"publisher\":{\"@id\":\"https:\/\/guderley.com\/#\/schema\/person\/24a827645a6fedd3481426a7028dfdcd\"},\"alternateName\":\"G\u00fcnter's Blog\",\"potentialAction\":[{\"@type\":\"SearchAction\",\"target\":{\"@type\":\"EntryPoint\",\"urlTemplate\":\"https:\/\/guderley.com\/?s={search_term_string}\"},\"query-input\":{\"@type\":\"PropertyValueSpecification\",\"valueRequired\":true,\"valueName\":\"search_term_string\"}}],\"inLanguage\":\"de\"},{\"@type\":[\"Person\",\"Organization\"],\"@id\":\"https:\/\/guderley.com\/#\/schema\/person\/24a827645a6fedd3481426a7028dfdcd\",\"name\":\"guenter\",\"image\":{\"@type\":\"ImageObject\",\"inLanguage\":\"de\",\"@id\":\"https:\/\/guderley.com\/#\/schema\/person\/image\/\",\"url\":\"https:\/\/i0.wp.com\/guderley.com\/wp-content\/uploads\/img_8008-scaled.jpg?fit=1920%2C2560\",\"contentUrl\":\"https:\/\/i0.wp.com\/guderley.com\/wp-content\/uploads\/img_8008-scaled.jpg?fit=1920%2C2560\",\"width\":1920,\"height\":2560,\"caption\":\"guenter\"},\"logo\":{\"@id\":\"https:\/\/guderley.com\/#\/schema\/person\/image\/\"},\"sameAs\":[\"http:\/\/guderley.com\/blog\"],\"url\":\"https:\/\/guderley.com\/?author=2\"}]}<\/script>\n<!-- \/ Yoast SEO plugin. -->","yoast_head_json":{"title":"La Paz 25.2. - 26.2. - G\u00fcnter&#039;s Blog","robots":{"index":"index","follow":"follow","max-snippet":"max-snippet:-1","max-image-preview":"max-image-preview:large","max-video-preview":"max-video-preview:-1"},"canonical":"https:\/\/guderley.com\/?p=739","og_locale":"de_DE","og_type":"article","og_title":"La Paz 25.2. - 26.2. - G\u00fcnter&#039;s Blog","og_description":"Titicacasee mussten wir leider streichen von La Paz aus, dann werden wir das von der peruanischen Seite aus nachholen, wenn wir vom Inkatrail zur\u00fcck sind. La Paz ist &#8222;saukalt&#8220; und es regnet eigentlich fast immer. Die Folge ist, dass ich mich m\u00e4chtig erk\u00e4ltet habe durch den switch &#8222;Atacamaw\u00fcste&#8220; und Hochlandlage. Am Dienstag sollte ich fit [&hellip;]","og_url":"https:\/\/guderley.com\/?p=739","og_site_name":"G\u00fcnter&#039;s Blog","article_published_time":"2011-02-26T15:26:09+00:00","article_modified_time":"2011-02-26T15:28:29+00:00","og_image":[{"width":2560,"height":1920,"url":"https:\/\/i0.wp.com\/guderley.com\/wp-content\/uploads\/img_7992-scaled.jpg?fit=2560%2C1920&ssl=1","type":"image\/jpeg"}],"author":"guenter","twitter_card":"summary_large_image","twitter_misc":{"Verfasst von":"guenter","Gesch\u00e4tzte Lesezeit":"1\u00a0Minute"},"schema":{"@context":"https:\/\/schema.org","@graph":[{"@type":"Article","@id":"https:\/\/guderley.com\/?p=739#article","isPartOf":{"@id":"https:\/\/guderley.com\/?p=739"},"author":{"name":"guenter","@id":"https:\/\/guderley.com\/#\/schema\/person\/24a827645a6fedd3481426a7028dfdcd"},"headline":"La Paz 25.2. &#8211; 26.2.","datePublished":"2011-02-26T15:26:09+00:00","dateModified":"2011-02-26T15:28:29+00:00","mainEntityOfPage":{"@id":"https:\/\/guderley.com\/?p=739"},"wordCount":116,"commentCount":2,"publisher":{"@id":"https:\/\/guderley.com\/#\/schema\/person\/24a827645a6fedd3481426a7028dfdcd"},"articleSection":["2011_02 LATEINAMERIKA"],"inLanguage":"de","potentialAction":[{"@type":"CommentAction","name":"Comment","target":["https:\/\/guderley.com\/?p=739#respond"]}]},{"@type":"WebPage","@id":"https:\/\/guderley.com\/?p=739","url":"https:\/\/guderley.com\/?p=739","name":"La Paz 25.2. - 26.2. - G\u00fcnter&#039;s Blog","isPartOf":{"@id":"https:\/\/guderley.com\/#website"},"datePublished":"2011-02-26T15:26:09+00:00","dateModified":"2011-02-26T15:28:29+00:00","breadcrumb":{"@id":"https:\/\/guderley.com\/?p=739#breadcrumb"},"inLanguage":"de","potentialAction":[{"@type":"ReadAction","target":["https:\/\/guderley.com\/?p=739"]}]},{"@type":"BreadcrumbList","@id":"https:\/\/guderley.com\/?p=739#breadcrumb","itemListElement":[{"@type":"ListItem","position":1,"name":"Startseite","item":"https:\/\/guderley.com\/"},{"@type":"ListItem","position":2,"name":"La Paz 25.2. &#8211; 26.2."}]},{"@type":"WebSite","@id":"https:\/\/guderley.com\/#website","url":"https:\/\/guderley.com\/","name":"G\u00fcnter's Blog","description":"Fahrrad Touren rund um die Welt","publisher":{"@id":"https:\/\/guderley.com\/#\/schema\/person\/24a827645a6fedd3481426a7028dfdcd"},"alternateName":"G\u00fcnter's Blog","potentialAction":[{"@type":"SearchAction","target":{"@type":"EntryPoint","urlTemplate":"https:\/\/guderley.com\/?s={search_term_string}"},"query-input":{"@type":"PropertyValueSpecification","valueRequired":true,"valueName":"search_term_string"}}],"inLanguage":"de"},{"@type":["Person","Organization"],"@id":"https:\/\/guderley.com\/#\/schema\/person\/24a827645a6fedd3481426a7028dfdcd","name":"guenter","image":{"@type":"ImageObject","inLanguage":"de","@id":"https:\/\/guderley.com\/#\/schema\/person\/image\/","url":"https:\/\/i0.wp.com\/guderley.com\/wp-content\/uploads\/img_8008-scaled.jpg?fit=1920%2C2560","contentUrl":"https:\/\/i0.wp.com\/guderley.com\/wp-content\/uploads\/img_8008-scaled.jpg?fit=1920%2C2560","width":1920,"height":2560,"caption":"guenter"},"logo":{"@id":"https:\/\/guderley.com\/#\/schema\/person\/image\/"},"sameAs":["http:\/\/guderley.com\/blog"],"url":"https:\/\/guderley.com\/?author=2"}]}},"jetpack_featured_media_url":"","jetpack_sharing_enabled":true,"jetpack_shortlink":"https:\/\/wp.me\/p9IuXF-bV","jetpack_likes_enabled":true,"jetpack-related-posts":[{"id":3400,"url":"https:\/\/guderley.com\/?p=3400","url_meta":{"origin":739,"position":0},"title":"Tag 28 &#8211; Do 07.06.2018 &#8211; Alaska Marine Highway \/ 0 km \/ Gesamt: 1924 km","author":"guenter","date":"Juni 7, 2018","format":false,"excerpt":"Beim Einchecken treffe ich Liz und Charlie, ein US-P\u00e4rchen, die in Fairbanks gestartet sind und von Banff aus die \"Great Divide\" nach New Mexico fahren. Beide waren immer so ein bis zwei Tage hinter mir unterwegs und hatten schon geh\u00f6rt, dass vor Ihnen ein deutscher Radler unterwegs ist. Sie wollen\u2026","rel":"","context":"In &quot;2018 ALASKA&quot;","block_context":{"text":"2018 ALASKA","link":"https:\/\/guderley.com\/?cat=28"},"img":{"alt_text":"","src":"https:\/\/i0.wp.com\/guderley.com\/wp-content\/uploads\/WhatsApp-Image-2018-06-08-at-03.10.56.jpeg?resize=350%2C200","width":350,"height":200,"srcset":"https:\/\/i0.wp.com\/guderley.com\/wp-content\/uploads\/WhatsApp-Image-2018-06-08-at-03.10.56.jpeg?resize=350%2C200 1x, https:\/\/i0.wp.com\/guderley.com\/wp-content\/uploads\/WhatsApp-Image-2018-06-08-at-03.10.56.jpeg?resize=525%2C300 1.5x, https:\/\/i0.wp.com\/guderley.com\/wp-content\/uploads\/WhatsApp-Image-2018-06-08-at-03.10.56.jpeg?resize=700%2C400 2x"},"classes":[]},{"id":2591,"url":"https:\/\/guderley.com\/?p=2591","url_meta":{"origin":739,"position":1},"title":"13. Dez. 2014 &#8211; Sa &#8211; 30. Tag","author":"guenter","date":"Dezember 14, 2014","format":false,"excerpt":"107. Etappe - R\u00edo Grande - Tolhuin 89 km - 580 hm \/ Gesamt-Km: 2337Ein luxuri\u00f6ser Start in den Tag. Dusche und Fr\u00fchst\u00fcck im Hotel. Strahlender Sonnenschein und kr\u00e4ftiger Wind begleiten uns aus R\u00edo Grande hinaus. Die ersten zehn Kilometer sind heftig, dann haben wir erstmal den Wind von hinten.Entlang\u2026","rel":"","context":"In &quot;2014 PATAGONIEN&quot;","block_context":{"text":"2014 PATAGONIEN","link":"https:\/\/guderley.com\/?cat=26"},"img":{"alt_text":"","src":"https:\/\/i0.wp.com\/guderley.com\/wp-content\/uploads\/2014\/12\/wpid-Photo-13.12.2014-1117.jpg?resize=350%2C200","width":350,"height":200},"classes":[]},{"id":699,"url":"https:\/\/guderley.com\/?p=699","url_meta":{"origin":739,"position":2},"title":"Busfahrt ab Uyuni 23.2.","author":"guenter","date":"Februar 24, 2011","format":false,"excerpt":"Puenktlich um 20:00 Uhr startete unser Bus in Richtung Oruru, geplante Ankunft dort gegen 3:30 Uhr. Der Bus war etwa zur Haelfte mit Einheimischen besetzt, zur anderen Haelfte mit Travellern. Es braucht nicht viel Phantasie um sich das Klima und die Gerueche im Bus vorzustellen. Wir schaukelten ca. 2 Stunden\u2026","rel":"","context":"In &quot;2011_02 LATEINAMERIKA&quot;","block_context":{"text":"2011_02 LATEINAMERIKA","link":"https:\/\/guderley.com\/?cat=10"},"img":{"alt_text":"","src":"","width":0,"height":0},"classes":[]},{"id":2483,"url":"https:\/\/guderley.com\/?p=2483","url_meta":{"origin":739,"position":3},"title":"5. Dez. 2014 &#8211; Fr &#8211; 22. Tag","author":"guenter","date":"Dezember 5, 2014","format":false,"excerpt":"RuhetagWas machen durchgeknallte Radfahrer am Ruhetag ? Sie fahren nicht Rad - korrekt. Aber sie gehen auf eine sechsst\u00fcndige Bergtour im Nationalpark !An dieser Tour m\u00f6chte ich euch mit einigen Bildern gerne teilhaben lassen. Am Ende war es ein ziemlicher langer \"Hatsch\" und wir waren ziemlich beinm\u00fcde und froh den\u2026","rel":"","context":"In &quot;2014 PATAGONIEN&quot;","block_context":{"text":"2014 PATAGONIEN","link":"https:\/\/guderley.com\/?cat=26"},"img":{"alt_text":"","src":"https:\/\/i0.wp.com\/guderley.com\/wp-content\/uploads\/2014\/12\/wpid-Photo-05.12.2014-1037.jpg?resize=350%2C200","width":350,"height":200},"classes":[]},{"id":2513,"url":"https:\/\/guderley.com\/?p=2513","url_meta":{"origin":739,"position":4},"title":"7. Dez. 2014 &#8211; So &#8211; 24. Tag","author":"guenter","date":"Dezember 8, 2014","format":false,"excerpt":"Etappe 102 - Puerto Natales - Villa Tehuelches149 km - 1520 hm \/ Gesamt: 1909 kmF\u00fcr die gesamte Strecke heute habe ich ziemlich genauso lange gebraucht, wie gestern f\u00fcr die 50 km. Das veranschaulicht welche Rolle der Wind hier spielt.Zwischen 40 km\/h und 50 km\/h waren heute mit dem Wind\u2026","rel":"","context":"In &quot;2014 PATAGONIEN&quot;","block_context":{"text":"2014 PATAGONIEN","link":"https:\/\/guderley.com\/?cat=26"},"img":{"alt_text":"","src":"https:\/\/i0.wp.com\/guderley.com\/wp-content\/uploads\/2014\/12\/wpid-Photo-07.12.2014-1242.jpg?resize=350%2C200","width":350,"height":200},"classes":[]},{"id":1316,"url":"https:\/\/guderley.com\/?p=1316","url_meta":{"origin":739,"position":5},"title":"25.7.  Tartu \/ Estland &#8211; 9. Tag &#8211; 718 km","author":"guenter","date":"Juli 25, 2012","format":false,"excerpt":"Eine sehr angenehme und ruhige Nacht in dem riesigen Kiefernwald verbracht. Um 8 Uhr rollte mein Fahrrad komplett gepackt \"vom Hof\". Es ging nach kurzer Zeit auf eine gute und relativ wenig befahrene Stra\u00dfe entlang des Peipussees. Bei meinem ersten Stopp traf ich die vier Berliner von vorgestern wieder, die\u2026","rel":"","context":"In &quot;2012 BALTIKUM&quot;","block_context":{"text":"2012 BALTIKUM","link":"https:\/\/guderley.com\/?cat=22"},"img":{"alt_text":"","src":"https:\/\/i0.wp.com\/guderley.com\/wp-content\/uploads\/2012\/07\/wpid-Photo-25.07.2012-0808.jpg?resize=350%2C200","width":350,"height":200},"classes":[]}],"_links":{"self":[{"href":"https:\/\/guderley.com\/index.php?rest_route=\/wp\/v2\/posts\/739","targetHints":{"allow":["GET"]}}],"collection":[{"href":"https:\/\/guderley.com\/index.php?rest_route=\/wp\/v2\/posts"}],"about":[{"href":"https:\/\/guderley.com\/index.php?rest_route=\/wp\/v2\/types\/post"}],"author":[{"embeddable":true,"href":"https:\/\/guderley.com\/index.php?rest_route=\/wp\/v2\/users\/2"}],"replies":[{"embeddable":true,"href":"https:\/\/guderley.com\/index.php?rest_route=%2Fwp%2Fv2%2Fcomments&post=739"}],"version-history":[{"count":3,"href":"https:\/\/guderley.com\/index.php?rest_route=\/wp\/v2\/posts\/739\/revisions"}],"predecessor-version":[{"id":741,"href":"https:\/\/guderley.com\/index.php?rest_route=\/wp\/v2\/posts\/739\/revisions\/741"}],"wp:attachment":[{"href":"https:\/\/guderley.com\/index.php?rest_route=%2Fwp%2Fv2%2Fmedia&parent=739"}],"wp:term":[{"taxonomy":"category","embeddable":true,"href":"https:\/\/guderley.com\/index.php?rest_route=%2Fwp%2Fv2%2Fcategories&post=739"},{"taxonomy":"post_tag","embeddable":true,"href":"https:\/\/guderley.com\/index.php?rest_route=%2Fwp%2Fv2%2Ftags&post=739"}],"curies":[{"name":"wp","href":"https:\/\/api.w.org\/{rel}","templated":true}]}}