{"id":652,"date":"2011-02-19T03:15:45","date_gmt":"2011-02-19T02:15:45","guid":{"rendered":"http:\/\/guderley.com\/?p=652"},"modified":"2011-02-19T03:16:57","modified_gmt":"2011-02-19T02:16:57","slug":"san-pedro-de-atacama-18-2","status":"publish","type":"post","link":"https:\/\/guderley.com\/?p=652","title":{"rendered":"San Pedro de Atacama 18.2."},"content":{"rendered":"<p>Lange Schlafen, ruhiger Tagesverlauf, ein paar Vorbereitungen f\u00fcr den morgigen Bergtag. Gegen 17:00 Uhr mit Fahrr\u00e4dern ins &#8222;Valle de la Muerte&#8220; geradelt. Ein kraftraubender Anstieg auf eine riesige Sandd\u00fcne und eine Mond- bzw. Marslandschaft bestaunt. Julian kann das &#8222;Sandboard&#8220; von einigen Travellern nutzen und eine Abfahrt probieren. Da bleibt viel Sand am K\u00f6rper. In den Sonnenuntergang hineingeradelt. Tolle Stimmung in der abendlichen W\u00fcste und gigantische Farbspiele, fast schon ein wenig surreal aber doch echt. <\/p>\n","protected":false},"excerpt":{"rendered":"<p>Lange Schlafen, ruhiger Tagesverlauf, ein paar Vorbereitungen f\u00fcr den morgigen Bergtag. Gegen 17:00 Uhr mit Fahrr\u00e4dern ins &#8222;Valle de la Muerte&#8220; geradelt. Ein kraftraubender Anstieg auf eine riesige Sandd\u00fcne und eine Mond- bzw. Marslandschaft bestaunt. Julian kann das &#8222;Sandboard&#8220; von einigen Travellern nutzen und eine Abfahrt probieren. Da bleibt viel Sand am K\u00f6rper. In den [&hellip;]<\/p>\n","protected":false},"author":2,"featured_media":0,"comment_status":"open","ping_status":"open","sticky":false,"template":"","format":"standard","meta":{"_jetpack_newsletter_access":"","_jetpack_dont_email_post_to_subs":false,"_jetpack_newsletter_tier_id":0,"_jetpack_memberships_contains_paywalled_content":false,"_jetpack_memberships_contains_paid_content":false,"footnotes":""},"categories":[10],"tags":[],"class_list":["post-652","post","type-post","status-publish","format-standard","hentry","category-2011-sudamerika"],"yoast_head":"<!-- This site is optimized with the Yoast SEO plugin v25.8 - https:\/\/yoast.com\/wordpress\/plugins\/seo\/ -->\n<title>San Pedro de Atacama 18.2. - G\u00fcnter&#039;s Blog<\/title>\n<meta name=\"robots\" content=\"index, follow, max-snippet:-1, max-image-preview:large, max-video-preview:-1\" \/>\n<link rel=\"canonical\" href=\"https:\/\/guderley.com\/?p=652\" \/>\n<meta property=\"og:locale\" content=\"de_DE\" \/>\n<meta property=\"og:type\" content=\"article\" \/>\n<meta property=\"og:title\" content=\"San Pedro de Atacama 18.2. - G\u00fcnter&#039;s Blog\" \/>\n<meta property=\"og:description\" content=\"Lange Schlafen, ruhiger Tagesverlauf, ein paar Vorbereitungen f\u00fcr den morgigen Bergtag. Gegen 17:00 Uhr mit Fahrr\u00e4dern ins &#8222;Valle de la Muerte&#8220; geradelt. Ein kraftraubender Anstieg auf eine riesige Sandd\u00fcne und eine Mond- bzw. Marslandschaft bestaunt. Julian kann das &#8222;Sandboard&#8220; von einigen Travellern nutzen und eine Abfahrt probieren. Da bleibt viel Sand am K\u00f6rper. In den [&hellip;]\" \/>\n<meta property=\"og:url\" content=\"https:\/\/guderley.com\/?p=652\" \/>\n<meta property=\"og:site_name\" content=\"G\u00fcnter&#039;s Blog\" \/>\n<meta property=\"article:published_time\" content=\"2011-02-19T02:15:45+00:00\" \/>\n<meta property=\"article:modified_time\" content=\"2011-02-19T02:16:57+00:00\" \/>\n<meta property=\"og:image\" content=\"https:\/\/i0.wp.com\/guderley.com\/wp-content\/uploads\/img_7992-scaled.jpg?fit=2560%2C1920&ssl=1\" \/>\n\t<meta property=\"og:image:width\" content=\"2560\" \/>\n\t<meta property=\"og:image:height\" content=\"1920\" \/>\n\t<meta property=\"og:image:type\" content=\"image\/jpeg\" \/>\n<meta name=\"author\" content=\"guenter\" \/>\n<meta name=\"twitter:card\" content=\"summary_large_image\" \/>\n<meta name=\"twitter:label1\" content=\"Verfasst von\" \/>\n\t<meta name=\"twitter:data1\" content=\"guenter\" \/>\n<script type=\"application\/ld+json\" class=\"yoast-schema-graph\">{\"@context\":\"https:\/\/schema.org\",\"@graph\":[{\"@type\":\"Article\",\"@id\":\"https:\/\/guderley.com\/?p=652#article\",\"isPartOf\":{\"@id\":\"https:\/\/guderley.com\/?p=652\"},\"author\":{\"name\":\"guenter\",\"@id\":\"https:\/\/guderley.com\/#\/schema\/person\/24a827645a6fedd3481426a7028dfdcd\"},\"headline\":\"San Pedro de Atacama 18.2.\",\"datePublished\":\"2011-02-19T02:15:45+00:00\",\"dateModified\":\"2011-02-19T02:16:57+00:00\",\"mainEntityOfPage\":{\"@id\":\"https:\/\/guderley.com\/?p=652\"},\"wordCount\":82,\"commentCount\":1,\"publisher\":{\"@id\":\"https:\/\/guderley.com\/#\/schema\/person\/24a827645a6fedd3481426a7028dfdcd\"},\"articleSection\":[\"2011_02 LATEINAMERIKA\"],\"inLanguage\":\"de\",\"potentialAction\":[{\"@type\":\"CommentAction\",\"name\":\"Comment\",\"target\":[\"https:\/\/guderley.com\/?p=652#respond\"]}]},{\"@type\":\"WebPage\",\"@id\":\"https:\/\/guderley.com\/?p=652\",\"url\":\"https:\/\/guderley.com\/?p=652\",\"name\":\"San Pedro de Atacama 18.2. - G\u00fcnter&#039;s Blog\",\"isPartOf\":{\"@id\":\"https:\/\/guderley.com\/#website\"},\"datePublished\":\"2011-02-19T02:15:45+00:00\",\"dateModified\":\"2011-02-19T02:16:57+00:00\",\"breadcrumb\":{\"@id\":\"https:\/\/guderley.com\/?p=652#breadcrumb\"},\"inLanguage\":\"de\",\"potentialAction\":[{\"@type\":\"ReadAction\",\"target\":[\"https:\/\/guderley.com\/?p=652\"]}]},{\"@type\":\"BreadcrumbList\",\"@id\":\"https:\/\/guderley.com\/?p=652#breadcrumb\",\"itemListElement\":[{\"@type\":\"ListItem\",\"position\":1,\"name\":\"Startseite\",\"item\":\"https:\/\/guderley.com\/\"},{\"@type\":\"ListItem\",\"position\":2,\"name\":\"San Pedro de Atacama 18.2.\"}]},{\"@type\":\"WebSite\",\"@id\":\"https:\/\/guderley.com\/#website\",\"url\":\"https:\/\/guderley.com\/\",\"name\":\"G\u00fcnter's Blog\",\"description\":\"Fahrrad Touren rund um die Welt\",\"publisher\":{\"@id\":\"https:\/\/guderley.com\/#\/schema\/person\/24a827645a6fedd3481426a7028dfdcd\"},\"alternateName\":\"G\u00fcnter's Blog\",\"potentialAction\":[{\"@type\":\"SearchAction\",\"target\":{\"@type\":\"EntryPoint\",\"urlTemplate\":\"https:\/\/guderley.com\/?s={search_term_string}\"},\"query-input\":{\"@type\":\"PropertyValueSpecification\",\"valueRequired\":true,\"valueName\":\"search_term_string\"}}],\"inLanguage\":\"de\"},{\"@type\":[\"Person\",\"Organization\"],\"@id\":\"https:\/\/guderley.com\/#\/schema\/person\/24a827645a6fedd3481426a7028dfdcd\",\"name\":\"guenter\",\"image\":{\"@type\":\"ImageObject\",\"inLanguage\":\"de\",\"@id\":\"https:\/\/guderley.com\/#\/schema\/person\/image\/\",\"url\":\"https:\/\/i0.wp.com\/guderley.com\/wp-content\/uploads\/img_8008-scaled.jpg?fit=1920%2C2560\",\"contentUrl\":\"https:\/\/i0.wp.com\/guderley.com\/wp-content\/uploads\/img_8008-scaled.jpg?fit=1920%2C2560\",\"width\":1920,\"height\":2560,\"caption\":\"guenter\"},\"logo\":{\"@id\":\"https:\/\/guderley.com\/#\/schema\/person\/image\/\"},\"sameAs\":[\"http:\/\/guderley.com\/blog\"],\"url\":\"https:\/\/guderley.com\/?author=2\"}]}<\/script>\n<!-- \/ Yoast SEO plugin. -->","yoast_head_json":{"title":"San Pedro de Atacama 18.2. - G\u00fcnter&#039;s Blog","robots":{"index":"index","follow":"follow","max-snippet":"max-snippet:-1","max-image-preview":"max-image-preview:large","max-video-preview":"max-video-preview:-1"},"canonical":"https:\/\/guderley.com\/?p=652","og_locale":"de_DE","og_type":"article","og_title":"San Pedro de Atacama 18.2. - G\u00fcnter&#039;s Blog","og_description":"Lange Schlafen, ruhiger Tagesverlauf, ein paar Vorbereitungen f\u00fcr den morgigen Bergtag. Gegen 17:00 Uhr mit Fahrr\u00e4dern ins &#8222;Valle de la Muerte&#8220; geradelt. Ein kraftraubender Anstieg auf eine riesige Sandd\u00fcne und eine Mond- bzw. Marslandschaft bestaunt. Julian kann das &#8222;Sandboard&#8220; von einigen Travellern nutzen und eine Abfahrt probieren. Da bleibt viel Sand am K\u00f6rper. In den [&hellip;]","og_url":"https:\/\/guderley.com\/?p=652","og_site_name":"G\u00fcnter&#039;s Blog","article_published_time":"2011-02-19T02:15:45+00:00","article_modified_time":"2011-02-19T02:16:57+00:00","og_image":[{"width":2560,"height":1920,"url":"https:\/\/i0.wp.com\/guderley.com\/wp-content\/uploads\/img_7992-scaled.jpg?fit=2560%2C1920&ssl=1","type":"image\/jpeg"}],"author":"guenter","twitter_card":"summary_large_image","twitter_misc":{"Verfasst von":"guenter"},"schema":{"@context":"https:\/\/schema.org","@graph":[{"@type":"Article","@id":"https:\/\/guderley.com\/?p=652#article","isPartOf":{"@id":"https:\/\/guderley.com\/?p=652"},"author":{"name":"guenter","@id":"https:\/\/guderley.com\/#\/schema\/person\/24a827645a6fedd3481426a7028dfdcd"},"headline":"San Pedro de Atacama 18.2.","datePublished":"2011-02-19T02:15:45+00:00","dateModified":"2011-02-19T02:16:57+00:00","mainEntityOfPage":{"@id":"https:\/\/guderley.com\/?p=652"},"wordCount":82,"commentCount":1,"publisher":{"@id":"https:\/\/guderley.com\/#\/schema\/person\/24a827645a6fedd3481426a7028dfdcd"},"articleSection":["2011_02 LATEINAMERIKA"],"inLanguage":"de","potentialAction":[{"@type":"CommentAction","name":"Comment","target":["https:\/\/guderley.com\/?p=652#respond"]}]},{"@type":"WebPage","@id":"https:\/\/guderley.com\/?p=652","url":"https:\/\/guderley.com\/?p=652","name":"San Pedro de Atacama 18.2. - G\u00fcnter&#039;s Blog","isPartOf":{"@id":"https:\/\/guderley.com\/#website"},"datePublished":"2011-02-19T02:15:45+00:00","dateModified":"2011-02-19T02:16:57+00:00","breadcrumb":{"@id":"https:\/\/guderley.com\/?p=652#breadcrumb"},"inLanguage":"de","potentialAction":[{"@type":"ReadAction","target":["https:\/\/guderley.com\/?p=652"]}]},{"@type":"BreadcrumbList","@id":"https:\/\/guderley.com\/?p=652#breadcrumb","itemListElement":[{"@type":"ListItem","position":1,"name":"Startseite","item":"https:\/\/guderley.com\/"},{"@type":"ListItem","position":2,"name":"San Pedro de Atacama 18.2."}]},{"@type":"WebSite","@id":"https:\/\/guderley.com\/#website","url":"https:\/\/guderley.com\/","name":"G\u00fcnter's Blog","description":"Fahrrad Touren rund um die Welt","publisher":{"@id":"https:\/\/guderley.com\/#\/schema\/person\/24a827645a6fedd3481426a7028dfdcd"},"alternateName":"G\u00fcnter's Blog","potentialAction":[{"@type":"SearchAction","target":{"@type":"EntryPoint","urlTemplate":"https:\/\/guderley.com\/?s={search_term_string}"},"query-input":{"@type":"PropertyValueSpecification","valueRequired":true,"valueName":"search_term_string"}}],"inLanguage":"de"},{"@type":["Person","Organization"],"@id":"https:\/\/guderley.com\/#\/schema\/person\/24a827645a6fedd3481426a7028dfdcd","name":"guenter","image":{"@type":"ImageObject","inLanguage":"de","@id":"https:\/\/guderley.com\/#\/schema\/person\/image\/","url":"https:\/\/i0.wp.com\/guderley.com\/wp-content\/uploads\/img_8008-scaled.jpg?fit=1920%2C2560","contentUrl":"https:\/\/i0.wp.com\/guderley.com\/wp-content\/uploads\/img_8008-scaled.jpg?fit=1920%2C2560","width":1920,"height":2560,"caption":"guenter"},"logo":{"@id":"https:\/\/guderley.com\/#\/schema\/person\/image\/"},"sameAs":["http:\/\/guderley.com\/blog"],"url":"https:\/\/guderley.com\/?author=2"}]}},"jetpack_featured_media_url":"","jetpack_sharing_enabled":true,"jetpack_shortlink":"https:\/\/wp.me\/p9IuXF-aw","jetpack_likes_enabled":true,"jetpack-related-posts":[{"id":2753,"url":"https:\/\/guderley.com\/?p=2753","url_meta":{"origin":652,"position":0},"title":"Tag 14 &#8211; 114 km Bredene &#8211; Grand-Fort Phillippe \/ Gesamt:  1564 km","author":"guenter","date":"Juni 11, 2015","format":false,"excerpt":"Bin heute erst um 8:30 Uhr aufgewacht ! Also relaxed in den Tag starten.Gegen 10 Uhr habe ich den Campingplatz t'Minne verlassen und bin nach Ostende an die Strandpromenade geradelt.Der Wind hat gepfiffen und kaum Menschen auf den Beinen. Ein Capuccino in einer der wenigen ge\u00f6ffneten Bars und dann war\u2026","rel":"","context":"In &quot;2015 BENELUX - FRANKREICH&quot;","block_context":{"text":"2015 BENELUX - FRANKREICH","link":"https:\/\/guderley.com\/?cat=27"},"img":{"alt_text":"","src":"https:\/\/i0.wp.com\/guderley.com\/wp-content\/uploads\/2015\/06\/wpid-Photo-10.06.2015-0516.jpg?resize=350%2C200","width":350,"height":200},"classes":[]},{"id":2469,"url":"https:\/\/guderley.com\/?p=2469","url_meta":{"origin":652,"position":1},"title":"3. Dez. 2014 &#8211; Mi &#8211; 20. Tag","author":"guenter","date":"Dezember 4, 2014","format":false,"excerpt":"Etappe 99 - Bushcamp - Cerro Castillo \/ Chile91 km - 540 hm \/ Gesamt: 1642 kmEine Nacht im Bushcamp hat schon ihren Reiz. Maximale Stille - einfach Natur pur !!Die Nachteile liegen auf der Hand - keine Waschm\u00f6glichkeiten, geschweige denn Toilette. Mit ein bisschen Kreativit\u00e4t geht das problemlos einige\u2026","rel":"","context":"In &quot;2014 PATAGONIEN&quot;","block_context":{"text":"2014 PATAGONIEN","link":"https:\/\/guderley.com\/?cat=26"},"img":{"alt_text":"","src":"https:\/\/i0.wp.com\/guderley.com\/wp-content\/uploads\/2014\/12\/wpid-Photo-04.12.2014-1558.jpg?resize=350%2C200","width":350,"height":200},"classes":[]},{"id":868,"url":"https:\/\/guderley.com\/?p=868","url_meta":{"origin":652,"position":2},"title":"16.08.2011  Haldenwang  202 km","author":"guenter","date":"August 16, 2011","format":false,"excerpt":"Ein sensationeller Bike-Tag war das heute. Den ganzen Tag quer durch das Allg\u00e4u, vom Ostallg\u00e4u ins Oberallg\u00e4u und runter ins Illertal. Neuschwanstein und Hohenschwangau wie hingemalt. Aus F\u00fcssen bin ich allerdings gleich wieder gefl\u00fcchtet, die Stadt war zum Bersten voll mit Besuchern. Die H\u00f6henmeter habe ich gottseidank nicht gez\u00e4hlt, aber\u2026","rel":"","context":"In &quot;2011 ALLG\u00c4U - NECKAR&quot;","block_context":{"text":"2011 ALLG\u00c4U - NECKAR","link":"https:\/\/guderley.com\/?cat=14"},"img":{"alt_text":"","src":"","width":0,"height":0},"classes":[]},{"id":408,"url":"https:\/\/guderley.com\/?p=408","url_meta":{"origin":652,"position":3},"title":"LANGON (Dep. Gironde)  km 2596","author":"guenter","date":"Juni 12, 2010","format":false,"excerpt":"Nach Ruhetag kommt Fahrtag. Es hat zwar den halben Tag geregnet aber es war so brettleben und kein Wind, das musste ich nutzen. Ich bin fast den ganzen Tag durch die Gascogne gefahren und davon den gr\u00f6\u00dften Teil durch eine Art Regionalpark. Hier hat 2009 eine franz\u00f6sische \"Wiebke\" gehaust und\u2026","rel":"","context":"In &quot;2010 EUROPATOUR&quot;","block_context":{"text":"2010 EUROPATOUR","link":"https:\/\/guderley.com\/?cat=1"},"img":{"alt_text":"","src":"","width":0,"height":0},"classes":[]},{"id":5897,"url":"https:\/\/guderley.com\/?p=5897","url_meta":{"origin":652,"position":4},"title":"Tag 9 &#8211; Mo &#8211; 19.8.2024 &#8211; Feistritz im Rosental &#8211; 84 km &#8211; Gesamt-km: 701","author":"guenter","date":"August 19, 2024","format":false,"excerpt":"Ein echt einfaches Quartier - der Torwirt in Lavam\u00fcnd - aber total nette Leute, die Oma hat sich r\u00fchrend ums Fr\u00fchst\u00fcck gek\u00fcmmert. Die Wolken h\u00e4ngen tief bis ins Tal beim Losfahren - 10 km sp\u00e4ter kommt der Regen - also volle Montur an und weiter. Ein Fahrrad-Highlight ist die majest\u00e4tische\u2026","rel":"","context":"In &quot;2024_Sommer-Tour - 5 L\u00e4nder&quot;","block_context":{"text":"2024_Sommer-Tour - 5 L\u00e4nder","link":"https:\/\/guderley.com\/?cat=35"},"img":{"alt_text":"","src":"https:\/\/i0.wp.com\/guderley.com\/wp-content\/uploads\/img_7072.jpg?resize=350%2C200","width":350,"height":200,"srcset":"https:\/\/i0.wp.com\/guderley.com\/wp-content\/uploads\/img_7072.jpg?resize=350%2C200 1x, https:\/\/i0.wp.com\/guderley.com\/wp-content\/uploads\/img_7072.jpg?resize=525%2C300 1.5x, https:\/\/i0.wp.com\/guderley.com\/wp-content\/uploads\/img_7072.jpg?resize=700%2C400 2x, https:\/\/i0.wp.com\/guderley.com\/wp-content\/uploads\/img_7072.jpg?resize=1050%2C600 3x, https:\/\/i0.wp.com\/guderley.com\/wp-content\/uploads\/img_7072.jpg?resize=1400%2C800 4x"},"classes":[]},{"id":3358,"url":"https:\/\/guderley.com\/?p=3358","url_meta":{"origin":652,"position":5},"title":"Tag 26 &#8211; Di 05.06.2018 &#8211; Skagway \/ 72 km \/ Gesamt: 1924 km","author":"guenter","date":"Juni 6, 2018","format":false,"excerpt":"Bin zeitig wach und verlasse die H\u00fctte in einen bedeckten und frischen Morgen auf einer H\u00f6he von ca. 800 Metern. Es geht wieder munter \"rauf und runter\". Die Landschaft gestern und vor allem heute ist sensationell und echt atemberaubend. Hinter jeder Biegung gibt es ein neues Panorama. Die Berge sind\u2026","rel":"","context":"In &quot;2018 ALASKA&quot;","block_context":{"text":"2018 ALASKA","link":"https:\/\/guderley.com\/?cat=28"},"img":{"alt_text":"","src":"https:\/\/i0.wp.com\/guderley.com\/wp-content\/uploads\/WhatsApp-Image-2018-06-06-at-02.24.23.jpeg?resize=350%2C200","width":350,"height":200,"srcset":"https:\/\/i0.wp.com\/guderley.com\/wp-content\/uploads\/WhatsApp-Image-2018-06-06-at-02.24.23.jpeg?resize=350%2C200 1x, https:\/\/i0.wp.com\/guderley.com\/wp-content\/uploads\/WhatsApp-Image-2018-06-06-at-02.24.23.jpeg?resize=525%2C300 1.5x, https:\/\/i0.wp.com\/guderley.com\/wp-content\/uploads\/WhatsApp-Image-2018-06-06-at-02.24.23.jpeg?resize=700%2C400 2x"},"classes":[]}],"_links":{"self":[{"href":"https:\/\/guderley.com\/index.php?rest_route=\/wp\/v2\/posts\/652","targetHints":{"allow":["GET"]}}],"collection":[{"href":"https:\/\/guderley.com\/index.php?rest_route=\/wp\/v2\/posts"}],"about":[{"href":"https:\/\/guderley.com\/index.php?rest_route=\/wp\/v2\/types\/post"}],"author":[{"embeddable":true,"href":"https:\/\/guderley.com\/index.php?rest_route=\/wp\/v2\/users\/2"}],"replies":[{"embeddable":true,"href":"https:\/\/guderley.com\/index.php?rest_route=%2Fwp%2Fv2%2Fcomments&post=652"}],"version-history":[{"count":2,"href":"https:\/\/guderley.com\/index.php?rest_route=\/wp\/v2\/posts\/652\/revisions"}],"predecessor-version":[{"id":654,"href":"https:\/\/guderley.com\/index.php?rest_route=\/wp\/v2\/posts\/652\/revisions\/654"}],"wp:attachment":[{"href":"https:\/\/guderley.com\/index.php?rest_route=%2Fwp%2Fv2%2Fmedia&parent=652"}],"wp:term":[{"taxonomy":"category","embeddable":true,"href":"https:\/\/guderley.com\/index.php?rest_route=%2Fwp%2Fv2%2Fcategories&post=652"},{"taxonomy":"post_tag","embeddable":true,"href":"https:\/\/guderley.com\/index.php?rest_route=%2Fwp%2Fv2%2Ftags&post=652"}],"curies":[{"name":"wp","href":"https:\/\/api.w.org\/{rel}","templated":true}]}}