{"id":648,"date":"2011-02-18T00:57:39","date_gmt":"2011-02-17T23:57:39","guid":{"rendered":"http:\/\/guderley.com\/?p=648"},"modified":"2011-02-18T01:00:55","modified_gmt":"2011-02-18T00:00:55","slug":"san-pedro-de-atacama-17-2","status":"publish","type":"post","link":"https:\/\/guderley.com\/?p=648","title":{"rendered":"San Pedro de Atacama 17.2."},"content":{"rendered":"<p>Heute Vormittag haben wie die n\u00e4chsten Tage und vor allem den \u00dcbergang nach Bolivien gecheckt und klar gemacht.<br \/>\nAm Nachmittag sind wir rund 40 km auf MTBs in die Atacamaw\u00fcste gefahren und haben das &#8222;Valle de Luna&#8220; angesehen. War ziemlich ambitioniert mit den &#8222;Leihschinken&#8220; und der doch knapp 2800 m H\u00f6he in der das Tal liegt.<br \/>\nNa ja nach den langen Busfahrten tut das richtig gut. San Pedro wirkt auf mich ein bisschen wie ein internationales Hippiedorf. Wenn ich mal ein paar Ureinwohner ausklammere, dann geh\u00f6re ich sicher hier zu den Senioren. Wir haben ein ordentliches Hostel, wobei Chile deutlich teurer ist als die Stationen vorher in Argentinien. Zum Ende unserer dritten Reisewoche machen wir uns am Sonntag dann hin\u00fcber nach Bolivien, unserem vierten Land auf dieser Reise.<\/p>\n","protected":false},"excerpt":{"rendered":"<p>Heute Vormittag haben wie die n\u00e4chsten Tage und vor allem den \u00dcbergang nach Bolivien gecheckt und klar gemacht. Am Nachmittag sind wir rund 40 km auf MTBs in die Atacamaw\u00fcste gefahren und haben das &#8222;Valle de Luna&#8220; angesehen. War ziemlich ambitioniert mit den &#8222;Leihschinken&#8220; und der doch knapp 2800 m H\u00f6he in der das Tal [&hellip;]<\/p>\n","protected":false},"author":2,"featured_media":0,"comment_status":"open","ping_status":"open","sticky":false,"template":"","format":"standard","meta":{"_jetpack_newsletter_access":"","_jetpack_dont_email_post_to_subs":false,"_jetpack_newsletter_tier_id":0,"_jetpack_memberships_contains_paywalled_content":false,"_jetpack_memberships_contains_paid_content":false,"footnotes":""},"categories":[10],"tags":[],"class_list":["post-648","post","type-post","status-publish","format-standard","hentry","category-2011-sudamerika"],"yoast_head":"<!-- This site is optimized with the Yoast SEO plugin v25.8 - https:\/\/yoast.com\/wordpress\/plugins\/seo\/ -->\n<title>San Pedro de Atacama 17.2. - G\u00fcnter&#039;s Blog<\/title>\n<meta name=\"robots\" content=\"index, follow, max-snippet:-1, max-image-preview:large, max-video-preview:-1\" \/>\n<link rel=\"canonical\" href=\"https:\/\/guderley.com\/?p=648\" \/>\n<meta property=\"og:locale\" content=\"de_DE\" \/>\n<meta property=\"og:type\" content=\"article\" \/>\n<meta property=\"og:title\" content=\"San Pedro de Atacama 17.2. - G\u00fcnter&#039;s Blog\" \/>\n<meta property=\"og:description\" content=\"Heute Vormittag haben wie die n\u00e4chsten Tage und vor allem den \u00dcbergang nach Bolivien gecheckt und klar gemacht. Am Nachmittag sind wir rund 40 km auf MTBs in die Atacamaw\u00fcste gefahren und haben das &#8222;Valle de Luna&#8220; angesehen. War ziemlich ambitioniert mit den &#8222;Leihschinken&#8220; und der doch knapp 2800 m H\u00f6he in der das Tal [&hellip;]\" \/>\n<meta property=\"og:url\" content=\"https:\/\/guderley.com\/?p=648\" \/>\n<meta property=\"og:site_name\" content=\"G\u00fcnter&#039;s Blog\" \/>\n<meta property=\"article:published_time\" content=\"2011-02-17T23:57:39+00:00\" \/>\n<meta property=\"article:modified_time\" content=\"2011-02-18T00:00:55+00:00\" \/>\n<meta property=\"og:image\" content=\"https:\/\/i0.wp.com\/guderley.com\/wp-content\/uploads\/img_7992-scaled.jpg?fit=2560%2C1920&ssl=1\" \/>\n\t<meta property=\"og:image:width\" content=\"2560\" \/>\n\t<meta property=\"og:image:height\" content=\"1920\" \/>\n\t<meta property=\"og:image:type\" content=\"image\/jpeg\" \/>\n<meta name=\"author\" content=\"guenter\" \/>\n<meta name=\"twitter:card\" content=\"summary_large_image\" \/>\n<meta name=\"twitter:label1\" content=\"Verfasst von\" \/>\n\t<meta name=\"twitter:data1\" content=\"guenter\" \/>\n\t<meta name=\"twitter:label2\" content=\"Gesch\u00e4tzte Lesezeit\" \/>\n\t<meta name=\"twitter:data2\" content=\"1\u00a0Minute\" \/>\n<script type=\"application\/ld+json\" class=\"yoast-schema-graph\">{\"@context\":\"https:\/\/schema.org\",\"@graph\":[{\"@type\":\"Article\",\"@id\":\"https:\/\/guderley.com\/?p=648#article\",\"isPartOf\":{\"@id\":\"https:\/\/guderley.com\/?p=648\"},\"author\":{\"name\":\"guenter\",\"@id\":\"https:\/\/guderley.com\/#\/schema\/person\/24a827645a6fedd3481426a7028dfdcd\"},\"headline\":\"San Pedro de Atacama 17.2.\",\"datePublished\":\"2011-02-17T23:57:39+00:00\",\"dateModified\":\"2011-02-18T00:00:55+00:00\",\"mainEntityOfPage\":{\"@id\":\"https:\/\/guderley.com\/?p=648\"},\"wordCount\":135,\"commentCount\":1,\"publisher\":{\"@id\":\"https:\/\/guderley.com\/#\/schema\/person\/24a827645a6fedd3481426a7028dfdcd\"},\"articleSection\":[\"2011_02 LATEINAMERIKA\"],\"inLanguage\":\"de\",\"potentialAction\":[{\"@type\":\"CommentAction\",\"name\":\"Comment\",\"target\":[\"https:\/\/guderley.com\/?p=648#respond\"]}]},{\"@type\":\"WebPage\",\"@id\":\"https:\/\/guderley.com\/?p=648\",\"url\":\"https:\/\/guderley.com\/?p=648\",\"name\":\"San Pedro de Atacama 17.2. - G\u00fcnter&#039;s Blog\",\"isPartOf\":{\"@id\":\"https:\/\/guderley.com\/#website\"},\"datePublished\":\"2011-02-17T23:57:39+00:00\",\"dateModified\":\"2011-02-18T00:00:55+00:00\",\"breadcrumb\":{\"@id\":\"https:\/\/guderley.com\/?p=648#breadcrumb\"},\"inLanguage\":\"de\",\"potentialAction\":[{\"@type\":\"ReadAction\",\"target\":[\"https:\/\/guderley.com\/?p=648\"]}]},{\"@type\":\"BreadcrumbList\",\"@id\":\"https:\/\/guderley.com\/?p=648#breadcrumb\",\"itemListElement\":[{\"@type\":\"ListItem\",\"position\":1,\"name\":\"Startseite\",\"item\":\"https:\/\/guderley.com\/\"},{\"@type\":\"ListItem\",\"position\":2,\"name\":\"San Pedro de Atacama 17.2.\"}]},{\"@type\":\"WebSite\",\"@id\":\"https:\/\/guderley.com\/#website\",\"url\":\"https:\/\/guderley.com\/\",\"name\":\"G\u00fcnter's Blog\",\"description\":\"Fahrrad Touren rund um die Welt\",\"publisher\":{\"@id\":\"https:\/\/guderley.com\/#\/schema\/person\/24a827645a6fedd3481426a7028dfdcd\"},\"alternateName\":\"G\u00fcnter's Blog\",\"potentialAction\":[{\"@type\":\"SearchAction\",\"target\":{\"@type\":\"EntryPoint\",\"urlTemplate\":\"https:\/\/guderley.com\/?s={search_term_string}\"},\"query-input\":{\"@type\":\"PropertyValueSpecification\",\"valueRequired\":true,\"valueName\":\"search_term_string\"}}],\"inLanguage\":\"de\"},{\"@type\":[\"Person\",\"Organization\"],\"@id\":\"https:\/\/guderley.com\/#\/schema\/person\/24a827645a6fedd3481426a7028dfdcd\",\"name\":\"guenter\",\"image\":{\"@type\":\"ImageObject\",\"inLanguage\":\"de\",\"@id\":\"https:\/\/guderley.com\/#\/schema\/person\/image\/\",\"url\":\"https:\/\/i0.wp.com\/guderley.com\/wp-content\/uploads\/img_8008-scaled.jpg?fit=1920%2C2560\",\"contentUrl\":\"https:\/\/i0.wp.com\/guderley.com\/wp-content\/uploads\/img_8008-scaled.jpg?fit=1920%2C2560\",\"width\":1920,\"height\":2560,\"caption\":\"guenter\"},\"logo\":{\"@id\":\"https:\/\/guderley.com\/#\/schema\/person\/image\/\"},\"sameAs\":[\"http:\/\/guderley.com\/blog\"],\"url\":\"https:\/\/guderley.com\/?author=2\"}]}<\/script>\n<!-- \/ Yoast SEO plugin. -->","yoast_head_json":{"title":"San Pedro de Atacama 17.2. - G\u00fcnter&#039;s Blog","robots":{"index":"index","follow":"follow","max-snippet":"max-snippet:-1","max-image-preview":"max-image-preview:large","max-video-preview":"max-video-preview:-1"},"canonical":"https:\/\/guderley.com\/?p=648","og_locale":"de_DE","og_type":"article","og_title":"San Pedro de Atacama 17.2. - G\u00fcnter&#039;s Blog","og_description":"Heute Vormittag haben wie die n\u00e4chsten Tage und vor allem den \u00dcbergang nach Bolivien gecheckt und klar gemacht. Am Nachmittag sind wir rund 40 km auf MTBs in die Atacamaw\u00fcste gefahren und haben das &#8222;Valle de Luna&#8220; angesehen. War ziemlich ambitioniert mit den &#8222;Leihschinken&#8220; und der doch knapp 2800 m H\u00f6he in der das Tal [&hellip;]","og_url":"https:\/\/guderley.com\/?p=648","og_site_name":"G\u00fcnter&#039;s Blog","article_published_time":"2011-02-17T23:57:39+00:00","article_modified_time":"2011-02-18T00:00:55+00:00","og_image":[{"width":2560,"height":1920,"url":"https:\/\/i0.wp.com\/guderley.com\/wp-content\/uploads\/img_7992-scaled.jpg?fit=2560%2C1920&ssl=1","type":"image\/jpeg"}],"author":"guenter","twitter_card":"summary_large_image","twitter_misc":{"Verfasst von":"guenter","Gesch\u00e4tzte Lesezeit":"1\u00a0Minute"},"schema":{"@context":"https:\/\/schema.org","@graph":[{"@type":"Article","@id":"https:\/\/guderley.com\/?p=648#article","isPartOf":{"@id":"https:\/\/guderley.com\/?p=648"},"author":{"name":"guenter","@id":"https:\/\/guderley.com\/#\/schema\/person\/24a827645a6fedd3481426a7028dfdcd"},"headline":"San Pedro de Atacama 17.2.","datePublished":"2011-02-17T23:57:39+00:00","dateModified":"2011-02-18T00:00:55+00:00","mainEntityOfPage":{"@id":"https:\/\/guderley.com\/?p=648"},"wordCount":135,"commentCount":1,"publisher":{"@id":"https:\/\/guderley.com\/#\/schema\/person\/24a827645a6fedd3481426a7028dfdcd"},"articleSection":["2011_02 LATEINAMERIKA"],"inLanguage":"de","potentialAction":[{"@type":"CommentAction","name":"Comment","target":["https:\/\/guderley.com\/?p=648#respond"]}]},{"@type":"WebPage","@id":"https:\/\/guderley.com\/?p=648","url":"https:\/\/guderley.com\/?p=648","name":"San Pedro de Atacama 17.2. - G\u00fcnter&#039;s Blog","isPartOf":{"@id":"https:\/\/guderley.com\/#website"},"datePublished":"2011-02-17T23:57:39+00:00","dateModified":"2011-02-18T00:00:55+00:00","breadcrumb":{"@id":"https:\/\/guderley.com\/?p=648#breadcrumb"},"inLanguage":"de","potentialAction":[{"@type":"ReadAction","target":["https:\/\/guderley.com\/?p=648"]}]},{"@type":"BreadcrumbList","@id":"https:\/\/guderley.com\/?p=648#breadcrumb","itemListElement":[{"@type":"ListItem","position":1,"name":"Startseite","item":"https:\/\/guderley.com\/"},{"@type":"ListItem","position":2,"name":"San Pedro de Atacama 17.2."}]},{"@type":"WebSite","@id":"https:\/\/guderley.com\/#website","url":"https:\/\/guderley.com\/","name":"G\u00fcnter's Blog","description":"Fahrrad Touren rund um die Welt","publisher":{"@id":"https:\/\/guderley.com\/#\/schema\/person\/24a827645a6fedd3481426a7028dfdcd"},"alternateName":"G\u00fcnter's Blog","potentialAction":[{"@type":"SearchAction","target":{"@type":"EntryPoint","urlTemplate":"https:\/\/guderley.com\/?s={search_term_string}"},"query-input":{"@type":"PropertyValueSpecification","valueRequired":true,"valueName":"search_term_string"}}],"inLanguage":"de"},{"@type":["Person","Organization"],"@id":"https:\/\/guderley.com\/#\/schema\/person\/24a827645a6fedd3481426a7028dfdcd","name":"guenter","image":{"@type":"ImageObject","inLanguage":"de","@id":"https:\/\/guderley.com\/#\/schema\/person\/image\/","url":"https:\/\/i0.wp.com\/guderley.com\/wp-content\/uploads\/img_8008-scaled.jpg?fit=1920%2C2560","contentUrl":"https:\/\/i0.wp.com\/guderley.com\/wp-content\/uploads\/img_8008-scaled.jpg?fit=1920%2C2560","width":1920,"height":2560,"caption":"guenter"},"logo":{"@id":"https:\/\/guderley.com\/#\/schema\/person\/image\/"},"sameAs":["http:\/\/guderley.com\/blog"],"url":"https:\/\/guderley.com\/?author=2"}]}},"jetpack_featured_media_url":"","jetpack_sharing_enabled":true,"jetpack_shortlink":"https:\/\/wp.me\/p9IuXF-as","jetpack_likes_enabled":true,"jetpack-related-posts":[{"id":693,"url":"https:\/\/guderley.com\/?p=693","url_meta":{"origin":648,"position":0},"title":"Jeeptour Bolivien 2.Tag &#8211; 21.2.","author":"guenter","date":"Februar 24, 2011","format":false,"excerpt":"Gegen Morgen regnete es maechtig und nur 200 m hoeher fing der Schnee an. Wir fuhren weiter durch diese gigantische Landschaft, besuchten den sog. \"Steinernen Baum\" ein duch maechtige Erosion geformtes Felslabyrinth. Wenig spaeter fuhren wir in eine voellig unberuehrte Schneelandschaft und landeten auf etwa 4800 m an der \"Laguna\u2026","rel":"","context":"In &quot;2011_02 LATEINAMERIKA&quot;","block_context":{"text":"2011_02 LATEINAMERIKA","link":"https:\/\/guderley.com\/?cat=10"},"img":{"alt_text":"","src":"","width":0,"height":0},"classes":[]},{"id":646,"url":"https:\/\/guderley.com\/?p=646","url_meta":{"origin":648,"position":1},"title":"San Pedro de Atacama \/ Chile 16.2.","author":"guenter","date":"Februar 17, 2011","format":false,"excerpt":"Nach 12 h Busfahrt haben wir San Pedro de Atacama erreicht. Der Bus musste sich von Salta (1100m) bis auf 4800 m hinaufqu\u00e4len, bevor es dann durch die Atacama-W\u00fcste nach San Pedro \/ Chile (2500 m) ging. Umst\u00e4ndliche Immigrationsrituale erg\u00e4nzten diese anstrengende Tagestour. Die H\u00f6he hat bei mir auch ihren\u2026","rel":"","context":"In &quot;2011_02 LATEINAMERIKA&quot;","block_context":{"text":"2011_02 LATEINAMERIKA","link":"https:\/\/guderley.com\/?cat=10"},"img":{"alt_text":"","src":"","width":0,"height":0},"classes":[]},{"id":695,"url":"https:\/\/guderley.com\/?p=695","url_meta":{"origin":648,"position":2},"title":"Jeeptour Bolivien 3.Tag &#8211; 22.2.","author":"guenter","date":"Februar 24, 2011","format":false,"excerpt":"In unserer groben Reiseplanung waren vier Vorgaben: 1) Buenos Aires und Montevideo 2) einen 5000er besteigen 3) den Salar de Uyuni besuchen und 4) den Inka-Trail nach Machu Picchu zu gehen. Heute stand also Nummer 3) auf dem Programm. An einem riesigen Eisenbahn-Schrotthaufen, dem \"Cementerio del Tren\" vorbei, fuhren wir\u2026","rel":"","context":"In &quot;2011_02 LATEINAMERIKA&quot;","block_context":{"text":"2011_02 LATEINAMERIKA","link":"https:\/\/guderley.com\/?cat=10"},"img":{"alt_text":"","src":"","width":0,"height":0},"classes":[]},{"id":1080,"url":"https:\/\/guderley.com\/?p=1080","url_meta":{"origin":648,"position":3},"title":"25.05. Dieppe (786 km)","author":"guenter","date":"Mai 25, 2012","format":false,"excerpt":"Freitag: 15:00 Uhr - Vor wenigen Minuten haben die Radler den Strand von Dieppe erreicht. Wir sind stolz und zufrieden Frankreich durchquert zu haben. R\u00fcckblick zu gestern: Es war in der Tat ein langer Radtag mit vielen Kilometern aus der Champagne heraus und quer durch die Picardie, bei herrlichem Sonnenschein.\u2026","rel":"","context":"In &quot;2012 ROTARY-RADTOUR&quot;","block_context":{"text":"2012 ROTARY-RADTOUR","link":"https:\/\/guderley.com\/?cat=20"},"img":{"alt_text":"","src":"https:\/\/i0.wp.com\/guderley.com\/wp-content\/uploads\/2012\/05\/DSC02305.jpg?resize=350%2C200","width":350,"height":200},"classes":[]},{"id":641,"url":"https:\/\/guderley.com\/?p=641","url_meta":{"origin":648,"position":4},"title":"Humahuaca 14.2.","author":"guenter","date":"Februar 15, 2011","format":false,"excerpt":"Heute Morgen haben wir uns noch den eindrucksvollen \"Cerro de los siete colores\" in Purmamarca angesehen und sind \u00fcber den ebenfalls sehr farbenpr\u00e4chtigen Indiomarkt gebummelt. Nochmal ca. 60 km weiter in Richtung Bolivien liegt Humahuaca (knapp 3000m hoch) ein wichtiger Schlachtenort in den argentinischen Befreiungsk\u00e4mpfen gegen die Spanier. Gigantische Felsformationen\u2026","rel":"","context":"In &quot;2011_02 LATEINAMERIKA&quot;","block_context":{"text":"2011_02 LATEINAMERIKA","link":"https:\/\/guderley.com\/?cat=10"},"img":{"alt_text":"","src":"","width":0,"height":0},"classes":[]},{"id":655,"url":"https:\/\/guderley.com\/?p=655","url_meta":{"origin":648,"position":5},"title":"Cerro Toco 5619 m  19.2.","author":"guenter","date":"Februar 19, 2011","format":false,"excerpt":"Einen Andengipfel wollten wir auf jeden Fall erobern. Also waren wir heute mit einem Guide auf dem Toco ungef\u00e4hr 2 Autostunden von San Pedro entfernt liegt dieser Bergriese neben einer ganzen Reihe weiterer 5000er Da \u00fcberraschenderweise sehr viel Schnee im steilsten Teil des Aufstiegs lag, war es eine ziemliche Schinderei.\u2026","rel":"","context":"In &quot;2011_02 LATEINAMERIKA&quot;","block_context":{"text":"2011_02 LATEINAMERIKA","link":"https:\/\/guderley.com\/?cat=10"},"img":{"alt_text":"","src":"","width":0,"height":0},"classes":[]}],"_links":{"self":[{"href":"https:\/\/guderley.com\/index.php?rest_route=\/wp\/v2\/posts\/648","targetHints":{"allow":["GET"]}}],"collection":[{"href":"https:\/\/guderley.com\/index.php?rest_route=\/wp\/v2\/posts"}],"about":[{"href":"https:\/\/guderley.com\/index.php?rest_route=\/wp\/v2\/types\/post"}],"author":[{"embeddable":true,"href":"https:\/\/guderley.com\/index.php?rest_route=\/wp\/v2\/users\/2"}],"replies":[{"embeddable":true,"href":"https:\/\/guderley.com\/index.php?rest_route=%2Fwp%2Fv2%2Fcomments&post=648"}],"version-history":[{"count":3,"href":"https:\/\/guderley.com\/index.php?rest_route=\/wp\/v2\/posts\/648\/revisions"}],"predecessor-version":[{"id":650,"href":"https:\/\/guderley.com\/index.php?rest_route=\/wp\/v2\/posts\/648\/revisions\/650"}],"wp:attachment":[{"href":"https:\/\/guderley.com\/index.php?rest_route=%2Fwp%2Fv2%2Fmedia&parent=648"}],"wp:term":[{"taxonomy":"category","embeddable":true,"href":"https:\/\/guderley.com\/index.php?rest_route=%2Fwp%2Fv2%2Fcategories&post=648"},{"taxonomy":"post_tag","embeddable":true,"href":"https:\/\/guderley.com\/index.php?rest_route=%2Fwp%2Fv2%2Ftags&post=648"}],"curies":[{"name":"wp","href":"https:\/\/api.w.org\/{rel}","templated":true}]}}