{"id":646,"date":"2011-02-17T03:02:45","date_gmt":"2011-02-17T02:02:45","guid":{"rendered":"http:\/\/guderley.com\/?p=646"},"modified":"2011-02-17T03:02:45","modified_gmt":"2011-02-17T02:02:45","slug":"san-pedro-de-atacama-chile-16-2","status":"publish","type":"post","link":"https:\/\/guderley.com\/?p=646","title":{"rendered":"San Pedro de Atacama \/ Chile 16.2."},"content":{"rendered":"<p>Nach 12 h Busfahrt haben wir San Pedro de Atacama erreicht. Der Bus musste sich von Salta (1100m) bis auf 4800 m hinaufqu\u00e4len, bevor es dann durch die Atacama-W\u00fcste nach San Pedro \/ Chile (2500 m) ging. Umst\u00e4ndliche Immigrationsrituale erg\u00e4nzten diese anstrengende Tagestour. Die H\u00f6he hat bei mir auch ihren Tribut in Form von heftigen Kopfschmerzen gefordert. Die n\u00e4chsten zwei, drei Tage werden wir einige der vielen sehenswerten Dinge um San Pedro herum machen. Dann denke ich geht es weiter nach Bolivien. <\/p>\n","protected":false},"excerpt":{"rendered":"<p>Nach 12 h Busfahrt haben wir San Pedro de Atacama erreicht. Der Bus musste sich von Salta (1100m) bis auf 4800 m hinaufqu\u00e4len, bevor es dann durch die Atacama-W\u00fcste nach San Pedro \/ Chile (2500 m) ging. Umst\u00e4ndliche Immigrationsrituale erg\u00e4nzten diese anstrengende Tagestour. Die H\u00f6he hat bei mir auch ihren Tribut in Form von heftigen [&hellip;]<\/p>\n","protected":false},"author":2,"featured_media":0,"comment_status":"open","ping_status":"open","sticky":false,"template":"","format":"standard","meta":{"_jetpack_newsletter_access":"","_jetpack_dont_email_post_to_subs":false,"_jetpack_newsletter_tier_id":0,"_jetpack_memberships_contains_paywalled_content":false,"_jetpack_memberships_contains_paid_content":false,"footnotes":""},"categories":[10],"tags":[],"class_list":["post-646","post","type-post","status-publish","format-standard","hentry","category-2011-sudamerika"],"yoast_head":"<!-- This site is optimized with the Yoast SEO plugin v25.8 - https:\/\/yoast.com\/wordpress\/plugins\/seo\/ -->\n<title>San Pedro de Atacama \/ Chile 16.2. - G\u00fcnter&#039;s Blog<\/title>\n<meta name=\"robots\" content=\"index, follow, max-snippet:-1, max-image-preview:large, max-video-preview:-1\" \/>\n<link rel=\"canonical\" href=\"https:\/\/guderley.com\/?p=646\" \/>\n<meta property=\"og:locale\" content=\"de_DE\" \/>\n<meta property=\"og:type\" content=\"article\" \/>\n<meta property=\"og:title\" content=\"San Pedro de Atacama \/ Chile 16.2. - G\u00fcnter&#039;s Blog\" \/>\n<meta property=\"og:description\" content=\"Nach 12 h Busfahrt haben wir San Pedro de Atacama erreicht. Der Bus musste sich von Salta (1100m) bis auf 4800 m hinaufqu\u00e4len, bevor es dann durch die Atacama-W\u00fcste nach San Pedro \/ Chile (2500 m) ging. Umst\u00e4ndliche Immigrationsrituale erg\u00e4nzten diese anstrengende Tagestour. Die H\u00f6he hat bei mir auch ihren Tribut in Form von heftigen [&hellip;]\" \/>\n<meta property=\"og:url\" content=\"https:\/\/guderley.com\/?p=646\" \/>\n<meta property=\"og:site_name\" content=\"G\u00fcnter&#039;s Blog\" \/>\n<meta property=\"article:published_time\" content=\"2011-02-17T02:02:45+00:00\" \/>\n<meta property=\"og:image\" content=\"https:\/\/i0.wp.com\/guderley.com\/wp-content\/uploads\/img_7992-scaled.jpg?fit=2560%2C1920&ssl=1\" \/>\n\t<meta property=\"og:image:width\" content=\"2560\" \/>\n\t<meta property=\"og:image:height\" content=\"1920\" \/>\n\t<meta property=\"og:image:type\" content=\"image\/jpeg\" \/>\n<meta name=\"author\" content=\"guenter\" \/>\n<meta name=\"twitter:card\" content=\"summary_large_image\" \/>\n<meta name=\"twitter:label1\" content=\"Verfasst von\" \/>\n\t<meta name=\"twitter:data1\" content=\"guenter\" \/>\n<script type=\"application\/ld+json\" class=\"yoast-schema-graph\">{\"@context\":\"https:\/\/schema.org\",\"@graph\":[{\"@type\":\"Article\",\"@id\":\"https:\/\/guderley.com\/?p=646#article\",\"isPartOf\":{\"@id\":\"https:\/\/guderley.com\/?p=646\"},\"author\":{\"name\":\"guenter\",\"@id\":\"https:\/\/guderley.com\/#\/schema\/person\/24a827645a6fedd3481426a7028dfdcd\"},\"headline\":\"San Pedro de Atacama \/ Chile 16.2.\",\"datePublished\":\"2011-02-17T02:02:45+00:00\",\"mainEntityOfPage\":{\"@id\":\"https:\/\/guderley.com\/?p=646\"},\"wordCount\":89,\"commentCount\":2,\"publisher\":{\"@id\":\"https:\/\/guderley.com\/#\/schema\/person\/24a827645a6fedd3481426a7028dfdcd\"},\"articleSection\":[\"2011_02 LATEINAMERIKA\"],\"inLanguage\":\"de\",\"potentialAction\":[{\"@type\":\"CommentAction\",\"name\":\"Comment\",\"target\":[\"https:\/\/guderley.com\/?p=646#respond\"]}]},{\"@type\":\"WebPage\",\"@id\":\"https:\/\/guderley.com\/?p=646\",\"url\":\"https:\/\/guderley.com\/?p=646\",\"name\":\"San Pedro de Atacama \/ Chile 16.2. - G\u00fcnter&#039;s Blog\",\"isPartOf\":{\"@id\":\"https:\/\/guderley.com\/#website\"},\"datePublished\":\"2011-02-17T02:02:45+00:00\",\"breadcrumb\":{\"@id\":\"https:\/\/guderley.com\/?p=646#breadcrumb\"},\"inLanguage\":\"de\",\"potentialAction\":[{\"@type\":\"ReadAction\",\"target\":[\"https:\/\/guderley.com\/?p=646\"]}]},{\"@type\":\"BreadcrumbList\",\"@id\":\"https:\/\/guderley.com\/?p=646#breadcrumb\",\"itemListElement\":[{\"@type\":\"ListItem\",\"position\":1,\"name\":\"Startseite\",\"item\":\"https:\/\/guderley.com\/\"},{\"@type\":\"ListItem\",\"position\":2,\"name\":\"San Pedro de Atacama \/ Chile 16.2.\"}]},{\"@type\":\"WebSite\",\"@id\":\"https:\/\/guderley.com\/#website\",\"url\":\"https:\/\/guderley.com\/\",\"name\":\"G\u00fcnter's Blog\",\"description\":\"Fahrrad Touren rund um die Welt\",\"publisher\":{\"@id\":\"https:\/\/guderley.com\/#\/schema\/person\/24a827645a6fedd3481426a7028dfdcd\"},\"alternateName\":\"G\u00fcnter's Blog\",\"potentialAction\":[{\"@type\":\"SearchAction\",\"target\":{\"@type\":\"EntryPoint\",\"urlTemplate\":\"https:\/\/guderley.com\/?s={search_term_string}\"},\"query-input\":{\"@type\":\"PropertyValueSpecification\",\"valueRequired\":true,\"valueName\":\"search_term_string\"}}],\"inLanguage\":\"de\"},{\"@type\":[\"Person\",\"Organization\"],\"@id\":\"https:\/\/guderley.com\/#\/schema\/person\/24a827645a6fedd3481426a7028dfdcd\",\"name\":\"guenter\",\"image\":{\"@type\":\"ImageObject\",\"inLanguage\":\"de\",\"@id\":\"https:\/\/guderley.com\/#\/schema\/person\/image\/\",\"url\":\"https:\/\/i0.wp.com\/guderley.com\/wp-content\/uploads\/img_8008-scaled.jpg?fit=1920%2C2560\",\"contentUrl\":\"https:\/\/i0.wp.com\/guderley.com\/wp-content\/uploads\/img_8008-scaled.jpg?fit=1920%2C2560\",\"width\":1920,\"height\":2560,\"caption\":\"guenter\"},\"logo\":{\"@id\":\"https:\/\/guderley.com\/#\/schema\/person\/image\/\"},\"sameAs\":[\"http:\/\/guderley.com\/blog\"],\"url\":\"https:\/\/guderley.com\/?author=2\"}]}<\/script>\n<!-- \/ Yoast SEO plugin. -->","yoast_head_json":{"title":"San Pedro de Atacama \/ Chile 16.2. - G\u00fcnter&#039;s Blog","robots":{"index":"index","follow":"follow","max-snippet":"max-snippet:-1","max-image-preview":"max-image-preview:large","max-video-preview":"max-video-preview:-1"},"canonical":"https:\/\/guderley.com\/?p=646","og_locale":"de_DE","og_type":"article","og_title":"San Pedro de Atacama \/ Chile 16.2. - G\u00fcnter&#039;s Blog","og_description":"Nach 12 h Busfahrt haben wir San Pedro de Atacama erreicht. Der Bus musste sich von Salta (1100m) bis auf 4800 m hinaufqu\u00e4len, bevor es dann durch die Atacama-W\u00fcste nach San Pedro \/ Chile (2500 m) ging. Umst\u00e4ndliche Immigrationsrituale erg\u00e4nzten diese anstrengende Tagestour. Die H\u00f6he hat bei mir auch ihren Tribut in Form von heftigen [&hellip;]","og_url":"https:\/\/guderley.com\/?p=646","og_site_name":"G\u00fcnter&#039;s Blog","article_published_time":"2011-02-17T02:02:45+00:00","og_image":[{"width":2560,"height":1920,"url":"https:\/\/i0.wp.com\/guderley.com\/wp-content\/uploads\/img_7992-scaled.jpg?fit=2560%2C1920&ssl=1","type":"image\/jpeg"}],"author":"guenter","twitter_card":"summary_large_image","twitter_misc":{"Verfasst von":"guenter"},"schema":{"@context":"https:\/\/schema.org","@graph":[{"@type":"Article","@id":"https:\/\/guderley.com\/?p=646#article","isPartOf":{"@id":"https:\/\/guderley.com\/?p=646"},"author":{"name":"guenter","@id":"https:\/\/guderley.com\/#\/schema\/person\/24a827645a6fedd3481426a7028dfdcd"},"headline":"San Pedro de Atacama \/ Chile 16.2.","datePublished":"2011-02-17T02:02:45+00:00","mainEntityOfPage":{"@id":"https:\/\/guderley.com\/?p=646"},"wordCount":89,"commentCount":2,"publisher":{"@id":"https:\/\/guderley.com\/#\/schema\/person\/24a827645a6fedd3481426a7028dfdcd"},"articleSection":["2011_02 LATEINAMERIKA"],"inLanguage":"de","potentialAction":[{"@type":"CommentAction","name":"Comment","target":["https:\/\/guderley.com\/?p=646#respond"]}]},{"@type":"WebPage","@id":"https:\/\/guderley.com\/?p=646","url":"https:\/\/guderley.com\/?p=646","name":"San Pedro de Atacama \/ Chile 16.2. - G\u00fcnter&#039;s Blog","isPartOf":{"@id":"https:\/\/guderley.com\/#website"},"datePublished":"2011-02-17T02:02:45+00:00","breadcrumb":{"@id":"https:\/\/guderley.com\/?p=646#breadcrumb"},"inLanguage":"de","potentialAction":[{"@type":"ReadAction","target":["https:\/\/guderley.com\/?p=646"]}]},{"@type":"BreadcrumbList","@id":"https:\/\/guderley.com\/?p=646#breadcrumb","itemListElement":[{"@type":"ListItem","position":1,"name":"Startseite","item":"https:\/\/guderley.com\/"},{"@type":"ListItem","position":2,"name":"San Pedro de Atacama \/ Chile 16.2."}]},{"@type":"WebSite","@id":"https:\/\/guderley.com\/#website","url":"https:\/\/guderley.com\/","name":"G\u00fcnter's Blog","description":"Fahrrad Touren rund um die Welt","publisher":{"@id":"https:\/\/guderley.com\/#\/schema\/person\/24a827645a6fedd3481426a7028dfdcd"},"alternateName":"G\u00fcnter's Blog","potentialAction":[{"@type":"SearchAction","target":{"@type":"EntryPoint","urlTemplate":"https:\/\/guderley.com\/?s={search_term_string}"},"query-input":{"@type":"PropertyValueSpecification","valueRequired":true,"valueName":"search_term_string"}}],"inLanguage":"de"},{"@type":["Person","Organization"],"@id":"https:\/\/guderley.com\/#\/schema\/person\/24a827645a6fedd3481426a7028dfdcd","name":"guenter","image":{"@type":"ImageObject","inLanguage":"de","@id":"https:\/\/guderley.com\/#\/schema\/person\/image\/","url":"https:\/\/i0.wp.com\/guderley.com\/wp-content\/uploads\/img_8008-scaled.jpg?fit=1920%2C2560","contentUrl":"https:\/\/i0.wp.com\/guderley.com\/wp-content\/uploads\/img_8008-scaled.jpg?fit=1920%2C2560","width":1920,"height":2560,"caption":"guenter"},"logo":{"@id":"https:\/\/guderley.com\/#\/schema\/person\/image\/"},"sameAs":["http:\/\/guderley.com\/blog"],"url":"https:\/\/guderley.com\/?author=2"}]}},"jetpack_featured_media_url":"","jetpack_sharing_enabled":true,"jetpack_shortlink":"https:\/\/wp.me\/p9IuXF-aq","jetpack_likes_enabled":true,"jetpack-related-posts":[{"id":648,"url":"https:\/\/guderley.com\/?p=648","url_meta":{"origin":646,"position":0},"title":"San Pedro de Atacama 17.2.","author":"guenter","date":"Februar 18, 2011","format":false,"excerpt":"Heute Vormittag haben wie die n\u00e4chsten Tage und vor allem den \u00dcbergang nach Bolivien gecheckt und klar gemacht. Am Nachmittag sind wir rund 40 km auf MTBs in die Atacamaw\u00fcste gefahren und haben das \"Valle de Luna\" angesehen. War ziemlich ambitioniert mit den \"Leihschinken\" und der doch knapp 2800 m\u2026","rel":"","context":"In &quot;2011_02 LATEINAMERIKA&quot;","block_context":{"text":"2011_02 LATEINAMERIKA","link":"https:\/\/guderley.com\/?cat=10"},"img":{"alt_text":"","src":"","width":0,"height":0},"classes":[]},{"id":644,"url":"https:\/\/guderley.com\/?p=644","url_meta":{"origin":646,"position":1},"title":"Salta 15.2.","author":"guenter","date":"Februar 16, 2011","format":false,"excerpt":"Heute erhielten wir den Ausweisungsbescheid. Wer mehr als 10 kg Rindfleisch und 20 Liter Bier in 14 Tagen verzehrt muss das Land verlassen. Morgen fr\u00fch um 7 Uhr geht unser Bus nach San Pedro de Atacama in Chile. Don't cry for us Argentina. Wir haben viel gesehen und erlebt in\u2026","rel":"","context":"In &quot;2011_02 LATEINAMERIKA&quot;","block_context":{"text":"2011_02 LATEINAMERIKA","link":"https:\/\/guderley.com\/?cat=10"},"img":{"alt_text":"","src":"","width":0,"height":0},"classes":[]},{"id":652,"url":"https:\/\/guderley.com\/?p=652","url_meta":{"origin":646,"position":2},"title":"San Pedro de Atacama 18.2.","author":"guenter","date":"Februar 19, 2011","format":false,"excerpt":"Lange Schlafen, ruhiger Tagesverlauf, ein paar Vorbereitungen f\u00fcr den morgigen Bergtag. Gegen 17:00 Uhr mit Fahrr\u00e4dern ins \"Valle de la Muerte\" geradelt. Ein kraftraubender Anstieg auf eine riesige Sandd\u00fcne und eine Mond- bzw. Marslandschaft bestaunt. Julian kann das \"Sandboard\" von einigen Travellern nutzen und eine Abfahrt probieren. Da bleibt viel\u2026","rel":"","context":"In &quot;2011_02 LATEINAMERIKA&quot;","block_context":{"text":"2011_02 LATEINAMERIKA","link":"https:\/\/guderley.com\/?cat=10"},"img":{"alt_text":"","src":"","width":0,"height":0},"classes":[]},{"id":655,"url":"https:\/\/guderley.com\/?p=655","url_meta":{"origin":646,"position":3},"title":"Cerro Toco 5619 m  19.2.","author":"guenter","date":"Februar 19, 2011","format":false,"excerpt":"Einen Andengipfel wollten wir auf jeden Fall erobern. Also waren wir heute mit einem Guide auf dem Toco ungef\u00e4hr 2 Autostunden von San Pedro entfernt liegt dieser Bergriese neben einer ganzen Reihe weiterer 5000er Da \u00fcberraschenderweise sehr viel Schnee im steilsten Teil des Aufstiegs lag, war es eine ziemliche Schinderei.\u2026","rel":"","context":"In &quot;2011_02 LATEINAMERIKA&quot;","block_context":{"text":"2011_02 LATEINAMERIKA","link":"https:\/\/guderley.com\/?cat=10"},"img":{"alt_text":"","src":"","width":0,"height":0},"classes":[]},{"id":6003,"url":"https:\/\/guderley.com\/?p=6003","url_meta":{"origin":646,"position":4},"title":"Montag &#8211; 10. Feb. 2025 &#8211; Goldbach","author":"guenter","date":"Februar 11, 2025","format":false,"excerpt":"Heute morgen war es soweit - Fahrrad und Equipment einpacken bei Zweirad Hasenstab in Goldbach - seit meiner ersten langen Tour 2010 packen Tino Hasenstab, Horst Schlei und ich zusammen ein - das ist mittlerweile ein Ritual. Der Karton wurde von den Jungs aufs richtige Ma\u00df gebracht und wir haben\u2026","rel":"","context":"In &quot;2025_Southern Tier - San Diego nach Austin&quot;","block_context":{"text":"2025_Southern Tier - San Diego nach Austin","link":"https:\/\/guderley.com\/?cat=36"},"img":{"alt_text":"","src":"https:\/\/i0.wp.com\/guderley.com\/wp-content\/uploads\/IMG_8718-scaled.jpeg?resize=350%2C200","width":350,"height":200,"srcset":"https:\/\/i0.wp.com\/guderley.com\/wp-content\/uploads\/IMG_8718-scaled.jpeg?resize=350%2C200 1x, https:\/\/i0.wp.com\/guderley.com\/wp-content\/uploads\/IMG_8718-scaled.jpeg?resize=525%2C300 1.5x, https:\/\/i0.wp.com\/guderley.com\/wp-content\/uploads\/IMG_8718-scaled.jpeg?resize=700%2C400 2x, https:\/\/i0.wp.com\/guderley.com\/wp-content\/uploads\/IMG_8718-scaled.jpeg?resize=1050%2C600 3x, https:\/\/i0.wp.com\/guderley.com\/wp-content\/uploads\/IMG_8718-scaled.jpeg?resize=1400%2C800 4x"},"classes":[]},{"id":2287,"url":"https:\/\/guderley.com\/?p=2287","url_meta":{"origin":646,"position":5},"title":"16. Nov. 2014 &#8211; So &#8211; 3. Tag","author":"guenter","date":"November 17, 2014","format":false,"excerpt":"Etappe 84 - Camping Abuelo Daniel - Futaleuf\u00fa \/ Chile 143 km - 1250 hm \/ Gesamt: 361 km \/ 2630 hm Das war ein richtig hartes Ding heute, von den 143 km waren knapp 100 km Naturpiste - teilweise richtig \u00fcbel (was allgemein als Waschbrett bezeichnet wird) da wirst\u2026","rel":"","context":"In &quot;2014 PATAGONIEN&quot;","block_context":{"text":"2014 PATAGONIEN","link":"https:\/\/guderley.com\/?cat=26"},"img":{"alt_text":"Mit Blogsy ver\u00f6ffentlicht","src":"https:\/\/i0.wp.com\/blogsyapp.com\/images\/blogsy_footer_icon.png?resize=350%2C200","width":350,"height":200},"classes":[]}],"_links":{"self":[{"href":"https:\/\/guderley.com\/index.php?rest_route=\/wp\/v2\/posts\/646","targetHints":{"allow":["GET"]}}],"collection":[{"href":"https:\/\/guderley.com\/index.php?rest_route=\/wp\/v2\/posts"}],"about":[{"href":"https:\/\/guderley.com\/index.php?rest_route=\/wp\/v2\/types\/post"}],"author":[{"embeddable":true,"href":"https:\/\/guderley.com\/index.php?rest_route=\/wp\/v2\/users\/2"}],"replies":[{"embeddable":true,"href":"https:\/\/guderley.com\/index.php?rest_route=%2Fwp%2Fv2%2Fcomments&post=646"}],"version-history":[{"count":1,"href":"https:\/\/guderley.com\/index.php?rest_route=\/wp\/v2\/posts\/646\/revisions"}],"predecessor-version":[{"id":647,"href":"https:\/\/guderley.com\/index.php?rest_route=\/wp\/v2\/posts\/646\/revisions\/647"}],"wp:attachment":[{"href":"https:\/\/guderley.com\/index.php?rest_route=%2Fwp%2Fv2%2Fmedia&parent=646"}],"wp:term":[{"taxonomy":"category","embeddable":true,"href":"https:\/\/guderley.com\/index.php?rest_route=%2Fwp%2Fv2%2Fcategories&post=646"},{"taxonomy":"post_tag","embeddable":true,"href":"https:\/\/guderley.com\/index.php?rest_route=%2Fwp%2Fv2%2Ftags&post=646"}],"curies":[{"name":"wp","href":"https:\/\/api.w.org\/{rel}","templated":true}]}}