{"id":3720,"date":"2018-07-10T02:41:49","date_gmt":"2018-07-10T01:41:49","guid":{"rendered":"http:\/\/guderley.com\/?p=3720"},"modified":"2018-07-10T09:42:54","modified_gmt":"2018-07-10T08:42:54","slug":"tag-55-mo-09-07-2028-fort-bragg-97-km-gesamt-4224-km","status":"publish","type":"post","link":"https:\/\/guderley.com\/?p=3720","title":{"rendered":"Tag 55 &#8211; Mo 09.07.2028 \/ Fort Bragg \/ 97 km \/ Gesamt: 4224 km"},"content":{"rendered":"<p>Starte ziemlich m\u00fcde in meine letzte Radwoche, obwohl ich unter den riesigen B\u00e4umen sehr gut geschlafen habe.<\/p>\n<p>Seit Port Angeles bin ich jetzt 16 Tage am St\u00fcck gefahren, immer so um die 100 km und fast jeden Tag um die 1000 hm. Man wird halt nicht j\u00fcnger \ud83d\ude02<\/p>\n<p>Nach einem guten Capuccino und einem Panini war schnell auch die Kraft und die Lust wieder da.<\/p>\n<p>Nach ca. 15 km an einem langen Berg hat mich eine Rennradgruppe eingeholt. Oben am Berg wurden sie aus einem Support-Van verpflegt &#8211; ich wurde beteiligt. Sie fahren Seattle &#8211; San Diego ohne Gep\u00e4ck &#8211; ca. 120 km am Tag und Hotel.<\/p>\n<p>Gegen Mittag ging es hinauf auf den h\u00f6chsten Punkt auf der Pacific Coastal Bike Route &#8211; ungef\u00e4hr auf 600 m &#8211; war gut zu fahren. Heftiger war die Abfahrt auf Null und ein kleiner Nachschlag auf 250 m.<\/p>\n<p>Irgendwann bist du oben und da war ich nun auf dem ber\u00fchmten Hwy. No. 1 der jetzt unmittelbar an der K\u00fcste entlang nach San Francisco f\u00fchrt.<\/p>\n<p>Eigentlich habe ich gedacht nach den Redwood-Riesen kann nichts mehr kommen. Die Ausblicke auf diese kalifornische K\u00fcste sind im wahrsten Sinne des Wortes atemberaubend.<\/p>\n<p>Einmal &#8211; weil es nur rauf und runter geht &#8211; zum anderen weil es sagenhaft sch\u00f6n ist &#8211; strahlendes Wetter vorausgesetzt.<\/p>\n<p>Habe kurz mal mit einem Hotel gelieb\u00e4ugelt &#8211; mich aber kurz vor Fort Bragg f\u00fcr Camping entschieden.<\/p>\n<p>War richtig &#8211; sch\u00f6ner Platz &#8211; kleines Abendessen am Strand und warten auf den Sonnenuntergang.<\/p>\n<p>Fazit: Auch wenn du dich morgens mal Sch&#8230;.. f\u00fchlst &#8211; es kann ein toller wenn auch anstrengender Tag werden.<br \/>\n<p class=\"jetpack-slideshow-noscript robots-nocontent\">Diese Diashow ben\u00f6tigt JavaScript.<\/p><div id=\"gallery-3720-1-slideshow\" class=\"jetpack-slideshow-window jetpack-slideshow jetpack-slideshow-black\" data-trans=\"fade\" data-autostart=\"1\" data-gallery=\"[{&quot;src&quot;:&quot;https:\\\/\\\/i0.wp.com\\\/guderley.com\\\/wp-content\\\/uploads\\\/WhatsApp-Image-2018-07-10-at-05.01.15.jpeg?fit=1024%2C768\\u0026ssl=1&quot;,&quot;id&quot;:&quot;3737&quot;,&quot;title&quot;:&quot;WhatsApp Image 2018-07-10 at 05.01.15&quot;,&quot;alt&quot;:&quot;&quot;,&quot;caption&quot;:&quot;&quot;,&quot;itemprop&quot;:&quot;image&quot;},{&quot;src&quot;:&quot;https:\\\/\\\/i0.wp.com\\\/guderley.com\\\/wp-content\\\/uploads\\\/WhatsApp-Image-2018-07-10-at-05.01.16.jpeg?fit=1024%2C768\\u0026ssl=1&quot;,&quot;id&quot;:&quot;3738&quot;,&quot;title&quot;:&quot;WhatsApp Image 2018-07-10 at 05.01.16&quot;,&quot;alt&quot;:&quot;&quot;,&quot;caption&quot;:&quot;&quot;,&quot;itemprop&quot;:&quot;image&quot;},{&quot;src&quot;:&quot;https:\\\/\\\/i0.wp.com\\\/guderley.com\\\/wp-content\\\/uploads\\\/WhatsApp-Image-2018-07-10-at-05.01.161.jpeg?fit=1024%2C768\\u0026ssl=1&quot;,&quot;id&quot;:&quot;3739&quot;,&quot;title&quot;:&quot;WhatsApp Image 2018-07-10 at 05.01.16(1)&quot;,&quot;alt&quot;:&quot;&quot;,&quot;caption&quot;:&quot;&quot;,&quot;itemprop&quot;:&quot;image&quot;},{&quot;src&quot;:&quot;https:\\\/\\\/i0.wp.com\\\/guderley.com\\\/wp-content\\\/uploads\\\/WhatsApp-Image-2018-07-10-at-05.01.162.jpeg?fit=1024%2C768\\u0026ssl=1&quot;,&quot;id&quot;:&quot;3740&quot;,&quot;title&quot;:&quot;WhatsApp Image 2018-07-10 at 05.01.16(2)&quot;,&quot;alt&quot;:&quot;&quot;,&quot;caption&quot;:&quot;&quot;,&quot;itemprop&quot;:&quot;image&quot;},{&quot;src&quot;:&quot;https:\\\/\\\/i0.wp.com\\\/guderley.com\\\/wp-content\\\/uploads\\\/WhatsApp-Image-2018-07-10-at-05.01.163.jpeg?fit=1024%2C768\\u0026ssl=1&quot;,&quot;id&quot;:&quot;3741&quot;,&quot;title&quot;:&quot;WhatsApp Image 2018-07-10 at 05.01.16(3)&quot;,&quot;alt&quot;:&quot;&quot;,&quot;caption&quot;:&quot;&quot;,&quot;itemprop&quot;:&quot;image&quot;},{&quot;src&quot;:&quot;https:\\\/\\\/i0.wp.com\\\/guderley.com\\\/wp-content\\\/uploads\\\/WhatsApp-Image-2018-07-10-at-05.01.164.jpeg?fit=1024%2C768\\u0026ssl=1&quot;,&quot;id&quot;:&quot;3742&quot;,&quot;title&quot;:&quot;WhatsApp Image 2018-07-10 at 05.01.16(4)&quot;,&quot;alt&quot;:&quot;&quot;,&quot;caption&quot;:&quot;&quot;,&quot;itemprop&quot;:&quot;image&quot;},{&quot;src&quot;:&quot;https:\\\/\\\/i0.wp.com\\\/guderley.com\\\/wp-content\\\/uploads\\\/WhatsApp-Image-2018-07-10-at-05.01.165.jpeg?fit=1024%2C350\\u0026ssl=1&quot;,&quot;id&quot;:&quot;3743&quot;,&quot;title&quot;:&quot;WhatsApp Image 2018-07-10 at 05.01.16(5)&quot;,&quot;alt&quot;:&quot;&quot;,&quot;caption&quot;:&quot;&quot;,&quot;itemprop&quot;:&quot;image&quot;},{&quot;src&quot;:&quot;https:\\\/\\\/i0.wp.com\\\/guderley.com\\\/wp-content\\\/uploads\\\/WhatsApp-Image-2018-07-10-at-06.05.35.jpeg?fit=1024%2C768\\u0026ssl=1&quot;,&quot;id&quot;:&quot;3744&quot;,&quot;title&quot;:&quot;WhatsApp Image 2018-07-10 at 06.05.35&quot;,&quot;alt&quot;:&quot;&quot;,&quot;caption&quot;:&quot;&quot;,&quot;itemprop&quot;:&quot;image&quot;}]\" itemscope itemtype=\"https:\/\/schema.org\/ImageGallery\"><\/div><br \/>\n<div style=\"width: 848px;\" class=\"wp-video\"><!--[if lt IE 9]><script>document.createElement('video');<\/script><![endif]-->\n<video class=\"wp-video-shortcode\" id=\"video-3720-1\" width=\"848\" height=\"480\" preload=\"metadata\" controls=\"controls\"><source type=\"video\/mp4\" src=\"http:\/\/guderley.com\/wp-content\/uploads\/WhatsApp-Video-2018-07-10-at-05.00.47.mp4?_=1\" \/><a href=\"http:\/\/guderley.com\/wp-content\/uploads\/WhatsApp-Video-2018-07-10-at-05.00.47.mp4\">http:\/\/guderley.com\/wp-content\/uploads\/WhatsApp-Video-2018-07-10-at-05.00.47.mp4<\/a><\/video><\/div><\/p>\n","protected":false},"excerpt":{"rendered":"<p>Starte ziemlich m\u00fcde in meine letzte Radwoche, obwohl ich unter den riesigen B\u00e4umen sehr gut geschlafen habe. Seit Port Angeles bin ich jetzt 16 Tage am St\u00fcck gefahren, immer so um die 100 km und fast jeden Tag um die 1000 hm. Man wird halt nicht j\u00fcnger \ud83d\ude02 Nach einem guten Capuccino und einem Panini [&hellip;]<\/p>\n","protected":false},"author":2,"featured_media":0,"comment_status":"open","ping_status":"open","sticky":false,"template":"","format":"standard","meta":{"_jetpack_newsletter_access":"","_jetpack_dont_email_post_to_subs":false,"_jetpack_newsletter_tier_id":0,"_jetpack_memberships_contains_paywalled_content":false,"_jetpack_memberships_contains_paid_content":false,"footnotes":""},"categories":[28],"tags":[],"class_list":["post-3720","post","type-post","status-publish","format-standard","hentry","category-2018-anchorage-sanfrancisco"],"yoast_head":"<!-- This site is optimized with the Yoast SEO plugin v25.8 - https:\/\/yoast.com\/wordpress\/plugins\/seo\/ -->\n<title>Tag 55 - Mo 09.07.2028 \/ Fort Bragg \/ 97 km \/ Gesamt: 4224 km - G\u00fcnter&#039;s Blog<\/title>\n<meta name=\"robots\" content=\"index, follow, max-snippet:-1, max-image-preview:large, max-video-preview:-1\" \/>\n<link rel=\"canonical\" href=\"https:\/\/guderley.com\/?p=3720\" \/>\n<meta property=\"og:locale\" content=\"de_DE\" \/>\n<meta property=\"og:type\" content=\"article\" \/>\n<meta property=\"og:title\" content=\"Tag 55 - Mo 09.07.2028 \/ Fort Bragg \/ 97 km \/ Gesamt: 4224 km - G\u00fcnter&#039;s Blog\" \/>\n<meta property=\"og:description\" content=\"Starte ziemlich m\u00fcde in meine letzte Radwoche, obwohl ich unter den riesigen B\u00e4umen sehr gut geschlafen habe. Seit Port Angeles bin ich jetzt 16 Tage am St\u00fcck gefahren, immer so um die 100 km und fast jeden Tag um die 1000 hm. Man wird halt nicht j\u00fcnger \ud83d\ude02 Nach einem guten Capuccino und einem Panini [&hellip;]\" \/>\n<meta property=\"og:url\" content=\"https:\/\/guderley.com\/?p=3720\" \/>\n<meta property=\"og:site_name\" content=\"G\u00fcnter&#039;s Blog\" \/>\n<meta property=\"article:published_time\" content=\"2018-07-10T01:41:49+00:00\" \/>\n<meta property=\"article:modified_time\" content=\"2018-07-10T08:42:54+00:00\" \/>\n<meta property=\"og:image\" content=\"https:\/\/i0.wp.com\/guderley.com\/wp-content\/uploads\/img_7992-scaled.jpg?fit=2560%2C1920&ssl=1\" \/>\n\t<meta property=\"og:image:width\" content=\"2560\" \/>\n\t<meta property=\"og:image:height\" content=\"1920\" \/>\n\t<meta property=\"og:image:type\" content=\"image\/jpeg\" \/>\n<meta name=\"author\" content=\"guenter\" \/>\n<meta name=\"twitter:card\" content=\"summary_large_image\" \/>\n<meta name=\"twitter:label1\" content=\"Verfasst von\" \/>\n\t<meta name=\"twitter:data1\" content=\"guenter\" \/>\n\t<meta name=\"twitter:label2\" content=\"Gesch\u00e4tzte Lesezeit\" \/>\n\t<meta name=\"twitter:data2\" content=\"1\u00a0Minute\" \/>\n<script type=\"application\/ld+json\" class=\"yoast-schema-graph\">{\"@context\":\"https:\/\/schema.org\",\"@graph\":[{\"@type\":\"Article\",\"@id\":\"https:\/\/guderley.com\/?p=3720#article\",\"isPartOf\":{\"@id\":\"https:\/\/guderley.com\/?p=3720\"},\"author\":{\"name\":\"guenter\",\"@id\":\"https:\/\/guderley.com\/#\/schema\/person\/24a827645a6fedd3481426a7028dfdcd\"},\"headline\":\"Tag 55 &#8211; Mo 09.07.2028 \/ Fort Bragg \/ 97 km \/ Gesamt: 4224 km\",\"datePublished\":\"2018-07-10T01:41:49+00:00\",\"dateModified\":\"2018-07-10T08:42:54+00:00\",\"mainEntityOfPage\":{\"@id\":\"https:\/\/guderley.com\/?p=3720\"},\"wordCount\":305,\"commentCount\":1,\"publisher\":{\"@id\":\"https:\/\/guderley.com\/#\/schema\/person\/24a827645a6fedd3481426a7028dfdcd\"},\"articleSection\":[\"2018 ALASKA\"],\"inLanguage\":\"de\",\"potentialAction\":[{\"@type\":\"CommentAction\",\"name\":\"Comment\",\"target\":[\"https:\/\/guderley.com\/?p=3720#respond\"]}]},{\"@type\":\"WebPage\",\"@id\":\"https:\/\/guderley.com\/?p=3720\",\"url\":\"https:\/\/guderley.com\/?p=3720\",\"name\":\"Tag 55 - Mo 09.07.2028 \/ Fort Bragg \/ 97 km \/ Gesamt: 4224 km - G\u00fcnter&#039;s Blog\",\"isPartOf\":{\"@id\":\"https:\/\/guderley.com\/#website\"},\"datePublished\":\"2018-07-10T01:41:49+00:00\",\"dateModified\":\"2018-07-10T08:42:54+00:00\",\"breadcrumb\":{\"@id\":\"https:\/\/guderley.com\/?p=3720#breadcrumb\"},\"inLanguage\":\"de\",\"potentialAction\":[{\"@type\":\"ReadAction\",\"target\":[\"https:\/\/guderley.com\/?p=3720\"]}]},{\"@type\":\"BreadcrumbList\",\"@id\":\"https:\/\/guderley.com\/?p=3720#breadcrumb\",\"itemListElement\":[{\"@type\":\"ListItem\",\"position\":1,\"name\":\"Startseite\",\"item\":\"https:\/\/guderley.com\/\"},{\"@type\":\"ListItem\",\"position\":2,\"name\":\"Tag 55 &#8211; Mo 09.07.2028 \/ Fort Bragg \/ 97 km \/ Gesamt: 4224 km\"}]},{\"@type\":\"WebSite\",\"@id\":\"https:\/\/guderley.com\/#website\",\"url\":\"https:\/\/guderley.com\/\",\"name\":\"G\u00fcnter's Blog\",\"description\":\"Fahrrad Touren rund um die Welt\",\"publisher\":{\"@id\":\"https:\/\/guderley.com\/#\/schema\/person\/24a827645a6fedd3481426a7028dfdcd\"},\"alternateName\":\"G\u00fcnter's Blog\",\"potentialAction\":[{\"@type\":\"SearchAction\",\"target\":{\"@type\":\"EntryPoint\",\"urlTemplate\":\"https:\/\/guderley.com\/?s={search_term_string}\"},\"query-input\":{\"@type\":\"PropertyValueSpecification\",\"valueRequired\":true,\"valueName\":\"search_term_string\"}}],\"inLanguage\":\"de\"},{\"@type\":[\"Person\",\"Organization\"],\"@id\":\"https:\/\/guderley.com\/#\/schema\/person\/24a827645a6fedd3481426a7028dfdcd\",\"name\":\"guenter\",\"image\":{\"@type\":\"ImageObject\",\"inLanguage\":\"de\",\"@id\":\"https:\/\/guderley.com\/#\/schema\/person\/image\/\",\"url\":\"https:\/\/i0.wp.com\/guderley.com\/wp-content\/uploads\/img_8008-scaled.jpg?fit=1920%2C2560\",\"contentUrl\":\"https:\/\/i0.wp.com\/guderley.com\/wp-content\/uploads\/img_8008-scaled.jpg?fit=1920%2C2560\",\"width\":1920,\"height\":2560,\"caption\":\"guenter\"},\"logo\":{\"@id\":\"https:\/\/guderley.com\/#\/schema\/person\/image\/\"},\"sameAs\":[\"http:\/\/guderley.com\/blog\"],\"url\":\"https:\/\/guderley.com\/?author=2\"}]}<\/script>\n<!-- \/ Yoast SEO plugin. -->","yoast_head_json":{"title":"Tag 55 - Mo 09.07.2028 \/ Fort Bragg \/ 97 km \/ Gesamt: 4224 km - G\u00fcnter&#039;s Blog","robots":{"index":"index","follow":"follow","max-snippet":"max-snippet:-1","max-image-preview":"max-image-preview:large","max-video-preview":"max-video-preview:-1"},"canonical":"https:\/\/guderley.com\/?p=3720","og_locale":"de_DE","og_type":"article","og_title":"Tag 55 - Mo 09.07.2028 \/ Fort Bragg \/ 97 km \/ Gesamt: 4224 km - G\u00fcnter&#039;s Blog","og_description":"Starte ziemlich m\u00fcde in meine letzte Radwoche, obwohl ich unter den riesigen B\u00e4umen sehr gut geschlafen habe. Seit Port Angeles bin ich jetzt 16 Tage am St\u00fcck gefahren, immer so um die 100 km und fast jeden Tag um die 1000 hm. Man wird halt nicht j\u00fcnger \ud83d\ude02 Nach einem guten Capuccino und einem Panini [&hellip;]","og_url":"https:\/\/guderley.com\/?p=3720","og_site_name":"G\u00fcnter&#039;s Blog","article_published_time":"2018-07-10T01:41:49+00:00","article_modified_time":"2018-07-10T08:42:54+00:00","og_image":[{"width":2560,"height":1920,"url":"https:\/\/i0.wp.com\/guderley.com\/wp-content\/uploads\/img_7992-scaled.jpg?fit=2560%2C1920&ssl=1","type":"image\/jpeg"}],"author":"guenter","twitter_card":"summary_large_image","twitter_misc":{"Verfasst von":"guenter","Gesch\u00e4tzte Lesezeit":"1\u00a0Minute"},"schema":{"@context":"https:\/\/schema.org","@graph":[{"@type":"Article","@id":"https:\/\/guderley.com\/?p=3720#article","isPartOf":{"@id":"https:\/\/guderley.com\/?p=3720"},"author":{"name":"guenter","@id":"https:\/\/guderley.com\/#\/schema\/person\/24a827645a6fedd3481426a7028dfdcd"},"headline":"Tag 55 &#8211; Mo 09.07.2028 \/ Fort Bragg \/ 97 km \/ Gesamt: 4224 km","datePublished":"2018-07-10T01:41:49+00:00","dateModified":"2018-07-10T08:42:54+00:00","mainEntityOfPage":{"@id":"https:\/\/guderley.com\/?p=3720"},"wordCount":305,"commentCount":1,"publisher":{"@id":"https:\/\/guderley.com\/#\/schema\/person\/24a827645a6fedd3481426a7028dfdcd"},"articleSection":["2018 ALASKA"],"inLanguage":"de","potentialAction":[{"@type":"CommentAction","name":"Comment","target":["https:\/\/guderley.com\/?p=3720#respond"]}]},{"@type":"WebPage","@id":"https:\/\/guderley.com\/?p=3720","url":"https:\/\/guderley.com\/?p=3720","name":"Tag 55 - Mo 09.07.2028 \/ Fort Bragg \/ 97 km \/ Gesamt: 4224 km - G\u00fcnter&#039;s Blog","isPartOf":{"@id":"https:\/\/guderley.com\/#website"},"datePublished":"2018-07-10T01:41:49+00:00","dateModified":"2018-07-10T08:42:54+00:00","breadcrumb":{"@id":"https:\/\/guderley.com\/?p=3720#breadcrumb"},"inLanguage":"de","potentialAction":[{"@type":"ReadAction","target":["https:\/\/guderley.com\/?p=3720"]}]},{"@type":"BreadcrumbList","@id":"https:\/\/guderley.com\/?p=3720#breadcrumb","itemListElement":[{"@type":"ListItem","position":1,"name":"Startseite","item":"https:\/\/guderley.com\/"},{"@type":"ListItem","position":2,"name":"Tag 55 &#8211; Mo 09.07.2028 \/ Fort Bragg \/ 97 km \/ Gesamt: 4224 km"}]},{"@type":"WebSite","@id":"https:\/\/guderley.com\/#website","url":"https:\/\/guderley.com\/","name":"G\u00fcnter's Blog","description":"Fahrrad Touren rund um die Welt","publisher":{"@id":"https:\/\/guderley.com\/#\/schema\/person\/24a827645a6fedd3481426a7028dfdcd"},"alternateName":"G\u00fcnter's Blog","potentialAction":[{"@type":"SearchAction","target":{"@type":"EntryPoint","urlTemplate":"https:\/\/guderley.com\/?s={search_term_string}"},"query-input":{"@type":"PropertyValueSpecification","valueRequired":true,"valueName":"search_term_string"}}],"inLanguage":"de"},{"@type":["Person","Organization"],"@id":"https:\/\/guderley.com\/#\/schema\/person\/24a827645a6fedd3481426a7028dfdcd","name":"guenter","image":{"@type":"ImageObject","inLanguage":"de","@id":"https:\/\/guderley.com\/#\/schema\/person\/image\/","url":"https:\/\/i0.wp.com\/guderley.com\/wp-content\/uploads\/img_8008-scaled.jpg?fit=1920%2C2560","contentUrl":"https:\/\/i0.wp.com\/guderley.com\/wp-content\/uploads\/img_8008-scaled.jpg?fit=1920%2C2560","width":1920,"height":2560,"caption":"guenter"},"logo":{"@id":"https:\/\/guderley.com\/#\/schema\/person\/image\/"},"sameAs":["http:\/\/guderley.com\/blog"],"url":"https:\/\/guderley.com\/?author=2"}]}},"jetpack_featured_media_url":"","jetpack_sharing_enabled":true,"jetpack_shortlink":"https:\/\/wp.me\/p9IuXF-Y0","jetpack_likes_enabled":true,"jetpack-related-posts":[{"id":5073,"url":"https:\/\/guderley.com\/?p=5073","url_meta":{"origin":3720,"position":0},"title":"MRT 2023 &#8211; 27.05. &#8211; Sa &#8211; Tag 16","author":"guenter","date":"Mai 27, 2023","format":false,"excerpt":"Hannibal MO - Kampsville IL \u2014> 106 km Gesamt: 1163 km Das Zimmer im Quality Inn war sehr gut - das Fr\u00fchst\u00fcck grausam. Bin gegen 7 Uhr nach Hanibal hinuntergefahren - allerdings mit einem 50hm Zwischenaufstieg. Im Ort habe ich mir die einschl\u00e4gigen Mark Twain-Objekte angeguckt. Der ganze Ort war\u2026","rel":"","context":"In &quot;2023 MISSISSIPPI&quot;","block_context":{"text":"2023 MISSISSIPPI","link":"https:\/\/guderley.com\/?cat=34"},"img":{"alt_text":"","src":"https:\/\/i0.wp.com\/guderley.com\/wp-content\/uploads\/img_3105.jpg?resize=350%2C200","width":350,"height":200,"srcset":"https:\/\/i0.wp.com\/guderley.com\/wp-content\/uploads\/img_3105.jpg?resize=350%2C200 1x, https:\/\/i0.wp.com\/guderley.com\/wp-content\/uploads\/img_3105.jpg?resize=525%2C300 1.5x, https:\/\/i0.wp.com\/guderley.com\/wp-content\/uploads\/img_3105.jpg?resize=700%2C400 2x, https:\/\/i0.wp.com\/guderley.com\/wp-content\/uploads\/img_3105.jpg?resize=1050%2C600 3x, https:\/\/i0.wp.com\/guderley.com\/wp-content\/uploads\/img_3105.jpg?resize=1400%2C800 4x"},"classes":[]},{"id":3600,"url":"https:\/\/guderley.com\/?p=3600","url_meta":{"origin":3720,"position":1},"title":"Tag 45 &#8211; Fr 29.06.2018 &#8211; Manzanita \/ Oregon \/ 95 km \/ Gesamt: 3246 km","author":"guenter","date":"Juni 30, 2018","format":false,"excerpt":"Ein toller Tag hat sich heute entwickelt. Im Gegensatz zu gestern habe ich nach 4 km in Ilwaco in der Morgensonne gefr\u00fchst\u00fcckt. Die Beine waren gut und ziemlich bald hat sich die Astoria Mergler Bridge gezeigt. Ein wahres Monster - \u00fcber 6 km lang \u00fcber den Columbia River und einem\u2026","rel":"","context":"In &quot;2018 ALASKA&quot;","block_context":{"text":"2018 ALASKA","link":"https:\/\/guderley.com\/?cat=28"},"img":{"alt_text":"","src":"https:\/\/i0.wp.com\/guderley.com\/wp-content\/uploads\/WhatsApp-Image-2018-06-30-at-04.34.50.jpeg?resize=350%2C200","width":350,"height":200,"srcset":"https:\/\/i0.wp.com\/guderley.com\/wp-content\/uploads\/WhatsApp-Image-2018-06-30-at-04.34.50.jpeg?resize=350%2C200 1x, https:\/\/i0.wp.com\/guderley.com\/wp-content\/uploads\/WhatsApp-Image-2018-06-30-at-04.34.50.jpeg?resize=525%2C300 1.5x, https:\/\/i0.wp.com\/guderley.com\/wp-content\/uploads\/WhatsApp-Image-2018-06-30-at-04.34.50.jpeg?resize=700%2C400 2x"},"classes":[]},{"id":2461,"url":"https:\/\/guderley.com\/?p=2461","url_meta":{"origin":3720,"position":2},"title":"2. Dez. 2014 &#8211; Di &#8211; 19. Tag","author":"guenter","date":"Dezember 4, 2014","format":false,"excerpt":"Etappe 98 El Calafate - Bushcamp 128 km - 1135 hm \/ Gesamt: 1551 kmDer gestrige Ruhetag und der Ausflug zum Gletscher haben uns auf die rund 1000 km bis zum Ziel nach Ushuaia bestens vorbereitet. Heute morgen gutes Radwetter, man sah kaum lange Hosen im Feld.Die ersten 32 km\u2026","rel":"","context":"In &quot;2014 PATAGONIEN&quot;","block_context":{"text":"2014 PATAGONIEN","link":"https:\/\/guderley.com\/?cat=26"},"img":{"alt_text":"","src":"https:\/\/i0.wp.com\/guderley.com\/wp-content\/uploads\/2014\/12\/wpid-Photo-02.12.2014-1116.jpg?resize=350%2C200","width":350,"height":200},"classes":[]},{"id":2053,"url":"https:\/\/guderley.com\/?p=2053","url_meta":{"origin":3720,"position":3},"title":"Olderfjord &#8211; Tag 33 &#8211; Freitag, 14. Juni","author":"guenter","date":"Juni 14, 2013","format":false,"excerpt":"119 km \/ 1169 hm \/ 8:05 h - Gesamt 3417 km \/ 20225 hm \/ 210:20 h Sp\u00e4ter Start in den Tag. Vor zehn hat hier kaum ein Laden auf. Ich wollte in Alta im Fahrradgesch\u00e4ft einige Dinge checken, vor allem kl\u00e4ren, ob die Jungs falls ich von Alta\u2026","rel":"","context":"In &quot;2013 NORDKAPP&quot;","block_context":{"text":"2013 NORDKAPP","link":"https:\/\/guderley.com\/?cat=23"},"img":{"alt_text":"","src":"https:\/\/i0.wp.com\/guderley.com\/wp-content\/uploads\/2013\/06\/wpid-Photo-14.06.2013-1206.jpg?resize=350%2C200","width":350,"height":200},"classes":[]},{"id":6212,"url":"https:\/\/guderley.com\/?p=6212","url_meta":{"origin":3720,"position":4},"title":"ST &#8211; Tag 7 &#8211; 22.02. \/ Tacna, AZ \u2014&gt; Autoshuttle \u2014&gt; 120 km to Gila Bend, AZ mit dem Rad Gila Bend, AZ to Maricopa, AZ 72 km &#8211; 303 hm &#8211; 4:58 h : Gesamt: 566 km \/ 3903 hm \/ 53:24 h im Sattel","author":"guenter","date":"Februar 23, 2025","format":false,"excerpt":"Sonnenuntergang war um 18:30 Uhr, hier wird es sehr schnell dunkel. Also 19:00 im Zelt - Sonnenaufgang 7:15 Uhr. Eine sehr lange Nacht - konnte mich anfangs gar nicht sattsehen an dem Sternenhimmel. Lediglich vor 30 Jahren beim Aufstieg auf den Kilimandscharo habe ich einen solchen Himmel gesehen. Durch die\u2026","rel":"","context":"In &quot;2025_Southern Tier - San Diego nach Austin&quot;","block_context":{"text":"2025_Southern Tier - San Diego nach Austin","link":"https:\/\/guderley.com\/?cat=36"},"img":{"alt_text":"","src":"https:\/\/i0.wp.com\/guderley.com\/wp-content\/uploads\/img_8930.jpg?resize=350%2C200","width":350,"height":200,"srcset":"https:\/\/i0.wp.com\/guderley.com\/wp-content\/uploads\/img_8930.jpg?resize=350%2C200 1x, https:\/\/i0.wp.com\/guderley.com\/wp-content\/uploads\/img_8930.jpg?resize=525%2C300 1.5x, https:\/\/i0.wp.com\/guderley.com\/wp-content\/uploads\/img_8930.jpg?resize=700%2C400 2x, https:\/\/i0.wp.com\/guderley.com\/wp-content\/uploads\/img_8930.jpg?resize=1050%2C600 3x, https:\/\/i0.wp.com\/guderley.com\/wp-content\/uploads\/img_8930.jpg?resize=1400%2C800 4x"},"classes":[]},{"id":1285,"url":"https:\/\/guderley.com\/?p=1285","url_meta":{"origin":3720,"position":5},"title":"21.07.  Rakvere \/ Estland &#8211; 5. Tag &#8211; 296 km","author":"guenter","date":"Juli 21, 2012","format":false,"excerpt":"Die Nacht m Zelt war okay, allerdings bereits um 4:30 Uhr zu Ende, da wurde es hell. Um 5:00 Uhr begann ich einzupacken, das nasse \u00dcberdach und den nassen Zeltboden nat\u00fcrlich auch. Zwei Kekse und einige Schl\u00fccke Wasser, mehr war nicht drin. Abfahrt gegen 5:45 Uhr, Ziel war jetzt Loksa\u2026","rel":"","context":"In &quot;2012 BALTIKUM&quot;","block_context":{"text":"2012 BALTIKUM","link":"https:\/\/guderley.com\/?cat=22"},"img":{"alt_text":"","src":"https:\/\/i0.wp.com\/guderley.com\/wp-content\/uploads\/2012\/07\/wpid-Photo-21.07.2012-0954.jpg?resize=350%2C200","width":350,"height":200},"classes":[]}],"_links":{"self":[{"href":"https:\/\/guderley.com\/index.php?rest_route=\/wp\/v2\/posts\/3720","targetHints":{"allow":["GET"]}}],"collection":[{"href":"https:\/\/guderley.com\/index.php?rest_route=\/wp\/v2\/posts"}],"about":[{"href":"https:\/\/guderley.com\/index.php?rest_route=\/wp\/v2\/types\/post"}],"author":[{"embeddable":true,"href":"https:\/\/guderley.com\/index.php?rest_route=\/wp\/v2\/users\/2"}],"replies":[{"embeddable":true,"href":"https:\/\/guderley.com\/index.php?rest_route=%2Fwp%2Fv2%2Fcomments&post=3720"}],"version-history":[{"count":7,"href":"https:\/\/guderley.com\/index.php?rest_route=\/wp\/v2\/posts\/3720\/revisions"}],"predecessor-version":[{"id":3748,"href":"https:\/\/guderley.com\/index.php?rest_route=\/wp\/v2\/posts\/3720\/revisions\/3748"}],"wp:attachment":[{"href":"https:\/\/guderley.com\/index.php?rest_route=%2Fwp%2Fv2%2Fmedia&parent=3720"}],"wp:term":[{"taxonomy":"category","embeddable":true,"href":"https:\/\/guderley.com\/index.php?rest_route=%2Fwp%2Fv2%2Fcategories&post=3720"},{"taxonomy":"post_tag","embeddable":true,"href":"https:\/\/guderley.com\/index.php?rest_route=%2Fwp%2Fv2%2Ftags&post=3720"}],"curies":[{"name":"wp","href":"https:\/\/api.w.org\/{rel}","templated":true}]}}