{"id":2894,"date":"2015-06-28T19:46:35","date_gmt":"2015-06-28T18:46:35","guid":{"rendered":"http:\/\/guderley.com\/?p=2894"},"modified":"2015-06-28T19:52:20","modified_gmt":"2015-06-28T18:52:20","slug":"tag-32-so-28-6-2015-32-km-orleans-gesamt-3333-km","status":"publish","type":"post","link":"https:\/\/guderley.com\/?p=2894","title":{"rendered":"Tag 32 &#8211; So 28.6.2015 &#8211; 32 km Orl\u00e9ans \/ Gesamt:  3333 km"},"content":{"rendered":"<p>Kein Fake &#8211; nach exakt 3333 km Rolle ich vor die T\u00fcr des Hotels de l&#39;Abeille in Orl\u00e9ans &#8211; Super nettes franz\u00f6sisches Innenstadthotel &#8211; mein &#8222;Blauer Elephant&#8220; darf in der Bibliothek im Keller \u00fcbernachten. Hat er verdient &#8211; mit nur einem Platten auf der ganzen Route und \u00fcberraschend vielen Naturwegen &#8211; gerade an der Loire.<\/p>\n<div class=\"separator\" style=\"clear: both; text-align: center;\"><a href=\"https:\/\/i0.wp.com\/guderley.com\/wp-content\/uploads\/2015\/06\/wpid-Photo-28.06.2015-0725.jpg\" target=\"_blank\" style=\"margin-left: 1em; margin-right: 1em;\"><img data-recalc-dims=\"1\" decoding=\"async\" src=\"https:\/\/i0.wp.com\/guderley.com\/wp-content\/uploads\/2015\/06\/wpid-Photo-28.06.2015-0725.jpg?resize=500%2C375\" id=\"blogsy-1435517343934.165\" class=\"aligncenter\" width=\"500\" height=\"375\" alt=\"\"><\/a><\/div>\n<div class=\"separator\" style=\"clear: both; text-align: center;\"><a href=\"https:\/\/i0.wp.com\/guderley.com\/wp-content\/uploads\/2015\/06\/wpid-Photo-28.06.2015-1342.jpg\" target=\"_blank\" style=\"margin-left: 1em; margin-right: 1em;\"><img data-recalc-dims=\"1\" decoding=\"async\" src=\"https:\/\/i0.wp.com\/guderley.com\/wp-content\/uploads\/2015\/06\/wpid-Photo-28.06.2015-1342.jpg?resize=500%2C375\" id=\"blogsy-1435517343911.3464\" class=\"aligncenter\" width=\"500\" height=\"375\" alt=\"\"><\/a><\/div>\n<p>Mein Besuch am Bahnhof zeigt recht schnell, das was die Lady gestern in Blois recherchiert hat funktioniert nicht. Das Fahrrad m\u00fcsste verpackt werden &#8211; na hallo &#8211; ich will doch nicht von Ushuaia nach Hause fliegen.<\/p>\n<div class=\"separator\" style=\"clear: both; text-align: center;\"><a href=\"https:\/\/i0.wp.com\/guderley.com\/wp-content\/uploads\/2015\/06\/wpid-Photo-28.06.2015-0741.jpg\" target=\"_blank\" style=\"margin-left: 1em; margin-right: 1em;\"><img data-recalc-dims=\"1\" decoding=\"async\" src=\"https:\/\/i0.wp.com\/guderley.com\/wp-content\/uploads\/2015\/06\/wpid-Photo-28.06.2015-0741.jpg?resize=500%2C375\" id=\"blogsy-1435517343888.8975\" class=\"aligncenter\" width=\"500\" height=\"375\" alt=\"\"><\/a><\/div>\n<p>Also mit viel Geduld &#8211; und der Mithilfe des gesamten Personals der SNCF vor Ort &#8211; habe ich jetzt ein Ticket mit Fahrrad bis Saarbr\u00fccken. Viermal Umsteigen incl. Bahnhofswechsel in Paris &#8211; je nach Barrierefreiheit &#8211; kann das ein anstrengender Tag werden.<\/p>\n<div class=\"separator\" style=\"clear: both; text-align: center;\"><a href=\"https:\/\/i0.wp.com\/guderley.com\/wp-content\/uploads\/2015\/06\/wpid-Photo-28.06.2015-1348.jpg\" target=\"_blank\" style=\"margin-left: 1em; margin-right: 1em;\"><img data-recalc-dims=\"1\" decoding=\"async\" src=\"https:\/\/i0.wp.com\/guderley.com\/wp-content\/uploads\/2015\/06\/wpid-Photo-28.06.2015-1348.jpg?resize=500%2C375\" id=\"blogsy-1435517343952.106\" class=\"aligncenter\" width=\"500\" height=\"375\" alt=\"\"><\/a><\/div>\n<div class=\"separator\" style=\"text-align: left;clear: both; \">Nach 32 Tagen Radfahren wird das schon klappen &#8211; best case bin ich gegen Mitternacht zu Hause.<\/div>\n<p>Habe mir gerade Orl\u00e9ans ein bisschen n\u00e4her angeguckt &#8211; wirklich eine interessante und sch\u00f6ne Stadt. Bei 34 Grad praller Hitze war es in der riesigen Kathedrale am angenehmsten.<\/p>\n<div class=\"separator\" style=\"text-align: left;clear: both; \">Noch ein franz\u00f6sisches Abendessen und dann mentale Vorbereitung auf den Transfertag.<\/div>\n<div class=\"separator\" style=\"clear: both; text-align: center;\"><a href=\"https:\/\/i0.wp.com\/guderley.com\/wp-content\/uploads\/2015\/06\/wpid-Photo-28.06.2015-1509.jpg\" target=\"_blank\" style=\"margin-left: 1em; margin-right: 1em;\"><img data-recalc-dims=\"1\" decoding=\"async\" src=\"https:\/\/i0.wp.com\/guderley.com\/wp-content\/uploads\/2015\/06\/wpid-Photo-28.06.2015-1509.jpg?resize=500%2C375\" id=\"blogsy-1435517343929.0464\" class=\"aligncenter\" width=\"500\" height=\"375\" alt=\"\"><\/a><\/div>\n<p>&nbsp;<\/p>\n<div style=\"text-align: right; font-size: small; clear: both;\" id=\"blogsy_footer\"><a href=\"http:\/\/blogsyapp.com\" target=\"_blank\"><img data-recalc-dims=\"1\" decoding=\"async\" src=\"https:\/\/i0.wp.com\/blogsyapp.com\/images\/blogsy_footer_icon.png?resize=20%2C20\" alt=\"Mit Blogsy ver\u00f6ffentlicht\" style=\"vertical-align: middle; margin-right: 5px;\" width=\"20\" height=\"20\" \/>Mit Blogsy ver\u00f6ffentlicht<\/a><\/div>\n","protected":false},"excerpt":{"rendered":"<p>Kein Fake &#8211; nach exakt 3333 km Rolle ich vor die T\u00fcr des Hotels de l&#39;Abeille in Orl\u00e9ans &#8211; Super nettes franz\u00f6sisches Innenstadthotel &#8211; mein &#8222;Blauer Elephant&#8220; darf in der Bibliothek im Keller \u00fcbernachten. Hat er verdient &#8211; mit nur einem Platten auf der ganzen Route und \u00fcberraschend vielen Naturwegen &#8211; gerade an der Loire. [&hellip;]<\/p>\n","protected":false},"author":2,"featured_media":0,"comment_status":"open","ping_status":"open","sticky":false,"template":"","format":"standard","meta":{"_jetpack_newsletter_access":"","_jetpack_dont_email_post_to_subs":false,"_jetpack_newsletter_tier_id":0,"_jetpack_memberships_contains_paywalled_content":false,"_jetpack_memberships_contains_paid_content":false,"footnotes":""},"categories":[27],"tags":[],"class_list":["post-2894","post","type-post","status-publish","format-standard","hentry","category-2015-benelux-frankreich"],"yoast_head":"<!-- This site is optimized with the Yoast SEO plugin v25.8 - https:\/\/yoast.com\/wordpress\/plugins\/seo\/ -->\n<title>Tag 32 - So 28.6.2015 - 32 km Orl\u00e9ans \/ Gesamt: 3333 km - G\u00fcnter&#039;s Blog<\/title>\n<meta name=\"robots\" content=\"index, follow, max-snippet:-1, max-image-preview:large, max-video-preview:-1\" \/>\n<link rel=\"canonical\" href=\"https:\/\/guderley.com\/?p=2894\" \/>\n<meta property=\"og:locale\" content=\"de_DE\" \/>\n<meta property=\"og:type\" content=\"article\" \/>\n<meta property=\"og:title\" content=\"Tag 32 - So 28.6.2015 - 32 km Orl\u00e9ans \/ Gesamt: 3333 km - G\u00fcnter&#039;s Blog\" \/>\n<meta property=\"og:description\" content=\"Kein Fake &#8211; nach exakt 3333 km Rolle ich vor die T\u00fcr des Hotels de l&#039;Abeille in Orl\u00e9ans &#8211; Super nettes franz\u00f6sisches Innenstadthotel &#8211; mein &#8222;Blauer Elephant&#8220; darf in der Bibliothek im Keller \u00fcbernachten. Hat er verdient &#8211; mit nur einem Platten auf der ganzen Route und \u00fcberraschend vielen Naturwegen &#8211; gerade an der Loire. [&hellip;]\" \/>\n<meta property=\"og:url\" content=\"https:\/\/guderley.com\/?p=2894\" \/>\n<meta property=\"og:site_name\" content=\"G\u00fcnter&#039;s Blog\" \/>\n<meta property=\"article:published_time\" content=\"2015-06-28T18:46:35+00:00\" \/>\n<meta property=\"article:modified_time\" content=\"2015-06-28T18:52:20+00:00\" \/>\n<meta property=\"og:image\" content=\"http:\/\/guderley.com\/wp-content\/uploads\/2015\/06\/wpid-Photo-28.06.2015-0725.jpg\" \/>\n<meta name=\"author\" content=\"guenter\" \/>\n<meta name=\"twitter:card\" content=\"summary_large_image\" \/>\n<meta name=\"twitter:label1\" content=\"Verfasst von\" \/>\n\t<meta name=\"twitter:data1\" content=\"guenter\" \/>\n\t<meta name=\"twitter:label2\" content=\"Gesch\u00e4tzte Lesezeit\" \/>\n\t<meta name=\"twitter:data2\" content=\"1\u00a0Minute\" \/>\n<script type=\"application\/ld+json\" class=\"yoast-schema-graph\">{\"@context\":\"https:\/\/schema.org\",\"@graph\":[{\"@type\":\"Article\",\"@id\":\"https:\/\/guderley.com\/?p=2894#article\",\"isPartOf\":{\"@id\":\"https:\/\/guderley.com\/?p=2894\"},\"author\":{\"name\":\"guenter\",\"@id\":\"https:\/\/guderley.com\/#\/schema\/person\/24a827645a6fedd3481426a7028dfdcd\"},\"headline\":\"Tag 32 &#8211; So 28.6.2015 &#8211; 32 km Orl\u00e9ans \/ Gesamt: 3333 km\",\"datePublished\":\"2015-06-28T18:46:35+00:00\",\"dateModified\":\"2015-06-28T18:52:20+00:00\",\"mainEntityOfPage\":{\"@id\":\"https:\/\/guderley.com\/?p=2894\"},\"wordCount\":210,\"commentCount\":0,\"publisher\":{\"@id\":\"https:\/\/guderley.com\/#\/schema\/person\/24a827645a6fedd3481426a7028dfdcd\"},\"image\":{\"@id\":\"https:\/\/guderley.com\/?p=2894#primaryimage\"},\"thumbnailUrl\":\"http:\/\/guderley.com\/wp-content\/uploads\/2015\/06\/wpid-Photo-28.06.2015-0725.jpg\",\"articleSection\":[\"2015 BENELUX - FRANKREICH\"],\"inLanguage\":\"de\",\"potentialAction\":[{\"@type\":\"CommentAction\",\"name\":\"Comment\",\"target\":[\"https:\/\/guderley.com\/?p=2894#respond\"]}]},{\"@type\":\"WebPage\",\"@id\":\"https:\/\/guderley.com\/?p=2894\",\"url\":\"https:\/\/guderley.com\/?p=2894\",\"name\":\"Tag 32 - So 28.6.2015 - 32 km Orl\u00e9ans \/ Gesamt: 3333 km - G\u00fcnter&#039;s Blog\",\"isPartOf\":{\"@id\":\"https:\/\/guderley.com\/#website\"},\"primaryImageOfPage\":{\"@id\":\"https:\/\/guderley.com\/?p=2894#primaryimage\"},\"image\":{\"@id\":\"https:\/\/guderley.com\/?p=2894#primaryimage\"},\"thumbnailUrl\":\"http:\/\/guderley.com\/wp-content\/uploads\/2015\/06\/wpid-Photo-28.06.2015-0725.jpg\",\"datePublished\":\"2015-06-28T18:46:35+00:00\",\"dateModified\":\"2015-06-28T18:52:20+00:00\",\"breadcrumb\":{\"@id\":\"https:\/\/guderley.com\/?p=2894#breadcrumb\"},\"inLanguage\":\"de\",\"potentialAction\":[{\"@type\":\"ReadAction\",\"target\":[\"https:\/\/guderley.com\/?p=2894\"]}]},{\"@type\":\"ImageObject\",\"inLanguage\":\"de\",\"@id\":\"https:\/\/guderley.com\/?p=2894#primaryimage\",\"url\":\"https:\/\/i0.wp.com\/guderley.com\/wp-content\/uploads\/2015\/06\/wpid-Photo-28.06.2015-0725.jpg?fit=1024%2C768&ssl=1\",\"contentUrl\":\"https:\/\/i0.wp.com\/guderley.com\/wp-content\/uploads\/2015\/06\/wpid-Photo-28.06.2015-0725.jpg?fit=1024%2C768&ssl=1\",\"width\":1024,\"height\":768},{\"@type\":\"BreadcrumbList\",\"@id\":\"https:\/\/guderley.com\/?p=2894#breadcrumb\",\"itemListElement\":[{\"@type\":\"ListItem\",\"position\":1,\"name\":\"Startseite\",\"item\":\"https:\/\/guderley.com\/\"},{\"@type\":\"ListItem\",\"position\":2,\"name\":\"Tag 32 &#8211; So 28.6.2015 &#8211; 32 km Orl\u00e9ans \/ Gesamt: 3333 km\"}]},{\"@type\":\"WebSite\",\"@id\":\"https:\/\/guderley.com\/#website\",\"url\":\"https:\/\/guderley.com\/\",\"name\":\"G\u00fcnter's Blog\",\"description\":\"Fahrrad Touren rund um die Welt\",\"publisher\":{\"@id\":\"https:\/\/guderley.com\/#\/schema\/person\/24a827645a6fedd3481426a7028dfdcd\"},\"alternateName\":\"G\u00fcnter's Blog\",\"potentialAction\":[{\"@type\":\"SearchAction\",\"target\":{\"@type\":\"EntryPoint\",\"urlTemplate\":\"https:\/\/guderley.com\/?s={search_term_string}\"},\"query-input\":{\"@type\":\"PropertyValueSpecification\",\"valueRequired\":true,\"valueName\":\"search_term_string\"}}],\"inLanguage\":\"de\"},{\"@type\":[\"Person\",\"Organization\"],\"@id\":\"https:\/\/guderley.com\/#\/schema\/person\/24a827645a6fedd3481426a7028dfdcd\",\"name\":\"guenter\",\"image\":{\"@type\":\"ImageObject\",\"inLanguage\":\"de\",\"@id\":\"https:\/\/guderley.com\/#\/schema\/person\/image\/\",\"url\":\"https:\/\/i0.wp.com\/guderley.com\/wp-content\/uploads\/img_8008-scaled.jpg?fit=1920%2C2560\",\"contentUrl\":\"https:\/\/i0.wp.com\/guderley.com\/wp-content\/uploads\/img_8008-scaled.jpg?fit=1920%2C2560\",\"width\":1920,\"height\":2560,\"caption\":\"guenter\"},\"logo\":{\"@id\":\"https:\/\/guderley.com\/#\/schema\/person\/image\/\"},\"sameAs\":[\"http:\/\/guderley.com\/blog\"],\"url\":\"https:\/\/guderley.com\/?author=2\"}]}<\/script>\n<!-- \/ Yoast SEO plugin. -->","yoast_head_json":{"title":"Tag 32 - So 28.6.2015 - 32 km Orl\u00e9ans \/ Gesamt: 3333 km - G\u00fcnter&#039;s Blog","robots":{"index":"index","follow":"follow","max-snippet":"max-snippet:-1","max-image-preview":"max-image-preview:large","max-video-preview":"max-video-preview:-1"},"canonical":"https:\/\/guderley.com\/?p=2894","og_locale":"de_DE","og_type":"article","og_title":"Tag 32 - So 28.6.2015 - 32 km Orl\u00e9ans \/ Gesamt: 3333 km - G\u00fcnter&#039;s Blog","og_description":"Kein Fake &#8211; nach exakt 3333 km Rolle ich vor die T\u00fcr des Hotels de l&#39;Abeille in Orl\u00e9ans &#8211; Super nettes franz\u00f6sisches Innenstadthotel &#8211; mein &#8222;Blauer Elephant&#8220; darf in der Bibliothek im Keller \u00fcbernachten. Hat er verdient &#8211; mit nur einem Platten auf der ganzen Route und \u00fcberraschend vielen Naturwegen &#8211; gerade an der Loire. [&hellip;]","og_url":"https:\/\/guderley.com\/?p=2894","og_site_name":"G\u00fcnter&#039;s Blog","article_published_time":"2015-06-28T18:46:35+00:00","article_modified_time":"2015-06-28T18:52:20+00:00","og_image":[{"url":"http:\/\/guderley.com\/wp-content\/uploads\/2015\/06\/wpid-Photo-28.06.2015-0725.jpg","type":"","width":"","height":""}],"author":"guenter","twitter_card":"summary_large_image","twitter_misc":{"Verfasst von":"guenter","Gesch\u00e4tzte Lesezeit":"1\u00a0Minute"},"schema":{"@context":"https:\/\/schema.org","@graph":[{"@type":"Article","@id":"https:\/\/guderley.com\/?p=2894#article","isPartOf":{"@id":"https:\/\/guderley.com\/?p=2894"},"author":{"name":"guenter","@id":"https:\/\/guderley.com\/#\/schema\/person\/24a827645a6fedd3481426a7028dfdcd"},"headline":"Tag 32 &#8211; So 28.6.2015 &#8211; 32 km Orl\u00e9ans \/ Gesamt: 3333 km","datePublished":"2015-06-28T18:46:35+00:00","dateModified":"2015-06-28T18:52:20+00:00","mainEntityOfPage":{"@id":"https:\/\/guderley.com\/?p=2894"},"wordCount":210,"commentCount":0,"publisher":{"@id":"https:\/\/guderley.com\/#\/schema\/person\/24a827645a6fedd3481426a7028dfdcd"},"image":{"@id":"https:\/\/guderley.com\/?p=2894#primaryimage"},"thumbnailUrl":"http:\/\/guderley.com\/wp-content\/uploads\/2015\/06\/wpid-Photo-28.06.2015-0725.jpg","articleSection":["2015 BENELUX - FRANKREICH"],"inLanguage":"de","potentialAction":[{"@type":"CommentAction","name":"Comment","target":["https:\/\/guderley.com\/?p=2894#respond"]}]},{"@type":"WebPage","@id":"https:\/\/guderley.com\/?p=2894","url":"https:\/\/guderley.com\/?p=2894","name":"Tag 32 - So 28.6.2015 - 32 km Orl\u00e9ans \/ Gesamt: 3333 km - G\u00fcnter&#039;s Blog","isPartOf":{"@id":"https:\/\/guderley.com\/#website"},"primaryImageOfPage":{"@id":"https:\/\/guderley.com\/?p=2894#primaryimage"},"image":{"@id":"https:\/\/guderley.com\/?p=2894#primaryimage"},"thumbnailUrl":"http:\/\/guderley.com\/wp-content\/uploads\/2015\/06\/wpid-Photo-28.06.2015-0725.jpg","datePublished":"2015-06-28T18:46:35+00:00","dateModified":"2015-06-28T18:52:20+00:00","breadcrumb":{"@id":"https:\/\/guderley.com\/?p=2894#breadcrumb"},"inLanguage":"de","potentialAction":[{"@type":"ReadAction","target":["https:\/\/guderley.com\/?p=2894"]}]},{"@type":"ImageObject","inLanguage":"de","@id":"https:\/\/guderley.com\/?p=2894#primaryimage","url":"https:\/\/i0.wp.com\/guderley.com\/wp-content\/uploads\/2015\/06\/wpid-Photo-28.06.2015-0725.jpg?fit=1024%2C768&ssl=1","contentUrl":"https:\/\/i0.wp.com\/guderley.com\/wp-content\/uploads\/2015\/06\/wpid-Photo-28.06.2015-0725.jpg?fit=1024%2C768&ssl=1","width":1024,"height":768},{"@type":"BreadcrumbList","@id":"https:\/\/guderley.com\/?p=2894#breadcrumb","itemListElement":[{"@type":"ListItem","position":1,"name":"Startseite","item":"https:\/\/guderley.com\/"},{"@type":"ListItem","position":2,"name":"Tag 32 &#8211; So 28.6.2015 &#8211; 32 km Orl\u00e9ans \/ Gesamt: 3333 km"}]},{"@type":"WebSite","@id":"https:\/\/guderley.com\/#website","url":"https:\/\/guderley.com\/","name":"G\u00fcnter's Blog","description":"Fahrrad Touren rund um die Welt","publisher":{"@id":"https:\/\/guderley.com\/#\/schema\/person\/24a827645a6fedd3481426a7028dfdcd"},"alternateName":"G\u00fcnter's Blog","potentialAction":[{"@type":"SearchAction","target":{"@type":"EntryPoint","urlTemplate":"https:\/\/guderley.com\/?s={search_term_string}"},"query-input":{"@type":"PropertyValueSpecification","valueRequired":true,"valueName":"search_term_string"}}],"inLanguage":"de"},{"@type":["Person","Organization"],"@id":"https:\/\/guderley.com\/#\/schema\/person\/24a827645a6fedd3481426a7028dfdcd","name":"guenter","image":{"@type":"ImageObject","inLanguage":"de","@id":"https:\/\/guderley.com\/#\/schema\/person\/image\/","url":"https:\/\/i0.wp.com\/guderley.com\/wp-content\/uploads\/img_8008-scaled.jpg?fit=1920%2C2560","contentUrl":"https:\/\/i0.wp.com\/guderley.com\/wp-content\/uploads\/img_8008-scaled.jpg?fit=1920%2C2560","width":1920,"height":2560,"caption":"guenter"},"logo":{"@id":"https:\/\/guderley.com\/#\/schema\/person\/image\/"},"sameAs":["http:\/\/guderley.com\/blog"],"url":"https:\/\/guderley.com\/?author=2"}]}},"jetpack_featured_media_url":"","jetpack_sharing_enabled":true,"jetpack_shortlink":"https:\/\/wp.me\/p9IuXF-KG","jetpack_likes_enabled":true,"jetpack-related-posts":[{"id":5532,"url":"https:\/\/guderley.com\/?p=5532","url_meta":{"origin":2894,"position":0},"title":"MRT 2023 &#8211; 13.06. &#8211; Di &#8211; Tag 33","author":"guenter","date":"Juni 14, 2023","format":false,"excerpt":"Baton Rouge LA - New Orleans LA \u2014> 120 km by Rental Car und New Orleans - Venice Marina 120 km und zur\u00fcck 120 km. Vielen Dank f\u00fcr ein vielf\u00e4ltiges Feed-Back zu meinem gestrigen Umstieg auf 4 R\u00e4der. Gerade heute hinaus bis ans Ende von Louisiana nach Venice Marina, wo\u2026","rel":"","context":"In &quot;2023 MISSISSIPPI&quot;","block_context":{"text":"2023 MISSISSIPPI","link":"https:\/\/guderley.com\/?cat=34"},"img":{"alt_text":"","src":"https:\/\/i0.wp.com\/guderley.com\/wp-content\/uploads\/img_3663.jpg?resize=350%2C200","width":350,"height":200,"srcset":"https:\/\/i0.wp.com\/guderley.com\/wp-content\/uploads\/img_3663.jpg?resize=350%2C200 1x, https:\/\/i0.wp.com\/guderley.com\/wp-content\/uploads\/img_3663.jpg?resize=525%2C300 1.5x, https:\/\/i0.wp.com\/guderley.com\/wp-content\/uploads\/img_3663.jpg?resize=700%2C400 2x, https:\/\/i0.wp.com\/guderley.com\/wp-content\/uploads\/img_3663.jpg?resize=1050%2C600 3x, https:\/\/i0.wp.com\/guderley.com\/wp-content\/uploads\/img_3663.jpg?resize=1400%2C800 4x"},"classes":[]},{"id":3333,"url":"https:\/\/guderley.com\/?p=3333","url_meta":{"origin":2894,"position":1},"title":"Tag 23 &#8211; Sa 02.06.2018 &#8211; Whitehorse \/ Ruhetag \/ Gesamt: 1658 km","author":"guenter","date":"Juni 2, 2018","format":false,"excerpt":"Heute nur ein paar Bilder \ud83c\udde8\ud83c\udde6\ud83d\udeb2","rel":"","context":"In &quot;2018 ALASKA&quot;","block_context":{"text":"2018 ALASKA","link":"https:\/\/guderley.com\/?cat=28"},"img":{"alt_text":"","src":"https:\/\/i0.wp.com\/guderley.com\/wp-content\/uploads\/WhatsApp-Image-2018-06-02-at-23.53.14.jpeg?resize=350%2C200","width":350,"height":200,"srcset":"https:\/\/i0.wp.com\/guderley.com\/wp-content\/uploads\/WhatsApp-Image-2018-06-02-at-23.53.14.jpeg?resize=350%2C200 1x, https:\/\/i0.wp.com\/guderley.com\/wp-content\/uploads\/WhatsApp-Image-2018-06-02-at-23.53.14.jpeg?resize=525%2C300 1.5x, https:\/\/i0.wp.com\/guderley.com\/wp-content\/uploads\/WhatsApp-Image-2018-06-02-at-23.53.14.jpeg?resize=700%2C400 2x"},"classes":[]},{"id":5662,"url":"https:\/\/guderley.com\/?p=5662","url_meta":{"origin":2894,"position":2},"title":"MRT 2023 &#8211; 18.06. &#8211; So &#8211; Tag 38","author":"guenter","date":"Juni 18, 2023","format":false,"excerpt":"New Orleans \/ Louisiana Mein letzter voller Tag hier in New Orleans. Ich freue mich sehr auf die anstehende R\u00fcckkehr in ein \u201egeordnetes Leben\u201c. Es ist meine Erfahrung aus den zahlreichen langen Touren der letzten 12 Jahre, dass es mich nach ca. vier bis sechs Wochen \u201eon the road\u201c wieder\u2026","rel":"","context":"In &quot;2023 MISSISSIPPI&quot;","block_context":{"text":"2023 MISSISSIPPI","link":"https:\/\/guderley.com\/?cat=34"},"img":{"alt_text":"","src":"https:\/\/i0.wp.com\/guderley.com\/wp-content\/uploads\/img_3859.jpg?fit=1200%2C899&ssl=1&resize=350%2C200","width":350,"height":200,"srcset":"https:\/\/i0.wp.com\/guderley.com\/wp-content\/uploads\/img_3859.jpg?fit=1200%2C899&ssl=1&resize=350%2C200 1x, https:\/\/i0.wp.com\/guderley.com\/wp-content\/uploads\/img_3859.jpg?fit=1200%2C899&ssl=1&resize=525%2C300 1.5x, https:\/\/i0.wp.com\/guderley.com\/wp-content\/uploads\/img_3859.jpg?fit=1200%2C899&ssl=1&resize=700%2C400 2x, https:\/\/i0.wp.com\/guderley.com\/wp-content\/uploads\/img_3859.jpg?fit=1200%2C899&ssl=1&resize=1050%2C600 3x"},"classes":[]},{"id":2886,"url":"https:\/\/guderley.com\/?p=2886","url_meta":{"origin":2894,"position":3},"title":"Tag 31 &#8211; Sa 27.6.2015 &#8211; 85 km Beaugency \/ Gesamt: 3301 km","author":"guenter","date":"Juni 28, 2015","format":false,"excerpt":"Beim Aufwachen - leichter Regen - und keine Lust auf Radfahren. Bin \u00fcber die Br\u00fccke - die letzten Pl\u00e4tze waren immer auf Loireinseln - nach Amboise geradelt und habe nach einem leckeren Fr\u00fchst\u00fcck mir die sehenswerte Stadt ein bisschen angeguckt.Die Sonne k\u00e4mpfte sich auch gerade zur\u00fcck und so bin ich\u2026","rel":"","context":"In &quot;2015 BENELUX - FRANKREICH&quot;","block_context":{"text":"2015 BENELUX - FRANKREICH","link":"https:\/\/guderley.com\/?cat=27"},"img":{"alt_text":"","src":"https:\/\/i0.wp.com\/guderley.com\/wp-content\/uploads\/2015\/06\/wpid-Photo-27.06.2015-0354.jpg?resize=350%2C200","width":350,"height":200},"classes":[]},{"id":5510,"url":"https:\/\/guderley.com\/?p=5510","url_meta":{"origin":2894,"position":4},"title":"MRT 2023 &#8211; 12.06. &#8211; Mo &#8211; Tag 32","author":"guenter","date":"Juni 12, 2023","format":false,"excerpt":"Cleveland MS - Baton Rouge LA 500 km by Rental Car Es gibt Neuigkeiten - gestern war mein letzter Radtag am MR. Bin umgestiegen auf einen Mietwagen und werde es mir bequem machen bis New Orleans. Die Gr\u00fcnde sind mehrschichtig - der Wichtigste: ich habe keine Lust mehr auf Radfahren\u2026","rel":"","context":"In &quot;2023 MISSISSIPPI&quot;","block_context":{"text":"2023 MISSISSIPPI","link":"https:\/\/guderley.com\/?cat=34"},"img":{"alt_text":"","src":"https:\/\/i0.wp.com\/guderley.com\/wp-content\/uploads\/img_3642.jpg?fit=1200%2C899&ssl=1&resize=350%2C200","width":350,"height":200,"srcset":"https:\/\/i0.wp.com\/guderley.com\/wp-content\/uploads\/img_3642.jpg?fit=1200%2C899&ssl=1&resize=350%2C200 1x, https:\/\/i0.wp.com\/guderley.com\/wp-content\/uploads\/img_3642.jpg?fit=1200%2C899&ssl=1&resize=525%2C300 1.5x, https:\/\/i0.wp.com\/guderley.com\/wp-content\/uploads\/img_3642.jpg?fit=1200%2C899&ssl=1&resize=700%2C400 2x, https:\/\/i0.wp.com\/guderley.com\/wp-content\/uploads\/img_3642.jpg?fit=1200%2C899&ssl=1&resize=1050%2C600 3x"},"classes":[]},{"id":2879,"url":"https:\/\/guderley.com\/?p=2879","url_meta":{"origin":2894,"position":5},"title":"Tag 30 &#8211; Fr 26.6.2015 &#8211; 113 km Amboise \/ Gesamt:  3216 km","author":"guenter","date":"Juni 27, 2015","format":false,"excerpt":"Saumur am Freitagmorgen und wieder ein pr\u00e4chtiger Sommertag, der am Nachmittag richtig hei\u00df werden sollte. Ein paar Besorgungen und ein Fr\u00fchst\u00fcck in einem der zahlreichen Caf\u00e9s, wo gerade die ersten G\u00e4ste eintrudeln.Die Landschaft entlang der Loire hat viel \u00c4hnlichkeit mit unseren Flu\u00dflandschaften, hier im D\u00e9partement Indre-et-Loire dominiert der Wein, wobei\u2026","rel":"","context":"In &quot;2015 BENELUX - FRANKREICH&quot;","block_context":{"text":"2015 BENELUX - FRANKREICH","link":"https:\/\/guderley.com\/?cat=27"},"img":{"alt_text":"","src":"https:\/\/i0.wp.com\/guderley.com\/wp-content\/uploads\/2015\/06\/wpid-Photo-26.06.2015-0531.jpg?resize=350%2C200","width":350,"height":200},"classes":[]}],"_links":{"self":[{"href":"https:\/\/guderley.com\/index.php?rest_route=\/wp\/v2\/posts\/2894","targetHints":{"allow":["GET"]}}],"collection":[{"href":"https:\/\/guderley.com\/index.php?rest_route=\/wp\/v2\/posts"}],"about":[{"href":"https:\/\/guderley.com\/index.php?rest_route=\/wp\/v2\/types\/post"}],"author":[{"embeddable":true,"href":"https:\/\/guderley.com\/index.php?rest_route=\/wp\/v2\/users\/2"}],"replies":[{"embeddable":true,"href":"https:\/\/guderley.com\/index.php?rest_route=%2Fwp%2Fv2%2Fcomments&post=2894"}],"version-history":[{"count":2,"href":"https:\/\/guderley.com\/index.php?rest_route=\/wp\/v2\/posts\/2894\/revisions"}],"predecessor-version":[{"id":2896,"href":"https:\/\/guderley.com\/index.php?rest_route=\/wp\/v2\/posts\/2894\/revisions\/2896"}],"wp:attachment":[{"href":"https:\/\/guderley.com\/index.php?rest_route=%2Fwp%2Fv2%2Fmedia&parent=2894"}],"wp:term":[{"taxonomy":"category","embeddable":true,"href":"https:\/\/guderley.com\/index.php?rest_route=%2Fwp%2Fv2%2Fcategories&post=2894"},{"taxonomy":"post_tag","embeddable":true,"href":"https:\/\/guderley.com\/index.php?rest_route=%2Fwp%2Fv2%2Ftags&post=2894"}],"curies":[{"name":"wp","href":"https:\/\/api.w.org\/{rel}","templated":true}]}}