{"id":2856,"date":"2015-06-23T21:05:20","date_gmt":"2015-06-23T20:05:20","guid":{"rendered":"http:\/\/guderley.com\/?p=2856"},"modified":"2015-06-23T21:05:22","modified_gmt":"2015-06-23T20:05:22","slug":"tag-27-di-23-juni-2015-132-km-corsept-gesamt-2875-km","status":"publish","type":"post","link":"https:\/\/guderley.com\/?p=2856","title":{"rendered":"Tag 27 &#8211; Di 23. Juni 2015 &#8211; 132 km Corsept \/ Gesamt:  2875 km"},"content":{"rendered":"<p>Direkt am Hotel du Ch\u00e2teau bin ich um 9 Uhr auf den Radweg am Kanal Nantes &#8211; Brest gerollt. 50 km flaches Fahren und lockeres Pedalieren waren die n\u00e4chsten Stunden angesagt. Ein Genuss bei strahlendem Sonnenschein und keinem Wind.<\/p>\n<div class=\"separator\" style=\"clear: both; text-align: center;\"><a href=\"https:\/\/i0.wp.com\/guderley.com\/wp-content\/uploads\/2015\/06\/wpid-Photo-23.06.2015-0406.jpg\" target=\"_blank\" style=\"margin-left: 1em; margin-right: 1em;\"><img data-recalc-dims=\"1\" decoding=\"async\" src=\"https:\/\/i0.wp.com\/guderley.com\/wp-content\/uploads\/2015\/06\/wpid-Photo-23.06.2015-0406.jpg?resize=500%2C375\" id=\"blogsy-1435089920566.247\" class=\"aligncenter\" alt=\"\" width=\"500\" height=\"375\"><\/a><\/div>\n<p>Kurz vor Redon stritten sich zwei Geister in meinem Kopf &#8211; am Kanal bleiben bis Nantes und dort auf den Loire-Radweg einschwenken &#8211; oder die anstrengendere Variante, den Kanal verlassen und nach Saint-Brevin an den eigentlichen Beginn der Radroute zu fahren.<\/p>\n<div class=\"separator\" style=\"clear: both; text-align: center;\"><a href=\"https:\/\/i0.wp.com\/guderley.com\/wp-content\/uploads\/2015\/06\/wpid-Photo-23.06.2015-0815.jpg\" target=\"_blank\" style=\"margin-left: 1em; margin-right: 1em;\"><img data-recalc-dims=\"1\" decoding=\"async\" src=\"https:\/\/i0.wp.com\/guderley.com\/wp-content\/uploads\/2015\/06\/wpid-Photo-23.06.2015-0815.jpg?resize=500%2C375\" id=\"blogsy-1435089920599.949\" class=\"aligncenter\" alt=\"\" width=\"500\" height=\"375\"><\/a><\/div>\n<p>Bei einem kurzen Stopp habe ich ein bisschen mit meinem Garmin herumgespielt und mich nach Saint-Brevin routen lassen &#8211; 62 km ab Redon &#8211; nochmal die gleiche Distanz wie bereits gefahren.<\/p>\n<div class=\"separator\" style=\"clear: both; text-align: center;\"><a href=\"https:\/\/i0.wp.com\/guderley.com\/wp-content\/uploads\/2015\/06\/wpid-Photo-23.06.2015-0657.jpg\" target=\"_blank\" style=\"margin-left: 1em; margin-right: 1em;\"><img data-recalc-dims=\"1\" decoding=\"async\" src=\"https:\/\/i0.wp.com\/guderley.com\/wp-content\/uploads\/2015\/06\/wpid-Photo-23.06.2015-0657.jpg?resize=500%2C375\" id=\"blogsy-1435089920597.9307\" class=\"aligncenter\" alt=\"\" width=\"500\" height=\"375\"><\/a><\/div>\n<p>Ich habe mich daf\u00fcr entschieden &#8211; unterwegs m\u00e4chtig geschimpft &#8211; es kamen doch noch incl. der Hammerbr\u00fccke \u00fcber die Loire von Ste. Nazaire nach Saint- Brevin \u00fcber 500 hm zusammen.<\/p>\n<div class=\"separator\" style=\"clear: both; text-align: center;\"><a href=\"https:\/\/i0.wp.com\/guderley.com\/wp-content\/uploads\/2015\/06\/wpid-Photo-23.06.2015-1306.jpg\" target=\"_blank\" style=\"margin-left: 1em; margin-right: 1em;\"><img data-recalc-dims=\"1\" decoding=\"async\" src=\"https:\/\/i0.wp.com\/guderley.com\/wp-content\/uploads\/2015\/06\/wpid-Photo-23.06.2015-1306.jpg?resize=500%2C375\" id=\"blogsy-1435089920610.2605\" class=\"aligncenter\" alt=\"\" width=\"500\" height=\"375\"><\/a><\/div>\n<p>Der Clou war allerdings dass die Anfangskilometer der Radroute in Richtung Osten erst durch Wohngebiete und dann durch unendliches Ackerland f\u00fchrte. Mit keinerlei \u00dcbernachtungsangebot &#8211; das h\u00e4tte ich mir am Kanal alles erspart.<\/p>\n<div class=\"separator\" style=\"clear: both; text-align: center;\"><a href=\"https:\/\/i0.wp.com\/guderley.com\/wp-content\/uploads\/2015\/06\/wpid-Photo-23.06.2015-1323.jpg\" target=\"_blank\" style=\"margin-left: 1em; margin-right: 1em;\"><img data-recalc-dims=\"1\" decoding=\"async\" src=\"https:\/\/i0.wp.com\/guderley.com\/wp-content\/uploads\/2015\/06\/wpid-Photo-23.06.2015-1323.jpg?resize=500%2C375\" id=\"blogsy-1435089920648.5989\" class=\"aligncenter\" alt=\"\" width=\"500\" height=\"375\"><\/a><\/div>\n<p>Wie immer gibt es dann doch eine L\u00f6sung &#8211; diesmal eine wirklich nette &#8211; ich habe das &#8222;Manoir de l&#39;Esperance&#8220; entdeckt &#8211; wenige Kilometer vor Corsept.<\/p>\n<div class=\"separator\" style=\"clear: both; text-align: center;\"><a href=\"https:\/\/i0.wp.com\/guderley.com\/wp-content\/uploads\/2015\/06\/wpid-Photo-23.06.2015-1426.jpg\" target=\"_blank\" style=\"margin-left: 1em; margin-right: 1em;\"><img data-recalc-dims=\"1\" decoding=\"async\" src=\"https:\/\/i0.wp.com\/guderley.com\/wp-content\/uploads\/2015\/06\/wpid-Photo-23.06.2015-1426.jpg?resize=500%2C375\" id=\"blogsy-1435089920628.7034\" class=\"aligncenter\" alt=\"\" width=\"500\" height=\"375\"><\/a><\/div>\n<p>Dies ist eine Mischung aus Bauernhof, Chambres d&#39;Hotes und Zeltplatz. die Inhaberin ist total nett und hat mir ein winziges H\u00fcttchen angeboten f\u00fcr 15 Euro &#8211; da blieb mein Zelt in der Packtasche. Zu allem \u00dcberfluss hat sie mir noch einen leckeren Galette gebacken und kaltes Bier gab es auch. Gl\u00fcckliche Wendung am Ende einer langen Strecke.<\/p>\n<div class=\"separator\" style=\"clear: both; text-align: center;\"><a href=\"https:\/\/i0.wp.com\/guderley.com\/wp-content\/uploads\/2015\/06\/wpid-Photo-23.06.2015-1430.jpg\" target=\"_blank\" style=\"margin-left: 1em; margin-right: 1em;\"><img data-recalc-dims=\"1\" decoding=\"async\" src=\"https:\/\/i0.wp.com\/guderley.com\/wp-content\/uploads\/2015\/06\/wpid-Photo-23.06.2015-1430.jpg?resize=500%2C375\" id=\"blogsy-1435089920569.4253\" class=\"aligncenter\" width=\"500\" height=\"375\" alt=\"\"><\/a><\/div>\n<p>Morgen geht es also weiter nach Osten in Richtung Heimat &#8211; bis Orleans sind es rund 600 km und dann knickt die Loire nach S\u00fcden ab. Mal sehen wie meine R\u00fcckkehr sich gestalten wird.<\/p>\n<p>Jetzt freue ich mich auf eine ruhige Nacht in meiner H\u00fctte und einige Tage auf dem Loireradweg &#8211; neben der K\u00fcste war dieser ja ein Muss in meiner Routenidee.<\/p>\n<p>&nbsp;<\/p>\n<div style=\"text-align: right; font-size: small; clear: both;\" id=\"blogsy_footer\"><a href=\"http:\/\/blogsyapp.com\" target=\"_blank\"><img data-recalc-dims=\"1\" decoding=\"async\" src=\"https:\/\/i0.wp.com\/blogsyapp.com\/images\/blogsy_footer_icon.png?resize=20%2C20\" alt=\"Mit Blogsy ver\u00f6ffentlicht\" style=\"vertical-align: middle; margin-right: 5px;\" width=\"20\" height=\"20\" \/>Mit Blogsy ver\u00f6ffentlicht<\/a><\/div>\n","protected":false},"excerpt":{"rendered":"<p>Direkt am Hotel du Ch\u00e2teau bin ich um 9 Uhr auf den Radweg am Kanal Nantes &#8211; Brest gerollt. 50 km flaches Fahren und lockeres Pedalieren waren die n\u00e4chsten Stunden angesagt. Ein Genuss bei strahlendem Sonnenschein und keinem Wind. Kurz vor Redon stritten sich zwei Geister in meinem Kopf &#8211; am Kanal bleiben bis Nantes [&hellip;]<\/p>\n","protected":false},"author":2,"featured_media":0,"comment_status":"open","ping_status":"open","sticky":false,"template":"","format":"standard","meta":{"_jetpack_newsletter_access":"","_jetpack_dont_email_post_to_subs":false,"_jetpack_newsletter_tier_id":0,"_jetpack_memberships_contains_paywalled_content":false,"_jetpack_memberships_contains_paid_content":false,"footnotes":""},"categories":[27],"tags":[],"class_list":["post-2856","post","type-post","status-publish","format-standard","hentry","category-2015-benelux-frankreich"],"yoast_head":"<!-- This site is optimized with the Yoast SEO plugin v25.8 - https:\/\/yoast.com\/wordpress\/plugins\/seo\/ -->\n<title>Tag 27 - Di 23. Juni 2015 - 132 km Corsept \/ Gesamt: 2875 km - G\u00fcnter&#039;s Blog<\/title>\n<meta name=\"robots\" content=\"index, follow, max-snippet:-1, max-image-preview:large, max-video-preview:-1\" \/>\n<link rel=\"canonical\" href=\"https:\/\/guderley.com\/?p=2856\" \/>\n<meta property=\"og:locale\" content=\"de_DE\" \/>\n<meta property=\"og:type\" content=\"article\" \/>\n<meta property=\"og:title\" content=\"Tag 27 - Di 23. Juni 2015 - 132 km Corsept \/ Gesamt: 2875 km - G\u00fcnter&#039;s Blog\" \/>\n<meta property=\"og:description\" content=\"Direkt am Hotel du Ch\u00e2teau bin ich um 9 Uhr auf den Radweg am Kanal Nantes &#8211; Brest gerollt. 50 km flaches Fahren und lockeres Pedalieren waren die n\u00e4chsten Stunden angesagt. Ein Genuss bei strahlendem Sonnenschein und keinem Wind. Kurz vor Redon stritten sich zwei Geister in meinem Kopf &#8211; am Kanal bleiben bis Nantes [&hellip;]\" \/>\n<meta property=\"og:url\" content=\"https:\/\/guderley.com\/?p=2856\" \/>\n<meta property=\"og:site_name\" content=\"G\u00fcnter&#039;s Blog\" \/>\n<meta property=\"article:published_time\" content=\"2015-06-23T20:05:20+00:00\" \/>\n<meta property=\"article:modified_time\" content=\"2015-06-23T20:05:22+00:00\" \/>\n<meta property=\"og:image\" content=\"http:\/\/guderley.com\/wp-content\/uploads\/2015\/06\/wpid-Photo-23.06.2015-0406.jpg\" \/>\n<meta name=\"author\" content=\"guenter\" \/>\n<meta name=\"twitter:card\" content=\"summary_large_image\" \/>\n<meta name=\"twitter:label1\" content=\"Verfasst von\" \/>\n\t<meta name=\"twitter:data1\" content=\"guenter\" \/>\n\t<meta name=\"twitter:label2\" content=\"Gesch\u00e4tzte Lesezeit\" \/>\n\t<meta name=\"twitter:data2\" content=\"2\u00a0Minuten\" \/>\n<script type=\"application\/ld+json\" class=\"yoast-schema-graph\">{\"@context\":\"https:\/\/schema.org\",\"@graph\":[{\"@type\":\"Article\",\"@id\":\"https:\/\/guderley.com\/?p=2856#article\",\"isPartOf\":{\"@id\":\"https:\/\/guderley.com\/?p=2856\"},\"author\":{\"name\":\"guenter\",\"@id\":\"https:\/\/guderley.com\/#\/schema\/person\/24a827645a6fedd3481426a7028dfdcd\"},\"headline\":\"Tag 27 &#8211; Di 23. Juni 2015 &#8211; 132 km Corsept \/ Gesamt: 2875 km\",\"datePublished\":\"2015-06-23T20:05:20+00:00\",\"dateModified\":\"2015-06-23T20:05:22+00:00\",\"mainEntityOfPage\":{\"@id\":\"https:\/\/guderley.com\/?p=2856\"},\"wordCount\":345,\"commentCount\":0,\"publisher\":{\"@id\":\"https:\/\/guderley.com\/#\/schema\/person\/24a827645a6fedd3481426a7028dfdcd\"},\"image\":{\"@id\":\"https:\/\/guderley.com\/?p=2856#primaryimage\"},\"thumbnailUrl\":\"http:\/\/guderley.com\/wp-content\/uploads\/2015\/06\/wpid-Photo-23.06.2015-0406.jpg\",\"articleSection\":[\"2015 BENELUX - FRANKREICH\"],\"inLanguage\":\"de\",\"potentialAction\":[{\"@type\":\"CommentAction\",\"name\":\"Comment\",\"target\":[\"https:\/\/guderley.com\/?p=2856#respond\"]}]},{\"@type\":\"WebPage\",\"@id\":\"https:\/\/guderley.com\/?p=2856\",\"url\":\"https:\/\/guderley.com\/?p=2856\",\"name\":\"Tag 27 - Di 23. Juni 2015 - 132 km Corsept \/ Gesamt: 2875 km - G\u00fcnter&#039;s Blog\",\"isPartOf\":{\"@id\":\"https:\/\/guderley.com\/#website\"},\"primaryImageOfPage\":{\"@id\":\"https:\/\/guderley.com\/?p=2856#primaryimage\"},\"image\":{\"@id\":\"https:\/\/guderley.com\/?p=2856#primaryimage\"},\"thumbnailUrl\":\"http:\/\/guderley.com\/wp-content\/uploads\/2015\/06\/wpid-Photo-23.06.2015-0406.jpg\",\"datePublished\":\"2015-06-23T20:05:20+00:00\",\"dateModified\":\"2015-06-23T20:05:22+00:00\",\"breadcrumb\":{\"@id\":\"https:\/\/guderley.com\/?p=2856#breadcrumb\"},\"inLanguage\":\"de\",\"potentialAction\":[{\"@type\":\"ReadAction\",\"target\":[\"https:\/\/guderley.com\/?p=2856\"]}]},{\"@type\":\"ImageObject\",\"inLanguage\":\"de\",\"@id\":\"https:\/\/guderley.com\/?p=2856#primaryimage\",\"url\":\"https:\/\/i0.wp.com\/guderley.com\/wp-content\/uploads\/2015\/06\/wpid-Photo-23.06.2015-0406.jpg?fit=1024%2C768&ssl=1\",\"contentUrl\":\"https:\/\/i0.wp.com\/guderley.com\/wp-content\/uploads\/2015\/06\/wpid-Photo-23.06.2015-0406.jpg?fit=1024%2C768&ssl=1\",\"width\":1024,\"height\":768},{\"@type\":\"BreadcrumbList\",\"@id\":\"https:\/\/guderley.com\/?p=2856#breadcrumb\",\"itemListElement\":[{\"@type\":\"ListItem\",\"position\":1,\"name\":\"Startseite\",\"item\":\"https:\/\/guderley.com\/\"},{\"@type\":\"ListItem\",\"position\":2,\"name\":\"Tag 27 &#8211; Di 23. Juni 2015 &#8211; 132 km Corsept \/ Gesamt: 2875 km\"}]},{\"@type\":\"WebSite\",\"@id\":\"https:\/\/guderley.com\/#website\",\"url\":\"https:\/\/guderley.com\/\",\"name\":\"G\u00fcnter's Blog\",\"description\":\"Fahrrad Touren rund um die Welt\",\"publisher\":{\"@id\":\"https:\/\/guderley.com\/#\/schema\/person\/24a827645a6fedd3481426a7028dfdcd\"},\"alternateName\":\"G\u00fcnter's Blog\",\"potentialAction\":[{\"@type\":\"SearchAction\",\"target\":{\"@type\":\"EntryPoint\",\"urlTemplate\":\"https:\/\/guderley.com\/?s={search_term_string}\"},\"query-input\":{\"@type\":\"PropertyValueSpecification\",\"valueRequired\":true,\"valueName\":\"search_term_string\"}}],\"inLanguage\":\"de\"},{\"@type\":[\"Person\",\"Organization\"],\"@id\":\"https:\/\/guderley.com\/#\/schema\/person\/24a827645a6fedd3481426a7028dfdcd\",\"name\":\"guenter\",\"image\":{\"@type\":\"ImageObject\",\"inLanguage\":\"de\",\"@id\":\"https:\/\/guderley.com\/#\/schema\/person\/image\/\",\"url\":\"https:\/\/i0.wp.com\/guderley.com\/wp-content\/uploads\/img_8008-scaled.jpg?fit=1920%2C2560\",\"contentUrl\":\"https:\/\/i0.wp.com\/guderley.com\/wp-content\/uploads\/img_8008-scaled.jpg?fit=1920%2C2560\",\"width\":1920,\"height\":2560,\"caption\":\"guenter\"},\"logo\":{\"@id\":\"https:\/\/guderley.com\/#\/schema\/person\/image\/\"},\"sameAs\":[\"http:\/\/guderley.com\/blog\"],\"url\":\"https:\/\/guderley.com\/?author=2\"}]}<\/script>\n<!-- \/ Yoast SEO plugin. -->","yoast_head_json":{"title":"Tag 27 - Di 23. Juni 2015 - 132 km Corsept \/ Gesamt: 2875 km - G\u00fcnter&#039;s Blog","robots":{"index":"index","follow":"follow","max-snippet":"max-snippet:-1","max-image-preview":"max-image-preview:large","max-video-preview":"max-video-preview:-1"},"canonical":"https:\/\/guderley.com\/?p=2856","og_locale":"de_DE","og_type":"article","og_title":"Tag 27 - Di 23. Juni 2015 - 132 km Corsept \/ Gesamt: 2875 km - G\u00fcnter&#039;s Blog","og_description":"Direkt am Hotel du Ch\u00e2teau bin ich um 9 Uhr auf den Radweg am Kanal Nantes &#8211; Brest gerollt. 50 km flaches Fahren und lockeres Pedalieren waren die n\u00e4chsten Stunden angesagt. Ein Genuss bei strahlendem Sonnenschein und keinem Wind. Kurz vor Redon stritten sich zwei Geister in meinem Kopf &#8211; am Kanal bleiben bis Nantes [&hellip;]","og_url":"https:\/\/guderley.com\/?p=2856","og_site_name":"G\u00fcnter&#039;s Blog","article_published_time":"2015-06-23T20:05:20+00:00","article_modified_time":"2015-06-23T20:05:22+00:00","og_image":[{"url":"http:\/\/guderley.com\/wp-content\/uploads\/2015\/06\/wpid-Photo-23.06.2015-0406.jpg","type":"","width":"","height":""}],"author":"guenter","twitter_card":"summary_large_image","twitter_misc":{"Verfasst von":"guenter","Gesch\u00e4tzte Lesezeit":"2\u00a0Minuten"},"schema":{"@context":"https:\/\/schema.org","@graph":[{"@type":"Article","@id":"https:\/\/guderley.com\/?p=2856#article","isPartOf":{"@id":"https:\/\/guderley.com\/?p=2856"},"author":{"name":"guenter","@id":"https:\/\/guderley.com\/#\/schema\/person\/24a827645a6fedd3481426a7028dfdcd"},"headline":"Tag 27 &#8211; Di 23. Juni 2015 &#8211; 132 km Corsept \/ Gesamt: 2875 km","datePublished":"2015-06-23T20:05:20+00:00","dateModified":"2015-06-23T20:05:22+00:00","mainEntityOfPage":{"@id":"https:\/\/guderley.com\/?p=2856"},"wordCount":345,"commentCount":0,"publisher":{"@id":"https:\/\/guderley.com\/#\/schema\/person\/24a827645a6fedd3481426a7028dfdcd"},"image":{"@id":"https:\/\/guderley.com\/?p=2856#primaryimage"},"thumbnailUrl":"http:\/\/guderley.com\/wp-content\/uploads\/2015\/06\/wpid-Photo-23.06.2015-0406.jpg","articleSection":["2015 BENELUX - FRANKREICH"],"inLanguage":"de","potentialAction":[{"@type":"CommentAction","name":"Comment","target":["https:\/\/guderley.com\/?p=2856#respond"]}]},{"@type":"WebPage","@id":"https:\/\/guderley.com\/?p=2856","url":"https:\/\/guderley.com\/?p=2856","name":"Tag 27 - Di 23. Juni 2015 - 132 km Corsept \/ Gesamt: 2875 km - G\u00fcnter&#039;s Blog","isPartOf":{"@id":"https:\/\/guderley.com\/#website"},"primaryImageOfPage":{"@id":"https:\/\/guderley.com\/?p=2856#primaryimage"},"image":{"@id":"https:\/\/guderley.com\/?p=2856#primaryimage"},"thumbnailUrl":"http:\/\/guderley.com\/wp-content\/uploads\/2015\/06\/wpid-Photo-23.06.2015-0406.jpg","datePublished":"2015-06-23T20:05:20+00:00","dateModified":"2015-06-23T20:05:22+00:00","breadcrumb":{"@id":"https:\/\/guderley.com\/?p=2856#breadcrumb"},"inLanguage":"de","potentialAction":[{"@type":"ReadAction","target":["https:\/\/guderley.com\/?p=2856"]}]},{"@type":"ImageObject","inLanguage":"de","@id":"https:\/\/guderley.com\/?p=2856#primaryimage","url":"https:\/\/i0.wp.com\/guderley.com\/wp-content\/uploads\/2015\/06\/wpid-Photo-23.06.2015-0406.jpg?fit=1024%2C768&ssl=1","contentUrl":"https:\/\/i0.wp.com\/guderley.com\/wp-content\/uploads\/2015\/06\/wpid-Photo-23.06.2015-0406.jpg?fit=1024%2C768&ssl=1","width":1024,"height":768},{"@type":"BreadcrumbList","@id":"https:\/\/guderley.com\/?p=2856#breadcrumb","itemListElement":[{"@type":"ListItem","position":1,"name":"Startseite","item":"https:\/\/guderley.com\/"},{"@type":"ListItem","position":2,"name":"Tag 27 &#8211; Di 23. Juni 2015 &#8211; 132 km Corsept \/ Gesamt: 2875 km"}]},{"@type":"WebSite","@id":"https:\/\/guderley.com\/#website","url":"https:\/\/guderley.com\/","name":"G\u00fcnter's Blog","description":"Fahrrad Touren rund um die Welt","publisher":{"@id":"https:\/\/guderley.com\/#\/schema\/person\/24a827645a6fedd3481426a7028dfdcd"},"alternateName":"G\u00fcnter's Blog","potentialAction":[{"@type":"SearchAction","target":{"@type":"EntryPoint","urlTemplate":"https:\/\/guderley.com\/?s={search_term_string}"},"query-input":{"@type":"PropertyValueSpecification","valueRequired":true,"valueName":"search_term_string"}}],"inLanguage":"de"},{"@type":["Person","Organization"],"@id":"https:\/\/guderley.com\/#\/schema\/person\/24a827645a6fedd3481426a7028dfdcd","name":"guenter","image":{"@type":"ImageObject","inLanguage":"de","@id":"https:\/\/guderley.com\/#\/schema\/person\/image\/","url":"https:\/\/i0.wp.com\/guderley.com\/wp-content\/uploads\/img_8008-scaled.jpg?fit=1920%2C2560","contentUrl":"https:\/\/i0.wp.com\/guderley.com\/wp-content\/uploads\/img_8008-scaled.jpg?fit=1920%2C2560","width":1920,"height":2560,"caption":"guenter"},"logo":{"@id":"https:\/\/guderley.com\/#\/schema\/person\/image\/"},"sameAs":["http:\/\/guderley.com\/blog"],"url":"https:\/\/guderley.com\/?author=2"}]}},"jetpack_featured_media_url":"","jetpack_sharing_enabled":true,"jetpack_shortlink":"https:\/\/wp.me\/p9IuXF-K4","jetpack_likes_enabled":true,"jetpack-related-posts":[{"id":2845,"url":"https:\/\/guderley.com\/?p=2845","url_meta":{"origin":2856,"position":0},"title":"Tag 26 &#8211; Mo 22.6.2015 &#8211; 103 km Josselin \/  Gesamt:  2744 km","author":"guenter","date":"Juni 22, 2015","format":false,"excerpt":"In Kiefernw\u00e4ldern zu Zelten ist immer wieder toll - morgens ist das \u00dcberzelt total trocken - nicht einmal Kondenswasser bleibt.Ich hatte gerade mein Rad startklar als es leicht zu regnen begann. War irgendwie so eine Dusche mit Feinspr\u00fchung. Nach 5 km in Sables d'Or habe ich mir ein Fr\u00fchst\u00fcck geg\u00f6nnt,\u2026","rel":"","context":"In &quot;2015 BENELUX - FRANKREICH&quot;","block_context":{"text":"2015 BENELUX - FRANKREICH","link":"https:\/\/guderley.com\/?cat=27"},"img":{"alt_text":"","src":"https:\/\/i0.wp.com\/guderley.com\/wp-content\/uploads\/2015\/06\/wpid-Photo-22.06.2015-1132.jpg?resize=350%2C200","width":350,"height":200},"classes":[]},{"id":1507,"url":"https:\/\/guderley.com\/?p=1507","url_meta":{"origin":2856,"position":1},"title":"13.8.  Klaip\u0117da \/ Litauen &#8211; Tag 28 &#8211; km 2445","author":"guenter","date":"August 13, 2012","format":false,"excerpt":"Von der Maas bis an die Memel ....In Memel dem heutigen Klaip\u0117da bin ich am fr\u00fchen Nachmittag angekommen. Die Strecke von Palanga bis ins Zentrum von Klaip\u0117da war ein einziges \"Genu\u00dfradeln\". Ein Super-Radweg durch die herrlichen Kiefernw\u00e4lder dieser Region. Klaip\u0117da wird dominiert von seinem Passagierhafen und riesigen Werften. Das wichtigste\u2026","rel":"","context":"In &quot;2012 BALTIKUM&quot;","block_context":{"text":"2012 BALTIKUM","link":"https:\/\/guderley.com\/?cat=22"},"img":{"alt_text":"","src":"https:\/\/i0.wp.com\/guderley.com\/wp-content\/uploads\/2012\/08\/wpid-Photo-13.08.2012-1316.jpg?resize=350%2C200","width":350,"height":200},"classes":[]},{"id":833,"url":"https:\/\/guderley.com\/?p=833","url_meta":{"origin":2856,"position":2},"title":"04.05.2011 Niemegk 540 km","author":"guenter","date":"Mai 4, 2011","format":false,"excerpt":"Dunkle Wolken am Himmel von Bernburg veranlassten uns die ersten 90 Minuten auf guter, flacher Piste Gas zu geben. Bei der Einfahrt nach Aken\/Elbe entwischen wir einem Schauer in eine nette Konditorei. 20 Minuten sp\u00e4ter sieht der Himmel gut aus und wir fahren auf dem Elbe-Radweg \u00fcber Dessau zur Elbf\u00e4hre\u2026","rel":"","context":"In &quot;2011 GOLDBACH - BERLIN&quot;","block_context":{"text":"2011 GOLDBACH - BERLIN","link":"https:\/\/guderley.com\/?cat=12"},"img":{"alt_text":"","src":"","width":0,"height":0},"classes":[]},{"id":2793,"url":"https:\/\/guderley.com\/?p=2793","url_meta":{"origin":2856,"position":3},"title":"Tag 19 &#8211; Mo 15.6.2015 &#8211; 98 km B\u00e9nouville \/ Gesamt: 2054 km","author":"guenter","date":"Juni 16, 2015","format":false,"excerpt":"Der Start in den Tag geht im Hotel etwas weniger aufw\u00e4ndig - als im Zelt. Das erste Ziel f\u00fcr heute war, die Pont de Normandie, eine imposante Schr\u00e4gseilbr\u00fccke, als Radfahrer zu erreichen. Klar war es gibt eine - wenn auch schmale - Radspur um hin\u00fcber auf die andere Seite der\u2026","rel":"","context":"In &quot;2015 BENELUX - FRANKREICH&quot;","block_context":{"text":"2015 BENELUX - FRANKREICH","link":"https:\/\/guderley.com\/?cat=27"},"img":{"alt_text":"","src":"https:\/\/i0.wp.com\/guderley.com\/wp-content\/uploads\/2015\/06\/wpid-Photo-15.06.2015-0716.jpg?resize=350%2C200","width":350,"height":200},"classes":[]},{"id":2864,"url":"https:\/\/guderley.com\/?p=2864","url_meta":{"origin":2856,"position":4},"title":"28. Tag &#8211; Mi 14.6.2015 &#8211; 115 km St.-Florent-Le-Vieil \/ Gesamt: 2990 km","author":"guenter","date":"Juni 24, 2015","format":false,"excerpt":"An der Loire zur\u00fcck - das war meine Idee- und heute habe ich einen Teil davon realisiert. Die ersten 50 km von meinem Manoir l'Esperance bis Nantes waren eher auf provisorischem Terrain und wenig spannend.Nantes habe ich von Westen her angefahren und erstmal schrecklich erlebt - durch endlose Industrie- und\u2026","rel":"","context":"In &quot;2015 BENELUX - FRANKREICH&quot;","block_context":{"text":"2015 BENELUX - FRANKREICH","link":"https:\/\/guderley.com\/?cat=27"},"img":{"alt_text":"","src":"https:\/\/i0.wp.com\/guderley.com\/wp-content\/uploads\/2015\/06\/wpid-Photo-24.06.2015-0857.jpg?resize=350%2C200","width":350,"height":200},"classes":[]},{"id":1760,"url":"https:\/\/guderley.com\/?p=1760","url_meta":{"origin":2856,"position":5},"title":"Vassbacken \/ Schweden &#8211; Tag 11 &#8211; Donnerstag, 23. Mai","author":"guenter","date":"Mai 23, 2013","format":false,"excerpt":"127 km \/ 450 hm \/ 7:29 h - Gesamt 1168 km \/ 5025 hm \/ 68:57 Als ich das nette Caf\u00e9 verlassen hatte, gut gest\u00e4rkt und ordentlich aufgew\u00e4rmt wurde mein Wunsch sukzessive erh\u00f6rt. Es h\u00f6rte zu regnen auf und im Laufe des Nachmittags wurde es richtig sch\u00f6n und jetzt\u2026","rel":"","context":"In &quot;2013 NORDKAPP&quot;","block_context":{"text":"2013 NORDKAPP","link":"https:\/\/guderley.com\/?cat=23"},"img":{"alt_text":"","src":"https:\/\/i0.wp.com\/guderley.com\/wp-content\/uploads\/2013\/05\/wpid-Photo-23.05.2013-1616.jpg?resize=350%2C200","width":350,"height":200},"classes":[]}],"_links":{"self":[{"href":"https:\/\/guderley.com\/index.php?rest_route=\/wp\/v2\/posts\/2856","targetHints":{"allow":["GET"]}}],"collection":[{"href":"https:\/\/guderley.com\/index.php?rest_route=\/wp\/v2\/posts"}],"about":[{"href":"https:\/\/guderley.com\/index.php?rest_route=\/wp\/v2\/types\/post"}],"author":[{"embeddable":true,"href":"https:\/\/guderley.com\/index.php?rest_route=\/wp\/v2\/users\/2"}],"replies":[{"embeddable":true,"href":"https:\/\/guderley.com\/index.php?rest_route=%2Fwp%2Fv2%2Fcomments&post=2856"}],"version-history":[{"count":1,"href":"https:\/\/guderley.com\/index.php?rest_route=\/wp\/v2\/posts\/2856\/revisions"}],"predecessor-version":[{"id":2857,"href":"https:\/\/guderley.com\/index.php?rest_route=\/wp\/v2\/posts\/2856\/revisions\/2857"}],"wp:attachment":[{"href":"https:\/\/guderley.com\/index.php?rest_route=%2Fwp%2Fv2%2Fmedia&parent=2856"}],"wp:term":[{"taxonomy":"category","embeddable":true,"href":"https:\/\/guderley.com\/index.php?rest_route=%2Fwp%2Fv2%2Fcategories&post=2856"},{"taxonomy":"post_tag","embeddable":true,"href":"https:\/\/guderley.com\/index.php?rest_route=%2Fwp%2Fv2%2Ftags&post=2856"}],"curies":[{"name":"wp","href":"https:\/\/api.w.org\/{rel}","templated":true}]}}