{"id":2817,"date":"2015-06-18T20:38:57","date_gmt":"2015-06-18T19:38:57","guid":{"rendered":"http:\/\/guderley.com\/?p=2817"},"modified":"2015-06-18T20:55:34","modified_gmt":"2015-06-18T19:55:34","slug":"tag-22-do-18-6-2015-100-km-dielette-gesamt-2333-km","status":"publish","type":"post","link":"https:\/\/guderley.com\/?p=2817","title":{"rendered":"Tag 22 &#8211; Do 18.6.2015 &#8211; 100 km Dielette \/ Gesamt: 2333 km"},"content":{"rendered":"<p>Heute war ein Tag, wie ich ihn schon so oft auf meinen Touren erlebt habe und irgendwie macht das denke ich auch den Reiz f\u00fcr mich aus.<\/p>\n<p>Aber der Reihe nach &#8211; Als ich aufwache pl\u00e4tschert es sehr stimmungsvoll auf mein Zelt und mir ist klar, dass ich nasses Equipment einpacken werde. Also habe ich mir erstmal Zeit gelassen, da nasser als nass ja nicht geht. Mit meinem kleinen Zauberkocher habe ich mir einen Kaffee &#8222;gezaubert&#8220; und \u00fcberlegt, wie ich am intelligentesten mein &#8222;Zeug&#8220; verstaue.<\/p>\n<div class=\"separator\" style=\"clear: both; text-align: center;\"><a href=\"https:\/\/i0.wp.com\/guderley.com\/wp-content\/uploads\/2015\/06\/wpid-Photo-18.06.2015-0438.jpg\" target=\"_blank\" style=\"margin-left: 1em; margin-right: 1em;\"><img data-recalc-dims=\"1\" decoding=\"async\" src=\"https:\/\/i0.wp.com\/guderley.com\/wp-content\/uploads\/2015\/06\/wpid-Photo-18.06.2015-0438.jpg?resize=500%2C375\" id=\"blogsy-1434657270665.6802\" class=\"aligncenter\" alt=\"\" width=\"500\" height=\"375\"><\/a><\/div>\n<p>Das hat alles gut funktioniert und ich bin in der Regenausr\u00fcstung, mit \u00dcberschuhen etc. losgeradelt. Im Ort Barfleur habe ich noch einen Koffeinsto\u00df mitgenommen und auf ging&#39;s nach Cherbourg &#8211; gegen den Wind und mit Regen. Irgendwann war ich dort und der Himmel zeigte blaue L\u00fccken  und es h\u00f6rte zu regnen auf. Cherbourg ist eine lebhafte Hafenstadt &#8211; von hier gibt es u.a. t\u00e4glich Direktverbindungen nach Irland.<\/p>\n<div class=\"separator\" style=\"clear: both; text-align: center;\"><a href=\"https:\/\/i0.wp.com\/guderley.com\/wp-content\/uploads\/2015\/06\/wpid-Photo-18.06.2015-0645.jpg\" target=\"_blank\" style=\"margin-left: 1em; margin-right: 1em;\"><img data-recalc-dims=\"1\" decoding=\"async\" src=\"https:\/\/i0.wp.com\/guderley.com\/wp-content\/uploads\/2015\/06\/wpid-Photo-18.06.2015-0645.jpg?resize=500%2C375\" id=\"blogsy-1434657270675.6802\" class=\"aligncenter\" alt=\"\" width=\"500\" height=\"375\"><\/a><\/div>\n<p>Pl\u00f6tzlich \u00fcberkam mich die Lust auf etwas S\u00fc\u00dfes.<\/p>\n<p>Im Tourist Office habe ich die F\u00e4hrm\u00f6glichkeiten auf die Kanalinseln gecheckt und schon fast verworfen. Die Lady interessierte sich f\u00fcr meine Route und gab mir mit auf den Weg, dass es zum Cape La Hague sehr h\u00fcgelig werden w\u00fcrde. Sie hat nicht \u00fcbertrieben und am Ende des Tages hatte ich \u00fcber 1000 H\u00f6henmeter zusammen. Das geht nur mit einem &#8222;guten Kopf&#8220; neben den Beinen, wenn du gerade auf 130 hm angekommen bist und siehst dass es wieder auf Meeresh\u00f6he hinabgeht.<\/p>\n<div class=\"separator\" style=\"clear: both; text-align: center;\"><a href=\"https:\/\/i0.wp.com\/guderley.com\/wp-content\/uploads\/2015\/06\/wpid-Photo-18.06.2015-1146.jpg\" target=\"_blank\" style=\"margin-left: 1em; margin-right: 1em;\" title=\"\"><img data-recalc-dims=\"1\" decoding=\"async\" src=\"https:\/\/i0.wp.com\/guderley.com\/wp-content\/uploads\/2015\/06\/wpid-Photo-18.06.2015-1146.jpg?resize=500%2C375\" id=\"blogsy-1434657270739.582\" class=\"aligncenter\" alt=\"\" width=\"500\" height=\"375\"><\/a><\/div>\n<p>Gleich hinter Cherbourg &#8211; als die Sonne wirklich richtig da war &#8211; habe ich mein nasses Zeug ausgepackt und nach 20 Minuten war alles wieder trocken. In der Zeit hatte sich ein netter Franzose zu mir gesetzt, der ganz viel wissen wollte zur Ausr\u00fcstung etc., da er selbst plane einmal rund um Frankreich zu fahren.<\/p>\n<div class=\"separator\" style=\"clear: both; text-align: center;\"><a href=\"https:\/\/i0.wp.com\/guderley.com\/wp-content\/uploads\/2015\/06\/wpid-Photo-18.06.2015-0907.jpg\" target=\"_blank\" style=\"margin-left: 1em; margin-right: 1em;\"><img data-recalc-dims=\"1\" decoding=\"async\" src=\"https:\/\/i0.wp.com\/guderley.com\/wp-content\/uploads\/2015\/06\/wpid-Photo-18.06.2015-0907.jpg?resize=500%2C375\" id=\"blogsy-1434657270719.4163\" class=\"aligncenter\" alt=\"\" width=\"500\" height=\"375\"><\/a><\/div>\n<p>Es wurde ein perfekter Radtag &#8211; mit tollem Licht und frischem Wind. Faszinierend f\u00fcr mich &#8211; wie immer &#8211; wenn ich irgendwo &#8222;Lands End&#8220; erreiche Cap La Hague. Erschreckend eine fast 45 min\u00fctige Fahrt entlang der riesigen Wiederaufarbeitungsanlage La Hague &#8211; welches wie eine Trutzburg &#8211; in der Region steht.<\/p>\n<div class=\"separator\" style=\"clear: both; text-align: center;\"><a href=\"https:\/\/i0.wp.com\/guderley.com\/wp-content\/uploads\/2015\/06\/wpid-Photo-18.06.2015-1142.jpg\" target=\"_blank\" style=\"margin-left: 1em; margin-right: 1em;\"><img data-recalc-dims=\"1\" decoding=\"async\" src=\"https:\/\/i0.wp.com\/guderley.com\/wp-content\/uploads\/2015\/06\/wpid-Photo-18.06.2015-1142.jpg?resize=500%2C375\" id=\"blogsy-1434657270733.2375\" class=\"aligncenter\" alt=\"\" width=\"500\" height=\"375\"><\/a><\/div>\n<div class=\"separator\" style=\"clear: both; text-align: center;\"><a href=\"https:\/\/i0.wp.com\/guderley.com\/wp-content\/uploads\/2015\/06\/wpid-Photo-18.06.2015-1226.jpg\" target=\"_blank\" style=\"margin-left: 1em; margin-right: 1em;\"><img data-recalc-dims=\"1\" decoding=\"async\" src=\"https:\/\/i0.wp.com\/guderley.com\/wp-content\/uploads\/2015\/06\/wpid-Photo-18.06.2015-1226.jpg?resize=500%2C375\" id=\"blogsy-1434657270733.2192\" class=\"aligncenter\" alt=\"\" width=\"500\" height=\"375\"><\/a><\/div>\n<div class=\"separator\" style=\"clear: both; text-align: center;\">&nbsp;<\/div>\n<p>Ziemlich am Ende meiner Energie bin ich in dem kleinen Hafen\u00f6rtchen Dielette gelandet, habe wie gew\u00fcnscht ein Zimmer in einem kleinen und sehr alten franz\u00f6sischen Hotel &#8211; direkt am Meer und wunderbarem Blick. Ein Bett &#8211; eine warme Dusche und ein gutes Men\u00fc &#8211; a la Maison &#8211; im Restaurant.<\/p>\n<div class=\"separator\" style=\"clear: both; text-align: center;\"><a href=\"https:\/\/i0.wp.com\/guderley.com\/wp-content\/uploads\/2015\/06\/wpid-Photo-18.06.2015-1610.jpg\" target=\"_blank\" style=\"margin-left: 1em; margin-right: 1em;\"><img data-recalc-dims=\"1\" decoding=\"async\" src=\"https:\/\/i0.wp.com\/guderley.com\/wp-content\/uploads\/2015\/06\/wpid-Photo-18.06.2015-1610.jpg?resize=500%2C375\" id=\"blogsy-1434657270769.9119\" class=\"aligncenter\" alt=\"\" width=\"500\" height=\"375\"><\/a><\/div>\n<p>Aus einem Tag der ziemlich Sch&#8230;. begann ist ein wundersch\u00f6ner und m\u00e4chtig anstrengender Radtag geworden (sh. Einleitung). Manchmal gehts nat\u00fcrlich auch andersrum &#8211; aber heute war es so und prima.<\/p>\n<p>&nbsp;<\/p>\n<div style=\"text-align: right; font-size: small; clear: both;\" id=\"blogsy_footer\"><a href=\"http:\/\/blogsyapp.com\" target=\"_blank\"><img data-recalc-dims=\"1\" decoding=\"async\" src=\"https:\/\/i0.wp.com\/blogsyapp.com\/images\/blogsy_footer_icon.png?resize=20%2C20\" alt=\"Mit Blogsy ver\u00f6ffentlicht\" style=\"vertical-align: middle; margin-right: 5px;\" width=\"20\" height=\"20\" \/>Mit Blogsy ver\u00f6ffentlicht<\/a><\/div>\n","protected":false},"excerpt":{"rendered":"<p>Heute war ein Tag, wie ich ihn schon so oft auf meinen Touren erlebt habe und irgendwie macht das denke ich auch den Reiz f\u00fcr mich aus. Aber der Reihe nach &#8211; Als ich aufwache pl\u00e4tschert es sehr stimmungsvoll auf mein Zelt und mir ist klar, dass ich nasses Equipment einpacken werde. Also habe ich [&hellip;]<\/p>\n","protected":false},"author":2,"featured_media":0,"comment_status":"open","ping_status":"open","sticky":false,"template":"","format":"standard","meta":{"_jetpack_newsletter_access":"","_jetpack_dont_email_post_to_subs":false,"_jetpack_newsletter_tier_id":0,"_jetpack_memberships_contains_paywalled_content":false,"_jetpack_memberships_contains_paid_content":false,"footnotes":""},"categories":[27],"tags":[],"class_list":["post-2817","post","type-post","status-publish","format-standard","hentry","category-2015-benelux-frankreich"],"yoast_head":"<!-- This site is optimized with the Yoast SEO plugin v25.8 - https:\/\/yoast.com\/wordpress\/plugins\/seo\/ -->\n<title>Tag 22 - Do 18.6.2015 - 100 km Dielette \/ Gesamt: 2333 km - G\u00fcnter&#039;s Blog<\/title>\n<meta name=\"robots\" content=\"index, follow, max-snippet:-1, max-image-preview:large, max-video-preview:-1\" \/>\n<link rel=\"canonical\" href=\"https:\/\/guderley.com\/?p=2817\" \/>\n<meta property=\"og:locale\" content=\"de_DE\" \/>\n<meta property=\"og:type\" content=\"article\" \/>\n<meta property=\"og:title\" content=\"Tag 22 - Do 18.6.2015 - 100 km Dielette \/ Gesamt: 2333 km - G\u00fcnter&#039;s Blog\" \/>\n<meta property=\"og:description\" content=\"Heute war ein Tag, wie ich ihn schon so oft auf meinen Touren erlebt habe und irgendwie macht das denke ich auch den Reiz f\u00fcr mich aus. Aber der Reihe nach &#8211; Als ich aufwache pl\u00e4tschert es sehr stimmungsvoll auf mein Zelt und mir ist klar, dass ich nasses Equipment einpacken werde. Also habe ich [&hellip;]\" \/>\n<meta property=\"og:url\" content=\"https:\/\/guderley.com\/?p=2817\" \/>\n<meta property=\"og:site_name\" content=\"G\u00fcnter&#039;s Blog\" \/>\n<meta property=\"article:published_time\" content=\"2015-06-18T19:38:57+00:00\" \/>\n<meta property=\"article:modified_time\" content=\"2015-06-18T19:55:34+00:00\" \/>\n<meta property=\"og:image\" content=\"http:\/\/guderley.com\/wp-content\/uploads\/2015\/06\/wpid-Photo-18.06.2015-0438.jpg\" \/>\n<meta name=\"author\" content=\"guenter\" \/>\n<meta name=\"twitter:card\" content=\"summary_large_image\" \/>\n<meta name=\"twitter:label1\" content=\"Verfasst von\" \/>\n\t<meta name=\"twitter:data1\" content=\"guenter\" \/>\n\t<meta name=\"twitter:label2\" content=\"Gesch\u00e4tzte Lesezeit\" \/>\n\t<meta name=\"twitter:data2\" content=\"2\u00a0Minuten\" \/>\n<script type=\"application\/ld+json\" class=\"yoast-schema-graph\">{\"@context\":\"https:\/\/schema.org\",\"@graph\":[{\"@type\":\"Article\",\"@id\":\"https:\/\/guderley.com\/?p=2817#article\",\"isPartOf\":{\"@id\":\"https:\/\/guderley.com\/?p=2817\"},\"author\":{\"name\":\"guenter\",\"@id\":\"https:\/\/guderley.com\/#\/schema\/person\/24a827645a6fedd3481426a7028dfdcd\"},\"headline\":\"Tag 22 &#8211; Do 18.6.2015 &#8211; 100 km Dielette \/ Gesamt: 2333 km\",\"datePublished\":\"2015-06-18T19:38:57+00:00\",\"dateModified\":\"2015-06-18T19:55:34+00:00\",\"mainEntityOfPage\":{\"@id\":\"https:\/\/guderley.com\/?p=2817\"},\"wordCount\":461,\"commentCount\":0,\"publisher\":{\"@id\":\"https:\/\/guderley.com\/#\/schema\/person\/24a827645a6fedd3481426a7028dfdcd\"},\"image\":{\"@id\":\"https:\/\/guderley.com\/?p=2817#primaryimage\"},\"thumbnailUrl\":\"http:\/\/guderley.com\/wp-content\/uploads\/2015\/06\/wpid-Photo-18.06.2015-0438.jpg\",\"articleSection\":[\"2015 BENELUX - FRANKREICH\"],\"inLanguage\":\"de\",\"potentialAction\":[{\"@type\":\"CommentAction\",\"name\":\"Comment\",\"target\":[\"https:\/\/guderley.com\/?p=2817#respond\"]}]},{\"@type\":\"WebPage\",\"@id\":\"https:\/\/guderley.com\/?p=2817\",\"url\":\"https:\/\/guderley.com\/?p=2817\",\"name\":\"Tag 22 - Do 18.6.2015 - 100 km Dielette \/ Gesamt: 2333 km - G\u00fcnter&#039;s Blog\",\"isPartOf\":{\"@id\":\"https:\/\/guderley.com\/#website\"},\"primaryImageOfPage\":{\"@id\":\"https:\/\/guderley.com\/?p=2817#primaryimage\"},\"image\":{\"@id\":\"https:\/\/guderley.com\/?p=2817#primaryimage\"},\"thumbnailUrl\":\"http:\/\/guderley.com\/wp-content\/uploads\/2015\/06\/wpid-Photo-18.06.2015-0438.jpg\",\"datePublished\":\"2015-06-18T19:38:57+00:00\",\"dateModified\":\"2015-06-18T19:55:34+00:00\",\"breadcrumb\":{\"@id\":\"https:\/\/guderley.com\/?p=2817#breadcrumb\"},\"inLanguage\":\"de\",\"potentialAction\":[{\"@type\":\"ReadAction\",\"target\":[\"https:\/\/guderley.com\/?p=2817\"]}]},{\"@type\":\"ImageObject\",\"inLanguage\":\"de\",\"@id\":\"https:\/\/guderley.com\/?p=2817#primaryimage\",\"url\":\"https:\/\/i0.wp.com\/guderley.com\/wp-content\/uploads\/2015\/06\/wpid-Photo-18.06.2015-0438.jpg?fit=1024%2C768&ssl=1\",\"contentUrl\":\"https:\/\/i0.wp.com\/guderley.com\/wp-content\/uploads\/2015\/06\/wpid-Photo-18.06.2015-0438.jpg?fit=1024%2C768&ssl=1\",\"width\":1024,\"height\":768},{\"@type\":\"BreadcrumbList\",\"@id\":\"https:\/\/guderley.com\/?p=2817#breadcrumb\",\"itemListElement\":[{\"@type\":\"ListItem\",\"position\":1,\"name\":\"Startseite\",\"item\":\"https:\/\/guderley.com\/\"},{\"@type\":\"ListItem\",\"position\":2,\"name\":\"Tag 22 &#8211; Do 18.6.2015 &#8211; 100 km Dielette \/ Gesamt: 2333 km\"}]},{\"@type\":\"WebSite\",\"@id\":\"https:\/\/guderley.com\/#website\",\"url\":\"https:\/\/guderley.com\/\",\"name\":\"G\u00fcnter's Blog\",\"description\":\"Fahrrad Touren rund um die Welt\",\"publisher\":{\"@id\":\"https:\/\/guderley.com\/#\/schema\/person\/24a827645a6fedd3481426a7028dfdcd\"},\"alternateName\":\"G\u00fcnter's Blog\",\"potentialAction\":[{\"@type\":\"SearchAction\",\"target\":{\"@type\":\"EntryPoint\",\"urlTemplate\":\"https:\/\/guderley.com\/?s={search_term_string}\"},\"query-input\":{\"@type\":\"PropertyValueSpecification\",\"valueRequired\":true,\"valueName\":\"search_term_string\"}}],\"inLanguage\":\"de\"},{\"@type\":[\"Person\",\"Organization\"],\"@id\":\"https:\/\/guderley.com\/#\/schema\/person\/24a827645a6fedd3481426a7028dfdcd\",\"name\":\"guenter\",\"image\":{\"@type\":\"ImageObject\",\"inLanguage\":\"de\",\"@id\":\"https:\/\/guderley.com\/#\/schema\/person\/image\/\",\"url\":\"https:\/\/i0.wp.com\/guderley.com\/wp-content\/uploads\/img_8008-scaled.jpg?fit=1920%2C2560\",\"contentUrl\":\"https:\/\/i0.wp.com\/guderley.com\/wp-content\/uploads\/img_8008-scaled.jpg?fit=1920%2C2560\",\"width\":1920,\"height\":2560,\"caption\":\"guenter\"},\"logo\":{\"@id\":\"https:\/\/guderley.com\/#\/schema\/person\/image\/\"},\"sameAs\":[\"http:\/\/guderley.com\/blog\"],\"url\":\"https:\/\/guderley.com\/?author=2\"}]}<\/script>\n<!-- \/ Yoast SEO plugin. -->","yoast_head_json":{"title":"Tag 22 - Do 18.6.2015 - 100 km Dielette \/ Gesamt: 2333 km - G\u00fcnter&#039;s Blog","robots":{"index":"index","follow":"follow","max-snippet":"max-snippet:-1","max-image-preview":"max-image-preview:large","max-video-preview":"max-video-preview:-1"},"canonical":"https:\/\/guderley.com\/?p=2817","og_locale":"de_DE","og_type":"article","og_title":"Tag 22 - Do 18.6.2015 - 100 km Dielette \/ Gesamt: 2333 km - G\u00fcnter&#039;s Blog","og_description":"Heute war ein Tag, wie ich ihn schon so oft auf meinen Touren erlebt habe und irgendwie macht das denke ich auch den Reiz f\u00fcr mich aus. Aber der Reihe nach &#8211; Als ich aufwache pl\u00e4tschert es sehr stimmungsvoll auf mein Zelt und mir ist klar, dass ich nasses Equipment einpacken werde. Also habe ich [&hellip;]","og_url":"https:\/\/guderley.com\/?p=2817","og_site_name":"G\u00fcnter&#039;s Blog","article_published_time":"2015-06-18T19:38:57+00:00","article_modified_time":"2015-06-18T19:55:34+00:00","og_image":[{"url":"http:\/\/guderley.com\/wp-content\/uploads\/2015\/06\/wpid-Photo-18.06.2015-0438.jpg","type":"","width":"","height":""}],"author":"guenter","twitter_card":"summary_large_image","twitter_misc":{"Verfasst von":"guenter","Gesch\u00e4tzte Lesezeit":"2\u00a0Minuten"},"schema":{"@context":"https:\/\/schema.org","@graph":[{"@type":"Article","@id":"https:\/\/guderley.com\/?p=2817#article","isPartOf":{"@id":"https:\/\/guderley.com\/?p=2817"},"author":{"name":"guenter","@id":"https:\/\/guderley.com\/#\/schema\/person\/24a827645a6fedd3481426a7028dfdcd"},"headline":"Tag 22 &#8211; Do 18.6.2015 &#8211; 100 km Dielette \/ Gesamt: 2333 km","datePublished":"2015-06-18T19:38:57+00:00","dateModified":"2015-06-18T19:55:34+00:00","mainEntityOfPage":{"@id":"https:\/\/guderley.com\/?p=2817"},"wordCount":461,"commentCount":0,"publisher":{"@id":"https:\/\/guderley.com\/#\/schema\/person\/24a827645a6fedd3481426a7028dfdcd"},"image":{"@id":"https:\/\/guderley.com\/?p=2817#primaryimage"},"thumbnailUrl":"http:\/\/guderley.com\/wp-content\/uploads\/2015\/06\/wpid-Photo-18.06.2015-0438.jpg","articleSection":["2015 BENELUX - FRANKREICH"],"inLanguage":"de","potentialAction":[{"@type":"CommentAction","name":"Comment","target":["https:\/\/guderley.com\/?p=2817#respond"]}]},{"@type":"WebPage","@id":"https:\/\/guderley.com\/?p=2817","url":"https:\/\/guderley.com\/?p=2817","name":"Tag 22 - Do 18.6.2015 - 100 km Dielette \/ Gesamt: 2333 km - G\u00fcnter&#039;s Blog","isPartOf":{"@id":"https:\/\/guderley.com\/#website"},"primaryImageOfPage":{"@id":"https:\/\/guderley.com\/?p=2817#primaryimage"},"image":{"@id":"https:\/\/guderley.com\/?p=2817#primaryimage"},"thumbnailUrl":"http:\/\/guderley.com\/wp-content\/uploads\/2015\/06\/wpid-Photo-18.06.2015-0438.jpg","datePublished":"2015-06-18T19:38:57+00:00","dateModified":"2015-06-18T19:55:34+00:00","breadcrumb":{"@id":"https:\/\/guderley.com\/?p=2817#breadcrumb"},"inLanguage":"de","potentialAction":[{"@type":"ReadAction","target":["https:\/\/guderley.com\/?p=2817"]}]},{"@type":"ImageObject","inLanguage":"de","@id":"https:\/\/guderley.com\/?p=2817#primaryimage","url":"https:\/\/i0.wp.com\/guderley.com\/wp-content\/uploads\/2015\/06\/wpid-Photo-18.06.2015-0438.jpg?fit=1024%2C768&ssl=1","contentUrl":"https:\/\/i0.wp.com\/guderley.com\/wp-content\/uploads\/2015\/06\/wpid-Photo-18.06.2015-0438.jpg?fit=1024%2C768&ssl=1","width":1024,"height":768},{"@type":"BreadcrumbList","@id":"https:\/\/guderley.com\/?p=2817#breadcrumb","itemListElement":[{"@type":"ListItem","position":1,"name":"Startseite","item":"https:\/\/guderley.com\/"},{"@type":"ListItem","position":2,"name":"Tag 22 &#8211; Do 18.6.2015 &#8211; 100 km Dielette \/ Gesamt: 2333 km"}]},{"@type":"WebSite","@id":"https:\/\/guderley.com\/#website","url":"https:\/\/guderley.com\/","name":"G\u00fcnter's Blog","description":"Fahrrad Touren rund um die Welt","publisher":{"@id":"https:\/\/guderley.com\/#\/schema\/person\/24a827645a6fedd3481426a7028dfdcd"},"alternateName":"G\u00fcnter's Blog","potentialAction":[{"@type":"SearchAction","target":{"@type":"EntryPoint","urlTemplate":"https:\/\/guderley.com\/?s={search_term_string}"},"query-input":{"@type":"PropertyValueSpecification","valueRequired":true,"valueName":"search_term_string"}}],"inLanguage":"de"},{"@type":["Person","Organization"],"@id":"https:\/\/guderley.com\/#\/schema\/person\/24a827645a6fedd3481426a7028dfdcd","name":"guenter","image":{"@type":"ImageObject","inLanguage":"de","@id":"https:\/\/guderley.com\/#\/schema\/person\/image\/","url":"https:\/\/i0.wp.com\/guderley.com\/wp-content\/uploads\/img_8008-scaled.jpg?fit=1920%2C2560","contentUrl":"https:\/\/i0.wp.com\/guderley.com\/wp-content\/uploads\/img_8008-scaled.jpg?fit=1920%2C2560","width":1920,"height":2560,"caption":"guenter"},"logo":{"@id":"https:\/\/guderley.com\/#\/schema\/person\/image\/"},"sameAs":["http:\/\/guderley.com\/blog"],"url":"https:\/\/guderley.com\/?author=2"}]}},"jetpack_featured_media_url":"","jetpack_sharing_enabled":true,"jetpack_shortlink":"https:\/\/wp.me\/p9IuXF-Jr","jetpack_likes_enabled":true,"jetpack-related-posts":[{"id":5073,"url":"https:\/\/guderley.com\/?p=5073","url_meta":{"origin":2817,"position":0},"title":"MRT 2023 &#8211; 27.05. &#8211; Sa &#8211; Tag 16","author":"guenter","date":"Mai 27, 2023","format":false,"excerpt":"Hannibal MO - Kampsville IL \u2014> 106 km Gesamt: 1163 km Das Zimmer im Quality Inn war sehr gut - das Fr\u00fchst\u00fcck grausam. Bin gegen 7 Uhr nach Hanibal hinuntergefahren - allerdings mit einem 50hm Zwischenaufstieg. Im Ort habe ich mir die einschl\u00e4gigen Mark Twain-Objekte angeguckt. Der ganze Ort war\u2026","rel":"","context":"In &quot;2023 MISSISSIPPI&quot;","block_context":{"text":"2023 MISSISSIPPI","link":"https:\/\/guderley.com\/?cat=34"},"img":{"alt_text":"","src":"https:\/\/i0.wp.com\/guderley.com\/wp-content\/uploads\/img_3105.jpg?resize=350%2C200","width":350,"height":200,"srcset":"https:\/\/i0.wp.com\/guderley.com\/wp-content\/uploads\/img_3105.jpg?resize=350%2C200 1x, https:\/\/i0.wp.com\/guderley.com\/wp-content\/uploads\/img_3105.jpg?resize=525%2C300 1.5x, https:\/\/i0.wp.com\/guderley.com\/wp-content\/uploads\/img_3105.jpg?resize=700%2C400 2x, https:\/\/i0.wp.com\/guderley.com\/wp-content\/uploads\/img_3105.jpg?resize=1050%2C600 3x, https:\/\/i0.wp.com\/guderley.com\/wp-content\/uploads\/img_3105.jpg?resize=1400%2C800 4x"},"classes":[]},{"id":2801,"url":"https:\/\/guderley.com\/?p=2801","url_meta":{"origin":2817,"position":1},"title":"Tag 20 &#8211; Di 16.6.2015 &#8211; 71 km Omaha-Beach \/ Gesamt: 2124 km","author":"guenter","date":"Juni 16, 2015","format":false,"excerpt":"Beim Aufstehen habe ich gedacht \"heute habe ich nicht wirklich Lust zum Fahren\". Nach 4 km im Ortskern von Ouistreham habe ich in aller Ruhe Kaffee getrunken, mein Handy geladen (Ulli Brass hat mir dankenswerter Weise zwei hilfreiche - h\u00f6fliche Frages\u00e4tze geschickt) und bin bei bestem Wetter und kaum Wind\u2026","rel":"","context":"In &quot;2015 BENELUX - FRANKREICH&quot;","block_context":{"text":"2015 BENELUX - FRANKREICH","link":"https:\/\/guderley.com\/?cat=27"},"img":{"alt_text":"","src":"https:\/\/i0.wp.com\/guderley.com\/wp-content\/uploads\/2015\/06\/wpid-Photo-16.06.2015-0706.jpg?resize=350%2C200","width":350,"height":200},"classes":[]},{"id":3296,"url":"https:\/\/guderley.com\/?p=3296","url_meta":{"origin":2817,"position":2},"title":"Tag 19 + 20 &#8211; Di\/Mi 29.\/30.05.2018 &#8211; Twin Lake\/Fox Lake \/ 106 km \/ Gesamt: 1574 km","author":"guenter","date":"Mai 31, 2018","format":false,"excerpt":"Ich hatte in Carmacks gemerkt, dass ich in ein ziemliches Energieloch fahre. Nachdem ich keine Eile habe mein Schiff am 6.6. in Skagway zu erreichen habe ich einen entspannten Tag in dieser wunderbaren Seenlandschaft verbracht. Habe einen netten Abend mit Sherry und Paul verbracht und super gut geschlafen. Es waren\u2026","rel":"","context":"In &quot;2018 ALASKA&quot;","block_context":{"text":"2018 ALASKA","link":"https:\/\/guderley.com\/?cat=28"},"img":{"alt_text":"","src":"https:\/\/i0.wp.com\/guderley.com\/wp-content\/uploads\/WhatsApp-Image-2018-05-31-at-22.07.56.jpeg?resize=350%2C200","width":350,"height":200,"srcset":"https:\/\/i0.wp.com\/guderley.com\/wp-content\/uploads\/WhatsApp-Image-2018-05-31-at-22.07.56.jpeg?resize=350%2C200 1x, https:\/\/i0.wp.com\/guderley.com\/wp-content\/uploads\/WhatsApp-Image-2018-05-31-at-22.07.56.jpeg?resize=525%2C300 1.5x, https:\/\/i0.wp.com\/guderley.com\/wp-content\/uploads\/WhatsApp-Image-2018-05-31-at-22.07.56.jpeg?resize=700%2C400 2x"},"classes":[]},{"id":4728,"url":"https:\/\/guderley.com\/?p=4728","url_meta":{"origin":2817,"position":3},"title":"MRT 2023 &#8211; 12.05. &#8211; Fr &#8211; Tag 01","author":"guenter","date":"Mai 13, 2023","format":false,"excerpt":"Minneapolis - Afton State Park \u2014> 54 km Fr\u00fchst\u00fccke mit Dan und gehe nochmal mit Chewy eine Runde. Hole meinen \u201eBlauen Elefanten\u201c aus der Garage - gro\u00dfe Freude - das Hinterrad ist platt. Nehme einen neuen Schlauch - gegen 10:30 Uhr startet also die Missippi-Tour 2.0. Es ist bew\u00f6lkt, etwas\u2026","rel":"","context":"In &quot;2023 MISSISSIPPI&quot;","block_context":{"text":"2023 MISSISSIPPI","link":"https:\/\/guderley.com\/?cat=34"},"img":{"alt_text":"","src":"https:\/\/i0.wp.com\/guderley.com\/wp-content\/uploads\/img_2777.jpg?resize=350%2C200","width":350,"height":200,"srcset":"https:\/\/i0.wp.com\/guderley.com\/wp-content\/uploads\/img_2777.jpg?resize=350%2C200 1x, https:\/\/i0.wp.com\/guderley.com\/wp-content\/uploads\/img_2777.jpg?resize=525%2C300 1.5x, https:\/\/i0.wp.com\/guderley.com\/wp-content\/uploads\/img_2777.jpg?resize=700%2C400 2x, https:\/\/i0.wp.com\/guderley.com\/wp-content\/uploads\/img_2777.jpg?resize=1050%2C600 3x, https:\/\/i0.wp.com\/guderley.com\/wp-content\/uploads\/img_2777.jpg?resize=1400%2C800 4x"},"classes":[]},{"id":2808,"url":"https:\/\/guderley.com\/?p=2808","url_meta":{"origin":2817,"position":4},"title":"Tag 21 &#8211; Mi 17. Juni 2015 &#8211; 109 km Barfleur \/ Gesamt:  2233 km","author":"guenter","date":"Juni 18, 2015","format":false,"excerpt":"Drei Wochen bin ich jetzt bereits unterwegs und manchmal bringe ich die Stationen garnicht mehr zusammen, da helfen mir mein Tagebuch und der Blog wieder auf die Spr\u00fcnge.Gleich nach dem Losfahren heute morgen - ich bin erst um 8:30 Uhr aufgewacht - habe ich einen Abstecher zur Pointe du Hoc\u2026","rel":"","context":"In &quot;2015 BENELUX - FRANKREICH&quot;","block_context":{"text":"2015 BENELUX - FRANKREICH","link":"https:\/\/guderley.com\/?cat=27"},"img":{"alt_text":"","src":"https:\/\/i0.wp.com\/guderley.com\/wp-content\/uploads\/2015\/06\/wpid-Photo-17.06.2015-0545.jpg?resize=350%2C200","width":350,"height":200},"classes":[]},{"id":1718,"url":"https:\/\/guderley.com\/?p=1718","url_meta":{"origin":2817,"position":5},"title":"G\u00f6teborg \/ Schweden  &#8211;  Tag 8  &#8211;  Montag, 20. Mai","author":"guenter","date":"Mai 20, 2013","format":false,"excerpt":"Nach sehr angenehmer und ruhiger \u00dcberfahrt bin ich p\u00fcnktlich in G\u00f6teborg angekommen. Meine Kabine teilte ich mir mit einem sehr netten norwegischen Motorradfahrer, der gerade von einem Motorradtrip von Molde nach Istanbul auf dem Heimweg ist. Es beruhigt mich immer, dass es auch in anderen \"Disziplinen\" Verr\u00fcckte gibt. \u00a0 Wie\u2026","rel":"","context":"In &quot;2013 NORDKAPP&quot;","block_context":{"text":"2013 NORDKAPP","link":"https:\/\/guderley.com\/?cat=23"},"img":{"alt_text":"","src":"https:\/\/i0.wp.com\/guderley.com\/wp-content\/uploads\/2013\/05\/wpid-Photo-20.05.2013-0912.jpg?resize=350%2C200","width":350,"height":200},"classes":[]}],"_links":{"self":[{"href":"https:\/\/guderley.com\/index.php?rest_route=\/wp\/v2\/posts\/2817","targetHints":{"allow":["GET"]}}],"collection":[{"href":"https:\/\/guderley.com\/index.php?rest_route=\/wp\/v2\/posts"}],"about":[{"href":"https:\/\/guderley.com\/index.php?rest_route=\/wp\/v2\/types\/post"}],"author":[{"embeddable":true,"href":"https:\/\/guderley.com\/index.php?rest_route=\/wp\/v2\/users\/2"}],"replies":[{"embeddable":true,"href":"https:\/\/guderley.com\/index.php?rest_route=%2Fwp%2Fv2%2Fcomments&post=2817"}],"version-history":[{"count":2,"href":"https:\/\/guderley.com\/index.php?rest_route=\/wp\/v2\/posts\/2817\/revisions"}],"predecessor-version":[{"id":2819,"href":"https:\/\/guderley.com\/index.php?rest_route=\/wp\/v2\/posts\/2817\/revisions\/2819"}],"wp:attachment":[{"href":"https:\/\/guderley.com\/index.php?rest_route=%2Fwp%2Fv2%2Fmedia&parent=2817"}],"wp:term":[{"taxonomy":"category","embeddable":true,"href":"https:\/\/guderley.com\/index.php?rest_route=%2Fwp%2Fv2%2Fcategories&post=2817"},{"taxonomy":"post_tag","embeddable":true,"href":"https:\/\/guderley.com\/index.php?rest_route=%2Fwp%2Fv2%2Ftags&post=2817"}],"curies":[{"name":"wp","href":"https:\/\/api.w.org\/{rel}","templated":true}]}}