{"id":2808,"date":"2015-06-18T07:29:56","date_gmt":"2015-06-18T06:29:56","guid":{"rendered":"http:\/\/guderley.com\/?p=2808"},"modified":"2015-06-18T07:29:57","modified_gmt":"2015-06-18T06:29:57","slug":"tag-21-mi-17-juni-2015-109-km-barfleur-gesamt-2233-km","status":"publish","type":"post","link":"https:\/\/guderley.com\/?p=2808","title":{"rendered":"Tag 21 &#8211; Mi 17. Juni 2015 &#8211; 109 km Barfleur \/ Gesamt:  2233 km"},"content":{"rendered":"<p>Drei Wochen bin ich jetzt bereits unterwegs und manchmal bringe ich die Stationen garnicht mehr zusammen, da helfen mir mein Tagebuch und der Blog wieder auf die Spr\u00fcnge.<\/p>\n<div class=\"separator\" style=\"clear: both; text-align: center;\"><a href=\"https:\/\/i0.wp.com\/guderley.com\/wp-content\/uploads\/2015\/06\/wpid-Photo-17.06.2015-0545.jpg\" target=\"_blank\" style=\"margin-left: 1em; margin-right: 1em;\"><img data-recalc-dims=\"1\" decoding=\"async\" src=\"https:\/\/i0.wp.com\/guderley.com\/wp-content\/uploads\/2015\/06\/wpid-Photo-17.06.2015-0545.jpg?resize=500%2C375\" id=\"blogsy-1434608995963.937\" class=\"aligncenter\" alt=\"\" width=\"500\" height=\"375\"><\/a><\/div>\n<p>Gleich nach dem Losfahren heute morgen &#8211; ich bin erst um 8:30 Uhr aufgewacht &#8211; habe ich einen Abstecher zur Pointe du Hoc gefahren. Alle wichtigen Pl\u00e4tze an den Landungsk\u00fcsten sind touristisch perfekt aufbereitet. Es gibt Doku-Zentren, Museen und mehrsprachige Erkl\u00e4rungstafeln und Brosch\u00fcren, so dass sich jeder Besucher mit unterschiedlicher Tiefe informieren kann. Die Erst\u00fcrmung der strategisch eminent wichtigen Pointe du Hoc ist ein milit\u00e4risches Meisterst\u00fcck der US-Amerikaner gewesen und hatte einen hohen Preis an Menschenleben gefordert.<\/p>\n<div class=\"separator\" style=\"clear: both; text-align: center;\"><a href=\"https:\/\/i0.wp.com\/guderley.com\/wp-content\/uploads\/2015\/06\/wpid-Photo-18.06.2015-0826.jpg\" target=\"_blank\" style=\"margin-left: 1em; margin-right: 1em;\"><img data-recalc-dims=\"1\" decoding=\"async\" src=\"https:\/\/i0.wp.com\/guderley.com\/wp-content\/uploads\/2015\/06\/wpid-Photo-18.06.2015-0826.jpg?resize=500%2C667\" id=\"blogsy-1434608996008.591\" class=\"aligncenter\" alt=\"\" width=\"500\" height=\"667\"><\/a><\/div>\n<p>Einige Kilometer weiter habe ich das westliche Ende des D-Day-Gel\u00e4ndes mit dem Utah-Beach erreicht. Im Verlauf sp\u00fcrte ich dies am wieder abnehmenden Verkehr und ich kam ins D\u00e9partement Manche, welches auch noch zur Basse-Normandie geh\u00f6rt.<\/p>\n<p>In Isigny-sur-Mer war Wochenmarkt und es wurden riesige normannische Bratw\u00fcrste gebrutzelt, da musste eine her. Mega lecker, nur der Senf war so scharf, dass mir die Tr\u00e4nen kamen. In den Nachmittag hinein musste ich durch h\u00e4ufiges Aufsuchen der Geb\u00fcsche dieser Region, der Wurst &#8211; oder dem Senf &#8211; meinen Tribut zollen. <\/p>\n<div class=\"separator\" style=\"clear: both; text-align: center;\"><a href=\"https:\/\/i0.wp.com\/guderley.com\/wp-content\/uploads\/2015\/06\/wpid-Photo-17.06.2015-0716.jpg\" target=\"_blank\" style=\"margin-left: 1em; margin-right: 1em;\"><img data-recalc-dims=\"1\" decoding=\"async\" src=\"https:\/\/i0.wp.com\/guderley.com\/wp-content\/uploads\/2015\/06\/wpid-Photo-17.06.2015-0716.jpg?resize=500%2C375\" id=\"blogsy-1434608995963.6956\" class=\"aligncenter\" alt=\"\" width=\"500\" height=\"375\"><\/a><\/div>\n<p>Es gibt einen &#8222;Eurovelo-Weg Nr. 4&#8220; der von der Bretagne bis glaube ich nach Russland f\u00fchrt. Bisher hatte ich noch keine Markierung dazu gesehen, hier in der Manche fand ich erstmals das Wegzeichen.<\/p>\n<div class=\"separator\" style=\"clear: both; text-align: center;\"><a href=\"https:\/\/i0.wp.com\/guderley.com\/wp-content\/uploads\/2015\/06\/wpid-Photo-17.06.2015-0902.jpg\" target=\"_blank\" style=\"margin-left: 1em; margin-right: 1em;\"><img data-recalc-dims=\"1\" decoding=\"async\" src=\"https:\/\/i0.wp.com\/guderley.com\/wp-content\/uploads\/2015\/06\/wpid-Photo-17.06.2015-0902.jpg?resize=500%2C375\" id=\"blogsy-1434608995977.208\" class=\"aligncenter\" alt=\"\" width=\"500\" height=\"375\"><\/a><\/div>\n<p>Ich nutzte den Tag und die Sonne bis gegen 20 Uhr, dann hatte ich Lust auf ein Chambre d&#39;Hotes, die Lady hatte aber noch keine Lust auf einen Gast und erkl\u00e4rte mir &#8211; vor sichtbar unbelebtem Haus &#8211; sie w\u00e4re ausgebucht. Ein schnuckeliges Hotel mit Meerblick fand ich in Barfleur auch nicht, so dass ich mit dem Camping Municipal zufrieden war. Blitzblanke Sanit\u00e4ranlagen und eine herrliche Dusche und mein 21. Radtag ging im Zelt zu Ende.<\/p>\n<div class=\"separator\" style=\"clear: both; text-align: center;\"><a href=\"https:\/\/i0.wp.com\/guderley.com\/wp-content\/uploads\/2015\/06\/wpid-Photo-17.06.2015-1433.jpg\" target=\"_blank\" style=\"margin-left: 1em; margin-right: 1em;\"><img data-recalc-dims=\"1\" decoding=\"async\" src=\"https:\/\/i0.wp.com\/guderley.com\/wp-content\/uploads\/2015\/06\/wpid-Photo-17.06.2015-1433.jpg?resize=500%2C375\" id=\"blogsy-1434608996036.5002\" class=\"aligncenter\" width=\"500\" height=\"375\" alt=\"\"><\/a><\/div>\n<p>Leider hat es jetzt am Morgen zu regnen angefangen und es sieht so aus als ob ich erstmals auf der Tour nasse Ausr\u00fcstung einpacken werde &#8211; jetzt um acht Uhr bleibe ich erst nochmal gem\u00fctlich im warmen Schlafsack. Mal sehen wie sich der erste Tag der vierten Radwoche auf dem Weg nach Cherbourg entwickelt. <\/p>\n<p>&nbsp;<\/p>\n<div style=\"text-align: right; font-size: small; clear: both;\" id=\"blogsy_footer\"><a href=\"http:\/\/blogsyapp.com\" target=\"_blank\"><img data-recalc-dims=\"1\" decoding=\"async\" src=\"https:\/\/i0.wp.com\/blogsyapp.com\/images\/blogsy_footer_icon.png?resize=20%2C20\" alt=\"Mit Blogsy ver\u00f6ffentlicht\" style=\"vertical-align: middle; margin-right: 5px;\" width=\"20\" height=\"20\" \/>Mit Blogsy ver\u00f6ffentlicht<\/a><\/div>\n","protected":false},"excerpt":{"rendered":"<p>Drei Wochen bin ich jetzt bereits unterwegs und manchmal bringe ich die Stationen garnicht mehr zusammen, da helfen mir mein Tagebuch und der Blog wieder auf die Spr\u00fcnge. Gleich nach dem Losfahren heute morgen &#8211; ich bin erst um 8:30 Uhr aufgewacht &#8211; habe ich einen Abstecher zur Pointe du Hoc gefahren. Alle wichtigen Pl\u00e4tze [&hellip;]<\/p>\n","protected":false},"author":2,"featured_media":0,"comment_status":"open","ping_status":"open","sticky":false,"template":"","format":"standard","meta":{"_jetpack_newsletter_access":"","_jetpack_dont_email_post_to_subs":false,"_jetpack_newsletter_tier_id":0,"_jetpack_memberships_contains_paywalled_content":false,"_jetpack_memberships_contains_paid_content":false,"footnotes":""},"categories":[27],"tags":[],"class_list":["post-2808","post","type-post","status-publish","format-standard","hentry","category-2015-benelux-frankreich"],"yoast_head":"<!-- This site is optimized with the Yoast SEO plugin v25.8 - https:\/\/yoast.com\/wordpress\/plugins\/seo\/ -->\n<title>Tag 21 - Mi 17. Juni 2015 - 109 km Barfleur \/ Gesamt: 2233 km - G\u00fcnter&#039;s Blog<\/title>\n<meta name=\"robots\" content=\"index, follow, max-snippet:-1, max-image-preview:large, max-video-preview:-1\" \/>\n<link rel=\"canonical\" href=\"https:\/\/guderley.com\/?p=2808\" \/>\n<meta property=\"og:locale\" content=\"de_DE\" \/>\n<meta property=\"og:type\" content=\"article\" \/>\n<meta property=\"og:title\" content=\"Tag 21 - Mi 17. Juni 2015 - 109 km Barfleur \/ Gesamt: 2233 km - G\u00fcnter&#039;s Blog\" \/>\n<meta property=\"og:description\" content=\"Drei Wochen bin ich jetzt bereits unterwegs und manchmal bringe ich die Stationen garnicht mehr zusammen, da helfen mir mein Tagebuch und der Blog wieder auf die Spr\u00fcnge. Gleich nach dem Losfahren heute morgen &#8211; ich bin erst um 8:30 Uhr aufgewacht &#8211; habe ich einen Abstecher zur Pointe du Hoc gefahren. Alle wichtigen Pl\u00e4tze [&hellip;]\" \/>\n<meta property=\"og:url\" content=\"https:\/\/guderley.com\/?p=2808\" \/>\n<meta property=\"og:site_name\" content=\"G\u00fcnter&#039;s Blog\" \/>\n<meta property=\"article:published_time\" content=\"2015-06-18T06:29:56+00:00\" \/>\n<meta property=\"article:modified_time\" content=\"2015-06-18T06:29:57+00:00\" \/>\n<meta property=\"og:image\" content=\"http:\/\/guderley.com\/wp-content\/uploads\/2015\/06\/wpid-Photo-17.06.2015-0545.jpg\" \/>\n<meta name=\"author\" content=\"guenter\" \/>\n<meta name=\"twitter:card\" content=\"summary_large_image\" \/>\n<meta name=\"twitter:label1\" content=\"Verfasst von\" \/>\n\t<meta name=\"twitter:data1\" content=\"guenter\" \/>\n\t<meta name=\"twitter:label2\" content=\"Gesch\u00e4tzte Lesezeit\" \/>\n\t<meta name=\"twitter:data2\" content=\"2\u00a0Minuten\" \/>\n<script type=\"application\/ld+json\" class=\"yoast-schema-graph\">{\"@context\":\"https:\/\/schema.org\",\"@graph\":[{\"@type\":\"Article\",\"@id\":\"https:\/\/guderley.com\/?p=2808#article\",\"isPartOf\":{\"@id\":\"https:\/\/guderley.com\/?p=2808\"},\"author\":{\"name\":\"guenter\",\"@id\":\"https:\/\/guderley.com\/#\/schema\/person\/24a827645a6fedd3481426a7028dfdcd\"},\"headline\":\"Tag 21 &#8211; Mi 17. Juni 2015 &#8211; 109 km Barfleur \/ Gesamt: 2233 km\",\"datePublished\":\"2015-06-18T06:29:56+00:00\",\"dateModified\":\"2015-06-18T06:29:57+00:00\",\"mainEntityOfPage\":{\"@id\":\"https:\/\/guderley.com\/?p=2808\"},\"wordCount\":387,\"commentCount\":1,\"publisher\":{\"@id\":\"https:\/\/guderley.com\/#\/schema\/person\/24a827645a6fedd3481426a7028dfdcd\"},\"image\":{\"@id\":\"https:\/\/guderley.com\/?p=2808#primaryimage\"},\"thumbnailUrl\":\"http:\/\/guderley.com\/wp-content\/uploads\/2015\/06\/wpid-Photo-17.06.2015-0545.jpg\",\"articleSection\":[\"2015 BENELUX - FRANKREICH\"],\"inLanguage\":\"de\",\"potentialAction\":[{\"@type\":\"CommentAction\",\"name\":\"Comment\",\"target\":[\"https:\/\/guderley.com\/?p=2808#respond\"]}]},{\"@type\":\"WebPage\",\"@id\":\"https:\/\/guderley.com\/?p=2808\",\"url\":\"https:\/\/guderley.com\/?p=2808\",\"name\":\"Tag 21 - Mi 17. Juni 2015 - 109 km Barfleur \/ Gesamt: 2233 km - G\u00fcnter&#039;s Blog\",\"isPartOf\":{\"@id\":\"https:\/\/guderley.com\/#website\"},\"primaryImageOfPage\":{\"@id\":\"https:\/\/guderley.com\/?p=2808#primaryimage\"},\"image\":{\"@id\":\"https:\/\/guderley.com\/?p=2808#primaryimage\"},\"thumbnailUrl\":\"http:\/\/guderley.com\/wp-content\/uploads\/2015\/06\/wpid-Photo-17.06.2015-0545.jpg\",\"datePublished\":\"2015-06-18T06:29:56+00:00\",\"dateModified\":\"2015-06-18T06:29:57+00:00\",\"breadcrumb\":{\"@id\":\"https:\/\/guderley.com\/?p=2808#breadcrumb\"},\"inLanguage\":\"de\",\"potentialAction\":[{\"@type\":\"ReadAction\",\"target\":[\"https:\/\/guderley.com\/?p=2808\"]}]},{\"@type\":\"ImageObject\",\"inLanguage\":\"de\",\"@id\":\"https:\/\/guderley.com\/?p=2808#primaryimage\",\"url\":\"https:\/\/i0.wp.com\/guderley.com\/wp-content\/uploads\/2015\/06\/wpid-Photo-17.06.2015-0545.jpg?fit=1024%2C768&ssl=1\",\"contentUrl\":\"https:\/\/i0.wp.com\/guderley.com\/wp-content\/uploads\/2015\/06\/wpid-Photo-17.06.2015-0545.jpg?fit=1024%2C768&ssl=1\",\"width\":1024,\"height\":768},{\"@type\":\"BreadcrumbList\",\"@id\":\"https:\/\/guderley.com\/?p=2808#breadcrumb\",\"itemListElement\":[{\"@type\":\"ListItem\",\"position\":1,\"name\":\"Startseite\",\"item\":\"https:\/\/guderley.com\/\"},{\"@type\":\"ListItem\",\"position\":2,\"name\":\"Tag 21 &#8211; Mi 17. Juni 2015 &#8211; 109 km Barfleur \/ Gesamt: 2233 km\"}]},{\"@type\":\"WebSite\",\"@id\":\"https:\/\/guderley.com\/#website\",\"url\":\"https:\/\/guderley.com\/\",\"name\":\"G\u00fcnter's Blog\",\"description\":\"Fahrrad Touren rund um die Welt\",\"publisher\":{\"@id\":\"https:\/\/guderley.com\/#\/schema\/person\/24a827645a6fedd3481426a7028dfdcd\"},\"alternateName\":\"G\u00fcnter's Blog\",\"potentialAction\":[{\"@type\":\"SearchAction\",\"target\":{\"@type\":\"EntryPoint\",\"urlTemplate\":\"https:\/\/guderley.com\/?s={search_term_string}\"},\"query-input\":{\"@type\":\"PropertyValueSpecification\",\"valueRequired\":true,\"valueName\":\"search_term_string\"}}],\"inLanguage\":\"de\"},{\"@type\":[\"Person\",\"Organization\"],\"@id\":\"https:\/\/guderley.com\/#\/schema\/person\/24a827645a6fedd3481426a7028dfdcd\",\"name\":\"guenter\",\"image\":{\"@type\":\"ImageObject\",\"inLanguage\":\"de\",\"@id\":\"https:\/\/guderley.com\/#\/schema\/person\/image\/\",\"url\":\"https:\/\/i0.wp.com\/guderley.com\/wp-content\/uploads\/img_8008-scaled.jpg?fit=1920%2C2560\",\"contentUrl\":\"https:\/\/i0.wp.com\/guderley.com\/wp-content\/uploads\/img_8008-scaled.jpg?fit=1920%2C2560\",\"width\":1920,\"height\":2560,\"caption\":\"guenter\"},\"logo\":{\"@id\":\"https:\/\/guderley.com\/#\/schema\/person\/image\/\"},\"sameAs\":[\"http:\/\/guderley.com\/blog\"],\"url\":\"https:\/\/guderley.com\/?author=2\"}]}<\/script>\n<!-- \/ Yoast SEO plugin. -->","yoast_head_json":{"title":"Tag 21 - Mi 17. Juni 2015 - 109 km Barfleur \/ Gesamt: 2233 km - G\u00fcnter&#039;s Blog","robots":{"index":"index","follow":"follow","max-snippet":"max-snippet:-1","max-image-preview":"max-image-preview:large","max-video-preview":"max-video-preview:-1"},"canonical":"https:\/\/guderley.com\/?p=2808","og_locale":"de_DE","og_type":"article","og_title":"Tag 21 - Mi 17. Juni 2015 - 109 km Barfleur \/ Gesamt: 2233 km - G\u00fcnter&#039;s Blog","og_description":"Drei Wochen bin ich jetzt bereits unterwegs und manchmal bringe ich die Stationen garnicht mehr zusammen, da helfen mir mein Tagebuch und der Blog wieder auf die Spr\u00fcnge. Gleich nach dem Losfahren heute morgen &#8211; ich bin erst um 8:30 Uhr aufgewacht &#8211; habe ich einen Abstecher zur Pointe du Hoc gefahren. Alle wichtigen Pl\u00e4tze [&hellip;]","og_url":"https:\/\/guderley.com\/?p=2808","og_site_name":"G\u00fcnter&#039;s Blog","article_published_time":"2015-06-18T06:29:56+00:00","article_modified_time":"2015-06-18T06:29:57+00:00","og_image":[{"url":"http:\/\/guderley.com\/wp-content\/uploads\/2015\/06\/wpid-Photo-17.06.2015-0545.jpg","type":"","width":"","height":""}],"author":"guenter","twitter_card":"summary_large_image","twitter_misc":{"Verfasst von":"guenter","Gesch\u00e4tzte Lesezeit":"2\u00a0Minuten"},"schema":{"@context":"https:\/\/schema.org","@graph":[{"@type":"Article","@id":"https:\/\/guderley.com\/?p=2808#article","isPartOf":{"@id":"https:\/\/guderley.com\/?p=2808"},"author":{"name":"guenter","@id":"https:\/\/guderley.com\/#\/schema\/person\/24a827645a6fedd3481426a7028dfdcd"},"headline":"Tag 21 &#8211; Mi 17. Juni 2015 &#8211; 109 km Barfleur \/ Gesamt: 2233 km","datePublished":"2015-06-18T06:29:56+00:00","dateModified":"2015-06-18T06:29:57+00:00","mainEntityOfPage":{"@id":"https:\/\/guderley.com\/?p=2808"},"wordCount":387,"commentCount":1,"publisher":{"@id":"https:\/\/guderley.com\/#\/schema\/person\/24a827645a6fedd3481426a7028dfdcd"},"image":{"@id":"https:\/\/guderley.com\/?p=2808#primaryimage"},"thumbnailUrl":"http:\/\/guderley.com\/wp-content\/uploads\/2015\/06\/wpid-Photo-17.06.2015-0545.jpg","articleSection":["2015 BENELUX - FRANKREICH"],"inLanguage":"de","potentialAction":[{"@type":"CommentAction","name":"Comment","target":["https:\/\/guderley.com\/?p=2808#respond"]}]},{"@type":"WebPage","@id":"https:\/\/guderley.com\/?p=2808","url":"https:\/\/guderley.com\/?p=2808","name":"Tag 21 - Mi 17. Juni 2015 - 109 km Barfleur \/ Gesamt: 2233 km - G\u00fcnter&#039;s Blog","isPartOf":{"@id":"https:\/\/guderley.com\/#website"},"primaryImageOfPage":{"@id":"https:\/\/guderley.com\/?p=2808#primaryimage"},"image":{"@id":"https:\/\/guderley.com\/?p=2808#primaryimage"},"thumbnailUrl":"http:\/\/guderley.com\/wp-content\/uploads\/2015\/06\/wpid-Photo-17.06.2015-0545.jpg","datePublished":"2015-06-18T06:29:56+00:00","dateModified":"2015-06-18T06:29:57+00:00","breadcrumb":{"@id":"https:\/\/guderley.com\/?p=2808#breadcrumb"},"inLanguage":"de","potentialAction":[{"@type":"ReadAction","target":["https:\/\/guderley.com\/?p=2808"]}]},{"@type":"ImageObject","inLanguage":"de","@id":"https:\/\/guderley.com\/?p=2808#primaryimage","url":"https:\/\/i0.wp.com\/guderley.com\/wp-content\/uploads\/2015\/06\/wpid-Photo-17.06.2015-0545.jpg?fit=1024%2C768&ssl=1","contentUrl":"https:\/\/i0.wp.com\/guderley.com\/wp-content\/uploads\/2015\/06\/wpid-Photo-17.06.2015-0545.jpg?fit=1024%2C768&ssl=1","width":1024,"height":768},{"@type":"BreadcrumbList","@id":"https:\/\/guderley.com\/?p=2808#breadcrumb","itemListElement":[{"@type":"ListItem","position":1,"name":"Startseite","item":"https:\/\/guderley.com\/"},{"@type":"ListItem","position":2,"name":"Tag 21 &#8211; Mi 17. Juni 2015 &#8211; 109 km Barfleur \/ Gesamt: 2233 km"}]},{"@type":"WebSite","@id":"https:\/\/guderley.com\/#website","url":"https:\/\/guderley.com\/","name":"G\u00fcnter's Blog","description":"Fahrrad Touren rund um die Welt","publisher":{"@id":"https:\/\/guderley.com\/#\/schema\/person\/24a827645a6fedd3481426a7028dfdcd"},"alternateName":"G\u00fcnter's Blog","potentialAction":[{"@type":"SearchAction","target":{"@type":"EntryPoint","urlTemplate":"https:\/\/guderley.com\/?s={search_term_string}"},"query-input":{"@type":"PropertyValueSpecification","valueRequired":true,"valueName":"search_term_string"}}],"inLanguage":"de"},{"@type":["Person","Organization"],"@id":"https:\/\/guderley.com\/#\/schema\/person\/24a827645a6fedd3481426a7028dfdcd","name":"guenter","image":{"@type":"ImageObject","inLanguage":"de","@id":"https:\/\/guderley.com\/#\/schema\/person\/image\/","url":"https:\/\/i0.wp.com\/guderley.com\/wp-content\/uploads\/img_8008-scaled.jpg?fit=1920%2C2560","contentUrl":"https:\/\/i0.wp.com\/guderley.com\/wp-content\/uploads\/img_8008-scaled.jpg?fit=1920%2C2560","width":1920,"height":2560,"caption":"guenter"},"logo":{"@id":"https:\/\/guderley.com\/#\/schema\/person\/image\/"},"sameAs":["http:\/\/guderley.com\/blog"],"url":"https:\/\/guderley.com\/?author=2"}]}},"jetpack_featured_media_url":"","jetpack_sharing_enabled":true,"jetpack_shortlink":"https:\/\/wp.me\/p9IuXF-Ji","jetpack_likes_enabled":true,"jetpack-related-posts":[{"id":1410,"url":"https:\/\/guderley.com\/?p=1410","url_meta":{"origin":2808,"position":0},"title":"4.8.  P\u00e4rnu \/ Estland &#8211; 19. Tag &#8211; km 1656","author":"guenter","date":"August 4, 2012","format":false,"excerpt":"Die Wolken hingen sehr tief als ich aus dem Hof hinausrollte. Von den Anwohnern war noch nichts zu h\u00f6ren und zu sehen. Ich hatte jetzt zwei Probleme. Das erste und dringlichste war die Frage, wie bekomme ich meine Sachen wieder trocken ? und das zweite, ein bisschen weniger wichtig aber\u2026","rel":"","context":"In &quot;2012 BALTIKUM&quot;","block_context":{"text":"2012 BALTIKUM","link":"https:\/\/guderley.com\/?cat=22"},"img":{"alt_text":"","src":"https:\/\/i0.wp.com\/guderley.com\/wp-content\/uploads\/2012\/08\/wpid-Photo-04.08.2012-0921.jpg?resize=350%2C200","width":350,"height":200},"classes":[]},{"id":2793,"url":"https:\/\/guderley.com\/?p=2793","url_meta":{"origin":2808,"position":1},"title":"Tag 19 &#8211; Mo 15.6.2015 &#8211; 98 km B\u00e9nouville \/ Gesamt: 2054 km","author":"guenter","date":"Juni 16, 2015","format":false,"excerpt":"Der Start in den Tag geht im Hotel etwas weniger aufw\u00e4ndig - als im Zelt. Das erste Ziel f\u00fcr heute war, die Pont de Normandie, eine imposante Schr\u00e4gseilbr\u00fccke, als Radfahrer zu erreichen. Klar war es gibt eine - wenn auch schmale - Radspur um hin\u00fcber auf die andere Seite der\u2026","rel":"","context":"In &quot;2015 BENELUX - FRANKREICH&quot;","block_context":{"text":"2015 BENELUX - FRANKREICH","link":"https:\/\/guderley.com\/?cat=27"},"img":{"alt_text":"","src":"https:\/\/i0.wp.com\/guderley.com\/wp-content\/uploads\/2015\/06\/wpid-Photo-15.06.2015-0716.jpg?resize=350%2C200","width":350,"height":200},"classes":[]},{"id":3223,"url":"https:\/\/guderley.com\/?p=3223","url_meta":{"origin":2808,"position":2},"title":"Tag 12 &#8211; Di 22.05.2018 &#8211; Tok  \/ 43 km \/ Gesamt:  1001 km","author":"guenter","date":"Mai 23, 2018","format":false,"excerpt":"Aktuell bin ich in Tok - einer wichtigen Junction in Alaska. Hier geht es weiter s\u00fcdlich nach Kanada und \u00f6stlich wieder nach Anchorage. Kurz hinter Tok zweigt der Taylor Highway ab, auf welchem ich in Richtung Chicken - kanadische Grenze und sp\u00e4ter nach Dawson City am Yukon fahren werde. Im\u2026","rel":"","context":"In &quot;2018 ALASKA&quot;","block_context":{"text":"2018 ALASKA","link":"https:\/\/guderley.com\/?cat=28"},"img":{"alt_text":"","src":"https:\/\/i0.wp.com\/guderley.com\/wp-content\/uploads\/WhatsApp-Image-2018-05-23-at-02.36.08.jpeg?resize=350%2C200","width":350,"height":200,"srcset":"https:\/\/i0.wp.com\/guderley.com\/wp-content\/uploads\/WhatsApp-Image-2018-05-23-at-02.36.08.jpeg?resize=350%2C200 1x, https:\/\/i0.wp.com\/guderley.com\/wp-content\/uploads\/WhatsApp-Image-2018-05-23-at-02.36.08.jpeg?resize=525%2C300 1.5x, https:\/\/i0.wp.com\/guderley.com\/wp-content\/uploads\/WhatsApp-Image-2018-05-23-at-02.36.08.jpeg?resize=700%2C400 2x"},"classes":[]},{"id":2856,"url":"https:\/\/guderley.com\/?p=2856","url_meta":{"origin":2808,"position":3},"title":"Tag 27 &#8211; Di 23. Juni 2015 &#8211; 132 km Corsept \/ Gesamt:  2875 km","author":"guenter","date":"Juni 23, 2015","format":false,"excerpt":"Direkt am Hotel du Ch\u00e2teau bin ich um 9 Uhr auf den Radweg am Kanal Nantes - Brest gerollt. 50 km flaches Fahren und lockeres Pedalieren waren die n\u00e4chsten Stunden angesagt. Ein Genuss bei strahlendem Sonnenschein und keinem Wind.Kurz vor Redon stritten sich zwei Geister in meinem Kopf - am\u2026","rel":"","context":"In &quot;2015 BENELUX - FRANKREICH&quot;","block_context":{"text":"2015 BENELUX - FRANKREICH","link":"https:\/\/guderley.com\/?cat=27"},"img":{"alt_text":"","src":"https:\/\/i0.wp.com\/guderley.com\/wp-content\/uploads\/2015\/06\/wpid-Photo-23.06.2015-0406.jpg?resize=350%2C200","width":350,"height":200},"classes":[]},{"id":1905,"url":"https:\/\/guderley.com\/?p=1905","url_meta":{"origin":2808,"position":4},"title":"Meselefors  &#8211;  Tag 23  &#8211;  Dienstag, 4. Juni","author":"guenter","date":"Juni 4, 2013","format":false,"excerpt":"119 km \/ 546 hm \/ 7:43 h - Gesamt 2269 km \/ 13131 hm \/ 139:28 h Sch\u00f6ner Start in den Tag mit einem ausgiebigen Fr\u00fchst\u00fcck und einem intensiven Gespr\u00e4ch mit Jennifer der Inhaberin des B & B. Gegen 8:30 Uhr starte ich einen wieder sehr kalten (8 Grad)\u2026","rel":"","context":"In &quot;2013 NORDKAPP&quot;","block_context":{"text":"2013 NORDKAPP","link":"https:\/\/guderley.com\/?cat=23"},"img":{"alt_text":"","src":"https:\/\/i0.wp.com\/guderley.com\/wp-content\/uploads\/2013\/06\/wpid-Photo-04.06.2013-1121.jpg?resize=350%2C200","width":350,"height":200},"classes":[]},{"id":2674,"url":"https:\/\/guderley.com\/?p=2674","url_meta":{"origin":2808,"position":5},"title":"Tag 2  &#8211;  Fr 29. Mai 2015  \/  111 km R\u00fcdesheim &#8211; Bad Breisig  \/  Gesamt:  245 km","author":"guenter","date":"Mai 29, 2015","format":false,"excerpt":"Die erste Nacht im Zelt war trocken und hat meinem gequ\u00e4lten K\u00f6rper sehr gut getan. Die Routinen beim Zeltauf- und abbau sind noch nicht effizient; ich denke das gibt sich in den kommenden Tagen.Mit der Autof\u00e4hre von R\u00fcdesheim nach Bingen bin ich in einen sonnigen Morgen gestartet. Dieser Teil des\u2026","rel":"","context":"In &quot;2015 BENELUX - FRANKREICH&quot;","block_context":{"text":"2015 BENELUX - FRANKREICH","link":"https:\/\/guderley.com\/?cat=27"},"img":{"alt_text":"","src":"https:\/\/i0.wp.com\/guderley.com\/wp-content\/uploads\/2015\/05\/wpid-Photo-29.05.2015-0349.jpg?resize=350%2C200","width":350,"height":200},"classes":[]}],"_links":{"self":[{"href":"https:\/\/guderley.com\/index.php?rest_route=\/wp\/v2\/posts\/2808","targetHints":{"allow":["GET"]}}],"collection":[{"href":"https:\/\/guderley.com\/index.php?rest_route=\/wp\/v2\/posts"}],"about":[{"href":"https:\/\/guderley.com\/index.php?rest_route=\/wp\/v2\/types\/post"}],"author":[{"embeddable":true,"href":"https:\/\/guderley.com\/index.php?rest_route=\/wp\/v2\/users\/2"}],"replies":[{"embeddable":true,"href":"https:\/\/guderley.com\/index.php?rest_route=%2Fwp%2Fv2%2Fcomments&post=2808"}],"version-history":[{"count":1,"href":"https:\/\/guderley.com\/index.php?rest_route=\/wp\/v2\/posts\/2808\/revisions"}],"predecessor-version":[{"id":2809,"href":"https:\/\/guderley.com\/index.php?rest_route=\/wp\/v2\/posts\/2808\/revisions\/2809"}],"wp:attachment":[{"href":"https:\/\/guderley.com\/index.php?rest_route=%2Fwp%2Fv2%2Fmedia&parent=2808"}],"wp:term":[{"taxonomy":"category","embeddable":true,"href":"https:\/\/guderley.com\/index.php?rest_route=%2Fwp%2Fv2%2Fcategories&post=2808"},{"taxonomy":"post_tag","embeddable":true,"href":"https:\/\/guderley.com\/index.php?rest_route=%2Fwp%2Fv2%2Ftags&post=2808"}],"curies":[{"name":"wp","href":"https:\/\/api.w.org\/{rel}","templated":true}]}}