{"id":2147,"date":"2013-06-22T16:01:43","date_gmt":"2013-06-22T15:01:43","guid":{"rendered":"http:\/\/guderley.com\/?p=2147"},"modified":"2013-06-22T16:28:06","modified_gmt":"2013-06-22T15:28:06","slug":"kayramo-tag-41-samstag-22-juni","status":"publish","type":"post","link":"https:\/\/guderley.com\/?p=2147","title":{"rendered":"K\u00e4yr\u00e4m\u00f6 &#8211; Tag 41 &#8211; Samstag, 22. Juni"},"content":{"rendered":"<p> 115 km \/ 366 hm \/ 7:21 h &#8211; <strong style=\"font-style: normal; font-weight: bold; \">Ges<\/strong><strong style=\"font-style: normal; font-weight: bold; \">amt 4077 km \/ 24879 hm \/ 253:16 h<\/strong><\/p>\n<p>Der Mittsommertag ist ein Feiertag in Finnland und gilt auch als Flaggentag. An vielen H\u00e4usern sieht man die finnischen Fahnen wehen und wie sie wehten, es gab kr\u00e4ftigen Wind und nat\u00fcrlich von vorne in meiner Fahrtrichtung. Gefeiert wird wohl eher am Abend vorher. Ich habe auf der ganzen Strecke kaum Menschen auf ihren Grundst\u00fccken gesehen.<\/p>\n<div class=\"separator\" style=\"clear: both; text-align: center;\"><a href=\"https:\/\/i0.wp.com\/guderley.com\/wp-content\/uploads\/2013\/06\/wpid-Photo-22.06.2013-1040.jpg\" target=\"_blank\" style=\"margin-left: 1em; margin-right: 1em;\"><img data-recalc-dims=\"1\" decoding=\"async\" src=\"https:\/\/i0.wp.com\/guderley.com\/wp-content\/uploads\/2013\/06\/wpid-Photo-22.06.2013-1040.jpg?resize=500%2C375\" id=\"blogsy-1371914887291.5872\" class=\"aligncenter\" alt=\"\" width=\"500\" height=\"375\"><\/a><\/div>\n<p>Ich starte sehr zeitig in einen sonnigen Tag, der tourtechnisch als langweilig einzuordnen ist. Sodankyl\u00e4 als einzige echte Ansiedlung in Richtung Rovaniemi liegt gegen fr\u00fchen Mittag im feiert\u00e4glichen Tiefschlaf. Keine Menschenseele auf der Gasse, au\u00dfer ein deutscher Bus aus Kiel dessen Insassen pflichtschuldig die Kirche besichtigen. Kurz vor der Einfahrt ist mein Tacho auf 4000 km gesprungen. <\/p>\n<div class=\"separator\" style=\"clear: both; text-align: center;\"><a href=\"https:\/\/i0.wp.com\/guderley.com\/wp-content\/uploads\/2013\/06\/wpid-Photo-22.06.2013-0902.jpg\" target=\"_blank\" style=\"margin-left: 1em; margin-right: 1em;\"><img data-recalc-dims=\"1\" decoding=\"async\" src=\"https:\/\/i0.wp.com\/guderley.com\/wp-content\/uploads\/2013\/06\/wpid-Photo-22.06.2013-0902.jpg?resize=500%2C375\" id=\"blogsy-1371914887314.1968\" class=\"aligncenter\" alt=\"\" width=\"500\" height=\"375\"><\/a><\/div>\n<p>Etwa 10 km hinter Sodankyl\u00e4 \u00fcberholt mich bergauf ein finnischer PKW und die beiden M\u00e4nner im Fahrzeug steigen am Ende des Berges aus und stellen sich mir mit einer Flasche Cola in den Weg. Es waren die beiden Schweizer &#8222;Goldgr\u00e4ber&#8220; aus Ivalo von denen ich berichtet hatte, auf dem Weg nach Rovaniemi zum Flug nach Hause. Nette Geste fand ich.<\/p>\n<div class=\"separator\" style=\"clear: both; text-align: center;\"><a href=\"https:\/\/i0.wp.com\/guderley.com\/wp-content\/uploads\/2013\/06\/wpid-Photo-22.06.2013-1235.jpg\" target=\"_blank\" style=\"margin-left: 1em; margin-right: 1em;\"><img data-recalc-dims=\"1\" decoding=\"async\" src=\"https:\/\/i0.wp.com\/guderley.com\/wp-content\/uploads\/2013\/06\/wpid-Photo-22.06.2013-1235.jpg?resize=500%2C375\" id=\"blogsy-1371914887312.7957\" class=\"aligncenter\" alt=\"\" width=\"500\" height=\"375\"><\/a><\/div>\n<p>Sp\u00e4ter am Nachmittag, im gerade beginnenden Regen, traf ich eine witzige Franz\u00f6sin, die auch schon einige Monate unterwegs ist, mit ihrem Hund im Anh\u00e4nger, auf dem Weg zum Nordkap. Geplantes R\u00fcckkehrdatum &#8211; Ende September. <\/p>\n<div class=\"separator\" style=\"clear: both; text-align: center;\"><a href=\"https:\/\/i0.wp.com\/guderley.com\/wp-content\/uploads\/2013\/06\/wpid-Photo-22.06.2013-1535.jpg\" target=\"_blank\" style=\"margin-left: 1em; margin-right: 1em;\"><img data-recalc-dims=\"1\" decoding=\"async\" src=\"https:\/\/i0.wp.com\/guderley.com\/wp-content\/uploads\/2013\/06\/wpid-Photo-22.06.2013-1535.jpg?resize=500%2C375\" id=\"blogsy-1371914887333.7773\" class=\"aligncenter\" width=\"500\" height=\"375\" alt=\"\"><\/a><\/div>\n<p>Etwa 65 km vor Rovaniemi der gr\u00f6\u00dften Stadt in Nordfinnland (rd. 60 Tsd. Einwohner) am Polarkreis gelegen und Wohnsitz des Weihnachtsmannes, mache ich unmittelbar an der E 75 Station in einem einfachen Motel. Vielmehr M\u00f6glichkeiten gab es nicht, au\u00dfer mit etlichen Umwegskilometern.<\/p>\n<p>Ich werde morgen am fr\u00fchen Nachmittag in Rovaniemi sein, ob ich mir  &#8222;Santa Claus Village&#8220; mitten im Sommer antue, wei\u00df ich noch nicht.<\/p>\n<p>&nbsp;<\/p>\n<div style=\"text-align: right; font-size: small; clear: both;\" id=\"blogsy_footer\"><a href=\"http:\/\/blogsyapp.com\" target=\"_blank\"><img data-recalc-dims=\"1\" decoding=\"async\" src=\"https:\/\/i0.wp.com\/blogsyapp.com\/images\/blogsy_footer_icon.png?resize=20%2C20\" alt=\"Mit Blogsy ver\u00f6ffentlicht\" style=\"vertical-align: middle; margin-right: 5px;\" width=\"20\" height=\"20\" \/>Mit Blogsy ver\u00f6ffentlicht<\/a><\/div>\n","protected":false},"excerpt":{"rendered":"<p>115 km \/ 366 hm \/ 7:21 h &#8211; Gesamt 4077 km \/ 24879 hm \/ 253:16 h Der Mittsommertag ist ein Feiertag in Finnland und gilt auch als Flaggentag. An vielen H\u00e4usern sieht man die finnischen Fahnen wehen und wie sie wehten, es gab kr\u00e4ftigen Wind und nat\u00fcrlich von vorne in meiner Fahrtrichtung. Gefeiert [&hellip;]<\/p>\n","protected":false},"author":2,"featured_media":0,"comment_status":"open","ping_status":"open","sticky":false,"template":"","format":"standard","meta":{"_jetpack_newsletter_access":"","_jetpack_dont_email_post_to_subs":false,"_jetpack_newsletter_tier_id":0,"_jetpack_memberships_contains_paywalled_content":false,"_jetpack_memberships_contains_paid_content":false,"footnotes":""},"categories":[23],"tags":[],"class_list":["post-2147","post","type-post","status-publish","format-standard","hentry","category-23"],"yoast_head":"<!-- This site is optimized with the Yoast SEO plugin v25.8 - https:\/\/yoast.com\/wordpress\/plugins\/seo\/ -->\n<title>K\u00e4yr\u00e4m\u00f6 - Tag 41 - Samstag, 22. Juni - G\u00fcnter&#039;s Blog<\/title>\n<meta name=\"robots\" content=\"index, follow, max-snippet:-1, max-image-preview:large, max-video-preview:-1\" \/>\n<link rel=\"canonical\" href=\"https:\/\/guderley.com\/?p=2147\" \/>\n<meta property=\"og:locale\" content=\"de_DE\" \/>\n<meta property=\"og:type\" content=\"article\" \/>\n<meta property=\"og:title\" content=\"K\u00e4yr\u00e4m\u00f6 - Tag 41 - Samstag, 22. Juni - G\u00fcnter&#039;s Blog\" \/>\n<meta property=\"og:description\" content=\"115 km \/ 366 hm \/ 7:21 h &#8211; Gesamt 4077 km \/ 24879 hm \/ 253:16 h Der Mittsommertag ist ein Feiertag in Finnland und gilt auch als Flaggentag. An vielen H\u00e4usern sieht man die finnischen Fahnen wehen und wie sie wehten, es gab kr\u00e4ftigen Wind und nat\u00fcrlich von vorne in meiner Fahrtrichtung. Gefeiert [&hellip;]\" \/>\n<meta property=\"og:url\" content=\"https:\/\/guderley.com\/?p=2147\" \/>\n<meta property=\"og:site_name\" content=\"G\u00fcnter&#039;s Blog\" \/>\n<meta property=\"article:published_time\" content=\"2013-06-22T15:01:43+00:00\" \/>\n<meta property=\"article:modified_time\" content=\"2013-06-22T15:28:06+00:00\" \/>\n<meta property=\"og:image\" content=\"http:\/\/guderley.com\/wp-content\/uploads\/2013\/06\/wpid-Photo-22.06.2013-1040.jpg\" \/>\n<meta name=\"author\" content=\"guenter\" \/>\n<meta name=\"twitter:card\" content=\"summary_large_image\" \/>\n<meta name=\"twitter:label1\" content=\"Verfasst von\" \/>\n\t<meta name=\"twitter:data1\" content=\"guenter\" \/>\n\t<meta name=\"twitter:label2\" content=\"Gesch\u00e4tzte Lesezeit\" \/>\n\t<meta name=\"twitter:data2\" content=\"1\u00a0Minute\" \/>\n<script type=\"application\/ld+json\" class=\"yoast-schema-graph\">{\"@context\":\"https:\/\/schema.org\",\"@graph\":[{\"@type\":\"Article\",\"@id\":\"https:\/\/guderley.com\/?p=2147#article\",\"isPartOf\":{\"@id\":\"https:\/\/guderley.com\/?p=2147\"},\"author\":{\"name\":\"guenter\",\"@id\":\"https:\/\/guderley.com\/#\/schema\/person\/24a827645a6fedd3481426a7028dfdcd\"},\"headline\":\"K\u00e4yr\u00e4m\u00f6 &#8211; Tag 41 &#8211; Samstag, 22. Juni\",\"datePublished\":\"2013-06-22T15:01:43+00:00\",\"dateModified\":\"2013-06-22T15:28:06+00:00\",\"mainEntityOfPage\":{\"@id\":\"https:\/\/guderley.com\/?p=2147\"},\"wordCount\":305,\"commentCount\":5,\"publisher\":{\"@id\":\"https:\/\/guderley.com\/#\/schema\/person\/24a827645a6fedd3481426a7028dfdcd\"},\"image\":{\"@id\":\"https:\/\/guderley.com\/?p=2147#primaryimage\"},\"thumbnailUrl\":\"http:\/\/guderley.com\/wp-content\/uploads\/2013\/06\/wpid-Photo-22.06.2013-1040.jpg\",\"articleSection\":[\"2013 NORDKAPP\"],\"inLanguage\":\"de\",\"potentialAction\":[{\"@type\":\"CommentAction\",\"name\":\"Comment\",\"target\":[\"https:\/\/guderley.com\/?p=2147#respond\"]}]},{\"@type\":\"WebPage\",\"@id\":\"https:\/\/guderley.com\/?p=2147\",\"url\":\"https:\/\/guderley.com\/?p=2147\",\"name\":\"K\u00e4yr\u00e4m\u00f6 - Tag 41 - Samstag, 22. Juni - G\u00fcnter&#039;s Blog\",\"isPartOf\":{\"@id\":\"https:\/\/guderley.com\/#website\"},\"primaryImageOfPage\":{\"@id\":\"https:\/\/guderley.com\/?p=2147#primaryimage\"},\"image\":{\"@id\":\"https:\/\/guderley.com\/?p=2147#primaryimage\"},\"thumbnailUrl\":\"http:\/\/guderley.com\/wp-content\/uploads\/2013\/06\/wpid-Photo-22.06.2013-1040.jpg\",\"datePublished\":\"2013-06-22T15:01:43+00:00\",\"dateModified\":\"2013-06-22T15:28:06+00:00\",\"breadcrumb\":{\"@id\":\"https:\/\/guderley.com\/?p=2147#breadcrumb\"},\"inLanguage\":\"de\",\"potentialAction\":[{\"@type\":\"ReadAction\",\"target\":[\"https:\/\/guderley.com\/?p=2147\"]}]},{\"@type\":\"ImageObject\",\"inLanguage\":\"de\",\"@id\":\"https:\/\/guderley.com\/?p=2147#primaryimage\",\"url\":\"https:\/\/i0.wp.com\/guderley.com\/wp-content\/uploads\/2013\/06\/wpid-Photo-22.06.2013-1040.jpg?fit=1024%2C768&ssl=1\",\"contentUrl\":\"https:\/\/i0.wp.com\/guderley.com\/wp-content\/uploads\/2013\/06\/wpid-Photo-22.06.2013-1040.jpg?fit=1024%2C768&ssl=1\",\"width\":\"1024\",\"height\":\"768\"},{\"@type\":\"BreadcrumbList\",\"@id\":\"https:\/\/guderley.com\/?p=2147#breadcrumb\",\"itemListElement\":[{\"@type\":\"ListItem\",\"position\":1,\"name\":\"Startseite\",\"item\":\"https:\/\/guderley.com\/\"},{\"@type\":\"ListItem\",\"position\":2,\"name\":\"K\u00e4yr\u00e4m\u00f6 &#8211; Tag 41 &#8211; Samstag, 22. Juni\"}]},{\"@type\":\"WebSite\",\"@id\":\"https:\/\/guderley.com\/#website\",\"url\":\"https:\/\/guderley.com\/\",\"name\":\"G\u00fcnter's Blog\",\"description\":\"Fahrrad Touren rund um die Welt\",\"publisher\":{\"@id\":\"https:\/\/guderley.com\/#\/schema\/person\/24a827645a6fedd3481426a7028dfdcd\"},\"alternateName\":\"G\u00fcnter's Blog\",\"potentialAction\":[{\"@type\":\"SearchAction\",\"target\":{\"@type\":\"EntryPoint\",\"urlTemplate\":\"https:\/\/guderley.com\/?s={search_term_string}\"},\"query-input\":{\"@type\":\"PropertyValueSpecification\",\"valueRequired\":true,\"valueName\":\"search_term_string\"}}],\"inLanguage\":\"de\"},{\"@type\":[\"Person\",\"Organization\"],\"@id\":\"https:\/\/guderley.com\/#\/schema\/person\/24a827645a6fedd3481426a7028dfdcd\",\"name\":\"guenter\",\"image\":{\"@type\":\"ImageObject\",\"inLanguage\":\"de\",\"@id\":\"https:\/\/guderley.com\/#\/schema\/person\/image\/\",\"url\":\"https:\/\/i0.wp.com\/guderley.com\/wp-content\/uploads\/img_8008-scaled.jpg?fit=1920%2C2560\",\"contentUrl\":\"https:\/\/i0.wp.com\/guderley.com\/wp-content\/uploads\/img_8008-scaled.jpg?fit=1920%2C2560\",\"width\":1920,\"height\":2560,\"caption\":\"guenter\"},\"logo\":{\"@id\":\"https:\/\/guderley.com\/#\/schema\/person\/image\/\"},\"sameAs\":[\"http:\/\/guderley.com\/blog\"],\"url\":\"https:\/\/guderley.com\/?author=2\"}]}<\/script>\n<!-- \/ Yoast SEO plugin. -->","yoast_head_json":{"title":"K\u00e4yr\u00e4m\u00f6 - Tag 41 - Samstag, 22. Juni - G\u00fcnter&#039;s Blog","robots":{"index":"index","follow":"follow","max-snippet":"max-snippet:-1","max-image-preview":"max-image-preview:large","max-video-preview":"max-video-preview:-1"},"canonical":"https:\/\/guderley.com\/?p=2147","og_locale":"de_DE","og_type":"article","og_title":"K\u00e4yr\u00e4m\u00f6 - Tag 41 - Samstag, 22. Juni - G\u00fcnter&#039;s Blog","og_description":"115 km \/ 366 hm \/ 7:21 h &#8211; Gesamt 4077 km \/ 24879 hm \/ 253:16 h Der Mittsommertag ist ein Feiertag in Finnland und gilt auch als Flaggentag. An vielen H\u00e4usern sieht man die finnischen Fahnen wehen und wie sie wehten, es gab kr\u00e4ftigen Wind und nat\u00fcrlich von vorne in meiner Fahrtrichtung. Gefeiert [&hellip;]","og_url":"https:\/\/guderley.com\/?p=2147","og_site_name":"G\u00fcnter&#039;s Blog","article_published_time":"2013-06-22T15:01:43+00:00","article_modified_time":"2013-06-22T15:28:06+00:00","og_image":[{"url":"http:\/\/guderley.com\/wp-content\/uploads\/2013\/06\/wpid-Photo-22.06.2013-1040.jpg","type":"","width":"","height":""}],"author":"guenter","twitter_card":"summary_large_image","twitter_misc":{"Verfasst von":"guenter","Gesch\u00e4tzte Lesezeit":"1\u00a0Minute"},"schema":{"@context":"https:\/\/schema.org","@graph":[{"@type":"Article","@id":"https:\/\/guderley.com\/?p=2147#article","isPartOf":{"@id":"https:\/\/guderley.com\/?p=2147"},"author":{"name":"guenter","@id":"https:\/\/guderley.com\/#\/schema\/person\/24a827645a6fedd3481426a7028dfdcd"},"headline":"K\u00e4yr\u00e4m\u00f6 &#8211; Tag 41 &#8211; Samstag, 22. Juni","datePublished":"2013-06-22T15:01:43+00:00","dateModified":"2013-06-22T15:28:06+00:00","mainEntityOfPage":{"@id":"https:\/\/guderley.com\/?p=2147"},"wordCount":305,"commentCount":5,"publisher":{"@id":"https:\/\/guderley.com\/#\/schema\/person\/24a827645a6fedd3481426a7028dfdcd"},"image":{"@id":"https:\/\/guderley.com\/?p=2147#primaryimage"},"thumbnailUrl":"http:\/\/guderley.com\/wp-content\/uploads\/2013\/06\/wpid-Photo-22.06.2013-1040.jpg","articleSection":["2013 NORDKAPP"],"inLanguage":"de","potentialAction":[{"@type":"CommentAction","name":"Comment","target":["https:\/\/guderley.com\/?p=2147#respond"]}]},{"@type":"WebPage","@id":"https:\/\/guderley.com\/?p=2147","url":"https:\/\/guderley.com\/?p=2147","name":"K\u00e4yr\u00e4m\u00f6 - Tag 41 - Samstag, 22. Juni - G\u00fcnter&#039;s Blog","isPartOf":{"@id":"https:\/\/guderley.com\/#website"},"primaryImageOfPage":{"@id":"https:\/\/guderley.com\/?p=2147#primaryimage"},"image":{"@id":"https:\/\/guderley.com\/?p=2147#primaryimage"},"thumbnailUrl":"http:\/\/guderley.com\/wp-content\/uploads\/2013\/06\/wpid-Photo-22.06.2013-1040.jpg","datePublished":"2013-06-22T15:01:43+00:00","dateModified":"2013-06-22T15:28:06+00:00","breadcrumb":{"@id":"https:\/\/guderley.com\/?p=2147#breadcrumb"},"inLanguage":"de","potentialAction":[{"@type":"ReadAction","target":["https:\/\/guderley.com\/?p=2147"]}]},{"@type":"ImageObject","inLanguage":"de","@id":"https:\/\/guderley.com\/?p=2147#primaryimage","url":"https:\/\/i0.wp.com\/guderley.com\/wp-content\/uploads\/2013\/06\/wpid-Photo-22.06.2013-1040.jpg?fit=1024%2C768&ssl=1","contentUrl":"https:\/\/i0.wp.com\/guderley.com\/wp-content\/uploads\/2013\/06\/wpid-Photo-22.06.2013-1040.jpg?fit=1024%2C768&ssl=1","width":"1024","height":"768"},{"@type":"BreadcrumbList","@id":"https:\/\/guderley.com\/?p=2147#breadcrumb","itemListElement":[{"@type":"ListItem","position":1,"name":"Startseite","item":"https:\/\/guderley.com\/"},{"@type":"ListItem","position":2,"name":"K\u00e4yr\u00e4m\u00f6 &#8211; Tag 41 &#8211; Samstag, 22. Juni"}]},{"@type":"WebSite","@id":"https:\/\/guderley.com\/#website","url":"https:\/\/guderley.com\/","name":"G\u00fcnter's Blog","description":"Fahrrad Touren rund um die Welt","publisher":{"@id":"https:\/\/guderley.com\/#\/schema\/person\/24a827645a6fedd3481426a7028dfdcd"},"alternateName":"G\u00fcnter's Blog","potentialAction":[{"@type":"SearchAction","target":{"@type":"EntryPoint","urlTemplate":"https:\/\/guderley.com\/?s={search_term_string}"},"query-input":{"@type":"PropertyValueSpecification","valueRequired":true,"valueName":"search_term_string"}}],"inLanguage":"de"},{"@type":["Person","Organization"],"@id":"https:\/\/guderley.com\/#\/schema\/person\/24a827645a6fedd3481426a7028dfdcd","name":"guenter","image":{"@type":"ImageObject","inLanguage":"de","@id":"https:\/\/guderley.com\/#\/schema\/person\/image\/","url":"https:\/\/i0.wp.com\/guderley.com\/wp-content\/uploads\/img_8008-scaled.jpg?fit=1920%2C2560","contentUrl":"https:\/\/i0.wp.com\/guderley.com\/wp-content\/uploads\/img_8008-scaled.jpg?fit=1920%2C2560","width":1920,"height":2560,"caption":"guenter"},"logo":{"@id":"https:\/\/guderley.com\/#\/schema\/person\/image\/"},"sameAs":["http:\/\/guderley.com\/blog"],"url":"https:\/\/guderley.com\/?author=2"}]}},"jetpack_featured_media_url":"","jetpack_sharing_enabled":true,"jetpack_shortlink":"https:\/\/wp.me\/p9IuXF-yD","jetpack_likes_enabled":true,"jetpack-related-posts":[{"id":1905,"url":"https:\/\/guderley.com\/?p=1905","url_meta":{"origin":2147,"position":0},"title":"Meselefors  &#8211;  Tag 23  &#8211;  Dienstag, 4. Juni","author":"guenter","date":"Juni 4, 2013","format":false,"excerpt":"119 km \/ 546 hm \/ 7:43 h - Gesamt 2269 km \/ 13131 hm \/ 139:28 h Sch\u00f6ner Start in den Tag mit einem ausgiebigen Fr\u00fchst\u00fcck und einem intensiven Gespr\u00e4ch mit Jennifer der Inhaberin des B & B. Gegen 8:30 Uhr starte ich einen wieder sehr kalten (8 Grad)\u2026","rel":"","context":"In &quot;2013 NORDKAPP&quot;","block_context":{"text":"2013 NORDKAPP","link":"https:\/\/guderley.com\/?cat=23"},"img":{"alt_text":"","src":"https:\/\/i0.wp.com\/guderley.com\/wp-content\/uploads\/2013\/06\/wpid-Photo-04.06.2013-1121.jpg?resize=350%2C200","width":350,"height":200},"classes":[]},{"id":2037,"url":"https:\/\/guderley.com\/?p=2037","url_meta":{"origin":2147,"position":1},"title":"Alta &#8211; Tag 32 &#8211; Donnerstag, 13. Juni","author":"guenter","date":"Juni 13, 2013","format":false,"excerpt":"140 km \/ 924 hm \/ 8:08 h - Gesamt 3298 km \/ 19056 hm \/ 202:15 h Heute ist ein Sommertag schon gegen 8:30 Uhr als ich die H\u00fctte verlasse und was das Ganze noch kr\u00f6nt, der Wind kommt tats\u00e4chlich von schr\u00e4g hinten. Viktor und ich haben die vergangenen\u2026","rel":"","context":"In &quot;2013 NORDKAPP&quot;","block_context":{"text":"2013 NORDKAPP","link":"https:\/\/guderley.com\/?cat=23"},"img":{"alt_text":"","src":"https:\/\/i0.wp.com\/guderley.com\/wp-content\/uploads\/2013\/06\/wpid-Photo-13.06.2013-08061.jpg?resize=350%2C200","width":350,"height":200},"classes":[]},{"id":1760,"url":"https:\/\/guderley.com\/?p=1760","url_meta":{"origin":2147,"position":2},"title":"Vassbacken \/ Schweden &#8211; Tag 11 &#8211; Donnerstag, 23. Mai","author":"guenter","date":"Mai 23, 2013","format":false,"excerpt":"127 km \/ 450 hm \/ 7:29 h - Gesamt 1168 km \/ 5025 hm \/ 68:57 Als ich das nette Caf\u00e9 verlassen hatte, gut gest\u00e4rkt und ordentlich aufgew\u00e4rmt wurde mein Wunsch sukzessive erh\u00f6rt. Es h\u00f6rte zu regnen auf und im Laufe des Nachmittags wurde es richtig sch\u00f6n und jetzt\u2026","rel":"","context":"In &quot;2013 NORDKAPP&quot;","block_context":{"text":"2013 NORDKAPP","link":"https:\/\/guderley.com\/?cat=23"},"img":{"alt_text":"","src":"https:\/\/i0.wp.com\/guderley.com\/wp-content\/uploads\/2013\/05\/wpid-Photo-23.05.2013-1616.jpg?resize=350%2C200","width":350,"height":200},"classes":[]},{"id":1935,"url":"https:\/\/guderley.com\/?p=1935","url_meta":{"origin":2147,"position":3},"title":"Arvidsjaur &#8211; Tag 25 &#8211; Donnerstag, 6. Juni","author":"guenter","date":"Juni 6, 2013","format":false,"excerpt":"126 km \/ 640 hm \/ 7:46 h - Gesamt 2528 km \/ 14575 hm \/ 155:21 h Heute ist schwedischer Nationalfeiertag und dazu passt das Wetter. Herrlicher Sonnenschein und ich kann mit kurzer Hose und T-Shirt fahren, das gab es morgens noch nicht auf dieser Tour. Kurz nach der\u2026","rel":"","context":"In &quot;2013 NORDKAPP&quot;","block_context":{"text":"2013 NORDKAPP","link":"https:\/\/guderley.com\/?cat=23"},"img":{"alt_text":"","src":"https:\/\/i0.wp.com\/guderley.com\/wp-content\/uploads\/2013\/06\/wpid-Photo-06.06.2013-0748.jpg?resize=350%2C200","width":350,"height":200},"classes":[]},{"id":2121,"url":"https:\/\/guderley.com\/?p=2121","url_meta":{"origin":2147,"position":4},"title":"Ivalo &#8211; Tag 39 &#8211; Donnerstag, 20. Juni","author":"guenter","date":"Juni 20, 2013","format":false,"excerpt":"102 km \/ 598 hm \/ 6:15 h - Gesamt 3846 km \/ 23815 hm \/ 238:35 h Ein eher unspektakul\u00e4rer Tag auf dem Rad entlang der unendlichen Arme und Teile der riesigen Inariseen. Begonnen hat er mit einem gemeinsamen Fr\u00fchst\u00fcck mit meinem H\u00fcttennachbar, einem in Dresden lebenden \u00d6sterreicher, der\u2026","rel":"","context":"In &quot;2013 NORDKAPP&quot;","block_context":{"text":"2013 NORDKAPP","link":"https:\/\/guderley.com\/?cat=23"},"img":{"alt_text":"","src":"https:\/\/i0.wp.com\/guderley.com\/wp-content\/uploads\/2013\/06\/wpid-Photo-20.06.2013-1006.jpg?resize=350%2C200","width":350,"height":200},"classes":[]},{"id":2136,"url":"https:\/\/guderley.com\/?p=2136","url_meta":{"origin":2147,"position":5},"title":"Peurasuvanto &#8211; Tag 40 &#8211; Freitag, 21. Juni","author":"guenter","date":"Juni 21, 2013","format":false,"excerpt":"116 km \/ 698 hm \/ 7:20 h - Gesamt 3962 km \/ 24513 hm \/ 245:55 h Meine beiden letzten gro\u00dfen Touren haben beide am 40. Tag geendet. Das war diesmal im Vorfeld schon klar, dass 40 Tage nicht reichen werden. Heute ist Mittsommernachts-Vorabend und da wird auch im\u2026","rel":"","context":"In &quot;2013 NORDKAPP&quot;","block_context":{"text":"2013 NORDKAPP","link":"https:\/\/guderley.com\/?cat=23"},"img":{"alt_text":"","src":"https:\/\/i0.wp.com\/guderley.com\/wp-content\/uploads\/2013\/06\/wpid-Photo-21.06.2013-1713.jpg?resize=350%2C200","width":350,"height":200},"classes":[]}],"_links":{"self":[{"href":"https:\/\/guderley.com\/index.php?rest_route=\/wp\/v2\/posts\/2147","targetHints":{"allow":["GET"]}}],"collection":[{"href":"https:\/\/guderley.com\/index.php?rest_route=\/wp\/v2\/posts"}],"about":[{"href":"https:\/\/guderley.com\/index.php?rest_route=\/wp\/v2\/types\/post"}],"author":[{"embeddable":true,"href":"https:\/\/guderley.com\/index.php?rest_route=\/wp\/v2\/users\/2"}],"replies":[{"embeddable":true,"href":"https:\/\/guderley.com\/index.php?rest_route=%2Fwp%2Fv2%2Fcomments&post=2147"}],"version-history":[{"count":4,"href":"https:\/\/guderley.com\/index.php?rest_route=\/wp\/v2\/posts\/2147\/revisions"}],"predecessor-version":[{"id":2155,"href":"https:\/\/guderley.com\/index.php?rest_route=\/wp\/v2\/posts\/2147\/revisions\/2155"}],"wp:attachment":[{"href":"https:\/\/guderley.com\/index.php?rest_route=%2Fwp%2Fv2%2Fmedia&parent=2147"}],"wp:term":[{"taxonomy":"category","embeddable":true,"href":"https:\/\/guderley.com\/index.php?rest_route=%2Fwp%2Fv2%2Fcategories&post=2147"},{"taxonomy":"post_tag","embeddable":true,"href":"https:\/\/guderley.com\/index.php?rest_route=%2Fwp%2Fv2%2Ftags&post=2147"}],"curies":[{"name":"wp","href":"https:\/\/api.w.org\/{rel}","templated":true}]}}