{"id":2121,"date":"2013-06-20T15:58:08","date_gmt":"2013-06-20T14:58:08","guid":{"rendered":"http:\/\/guderley.com\/?p=2121"},"modified":"2013-06-20T20:55:06","modified_gmt":"2013-06-20T19:55:06","slug":"ivalo-tag-39-donnerstag-20-juni","status":"publish","type":"post","link":"https:\/\/guderley.com\/?p=2121","title":{"rendered":"Ivalo &#8211; Tag 39 &#8211; Donnerstag, 20. Juni"},"content":{"rendered":"<p> 102 km \/ 598 hm \/ 6:15 h &#8211; <strong style=\"font-style: normal; font-weight: bold; \">Ges<\/strong><strong style=\"font-style: normal; font-weight: bold; \">amt 3846 km \/ 23815 hm \/ 238:35 h<\/strong><\/p>\n<p><span style=\"font-style: normal; \">Ein eher unspektakul\u00e4rer Tag auf dem Rad entlang der unendlichen Arme und Teile der riesigen Inariseen.<\/span><\/p>\n<p><span style=\"font-style: normal; \">Begonnen hat er mit einem gemeinsamen Fr\u00fchst\u00fcck mit meinem H\u00fcttennachbar, einem in Dresden lebenden \u00d6sterreicher, der mich netterweise morgens zum Kaffee eingeladen hat. Er bricht heute seine Tour hier in Partakko aus gesundheitlichen Gr\u00fcnden ab und versucht irgendwie per Bus wegzukommen.<\/span><\/p>\n<p><span style=\"font-style: normal; \">Gleich nach dem Losfahren wurde ich ungef\u00e4hr 20 km lang von ungef\u00e4hr 30 dieser gro\u00dfen Biester regelrecht verfolgt. Ich habe dabei gelernt bis 15 km\/h sind sie \u00e4u\u00dferst geschickt im Angriff, bis 20 km\/h k\u00f6nnen sie nicht mehr wirklich auf mir landen und dar\u00fcber fallen sie zur\u00fcck. Bl\u00f6d war nur, dass in dieser Phase etliche Steigungen zu bew\u00e4ltigen waren und da kamen die Angriffe. Ich blieb Sieger, habe keinen einzigen Stich davongetragen und irgendwann waren sie pl\u00f6tzlich ganz weg.<\/span><\/p>\n<p><span style=\"font-style: normal; \">Smokend Fish war leider heute nicht zu bekommen, aber f\u00fcr ein Lachssandwich hat es gereicht.<\/span><\/p>\n<div class=\"separator\" style=\"clear: both; text-align: center;\"><a href=\"https:\/\/i0.wp.com\/guderley.com\/wp-content\/uploads\/2013\/06\/wpid-Photo-20.06.2013-1006.jpg\" target=\"_blank\" style=\"margin-left: 1em; margin-right: 1em;\"><img data-recalc-dims=\"1\" decoding=\"async\" src=\"https:\/\/i0.wp.com\/guderley.com\/wp-content\/uploads\/2013\/06\/wpid-Photo-20.06.2013-1006.jpg?resize=500%2C375\" id=\"blogsy-1371758080995.4426\" class=\"aligncenter\" alt=\"\" width=\"500\" height=\"375\"><\/a><\/div>\n<p><span style=\"font-style: normal; \">Sp\u00e4ter gab es hie <\/span>und da noch einige Rentiere und beim Erreichen der E 75 eine der Hauptrouten Nord\/ S\u00fcd in Finnland pl\u00f6tzlich deutlich st\u00e4rkeren Verkehr (bin ich nicht mehr gew\u00f6hnt). Die Finnen fahren gef\u00fchlt aggressiver als die Schweden und Norweger.<\/p>\n<div class=\"separator\" style=\"clear: both; text-align: center;\"><a href=\"https:\/\/i0.wp.com\/guderley.com\/wp-content\/uploads\/2013\/06\/wpid-Photo-20.06.2013-0950.jpg\" target=\"_blank\" style=\"margin-left: 1em; margin-right: 1em;\"><img data-recalc-dims=\"1\" decoding=\"async\" src=\"https:\/\/i0.wp.com\/guderley.com\/wp-content\/uploads\/2013\/06\/wpid-Photo-20.06.2013-0950.jpg?resize=500%2C375\" id=\"blogsy-1371758080972.5535\" class=\"aligncenter\" alt=\"\" width=\"500\" height=\"375\"><\/a><\/div>\n<p>Einige gr\u00f6\u00dfere Regenwolken \u00fcberbr\u00fcckte ich mit einer Mittagspause in Inari, dem ehemaligen Hauptort der Region, der allerdings 1944 beim R\u00fcckzug der deutschen Truppen dem Erdboden gleichgemacht wurde. In den folgenden Jahrzehnten hat sich das Zentrum der Region hierher nach Ivalo verlagert. Mit rund 4000 Einwohnern schon eine gr\u00f6\u00dfere Ansiedlung 300 km n\u00f6rdlich des Polarkreises.<\/p>\n<p>Ich habe mir wieder eine dieser praktischen kleinen H\u00fctten gemietet, das ist einfach bequemer als im Zelt.<\/p>\n<p>&nbsp;<\/p>\n<div style=\"text-align: right; font-size: small; clear: both;\" id=\"blogsy_footer\"><a href=\"http:\/\/blogsyapp.com\" target=\"_blank\"><img data-recalc-dims=\"1\" decoding=\"async\" src=\"https:\/\/i0.wp.com\/blogsyapp.com\/images\/blogsy_footer_icon.png?resize=20%2C20\" alt=\"Mit Blogsy ver\u00f6ffentlicht\" style=\"vertical-align: middle; margin-right: 5px;\" width=\"20\" height=\"20\" \/>Mit Blogsy ver\u00f6ffentlicht<\/a><\/div>\n","protected":false},"excerpt":{"rendered":"<p>102 km \/ 598 hm \/ 6:15 h &#8211; Gesamt 3846 km \/ 23815 hm \/ 238:35 h Ein eher unspektakul\u00e4rer Tag auf dem Rad entlang der unendlichen Arme und Teile der riesigen Inariseen. Begonnen hat er mit einem gemeinsamen Fr\u00fchst\u00fcck mit meinem H\u00fcttennachbar, einem in Dresden lebenden \u00d6sterreicher, der mich netterweise morgens zum Kaffee [&hellip;]<\/p>\n","protected":false},"author":2,"featured_media":0,"comment_status":"open","ping_status":"open","sticky":false,"template":"","format":"standard","meta":{"_jetpack_newsletter_access":"","_jetpack_dont_email_post_to_subs":false,"_jetpack_newsletter_tier_id":0,"_jetpack_memberships_contains_paywalled_content":false,"_jetpack_memberships_contains_paid_content":false,"footnotes":""},"categories":[23],"tags":[],"class_list":["post-2121","post","type-post","status-publish","format-standard","hentry","category-23"],"yoast_head":"<!-- This site is optimized with the Yoast SEO plugin v25.8 - https:\/\/yoast.com\/wordpress\/plugins\/seo\/ -->\n<title>Ivalo - Tag 39 - Donnerstag, 20. Juni - G\u00fcnter&#039;s Blog<\/title>\n<meta name=\"robots\" content=\"index, follow, max-snippet:-1, max-image-preview:large, max-video-preview:-1\" \/>\n<link rel=\"canonical\" href=\"https:\/\/guderley.com\/?p=2121\" \/>\n<meta property=\"og:locale\" content=\"de_DE\" \/>\n<meta property=\"og:type\" content=\"article\" \/>\n<meta property=\"og:title\" content=\"Ivalo - Tag 39 - Donnerstag, 20. Juni - G\u00fcnter&#039;s Blog\" \/>\n<meta property=\"og:description\" content=\"102 km \/ 598 hm \/ 6:15 h &#8211; Gesamt 3846 km \/ 23815 hm \/ 238:35 h Ein eher unspektakul\u00e4rer Tag auf dem Rad entlang der unendlichen Arme und Teile der riesigen Inariseen. Begonnen hat er mit einem gemeinsamen Fr\u00fchst\u00fcck mit meinem H\u00fcttennachbar, einem in Dresden lebenden \u00d6sterreicher, der mich netterweise morgens zum Kaffee [&hellip;]\" \/>\n<meta property=\"og:url\" content=\"https:\/\/guderley.com\/?p=2121\" \/>\n<meta property=\"og:site_name\" content=\"G\u00fcnter&#039;s Blog\" \/>\n<meta property=\"article:published_time\" content=\"2013-06-20T14:58:08+00:00\" \/>\n<meta property=\"article:modified_time\" content=\"2013-06-20T19:55:06+00:00\" \/>\n<meta property=\"og:image\" content=\"http:\/\/guderley.com\/wp-content\/uploads\/2013\/06\/wpid-Photo-20.06.2013-1006.jpg\" \/>\n<meta name=\"author\" content=\"guenter\" \/>\n<meta name=\"twitter:card\" content=\"summary_large_image\" \/>\n<meta name=\"twitter:label1\" content=\"Verfasst von\" \/>\n\t<meta name=\"twitter:data1\" content=\"guenter\" \/>\n\t<meta name=\"twitter:label2\" content=\"Gesch\u00e4tzte Lesezeit\" \/>\n\t<meta name=\"twitter:data2\" content=\"1\u00a0Minute\" \/>\n<script type=\"application\/ld+json\" class=\"yoast-schema-graph\">{\"@context\":\"https:\/\/schema.org\",\"@graph\":[{\"@type\":\"Article\",\"@id\":\"https:\/\/guderley.com\/?p=2121#article\",\"isPartOf\":{\"@id\":\"https:\/\/guderley.com\/?p=2121\"},\"author\":{\"name\":\"guenter\",\"@id\":\"https:\/\/guderley.com\/#\/schema\/person\/24a827645a6fedd3481426a7028dfdcd\"},\"headline\":\"Ivalo &#8211; Tag 39 &#8211; Donnerstag, 20. Juni\",\"datePublished\":\"2013-06-20T14:58:08+00:00\",\"dateModified\":\"2013-06-20T19:55:06+00:00\",\"mainEntityOfPage\":{\"@id\":\"https:\/\/guderley.com\/?p=2121\"},\"wordCount\":305,\"commentCount\":3,\"publisher\":{\"@id\":\"https:\/\/guderley.com\/#\/schema\/person\/24a827645a6fedd3481426a7028dfdcd\"},\"image\":{\"@id\":\"https:\/\/guderley.com\/?p=2121#primaryimage\"},\"thumbnailUrl\":\"http:\/\/guderley.com\/wp-content\/uploads\/2013\/06\/wpid-Photo-20.06.2013-1006.jpg\",\"articleSection\":[\"2013 NORDKAPP\"],\"inLanguage\":\"de\",\"potentialAction\":[{\"@type\":\"CommentAction\",\"name\":\"Comment\",\"target\":[\"https:\/\/guderley.com\/?p=2121#respond\"]}]},{\"@type\":\"WebPage\",\"@id\":\"https:\/\/guderley.com\/?p=2121\",\"url\":\"https:\/\/guderley.com\/?p=2121\",\"name\":\"Ivalo - Tag 39 - Donnerstag, 20. Juni - G\u00fcnter&#039;s Blog\",\"isPartOf\":{\"@id\":\"https:\/\/guderley.com\/#website\"},\"primaryImageOfPage\":{\"@id\":\"https:\/\/guderley.com\/?p=2121#primaryimage\"},\"image\":{\"@id\":\"https:\/\/guderley.com\/?p=2121#primaryimage\"},\"thumbnailUrl\":\"http:\/\/guderley.com\/wp-content\/uploads\/2013\/06\/wpid-Photo-20.06.2013-1006.jpg\",\"datePublished\":\"2013-06-20T14:58:08+00:00\",\"dateModified\":\"2013-06-20T19:55:06+00:00\",\"breadcrumb\":{\"@id\":\"https:\/\/guderley.com\/?p=2121#breadcrumb\"},\"inLanguage\":\"de\",\"potentialAction\":[{\"@type\":\"ReadAction\",\"target\":[\"https:\/\/guderley.com\/?p=2121\"]}]},{\"@type\":\"ImageObject\",\"inLanguage\":\"de\",\"@id\":\"https:\/\/guderley.com\/?p=2121#primaryimage\",\"url\":\"https:\/\/i0.wp.com\/guderley.com\/wp-content\/uploads\/2013\/06\/wpid-Photo-20.06.2013-1006.jpg?fit=1024%2C768&ssl=1\",\"contentUrl\":\"https:\/\/i0.wp.com\/guderley.com\/wp-content\/uploads\/2013\/06\/wpid-Photo-20.06.2013-1006.jpg?fit=1024%2C768&ssl=1\",\"width\":\"1024\",\"height\":\"768\"},{\"@type\":\"BreadcrumbList\",\"@id\":\"https:\/\/guderley.com\/?p=2121#breadcrumb\",\"itemListElement\":[{\"@type\":\"ListItem\",\"position\":1,\"name\":\"Startseite\",\"item\":\"https:\/\/guderley.com\/\"},{\"@type\":\"ListItem\",\"position\":2,\"name\":\"Ivalo &#8211; Tag 39 &#8211; Donnerstag, 20. Juni\"}]},{\"@type\":\"WebSite\",\"@id\":\"https:\/\/guderley.com\/#website\",\"url\":\"https:\/\/guderley.com\/\",\"name\":\"G\u00fcnter's Blog\",\"description\":\"Fahrrad Touren rund um die Welt\",\"publisher\":{\"@id\":\"https:\/\/guderley.com\/#\/schema\/person\/24a827645a6fedd3481426a7028dfdcd\"},\"alternateName\":\"G\u00fcnter's Blog\",\"potentialAction\":[{\"@type\":\"SearchAction\",\"target\":{\"@type\":\"EntryPoint\",\"urlTemplate\":\"https:\/\/guderley.com\/?s={search_term_string}\"},\"query-input\":{\"@type\":\"PropertyValueSpecification\",\"valueRequired\":true,\"valueName\":\"search_term_string\"}}],\"inLanguage\":\"de\"},{\"@type\":[\"Person\",\"Organization\"],\"@id\":\"https:\/\/guderley.com\/#\/schema\/person\/24a827645a6fedd3481426a7028dfdcd\",\"name\":\"guenter\",\"image\":{\"@type\":\"ImageObject\",\"inLanguage\":\"de\",\"@id\":\"https:\/\/guderley.com\/#\/schema\/person\/image\/\",\"url\":\"https:\/\/i0.wp.com\/guderley.com\/wp-content\/uploads\/img_8008-scaled.jpg?fit=1920%2C2560\",\"contentUrl\":\"https:\/\/i0.wp.com\/guderley.com\/wp-content\/uploads\/img_8008-scaled.jpg?fit=1920%2C2560\",\"width\":1920,\"height\":2560,\"caption\":\"guenter\"},\"logo\":{\"@id\":\"https:\/\/guderley.com\/#\/schema\/person\/image\/\"},\"sameAs\":[\"http:\/\/guderley.com\/blog\"],\"url\":\"https:\/\/guderley.com\/?author=2\"}]}<\/script>\n<!-- \/ Yoast SEO plugin. -->","yoast_head_json":{"title":"Ivalo - Tag 39 - Donnerstag, 20. Juni - G\u00fcnter&#039;s Blog","robots":{"index":"index","follow":"follow","max-snippet":"max-snippet:-1","max-image-preview":"max-image-preview:large","max-video-preview":"max-video-preview:-1"},"canonical":"https:\/\/guderley.com\/?p=2121","og_locale":"de_DE","og_type":"article","og_title":"Ivalo - Tag 39 - Donnerstag, 20. Juni - G\u00fcnter&#039;s Blog","og_description":"102 km \/ 598 hm \/ 6:15 h &#8211; Gesamt 3846 km \/ 23815 hm \/ 238:35 h Ein eher unspektakul\u00e4rer Tag auf dem Rad entlang der unendlichen Arme und Teile der riesigen Inariseen. Begonnen hat er mit einem gemeinsamen Fr\u00fchst\u00fcck mit meinem H\u00fcttennachbar, einem in Dresden lebenden \u00d6sterreicher, der mich netterweise morgens zum Kaffee [&hellip;]","og_url":"https:\/\/guderley.com\/?p=2121","og_site_name":"G\u00fcnter&#039;s Blog","article_published_time":"2013-06-20T14:58:08+00:00","article_modified_time":"2013-06-20T19:55:06+00:00","og_image":[{"url":"http:\/\/guderley.com\/wp-content\/uploads\/2013\/06\/wpid-Photo-20.06.2013-1006.jpg","type":"","width":"","height":""}],"author":"guenter","twitter_card":"summary_large_image","twitter_misc":{"Verfasst von":"guenter","Gesch\u00e4tzte Lesezeit":"1\u00a0Minute"},"schema":{"@context":"https:\/\/schema.org","@graph":[{"@type":"Article","@id":"https:\/\/guderley.com\/?p=2121#article","isPartOf":{"@id":"https:\/\/guderley.com\/?p=2121"},"author":{"name":"guenter","@id":"https:\/\/guderley.com\/#\/schema\/person\/24a827645a6fedd3481426a7028dfdcd"},"headline":"Ivalo &#8211; Tag 39 &#8211; Donnerstag, 20. Juni","datePublished":"2013-06-20T14:58:08+00:00","dateModified":"2013-06-20T19:55:06+00:00","mainEntityOfPage":{"@id":"https:\/\/guderley.com\/?p=2121"},"wordCount":305,"commentCount":3,"publisher":{"@id":"https:\/\/guderley.com\/#\/schema\/person\/24a827645a6fedd3481426a7028dfdcd"},"image":{"@id":"https:\/\/guderley.com\/?p=2121#primaryimage"},"thumbnailUrl":"http:\/\/guderley.com\/wp-content\/uploads\/2013\/06\/wpid-Photo-20.06.2013-1006.jpg","articleSection":["2013 NORDKAPP"],"inLanguage":"de","potentialAction":[{"@type":"CommentAction","name":"Comment","target":["https:\/\/guderley.com\/?p=2121#respond"]}]},{"@type":"WebPage","@id":"https:\/\/guderley.com\/?p=2121","url":"https:\/\/guderley.com\/?p=2121","name":"Ivalo - Tag 39 - Donnerstag, 20. Juni - G\u00fcnter&#039;s Blog","isPartOf":{"@id":"https:\/\/guderley.com\/#website"},"primaryImageOfPage":{"@id":"https:\/\/guderley.com\/?p=2121#primaryimage"},"image":{"@id":"https:\/\/guderley.com\/?p=2121#primaryimage"},"thumbnailUrl":"http:\/\/guderley.com\/wp-content\/uploads\/2013\/06\/wpid-Photo-20.06.2013-1006.jpg","datePublished":"2013-06-20T14:58:08+00:00","dateModified":"2013-06-20T19:55:06+00:00","breadcrumb":{"@id":"https:\/\/guderley.com\/?p=2121#breadcrumb"},"inLanguage":"de","potentialAction":[{"@type":"ReadAction","target":["https:\/\/guderley.com\/?p=2121"]}]},{"@type":"ImageObject","inLanguage":"de","@id":"https:\/\/guderley.com\/?p=2121#primaryimage","url":"https:\/\/i0.wp.com\/guderley.com\/wp-content\/uploads\/2013\/06\/wpid-Photo-20.06.2013-1006.jpg?fit=1024%2C768&ssl=1","contentUrl":"https:\/\/i0.wp.com\/guderley.com\/wp-content\/uploads\/2013\/06\/wpid-Photo-20.06.2013-1006.jpg?fit=1024%2C768&ssl=1","width":"1024","height":"768"},{"@type":"BreadcrumbList","@id":"https:\/\/guderley.com\/?p=2121#breadcrumb","itemListElement":[{"@type":"ListItem","position":1,"name":"Startseite","item":"https:\/\/guderley.com\/"},{"@type":"ListItem","position":2,"name":"Ivalo &#8211; Tag 39 &#8211; Donnerstag, 20. Juni"}]},{"@type":"WebSite","@id":"https:\/\/guderley.com\/#website","url":"https:\/\/guderley.com\/","name":"G\u00fcnter's Blog","description":"Fahrrad Touren rund um die Welt","publisher":{"@id":"https:\/\/guderley.com\/#\/schema\/person\/24a827645a6fedd3481426a7028dfdcd"},"alternateName":"G\u00fcnter's Blog","potentialAction":[{"@type":"SearchAction","target":{"@type":"EntryPoint","urlTemplate":"https:\/\/guderley.com\/?s={search_term_string}"},"query-input":{"@type":"PropertyValueSpecification","valueRequired":true,"valueName":"search_term_string"}}],"inLanguage":"de"},{"@type":["Person","Organization"],"@id":"https:\/\/guderley.com\/#\/schema\/person\/24a827645a6fedd3481426a7028dfdcd","name":"guenter","image":{"@type":"ImageObject","inLanguage":"de","@id":"https:\/\/guderley.com\/#\/schema\/person\/image\/","url":"https:\/\/i0.wp.com\/guderley.com\/wp-content\/uploads\/img_8008-scaled.jpg?fit=1920%2C2560","contentUrl":"https:\/\/i0.wp.com\/guderley.com\/wp-content\/uploads\/img_8008-scaled.jpg?fit=1920%2C2560","width":1920,"height":2560,"caption":"guenter"},"logo":{"@id":"https:\/\/guderley.com\/#\/schema\/person\/image\/"},"sameAs":["http:\/\/guderley.com\/blog"],"url":"https:\/\/guderley.com\/?author=2"}]}},"jetpack_featured_media_url":"","jetpack_sharing_enabled":true,"jetpack_shortlink":"https:\/\/wp.me\/p9IuXF-yd","jetpack_likes_enabled":true,"jetpack-related-posts":[{"id":1973,"url":"https:\/\/guderley.com\/?p=1973","url_meta":{"origin":2121,"position":0},"title":"G\u00e4llivare &#8211; Tag 28 &#8211; Sonntag, 9.Juni","author":"guenter","date":"Juni 9, 2013","format":false,"excerpt":"105 km \/ 645 hm \/ 6:07 h - Gesamt 2800 km \/ 16300 hm \/ 170:56 h So der Geburtstag ist rum, war ein entspannter und sch\u00f6ner Tag. Beim Fr\u00fchst\u00fcck habe ich mich mit einem nach Deutschland ausgewanderten Schweden unterhalten, der eine relaxte Motorradtour durch Schweden f\u00e4hrt. Er ist\u2026","rel":"","context":"In &quot;2013 NORDKAPP&quot;","block_context":{"text":"2013 NORDKAPP","link":"https:\/\/guderley.com\/?cat=23"},"img":{"alt_text":"","src":"https:\/\/i0.wp.com\/guderley.com\/wp-content\/uploads\/2013\/06\/wpid-Photo-09.06.2013-1320.jpg?resize=350%2C200","width":350,"height":200},"classes":[]},{"id":2396,"url":"https:\/\/guderley.com\/?p=2396","url_meta":{"origin":2121,"position":1},"title":"24. Nov. 2014 &#8211; Mo &#8211; 11. Tag","author":"guenter","date":"November 30, 2014","format":false,"excerpt":"Etappe 91 - Perito Moreno - Bajo Caracoles \/ Lunchtruck82 km - 900 hm \/ Gesamt: 1012 km Ein strahlender Morgen erwartete uns heute und mit gutem Wind ging es aus Perito Moreno hinaus gen S\u00fcden. Nach rund 50 km war der Spa\u00df vorbei und der gef\u00fcrchtete patagonische Wind blies\u2026","rel":"","context":"In &quot;2014 PATAGONIEN&quot;","block_context":{"text":"2014 PATAGONIEN","link":"https:\/\/guderley.com\/?cat=26"},"img":{"alt_text":"","src":"https:\/\/i0.wp.com\/guderley.com\/wp-content\/uploads\/2014\/11\/wpid-Photo-24.11.2014-1550.jpg?resize=350%2C200","width":350,"height":200},"classes":[]},{"id":2136,"url":"https:\/\/guderley.com\/?p=2136","url_meta":{"origin":2121,"position":2},"title":"Peurasuvanto &#8211; Tag 40 &#8211; Freitag, 21. Juni","author":"guenter","date":"Juni 21, 2013","format":false,"excerpt":"116 km \/ 698 hm \/ 7:20 h - Gesamt 3962 km \/ 24513 hm \/ 245:55 h Meine beiden letzten gro\u00dfen Touren haben beide am 40. Tag geendet. Das war diesmal im Vorfeld schon klar, dass 40 Tage nicht reichen werden. Heute ist Mittsommernachts-Vorabend und da wird auch im\u2026","rel":"","context":"In &quot;2013 NORDKAPP&quot;","block_context":{"text":"2013 NORDKAPP","link":"https:\/\/guderley.com\/?cat=23"},"img":{"alt_text":"","src":"https:\/\/i0.wp.com\/guderley.com\/wp-content\/uploads\/2013\/06\/wpid-Photo-21.06.2013-1713.jpg?resize=350%2C200","width":350,"height":200},"classes":[]},{"id":6381,"url":"https:\/\/guderley.com\/?p=6381","url_meta":{"origin":2121,"position":3},"title":"ST &#8211; Tag 16 &#8211; 03.03. \/ Douglas, AZ to Rodeo, NM &#8211;  82 km &#8211; 422 hm &#8211; 4:01 h : Gesamt: 1056 km \/ 6672 hm \/ 85:23 h im Sattel","author":"guenter","date":"M\u00e4rz 4, 2025","format":false,"excerpt":"\u201eVom Winde verweht\u201c k\u00f6nnte ein Tagesmotto sein - oder \u201eSturm \u00fcber Arizona\u201c ein anderes. Aber der Reihe nach, schon beim Verlassen des Hotels pfiff der Wind durch die Gassen von Douglas. Ein paar Blocks entfernt fr\u00fchst\u00fccke ich in einem chicen Caf\u00e9 - es gab sogar super leckeren Capuccino. An der\u2026","rel":"","context":"In &quot;2025_Southern Tier - San Diego nach Austin&quot;","block_context":{"text":"2025_Southern Tier - San Diego nach Austin","link":"https:\/\/guderley.com\/?cat=36"},"img":{"alt_text":"","src":"https:\/\/i0.wp.com\/guderley.com\/wp-content\/uploads\/img_9226-1.jpg?fit=1200%2C901&ssl=1&resize=350%2C200","width":350,"height":200,"srcset":"https:\/\/i0.wp.com\/guderley.com\/wp-content\/uploads\/img_9226-1.jpg?fit=1200%2C901&ssl=1&resize=350%2C200 1x, https:\/\/i0.wp.com\/guderley.com\/wp-content\/uploads\/img_9226-1.jpg?fit=1200%2C901&ssl=1&resize=525%2C300 1.5x, https:\/\/i0.wp.com\/guderley.com\/wp-content\/uploads\/img_9226-1.jpg?fit=1200%2C901&ssl=1&resize=700%2C400 2x, https:\/\/i0.wp.com\/guderley.com\/wp-content\/uploads\/img_9226-1.jpg?fit=1200%2C901&ssl=1&resize=1050%2C600 3x"},"classes":[]},{"id":2005,"url":"https:\/\/guderley.com\/?p=2005","url_meta":{"origin":2121,"position":4},"title":"Karesuando &#8211; Tag 30 &#8211; Dienstag, 11. Juni","author":"guenter","date":"Juni 11, 2013","format":false,"excerpt":"111 km \/ 545 hm \/ 8:08 h - Gesamt 3018 km \/ 17390 hm \/ 185:52 h Zeitiger Start kurz vor sechs Uhr in einen sonnigen und sehr frostigen Morgen. Die letzte Etappe in Schweden stand auf dem Programm. Es wurde mir sehr schnell klar, dass dies heute ein\u2026","rel":"","context":"In &quot;2013 NORDKAPP&quot;","block_context":{"text":"2013 NORDKAPP","link":"https:\/\/guderley.com\/?cat=23"},"img":{"alt_text":"","src":"https:\/\/i0.wp.com\/guderley.com\/wp-content\/uploads\/2013\/06\/wpid-Photo-11.06.2013-1705.jpg?resize=350%2C200","width":350,"height":200},"classes":[]},{"id":1874,"url":"https:\/\/guderley.com\/?p=1874","url_meta":{"origin":2121,"position":5},"title":"Sand\u00f6verken  &#8211;  Tag 19  &#8211;  Freitag, 31. Mai","author":"guenter","date":"Mai 31, 2013","format":false,"excerpt":"32 km \/ 351 hm \/ 2:04 h - Gesamt 2003 km \/ 11264 hm \/ 122:04 h Ganz langsam bin ich in den - wieder herrlichen - Sommertag gestartet. Nach dem mein \"Vaude Odyssey\" komplett trocken wieder verpackt war, bin ich entspannte drei Kilometer nach H\u00e4rn\u00f6sand geradelt und habe\u2026","rel":"","context":"In &quot;2013 NORDKAPP&quot;","block_context":{"text":"2013 NORDKAPP","link":"https:\/\/guderley.com\/?cat=23"},"img":{"alt_text":"","src":"https:\/\/i0.wp.com\/guderley.com\/wp-content\/uploads\/2013\/05\/wpid-Photo-31.05.2013-1121.jpg?resize=350%2C200","width":350,"height":200},"classes":[]}],"_links":{"self":[{"href":"https:\/\/guderley.com\/index.php?rest_route=\/wp\/v2\/posts\/2121","targetHints":{"allow":["GET"]}}],"collection":[{"href":"https:\/\/guderley.com\/index.php?rest_route=\/wp\/v2\/posts"}],"about":[{"href":"https:\/\/guderley.com\/index.php?rest_route=\/wp\/v2\/types\/post"}],"author":[{"embeddable":true,"href":"https:\/\/guderley.com\/index.php?rest_route=\/wp\/v2\/users\/2"}],"replies":[{"embeddable":true,"href":"https:\/\/guderley.com\/index.php?rest_route=%2Fwp%2Fv2%2Fcomments&post=2121"}],"version-history":[{"count":7,"href":"https:\/\/guderley.com\/index.php?rest_route=\/wp\/v2\/posts\/2121\/revisions"}],"predecessor-version":[{"id":2135,"href":"https:\/\/guderley.com\/index.php?rest_route=\/wp\/v2\/posts\/2121\/revisions\/2135"}],"wp:attachment":[{"href":"https:\/\/guderley.com\/index.php?rest_route=%2Fwp%2Fv2%2Fmedia&parent=2121"}],"wp:term":[{"taxonomy":"category","embeddable":true,"href":"https:\/\/guderley.com\/index.php?rest_route=%2Fwp%2Fv2%2Fcategories&post=2121"},{"taxonomy":"post_tag","embeddable":true,"href":"https:\/\/guderley.com\/index.php?rest_route=%2Fwp%2Fv2%2Ftags&post=2121"}],"curies":[{"name":"wp","href":"https:\/\/api.w.org\/{rel}","templated":true}]}}