{"id":1589,"date":"2012-08-23T18:16:43","date_gmt":"2012-08-23T17:16:43","guid":{"rendered":"http:\/\/guderley.com\/?p=1589"},"modified":"2012-08-23T18:42:32","modified_gmt":"2012-08-23T17:42:32","slug":"23-8-nowe-gorzycko-polen-tag-38-km-3423","status":"publish","type":"post","link":"https:\/\/guderley.com\/?p=1589","title":{"rendered":"23.8.  Nowe Gorzycko \/ Polen &#8211; Tag 38 &#8211; km 3423"},"content":{"rendered":"<p>Sehr zeitig breche ich in Pila, dem ehemaligen Schneidem\u00fchl, auf und wei\u00df noch nicht recht wie weit ich heute fahre. Der Sturm hat sich gelegt trotzdem ist so ein giftiger Gegenwind aus dem Westen da, der mir manchen Kilometer ziemliche Energie abverlangt, entsch\u00e4digt haben mich daf\u00fcr wieder pr\u00e4chtige Alleen.<\/p>\n<div class=\"separator\" style=\"clear: both; text-align: center;\"><a href=\"https:\/\/i0.wp.com\/guderley.com\/wp-content\/uploads\/2012\/08\/wpid-Photo-23.08.2012-1030.jpg\" target=\"_blank\" style=\"margin-left: 1em; margin-right: 1em;\"><img data-recalc-dims=\"1\" decoding=\"async\" src=\"https:\/\/i0.wp.com\/guderley.com\/wp-content\/uploads\/2012\/08\/wpid-Photo-23.08.2012-1030.jpg?resize=500%2C375\" id=\"blogsy-1345743661247.3142\" class=\"aligncenter\" alt=\"\" width=\"500\" height=\"375\"><\/a><\/div>\n<p>Die Landschaft geht wieder \u00fcber in eine Getreideregion mit zwischendurch wundersch\u00f6nen W\u00e4ldern. Die gr\u00f6\u00dferen Orte, die ich durchfahre sind ohne besondere Merkmale. Ich brauche fast 50 km bis ich einen Kaffee bekomme. Auf meine Anfragen hin h\u00e4tte ich mindestens drei Pfund Kaffee in den Packtaschen.<\/p>\n<p>Ich fahre einige Zeit entlang einer Bahnlinie und da stehen auch einige interessante Bahnh\u00f6fe. Wildwest ist nichts dagegen.<\/p>\n<div class=\"separator\" style=\"clear: both; text-align: center;\"><a href=\"https:\/\/i0.wp.com\/guderley.com\/wp-content\/uploads\/2012\/08\/wpid-Photo-23.08.2012-12012.jpg\" target=\"_blank\" style=\"margin-left: 1em; margin-right: 1em;\"><img data-recalc-dims=\"1\" decoding=\"async\" src=\"https:\/\/i0.wp.com\/guderley.com\/wp-content\/uploads\/2012\/08\/wpid-Photo-23.08.2012-12012.jpg?resize=500%2C375\" id=\"blogsy-1345743661325.9028\" class=\"aligncenter\" alt=\"\" width=\"500\" height=\"375\"><\/a><\/div>\n<div class=\"separator\" style=\"clear: both; text-align: center;\">&nbsp;<\/div>\n<div class=\"separator\" style=\"clear: both; text-align: center;\"><a href=\"https:\/\/i0.wp.com\/guderley.com\/wp-content\/uploads\/2012\/08\/wpid-Photo-23.08.2012-1558.jpg\" target=\"_blank\" style=\"margin-left: 1em; margin-right: 1em;\"><img data-recalc-dims=\"1\" decoding=\"async\" src=\"https:\/\/i0.wp.com\/guderley.com\/wp-content\/uploads\/2012\/08\/wpid-Photo-23.08.2012-1558.jpg?resize=500%2C375\" id=\"blogsy-1345743661271.0867\" class=\"aligncenter\" alt=\"\" width=\"500\" height=\"375\"><\/a><\/div>\n<p>Einige Stunden begleitet mich die Netze, die eine sehr breite Flu\u00dflandschaft dominiert, auf meinem Weg Richtung Westen.<\/p>\n<div class=\"separator\" style=\"clear: both; text-align: center;\"><a href=\"https:\/\/i0.wp.com\/guderley.com\/wp-content\/uploads\/2012\/08\/wpid-Photo-23.08.2012-1603.jpg\" target=\"_blank\" style=\"margin-left: 1em; margin-right: 1em;\"><img data-recalc-dims=\"1\" decoding=\"async\" src=\"https:\/\/i0.wp.com\/guderley.com\/wp-content\/uploads\/2012\/08\/wpid-Photo-23.08.2012-1603.jpg?resize=500%2C375\" id=\"blogsy-1345743661267.108\" class=\"aligncenter\" alt=\"\" width=\"500\" height=\"375\"><\/a><\/div>\n<p>Sp\u00e4ter erreiche ich die Warthe, die ich bei Miedzychod, hie\u00df fr\u00fcher Birnbaum, \u00fcberquere.<\/p>\n<div class=\"separator\" style=\"clear: both; text-align: center;\"><a href=\"https:\/\/i0.wp.com\/guderley.com\/wp-content\/uploads\/2012\/08\/wpid-Photo-23.08.2012-1827.jpg\" target=\"_blank\" style=\"margin-left: 1em; margin-right: 1em;\"><img data-recalc-dims=\"1\" decoding=\"async\" src=\"https:\/\/i0.wp.com\/guderley.com\/wp-content\/uploads\/2012\/08\/wpid-Photo-23.08.2012-1827.jpg?resize=500%2C375\" id=\"blogsy-1345743661280.6838\" class=\"aligncenter\" alt=\"\" width=\"500\" height=\"375\"><\/a><\/div>\n<p>Gegen fr\u00fchen Nachmittag entscheide ich mich die &#8222;Villa Toscania&#8220; als Abenddomizil anzusteuern, allerdings bedeutete das am Ende 140 Tageskilometer. Hat sich aber gelohnt. Ich denke das wird meine letzte \u00dcbernachtung in Polen sein.<\/p>\n<div class=\"separator\" style=\"clear: both; text-align: center;\"><a href=\"https:\/\/i0.wp.com\/guderley.com\/wp-content\/uploads\/2012\/08\/wpid-Photo-23.08.2012-1913.jpg\" target=\"_blank\" style=\"margin-left: 1em; margin-right: 1em;\"><img data-recalc-dims=\"1\" decoding=\"async\" src=\"https:\/\/i0.wp.com\/guderley.com\/wp-content\/uploads\/2012\/08\/wpid-Photo-23.08.2012-1913.jpg?resize=500%2C375\" id=\"blogsy-1345743661253.141\" class=\"aligncenter\" alt=\"\" width=\"500\" height=\"375\"><\/a><\/div>\n<div class=\"separator\" style=\"text-align: left;clear: both; \">Bis K\u00fcstrin an der Oder sind es noch gute 100 km und weiter nach Berlin nochmal rund 130 km. Ich denke, dass ich am Samstag-Sp\u00e4tnachmittag die Tour am Prenzlauer Berg bei Mirjam beenden werde. Marion macht sich in K\u00fcrze auf den Weg nach Berlin, soda\u00df ich \u00fcbermorgen meine beiden M\u00e4dels in die Arme nehmen kann.<\/div>\n<p>&nbsp;<\/p>\n<div style=\"text-align: right; font-size: small; clear: both;\" id=\"blogsy_footer\"><a href=\"http:\/\/blogsyapp.com\" target=\"_blank\"><img data-recalc-dims=\"1\" decoding=\"async\" src=\"https:\/\/i0.wp.com\/blogsyapp.com\/images\/blogsy_footer_icon.png?resize=20%2C20\" alt=\"Mit Blogsy ver\u00f6ffentlicht\" style=\"vertical-align: middle; margin-right: 5px;\" width=\"20\" height=\"20\" \/>Mit Blogsy ver\u00f6ffentlicht<\/a><\/div>\n","protected":false},"excerpt":{"rendered":"<p>Sehr zeitig breche ich in Pila, dem ehemaligen Schneidem\u00fchl, auf und wei\u00df noch nicht recht wie weit ich heute fahre. Der Sturm hat sich gelegt trotzdem ist so ein giftiger Gegenwind aus dem Westen da, der mir manchen Kilometer ziemliche Energie abverlangt, entsch\u00e4digt haben mich daf\u00fcr wieder pr\u00e4chtige Alleen. Die Landschaft geht wieder \u00fcber in [&hellip;]<\/p>\n","protected":false},"author":2,"featured_media":0,"comment_status":"open","ping_status":"open","sticky":false,"template":"","format":"standard","meta":{"_jetpack_newsletter_access":"","_jetpack_dont_email_post_to_subs":false,"_jetpack_newsletter_tier_id":0,"_jetpack_memberships_contains_paywalled_content":false,"_jetpack_memberships_contains_paid_content":false,"footnotes":""},"categories":[22],"tags":[],"class_list":["post-1589","post","type-post","status-publish","format-standard","hentry","category-baltikum-2012"],"yoast_head":"<!-- This site is optimized with the Yoast SEO plugin v25.8 - https:\/\/yoast.com\/wordpress\/plugins\/seo\/ -->\n<title>23.8. Nowe Gorzycko \/ Polen - Tag 38 - km 3423 - G\u00fcnter&#039;s Blog<\/title>\n<meta name=\"robots\" content=\"index, follow, max-snippet:-1, max-image-preview:large, max-video-preview:-1\" \/>\n<link rel=\"canonical\" href=\"http:\/\/guderley.com\/?p=1589\" \/>\n<meta property=\"og:locale\" content=\"de_DE\" \/>\n<meta property=\"og:type\" content=\"article\" \/>\n<meta property=\"og:title\" content=\"23.8. Nowe Gorzycko \/ Polen - Tag 38 - km 3423 - G\u00fcnter&#039;s Blog\" \/>\n<meta property=\"og:description\" content=\"Sehr zeitig breche ich in Pila, dem ehemaligen Schneidem\u00fchl, auf und wei\u00df noch nicht recht wie weit ich heute fahre. Der Sturm hat sich gelegt trotzdem ist so ein giftiger Gegenwind aus dem Westen da, der mir manchen Kilometer ziemliche Energie abverlangt, entsch\u00e4digt haben mich daf\u00fcr wieder pr\u00e4chtige Alleen. Die Landschaft geht wieder \u00fcber in [&hellip;]\" \/>\n<meta property=\"og:url\" content=\"http:\/\/guderley.com\/?p=1589\" \/>\n<meta property=\"og:site_name\" content=\"G\u00fcnter&#039;s Blog\" \/>\n<meta property=\"article:published_time\" content=\"2012-08-23T17:16:43+00:00\" \/>\n<meta property=\"article:modified_time\" content=\"2012-08-23T17:42:32+00:00\" \/>\n<meta property=\"og:image\" content=\"http:\/\/guderley.com\/wp-content\/uploads\/2012\/08\/wpid-Photo-23.08.2012-1030.jpg\" \/>\n<meta name=\"author\" content=\"guenter\" \/>\n<meta name=\"twitter:card\" content=\"summary_large_image\" \/>\n<meta name=\"twitter:label1\" content=\"Verfasst von\" \/>\n\t<meta name=\"twitter:data1\" content=\"guenter\" \/>\n\t<meta name=\"twitter:label2\" content=\"Gesch\u00e4tzte Lesezeit\" \/>\n\t<meta name=\"twitter:data2\" content=\"1\u00a0Minute\" \/>\n<script type=\"application\/ld+json\" class=\"yoast-schema-graph\">{\"@context\":\"https:\/\/schema.org\",\"@graph\":[{\"@type\":\"Article\",\"@id\":\"http:\/\/guderley.com\/?p=1589#article\",\"isPartOf\":{\"@id\":\"http:\/\/guderley.com\/?p=1589\"},\"author\":{\"name\":\"guenter\",\"@id\":\"https:\/\/guderley.com\/#\/schema\/person\/24a827645a6fedd3481426a7028dfdcd\"},\"headline\":\"23.8. Nowe Gorzycko \/ Polen &#8211; Tag 38 &#8211; km 3423\",\"datePublished\":\"2012-08-23T17:16:43+00:00\",\"dateModified\":\"2012-08-23T17:42:32+00:00\",\"mainEntityOfPage\":{\"@id\":\"http:\/\/guderley.com\/?p=1589\"},\"wordCount\":256,\"commentCount\":2,\"publisher\":{\"@id\":\"https:\/\/guderley.com\/#\/schema\/person\/24a827645a6fedd3481426a7028dfdcd\"},\"image\":{\"@id\":\"http:\/\/guderley.com\/?p=1589#primaryimage\"},\"thumbnailUrl\":\"http:\/\/guderley.com\/wp-content\/uploads\/2012\/08\/wpid-Photo-23.08.2012-1030.jpg\",\"articleSection\":[\"2012 BALTIKUM\"],\"inLanguage\":\"de\",\"potentialAction\":[{\"@type\":\"CommentAction\",\"name\":\"Comment\",\"target\":[\"http:\/\/guderley.com\/?p=1589#respond\"]}]},{\"@type\":\"WebPage\",\"@id\":\"http:\/\/guderley.com\/?p=1589\",\"url\":\"http:\/\/guderley.com\/?p=1589\",\"name\":\"23.8. Nowe Gorzycko \/ Polen - Tag 38 - km 3423 - G\u00fcnter&#039;s Blog\",\"isPartOf\":{\"@id\":\"https:\/\/guderley.com\/#website\"},\"primaryImageOfPage\":{\"@id\":\"http:\/\/guderley.com\/?p=1589#primaryimage\"},\"image\":{\"@id\":\"http:\/\/guderley.com\/?p=1589#primaryimage\"},\"thumbnailUrl\":\"http:\/\/guderley.com\/wp-content\/uploads\/2012\/08\/wpid-Photo-23.08.2012-1030.jpg\",\"datePublished\":\"2012-08-23T17:16:43+00:00\",\"dateModified\":\"2012-08-23T17:42:32+00:00\",\"breadcrumb\":{\"@id\":\"http:\/\/guderley.com\/?p=1589#breadcrumb\"},\"inLanguage\":\"de\",\"potentialAction\":[{\"@type\":\"ReadAction\",\"target\":[\"http:\/\/guderley.com\/?p=1589\"]}]},{\"@type\":\"ImageObject\",\"inLanguage\":\"de\",\"@id\":\"http:\/\/guderley.com\/?p=1589#primaryimage\",\"url\":\"https:\/\/i0.wp.com\/guderley.com\/wp-content\/uploads\/2012\/08\/wpid-Photo-23.08.2012-1030.jpg?fit=1024%2C768&ssl=1\",\"contentUrl\":\"https:\/\/i0.wp.com\/guderley.com\/wp-content\/uploads\/2012\/08\/wpid-Photo-23.08.2012-1030.jpg?fit=1024%2C768&ssl=1\",\"width\":\"1024\",\"height\":\"768\"},{\"@type\":\"BreadcrumbList\",\"@id\":\"http:\/\/guderley.com\/?p=1589#breadcrumb\",\"itemListElement\":[{\"@type\":\"ListItem\",\"position\":1,\"name\":\"Startseite\",\"item\":\"https:\/\/guderley.com\/\"},{\"@type\":\"ListItem\",\"position\":2,\"name\":\"23.8. Nowe Gorzycko \/ Polen &#8211; Tag 38 &#8211; km 3423\"}]},{\"@type\":\"WebSite\",\"@id\":\"https:\/\/guderley.com\/#website\",\"url\":\"https:\/\/guderley.com\/\",\"name\":\"G\u00fcnter's Blog\",\"description\":\"Fahrrad Touren rund um die Welt\",\"publisher\":{\"@id\":\"https:\/\/guderley.com\/#\/schema\/person\/24a827645a6fedd3481426a7028dfdcd\"},\"alternateName\":\"G\u00fcnter's Blog\",\"potentialAction\":[{\"@type\":\"SearchAction\",\"target\":{\"@type\":\"EntryPoint\",\"urlTemplate\":\"https:\/\/guderley.com\/?s={search_term_string}\"},\"query-input\":{\"@type\":\"PropertyValueSpecification\",\"valueRequired\":true,\"valueName\":\"search_term_string\"}}],\"inLanguage\":\"de\"},{\"@type\":[\"Person\",\"Organization\"],\"@id\":\"https:\/\/guderley.com\/#\/schema\/person\/24a827645a6fedd3481426a7028dfdcd\",\"name\":\"guenter\",\"image\":{\"@type\":\"ImageObject\",\"inLanguage\":\"de\",\"@id\":\"https:\/\/guderley.com\/#\/schema\/person\/image\/\",\"url\":\"https:\/\/i0.wp.com\/guderley.com\/wp-content\/uploads\/img_8008-scaled.jpg?fit=1920%2C2560\",\"contentUrl\":\"https:\/\/i0.wp.com\/guderley.com\/wp-content\/uploads\/img_8008-scaled.jpg?fit=1920%2C2560\",\"width\":1920,\"height\":2560,\"caption\":\"guenter\"},\"logo\":{\"@id\":\"https:\/\/guderley.com\/#\/schema\/person\/image\/\"},\"sameAs\":[\"http:\/\/guderley.com\/blog\"],\"url\":\"https:\/\/guderley.com\/?author=2\"}]}<\/script>\n<!-- \/ Yoast SEO plugin. -->","yoast_head_json":{"title":"23.8. Nowe Gorzycko \/ Polen - Tag 38 - km 3423 - G\u00fcnter&#039;s Blog","robots":{"index":"index","follow":"follow","max-snippet":"max-snippet:-1","max-image-preview":"max-image-preview:large","max-video-preview":"max-video-preview:-1"},"canonical":"http:\/\/guderley.com\/?p=1589","og_locale":"de_DE","og_type":"article","og_title":"23.8. Nowe Gorzycko \/ Polen - Tag 38 - km 3423 - G\u00fcnter&#039;s Blog","og_description":"Sehr zeitig breche ich in Pila, dem ehemaligen Schneidem\u00fchl, auf und wei\u00df noch nicht recht wie weit ich heute fahre. Der Sturm hat sich gelegt trotzdem ist so ein giftiger Gegenwind aus dem Westen da, der mir manchen Kilometer ziemliche Energie abverlangt, entsch\u00e4digt haben mich daf\u00fcr wieder pr\u00e4chtige Alleen. Die Landschaft geht wieder \u00fcber in [&hellip;]","og_url":"http:\/\/guderley.com\/?p=1589","og_site_name":"G\u00fcnter&#039;s Blog","article_published_time":"2012-08-23T17:16:43+00:00","article_modified_time":"2012-08-23T17:42:32+00:00","og_image":[{"url":"http:\/\/guderley.com\/wp-content\/uploads\/2012\/08\/wpid-Photo-23.08.2012-1030.jpg","type":"","width":"","height":""}],"author":"guenter","twitter_card":"summary_large_image","twitter_misc":{"Verfasst von":"guenter","Gesch\u00e4tzte Lesezeit":"1\u00a0Minute"},"schema":{"@context":"https:\/\/schema.org","@graph":[{"@type":"Article","@id":"http:\/\/guderley.com\/?p=1589#article","isPartOf":{"@id":"http:\/\/guderley.com\/?p=1589"},"author":{"name":"guenter","@id":"https:\/\/guderley.com\/#\/schema\/person\/24a827645a6fedd3481426a7028dfdcd"},"headline":"23.8. Nowe Gorzycko \/ Polen &#8211; Tag 38 &#8211; km 3423","datePublished":"2012-08-23T17:16:43+00:00","dateModified":"2012-08-23T17:42:32+00:00","mainEntityOfPage":{"@id":"http:\/\/guderley.com\/?p=1589"},"wordCount":256,"commentCount":2,"publisher":{"@id":"https:\/\/guderley.com\/#\/schema\/person\/24a827645a6fedd3481426a7028dfdcd"},"image":{"@id":"http:\/\/guderley.com\/?p=1589#primaryimage"},"thumbnailUrl":"http:\/\/guderley.com\/wp-content\/uploads\/2012\/08\/wpid-Photo-23.08.2012-1030.jpg","articleSection":["2012 BALTIKUM"],"inLanguage":"de","potentialAction":[{"@type":"CommentAction","name":"Comment","target":["http:\/\/guderley.com\/?p=1589#respond"]}]},{"@type":"WebPage","@id":"http:\/\/guderley.com\/?p=1589","url":"http:\/\/guderley.com\/?p=1589","name":"23.8. Nowe Gorzycko \/ Polen - Tag 38 - km 3423 - G\u00fcnter&#039;s Blog","isPartOf":{"@id":"https:\/\/guderley.com\/#website"},"primaryImageOfPage":{"@id":"http:\/\/guderley.com\/?p=1589#primaryimage"},"image":{"@id":"http:\/\/guderley.com\/?p=1589#primaryimage"},"thumbnailUrl":"http:\/\/guderley.com\/wp-content\/uploads\/2012\/08\/wpid-Photo-23.08.2012-1030.jpg","datePublished":"2012-08-23T17:16:43+00:00","dateModified":"2012-08-23T17:42:32+00:00","breadcrumb":{"@id":"http:\/\/guderley.com\/?p=1589#breadcrumb"},"inLanguage":"de","potentialAction":[{"@type":"ReadAction","target":["http:\/\/guderley.com\/?p=1589"]}]},{"@type":"ImageObject","inLanguage":"de","@id":"http:\/\/guderley.com\/?p=1589#primaryimage","url":"https:\/\/i0.wp.com\/guderley.com\/wp-content\/uploads\/2012\/08\/wpid-Photo-23.08.2012-1030.jpg?fit=1024%2C768&ssl=1","contentUrl":"https:\/\/i0.wp.com\/guderley.com\/wp-content\/uploads\/2012\/08\/wpid-Photo-23.08.2012-1030.jpg?fit=1024%2C768&ssl=1","width":"1024","height":"768"},{"@type":"BreadcrumbList","@id":"http:\/\/guderley.com\/?p=1589#breadcrumb","itemListElement":[{"@type":"ListItem","position":1,"name":"Startseite","item":"https:\/\/guderley.com\/"},{"@type":"ListItem","position":2,"name":"23.8. Nowe Gorzycko \/ Polen &#8211; Tag 38 &#8211; km 3423"}]},{"@type":"WebSite","@id":"https:\/\/guderley.com\/#website","url":"https:\/\/guderley.com\/","name":"G\u00fcnter's Blog","description":"Fahrrad Touren rund um die Welt","publisher":{"@id":"https:\/\/guderley.com\/#\/schema\/person\/24a827645a6fedd3481426a7028dfdcd"},"alternateName":"G\u00fcnter's Blog","potentialAction":[{"@type":"SearchAction","target":{"@type":"EntryPoint","urlTemplate":"https:\/\/guderley.com\/?s={search_term_string}"},"query-input":{"@type":"PropertyValueSpecification","valueRequired":true,"valueName":"search_term_string"}}],"inLanguage":"de"},{"@type":["Person","Organization"],"@id":"https:\/\/guderley.com\/#\/schema\/person\/24a827645a6fedd3481426a7028dfdcd","name":"guenter","image":{"@type":"ImageObject","inLanguage":"de","@id":"https:\/\/guderley.com\/#\/schema\/person\/image\/","url":"https:\/\/i0.wp.com\/guderley.com\/wp-content\/uploads\/img_8008-scaled.jpg?fit=1920%2C2560","contentUrl":"https:\/\/i0.wp.com\/guderley.com\/wp-content\/uploads\/img_8008-scaled.jpg?fit=1920%2C2560","width":1920,"height":2560,"caption":"guenter"},"logo":{"@id":"https:\/\/guderley.com\/#\/schema\/person\/image\/"},"sameAs":["http:\/\/guderley.com\/blog"],"url":"https:\/\/guderley.com\/?author=2"}]}},"jetpack_featured_media_url":"","jetpack_sharing_enabled":true,"jetpack_shortlink":"https:\/\/wp.me\/p9IuXF-pD","jetpack_likes_enabled":true,"jetpack-related-posts":[{"id":4814,"url":"https:\/\/guderley.com\/?p=4814","url_meta":{"origin":1589,"position":0},"title":"MRT 2023 &#8211; 16.05. &#8211; Di &#8211; Tag 5","author":"guenter","date":"Mai 17, 2023","format":false,"excerpt":"Winona MN - Goose Island WI \u2014> 71 km Gesamt: 320 km Ich nehme das Ende vorweg - es war ein Tag von dem man als Tourenradler tr\u00e4umt. Rob hat ein Fr\u00fchst\u00fcck gezaubert - das war der Hammer - kleiner Wermutstropfen f\u00fcr mich, die Familie trinkt keinen Kaffee und es\u2026","rel":"","context":"In &quot;2023 MISSISSIPPI&quot;","block_context":{"text":"2023 MISSISSIPPI","link":"https:\/\/guderley.com\/?cat=34"},"img":{"alt_text":"","src":"https:\/\/i0.wp.com\/guderley.com\/wp-content\/uploads\/img_2850.jpg?resize=350%2C200","width":350,"height":200,"srcset":"https:\/\/i0.wp.com\/guderley.com\/wp-content\/uploads\/img_2850.jpg?resize=350%2C200 1x, https:\/\/i0.wp.com\/guderley.com\/wp-content\/uploads\/img_2850.jpg?resize=525%2C300 1.5x, https:\/\/i0.wp.com\/guderley.com\/wp-content\/uploads\/img_2850.jpg?resize=700%2C400 2x, https:\/\/i0.wp.com\/guderley.com\/wp-content\/uploads\/img_2850.jpg?resize=1050%2C600 3x, https:\/\/i0.wp.com\/guderley.com\/wp-content\/uploads\/img_2850.jpg?resize=1400%2C800 4x"},"classes":[]},{"id":1544,"url":"https:\/\/guderley.com\/?p=1544","url_meta":{"origin":1589,"position":1},"title":"17.8.  Gda\u0144sk \/ Polen &#8211; Tag 32 &#8211; km 2828","author":"guenter","date":"August 17, 2012","format":false,"excerpt":"Die \u00dcbernachtung in Tolkmicko war bestens. Beim Aufwachen drohten dunkle Wolken, so dass ich mich mit dem Abbauen und Einpacken des Zeltes beeilte. Ging aber dann doch vorbei.Im Dorf fragte ich in einem kleinen Lebensmittelladen nach Kaffee, da wollte mir die gute Frau ein Pfund Kaffee verkaufen. Wie es der\u2026","rel":"","context":"In &quot;2012 BALTIKUM&quot;","block_context":{"text":"2012 BALTIKUM","link":"https:\/\/guderley.com\/?cat=22"},"img":{"alt_text":"","src":"https:\/\/i0.wp.com\/guderley.com\/wp-content\/uploads\/2012\/08\/wpid-Photo-17.08.2012-1216.jpg?resize=350%2C200","width":350,"height":200},"classes":[]},{"id":4912,"url":"https:\/\/guderley.com\/?p=4912","url_meta":{"origin":1589,"position":2},"title":"MRT 2023 &#8211; 20.05. &#8211; Sa &#8211; Tag 9","author":"guenter","date":"Mai 21, 2023","format":false,"excerpt":"Lancaster WI - East Dubuque IL \u2014> 56 km Gesamt: 537 km Ich verlasse Lancaster relativ zeitig und fahre auf einer ruhigen Countyroad f\u00fcr \u00fcber 10 Meilen durch das Farmland. Die rolling hills machen Laune, da die Geschwindigkeit bergab fast immer reicht um auf den n\u00e4chsten H\u00fcgel zu kommen. Ein\u2026","rel":"","context":"In &quot;2023 MISSISSIPPI&quot;","block_context":{"text":"2023 MISSISSIPPI","link":"https:\/\/guderley.com\/?cat=34"},"img":{"alt_text":"","src":"https:\/\/i0.wp.com\/guderley.com\/wp-content\/uploads\/img_2941.jpg?fit=1200%2C899&ssl=1&resize=350%2C200","width":350,"height":200,"srcset":"https:\/\/i0.wp.com\/guderley.com\/wp-content\/uploads\/img_2941.jpg?fit=1200%2C899&ssl=1&resize=350%2C200 1x, https:\/\/i0.wp.com\/guderley.com\/wp-content\/uploads\/img_2941.jpg?fit=1200%2C899&ssl=1&resize=525%2C300 1.5x, https:\/\/i0.wp.com\/guderley.com\/wp-content\/uploads\/img_2941.jpg?fit=1200%2C899&ssl=1&resize=700%2C400 2x, https:\/\/i0.wp.com\/guderley.com\/wp-content\/uploads\/img_2941.jpg?fit=1200%2C899&ssl=1&resize=1050%2C600 3x"},"classes":[]},{"id":5755,"url":"https:\/\/guderley.com\/?p=5755","url_meta":{"origin":1589,"position":3},"title":"Tag 2 &#8211; Mo &#8211; 12.8.2024 &#8211; 90 km &#8211; Zwerndorf &#8211; Gesamt-km: 140","author":"guenter","date":"August 12, 2024","format":false,"excerpt":"Nach ca. 8 Stunden Tiefschlaf starte ich in den neuen Tag. Ich genie\u00dfe meinen ersten Espresso in morgendlicher Stille an diesem sch\u00f6nen See. Die Einpackroutine ist noch etwas rostig - nach 15 Monaten. Gegen 7 Uhr sitze ich auf dem Rad. Durch die Weinlandschaft entlang der Thaya fahre ich an\u2026","rel":"","context":"In &quot;2024_Sommer-Tour - 5 L\u00e4nder&quot;","block_context":{"text":"2024_Sommer-Tour - 5 L\u00e4nder","link":"https:\/\/guderley.com\/?cat=35"},"img":{"alt_text":"","src":"https:\/\/i0.wp.com\/guderley.com\/wp-content\/uploads\/img_6946.jpg?resize=350%2C200","width":350,"height":200,"srcset":"https:\/\/i0.wp.com\/guderley.com\/wp-content\/uploads\/img_6946.jpg?resize=350%2C200 1x, https:\/\/i0.wp.com\/guderley.com\/wp-content\/uploads\/img_6946.jpg?resize=525%2C300 1.5x, https:\/\/i0.wp.com\/guderley.com\/wp-content\/uploads\/img_6946.jpg?resize=700%2C400 2x, https:\/\/i0.wp.com\/guderley.com\/wp-content\/uploads\/img_6946.jpg?resize=1050%2C600 3x, https:\/\/i0.wp.com\/guderley.com\/wp-content\/uploads\/img_6946.jpg?resize=1400%2C800 4x"},"classes":[]},{"id":2591,"url":"https:\/\/guderley.com\/?p=2591","url_meta":{"origin":1589,"position":4},"title":"13. Dez. 2014 &#8211; Sa &#8211; 30. Tag","author":"guenter","date":"Dezember 14, 2014","format":false,"excerpt":"107. Etappe - R\u00edo Grande - Tolhuin 89 km - 580 hm \/ Gesamt-Km: 2337Ein luxuri\u00f6ser Start in den Tag. Dusche und Fr\u00fchst\u00fcck im Hotel. Strahlender Sonnenschein und kr\u00e4ftiger Wind begleiten uns aus R\u00edo Grande hinaus. Die ersten zehn Kilometer sind heftig, dann haben wir erstmal den Wind von hinten.Entlang\u2026","rel":"","context":"In &quot;2014 PATAGONIEN&quot;","block_context":{"text":"2014 PATAGONIEN","link":"https:\/\/guderley.com\/?cat=26"},"img":{"alt_text":"","src":"https:\/\/i0.wp.com\/guderley.com\/wp-content\/uploads\/2014\/12\/wpid-Photo-13.12.2014-1117.jpg?resize=350%2C200","width":350,"height":200},"classes":[]},{"id":1583,"url":"https:\/\/guderley.com\/?p=1583","url_meta":{"origin":1589,"position":5},"title":"22.8.  Pila \/ Polen &#8211; Tag 37 &#8211; km 3282","author":"guenter","date":"August 22, 2012","format":false,"excerpt":"Leider blieb es vergangene Nacht doch nicht trocken. Gegen vier Uhr zog wieder einmal eine Gewitterfront \u00fcber uns hinweg, zwar nicht \"schlimm\" aber doch mit gen\u00fcgend Regen, so dass ich gegen Mittag wieder eine \"Trocken\u00fcbung\" hatte. Ich habe die Zeit genutzt und den \"Blauen Elephanten\" komplett sauber gemacht und an\u2026","rel":"","context":"In &quot;2012 BALTIKUM&quot;","block_context":{"text":"2012 BALTIKUM","link":"https:\/\/guderley.com\/?cat=22"},"img":{"alt_text":"","src":"https:\/\/i0.wp.com\/guderley.com\/wp-content\/uploads\/2012\/08\/wpid-Photo-22.08.2012-0955.jpg?resize=350%2C200","width":350,"height":200},"classes":[]}],"_links":{"self":[{"href":"https:\/\/guderley.com\/index.php?rest_route=\/wp\/v2\/posts\/1589","targetHints":{"allow":["GET"]}}],"collection":[{"href":"https:\/\/guderley.com\/index.php?rest_route=\/wp\/v2\/posts"}],"about":[{"href":"https:\/\/guderley.com\/index.php?rest_route=\/wp\/v2\/types\/post"}],"author":[{"embeddable":true,"href":"https:\/\/guderley.com\/index.php?rest_route=\/wp\/v2\/users\/2"}],"replies":[{"embeddable":true,"href":"https:\/\/guderley.com\/index.php?rest_route=%2Fwp%2Fv2%2Fcomments&post=1589"}],"version-history":[{"count":2,"href":"https:\/\/guderley.com\/index.php?rest_route=\/wp\/v2\/posts\/1589\/revisions"}],"predecessor-version":[{"id":1599,"href":"https:\/\/guderley.com\/index.php?rest_route=\/wp\/v2\/posts\/1589\/revisions\/1599"}],"wp:attachment":[{"href":"https:\/\/guderley.com\/index.php?rest_route=%2Fwp%2Fv2%2Fmedia&parent=1589"}],"wp:term":[{"taxonomy":"category","embeddable":true,"href":"https:\/\/guderley.com\/index.php?rest_route=%2Fwp%2Fv2%2Fcategories&post=1589"},{"taxonomy":"post_tag","embeddable":true,"href":"https:\/\/guderley.com\/index.php?rest_route=%2Fwp%2Fv2%2Ftags&post=1589"}],"curies":[{"name":"wp","href":"https:\/\/api.w.org\/{rel}","templated":true}]}}