{"id":1355,"date":"2012-07-30T19:43:14","date_gmt":"2012-07-30T18:43:14","guid":{"rendered":"http:\/\/guderley.com\/?p=1355"},"modified":"2012-07-31T10:20:55","modified_gmt":"2012-07-31T09:20:55","slug":"30-7-roosta-estland-14-tag-1147-km","status":"publish","type":"post","link":"https:\/\/guderley.com\/?p=1355","title":{"rendered":"30.7.  Roosta \/ Estland -14. Tag &#8211; 1147 km"},"content":{"rendered":"<p>Heute morgen habe ich Tallinn zeitig bei gutem Wetter verlassen. Der Weg hinaus aus dieser doch gr\u00f6\u00dferen Stadt verlief problemlos. Gegen 10 Uhr tr\u00fcbte es sich ein und der Wind wurde st\u00fcrmisch aus Westen. Genau da wo ich hinwollte.<\/p>\n<div class=\"separator\" style=\"clear: both; text-align: center;\"><a href=\"https:\/\/i0.wp.com\/guderley.com\/wp-content\/uploads\/2012\/07\/wpid-Photo-30.07.2012-1159.jpg\" target=\"_blank\" style=\"margin-left: 1em; margin-right: 1em;\"><img data-recalc-dims=\"1\" decoding=\"async\" src=\"https:\/\/i0.wp.com\/guderley.com\/wp-content\/uploads\/2012\/07\/wpid-Photo-30.07.2012-1159.jpg?resize=500%2C375\" id=\"blogsy-1343726503133.151\" class=\"aligncenter\" alt=\"\" width=\"500\" height=\"375\"><\/a><\/div>\n<div class=\"separator\" style=\"clear: both; text-align: center;\"><a href=\"https:\/\/i0.wp.com\/guderley.com\/wp-content\/uploads\/2012\/07\/wpid-Photo-30.07.2012-1041.jpg\" target=\"_blank\" style=\"margin-left: 1em; margin-right: 1em;\"><img data-recalc-dims=\"1\" decoding=\"async\" src=\"https:\/\/i0.wp.com\/guderley.com\/wp-content\/uploads\/2012\/07\/wpid-Photo-30.07.2012-1041.jpg?resize=500%2C375\" id=\"blogsy-1343726503153.1082\" class=\"aligncenter\" alt=\"\" width=\"500\" height=\"375\"><\/a><\/div>\n<p>Ich bin die ganze Nordwestk\u00fcste abgeradelt und gerade als ich die \u00e4u\u00dferste Nordwestecke erreichte, hat es mich total eingesaut. Da steht eine sch\u00f6ne Vogelkundlerh\u00fctte, die auch offen war, da habe ich es mir eine Weile gem\u00fctlich gemacht und den gr\u00f6bsten Regen abgewartet.<\/p>\n<div class=\"separator\" style=\"clear: both; text-align: center;\"><a href=\"https:\/\/i0.wp.com\/guderley.com\/wp-content\/uploads\/2012\/07\/wpid-Photo-30.07.2012-1857.jpg\" target=\"_blank\" style=\"margin-left: 1em; margin-right: 1em;\"><img data-recalc-dims=\"1\" decoding=\"async\" src=\"https:\/\/i0.wp.com\/guderley.com\/wp-content\/uploads\/2012\/07\/wpid-Photo-30.07.2012-1857.jpg?resize=500%2C375\" id=\"blogsy-1343726503169.7524\" class=\"aligncenter\" alt=\"\" width=\"500\" height=\"375\"><\/a><\/div>\n<p>Zu \u00dcbernachten habe ich mich dort dann doch nicht getraut und bin 20 km weiter s\u00fcdlich in einer gro\u00dfen Freizeitanlage direkt am Meer gelandet.<\/p>\n<div class=\"separator\" style=\"clear: both; text-align: center;\"><a href=\"https:\/\/i0.wp.com\/guderley.com\/wp-content\/uploads\/2012\/07\/wpid-Photo-30.07.2012-2155.jpg\" target=\"_blank\" style=\"margin-left: 1em; margin-right: 1em;\"><img data-recalc-dims=\"1\" decoding=\"async\" src=\"https:\/\/i0.wp.com\/guderley.com\/wp-content\/uploads\/2012\/07\/wpid-Photo-30.07.2012-2155.jpg?resize=500%2C375\" id=\"blogsy-1343726503111.9277\" class=\"aligncenter\" alt=\"\" width=\"500\" height=\"375\"><\/a><\/div>\n<p>Eben habe ich mein Zelt aufgebaut, den Reisedreck abgesp\u00fclt und jetzt genehmige ich mir ein Feierabendbier am Strand. Den Sonnenuntergang gab es dann gratis dazu.<\/p>\n<div class=\"separator\" style=\"clear: both; text-align: center;\"><a href=\"https:\/\/i0.wp.com\/guderley.com\/wp-content\/uploads\/2012\/07\/wpid-Photo-30.07.2012-2157.jpg\" target=\"_blank\" style=\"margin-left: 1em; margin-right: 1em;\"><img data-recalc-dims=\"1\" decoding=\"async\" src=\"https:\/\/i0.wp.com\/guderley.com\/wp-content\/uploads\/2012\/07\/wpid-Photo-30.07.2012-2157.jpg?resize=500%2C375\" id=\"blogsy-1343726503120.3855\" class=\"aligncenter\" alt=\"\" width=\"500\" height=\"375\"><\/a><\/div>\n<p>Hoffentlich bleibt es trocken heute Nacht.<\/p>\n<p>&nbsp;<\/p>\n<div style=\"text-align: right; font-size: small; clear: both;\" id=\"blogsy_footer\"><a href=\"http:\/\/blogsyapp.com\" target=\"_blank\"><img data-recalc-dims=\"1\" decoding=\"async\" src=\"https:\/\/i0.wp.com\/blogsyapp.com\/images\/blogsy_footer_icon.png?resize=20%2C20\" alt=\"Mit Blogsy ver\u00f6ffentlicht\" style=\"vertical-align: middle; margin-right: 5px;\" width=\"20\" height=\"20\" \/>Mit Blogsy ver\u00f6ffentlicht<\/a><\/div>\n","protected":false},"excerpt":{"rendered":"<p>Heute morgen habe ich Tallinn zeitig bei gutem Wetter verlassen. Der Weg hinaus aus dieser doch gr\u00f6\u00dferen Stadt verlief problemlos. Gegen 10 Uhr tr\u00fcbte es sich ein und der Wind wurde st\u00fcrmisch aus Westen. Genau da wo ich hinwollte. Ich bin die ganze Nordwestk\u00fcste abgeradelt und gerade als ich die \u00e4u\u00dferste Nordwestecke erreichte, hat es [&hellip;]<\/p>\n","protected":false},"author":2,"featured_media":0,"comment_status":"open","ping_status":"open","sticky":false,"template":"","format":"standard","meta":{"_jetpack_newsletter_access":"","_jetpack_dont_email_post_to_subs":false,"_jetpack_newsletter_tier_id":0,"_jetpack_memberships_contains_paywalled_content":false,"_jetpack_memberships_contains_paid_content":false,"footnotes":""},"categories":[22],"tags":[],"class_list":["post-1355","post","type-post","status-publish","format-standard","hentry","category-baltikum-2012"],"yoast_head":"<!-- This site is optimized with the Yoast SEO plugin v25.8 - https:\/\/yoast.com\/wordpress\/plugins\/seo\/ -->\n<title>30.7. Roosta \/ Estland -14. Tag - 1147 km - G\u00fcnter&#039;s Blog<\/title>\n<meta name=\"robots\" content=\"index, follow, max-snippet:-1, max-image-preview:large, max-video-preview:-1\" \/>\n<link rel=\"canonical\" href=\"https:\/\/guderley.com\/?p=1355\" \/>\n<meta property=\"og:locale\" content=\"de_DE\" \/>\n<meta property=\"og:type\" content=\"article\" \/>\n<meta property=\"og:title\" content=\"30.7. Roosta \/ Estland -14. Tag - 1147 km - G\u00fcnter&#039;s Blog\" \/>\n<meta property=\"og:description\" content=\"Heute morgen habe ich Tallinn zeitig bei gutem Wetter verlassen. Der Weg hinaus aus dieser doch gr\u00f6\u00dferen Stadt verlief problemlos. Gegen 10 Uhr tr\u00fcbte es sich ein und der Wind wurde st\u00fcrmisch aus Westen. Genau da wo ich hinwollte. Ich bin die ganze Nordwestk\u00fcste abgeradelt und gerade als ich die \u00e4u\u00dferste Nordwestecke erreichte, hat es [&hellip;]\" \/>\n<meta property=\"og:url\" content=\"https:\/\/guderley.com\/?p=1355\" \/>\n<meta property=\"og:site_name\" content=\"G\u00fcnter&#039;s Blog\" \/>\n<meta property=\"article:published_time\" content=\"2012-07-30T18:43:14+00:00\" \/>\n<meta property=\"article:modified_time\" content=\"2012-07-31T09:20:55+00:00\" \/>\n<meta property=\"og:image\" content=\"http:\/\/guderley.com\/wp-content\/uploads\/2012\/07\/wpid-Photo-30.07.2012-1159.jpg\" \/>\n<meta name=\"author\" content=\"guenter\" \/>\n<meta name=\"twitter:card\" content=\"summary_large_image\" \/>\n<meta name=\"twitter:label1\" content=\"Verfasst von\" \/>\n\t<meta name=\"twitter:data1\" content=\"guenter\" \/>\n\t<meta name=\"twitter:label2\" content=\"Gesch\u00e4tzte Lesezeit\" \/>\n\t<meta name=\"twitter:data2\" content=\"1\u00a0Minute\" \/>\n<script type=\"application\/ld+json\" class=\"yoast-schema-graph\">{\"@context\":\"https:\/\/schema.org\",\"@graph\":[{\"@type\":\"Article\",\"@id\":\"https:\/\/guderley.com\/?p=1355#article\",\"isPartOf\":{\"@id\":\"https:\/\/guderley.com\/?p=1355\"},\"author\":{\"name\":\"guenter\",\"@id\":\"https:\/\/guderley.com\/#\/schema\/person\/24a827645a6fedd3481426a7028dfdcd\"},\"headline\":\"30.7. Roosta \/ Estland -14. Tag &#8211; 1147 km\",\"datePublished\":\"2012-07-30T18:43:14+00:00\",\"dateModified\":\"2012-07-31T09:20:55+00:00\",\"mainEntityOfPage\":{\"@id\":\"https:\/\/guderley.com\/?p=1355\"},\"wordCount\":157,\"commentCount\":3,\"publisher\":{\"@id\":\"https:\/\/guderley.com\/#\/schema\/person\/24a827645a6fedd3481426a7028dfdcd\"},\"image\":{\"@id\":\"https:\/\/guderley.com\/?p=1355#primaryimage\"},\"thumbnailUrl\":\"http:\/\/guderley.com\/wp-content\/uploads\/2012\/07\/wpid-Photo-30.07.2012-1159.jpg\",\"articleSection\":[\"2012 BALTIKUM\"],\"inLanguage\":\"de\",\"potentialAction\":[{\"@type\":\"CommentAction\",\"name\":\"Comment\",\"target\":[\"https:\/\/guderley.com\/?p=1355#respond\"]}]},{\"@type\":\"WebPage\",\"@id\":\"https:\/\/guderley.com\/?p=1355\",\"url\":\"https:\/\/guderley.com\/?p=1355\",\"name\":\"30.7. Roosta \/ Estland -14. Tag - 1147 km - G\u00fcnter&#039;s Blog\",\"isPartOf\":{\"@id\":\"https:\/\/guderley.com\/#website\"},\"primaryImageOfPage\":{\"@id\":\"https:\/\/guderley.com\/?p=1355#primaryimage\"},\"image\":{\"@id\":\"https:\/\/guderley.com\/?p=1355#primaryimage\"},\"thumbnailUrl\":\"http:\/\/guderley.com\/wp-content\/uploads\/2012\/07\/wpid-Photo-30.07.2012-1159.jpg\",\"datePublished\":\"2012-07-30T18:43:14+00:00\",\"dateModified\":\"2012-07-31T09:20:55+00:00\",\"breadcrumb\":{\"@id\":\"https:\/\/guderley.com\/?p=1355#breadcrumb\"},\"inLanguage\":\"de\",\"potentialAction\":[{\"@type\":\"ReadAction\",\"target\":[\"https:\/\/guderley.com\/?p=1355\"]}]},{\"@type\":\"ImageObject\",\"inLanguage\":\"de\",\"@id\":\"https:\/\/guderley.com\/?p=1355#primaryimage\",\"url\":\"https:\/\/i0.wp.com\/guderley.com\/wp-content\/uploads\/2012\/07\/wpid-Photo-30.07.2012-1159.jpg?fit=1024%2C768&ssl=1\",\"contentUrl\":\"https:\/\/i0.wp.com\/guderley.com\/wp-content\/uploads\/2012\/07\/wpid-Photo-30.07.2012-1159.jpg?fit=1024%2C768&ssl=1\",\"width\":\"1024\",\"height\":\"768\"},{\"@type\":\"BreadcrumbList\",\"@id\":\"https:\/\/guderley.com\/?p=1355#breadcrumb\",\"itemListElement\":[{\"@type\":\"ListItem\",\"position\":1,\"name\":\"Startseite\",\"item\":\"https:\/\/guderley.com\/\"},{\"@type\":\"ListItem\",\"position\":2,\"name\":\"30.7. Roosta \/ Estland -14. Tag &#8211; 1147 km\"}]},{\"@type\":\"WebSite\",\"@id\":\"https:\/\/guderley.com\/#website\",\"url\":\"https:\/\/guderley.com\/\",\"name\":\"G\u00fcnter's Blog\",\"description\":\"Fahrrad Touren rund um die Welt\",\"publisher\":{\"@id\":\"https:\/\/guderley.com\/#\/schema\/person\/24a827645a6fedd3481426a7028dfdcd\"},\"alternateName\":\"G\u00fcnter's Blog\",\"potentialAction\":[{\"@type\":\"SearchAction\",\"target\":{\"@type\":\"EntryPoint\",\"urlTemplate\":\"https:\/\/guderley.com\/?s={search_term_string}\"},\"query-input\":{\"@type\":\"PropertyValueSpecification\",\"valueRequired\":true,\"valueName\":\"search_term_string\"}}],\"inLanguage\":\"de\"},{\"@type\":[\"Person\",\"Organization\"],\"@id\":\"https:\/\/guderley.com\/#\/schema\/person\/24a827645a6fedd3481426a7028dfdcd\",\"name\":\"guenter\",\"image\":{\"@type\":\"ImageObject\",\"inLanguage\":\"de\",\"@id\":\"https:\/\/guderley.com\/#\/schema\/person\/image\/\",\"url\":\"https:\/\/i0.wp.com\/guderley.com\/wp-content\/uploads\/img_8008-scaled.jpg?fit=1920%2C2560\",\"contentUrl\":\"https:\/\/i0.wp.com\/guderley.com\/wp-content\/uploads\/img_8008-scaled.jpg?fit=1920%2C2560\",\"width\":1920,\"height\":2560,\"caption\":\"guenter\"},\"logo\":{\"@id\":\"https:\/\/guderley.com\/#\/schema\/person\/image\/\"},\"sameAs\":[\"http:\/\/guderley.com\/blog\"],\"url\":\"https:\/\/guderley.com\/?author=2\"}]}<\/script>\n<!-- \/ Yoast SEO plugin. -->","yoast_head_json":{"title":"30.7. Roosta \/ Estland -14. Tag - 1147 km - G\u00fcnter&#039;s Blog","robots":{"index":"index","follow":"follow","max-snippet":"max-snippet:-1","max-image-preview":"max-image-preview:large","max-video-preview":"max-video-preview:-1"},"canonical":"https:\/\/guderley.com\/?p=1355","og_locale":"de_DE","og_type":"article","og_title":"30.7. Roosta \/ Estland -14. Tag - 1147 km - G\u00fcnter&#039;s Blog","og_description":"Heute morgen habe ich Tallinn zeitig bei gutem Wetter verlassen. Der Weg hinaus aus dieser doch gr\u00f6\u00dferen Stadt verlief problemlos. Gegen 10 Uhr tr\u00fcbte es sich ein und der Wind wurde st\u00fcrmisch aus Westen. Genau da wo ich hinwollte. Ich bin die ganze Nordwestk\u00fcste abgeradelt und gerade als ich die \u00e4u\u00dferste Nordwestecke erreichte, hat es [&hellip;]","og_url":"https:\/\/guderley.com\/?p=1355","og_site_name":"G\u00fcnter&#039;s Blog","article_published_time":"2012-07-30T18:43:14+00:00","article_modified_time":"2012-07-31T09:20:55+00:00","og_image":[{"url":"http:\/\/guderley.com\/wp-content\/uploads\/2012\/07\/wpid-Photo-30.07.2012-1159.jpg","type":"","width":"","height":""}],"author":"guenter","twitter_card":"summary_large_image","twitter_misc":{"Verfasst von":"guenter","Gesch\u00e4tzte Lesezeit":"1\u00a0Minute"},"schema":{"@context":"https:\/\/schema.org","@graph":[{"@type":"Article","@id":"https:\/\/guderley.com\/?p=1355#article","isPartOf":{"@id":"https:\/\/guderley.com\/?p=1355"},"author":{"name":"guenter","@id":"https:\/\/guderley.com\/#\/schema\/person\/24a827645a6fedd3481426a7028dfdcd"},"headline":"30.7. Roosta \/ Estland -14. Tag &#8211; 1147 km","datePublished":"2012-07-30T18:43:14+00:00","dateModified":"2012-07-31T09:20:55+00:00","mainEntityOfPage":{"@id":"https:\/\/guderley.com\/?p=1355"},"wordCount":157,"commentCount":3,"publisher":{"@id":"https:\/\/guderley.com\/#\/schema\/person\/24a827645a6fedd3481426a7028dfdcd"},"image":{"@id":"https:\/\/guderley.com\/?p=1355#primaryimage"},"thumbnailUrl":"http:\/\/guderley.com\/wp-content\/uploads\/2012\/07\/wpid-Photo-30.07.2012-1159.jpg","articleSection":["2012 BALTIKUM"],"inLanguage":"de","potentialAction":[{"@type":"CommentAction","name":"Comment","target":["https:\/\/guderley.com\/?p=1355#respond"]}]},{"@type":"WebPage","@id":"https:\/\/guderley.com\/?p=1355","url":"https:\/\/guderley.com\/?p=1355","name":"30.7. Roosta \/ Estland -14. Tag - 1147 km - G\u00fcnter&#039;s Blog","isPartOf":{"@id":"https:\/\/guderley.com\/#website"},"primaryImageOfPage":{"@id":"https:\/\/guderley.com\/?p=1355#primaryimage"},"image":{"@id":"https:\/\/guderley.com\/?p=1355#primaryimage"},"thumbnailUrl":"http:\/\/guderley.com\/wp-content\/uploads\/2012\/07\/wpid-Photo-30.07.2012-1159.jpg","datePublished":"2012-07-30T18:43:14+00:00","dateModified":"2012-07-31T09:20:55+00:00","breadcrumb":{"@id":"https:\/\/guderley.com\/?p=1355#breadcrumb"},"inLanguage":"de","potentialAction":[{"@type":"ReadAction","target":["https:\/\/guderley.com\/?p=1355"]}]},{"@type":"ImageObject","inLanguage":"de","@id":"https:\/\/guderley.com\/?p=1355#primaryimage","url":"https:\/\/i0.wp.com\/guderley.com\/wp-content\/uploads\/2012\/07\/wpid-Photo-30.07.2012-1159.jpg?fit=1024%2C768&ssl=1","contentUrl":"https:\/\/i0.wp.com\/guderley.com\/wp-content\/uploads\/2012\/07\/wpid-Photo-30.07.2012-1159.jpg?fit=1024%2C768&ssl=1","width":"1024","height":"768"},{"@type":"BreadcrumbList","@id":"https:\/\/guderley.com\/?p=1355#breadcrumb","itemListElement":[{"@type":"ListItem","position":1,"name":"Startseite","item":"https:\/\/guderley.com\/"},{"@type":"ListItem","position":2,"name":"30.7. Roosta \/ Estland -14. Tag &#8211; 1147 km"}]},{"@type":"WebSite","@id":"https:\/\/guderley.com\/#website","url":"https:\/\/guderley.com\/","name":"G\u00fcnter's Blog","description":"Fahrrad Touren rund um die Welt","publisher":{"@id":"https:\/\/guderley.com\/#\/schema\/person\/24a827645a6fedd3481426a7028dfdcd"},"alternateName":"G\u00fcnter's Blog","potentialAction":[{"@type":"SearchAction","target":{"@type":"EntryPoint","urlTemplate":"https:\/\/guderley.com\/?s={search_term_string}"},"query-input":{"@type":"PropertyValueSpecification","valueRequired":true,"valueName":"search_term_string"}}],"inLanguage":"de"},{"@type":["Person","Organization"],"@id":"https:\/\/guderley.com\/#\/schema\/person\/24a827645a6fedd3481426a7028dfdcd","name":"guenter","image":{"@type":"ImageObject","inLanguage":"de","@id":"https:\/\/guderley.com\/#\/schema\/person\/image\/","url":"https:\/\/i0.wp.com\/guderley.com\/wp-content\/uploads\/img_8008-scaled.jpg?fit=1920%2C2560","contentUrl":"https:\/\/i0.wp.com\/guderley.com\/wp-content\/uploads\/img_8008-scaled.jpg?fit=1920%2C2560","width":1920,"height":2560,"caption":"guenter"},"logo":{"@id":"https:\/\/guderley.com\/#\/schema\/person\/image\/"},"sameAs":["http:\/\/guderley.com\/blog"],"url":"https:\/\/guderley.com\/?author=2"}]}},"jetpack_featured_media_url":"","jetpack_sharing_enabled":true,"jetpack_shortlink":"https:\/\/wp.me\/p9IuXF-lR","jetpack_likes_enabled":true,"jetpack-related-posts":[{"id":1796,"url":"https:\/\/guderley.com\/?p=1796","url_meta":{"origin":1355,"position":0},"title":"Torsang &#8211;  Tag 14  &#8211;  Sonntag, 26. Mai","author":"guenter","date":"Mai 26, 2013","format":false,"excerpt":"118 km \/ 1034 hm \/ 7:32 h - Gesamt 1493 km \/ 7869 hm \/ 89:49 Heute ist Muttertag in Schweden, da ist jede Menge los. Ich fr\u00fchst\u00fccke zusammen mit meinen Gastgebern und erfahre ganz viel \u00fcber schwedische Gepflogenheiten. Aus Kopparberg hinaus geht es erstmal eine Stunde hinauf in\u2026","rel":"","context":"In &quot;2013 NORDKAPP&quot;","block_context":{"text":"2013 NORDKAPP","link":"https:\/\/guderley.com\/?cat=23"},"img":{"alt_text":"","src":"https:\/\/i0.wp.com\/guderley.com\/wp-content\/uploads\/2013\/05\/wpid-Photo-26.05.2013-0902.jpg?resize=350%2C200","width":350,"height":200},"classes":[]},{"id":2237,"url":"https:\/\/guderley.com\/?p=2237","url_meta":{"origin":1355,"position":1},"title":"12. Nov. 2014 &#8211; Mi &#8211; Bariloche","author":"guenter","date":"November 12, 2014","format":false,"excerpt":"Das tat sehr gut nach der Nacht im Flieger in einem bequemen Bett zu liegen. Ich habe sehr gut geschlafen, allerdings bin ich noch im Europa-Modus, um 4:00 Uhr Ortszeit war die Nacht zu Ende. Das gab mir die Gelegenheit einen - farblich gesehen - mega-kitschigen Sonnenaufgang \u00fcber dem See\u2026","rel":"","context":"In &quot;2014 PATAGONIEN&quot;","block_context":{"text":"2014 PATAGONIEN","link":"https:\/\/guderley.com\/?cat=26"},"img":{"alt_text":"Mit Blogsy ver\u00f6ffentlicht","src":"https:\/\/i0.wp.com\/blogsyapp.com\/images\/blogsy_footer_icon.png?resize=350%2C200","width":350,"height":200},"classes":[]},{"id":2166,"url":"https:\/\/guderley.com\/?p=2166","url_meta":{"origin":1355,"position":2},"title":"Heimweg &#8211; Tag 43 &#8211; Montag, 24. Juni","author":"guenter","date":"Juni 24, 2013","format":false,"excerpt":"Die erste Etappe ist geschafft. Sowohl der Blaue Elefant als auch ich sind ohne Sch\u00e4den, mit einer guten Stunde Versp\u00e4tung, am Hauptbahnhof in Helsinki angekommen. Coole Nacht - nicht im w\u00f6rtlichen Sinne zu verstehen. Der sogenannte \"Express-Train\" hat aus meiner Sicht an Stationen angehalten, da bleiben nicht mal unsere RegionalExpress-Z\u00fcge\u2026","rel":"","context":"In &quot;2013 NORDKAPP&quot;","block_context":{"text":"2013 NORDKAPP","link":"https:\/\/guderley.com\/?cat=23"},"img":{"alt_text":"","src":"https:\/\/i0.wp.com\/guderley.com\/wp-content\/uploads\/2013\/06\/wpid-Photo-24.06.2013-0759.jpg?resize=350%2C200","width":350,"height":200},"classes":[]},{"id":2793,"url":"https:\/\/guderley.com\/?p=2793","url_meta":{"origin":1355,"position":3},"title":"Tag 19 &#8211; Mo 15.6.2015 &#8211; 98 km B\u00e9nouville \/ Gesamt: 2054 km","author":"guenter","date":"Juni 16, 2015","format":false,"excerpt":"Der Start in den Tag geht im Hotel etwas weniger aufw\u00e4ndig - als im Zelt. Das erste Ziel f\u00fcr heute war, die Pont de Normandie, eine imposante Schr\u00e4gseilbr\u00fccke, als Radfahrer zu erreichen. Klar war es gibt eine - wenn auch schmale - Radspur um hin\u00fcber auf die andere Seite der\u2026","rel":"","context":"In &quot;2015 BENELUX - FRANKREICH&quot;","block_context":{"text":"2015 BENELUX - FRANKREICH","link":"https:\/\/guderley.com\/?cat=27"},"img":{"alt_text":"","src":"https:\/\/i0.wp.com\/guderley.com\/wp-content\/uploads\/2015\/06\/wpid-Photo-15.06.2015-0716.jpg?resize=350%2C200","width":350,"height":200},"classes":[]},{"id":868,"url":"https:\/\/guderley.com\/?p=868","url_meta":{"origin":1355,"position":4},"title":"16.08.2011  Haldenwang  202 km","author":"guenter","date":"August 16, 2011","format":false,"excerpt":"Ein sensationeller Bike-Tag war das heute. Den ganzen Tag quer durch das Allg\u00e4u, vom Ostallg\u00e4u ins Oberallg\u00e4u und runter ins Illertal. Neuschwanstein und Hohenschwangau wie hingemalt. Aus F\u00fcssen bin ich allerdings gleich wieder gefl\u00fcchtet, die Stadt war zum Bersten voll mit Besuchern. Die H\u00f6henmeter habe ich gottseidank nicht gez\u00e4hlt, aber\u2026","rel":"","context":"In &quot;2011 ALLG\u00c4U - NECKAR&quot;","block_context":{"text":"2011 ALLG\u00c4U - NECKAR","link":"https:\/\/guderley.com\/?cat=14"},"img":{"alt_text":"","src":"","width":0,"height":0},"classes":[]},{"id":1566,"url":"https:\/\/guderley.com\/?p=1566","url_meta":{"origin":1355,"position":5},"title":"19.8.  Gda\u0144sk \/ Polen &#8211; Tag 34 &#8211; km 2895","author":"guenter","date":"August 19, 2012","format":false,"excerpt":"Heute war ein strahlender Hochsommertag mit deutlich \u00fcber 30 Grad. Um 8:30 Uhr bin ich mit ganz vielen anderen Leuten mit der F\u00e4hre hinaus auf die Halbinsel Hel gefahren. Das dauert knapp zwei Stunden und ist ein beliebtes Sommerziel, sowohl f\u00fcr Tagesausfl\u00fcgler, wie auch Dauerurlauber.Entsprechend voll sind die Str\u00e4nde auf\u2026","rel":"","context":"In &quot;2012 BALTIKUM&quot;","block_context":{"text":"2012 BALTIKUM","link":"https:\/\/guderley.com\/?cat=22"},"img":{"alt_text":"","src":"https:\/\/i0.wp.com\/guderley.com\/wp-content\/uploads\/2012\/08\/wpid-Photo-19.08.2012-1620.jpg?resize=350%2C200","width":350,"height":200},"classes":[]}],"_links":{"self":[{"href":"https:\/\/guderley.com\/index.php?rest_route=\/wp\/v2\/posts\/1355","targetHints":{"allow":["GET"]}}],"collection":[{"href":"https:\/\/guderley.com\/index.php?rest_route=\/wp\/v2\/posts"}],"about":[{"href":"https:\/\/guderley.com\/index.php?rest_route=\/wp\/v2\/types\/post"}],"author":[{"embeddable":true,"href":"https:\/\/guderley.com\/index.php?rest_route=\/wp\/v2\/users\/2"}],"replies":[{"embeddable":true,"href":"https:\/\/guderley.com\/index.php?rest_route=%2Fwp%2Fv2%2Fcomments&post=1355"}],"version-history":[{"count":1,"href":"https:\/\/guderley.com\/index.php?rest_route=\/wp\/v2\/posts\/1355\/revisions"}],"predecessor-version":[{"id":1361,"href":"https:\/\/guderley.com\/index.php?rest_route=\/wp\/v2\/posts\/1355\/revisions\/1361"}],"wp:attachment":[{"href":"https:\/\/guderley.com\/index.php?rest_route=%2Fwp%2Fv2%2Fmedia&parent=1355"}],"wp:term":[{"taxonomy":"category","embeddable":true,"href":"https:\/\/guderley.com\/index.php?rest_route=%2Fwp%2Fv2%2Fcategories&post=1355"},{"taxonomy":"post_tag","embeddable":true,"href":"https:\/\/guderley.com\/index.php?rest_route=%2Fwp%2Fv2%2Ftags&post=1355"}],"curies":[{"name":"wp","href":"https:\/\/api.w.org\/{rel}","templated":true}]}}