{"id":1353,"date":"2012-07-29T15:19:49","date_gmt":"2012-07-29T14:19:49","guid":{"rendered":"http:\/\/guderley.com\/?p=1353"},"modified":"2012-07-29T15:19:49","modified_gmt":"2012-07-29T14:19:49","slug":"29-7-tallinn-estland-13-tag-ruhetag-2","status":"publish","type":"post","link":"https:\/\/guderley.com\/?p=1353","title":{"rendered":"29.7.  Tallinn \/ Estland &#8211; 13. Tag &#8211; Ruhetag"},"content":{"rendered":"<p> Der heutige Ruhetag bietet sich an, mal so einige Wahrnehmungen aus Sicht eines fahrradfahrenden Ausl\u00e4nders aufzuschreiben:<\/p>\n<ul>\n<li>Zu allererst das M\u00e4rchen von den &#8222;Sch\u00f6nsten Frauen Europas. Also es gibt sicher viele attraktive Frauen hier, aber die sind auch nicht sch\u00f6ner als bei uns oder in anderen L\u00e4ndern Europas.<\/li>\n<li>Die Esten sind wohl das &#8222;internet-affinste Volk&#8220; in Europa. Es gibt kaum einen Platz oder Ort an dem nicht freier Internetzugang m\u00f6glich ist. Entsprechend hoch ist auch die Nutzung und die Durchdringung mit Smartphones.<\/li>\n<li>Die Esten sind manchmal etwas ungest\u00fcme Autofahrer, aber sehr fair zu dem &#8222;armen Radfahrer&#8220;. Ich wurde noch nicht einmal angehupt.<\/li>\n<li>Es gibt gef\u00fchlt insgesamt weniger Verbote in der \u00d6ffentlichkeit. Manchmal erwarte ich &#8211; typisch Deutsch &#8211; dass jemand kommt und mir sagt, das Fahrrad k\u00f6nnen sie da aber nicht hinstellen. Ist auch noch nicht passiert.<\/li>\n<li>Was die Freundlichkeit der Menschen angeht, zumindest in den Teilen des Landes, wo ich bisher gefahren bin, war es nicht so weit her. Ich gr\u00fc\u00dfe prinzipiell vom Fahrrad alle Leute oder winke den Leuten auf den Feldern zu, da kam bisher wenig Resonanz.<\/li>\n<li>Die Einkaufsm\u00f6glichkeiten, speziell im flachen Land, sind sehr rustikal und entsprechen unseren L\u00e4den aus den 50er und 60er Jahren. Meist steht dann auch tats\u00e4chlich &#8222;Tante Emma&#8220; hinterm Tresen.<\/li>\n<li>Die junge Generation spricht sehr gut und gerne Englisch. Hie und da habe ich schon junge Leute getroffen, die sich auch mit der deutschen Sprache besch\u00e4ftigen.<\/li>\n<li>Estland ist exzellent bereisbar gerade auch mit dem Fahrrad.<\/li>\n<\/ul>\n<p>&nbsp;<\/p>\n<div style=\"text-align: right; font-size: small; clear: both;\" id=\"blogsy_footer\"><a href=\"http:\/\/blogsyapp.com\" target=\"_blank\"><img data-recalc-dims=\"1\" decoding=\"async\" src=\"https:\/\/i0.wp.com\/blogsyapp.com\/images\/blogsy_footer_icon.png?resize=20%2C20\" alt=\"Mit Blogsy ver\u00f6ffentlicht\" style=\"vertical-align: middle; margin-right: 5px;\" width=\"20\" height=\"20\" \/>Mit Blogsy ver\u00f6ffentlicht<\/a><\/div>\n","protected":false},"excerpt":{"rendered":"<p>Der heutige Ruhetag bietet sich an, mal so einige Wahrnehmungen aus Sicht eines fahrradfahrenden Ausl\u00e4nders aufzuschreiben: Zu allererst das M\u00e4rchen von den &#8222;Sch\u00f6nsten Frauen Europas. Also es gibt sicher viele attraktive Frauen hier, aber die sind auch nicht sch\u00f6ner als bei uns oder in anderen L\u00e4ndern Europas. Die Esten sind wohl das &#8222;internet-affinste Volk&#8220; in [&hellip;]<\/p>\n","protected":false},"author":2,"featured_media":0,"comment_status":"open","ping_status":"open","sticky":false,"template":"","format":"standard","meta":{"_jetpack_newsletter_access":"","_jetpack_dont_email_post_to_subs":false,"_jetpack_newsletter_tier_id":0,"_jetpack_memberships_contains_paywalled_content":false,"_jetpack_memberships_contains_paid_content":false,"footnotes":""},"categories":[22],"tags":[],"class_list":["post-1353","post","type-post","status-publish","format-standard","hentry","category-baltikum-2012"],"yoast_head":"<!-- This site is optimized with the Yoast SEO plugin v25.8 - https:\/\/yoast.com\/wordpress\/plugins\/seo\/ -->\n<title>29.7. Tallinn \/ Estland - 13. Tag - Ruhetag - G\u00fcnter&#039;s Blog<\/title>\n<meta name=\"robots\" content=\"index, follow, max-snippet:-1, max-image-preview:large, max-video-preview:-1\" \/>\n<link rel=\"canonical\" href=\"https:\/\/guderley.com\/?p=1353\" \/>\n<meta property=\"og:locale\" content=\"de_DE\" \/>\n<meta property=\"og:type\" content=\"article\" \/>\n<meta property=\"og:title\" content=\"29.7. Tallinn \/ Estland - 13. Tag - Ruhetag - G\u00fcnter&#039;s Blog\" \/>\n<meta property=\"og:description\" content=\"Der heutige Ruhetag bietet sich an, mal so einige Wahrnehmungen aus Sicht eines fahrradfahrenden Ausl\u00e4nders aufzuschreiben: Zu allererst das M\u00e4rchen von den &#8222;Sch\u00f6nsten Frauen Europas. Also es gibt sicher viele attraktive Frauen hier, aber die sind auch nicht sch\u00f6ner als bei uns oder in anderen L\u00e4ndern Europas. Die Esten sind wohl das &#8222;internet-affinste Volk&#8220; in [&hellip;]\" \/>\n<meta property=\"og:url\" content=\"https:\/\/guderley.com\/?p=1353\" \/>\n<meta property=\"og:site_name\" content=\"G\u00fcnter&#039;s Blog\" \/>\n<meta property=\"article:published_time\" content=\"2012-07-29T14:19:49+00:00\" \/>\n<meta property=\"og:image\" content=\"http:\/\/blogsyapp.com\/images\/blogsy_footer_icon.png\" \/>\n<meta name=\"author\" content=\"guenter\" \/>\n<meta name=\"twitter:card\" content=\"summary_large_image\" \/>\n<meta name=\"twitter:label1\" content=\"Verfasst von\" \/>\n\t<meta name=\"twitter:data1\" content=\"guenter\" \/>\n\t<meta name=\"twitter:label2\" content=\"Gesch\u00e4tzte Lesezeit\" \/>\n\t<meta name=\"twitter:data2\" content=\"1\u00a0Minute\" \/>\n<script type=\"application\/ld+json\" class=\"yoast-schema-graph\">{\"@context\":\"https:\/\/schema.org\",\"@graph\":[{\"@type\":\"Article\",\"@id\":\"https:\/\/guderley.com\/?p=1353#article\",\"isPartOf\":{\"@id\":\"https:\/\/guderley.com\/?p=1353\"},\"author\":{\"name\":\"guenter\",\"@id\":\"https:\/\/guderley.com\/#\/schema\/person\/24a827645a6fedd3481426a7028dfdcd\"},\"headline\":\"29.7. Tallinn \/ Estland &#8211; 13. Tag &#8211; Ruhetag\",\"datePublished\":\"2012-07-29T14:19:49+00:00\",\"mainEntityOfPage\":{\"@id\":\"https:\/\/guderley.com\/?p=1353\"},\"wordCount\":267,\"commentCount\":2,\"publisher\":{\"@id\":\"https:\/\/guderley.com\/#\/schema\/person\/24a827645a6fedd3481426a7028dfdcd\"},\"image\":{\"@id\":\"https:\/\/guderley.com\/?p=1353#primaryimage\"},\"thumbnailUrl\":\"http:\/\/blogsyapp.com\/images\/blogsy_footer_icon.png\",\"articleSection\":[\"2012 BALTIKUM\"],\"inLanguage\":\"de\",\"potentialAction\":[{\"@type\":\"CommentAction\",\"name\":\"Comment\",\"target\":[\"https:\/\/guderley.com\/?p=1353#respond\"]}]},{\"@type\":\"WebPage\",\"@id\":\"https:\/\/guderley.com\/?p=1353\",\"url\":\"https:\/\/guderley.com\/?p=1353\",\"name\":\"29.7. Tallinn \/ Estland - 13. Tag - Ruhetag - G\u00fcnter&#039;s Blog\",\"isPartOf\":{\"@id\":\"https:\/\/guderley.com\/#website\"},\"primaryImageOfPage\":{\"@id\":\"https:\/\/guderley.com\/?p=1353#primaryimage\"},\"image\":{\"@id\":\"https:\/\/guderley.com\/?p=1353#primaryimage\"},\"thumbnailUrl\":\"http:\/\/blogsyapp.com\/images\/blogsy_footer_icon.png\",\"datePublished\":\"2012-07-29T14:19:49+00:00\",\"breadcrumb\":{\"@id\":\"https:\/\/guderley.com\/?p=1353#breadcrumb\"},\"inLanguage\":\"de\",\"potentialAction\":[{\"@type\":\"ReadAction\",\"target\":[\"https:\/\/guderley.com\/?p=1353\"]}]},{\"@type\":\"ImageObject\",\"inLanguage\":\"de\",\"@id\":\"https:\/\/guderley.com\/?p=1353#primaryimage\",\"url\":\"http:\/\/blogsyapp.com\/images\/blogsy_footer_icon.png\",\"contentUrl\":\"http:\/\/blogsyapp.com\/images\/blogsy_footer_icon.png\"},{\"@type\":\"BreadcrumbList\",\"@id\":\"https:\/\/guderley.com\/?p=1353#breadcrumb\",\"itemListElement\":[{\"@type\":\"ListItem\",\"position\":1,\"name\":\"Startseite\",\"item\":\"https:\/\/guderley.com\/\"},{\"@type\":\"ListItem\",\"position\":2,\"name\":\"29.7. Tallinn \/ Estland &#8211; 13. Tag &#8211; Ruhetag\"}]},{\"@type\":\"WebSite\",\"@id\":\"https:\/\/guderley.com\/#website\",\"url\":\"https:\/\/guderley.com\/\",\"name\":\"G\u00fcnter's Blog\",\"description\":\"Fahrrad Touren rund um die Welt\",\"publisher\":{\"@id\":\"https:\/\/guderley.com\/#\/schema\/person\/24a827645a6fedd3481426a7028dfdcd\"},\"alternateName\":\"G\u00fcnter's Blog\",\"potentialAction\":[{\"@type\":\"SearchAction\",\"target\":{\"@type\":\"EntryPoint\",\"urlTemplate\":\"https:\/\/guderley.com\/?s={search_term_string}\"},\"query-input\":{\"@type\":\"PropertyValueSpecification\",\"valueRequired\":true,\"valueName\":\"search_term_string\"}}],\"inLanguage\":\"de\"},{\"@type\":[\"Person\",\"Organization\"],\"@id\":\"https:\/\/guderley.com\/#\/schema\/person\/24a827645a6fedd3481426a7028dfdcd\",\"name\":\"guenter\",\"image\":{\"@type\":\"ImageObject\",\"inLanguage\":\"de\",\"@id\":\"https:\/\/guderley.com\/#\/schema\/person\/image\/\",\"url\":\"https:\/\/i0.wp.com\/guderley.com\/wp-content\/uploads\/img_8008-scaled.jpg?fit=1920%2C2560\",\"contentUrl\":\"https:\/\/i0.wp.com\/guderley.com\/wp-content\/uploads\/img_8008-scaled.jpg?fit=1920%2C2560\",\"width\":1920,\"height\":2560,\"caption\":\"guenter\"},\"logo\":{\"@id\":\"https:\/\/guderley.com\/#\/schema\/person\/image\/\"},\"sameAs\":[\"http:\/\/guderley.com\/blog\"],\"url\":\"https:\/\/guderley.com\/?author=2\"}]}<\/script>\n<!-- \/ Yoast SEO plugin. -->","yoast_head_json":{"title":"29.7. Tallinn \/ Estland - 13. Tag - Ruhetag - G\u00fcnter&#039;s Blog","robots":{"index":"index","follow":"follow","max-snippet":"max-snippet:-1","max-image-preview":"max-image-preview:large","max-video-preview":"max-video-preview:-1"},"canonical":"https:\/\/guderley.com\/?p=1353","og_locale":"de_DE","og_type":"article","og_title":"29.7. Tallinn \/ Estland - 13. Tag - Ruhetag - G\u00fcnter&#039;s Blog","og_description":"Der heutige Ruhetag bietet sich an, mal so einige Wahrnehmungen aus Sicht eines fahrradfahrenden Ausl\u00e4nders aufzuschreiben: Zu allererst das M\u00e4rchen von den &#8222;Sch\u00f6nsten Frauen Europas. Also es gibt sicher viele attraktive Frauen hier, aber die sind auch nicht sch\u00f6ner als bei uns oder in anderen L\u00e4ndern Europas. Die Esten sind wohl das &#8222;internet-affinste Volk&#8220; in [&hellip;]","og_url":"https:\/\/guderley.com\/?p=1353","og_site_name":"G\u00fcnter&#039;s Blog","article_published_time":"2012-07-29T14:19:49+00:00","og_image":[{"url":"http:\/\/blogsyapp.com\/images\/blogsy_footer_icon.png","type":"","width":"","height":""}],"author":"guenter","twitter_card":"summary_large_image","twitter_misc":{"Verfasst von":"guenter","Gesch\u00e4tzte Lesezeit":"1\u00a0Minute"},"schema":{"@context":"https:\/\/schema.org","@graph":[{"@type":"Article","@id":"https:\/\/guderley.com\/?p=1353#article","isPartOf":{"@id":"https:\/\/guderley.com\/?p=1353"},"author":{"name":"guenter","@id":"https:\/\/guderley.com\/#\/schema\/person\/24a827645a6fedd3481426a7028dfdcd"},"headline":"29.7. Tallinn \/ Estland &#8211; 13. Tag &#8211; Ruhetag","datePublished":"2012-07-29T14:19:49+00:00","mainEntityOfPage":{"@id":"https:\/\/guderley.com\/?p=1353"},"wordCount":267,"commentCount":2,"publisher":{"@id":"https:\/\/guderley.com\/#\/schema\/person\/24a827645a6fedd3481426a7028dfdcd"},"image":{"@id":"https:\/\/guderley.com\/?p=1353#primaryimage"},"thumbnailUrl":"http:\/\/blogsyapp.com\/images\/blogsy_footer_icon.png","articleSection":["2012 BALTIKUM"],"inLanguage":"de","potentialAction":[{"@type":"CommentAction","name":"Comment","target":["https:\/\/guderley.com\/?p=1353#respond"]}]},{"@type":"WebPage","@id":"https:\/\/guderley.com\/?p=1353","url":"https:\/\/guderley.com\/?p=1353","name":"29.7. Tallinn \/ Estland - 13. Tag - Ruhetag - G\u00fcnter&#039;s Blog","isPartOf":{"@id":"https:\/\/guderley.com\/#website"},"primaryImageOfPage":{"@id":"https:\/\/guderley.com\/?p=1353#primaryimage"},"image":{"@id":"https:\/\/guderley.com\/?p=1353#primaryimage"},"thumbnailUrl":"http:\/\/blogsyapp.com\/images\/blogsy_footer_icon.png","datePublished":"2012-07-29T14:19:49+00:00","breadcrumb":{"@id":"https:\/\/guderley.com\/?p=1353#breadcrumb"},"inLanguage":"de","potentialAction":[{"@type":"ReadAction","target":["https:\/\/guderley.com\/?p=1353"]}]},{"@type":"ImageObject","inLanguage":"de","@id":"https:\/\/guderley.com\/?p=1353#primaryimage","url":"http:\/\/blogsyapp.com\/images\/blogsy_footer_icon.png","contentUrl":"http:\/\/blogsyapp.com\/images\/blogsy_footer_icon.png"},{"@type":"BreadcrumbList","@id":"https:\/\/guderley.com\/?p=1353#breadcrumb","itemListElement":[{"@type":"ListItem","position":1,"name":"Startseite","item":"https:\/\/guderley.com\/"},{"@type":"ListItem","position":2,"name":"29.7. Tallinn \/ Estland &#8211; 13. Tag &#8211; Ruhetag"}]},{"@type":"WebSite","@id":"https:\/\/guderley.com\/#website","url":"https:\/\/guderley.com\/","name":"G\u00fcnter's Blog","description":"Fahrrad Touren rund um die Welt","publisher":{"@id":"https:\/\/guderley.com\/#\/schema\/person\/24a827645a6fedd3481426a7028dfdcd"},"alternateName":"G\u00fcnter's Blog","potentialAction":[{"@type":"SearchAction","target":{"@type":"EntryPoint","urlTemplate":"https:\/\/guderley.com\/?s={search_term_string}"},"query-input":{"@type":"PropertyValueSpecification","valueRequired":true,"valueName":"search_term_string"}}],"inLanguage":"de"},{"@type":["Person","Organization"],"@id":"https:\/\/guderley.com\/#\/schema\/person\/24a827645a6fedd3481426a7028dfdcd","name":"guenter","image":{"@type":"ImageObject","inLanguage":"de","@id":"https:\/\/guderley.com\/#\/schema\/person\/image\/","url":"https:\/\/i0.wp.com\/guderley.com\/wp-content\/uploads\/img_8008-scaled.jpg?fit=1920%2C2560","contentUrl":"https:\/\/i0.wp.com\/guderley.com\/wp-content\/uploads\/img_8008-scaled.jpg?fit=1920%2C2560","width":1920,"height":2560,"caption":"guenter"},"logo":{"@id":"https:\/\/guderley.com\/#\/schema\/person\/image\/"},"sameAs":["http:\/\/guderley.com\/blog"],"url":"https:\/\/guderley.com\/?author=2"}]}},"jetpack_featured_media_url":"","jetpack_sharing_enabled":true,"jetpack_shortlink":"https:\/\/wp.me\/p9IuXF-lP","jetpack_likes_enabled":true,"jetpack-related-posts":[{"id":2318,"url":"https:\/\/guderley.com\/?p=2318","url_meta":{"origin":1353,"position":0},"title":"18. Nov. 2014 &#8211; Di &#8211; 5. Tag","author":"guenter","date":"November 21, 2014","format":false,"excerpt":"Villa Vanguardia - Glaciar Collante \/ Im TruckDie Nacht war ein einziger Regenguss und nahezu unser ganzes Camp hatte mit dem vielen Wasser zu k\u00e4mpfen. Gegen 4:00 Uhr morgens musste ich bei \"einem Gang vor die T\u00fcr\" feststellen, dass mein Zelt in K\u00fcrze im Wasser stehen w\u00fcrde.Also Stirnlampe aufsetzen und\u2026","rel":"","context":"In &quot;2014 PATAGONIEN&quot;","block_context":{"text":"2014 PATAGONIEN","link":"https:\/\/guderley.com\/?cat=26"},"img":{"alt_text":"Mit Blogsy ver\u00f6ffentlicht","src":"https:\/\/i0.wp.com\/blogsyapp.com\/images\/blogsy_footer_icon.png?resize=350%2C200","width":350,"height":200},"classes":[]},{"id":2365,"url":"https:\/\/guderley.com\/?p=2365","url_meta":{"origin":1353,"position":1},"title":"21. Nov. 2014 &#8211; Fr &#8211; 8. Tag","author":"guenter","date":"November 21, 2014","format":false,"excerpt":"Ruhetag in CoyhaiqueAusschlafen in einem warmen Bett, eine gute Dusche mit warmem Wasser und all dem Komfort, den ein Dach \u00fcber dem Kopf eben bietet. Wie muss es den Fahrerinnen und Fahrern gehen, die bereits seit 1. August unterwegs sind, wenn ich nach gerade einer Woche schon dieses extrem zu\u2026","rel":"","context":"In &quot;2014 PATAGONIEN&quot;","block_context":{"text":"2014 PATAGONIEN","link":"https:\/\/guderley.com\/?cat=26"},"img":{"alt_text":"Mit Blogsy ver\u00f6ffentlicht","src":"https:\/\/i0.wp.com\/blogsyapp.com\/images\/blogsy_footer_icon.png?resize=350%2C200","width":350,"height":200},"classes":[]},{"id":1306,"url":"https:\/\/guderley.com\/?p=1306","url_meta":{"origin":1353,"position":2},"title":"24.7.  Kauksi \/ Estland &#8211; 8. Tag &#8211; 602 km","author":"guenter","date":"Juli 25, 2012","format":false,"excerpt":"Es sollte ein sehr langer Radtag werden, das wusste ich allerdings morgens um 8 Uhr vor der be\u00fchmten Festung in Narva noch nicht. Es hatte die ganze Nacht m\u00e4chtig geregnet aber p\u00fcnktlich um 6 Uhr h\u00f6rte es auf. Frohen Mutes machte ich mich auf den Weg zur\u00fcck. Ich musste etwa\u2026","rel":"","context":"In &quot;2012 BALTIKUM&quot;","block_context":{"text":"2012 BALTIKUM","link":"https:\/\/guderley.com\/?cat=22"},"img":{"alt_text":"","src":"https:\/\/i0.wp.com\/guderley.com\/wp-content\/uploads\/2012\/07\/wpid-Photo-24.07.2012-0809.jpg?resize=350%2C200","width":350,"height":200},"classes":[]},{"id":2784,"url":"https:\/\/guderley.com\/?p=2784","url_meta":{"origin":1353,"position":3},"title":"Tag 18 &#8211; So 14. Juni 2015 \/ 97 km Le Havre \/ Gesamt:  1955 km","author":"guenter","date":"Juni 14, 2015","format":false,"excerpt":"Heute ist so etwas wie Halbzeit gewesen - am 2. Juli m\u00f6chte ich wieder zu Hause ankommen - also bleiben mir noch 18 weitere Tage f\u00fcr die vielen Dinge die es zu sehen gibt.Heute morgen kam ich \u00fcberhaupt nicht in die G\u00e4nge - vielleicht lag es an dem Aligot\u00e9 vom\u2026","rel":"","context":"In &quot;2015 BENELUX - FRANKREICH&quot;","block_context":{"text":"2015 BENELUX - FRANKREICH","link":"https:\/\/guderley.com\/?cat=27"},"img":{"alt_text":"","src":"https:\/\/i0.wp.com\/guderley.com\/wp-content\/uploads\/2015\/06\/wpid-Photo-14.06.2015-0658.jpg?resize=350%2C200","width":350,"height":200},"classes":[]},{"id":201,"url":"https:\/\/guderley.com\/?p=201","url_meta":{"origin":1353,"position":4},"title":"BADAJOZ Km-Stand: 834","author":"guenter","date":"Mai 25, 2010","format":false,"excerpt":"Heute Morgen gut ausgeschlafen aufs Rad in Fregenal und dann ging die Post ab. Herrliche wilde Extremadura und alles bl\u00fcht und ist gr\u00fcn, die Campesinos fahren schon das erste Getreide ein. Ich stelle mir vor wie verbrannt das hier im Hochsommer ist. Nur zwei Aufstiege heute (knapp 900 Hm), sehr\u2026","rel":"","context":"In &quot;2010 EUROPATOUR&quot;","block_context":{"text":"2010 EUROPATOUR","link":"https:\/\/guderley.com\/?cat=1"},"img":{"alt_text":"","src":"https:\/\/i0.wp.com\/guderley.com\/wp-content\/uploads\/2010\/05\/IMGP0048.jpg?resize=350%2C200","width":350,"height":200},"classes":[]},{"id":1656,"url":"https:\/\/guderley.com\/?p=1656","url_meta":{"origin":1353,"position":5},"title":"Bad Hersfeld  &#8211;  Tag 1  &#8211;  Montag, 13. Mai","author":"guenter","date":"Mai 13, 2013","format":false,"excerpt":"152 km \/ 1289 hm \/ 8:42 h - Gesamt 152 km \/ 1289 hm \/ 8:42 h Der erste Tag ist gefahren. P\u00fcnktlich um 8:30 Uhr habe ich die Ringofenstra\u00dfe verlassen und nach rund 500 H\u00f6henmeter die Landkreisgrenze Aschaffenburg hinter Geiselbach erreicht. In Gelnhausen bin ich richtig \"eingesaut\" einen\u2026","rel":"","context":"In &quot;2013 NORDKAPP&quot;","block_context":{"text":"2013 NORDKAPP","link":"https:\/\/guderley.com\/?cat=23"},"img":{"alt_text":"Mit Blogsy ver\u00f6ffentlicht","src":"https:\/\/i0.wp.com\/blogsyapp.com\/images\/blogsy_footer_icon.png?resize=350%2C200","width":350,"height":200},"classes":[]}],"_links":{"self":[{"href":"https:\/\/guderley.com\/index.php?rest_route=\/wp\/v2\/posts\/1353","targetHints":{"allow":["GET"]}}],"collection":[{"href":"https:\/\/guderley.com\/index.php?rest_route=\/wp\/v2\/posts"}],"about":[{"href":"https:\/\/guderley.com\/index.php?rest_route=\/wp\/v2\/types\/post"}],"author":[{"embeddable":true,"href":"https:\/\/guderley.com\/index.php?rest_route=\/wp\/v2\/users\/2"}],"replies":[{"embeddable":true,"href":"https:\/\/guderley.com\/index.php?rest_route=%2Fwp%2Fv2%2Fcomments&post=1353"}],"version-history":[{"count":0,"href":"https:\/\/guderley.com\/index.php?rest_route=\/wp\/v2\/posts\/1353\/revisions"}],"wp:attachment":[{"href":"https:\/\/guderley.com\/index.php?rest_route=%2Fwp%2Fv2%2Fmedia&parent=1353"}],"wp:term":[{"taxonomy":"category","embeddable":true,"href":"https:\/\/guderley.com\/index.php?rest_route=%2Fwp%2Fv2%2Fcategories&post=1353"},{"taxonomy":"post_tag","embeddable":true,"href":"https:\/\/guderley.com\/index.php?rest_route=%2Fwp%2Fv2%2Ftags&post=1353"}],"curies":[{"name":"wp","href":"https:\/\/api.w.org\/{rel}","templated":true}]}}