{"id":1352,"date":"2012-07-29T15:18:03","date_gmt":"2012-07-29T14:18:03","guid":{"rendered":"http:\/\/guderley.com\/?p=1352"},"modified":"2012-07-29T15:34:52","modified_gmt":"2012-07-29T14:34:52","slug":"29-7-tallinn-estland-13-tag-ruhetag","status":"publish","type":"post","link":"https:\/\/guderley.com\/?p=1352","title":{"rendered":"29.7.  Tallinn \/ Estland &#8211; 13. Tag &#8211; Ruhetag"},"content":{"rendered":"<p> Es ist ein br\u00fctend hei\u00dfer Hochsommertag heute in Tallinn. Das Thermometer zeigt schon um 9 Uhr \u00fcber 30 Grad. Ich radle die knapp 2 km vom Hotel zur Altstadt und bin \u00fcberrascht welche Menschenstr\u00f6me bereits so fr\u00fch am Sonntag unterwegs sind. Das Pflaster in der Altstadt ist nicht wirklich fahrradgeeignet und da mein &#8222;Blauer Elefant&#8220; ja ohne Federgabel auskommt, bin ich froh dass es einen &#8222;Fahrradw\u00e4chter&#8220; gibt. Ich binde mein Fahrrad fest und erkunde gute zwei Stunden die Stadt, immer wieder h\u00f6re ich mal in irgendwelche F\u00fchrungen hinein, bewege mich aber nach freiem Gef\u00fchl. Die Stadt ist wirklich unbeschreiblich sch\u00f6n.<\/p>\n<div class=\"separator\" style=\"clear: both; text-align: center;\"><a href=\"https:\/\/i0.wp.com\/guderley.com\/wp-content\/uploads\/2012\/07\/wpid-Photo-29.07.2012-1710.jpg\" target=\"_blank\" style=\"margin-left: 1em; margin-right: 1em;\"><img data-recalc-dims=\"1\" decoding=\"async\" src=\"https:\/\/i0.wp.com\/guderley.com\/wp-content\/uploads\/2012\/07\/wpid-Photo-29.07.2012-1710.jpg?resize=500%2C666\" id=\"blogsy-1343572485570.1946\" class=\"aligncenter\" width=\"500\" height=\"666\" alt=\"\"><\/a><\/div>\n<div class=\"separator\" style=\"clear: both; text-align: center;\"><a href=\"https:\/\/i0.wp.com\/guderley.com\/wp-content\/uploads\/2012\/07\/wpid-Photo-29.07.2012-1132.jpg\" target=\"_blank\" style=\"margin-left: 1em; margin-right: 1em;\"><img data-recalc-dims=\"1\" decoding=\"async\" src=\"https:\/\/i0.wp.com\/guderley.com\/wp-content\/uploads\/2012\/07\/wpid-Photo-29.07.2012-1132.jpg?resize=500%2C375\" id=\"blogsy-1343572485609.7446\" class=\"aligncenter\" width=\"500\" height=\"375\" alt=\"\"><\/a><\/div>\n<div class=\"separator\" style=\"clear: both; text-align: center;\"><a href=\"https:\/\/i0.wp.com\/guderley.com\/wp-content\/uploads\/2012\/07\/wpid-Photo-29.07.2012-1112.jpg\" target=\"_blank\" style=\"margin-left: 1em; margin-right: 1em;\"><img data-recalc-dims=\"1\" decoding=\"async\" src=\"https:\/\/i0.wp.com\/guderley.com\/wp-content\/uploads\/2012\/07\/wpid-Photo-29.07.2012-1112.jpg?resize=500%2C375\" id=\"blogsy-1343572485654.653\" class=\"aligncenter\" width=\"500\" height=\"375\" alt=\"\"><\/a><\/div>\n<p>Durch einen Zufall komme ich zu einem orthodoxen Gottesdienst in der Alexander Nevski Kahedrale, da wird ein bisschen die russische Seele f\u00fcr mich sp\u00fcrbar.<\/p>\n<div class=\"separator\" style=\"clear: both; text-align: center;\"><a href=\"https:\/\/i0.wp.com\/guderley.com\/wp-content\/uploads\/2012\/07\/wpid-Photo-29.07.2012-1035.jpg\" target=\"_blank\" style=\"margin-left: 1em; margin-right: 1em;\"><img data-recalc-dims=\"1\" decoding=\"async\" src=\"https:\/\/i0.wp.com\/guderley.com\/wp-content\/uploads\/2012\/07\/wpid-Photo-29.07.2012-1035.jpg?resize=500%2C375\" id=\"blogsy-1343572485648.9646\" class=\"aligncenter\" width=\"500\" height=\"375\" alt=\"\"><\/a><\/div>\n<p>Irgendwann bin ich so ermattet, dass ich mir in einem herrlich schattigen Innenhof einen Kaffee g\u00f6nne. Sp\u00e4ter besorge ich mir in einer gro\u00dfen Shopping-Mall noch eine ordentliche Landkarte f\u00fcr den Westen des Landes. <\/p>\n<p>Eine Stunde schaue ich mir das sonnt\u00e4gliche Treiben der Einheimischen am Strand an, bevor ich mich dann in den riesigen und super gepflegten Kadriorg-Park begebe. Nach dem Trubel in der Stadt ist das eine echte Oase der Ruhe, die ich dann auch mit \u00fcberwiegend  Einheimischen und wenig Touristen teile.<\/p>\n<p>Morgen starte ich nach Westen um die n\u00e4chsten Tage dann die beiden gro\u00dfen Inseln zu besuchen. Ich werde im Westen, bei vorhergesagtem gutem Wetter, h\u00e4ufiger das Zelt n\u00fctzen. Also wenn mal ein Blog-Eintrag ausbleibt bin ich nicht verschollen, sondern au\u00dferhalb der WiFi-Welt.<\/p>\n<p>&nbsp;<\/p>\n<div style=\"text-align: right; font-size: small; clear: both;\" id=\"blogsy_footer\"><a href=\"http:\/\/blogsyapp.com\" target=\"_blank\"><img data-recalc-dims=\"1\" decoding=\"async\" src=\"https:\/\/i0.wp.com\/blogsyapp.com\/images\/blogsy_footer_icon.png?resize=20%2C20\" alt=\"Mit Blogsy ver\u00f6ffentlicht\" style=\"vertical-align: middle; margin-right: 5px;\" width=\"20\" height=\"20\" \/>Mit Blogsy ver\u00f6ffentlicht<\/a><\/div>\n","protected":false},"excerpt":{"rendered":"<p>Es ist ein br\u00fctend hei\u00dfer Hochsommertag heute in Tallinn. Das Thermometer zeigt schon um 9 Uhr \u00fcber 30 Grad. Ich radle die knapp 2 km vom Hotel zur Altstadt und bin \u00fcberrascht welche Menschenstr\u00f6me bereits so fr\u00fch am Sonntag unterwegs sind. Das Pflaster in der Altstadt ist nicht wirklich fahrradgeeignet und da mein &#8222;Blauer Elefant&#8220; [&hellip;]<\/p>\n","protected":false},"author":2,"featured_media":0,"comment_status":"open","ping_status":"open","sticky":false,"template":"","format":"standard","meta":{"_jetpack_newsletter_access":"","_jetpack_dont_email_post_to_subs":false,"_jetpack_newsletter_tier_id":0,"_jetpack_memberships_contains_paywalled_content":false,"_jetpack_memberships_contains_paid_content":false,"footnotes":""},"categories":[22],"tags":[],"class_list":["post-1352","post","type-post","status-publish","format-standard","hentry","category-baltikum-2012"],"yoast_head":"<!-- This site is optimized with the Yoast SEO plugin v25.8 - https:\/\/yoast.com\/wordpress\/plugins\/seo\/ -->\n<title>29.7. Tallinn \/ Estland - 13. Tag - Ruhetag - G\u00fcnter&#039;s Blog<\/title>\n<meta name=\"robots\" content=\"index, follow, max-snippet:-1, max-image-preview:large, max-video-preview:-1\" \/>\n<link rel=\"canonical\" href=\"http:\/\/guderley.com\/?p=1352\" \/>\n<meta property=\"og:locale\" content=\"de_DE\" \/>\n<meta property=\"og:type\" content=\"article\" \/>\n<meta property=\"og:title\" content=\"29.7. Tallinn \/ Estland - 13. Tag - Ruhetag - G\u00fcnter&#039;s Blog\" \/>\n<meta property=\"og:description\" content=\"Es ist ein br\u00fctend hei\u00dfer Hochsommertag heute in Tallinn. Das Thermometer zeigt schon um 9 Uhr \u00fcber 30 Grad. Ich radle die knapp 2 km vom Hotel zur Altstadt und bin \u00fcberrascht welche Menschenstr\u00f6me bereits so fr\u00fch am Sonntag unterwegs sind. Das Pflaster in der Altstadt ist nicht wirklich fahrradgeeignet und da mein &#8222;Blauer Elefant&#8220; [&hellip;]\" \/>\n<meta property=\"og:url\" content=\"http:\/\/guderley.com\/?p=1352\" \/>\n<meta property=\"og:site_name\" content=\"G\u00fcnter&#039;s Blog\" \/>\n<meta property=\"article:published_time\" content=\"2012-07-29T14:18:03+00:00\" \/>\n<meta property=\"article:modified_time\" content=\"2012-07-29T14:34:52+00:00\" \/>\n<meta property=\"og:image\" content=\"http:\/\/guderley.com\/wp-content\/uploads\/2012\/07\/wpid-Photo-29.07.2012-1710.jpg\" \/>\n<meta name=\"author\" content=\"guenter\" \/>\n<meta name=\"twitter:card\" content=\"summary_large_image\" \/>\n<meta name=\"twitter:label1\" content=\"Verfasst von\" \/>\n\t<meta name=\"twitter:data1\" content=\"guenter\" \/>\n\t<meta name=\"twitter:label2\" content=\"Gesch\u00e4tzte Lesezeit\" \/>\n\t<meta name=\"twitter:data2\" content=\"1\u00a0Minute\" \/>\n<script type=\"application\/ld+json\" class=\"yoast-schema-graph\">{\"@context\":\"https:\/\/schema.org\",\"@graph\":[{\"@type\":\"Article\",\"@id\":\"http:\/\/guderley.com\/?p=1352#article\",\"isPartOf\":{\"@id\":\"http:\/\/guderley.com\/?p=1352\"},\"author\":{\"name\":\"guenter\",\"@id\":\"https:\/\/guderley.com\/#\/schema\/person\/24a827645a6fedd3481426a7028dfdcd\"},\"headline\":\"29.7. Tallinn \/ Estland &#8211; 13. Tag &#8211; Ruhetag\",\"datePublished\":\"2012-07-29T14:18:03+00:00\",\"dateModified\":\"2012-07-29T14:34:52+00:00\",\"mainEntityOfPage\":{\"@id\":\"http:\/\/guderley.com\/?p=1352\"},\"wordCount\":277,\"commentCount\":0,\"publisher\":{\"@id\":\"https:\/\/guderley.com\/#\/schema\/person\/24a827645a6fedd3481426a7028dfdcd\"},\"image\":{\"@id\":\"http:\/\/guderley.com\/?p=1352#primaryimage\"},\"thumbnailUrl\":\"http:\/\/guderley.com\/wp-content\/uploads\/2012\/07\/wpid-Photo-29.07.2012-1710.jpg\",\"articleSection\":[\"2012 BALTIKUM\"],\"inLanguage\":\"de\",\"potentialAction\":[{\"@type\":\"CommentAction\",\"name\":\"Comment\",\"target\":[\"http:\/\/guderley.com\/?p=1352#respond\"]}]},{\"@type\":\"WebPage\",\"@id\":\"http:\/\/guderley.com\/?p=1352\",\"url\":\"http:\/\/guderley.com\/?p=1352\",\"name\":\"29.7. Tallinn \/ Estland - 13. Tag - Ruhetag - G\u00fcnter&#039;s Blog\",\"isPartOf\":{\"@id\":\"https:\/\/guderley.com\/#website\"},\"primaryImageOfPage\":{\"@id\":\"http:\/\/guderley.com\/?p=1352#primaryimage\"},\"image\":{\"@id\":\"http:\/\/guderley.com\/?p=1352#primaryimage\"},\"thumbnailUrl\":\"http:\/\/guderley.com\/wp-content\/uploads\/2012\/07\/wpid-Photo-29.07.2012-1710.jpg\",\"datePublished\":\"2012-07-29T14:18:03+00:00\",\"dateModified\":\"2012-07-29T14:34:52+00:00\",\"breadcrumb\":{\"@id\":\"http:\/\/guderley.com\/?p=1352#breadcrumb\"},\"inLanguage\":\"de\",\"potentialAction\":[{\"@type\":\"ReadAction\",\"target\":[\"http:\/\/guderley.com\/?p=1352\"]}]},{\"@type\":\"ImageObject\",\"inLanguage\":\"de\",\"@id\":\"http:\/\/guderley.com\/?p=1352#primaryimage\",\"url\":\"https:\/\/i0.wp.com\/guderley.com\/wp-content\/uploads\/2012\/07\/wpid-Photo-29.07.2012-1710.jpg?fit=768%2C1024&ssl=1\",\"contentUrl\":\"https:\/\/i0.wp.com\/guderley.com\/wp-content\/uploads\/2012\/07\/wpid-Photo-29.07.2012-1710.jpg?fit=768%2C1024&ssl=1\",\"width\":\"768\",\"height\":\"1024\"},{\"@type\":\"BreadcrumbList\",\"@id\":\"http:\/\/guderley.com\/?p=1352#breadcrumb\",\"itemListElement\":[{\"@type\":\"ListItem\",\"position\":1,\"name\":\"Startseite\",\"item\":\"https:\/\/guderley.com\/\"},{\"@type\":\"ListItem\",\"position\":2,\"name\":\"29.7. Tallinn \/ Estland &#8211; 13. Tag &#8211; Ruhetag\"}]},{\"@type\":\"WebSite\",\"@id\":\"https:\/\/guderley.com\/#website\",\"url\":\"https:\/\/guderley.com\/\",\"name\":\"G\u00fcnter's Blog\",\"description\":\"Fahrrad Touren rund um die Welt\",\"publisher\":{\"@id\":\"https:\/\/guderley.com\/#\/schema\/person\/24a827645a6fedd3481426a7028dfdcd\"},\"alternateName\":\"G\u00fcnter's Blog\",\"potentialAction\":[{\"@type\":\"SearchAction\",\"target\":{\"@type\":\"EntryPoint\",\"urlTemplate\":\"https:\/\/guderley.com\/?s={search_term_string}\"},\"query-input\":{\"@type\":\"PropertyValueSpecification\",\"valueRequired\":true,\"valueName\":\"search_term_string\"}}],\"inLanguage\":\"de\"},{\"@type\":[\"Person\",\"Organization\"],\"@id\":\"https:\/\/guderley.com\/#\/schema\/person\/24a827645a6fedd3481426a7028dfdcd\",\"name\":\"guenter\",\"image\":{\"@type\":\"ImageObject\",\"inLanguage\":\"de\",\"@id\":\"https:\/\/guderley.com\/#\/schema\/person\/image\/\",\"url\":\"https:\/\/i0.wp.com\/guderley.com\/wp-content\/uploads\/img_8008-scaled.jpg?fit=1920%2C2560\",\"contentUrl\":\"https:\/\/i0.wp.com\/guderley.com\/wp-content\/uploads\/img_8008-scaled.jpg?fit=1920%2C2560\",\"width\":1920,\"height\":2560,\"caption\":\"guenter\"},\"logo\":{\"@id\":\"https:\/\/guderley.com\/#\/schema\/person\/image\/\"},\"sameAs\":[\"http:\/\/guderley.com\/blog\"],\"url\":\"https:\/\/guderley.com\/?author=2\"}]}<\/script>\n<!-- \/ Yoast SEO plugin. -->","yoast_head_json":{"title":"29.7. Tallinn \/ Estland - 13. Tag - Ruhetag - G\u00fcnter&#039;s Blog","robots":{"index":"index","follow":"follow","max-snippet":"max-snippet:-1","max-image-preview":"max-image-preview:large","max-video-preview":"max-video-preview:-1"},"canonical":"http:\/\/guderley.com\/?p=1352","og_locale":"de_DE","og_type":"article","og_title":"29.7. Tallinn \/ Estland - 13. Tag - Ruhetag - G\u00fcnter&#039;s Blog","og_description":"Es ist ein br\u00fctend hei\u00dfer Hochsommertag heute in Tallinn. Das Thermometer zeigt schon um 9 Uhr \u00fcber 30 Grad. Ich radle die knapp 2 km vom Hotel zur Altstadt und bin \u00fcberrascht welche Menschenstr\u00f6me bereits so fr\u00fch am Sonntag unterwegs sind. Das Pflaster in der Altstadt ist nicht wirklich fahrradgeeignet und da mein &#8222;Blauer Elefant&#8220; [&hellip;]","og_url":"http:\/\/guderley.com\/?p=1352","og_site_name":"G\u00fcnter&#039;s Blog","article_published_time":"2012-07-29T14:18:03+00:00","article_modified_time":"2012-07-29T14:34:52+00:00","og_image":[{"url":"http:\/\/guderley.com\/wp-content\/uploads\/2012\/07\/wpid-Photo-29.07.2012-1710.jpg","type":"","width":"","height":""}],"author":"guenter","twitter_card":"summary_large_image","twitter_misc":{"Verfasst von":"guenter","Gesch\u00e4tzte Lesezeit":"1\u00a0Minute"},"schema":{"@context":"https:\/\/schema.org","@graph":[{"@type":"Article","@id":"http:\/\/guderley.com\/?p=1352#article","isPartOf":{"@id":"http:\/\/guderley.com\/?p=1352"},"author":{"name":"guenter","@id":"https:\/\/guderley.com\/#\/schema\/person\/24a827645a6fedd3481426a7028dfdcd"},"headline":"29.7. Tallinn \/ Estland &#8211; 13. Tag &#8211; Ruhetag","datePublished":"2012-07-29T14:18:03+00:00","dateModified":"2012-07-29T14:34:52+00:00","mainEntityOfPage":{"@id":"http:\/\/guderley.com\/?p=1352"},"wordCount":277,"commentCount":0,"publisher":{"@id":"https:\/\/guderley.com\/#\/schema\/person\/24a827645a6fedd3481426a7028dfdcd"},"image":{"@id":"http:\/\/guderley.com\/?p=1352#primaryimage"},"thumbnailUrl":"http:\/\/guderley.com\/wp-content\/uploads\/2012\/07\/wpid-Photo-29.07.2012-1710.jpg","articleSection":["2012 BALTIKUM"],"inLanguage":"de","potentialAction":[{"@type":"CommentAction","name":"Comment","target":["http:\/\/guderley.com\/?p=1352#respond"]}]},{"@type":"WebPage","@id":"http:\/\/guderley.com\/?p=1352","url":"http:\/\/guderley.com\/?p=1352","name":"29.7. Tallinn \/ Estland - 13. Tag - Ruhetag - G\u00fcnter&#039;s Blog","isPartOf":{"@id":"https:\/\/guderley.com\/#website"},"primaryImageOfPage":{"@id":"http:\/\/guderley.com\/?p=1352#primaryimage"},"image":{"@id":"http:\/\/guderley.com\/?p=1352#primaryimage"},"thumbnailUrl":"http:\/\/guderley.com\/wp-content\/uploads\/2012\/07\/wpid-Photo-29.07.2012-1710.jpg","datePublished":"2012-07-29T14:18:03+00:00","dateModified":"2012-07-29T14:34:52+00:00","breadcrumb":{"@id":"http:\/\/guderley.com\/?p=1352#breadcrumb"},"inLanguage":"de","potentialAction":[{"@type":"ReadAction","target":["http:\/\/guderley.com\/?p=1352"]}]},{"@type":"ImageObject","inLanguage":"de","@id":"http:\/\/guderley.com\/?p=1352#primaryimage","url":"https:\/\/i0.wp.com\/guderley.com\/wp-content\/uploads\/2012\/07\/wpid-Photo-29.07.2012-1710.jpg?fit=768%2C1024&ssl=1","contentUrl":"https:\/\/i0.wp.com\/guderley.com\/wp-content\/uploads\/2012\/07\/wpid-Photo-29.07.2012-1710.jpg?fit=768%2C1024&ssl=1","width":"768","height":"1024"},{"@type":"BreadcrumbList","@id":"http:\/\/guderley.com\/?p=1352#breadcrumb","itemListElement":[{"@type":"ListItem","position":1,"name":"Startseite","item":"https:\/\/guderley.com\/"},{"@type":"ListItem","position":2,"name":"29.7. Tallinn \/ Estland &#8211; 13. Tag &#8211; Ruhetag"}]},{"@type":"WebSite","@id":"https:\/\/guderley.com\/#website","url":"https:\/\/guderley.com\/","name":"G\u00fcnter's Blog","description":"Fahrrad Touren rund um die Welt","publisher":{"@id":"https:\/\/guderley.com\/#\/schema\/person\/24a827645a6fedd3481426a7028dfdcd"},"alternateName":"G\u00fcnter's Blog","potentialAction":[{"@type":"SearchAction","target":{"@type":"EntryPoint","urlTemplate":"https:\/\/guderley.com\/?s={search_term_string}"},"query-input":{"@type":"PropertyValueSpecification","valueRequired":true,"valueName":"search_term_string"}}],"inLanguage":"de"},{"@type":["Person","Organization"],"@id":"https:\/\/guderley.com\/#\/schema\/person\/24a827645a6fedd3481426a7028dfdcd","name":"guenter","image":{"@type":"ImageObject","inLanguage":"de","@id":"https:\/\/guderley.com\/#\/schema\/person\/image\/","url":"https:\/\/i0.wp.com\/guderley.com\/wp-content\/uploads\/img_8008-scaled.jpg?fit=1920%2C2560","contentUrl":"https:\/\/i0.wp.com\/guderley.com\/wp-content\/uploads\/img_8008-scaled.jpg?fit=1920%2C2560","width":1920,"height":2560,"caption":"guenter"},"logo":{"@id":"https:\/\/guderley.com\/#\/schema\/person\/image\/"},"sameAs":["http:\/\/guderley.com\/blog"],"url":"https:\/\/guderley.com\/?author=2"}]}},"jetpack_featured_media_url":"","jetpack_sharing_enabled":true,"jetpack_shortlink":"https:\/\/wp.me\/p9IuXF-lO","jetpack_likes_enabled":true,"jetpack-related-posts":[{"id":3897,"url":"https:\/\/guderley.com\/?p=3897","url_meta":{"origin":1352,"position":0},"title":"23. M\u00e4rz 2022 \/ Bamberg nach Hollfeld  &#8211;  37 km","author":"guenter","date":"M\u00e4rz 23, 2022","format":false,"excerpt":"Start der 2. Vorbereitungstour in diesem M\u00e4rz. Nehme den Zug nach Bamberg und bin um 14:45 Uhr dort. Der Bamberger Bahnhof ist f\u00fcr diese sch\u00f6ne Stadt ein Schandfleck. Ich fahre garnicht in die Altstadt sondern verlasse die Stadt in Richtung Osten. Es geht moderat und stetig aufw\u00e4rts. In Litzendorf kaufe\u2026","rel":"","context":"In &quot;2022 Mississippi&quot;","block_context":{"text":"2022 Mississippi","link":"https:\/\/guderley.com\/?cat=31"},"img":{"alt_text":"","src":"https:\/\/i0.wp.com\/guderley.com\/wp-content\/uploads\/img_6057-scaled.jpg?resize=350%2C200","width":350,"height":200,"srcset":"https:\/\/i0.wp.com\/guderley.com\/wp-content\/uploads\/img_6057-scaled.jpg?resize=350%2C200 1x, https:\/\/i0.wp.com\/guderley.com\/wp-content\/uploads\/img_6057-scaled.jpg?resize=525%2C300 1.5x, https:\/\/i0.wp.com\/guderley.com\/wp-content\/uploads\/img_6057-scaled.jpg?resize=700%2C400 2x, https:\/\/i0.wp.com\/guderley.com\/wp-content\/uploads\/img_6057-scaled.jpg?resize=1050%2C600 3x, https:\/\/i0.wp.com\/guderley.com\/wp-content\/uploads\/img_6057-scaled.jpg?resize=1400%2C800 4x"},"classes":[]},{"id":1321,"url":"https:\/\/guderley.com\/?p=1321","url_meta":{"origin":1352,"position":1},"title":"26.7.  Tartu \/ Estland &#8211; 10. Tag &#8211; Ruhetag","author":"guenter","date":"Juli 26, 2012","format":false,"excerpt":"Hier einige Impressionen aus Tartu. Die Esten sagen: \"Tallinn ist der Kopf Estlands aber Tartu das Herz und das Gehirn\". Eine wirklich sehenswerte und \u00fcberschaubare Universit\u00e4tsstadt. Die \u00c4lteren werden sich noch erinnern, die Stadt hie\u00df fr\u00fcher mal Dorpat.\u00a0 Eine Anmerkung f\u00fcr meine rotarischen Freunde. Mit Freude habe ich gelesen, da\u00df\u2026","rel":"","context":"In &quot;2012 BALTIKUM&quot;","block_context":{"text":"2012 BALTIKUM","link":"https:\/\/guderley.com\/?cat=22"},"img":{"alt_text":"","src":"https:\/\/i0.wp.com\/guderley.com\/wp-content\/uploads\/2012\/07\/wpid-Photo-26.07.2012-1157.jpg?resize=350%2C200","width":350,"height":200},"classes":[]},{"id":1341,"url":"https:\/\/guderley.com\/?p=1341","url_meta":{"origin":1352,"position":2},"title":"28.7.  Tallinn \/ Estland &#8211; 12. Tag &#8211; 963 km","author":"guenter","date":"Juli 28, 2012","format":false,"excerpt":"Das Fr\u00fchst\u00fcck in der \"Jugendherberge\" war sehr ordentlich. Nachts war es mal ein bisschen laut, aber ich war ziemlich m\u00fcde und habe sehr gut geschlafen.Kurz nach 8:00 Uhr sa\u00df ich auf dem Rad und bin ganz locker los gerollt. Nach ca. acht Kilometern h\u00e4tte es noch eine \u00dcbernachtungsalternative zu gestern\u2026","rel":"","context":"In &quot;2012 BALTIKUM&quot;","block_context":{"text":"2012 BALTIKUM","link":"https:\/\/guderley.com\/?cat=22"},"img":{"alt_text":"","src":"https:\/\/i0.wp.com\/guderley.com\/wp-content\/uploads\/2012\/07\/wpid-Photo-27.07.2012-2121.jpg?resize=350%2C200","width":350,"height":200},"classes":[]},{"id":1442,"url":"https:\/\/guderley.com\/?p=1442","url_meta":{"origin":1352,"position":3},"title":"7. + 8.8 Riga \/ Lettland &#8211; Ruhetage","author":"guenter","date":"August 8, 2012","format":false,"excerpt":"Auf den ersten Wurf hat sich mir Riga nicht erschlossen. Es ist nie ganz einfach in eine neue gro\u00dfe Stadt zu kommen und gleich den Rhythmus aufzunehmen. Die hier viel deutlicher sp\u00fcrbare russische Mentalit\u00e4t, im Vergleich zu Tallinn, macht es mir nicht ganz so leicht.\u00a0\u00a0Heute am zweiten Tag ging das\u2026","rel":"","context":"In &quot;2012 BALTIKUM&quot;","block_context":{"text":"2012 BALTIKUM","link":"https:\/\/guderley.com\/?cat=22"},"img":{"alt_text":"","src":"https:\/\/i0.wp.com\/guderley.com\/wp-content\/uploads\/2012\/08\/wpid-Photo-07.08.2012-1651.jpg?resize=350%2C200","width":350,"height":200},"classes":[]},{"id":3815,"url":"https:\/\/guderley.com\/?p=3815","url_meta":{"origin":1352,"position":4},"title":"San Francisco 15.7. &#8211; 19.7.","author":"guenter","date":"Juli 17, 2018","format":false,"excerpt":"Viele Aktivit\u00e4ten pr\u00e4gen die letzten Tage meiner Reise. Ich habe es sehr gut getroffen mit dem Stay bei Cyndi, sie ist eine total entspannte Lady, extrem Fahrrad orientiert, ihre zweite Leidenschaft sind V\u00f6gel. Berge von B\u00fcchern zu beiden Themen pr\u00e4gen das ganze Haus. Am Samstagabend waren wir (Julian, Lorrana und\u2026","rel":"","context":"In &quot;2018 ALASKA&quot;","block_context":{"text":"2018 ALASKA","link":"https:\/\/guderley.com\/?cat=28"},"img":{"alt_text":"","src":"https:\/\/i0.wp.com\/guderley.com\/wp-content\/uploads\/WhatsApp-Image-2018-07-18-at-04.36.01.jpeg?resize=350%2C200","width":350,"height":200,"srcset":"https:\/\/i0.wp.com\/guderley.com\/wp-content\/uploads\/WhatsApp-Image-2018-07-18-at-04.36.01.jpeg?resize=350%2C200 1x, https:\/\/i0.wp.com\/guderley.com\/wp-content\/uploads\/WhatsApp-Image-2018-07-18-at-04.36.01.jpeg?resize=525%2C300 1.5x, https:\/\/i0.wp.com\/guderley.com\/wp-content\/uploads\/WhatsApp-Image-2018-07-18-at-04.36.01.jpeg?resize=700%2C400 2x"},"classes":[]},{"id":1405,"url":"https:\/\/guderley.com\/?p=1405","url_meta":{"origin":1352,"position":5},"title":"3.8.  Varbla \/ Estland &#8211; 18. Tag &#8211; 1577","author":"guenter","date":"August 4, 2012","format":false,"excerpt":"Ich starte gem\u00fctlich in einen langen Radtag. Kuressare ist ein wirkliches Kleinod, dominiert von der m\u00e4chtigen Ordensburg und nat\u00fcrlich dem kleinen Hafen.Mein Weg f\u00fchrt mich ins Innere der Insel, wo ich, den neben Tallinn wohl meist besuchtesten Ort in Estland anfahre. In Kaali gibt es mehrere ca. 4000 Jahre alte\u2026","rel":"","context":"In &quot;2012 BALTIKUM&quot;","block_context":{"text":"2012 BALTIKUM","link":"https:\/\/guderley.com\/?cat=22"},"img":{"alt_text":"","src":"https:\/\/i0.wp.com\/guderley.com\/wp-content\/uploads\/2012\/08\/wpid-Photo-03.08.2012-0929.jpg?resize=350%2C200","width":350,"height":200},"classes":[]}],"_links":{"self":[{"href":"https:\/\/guderley.com\/index.php?rest_route=\/wp\/v2\/posts\/1352","targetHints":{"allow":["GET"]}}],"collection":[{"href":"https:\/\/guderley.com\/index.php?rest_route=\/wp\/v2\/posts"}],"about":[{"href":"https:\/\/guderley.com\/index.php?rest_route=\/wp\/v2\/types\/post"}],"author":[{"embeddable":true,"href":"https:\/\/guderley.com\/index.php?rest_route=\/wp\/v2\/users\/2"}],"replies":[{"embeddable":true,"href":"https:\/\/guderley.com\/index.php?rest_route=%2Fwp%2Fv2%2Fcomments&post=1352"}],"version-history":[{"count":1,"href":"https:\/\/guderley.com\/index.php?rest_route=\/wp\/v2\/posts\/1352\/revisions"}],"predecessor-version":[{"id":1354,"href":"https:\/\/guderley.com\/index.php?rest_route=\/wp\/v2\/posts\/1352\/revisions\/1354"}],"wp:attachment":[{"href":"https:\/\/guderley.com\/index.php?rest_route=%2Fwp%2Fv2%2Fmedia&parent=1352"}],"wp:term":[{"taxonomy":"category","embeddable":true,"href":"https:\/\/guderley.com\/index.php?rest_route=%2Fwp%2Fv2%2Fcategories&post=1352"},{"taxonomy":"post_tag","embeddable":true,"href":"https:\/\/guderley.com\/index.php?rest_route=%2Fwp%2Fv2%2Ftags&post=1352"}],"curies":[{"name":"wp","href":"https:\/\/api.w.org\/{rel}","templated":true}]}}