{"id":1321,"date":"2012-07-26T13:34:57","date_gmt":"2012-07-26T12:34:57","guid":{"rendered":"http:\/\/guderley.com\/?p=1321"},"modified":"2012-07-26T20:34:36","modified_gmt":"2012-07-26T19:34:36","slug":"26-7-tartu-estland-10-tag-ruhetag","status":"publish","type":"post","link":"https:\/\/guderley.com\/?p=1321","title":{"rendered":"26.7.  Tartu \/ Estland &#8211; 10. Tag &#8211; Ruhetag"},"content":{"rendered":"<p> Hier einige Impressionen aus Tartu. Die Esten sagen: &#8222;Tallinn ist der Kopf Estlands aber Tartu das Herz und das Gehirn&#8220;. Eine wirklich sehenswerte und \u00fcberschaubare Universit\u00e4tsstadt. Die \u00c4lteren werden sich noch erinnern, die Stadt hie\u00df fr\u00fcher mal Dorpat.<\/p>\n<div class=\"separator\" style=\"clear: both; text-align: center;\"><a href=\"https:\/\/i0.wp.com\/guderley.com\/wp-content\/uploads\/2012\/07\/wpid-Photo-26.07.2012-1157.jpg\" target=\"_blank\" style=\"margin-left: 1em; margin-right: 1em;\"><img data-recalc-dims=\"1\" decoding=\"async\" src=\"https:\/\/i0.wp.com\/guderley.com\/wp-content\/uploads\/2012\/07\/wpid-Photo-26.07.2012-1157.jpg?resize=500%2C375\" id=\"blogsy-1343331250329.694\" class=\"aligncenter\" width=\"500\" height=\"375\" alt=\"\"><\/a><\/div>\n<div class=\"separator\" style=\"clear: both; text-align: center;\"><a href=\"https:\/\/i0.wp.com\/guderley.com\/wp-content\/uploads\/2012\/07\/wpid-Photo-26.07.2012-1211.jpg\" target=\"_blank\" style=\"margin-left: 1em; margin-right: 1em;\"><img data-recalc-dims=\"1\" decoding=\"async\" src=\"https:\/\/i0.wp.com\/guderley.com\/wp-content\/uploads\/2012\/07\/wpid-Photo-26.07.2012-1211.jpg?resize=500%2C375\" id=\"blogsy-1343331250350.3826\" class=\"aligncenter\" width=\"500\" height=\"375\" alt=\"\"><\/a><\/div>\n<div class=\"separator\" style=\"clear: both; text-align: center;\"><a href=\"https:\/\/i0.wp.com\/guderley.com\/wp-content\/uploads\/2012\/07\/wpid-Photo-26.07.2012-1216.jpg\" target=\"_blank\" style=\"margin-left: 1em; margin-right: 1em;\"><img data-recalc-dims=\"1\" decoding=\"async\" src=\"https:\/\/i0.wp.com\/guderley.com\/wp-content\/uploads\/2012\/07\/wpid-Photo-26.07.2012-1216.jpg?resize=500%2C375\" id=\"blogsy-1343331250280.9175\" class=\"aligncenter\" width=\"500\" height=\"375\" alt=\"\"><\/a><\/div>\n<div class=\"separator\" style=\"clear: both; text-align: center;\"><a href=\"https:\/\/i0.wp.com\/guderley.com\/wp-content\/uploads\/2012\/07\/wpid-Photo-26.07.2012-1319.jpg\" target=\"_blank\" style=\"margin-left: 1em; margin-right: 1em;\"><img data-recalc-dims=\"1\" decoding=\"async\" src=\"https:\/\/i0.wp.com\/guderley.com\/wp-content\/uploads\/2012\/07\/wpid-Photo-26.07.2012-1319.jpg?resize=500%2C375\" id=\"blogsy-1343331250355.3064\" class=\"aligncenter\" width=\"500\" height=\"375\" alt=\"\"><\/a><\/div>\n<div class=\"separator\" style=\"clear: both; text-align: center;\">&nbsp;<\/div>\n<p> Eine Anmerkung f\u00fcr meine rotarischen Freunde. Mit Freude habe ich gelesen, da\u00df der Rotary Club Tartu Toome heute Nachmittag um 17 Uhr gerade 100 m bei mir um die Ecke sein Meeting hat. Also bin ich vorhin mal vorbei und habe gefragt, ob der Termin stimmt. Die Antwort war &#8211; ja &#8211; aber der Rotary Club hat Sommerferien ! Schade, ganz nebenbei bemerkt, w\u00e4re ein reiner Frauenclub gewesen.<\/p>\n<p>Ich sitze jetzt an einem herrlichen Sommerabend, nachdem ich doch ein bisschen rund um Tartu geradelt bin, auf einer Restaurant-Terrasse und lasse meinen Ruhetag ausklingen.<\/p>\n<p>Morgen geht es nach Norden in Richtung Tallinn. Ich werde zwei Tage brauchen um die Landeshauptstadt zu erreichen. Rund 900 km bin ich dann auf dieser Nordostschleife geradelt. Meinen &#8222;Blauen Elefanten&#8220; habe ich heute gr\u00fcndlich sauber gemacht. Er ist bereit zu neuen Taten. <\/p>\n<p>&nbsp;<\/p>\n<div style=\"text-align: right; font-size: small;\" id=\"blogsy_footer\"><a href=\"http:\/\/blogsyapp.com\" target=\"_blank\"><img data-recalc-dims=\"1\" decoding=\"async\" src=\"https:\/\/i0.wp.com\/blogsyapp.com\/images\/blogsy_footer_icon.png?resize=20%2C20\" alt=\"Mit Blogsy ver\u00f6ffentlicht\" style=\"vertical-align: middle; margin-right: 5px;\" width=\"20\" height=\"20\" \/>Mit Blogsy ver\u00f6ffentlicht<\/a><\/div>\n","protected":false},"excerpt":{"rendered":"<p>Hier einige Impressionen aus Tartu. Die Esten sagen: &#8222;Tallinn ist der Kopf Estlands aber Tartu das Herz und das Gehirn&#8220;. Eine wirklich sehenswerte und \u00fcberschaubare Universit\u00e4tsstadt. Die \u00c4lteren werden sich noch erinnern, die Stadt hie\u00df fr\u00fcher mal Dorpat. &nbsp; Eine Anmerkung f\u00fcr meine rotarischen Freunde. Mit Freude habe ich gelesen, da\u00df der Rotary Club Tartu [&hellip;]<\/p>\n","protected":false},"author":2,"featured_media":0,"comment_status":"open","ping_status":"open","sticky":false,"template":"","format":"standard","meta":{"_jetpack_newsletter_access":"","_jetpack_dont_email_post_to_subs":false,"_jetpack_newsletter_tier_id":0,"_jetpack_memberships_contains_paywalled_content":false,"_jetpack_memberships_contains_paid_content":false,"footnotes":""},"categories":[22],"tags":[],"class_list":["post-1321","post","type-post","status-publish","format-standard","hentry","category-baltikum-2012"],"yoast_head":"<!-- This site is optimized with the Yoast SEO plugin v25.8 - https:\/\/yoast.com\/wordpress\/plugins\/seo\/ -->\n<title>26.7. Tartu \/ Estland - 10. Tag - Ruhetag - G\u00fcnter&#039;s Blog<\/title>\n<meta name=\"robots\" content=\"index, follow, max-snippet:-1, max-image-preview:large, max-video-preview:-1\" \/>\n<link rel=\"canonical\" href=\"http:\/\/guderley.com\/?p=1321\" \/>\n<meta property=\"og:locale\" content=\"de_DE\" \/>\n<meta property=\"og:type\" content=\"article\" \/>\n<meta property=\"og:title\" content=\"26.7. Tartu \/ Estland - 10. Tag - Ruhetag - G\u00fcnter&#039;s Blog\" \/>\n<meta property=\"og:description\" content=\"Hier einige Impressionen aus Tartu. Die Esten sagen: &#8222;Tallinn ist der Kopf Estlands aber Tartu das Herz und das Gehirn&#8220;. Eine wirklich sehenswerte und \u00fcberschaubare Universit\u00e4tsstadt. Die \u00c4lteren werden sich noch erinnern, die Stadt hie\u00df fr\u00fcher mal Dorpat. &nbsp; Eine Anmerkung f\u00fcr meine rotarischen Freunde. Mit Freude habe ich gelesen, da\u00df der Rotary Club Tartu [&hellip;]\" \/>\n<meta property=\"og:url\" content=\"http:\/\/guderley.com\/?p=1321\" \/>\n<meta property=\"og:site_name\" content=\"G\u00fcnter&#039;s Blog\" \/>\n<meta property=\"article:published_time\" content=\"2012-07-26T12:34:57+00:00\" \/>\n<meta property=\"article:modified_time\" content=\"2012-07-26T19:34:36+00:00\" \/>\n<meta property=\"og:image\" content=\"http:\/\/guderley.com\/wp-content\/uploads\/2012\/07\/wpid-Photo-26.07.2012-1157.jpg\" \/>\n<meta name=\"author\" content=\"guenter\" \/>\n<meta name=\"twitter:card\" content=\"summary_large_image\" \/>\n<meta name=\"twitter:label1\" content=\"Verfasst von\" \/>\n\t<meta name=\"twitter:data1\" content=\"guenter\" \/>\n\t<meta name=\"twitter:label2\" content=\"Gesch\u00e4tzte Lesezeit\" \/>\n\t<meta name=\"twitter:data2\" content=\"1\u00a0Minute\" \/>\n<script type=\"application\/ld+json\" class=\"yoast-schema-graph\">{\"@context\":\"https:\/\/schema.org\",\"@graph\":[{\"@type\":\"Article\",\"@id\":\"http:\/\/guderley.com\/?p=1321#article\",\"isPartOf\":{\"@id\":\"http:\/\/guderley.com\/?p=1321\"},\"author\":{\"name\":\"guenter\",\"@id\":\"https:\/\/guderley.com\/#\/schema\/person\/24a827645a6fedd3481426a7028dfdcd\"},\"headline\":\"26.7. Tartu \/ Estland &#8211; 10. Tag &#8211; Ruhetag\",\"datePublished\":\"2012-07-26T12:34:57+00:00\",\"dateModified\":\"2012-07-26T19:34:36+00:00\",\"mainEntityOfPage\":{\"@id\":\"http:\/\/guderley.com\/?p=1321\"},\"wordCount\":187,\"commentCount\":3,\"publisher\":{\"@id\":\"https:\/\/guderley.com\/#\/schema\/person\/24a827645a6fedd3481426a7028dfdcd\"},\"image\":{\"@id\":\"http:\/\/guderley.com\/?p=1321#primaryimage\"},\"thumbnailUrl\":\"http:\/\/guderley.com\/wp-content\/uploads\/2012\/07\/wpid-Photo-26.07.2012-1157.jpg\",\"articleSection\":[\"2012 BALTIKUM\"],\"inLanguage\":\"de\",\"potentialAction\":[{\"@type\":\"CommentAction\",\"name\":\"Comment\",\"target\":[\"http:\/\/guderley.com\/?p=1321#respond\"]}]},{\"@type\":\"WebPage\",\"@id\":\"http:\/\/guderley.com\/?p=1321\",\"url\":\"http:\/\/guderley.com\/?p=1321\",\"name\":\"26.7. Tartu \/ Estland - 10. Tag - Ruhetag - G\u00fcnter&#039;s Blog\",\"isPartOf\":{\"@id\":\"https:\/\/guderley.com\/#website\"},\"primaryImageOfPage\":{\"@id\":\"http:\/\/guderley.com\/?p=1321#primaryimage\"},\"image\":{\"@id\":\"http:\/\/guderley.com\/?p=1321#primaryimage\"},\"thumbnailUrl\":\"http:\/\/guderley.com\/wp-content\/uploads\/2012\/07\/wpid-Photo-26.07.2012-1157.jpg\",\"datePublished\":\"2012-07-26T12:34:57+00:00\",\"dateModified\":\"2012-07-26T19:34:36+00:00\",\"breadcrumb\":{\"@id\":\"http:\/\/guderley.com\/?p=1321#breadcrumb\"},\"inLanguage\":\"de\",\"potentialAction\":[{\"@type\":\"ReadAction\",\"target\":[\"http:\/\/guderley.com\/?p=1321\"]}]},{\"@type\":\"ImageObject\",\"inLanguage\":\"de\",\"@id\":\"http:\/\/guderley.com\/?p=1321#primaryimage\",\"url\":\"https:\/\/i0.wp.com\/guderley.com\/wp-content\/uploads\/2012\/07\/wpid-Photo-26.07.2012-1157.jpg?fit=1024%2C768&ssl=1\",\"contentUrl\":\"https:\/\/i0.wp.com\/guderley.com\/wp-content\/uploads\/2012\/07\/wpid-Photo-26.07.2012-1157.jpg?fit=1024%2C768&ssl=1\",\"width\":\"1024\",\"height\":\"768\"},{\"@type\":\"BreadcrumbList\",\"@id\":\"http:\/\/guderley.com\/?p=1321#breadcrumb\",\"itemListElement\":[{\"@type\":\"ListItem\",\"position\":1,\"name\":\"Startseite\",\"item\":\"https:\/\/guderley.com\/\"},{\"@type\":\"ListItem\",\"position\":2,\"name\":\"26.7. Tartu \/ Estland &#8211; 10. Tag &#8211; Ruhetag\"}]},{\"@type\":\"WebSite\",\"@id\":\"https:\/\/guderley.com\/#website\",\"url\":\"https:\/\/guderley.com\/\",\"name\":\"G\u00fcnter's Blog\",\"description\":\"Fahrrad Touren rund um die Welt\",\"publisher\":{\"@id\":\"https:\/\/guderley.com\/#\/schema\/person\/24a827645a6fedd3481426a7028dfdcd\"},\"alternateName\":\"G\u00fcnter's Blog\",\"potentialAction\":[{\"@type\":\"SearchAction\",\"target\":{\"@type\":\"EntryPoint\",\"urlTemplate\":\"https:\/\/guderley.com\/?s={search_term_string}\"},\"query-input\":{\"@type\":\"PropertyValueSpecification\",\"valueRequired\":true,\"valueName\":\"search_term_string\"}}],\"inLanguage\":\"de\"},{\"@type\":[\"Person\",\"Organization\"],\"@id\":\"https:\/\/guderley.com\/#\/schema\/person\/24a827645a6fedd3481426a7028dfdcd\",\"name\":\"guenter\",\"image\":{\"@type\":\"ImageObject\",\"inLanguage\":\"de\",\"@id\":\"https:\/\/guderley.com\/#\/schema\/person\/image\/\",\"url\":\"https:\/\/i0.wp.com\/guderley.com\/wp-content\/uploads\/img_8008-scaled.jpg?fit=1920%2C2560\",\"contentUrl\":\"https:\/\/i0.wp.com\/guderley.com\/wp-content\/uploads\/img_8008-scaled.jpg?fit=1920%2C2560\",\"width\":1920,\"height\":2560,\"caption\":\"guenter\"},\"logo\":{\"@id\":\"https:\/\/guderley.com\/#\/schema\/person\/image\/\"},\"sameAs\":[\"http:\/\/guderley.com\/blog\"],\"url\":\"https:\/\/guderley.com\/?author=2\"}]}<\/script>\n<!-- \/ Yoast SEO plugin. -->","yoast_head_json":{"title":"26.7. Tartu \/ Estland - 10. Tag - Ruhetag - G\u00fcnter&#039;s Blog","robots":{"index":"index","follow":"follow","max-snippet":"max-snippet:-1","max-image-preview":"max-image-preview:large","max-video-preview":"max-video-preview:-1"},"canonical":"http:\/\/guderley.com\/?p=1321","og_locale":"de_DE","og_type":"article","og_title":"26.7. Tartu \/ Estland - 10. Tag - Ruhetag - G\u00fcnter&#039;s Blog","og_description":"Hier einige Impressionen aus Tartu. Die Esten sagen: &#8222;Tallinn ist der Kopf Estlands aber Tartu das Herz und das Gehirn&#8220;. Eine wirklich sehenswerte und \u00fcberschaubare Universit\u00e4tsstadt. Die \u00c4lteren werden sich noch erinnern, die Stadt hie\u00df fr\u00fcher mal Dorpat. &nbsp; Eine Anmerkung f\u00fcr meine rotarischen Freunde. Mit Freude habe ich gelesen, da\u00df der Rotary Club Tartu [&hellip;]","og_url":"http:\/\/guderley.com\/?p=1321","og_site_name":"G\u00fcnter&#039;s Blog","article_published_time":"2012-07-26T12:34:57+00:00","article_modified_time":"2012-07-26T19:34:36+00:00","og_image":[{"url":"http:\/\/guderley.com\/wp-content\/uploads\/2012\/07\/wpid-Photo-26.07.2012-1157.jpg","type":"","width":"","height":""}],"author":"guenter","twitter_card":"summary_large_image","twitter_misc":{"Verfasst von":"guenter","Gesch\u00e4tzte Lesezeit":"1\u00a0Minute"},"schema":{"@context":"https:\/\/schema.org","@graph":[{"@type":"Article","@id":"http:\/\/guderley.com\/?p=1321#article","isPartOf":{"@id":"http:\/\/guderley.com\/?p=1321"},"author":{"name":"guenter","@id":"https:\/\/guderley.com\/#\/schema\/person\/24a827645a6fedd3481426a7028dfdcd"},"headline":"26.7. Tartu \/ Estland &#8211; 10. Tag &#8211; Ruhetag","datePublished":"2012-07-26T12:34:57+00:00","dateModified":"2012-07-26T19:34:36+00:00","mainEntityOfPage":{"@id":"http:\/\/guderley.com\/?p=1321"},"wordCount":187,"commentCount":3,"publisher":{"@id":"https:\/\/guderley.com\/#\/schema\/person\/24a827645a6fedd3481426a7028dfdcd"},"image":{"@id":"http:\/\/guderley.com\/?p=1321#primaryimage"},"thumbnailUrl":"http:\/\/guderley.com\/wp-content\/uploads\/2012\/07\/wpid-Photo-26.07.2012-1157.jpg","articleSection":["2012 BALTIKUM"],"inLanguage":"de","potentialAction":[{"@type":"CommentAction","name":"Comment","target":["http:\/\/guderley.com\/?p=1321#respond"]}]},{"@type":"WebPage","@id":"http:\/\/guderley.com\/?p=1321","url":"http:\/\/guderley.com\/?p=1321","name":"26.7. Tartu \/ Estland - 10. Tag - Ruhetag - G\u00fcnter&#039;s Blog","isPartOf":{"@id":"https:\/\/guderley.com\/#website"},"primaryImageOfPage":{"@id":"http:\/\/guderley.com\/?p=1321#primaryimage"},"image":{"@id":"http:\/\/guderley.com\/?p=1321#primaryimage"},"thumbnailUrl":"http:\/\/guderley.com\/wp-content\/uploads\/2012\/07\/wpid-Photo-26.07.2012-1157.jpg","datePublished":"2012-07-26T12:34:57+00:00","dateModified":"2012-07-26T19:34:36+00:00","breadcrumb":{"@id":"http:\/\/guderley.com\/?p=1321#breadcrumb"},"inLanguage":"de","potentialAction":[{"@type":"ReadAction","target":["http:\/\/guderley.com\/?p=1321"]}]},{"@type":"ImageObject","inLanguage":"de","@id":"http:\/\/guderley.com\/?p=1321#primaryimage","url":"https:\/\/i0.wp.com\/guderley.com\/wp-content\/uploads\/2012\/07\/wpid-Photo-26.07.2012-1157.jpg?fit=1024%2C768&ssl=1","contentUrl":"https:\/\/i0.wp.com\/guderley.com\/wp-content\/uploads\/2012\/07\/wpid-Photo-26.07.2012-1157.jpg?fit=1024%2C768&ssl=1","width":"1024","height":"768"},{"@type":"BreadcrumbList","@id":"http:\/\/guderley.com\/?p=1321#breadcrumb","itemListElement":[{"@type":"ListItem","position":1,"name":"Startseite","item":"https:\/\/guderley.com\/"},{"@type":"ListItem","position":2,"name":"26.7. Tartu \/ Estland &#8211; 10. Tag &#8211; Ruhetag"}]},{"@type":"WebSite","@id":"https:\/\/guderley.com\/#website","url":"https:\/\/guderley.com\/","name":"G\u00fcnter's Blog","description":"Fahrrad Touren rund um die Welt","publisher":{"@id":"https:\/\/guderley.com\/#\/schema\/person\/24a827645a6fedd3481426a7028dfdcd"},"alternateName":"G\u00fcnter's Blog","potentialAction":[{"@type":"SearchAction","target":{"@type":"EntryPoint","urlTemplate":"https:\/\/guderley.com\/?s={search_term_string}"},"query-input":{"@type":"PropertyValueSpecification","valueRequired":true,"valueName":"search_term_string"}}],"inLanguage":"de"},{"@type":["Person","Organization"],"@id":"https:\/\/guderley.com\/#\/schema\/person\/24a827645a6fedd3481426a7028dfdcd","name":"guenter","image":{"@type":"ImageObject","inLanguage":"de","@id":"https:\/\/guderley.com\/#\/schema\/person\/image\/","url":"https:\/\/i0.wp.com\/guderley.com\/wp-content\/uploads\/img_8008-scaled.jpg?fit=1920%2C2560","contentUrl":"https:\/\/i0.wp.com\/guderley.com\/wp-content\/uploads\/img_8008-scaled.jpg?fit=1920%2C2560","width":1920,"height":2560,"caption":"guenter"},"logo":{"@id":"https:\/\/guderley.com\/#\/schema\/person\/image\/"},"sameAs":["http:\/\/guderley.com\/blog"],"url":"https:\/\/guderley.com\/?author=2"}]}},"jetpack_featured_media_url":"","jetpack_sharing_enabled":true,"jetpack_shortlink":"https:\/\/wp.me\/p9IuXF-lj","jetpack_likes_enabled":true,"jetpack-related-posts":[{"id":1316,"url":"https:\/\/guderley.com\/?p=1316","url_meta":{"origin":1321,"position":0},"title":"25.7.  Tartu \/ Estland &#8211; 9. Tag &#8211; 718 km","author":"guenter","date":"Juli 25, 2012","format":false,"excerpt":"Eine sehr angenehme und ruhige Nacht in dem riesigen Kiefernwald verbracht. Um 8 Uhr rollte mein Fahrrad komplett gepackt \"vom Hof\". Es ging nach kurzer Zeit auf eine gute und relativ wenig befahrene Stra\u00dfe entlang des Peipussees. Bei meinem ersten Stopp traf ich die vier Berliner von vorgestern wieder, die\u2026","rel":"","context":"In &quot;2012 BALTIKUM&quot;","block_context":{"text":"2012 BALTIKUM","link":"https:\/\/guderley.com\/?cat=22"},"img":{"alt_text":"","src":"https:\/\/i0.wp.com\/guderley.com\/wp-content\/uploads\/2012\/07\/wpid-Photo-25.07.2012-0808.jpg?resize=350%2C200","width":350,"height":200},"classes":[]},{"id":1325,"url":"https:\/\/guderley.com\/?p=1325","url_meta":{"origin":1321,"position":1},"title":"27.7.  On the road to Tallinn &#8211; 11. Tag &#8211; 834 km","author":"guenter","date":"Juli 27, 2012","format":false,"excerpt":"Heute ist Transfertag, d.h. Strecke machen. Das Ziel ist m\u00f6glichst nahe an Tallinn heranzufahren. Morgen und Sonntag habe ich mich am Stadtrand von Tallinn einquartiert. Ich bin im Moment, d.h. 15 Uhr rund 100 km seit Tartu gefahren. Bis Tallinn fehlen aber noch 100 km. Es ist sehr hei\u00df heute\u2026","rel":"","context":"In &quot;2012 BALTIKUM&quot;","block_context":{"text":"2012 BALTIKUM","link":"https:\/\/guderley.com\/?cat=22"},"img":{"alt_text":"","src":"https:\/\/i0.wp.com\/guderley.com\/wp-content\/uploads\/2012\/07\/wpid-Photo-27.07.2012-1037.jpg?resize=350%2C200","width":350,"height":200},"classes":[]},{"id":1341,"url":"https:\/\/guderley.com\/?p=1341","url_meta":{"origin":1321,"position":2},"title":"28.7.  Tallinn \/ Estland &#8211; 12. Tag &#8211; 963 km","author":"guenter","date":"Juli 28, 2012","format":false,"excerpt":"Das Fr\u00fchst\u00fcck in der \"Jugendherberge\" war sehr ordentlich. Nachts war es mal ein bisschen laut, aber ich war ziemlich m\u00fcde und habe sehr gut geschlafen.Kurz nach 8:00 Uhr sa\u00df ich auf dem Rad und bin ganz locker los gerollt. Nach ca. acht Kilometern h\u00e4tte es noch eine \u00dcbernachtungsalternative zu gestern\u2026","rel":"","context":"In &quot;2012 BALTIKUM&quot;","block_context":{"text":"2012 BALTIKUM","link":"https:\/\/guderley.com\/?cat=22"},"img":{"alt_text":"","src":"https:\/\/i0.wp.com\/guderley.com\/wp-content\/uploads\/2012\/07\/wpid-Photo-27.07.2012-2121.jpg?resize=350%2C200","width":350,"height":200},"classes":[]},{"id":1613,"url":"https:\/\/guderley.com\/?p=1613","url_meta":{"origin":1321,"position":3},"title":"25.8.  Fazit Sommertour 2012","author":"guenter","date":"August 25, 2012","format":false,"excerpt":"Es ist wie immer ein komisches Gef\u00fchl, wenn etwas, was einen sehr lange besch\u00e4ftigt hat im Vorfeld, pl\u00f6tzlich Vergangenheit ist.Ich habe insgesamt vierzig sehr intensive Tage erlebt und dabei nie das Gef\u00fchl von Langeweile oder gar Einsamkeit gehabt.Meine Erwartungen an L\u00e4nder, St\u00e4dte, Menschen und Landschaften wurden in gro\u00dfem Ma\u00dfe erf\u00fcllt.\u2026","rel":"","context":"In &quot;2012 BALTIKUM&quot;","block_context":{"text":"2012 BALTIKUM","link":"https:\/\/guderley.com\/?cat=22"},"img":{"alt_text":"Mit Blogsy ver\u00f6ffentlicht","src":"https:\/\/i0.wp.com\/blogsyapp.com\/images\/blogsy_footer_icon.png?resize=350%2C200","width":350,"height":200},"classes":[]},{"id":1299,"url":"https:\/\/guderley.com\/?p=1299","url_meta":{"origin":1321,"position":4},"title":"23.7.  Narva \/ Estland &#8211; 7. Tag &#8211; 467 km","author":"guenter","date":"Juli 23, 2012","format":false,"excerpt":"Heute morgen war die Sonne weg und ein sturmartiger Westwind gab die Richtung vor. Ich wollte sowieso weiter nach Osten, klar war aber auch dass der Wind den Regen heranblies.Ich rollte entlang der Steilk\u00fcste nach Toila und n\u00e4herte mich damit einer Gegend welche im Fr\u00fchjahr 1944 heftig umk\u00e4mpft war und\u2026","rel":"","context":"In &quot;2012 BALTIKUM&quot;","block_context":{"text":"2012 BALTIKUM","link":"https:\/\/guderley.com\/?cat=22"},"img":{"alt_text":"","src":"https:\/\/i0.wp.com\/guderley.com\/wp-content\/uploads\/2012\/07\/wpid-Photo-23.07.2012-1654.jpg?resize=350%2C200","width":350,"height":200},"classes":[]},{"id":1306,"url":"https:\/\/guderley.com\/?p=1306","url_meta":{"origin":1321,"position":5},"title":"24.7.  Kauksi \/ Estland &#8211; 8. Tag &#8211; 602 km","author":"guenter","date":"Juli 25, 2012","format":false,"excerpt":"Es sollte ein sehr langer Radtag werden, das wusste ich allerdings morgens um 8 Uhr vor der be\u00fchmten Festung in Narva noch nicht. Es hatte die ganze Nacht m\u00e4chtig geregnet aber p\u00fcnktlich um 6 Uhr h\u00f6rte es auf. Frohen Mutes machte ich mich auf den Weg zur\u00fcck. Ich musste etwa\u2026","rel":"","context":"In &quot;2012 BALTIKUM&quot;","block_context":{"text":"2012 BALTIKUM","link":"https:\/\/guderley.com\/?cat=22"},"img":{"alt_text":"","src":"https:\/\/i0.wp.com\/guderley.com\/wp-content\/uploads\/2012\/07\/wpid-Photo-24.07.2012-0809.jpg?resize=350%2C200","width":350,"height":200},"classes":[]}],"_links":{"self":[{"href":"https:\/\/guderley.com\/index.php?rest_route=\/wp\/v2\/posts\/1321","targetHints":{"allow":["GET"]}}],"collection":[{"href":"https:\/\/guderley.com\/index.php?rest_route=\/wp\/v2\/posts"}],"about":[{"href":"https:\/\/guderley.com\/index.php?rest_route=\/wp\/v2\/types\/post"}],"author":[{"embeddable":true,"href":"https:\/\/guderley.com\/index.php?rest_route=\/wp\/v2\/users\/2"}],"replies":[{"embeddable":true,"href":"https:\/\/guderley.com\/index.php?rest_route=%2Fwp%2Fv2%2Fcomments&post=1321"}],"version-history":[{"count":3,"href":"https:\/\/guderley.com\/index.php?rest_route=\/wp\/v2\/posts\/1321\/revisions"}],"predecessor-version":[{"id":1324,"href":"https:\/\/guderley.com\/index.php?rest_route=\/wp\/v2\/posts\/1321\/revisions\/1324"}],"wp:attachment":[{"href":"https:\/\/guderley.com\/index.php?rest_route=%2Fwp%2Fv2%2Fmedia&parent=1321"}],"wp:term":[{"taxonomy":"category","embeddable":true,"href":"https:\/\/guderley.com\/index.php?rest_route=%2Fwp%2Fv2%2Fcategories&post=1321"},{"taxonomy":"post_tag","embeddable":true,"href":"https:\/\/guderley.com\/index.php?rest_route=%2Fwp%2Fv2%2Ftags&post=1321"}],"curies":[{"name":"wp","href":"https:\/\/api.w.org\/{rel}","templated":true}]}}