{"id":879,"date":"2011-08-19T21:47:55","date_gmt":"2011-08-19T20:47:55","guid":{"rendered":"http:\/\/guderley.com\/?p=879"},"modified":"2011-08-19T21:50:57","modified_gmt":"2011-08-19T20:50:57","slug":"19-08-2011-goldbach-650-km","status":"publish","type":"post","link":"http:\/\/guderley.com\/?p=879","title":{"rendered":"19.08.2011  Goldbach  650 km"},"content":{"rendered":"<p>Um 5:00 Uhr bin ich von einem heftigen Gewitter in Marbach geweckt worden. Das hie\u00df erstmal in Alternativen denken. Als ich um 6:30 Uhr einen Blick zum Himmel riskierte war viel blauer Himmel zu sehen.<\/p>\n<p>Um 8:00 Uhr sa\u00df ich auf dem Rad mit dem ersten Teilziel Heilbronn. Es war ein herrlicher Morgen mit klarer Luft, trotzdem bekam ich keinen Druck auf die Pedale. In Lauffen am Neckar nach guten 30 km, dachte ich sogar kurzzeitig an einen Zug ab Heilbronn.<\/p>\n<p>Eine ausgiebige Mittagspause in Heilbronn verband ich mit der Entscheidung \u00fcber die H\u00fcgel bis Amorbach zu fahren und mich dort ggf. von Julian abholen zu lassen. Aber es kam anders. Pl\u00f6tzlich hatte ich gute Beine und auch die n\u00f6tige Motivation. Am Ende der herrlichen Abfahrt von Mudau nach Amorbach war klar, ich radle bis Goldbach. Nach 177 km bin ich gegen 20:00 Uhr vor der Haust\u00fcr abgestiegen. Ab und zu gab es zwar ein paar drohende Gewitterwolken und auch ein bisschen Blitz und Donner, nass geworden bin ich aber nicht.<\/p>\n<p>650 km in 5 Tagen nach eher z\u00f6gerlichem Beginn am Montag mit der Durchquerung des Allg\u00e4us und der Schw\u00e4bischen Alb und dem heutigen Auf und Ab im Neckar-Odenwaldkreis haben meine Lust auf Strecke total erf\u00fcllt.<\/p>\n<p>Sch\u00f6n auch wieder zu Hause zu sein.<\/p>\n","protected":false},"excerpt":{"rendered":"<p>Um 5:00 Uhr bin ich von einem heftigen Gewitter in Marbach geweckt worden. Das hie\u00df erstmal in Alternativen denken. Als ich um 6:30 Uhr einen Blick zum Himmel riskierte war viel blauer Himmel zu sehen. Um 8:00 Uhr sa\u00df ich auf dem Rad mit dem ersten Teilziel Heilbronn. Es war ein herrlicher Morgen mit klarer [&hellip;]<\/p>\n","protected":false},"author":2,"featured_media":0,"comment_status":"open","ping_status":"open","sticky":false,"template":"","format":"standard","meta":{"_jetpack_newsletter_access":"","_jetpack_dont_email_post_to_subs":false,"_jetpack_newsletter_tier_id":0,"_jetpack_memberships_contains_paywalled_content":false,"_jetpack_memberships_contains_paid_content":false,"footnotes":""},"categories":[14],"tags":[],"class_list":["post-879","post","type-post","status-publish","format-standard","hentry","category-2011-allgau"],"yoast_head":"<!-- This site is optimized with the Yoast SEO plugin v25.8 - https:\/\/yoast.com\/wordpress\/plugins\/seo\/ -->\n<title>19.08.2011 Goldbach 650 km - G\u00fcnter&#039;s Blog<\/title>\n<meta name=\"robots\" content=\"index, follow, max-snippet:-1, max-image-preview:large, max-video-preview:-1\" \/>\n<link rel=\"canonical\" href=\"http:\/\/guderley.com\/?p=879\" \/>\n<meta property=\"og:locale\" content=\"de_DE\" \/>\n<meta property=\"og:type\" content=\"article\" \/>\n<meta property=\"og:title\" content=\"19.08.2011 Goldbach 650 km - G\u00fcnter&#039;s Blog\" \/>\n<meta property=\"og:description\" content=\"Um 5:00 Uhr bin ich von einem heftigen Gewitter in Marbach geweckt worden. Das hie\u00df erstmal in Alternativen denken. Als ich um 6:30 Uhr einen Blick zum Himmel riskierte war viel blauer Himmel zu sehen. Um 8:00 Uhr sa\u00df ich auf dem Rad mit dem ersten Teilziel Heilbronn. Es war ein herrlicher Morgen mit klarer [&hellip;]\" \/>\n<meta property=\"og:url\" content=\"http:\/\/guderley.com\/?p=879\" \/>\n<meta property=\"og:site_name\" content=\"G\u00fcnter&#039;s Blog\" \/>\n<meta property=\"article:published_time\" content=\"2011-08-19T20:47:55+00:00\" \/>\n<meta property=\"article:modified_time\" content=\"2011-08-19T20:50:57+00:00\" \/>\n<meta property=\"og:image\" content=\"https:\/\/i0.wp.com\/guderley.com\/wp-content\/uploads\/img_7992-scaled.jpg?fit=2560%2C1920\" \/>\n\t<meta property=\"og:image:width\" content=\"2560\" \/>\n\t<meta property=\"og:image:height\" content=\"1920\" \/>\n\t<meta property=\"og:image:type\" content=\"image\/jpeg\" \/>\n<meta name=\"author\" content=\"guenter\" \/>\n<meta name=\"twitter:card\" content=\"summary_large_image\" \/>\n<meta name=\"twitter:label1\" content=\"Verfasst von\" \/>\n\t<meta name=\"twitter:data1\" content=\"guenter\" \/>\n\t<meta name=\"twitter:label2\" content=\"Gesch\u00e4tzte Lesezeit\" \/>\n\t<meta name=\"twitter:data2\" content=\"1\u00a0Minute\" \/>\n<script type=\"application\/ld+json\" class=\"yoast-schema-graph\">{\"@context\":\"https:\/\/schema.org\",\"@graph\":[{\"@type\":\"Article\",\"@id\":\"http:\/\/guderley.com\/?p=879#article\",\"isPartOf\":{\"@id\":\"http:\/\/guderley.com\/?p=879\"},\"author\":{\"name\":\"guenter\",\"@id\":\"https:\/\/guderley.com\/#\/schema\/person\/24a827645a6fedd3481426a7028dfdcd\"},\"headline\":\"19.08.2011 Goldbach 650 km\",\"datePublished\":\"2011-08-19T20:47:55+00:00\",\"dateModified\":\"2011-08-19T20:50:57+00:00\",\"mainEntityOfPage\":{\"@id\":\"http:\/\/guderley.com\/?p=879\"},\"wordCount\":216,\"commentCount\":0,\"publisher\":{\"@id\":\"https:\/\/guderley.com\/#\/schema\/person\/24a827645a6fedd3481426a7028dfdcd\"},\"articleSection\":[\"2011 ALLG\u00c4U - NECKAR\"],\"inLanguage\":\"de\",\"potentialAction\":[{\"@type\":\"CommentAction\",\"name\":\"Comment\",\"target\":[\"http:\/\/guderley.com\/?p=879#respond\"]}]},{\"@type\":\"WebPage\",\"@id\":\"http:\/\/guderley.com\/?p=879\",\"url\":\"http:\/\/guderley.com\/?p=879\",\"name\":\"19.08.2011 Goldbach 650 km - G\u00fcnter&#039;s Blog\",\"isPartOf\":{\"@id\":\"https:\/\/guderley.com\/#website\"},\"datePublished\":\"2011-08-19T20:47:55+00:00\",\"dateModified\":\"2011-08-19T20:50:57+00:00\",\"breadcrumb\":{\"@id\":\"http:\/\/guderley.com\/?p=879#breadcrumb\"},\"inLanguage\":\"de\",\"potentialAction\":[{\"@type\":\"ReadAction\",\"target\":[\"http:\/\/guderley.com\/?p=879\"]}]},{\"@type\":\"BreadcrumbList\",\"@id\":\"http:\/\/guderley.com\/?p=879#breadcrumb\",\"itemListElement\":[{\"@type\":\"ListItem\",\"position\":1,\"name\":\"Startseite\",\"item\":\"https:\/\/guderley.com\/\"},{\"@type\":\"ListItem\",\"position\":2,\"name\":\"19.08.2011 Goldbach 650 km\"}]},{\"@type\":\"WebSite\",\"@id\":\"https:\/\/guderley.com\/#website\",\"url\":\"https:\/\/guderley.com\/\",\"name\":\"G\u00fcnter's Blog\",\"description\":\"Fahrrad Touren rund um die Welt\",\"publisher\":{\"@id\":\"https:\/\/guderley.com\/#\/schema\/person\/24a827645a6fedd3481426a7028dfdcd\"},\"alternateName\":\"G\u00fcnter's Blog\",\"potentialAction\":[{\"@type\":\"SearchAction\",\"target\":{\"@type\":\"EntryPoint\",\"urlTemplate\":\"https:\/\/guderley.com\/?s={search_term_string}\"},\"query-input\":{\"@type\":\"PropertyValueSpecification\",\"valueRequired\":true,\"valueName\":\"search_term_string\"}}],\"inLanguage\":\"de\"},{\"@type\":[\"Person\",\"Organization\"],\"@id\":\"https:\/\/guderley.com\/#\/schema\/person\/24a827645a6fedd3481426a7028dfdcd\",\"name\":\"guenter\",\"image\":{\"@type\":\"ImageObject\",\"inLanguage\":\"de\",\"@id\":\"https:\/\/guderley.com\/#\/schema\/person\/image\/\",\"url\":\"https:\/\/i0.wp.com\/guderley.com\/wp-content\/uploads\/img_8008-scaled.jpg?fit=1920%2C2560\",\"contentUrl\":\"https:\/\/i0.wp.com\/guderley.com\/wp-content\/uploads\/img_8008-scaled.jpg?fit=1920%2C2560\",\"width\":1920,\"height\":2560,\"caption\":\"guenter\"},\"logo\":{\"@id\":\"https:\/\/guderley.com\/#\/schema\/person\/image\/\"},\"sameAs\":[\"http:\/\/guderley.com\/blog\"],\"url\":\"http:\/\/guderley.com\/?author=2\"}]}<\/script>\n<!-- \/ Yoast SEO plugin. -->","yoast_head_json":{"title":"19.08.2011 Goldbach 650 km - G\u00fcnter&#039;s Blog","robots":{"index":"index","follow":"follow","max-snippet":"max-snippet:-1","max-image-preview":"max-image-preview:large","max-video-preview":"max-video-preview:-1"},"canonical":"http:\/\/guderley.com\/?p=879","og_locale":"de_DE","og_type":"article","og_title":"19.08.2011 Goldbach 650 km - G\u00fcnter&#039;s Blog","og_description":"Um 5:00 Uhr bin ich von einem heftigen Gewitter in Marbach geweckt worden. Das hie\u00df erstmal in Alternativen denken. Als ich um 6:30 Uhr einen Blick zum Himmel riskierte war viel blauer Himmel zu sehen. Um 8:00 Uhr sa\u00df ich auf dem Rad mit dem ersten Teilziel Heilbronn. Es war ein herrlicher Morgen mit klarer [&hellip;]","og_url":"http:\/\/guderley.com\/?p=879","og_site_name":"G\u00fcnter&#039;s Blog","article_published_time":"2011-08-19T20:47:55+00:00","article_modified_time":"2011-08-19T20:50:57+00:00","og_image":[{"width":2560,"height":1920,"url":"https:\/\/i0.wp.com\/guderley.com\/wp-content\/uploads\/img_7992-scaled.jpg?fit=2560%2C1920","type":"image\/jpeg"}],"author":"guenter","twitter_card":"summary_large_image","twitter_misc":{"Verfasst von":"guenter","Gesch\u00e4tzte Lesezeit":"1\u00a0Minute"},"schema":{"@context":"https:\/\/schema.org","@graph":[{"@type":"Article","@id":"http:\/\/guderley.com\/?p=879#article","isPartOf":{"@id":"http:\/\/guderley.com\/?p=879"},"author":{"name":"guenter","@id":"https:\/\/guderley.com\/#\/schema\/person\/24a827645a6fedd3481426a7028dfdcd"},"headline":"19.08.2011 Goldbach 650 km","datePublished":"2011-08-19T20:47:55+00:00","dateModified":"2011-08-19T20:50:57+00:00","mainEntityOfPage":{"@id":"http:\/\/guderley.com\/?p=879"},"wordCount":216,"commentCount":0,"publisher":{"@id":"https:\/\/guderley.com\/#\/schema\/person\/24a827645a6fedd3481426a7028dfdcd"},"articleSection":["2011 ALLG\u00c4U - NECKAR"],"inLanguage":"de","potentialAction":[{"@type":"CommentAction","name":"Comment","target":["http:\/\/guderley.com\/?p=879#respond"]}]},{"@type":"WebPage","@id":"http:\/\/guderley.com\/?p=879","url":"http:\/\/guderley.com\/?p=879","name":"19.08.2011 Goldbach 650 km - G\u00fcnter&#039;s Blog","isPartOf":{"@id":"https:\/\/guderley.com\/#website"},"datePublished":"2011-08-19T20:47:55+00:00","dateModified":"2011-08-19T20:50:57+00:00","breadcrumb":{"@id":"http:\/\/guderley.com\/?p=879#breadcrumb"},"inLanguage":"de","potentialAction":[{"@type":"ReadAction","target":["http:\/\/guderley.com\/?p=879"]}]},{"@type":"BreadcrumbList","@id":"http:\/\/guderley.com\/?p=879#breadcrumb","itemListElement":[{"@type":"ListItem","position":1,"name":"Startseite","item":"https:\/\/guderley.com\/"},{"@type":"ListItem","position":2,"name":"19.08.2011 Goldbach 650 km"}]},{"@type":"WebSite","@id":"https:\/\/guderley.com\/#website","url":"https:\/\/guderley.com\/","name":"G\u00fcnter's Blog","description":"Fahrrad Touren rund um die Welt","publisher":{"@id":"https:\/\/guderley.com\/#\/schema\/person\/24a827645a6fedd3481426a7028dfdcd"},"alternateName":"G\u00fcnter's Blog","potentialAction":[{"@type":"SearchAction","target":{"@type":"EntryPoint","urlTemplate":"https:\/\/guderley.com\/?s={search_term_string}"},"query-input":{"@type":"PropertyValueSpecification","valueRequired":true,"valueName":"search_term_string"}}],"inLanguage":"de"},{"@type":["Person","Organization"],"@id":"https:\/\/guderley.com\/#\/schema\/person\/24a827645a6fedd3481426a7028dfdcd","name":"guenter","image":{"@type":"ImageObject","inLanguage":"de","@id":"https:\/\/guderley.com\/#\/schema\/person\/image\/","url":"https:\/\/i0.wp.com\/guderley.com\/wp-content\/uploads\/img_8008-scaled.jpg?fit=1920%2C2560","contentUrl":"https:\/\/i0.wp.com\/guderley.com\/wp-content\/uploads\/img_8008-scaled.jpg?fit=1920%2C2560","width":1920,"height":2560,"caption":"guenter"},"logo":{"@id":"https:\/\/guderley.com\/#\/schema\/person\/image\/"},"sameAs":["http:\/\/guderley.com\/blog"],"url":"http:\/\/guderley.com\/?author=2"}]}},"jetpack_featured_media_url":"","jetpack_sharing_enabled":true,"jetpack_shortlink":"https:\/\/wp.me\/p9IuXF-eb","jetpack_likes_enabled":true,"jetpack-related-posts":[{"id":6212,"url":"http:\/\/guderley.com\/?p=6212","url_meta":{"origin":879,"position":0},"title":"ST &#8211; Tag 7 &#8211; 22.02. \/ Tacna, AZ \u2014&gt; Autoshuttle \u2014&gt; 120 km to Gila Bend, AZ mit dem Rad Gila Bend, AZ to Maricopa, AZ 72 km &#8211; 303 hm &#8211; 4:58 h : Gesamt: 566 km \/ 3903 hm \/ 53:24 h im Sattel","author":"guenter","date":"Februar 23, 2025","format":false,"excerpt":"Sonnenuntergang war um 18:30 Uhr, hier wird es sehr schnell dunkel. Also 19:00 im Zelt - Sonnenaufgang 7:15 Uhr. Eine sehr lange Nacht - konnte mich anfangs gar nicht sattsehen an dem Sternenhimmel. Lediglich vor 30 Jahren beim Aufstieg auf den Kilimandscharo habe ich einen solchen Himmel gesehen. Durch die\u2026","rel":"","context":"In &quot;2025_Southern Tier - San Diego nach Austin&quot;","block_context":{"text":"2025_Southern Tier - San Diego nach Austin","link":"http:\/\/guderley.com\/?cat=36"},"img":{"alt_text":"","src":"https:\/\/i0.wp.com\/guderley.com\/wp-content\/uploads\/img_8930.jpg?resize=350%2C200","width":350,"height":200,"srcset":"https:\/\/i0.wp.com\/guderley.com\/wp-content\/uploads\/img_8930.jpg?resize=350%2C200 1x, https:\/\/i0.wp.com\/guderley.com\/wp-content\/uploads\/img_8930.jpg?resize=525%2C300 1.5x, https:\/\/i0.wp.com\/guderley.com\/wp-content\/uploads\/img_8930.jpg?resize=700%2C400 2x, https:\/\/i0.wp.com\/guderley.com\/wp-content\/uploads\/img_8930.jpg?resize=1050%2C600 3x, https:\/\/i0.wp.com\/guderley.com\/wp-content\/uploads\/img_8930.jpg?resize=1400%2C800 4x"},"classes":[]},{"id":2086,"url":"http:\/\/guderley.com\/?p=2086","url_meta":{"origin":879,"position":1},"title":"Nordkap &#8211; Tag 35 &#8211; Sonntag, 16. Juni","author":"guenter","date":"Juni 16, 2013","format":false,"excerpt":"71 km \/ 1352 hm \/ 4:45 h - Gesamt 3589 km \/ 22219 hm \/ 222:48 Morgens gab es noch Regen in Honningsv\u00e5g, im Laufe des Tages klarte es auf und blauer Himmel zeigte sich. Gegen 15:00 Uhr hielt mich nichts mehr und ich machte mich auf den Weg\u2026","rel":"","context":"In &quot;2013 NORDKAPP&quot;","block_context":{"text":"2013 NORDKAPP","link":"http:\/\/guderley.com\/?cat=23"},"img":{"alt_text":"","src":"https:\/\/i0.wp.com\/guderley.com\/wp-content\/uploads\/2013\/06\/wpid-Photo-16.06.2013-2038.jpg?resize=350%2C200","width":350,"height":200,"srcset":"https:\/\/i0.wp.com\/guderley.com\/wp-content\/uploads\/2013\/06\/wpid-Photo-16.06.2013-2038.jpg?resize=350%2C200 1x, https:\/\/i0.wp.com\/guderley.com\/wp-content\/uploads\/2013\/06\/wpid-Photo-16.06.2013-2038.jpg?resize=525%2C300 1.5x, https:\/\/i0.wp.com\/guderley.com\/wp-content\/uploads\/2013\/06\/wpid-Photo-16.06.2013-2038.jpg?resize=700%2C400 2x"},"classes":[]},{"id":3880,"url":"http:\/\/guderley.com\/?p=3880","url_meta":{"origin":879,"position":2},"title":"14. M\u00e4rz 2022 \/ Eberbach nach \u00d6hringen  &#8211;  91 km","author":"guenter","date":"M\u00e4rz 14, 2022","format":false,"excerpt":"Morgens regnete es leicht. Nach dem Fr\u00fchst\u00fcck hatte es aufgeh\u00f6rt und sollte auch den ganzen Tag trocken bleiben, ziemlich frisch auf dem Rad - zum Nachmittag hin immer mehr Sonne. Ich muss mich erst wieder ans l\u00e4ngere Fahren gew\u00f6hnen, sitze noch nicht richtig locker auf dem Rad. In Heilbronn g\u00f6nne\u2026","rel":"","context":"In &quot;2022 Mississippi&quot;","block_context":{"text":"2022 Mississippi","link":"http:\/\/guderley.com\/?cat=31"},"img":{"alt_text":"","src":"https:\/\/i0.wp.com\/guderley.com\/wp-content\/uploads\/img_6017-scaled.jpg?resize=350%2C200","width":350,"height":200,"srcset":"https:\/\/i0.wp.com\/guderley.com\/wp-content\/uploads\/img_6017-scaled.jpg?resize=350%2C200 1x, https:\/\/i0.wp.com\/guderley.com\/wp-content\/uploads\/img_6017-scaled.jpg?resize=525%2C300 1.5x, https:\/\/i0.wp.com\/guderley.com\/wp-content\/uploads\/img_6017-scaled.jpg?resize=700%2C400 2x, https:\/\/i0.wp.com\/guderley.com\/wp-content\/uploads\/img_6017-scaled.jpg?resize=1050%2C600 3x, https:\/\/i0.wp.com\/guderley.com\/wp-content\/uploads\/img_6017-scaled.jpg?resize=1400%2C800 4x"},"classes":[]},{"id":1966,"url":"http:\/\/guderley.com\/?p=1966","url_meta":{"origin":879,"position":3},"title":"Jokkmokk &#8211; Tag 27 &#8211; Samstag, 8. Juni","author":"guenter","date":"Juni 8, 2013","format":false,"excerpt":"65 km \/ 334 hm \/ 3:40 h - Gesamt 2695 km \/ 15655 hm \/ 164:49 h Heute ist bekannterma\u00dfen mein Geburtstag. Vor drei Jahren auf dem ersten Teilst\u00fcck von Gibraltar nach Goldbach habe ich ihn in Pamplona mit einer Flasche Wein gefeiert, im legend\u00e4ren Caf\u00e9 Irun. Vergangenes Jahr\u2026","rel":"","context":"In &quot;2013 NORDKAPP&quot;","block_context":{"text":"2013 NORDKAPP","link":"http:\/\/guderley.com\/?cat=23"},"img":{"alt_text":"","src":"https:\/\/i0.wp.com\/guderley.com\/wp-content\/uploads\/2013\/06\/wpid-Photo-08.06.2013-0853.jpg?resize=350%2C200","width":350,"height":200,"srcset":"https:\/\/i0.wp.com\/guderley.com\/wp-content\/uploads\/2013\/06\/wpid-Photo-08.06.2013-0853.jpg?resize=350%2C200 1x, https:\/\/i0.wp.com\/guderley.com\/wp-content\/uploads\/2013\/06\/wpid-Photo-08.06.2013-0853.jpg?resize=525%2C300 1.5x, https:\/\/i0.wp.com\/guderley.com\/wp-content\/uploads\/2013\/06\/wpid-Photo-08.06.2013-0853.jpg?resize=700%2C400 2x"},"classes":[]},{"id":1897,"url":"http:\/\/guderley.com\/?p=1897","url_meta":{"origin":879,"position":4},"title":"Junsele  &#8211;  Tag 22  &#8211;  Montag, 3. Juni","author":"guenter","date":"Juni 3, 2013","format":false,"excerpt":"147 km \/ 1321 hm \/ 9:41 h - Gesamt 2150 km \/ 12585 hm \/ 131:45 h Fr\u00f6hlich bin ich in kurzer Montur heute Morgen aus Bjornkudden weggeradelt. Die Wettervorhersage war eindeutig auf sonnig ausgerichtet. Nach einer halben Stunde musste ich schon etwas w\u00e4rmere Teile dar\u00fcber ziehen und nach\u2026","rel":"","context":"In &quot;2013 NORDKAPP&quot;","block_context":{"text":"2013 NORDKAPP","link":"http:\/\/guderley.com\/?cat=23"},"img":{"alt_text":"","src":"https:\/\/i0.wp.com\/guderley.com\/wp-content\/uploads\/2013\/06\/wpid-Photo-03.06.2013-1554.jpg?resize=350%2C200","width":350,"height":200,"srcset":"https:\/\/i0.wp.com\/guderley.com\/wp-content\/uploads\/2013\/06\/wpid-Photo-03.06.2013-1554.jpg?resize=350%2C200 1x, https:\/\/i0.wp.com\/guderley.com\/wp-content\/uploads\/2013\/06\/wpid-Photo-03.06.2013-1554.jpg?resize=525%2C300 1.5x, https:\/\/i0.wp.com\/guderley.com\/wp-content\/uploads\/2013\/06\/wpid-Photo-03.06.2013-1554.jpg?resize=700%2C400 2x"},"classes":[]},{"id":2706,"url":"http:\/\/guderley.com\/?p=2706","url_meta":{"origin":879,"position":5},"title":"Tag 7 &#8211;  Mi 3.6.2015 \/ 118 km Lathen &#8211; Termunterzijl \/ NL \/                  Gesamt: 798 km","author":"guenter","date":"Juni 4, 2015","format":false,"excerpt":"Nach regnerischer Nacht war witziger Weise morgens mein Zelt fast trocken, bedingt durch den starken Wind. Der Mittwoch versprach gutes Wetter und tats\u00e4chlich im Laufe des Tages verschwanden nach und nach alle Wolken und am Sp\u00e4tnachmittag war der Himmel strahlend blau.Rein radtechnisch gibt es heute nichts zu berichten. Entlang der\u2026","rel":"","context":"In &quot;2015 BENELUX - FRANKREICH&quot;","block_context":{"text":"2015 BENELUX - FRANKREICH","link":"http:\/\/guderley.com\/?cat=27"},"img":{"alt_text":"","src":"https:\/\/i0.wp.com\/guderley.com\/wp-content\/uploads\/2015\/06\/wpid-Photo-03.06.2015-1532.jpg?resize=350%2C200","width":350,"height":200,"srcset":"https:\/\/i0.wp.com\/guderley.com\/wp-content\/uploads\/2015\/06\/wpid-Photo-03.06.2015-1532.jpg?resize=350%2C200 1x, https:\/\/i0.wp.com\/guderley.com\/wp-content\/uploads\/2015\/06\/wpid-Photo-03.06.2015-1532.jpg?resize=525%2C300 1.5x, https:\/\/i0.wp.com\/guderley.com\/wp-content\/uploads\/2015\/06\/wpid-Photo-03.06.2015-1532.jpg?resize=700%2C400 2x"},"classes":[]}],"_links":{"self":[{"href":"http:\/\/guderley.com\/index.php?rest_route=\/wp\/v2\/posts\/879","targetHints":{"allow":["GET"]}}],"collection":[{"href":"http:\/\/guderley.com\/index.php?rest_route=\/wp\/v2\/posts"}],"about":[{"href":"http:\/\/guderley.com\/index.php?rest_route=\/wp\/v2\/types\/post"}],"author":[{"embeddable":true,"href":"http:\/\/guderley.com\/index.php?rest_route=\/wp\/v2\/users\/2"}],"replies":[{"embeddable":true,"href":"http:\/\/guderley.com\/index.php?rest_route=%2Fwp%2Fv2%2Fcomments&post=879"}],"version-history":[{"count":3,"href":"http:\/\/guderley.com\/index.php?rest_route=\/wp\/v2\/posts\/879\/revisions"}],"predecessor-version":[{"id":881,"href":"http:\/\/guderley.com\/index.php?rest_route=\/wp\/v2\/posts\/879\/revisions\/881"}],"wp:attachment":[{"href":"http:\/\/guderley.com\/index.php?rest_route=%2Fwp%2Fv2%2Fmedia&parent=879"}],"wp:term":[{"taxonomy":"category","embeddable":true,"href":"http:\/\/guderley.com\/index.php?rest_route=%2Fwp%2Fv2%2Fcategories&post=879"},{"taxonomy":"post_tag","embeddable":true,"href":"http:\/\/guderley.com\/index.php?rest_route=%2Fwp%2Fv2%2Ftags&post=879"}],"curies":[{"name":"wp","href":"https:\/\/api.w.org\/{rel}","templated":true}]}}