{"id":796,"date":"2011-03-08T23:38:16","date_gmt":"2011-03-08T22:38:16","guid":{"rendered":"http:\/\/guderley.com\/?p=796"},"modified":"2011-03-08T23:38:16","modified_gmt":"2011-03-08T22:38:16","slug":"lima-8-3","status":"publish","type":"post","link":"http:\/\/guderley.com\/?p=796","title":{"rendered":"LIMA  8.3."},"content":{"rendered":"<p>Unsere vierte Hauptstadt auf der Lateinamerikatour. Wir wohnen in Miraflores in einer eher westlich gepr\u00e4gten Umgebung. Es herrscht hier ein best\u00e4ndiges Verkehrschaos mit Gehupe und Gedr\u00e4ngel, trotzdem funktioniert es irgendwie. Wir haben uns heute ein gro\u00dfes St\u00fcck der Stadt angesehen, spannend war dabei eine etwa 1\/2 st\u00fcndige Fahrt in einem Collectivo zur\u00fcck nach Miraflores. Das Bussystem checkst du erst mal nicht, aber irgendwann wird es klar und ist relativ einfach. Beim Mittagessen haben wir ein wenig Champions-League geguckt (Barcelona vs. Arsenal).<br \/>\nMorgen steht noch ein bisschen Lima an und dann am Nachmittag hinaus an die Pazifikk\u00fcste nach Punta Hermosa, einem beliebten Surfspot. Julian will surfen und ich einfach ein paar Tage Ferien machen, vor dem R\u00fcckflug am Montagabend nach Buenos Aires. <\/p>\n","protected":false},"excerpt":{"rendered":"<p>Unsere vierte Hauptstadt auf der Lateinamerikatour. Wir wohnen in Miraflores in einer eher westlich gepr\u00e4gten Umgebung. Es herrscht hier ein best\u00e4ndiges Verkehrschaos mit Gehupe und Gedr\u00e4ngel, trotzdem funktioniert es irgendwie. Wir haben uns heute ein gro\u00dfes St\u00fcck der Stadt angesehen, spannend war dabei eine etwa 1\/2 st\u00fcndige Fahrt in einem Collectivo zur\u00fcck nach Miraflores. Das [&hellip;]<\/p>\n","protected":false},"author":2,"featured_media":0,"comment_status":"open","ping_status":"open","sticky":false,"template":"","format":"standard","meta":{"_jetpack_newsletter_access":"","_jetpack_dont_email_post_to_subs":false,"_jetpack_newsletter_tier_id":0,"_jetpack_memberships_contains_paywalled_content":false,"_jetpack_memberships_contains_paid_content":false,"footnotes":""},"categories":[10],"tags":[],"class_list":["post-796","post","type-post","status-publish","format-standard","hentry","category-2011-sudamerika"],"yoast_head":"<!-- This site is optimized with the Yoast SEO plugin v25.8 - https:\/\/yoast.com\/wordpress\/plugins\/seo\/ -->\n<title>LIMA 8.3. - G\u00fcnter&#039;s Blog<\/title>\n<meta name=\"robots\" content=\"index, follow, max-snippet:-1, max-image-preview:large, max-video-preview:-1\" \/>\n<link rel=\"canonical\" href=\"http:\/\/guderley.com\/?p=796\" \/>\n<meta property=\"og:locale\" content=\"de_DE\" \/>\n<meta property=\"og:type\" content=\"article\" \/>\n<meta property=\"og:title\" content=\"LIMA 8.3. - G\u00fcnter&#039;s Blog\" \/>\n<meta property=\"og:description\" content=\"Unsere vierte Hauptstadt auf der Lateinamerikatour. Wir wohnen in Miraflores in einer eher westlich gepr\u00e4gten Umgebung. Es herrscht hier ein best\u00e4ndiges Verkehrschaos mit Gehupe und Gedr\u00e4ngel, trotzdem funktioniert es irgendwie. Wir haben uns heute ein gro\u00dfes St\u00fcck der Stadt angesehen, spannend war dabei eine etwa 1\/2 st\u00fcndige Fahrt in einem Collectivo zur\u00fcck nach Miraflores. Das [&hellip;]\" \/>\n<meta property=\"og:url\" content=\"http:\/\/guderley.com\/?p=796\" \/>\n<meta property=\"og:site_name\" content=\"G\u00fcnter&#039;s Blog\" \/>\n<meta property=\"article:published_time\" content=\"2011-03-08T22:38:16+00:00\" \/>\n<meta property=\"og:image\" content=\"https:\/\/i0.wp.com\/guderley.com\/wp-content\/uploads\/img_7992-scaled.jpg?fit=2560%2C1920\" \/>\n\t<meta property=\"og:image:width\" content=\"2560\" \/>\n\t<meta property=\"og:image:height\" content=\"1920\" \/>\n\t<meta property=\"og:image:type\" content=\"image\/jpeg\" \/>\n<meta name=\"author\" content=\"guenter\" \/>\n<meta name=\"twitter:card\" content=\"summary_large_image\" \/>\n<meta name=\"twitter:label1\" content=\"Verfasst von\" \/>\n\t<meta name=\"twitter:data1\" content=\"guenter\" \/>\n\t<meta name=\"twitter:label2\" content=\"Gesch\u00e4tzte Lesezeit\" \/>\n\t<meta name=\"twitter:data2\" content=\"1\u00a0Minute\" \/>\n<script type=\"application\/ld+json\" class=\"yoast-schema-graph\">{\"@context\":\"https:\/\/schema.org\",\"@graph\":[{\"@type\":\"Article\",\"@id\":\"http:\/\/guderley.com\/?p=796#article\",\"isPartOf\":{\"@id\":\"http:\/\/guderley.com\/?p=796\"},\"author\":{\"name\":\"guenter\",\"@id\":\"https:\/\/guderley.com\/#\/schema\/person\/24a827645a6fedd3481426a7028dfdcd\"},\"headline\":\"LIMA 8.3.\",\"datePublished\":\"2011-03-08T22:38:16+00:00\",\"mainEntityOfPage\":{\"@id\":\"http:\/\/guderley.com\/?p=796\"},\"wordCount\":130,\"commentCount\":1,\"publisher\":{\"@id\":\"https:\/\/guderley.com\/#\/schema\/person\/24a827645a6fedd3481426a7028dfdcd\"},\"articleSection\":[\"2011_02 LATEINAMERIKA\"],\"inLanguage\":\"de\",\"potentialAction\":[{\"@type\":\"CommentAction\",\"name\":\"Comment\",\"target\":[\"http:\/\/guderley.com\/?p=796#respond\"]}]},{\"@type\":\"WebPage\",\"@id\":\"http:\/\/guderley.com\/?p=796\",\"url\":\"http:\/\/guderley.com\/?p=796\",\"name\":\"LIMA 8.3. - G\u00fcnter&#039;s Blog\",\"isPartOf\":{\"@id\":\"https:\/\/guderley.com\/#website\"},\"datePublished\":\"2011-03-08T22:38:16+00:00\",\"breadcrumb\":{\"@id\":\"http:\/\/guderley.com\/?p=796#breadcrumb\"},\"inLanguage\":\"de\",\"potentialAction\":[{\"@type\":\"ReadAction\",\"target\":[\"http:\/\/guderley.com\/?p=796\"]}]},{\"@type\":\"BreadcrumbList\",\"@id\":\"http:\/\/guderley.com\/?p=796#breadcrumb\",\"itemListElement\":[{\"@type\":\"ListItem\",\"position\":1,\"name\":\"Startseite\",\"item\":\"https:\/\/guderley.com\/\"},{\"@type\":\"ListItem\",\"position\":2,\"name\":\"LIMA 8.3.\"}]},{\"@type\":\"WebSite\",\"@id\":\"https:\/\/guderley.com\/#website\",\"url\":\"https:\/\/guderley.com\/\",\"name\":\"G\u00fcnter's Blog\",\"description\":\"Fahrrad Touren rund um die Welt\",\"publisher\":{\"@id\":\"https:\/\/guderley.com\/#\/schema\/person\/24a827645a6fedd3481426a7028dfdcd\"},\"alternateName\":\"G\u00fcnter's Blog\",\"potentialAction\":[{\"@type\":\"SearchAction\",\"target\":{\"@type\":\"EntryPoint\",\"urlTemplate\":\"https:\/\/guderley.com\/?s={search_term_string}\"},\"query-input\":{\"@type\":\"PropertyValueSpecification\",\"valueRequired\":true,\"valueName\":\"search_term_string\"}}],\"inLanguage\":\"de\"},{\"@type\":[\"Person\",\"Organization\"],\"@id\":\"https:\/\/guderley.com\/#\/schema\/person\/24a827645a6fedd3481426a7028dfdcd\",\"name\":\"guenter\",\"image\":{\"@type\":\"ImageObject\",\"inLanguage\":\"de\",\"@id\":\"https:\/\/guderley.com\/#\/schema\/person\/image\/\",\"url\":\"https:\/\/i0.wp.com\/guderley.com\/wp-content\/uploads\/img_8008-scaled.jpg?fit=1920%2C2560\",\"contentUrl\":\"https:\/\/i0.wp.com\/guderley.com\/wp-content\/uploads\/img_8008-scaled.jpg?fit=1920%2C2560\",\"width\":1920,\"height\":2560,\"caption\":\"guenter\"},\"logo\":{\"@id\":\"https:\/\/guderley.com\/#\/schema\/person\/image\/\"},\"sameAs\":[\"http:\/\/guderley.com\/blog\"],\"url\":\"http:\/\/guderley.com\/?author=2\"}]}<\/script>\n<!-- \/ Yoast SEO plugin. -->","yoast_head_json":{"title":"LIMA 8.3. - G\u00fcnter&#039;s Blog","robots":{"index":"index","follow":"follow","max-snippet":"max-snippet:-1","max-image-preview":"max-image-preview:large","max-video-preview":"max-video-preview:-1"},"canonical":"http:\/\/guderley.com\/?p=796","og_locale":"de_DE","og_type":"article","og_title":"LIMA 8.3. - G\u00fcnter&#039;s Blog","og_description":"Unsere vierte Hauptstadt auf der Lateinamerikatour. Wir wohnen in Miraflores in einer eher westlich gepr\u00e4gten Umgebung. Es herrscht hier ein best\u00e4ndiges Verkehrschaos mit Gehupe und Gedr\u00e4ngel, trotzdem funktioniert es irgendwie. Wir haben uns heute ein gro\u00dfes St\u00fcck der Stadt angesehen, spannend war dabei eine etwa 1\/2 st\u00fcndige Fahrt in einem Collectivo zur\u00fcck nach Miraflores. Das [&hellip;]","og_url":"http:\/\/guderley.com\/?p=796","og_site_name":"G\u00fcnter&#039;s Blog","article_published_time":"2011-03-08T22:38:16+00:00","og_image":[{"width":2560,"height":1920,"url":"https:\/\/i0.wp.com\/guderley.com\/wp-content\/uploads\/img_7992-scaled.jpg?fit=2560%2C1920","type":"image\/jpeg"}],"author":"guenter","twitter_card":"summary_large_image","twitter_misc":{"Verfasst von":"guenter","Gesch\u00e4tzte Lesezeit":"1\u00a0Minute"},"schema":{"@context":"https:\/\/schema.org","@graph":[{"@type":"Article","@id":"http:\/\/guderley.com\/?p=796#article","isPartOf":{"@id":"http:\/\/guderley.com\/?p=796"},"author":{"name":"guenter","@id":"https:\/\/guderley.com\/#\/schema\/person\/24a827645a6fedd3481426a7028dfdcd"},"headline":"LIMA 8.3.","datePublished":"2011-03-08T22:38:16+00:00","mainEntityOfPage":{"@id":"http:\/\/guderley.com\/?p=796"},"wordCount":130,"commentCount":1,"publisher":{"@id":"https:\/\/guderley.com\/#\/schema\/person\/24a827645a6fedd3481426a7028dfdcd"},"articleSection":["2011_02 LATEINAMERIKA"],"inLanguage":"de","potentialAction":[{"@type":"CommentAction","name":"Comment","target":["http:\/\/guderley.com\/?p=796#respond"]}]},{"@type":"WebPage","@id":"http:\/\/guderley.com\/?p=796","url":"http:\/\/guderley.com\/?p=796","name":"LIMA 8.3. - G\u00fcnter&#039;s Blog","isPartOf":{"@id":"https:\/\/guderley.com\/#website"},"datePublished":"2011-03-08T22:38:16+00:00","breadcrumb":{"@id":"http:\/\/guderley.com\/?p=796#breadcrumb"},"inLanguage":"de","potentialAction":[{"@type":"ReadAction","target":["http:\/\/guderley.com\/?p=796"]}]},{"@type":"BreadcrumbList","@id":"http:\/\/guderley.com\/?p=796#breadcrumb","itemListElement":[{"@type":"ListItem","position":1,"name":"Startseite","item":"https:\/\/guderley.com\/"},{"@type":"ListItem","position":2,"name":"LIMA 8.3."}]},{"@type":"WebSite","@id":"https:\/\/guderley.com\/#website","url":"https:\/\/guderley.com\/","name":"G\u00fcnter's Blog","description":"Fahrrad Touren rund um die Welt","publisher":{"@id":"https:\/\/guderley.com\/#\/schema\/person\/24a827645a6fedd3481426a7028dfdcd"},"alternateName":"G\u00fcnter's Blog","potentialAction":[{"@type":"SearchAction","target":{"@type":"EntryPoint","urlTemplate":"https:\/\/guderley.com\/?s={search_term_string}"},"query-input":{"@type":"PropertyValueSpecification","valueRequired":true,"valueName":"search_term_string"}}],"inLanguage":"de"},{"@type":["Person","Organization"],"@id":"https:\/\/guderley.com\/#\/schema\/person\/24a827645a6fedd3481426a7028dfdcd","name":"guenter","image":{"@type":"ImageObject","inLanguage":"de","@id":"https:\/\/guderley.com\/#\/schema\/person\/image\/","url":"https:\/\/i0.wp.com\/guderley.com\/wp-content\/uploads\/img_8008-scaled.jpg?fit=1920%2C2560","contentUrl":"https:\/\/i0.wp.com\/guderley.com\/wp-content\/uploads\/img_8008-scaled.jpg?fit=1920%2C2560","width":1920,"height":2560,"caption":"guenter"},"logo":{"@id":"https:\/\/guderley.com\/#\/schema\/person\/image\/"},"sameAs":["http:\/\/guderley.com\/blog"],"url":"http:\/\/guderley.com\/?author=2"}]}},"jetpack_featured_media_url":"","jetpack_sharing_enabled":true,"jetpack_shortlink":"https:\/\/wp.me\/p9IuXF-cQ","jetpack_likes_enabled":true,"jetpack-related-posts":[{"id":794,"url":"http:\/\/guderley.com\/?p=794","url_meta":{"origin":796,"position":0},"title":"LIMA  7.3.","author":"guenter","date":"M\u00e4rz 8, 2011","format":false,"excerpt":"Mit dem Sonnenaufgang haben wir den Pazifik erreicht. Tags\u00fcber ging es dann vornehmlich durch diverse Stein- und Sandw\u00fcsten weiter nach Norden bis wir gegen 17:00 Uhr in der peruanischen Hauptstadt anlangten. In Miraflores haben wir uns in einem sehr sch\u00f6nen Hostel einquartiert. Hier ist wieder richtig Sommer und wir haben,\u2026","rel":"","context":"In &quot;2011_02 LATEINAMERIKA&quot;","block_context":{"text":"2011_02 LATEINAMERIKA","link":"http:\/\/guderley.com\/?cat=10"},"img":{"alt_text":"","src":"","width":0,"height":0},"classes":[]},{"id":804,"url":"http:\/\/guderley.com\/?p=804","url_meta":{"origin":796,"position":1},"title":"LIMA  13.3.","author":"guenter","date":"M\u00e4rz 13, 2011","format":false,"excerpt":"Unsere \"Sommerfrische\" in Punta Hermosa haben wir heute Mittag beendet und sind mit einem \"Colectivo\" f\u00fcr etwa 80 Cent zur\u00fcck nach Lima gefahren. Hier haben wir uns wieder im El Patio einquartiert und das sonnt\u00e4gliche Treiben in Miraflores genossen. Morgen am Sp\u00e4tnachmittag verlassen wir Per\u00fa und fliegen via Santiago de\u2026","rel":"","context":"In &quot;2011_02 LATEINAMERIKA&quot;","block_context":{"text":"2011_02 LATEINAMERIKA","link":"http:\/\/guderley.com\/?cat=10"},"img":{"alt_text":"","src":"","width":0,"height":0},"classes":[]},{"id":2444,"url":"http:\/\/guderley.com\/?p=2444","url_meta":{"origin":796,"position":2},"title":"30. Nov. 2014 &#8211; So &#8211; Tag 17","author":"guenter","date":"Dezember 1, 2014","format":false,"excerpt":"Etappe 97 La Leona - El Calafate107 km - 895 hm \/ Gesamt: 1423 kmDie Nacht im Hotelzimmer hat sehr gut getan. Abends sa\u00dfen wir in dem kleinen Caf\u00e9 von La Leona zusammen. Ich habe mit den beiden Belgiern, Jan und Reindert, die mit mir in Bariloche eingestiegen sind, eine\u2026","rel":"","context":"In &quot;2014 PATAGONIEN&quot;","block_context":{"text":"2014 PATAGONIEN","link":"http:\/\/guderley.com\/?cat=26"},"img":{"alt_text":"","src":"https:\/\/i0.wp.com\/guderley.com\/wp-content\/uploads\/2014\/12\/wpid-Photo-30.11.2014-13171.jpg?resize=350%2C200","width":350,"height":200,"srcset":"https:\/\/i0.wp.com\/guderley.com\/wp-content\/uploads\/2014\/12\/wpid-Photo-30.11.2014-13171.jpg?resize=350%2C200 1x, https:\/\/i0.wp.com\/guderley.com\/wp-content\/uploads\/2014\/12\/wpid-Photo-30.11.2014-13171.jpg?resize=525%2C300 1.5x, https:\/\/i0.wp.com\/guderley.com\/wp-content\/uploads\/2014\/12\/wpid-Photo-30.11.2014-13171.jpg?resize=700%2C400 2x"},"classes":[]},{"id":1080,"url":"http:\/\/guderley.com\/?p=1080","url_meta":{"origin":796,"position":3},"title":"25.05. Dieppe (786 km)","author":"guenter","date":"Mai 25, 2012","format":false,"excerpt":"Freitag: 15:00 Uhr - Vor wenigen Minuten haben die Radler den Strand von Dieppe erreicht. Wir sind stolz und zufrieden Frankreich durchquert zu haben. R\u00fcckblick zu gestern: Es war in der Tat ein langer Radtag mit vielen Kilometern aus der Champagne heraus und quer durch die Picardie, bei herrlichem Sonnenschein.\u2026","rel":"","context":"In &quot;2012 ROTARY-RADTOUR&quot;","block_context":{"text":"2012 ROTARY-RADTOUR","link":"http:\/\/guderley.com\/?cat=20"},"img":{"alt_text":"","src":"https:\/\/i0.wp.com\/guderley.com\/wp-content\/uploads\/2012\/05\/DSC02305.jpg?resize=350%2C200","width":350,"height":200},"classes":[]},{"id":788,"url":"http:\/\/guderley.com\/?p=788","url_meta":{"origin":796,"position":4},"title":"Titicacasee 6.3.","author":"guenter","date":"M\u00e4rz 8, 2011","format":false,"excerpt":"Samstagabend um 22:00 Uhr geht unser Bus nach Puno am Titicacasee. Gegen Mitternacht kommen wir auf \u00fcber 4500 m in ein heftiges Schneetreiben und wir rechnen schon mit dem Schlimmsten, irgendwie schafft der Bus es dann doch und gerade zum Sonnenaufgang sind wir in Puno, dem peruanischen Zugang zum Titicacasee.\u2026","rel":"","context":"In &quot;2011_02 LATEINAMERIKA&quot;","block_context":{"text":"2011_02 LATEINAMERIKA","link":"http:\/\/guderley.com\/?cat=10"},"img":{"alt_text":"","src":"","width":0,"height":0},"classes":[]},{"id":2330,"url":"http:\/\/guderley.com\/?p=2330","url_meta":{"origin":796,"position":5},"title":"20. Nov. 2014 &#8211; Do &#8211; 7. Tag","author":"guenter","date":"November 21, 2014","format":false,"excerpt":"Etappe 88 - Lago Las Torres - Coyhaique142 km - 1535 hm \/ Gesamt: 689 km \/ 6965hmMit der Aussicht auf den morgigen Ruhetag und einem richtigen Bett f\u00fcr zwei N\u00e4chte in Coyhaique ging es zeitig und bei trockenen Bedingungen auf der in diesem Teil von Chile sehr gut asphaltierten\u2026","rel":"","context":"In &quot;2014 PATAGONIEN&quot;","block_context":{"text":"2014 PATAGONIEN","link":"http:\/\/guderley.com\/?cat=26"},"img":{"alt_text":"","src":"https:\/\/i0.wp.com\/guderley.com\/wp-content\/uploads\/2014\/11\/wpid-Photo-20.11.2014-1524.jpg?resize=350%2C200","width":350,"height":200,"srcset":"https:\/\/i0.wp.com\/guderley.com\/wp-content\/uploads\/2014\/11\/wpid-Photo-20.11.2014-1524.jpg?resize=350%2C200 1x, https:\/\/i0.wp.com\/guderley.com\/wp-content\/uploads\/2014\/11\/wpid-Photo-20.11.2014-1524.jpg?resize=525%2C300 1.5x, https:\/\/i0.wp.com\/guderley.com\/wp-content\/uploads\/2014\/11\/wpid-Photo-20.11.2014-1524.jpg?resize=700%2C400 2x"},"classes":[]}],"_links":{"self":[{"href":"http:\/\/guderley.com\/index.php?rest_route=\/wp\/v2\/posts\/796","targetHints":{"allow":["GET"]}}],"collection":[{"href":"http:\/\/guderley.com\/index.php?rest_route=\/wp\/v2\/posts"}],"about":[{"href":"http:\/\/guderley.com\/index.php?rest_route=\/wp\/v2\/types\/post"}],"author":[{"embeddable":true,"href":"http:\/\/guderley.com\/index.php?rest_route=\/wp\/v2\/users\/2"}],"replies":[{"embeddable":true,"href":"http:\/\/guderley.com\/index.php?rest_route=%2Fwp%2Fv2%2Fcomments&post=796"}],"version-history":[{"count":1,"href":"http:\/\/guderley.com\/index.php?rest_route=\/wp\/v2\/posts\/796\/revisions"}],"predecessor-version":[{"id":797,"href":"http:\/\/guderley.com\/index.php?rest_route=\/wp\/v2\/posts\/796\/revisions\/797"}],"wp:attachment":[{"href":"http:\/\/guderley.com\/index.php?rest_route=%2Fwp%2Fv2%2Fmedia&parent=796"}],"wp:term":[{"taxonomy":"category","embeddable":true,"href":"http:\/\/guderley.com\/index.php?rest_route=%2Fwp%2Fv2%2Fcategories&post=796"},{"taxonomy":"post_tag","embeddable":true,"href":"http:\/\/guderley.com\/index.php?rest_route=%2Fwp%2Fv2%2Ftags&post=796"}],"curies":[{"name":"wp","href":"https:\/\/api.w.org\/{rel}","templated":true}]}}