{"id":2163,"date":"2013-06-23T19:44:28","date_gmt":"2013-06-23T18:44:28","guid":{"rendered":"http:\/\/guderley.com\/?p=2163"},"modified":"2013-06-23T21:40:24","modified_gmt":"2013-06-23T20:40:24","slug":"heimweg-tag-42-sonntag-23-juni","status":"publish","type":"post","link":"http:\/\/guderley.com\/?p=2163","title":{"rendered":"Heimweg &#8211; Tag 42 &#8211; Sonntag, 23. Juni"},"content":{"rendered":"<p>Das Einchecken mit Fahrrad auf den Schienenersatzverkehr hat mich an etliche Busreisen in S\u00fcdamerika erinnert. Es ist zun\u00e4chst kein System erkennbar und trotzdem funktioniert es, egal ob in Argentinien, Bolivien oder eben Finnland.<\/p>\n<p>Gottseidank hat mein Blauer Elefant den sehr rustikalen Transport im Bus untendrin unbeschadet \u00fcberstanden. Jetzt im Nighttrain nach Helsinki hat er sogar ein gesondertes Gep\u00e4ckabteil, das passt. Da kann sich die Bundesbahn ein Scheibchen abschneiden, der ganze Zug ist durchg\u00e4ngig mit exzellentem kostenlosen W-Lan ausgestattet.<\/p>\n<p>Ab jetzt (Sonntag 22:00 finnischer Zeit) bin ich, wenn alles klappt, in 60 Stunden in Aschaffenburg. Ein kleiner H\u00f6llenritt der gleichzeitig dem langsamen Zur\u00fcckkommen in die Zivilisation dient.<\/p>\n<p>Ich freue mich, auch wenn das vielleicht bl\u00f6d klingt, wenn es morgen Abend auf dem Schiff mal wieder Nacht wird. Seit \u00fcber vier Wochen war es immer hell.<\/p>\n<p>&nbsp;<\/p>\n<div style=\"text-align: right; font-size: small; clear: both;\" id=\"blogsy_footer\"><a href=\"http:\/\/blogsyapp.com\" target=\"_blank\"><img data-recalc-dims=\"1\" decoding=\"async\" src=\"https:\/\/i0.wp.com\/blogsyapp.com\/images\/blogsy_footer_icon.png?resize=20%2C20\" alt=\"Mit Blogsy ver\u00f6ffentlicht\" style=\"vertical-align: middle; margin-right: 5px;\" width=\"20\" height=\"20\" \/>Mit Blogsy ver\u00f6ffentlicht<\/a><\/div>\n","protected":false},"excerpt":{"rendered":"<p>Das Einchecken mit Fahrrad auf den Schienenersatzverkehr hat mich an etliche Busreisen in S\u00fcdamerika erinnert. Es ist zun\u00e4chst kein System erkennbar und trotzdem funktioniert es, egal ob in Argentinien, Bolivien oder eben Finnland. Gottseidank hat mein Blauer Elefant den sehr rustikalen Transport im Bus untendrin unbeschadet \u00fcberstanden. Jetzt im Nighttrain nach Helsinki hat er sogar [&hellip;]<\/p>\n","protected":false},"author":2,"featured_media":0,"comment_status":"open","ping_status":"open","sticky":false,"template":"","format":"standard","meta":{"_jetpack_newsletter_access":"","_jetpack_dont_email_post_to_subs":false,"_jetpack_newsletter_tier_id":0,"_jetpack_memberships_contains_paywalled_content":false,"_jetpack_memberships_contains_paid_content":false,"footnotes":""},"categories":[23],"tags":[],"class_list":["post-2163","post","type-post","status-publish","format-standard","hentry","category-23"],"yoast_head":"<!-- This site is optimized with the Yoast SEO plugin v25.8 - https:\/\/yoast.com\/wordpress\/plugins\/seo\/ -->\n<title>Heimweg - Tag 42 - Sonntag, 23. Juni - G\u00fcnter&#039;s Blog<\/title>\n<meta name=\"robots\" content=\"index, follow, max-snippet:-1, max-image-preview:large, max-video-preview:-1\" \/>\n<link rel=\"canonical\" href=\"https:\/\/guderley.com\/?p=2163\" \/>\n<meta property=\"og:locale\" content=\"de_DE\" \/>\n<meta property=\"og:type\" content=\"article\" \/>\n<meta property=\"og:title\" content=\"Heimweg - Tag 42 - Sonntag, 23. Juni - G\u00fcnter&#039;s Blog\" \/>\n<meta property=\"og:description\" content=\"Das Einchecken mit Fahrrad auf den Schienenersatzverkehr hat mich an etliche Busreisen in S\u00fcdamerika erinnert. Es ist zun\u00e4chst kein System erkennbar und trotzdem funktioniert es, egal ob in Argentinien, Bolivien oder eben Finnland. Gottseidank hat mein Blauer Elefant den sehr rustikalen Transport im Bus untendrin unbeschadet \u00fcberstanden. Jetzt im Nighttrain nach Helsinki hat er sogar [&hellip;]\" \/>\n<meta property=\"og:url\" content=\"https:\/\/guderley.com\/?p=2163\" \/>\n<meta property=\"og:site_name\" content=\"G\u00fcnter&#039;s Blog\" \/>\n<meta property=\"article:published_time\" content=\"2013-06-23T18:44:28+00:00\" \/>\n<meta property=\"article:modified_time\" content=\"2013-06-23T20:40:24+00:00\" \/>\n<meta property=\"og:image\" content=\"http:\/\/blogsyapp.com\/images\/blogsy_footer_icon.png\" \/>\n<meta name=\"author\" content=\"guenter\" \/>\n<meta name=\"twitter:card\" content=\"summary_large_image\" \/>\n<meta name=\"twitter:label1\" content=\"Verfasst von\" \/>\n\t<meta name=\"twitter:data1\" content=\"guenter\" \/>\n\t<meta name=\"twitter:label2\" content=\"Gesch\u00e4tzte Lesezeit\" \/>\n\t<meta name=\"twitter:data2\" content=\"1\u00a0Minute\" \/>\n<script type=\"application\/ld+json\" class=\"yoast-schema-graph\">{\"@context\":\"https:\/\/schema.org\",\"@graph\":[{\"@type\":\"Article\",\"@id\":\"https:\/\/guderley.com\/?p=2163#article\",\"isPartOf\":{\"@id\":\"https:\/\/guderley.com\/?p=2163\"},\"author\":{\"name\":\"guenter\",\"@id\":\"https:\/\/guderley.com\/#\/schema\/person\/24a827645a6fedd3481426a7028dfdcd\"},\"headline\":\"Heimweg &#8211; Tag 42 &#8211; Sonntag, 23. Juni\",\"datePublished\":\"2013-06-23T18:44:28+00:00\",\"dateModified\":\"2013-06-23T20:40:24+00:00\",\"mainEntityOfPage\":{\"@id\":\"https:\/\/guderley.com\/?p=2163\"},\"wordCount\":150,\"commentCount\":0,\"publisher\":{\"@id\":\"https:\/\/guderley.com\/#\/schema\/person\/24a827645a6fedd3481426a7028dfdcd\"},\"image\":{\"@id\":\"https:\/\/guderley.com\/?p=2163#primaryimage\"},\"thumbnailUrl\":\"http:\/\/blogsyapp.com\/images\/blogsy_footer_icon.png\",\"articleSection\":[\"2013 NORDKAPP\"],\"inLanguage\":\"de\",\"potentialAction\":[{\"@type\":\"CommentAction\",\"name\":\"Comment\",\"target\":[\"https:\/\/guderley.com\/?p=2163#respond\"]}]},{\"@type\":\"WebPage\",\"@id\":\"https:\/\/guderley.com\/?p=2163\",\"url\":\"https:\/\/guderley.com\/?p=2163\",\"name\":\"Heimweg - Tag 42 - Sonntag, 23. Juni - G\u00fcnter&#039;s Blog\",\"isPartOf\":{\"@id\":\"https:\/\/guderley.com\/#website\"},\"primaryImageOfPage\":{\"@id\":\"https:\/\/guderley.com\/?p=2163#primaryimage\"},\"image\":{\"@id\":\"https:\/\/guderley.com\/?p=2163#primaryimage\"},\"thumbnailUrl\":\"http:\/\/blogsyapp.com\/images\/blogsy_footer_icon.png\",\"datePublished\":\"2013-06-23T18:44:28+00:00\",\"dateModified\":\"2013-06-23T20:40:24+00:00\",\"breadcrumb\":{\"@id\":\"https:\/\/guderley.com\/?p=2163#breadcrumb\"},\"inLanguage\":\"de\",\"potentialAction\":[{\"@type\":\"ReadAction\",\"target\":[\"https:\/\/guderley.com\/?p=2163\"]}]},{\"@type\":\"ImageObject\",\"inLanguage\":\"de\",\"@id\":\"https:\/\/guderley.com\/?p=2163#primaryimage\",\"url\":\"http:\/\/blogsyapp.com\/images\/blogsy_footer_icon.png\",\"contentUrl\":\"http:\/\/blogsyapp.com\/images\/blogsy_footer_icon.png\"},{\"@type\":\"BreadcrumbList\",\"@id\":\"https:\/\/guderley.com\/?p=2163#breadcrumb\",\"itemListElement\":[{\"@type\":\"ListItem\",\"position\":1,\"name\":\"Startseite\",\"item\":\"https:\/\/guderley.com\/\"},{\"@type\":\"ListItem\",\"position\":2,\"name\":\"Heimweg &#8211; Tag 42 &#8211; Sonntag, 23. Juni\"}]},{\"@type\":\"WebSite\",\"@id\":\"https:\/\/guderley.com\/#website\",\"url\":\"https:\/\/guderley.com\/\",\"name\":\"G\u00fcnter's Blog\",\"description\":\"Fahrrad Touren rund um die Welt\",\"publisher\":{\"@id\":\"https:\/\/guderley.com\/#\/schema\/person\/24a827645a6fedd3481426a7028dfdcd\"},\"alternateName\":\"G\u00fcnter's Blog\",\"potentialAction\":[{\"@type\":\"SearchAction\",\"target\":{\"@type\":\"EntryPoint\",\"urlTemplate\":\"https:\/\/guderley.com\/?s={search_term_string}\"},\"query-input\":{\"@type\":\"PropertyValueSpecification\",\"valueRequired\":true,\"valueName\":\"search_term_string\"}}],\"inLanguage\":\"de\"},{\"@type\":[\"Person\",\"Organization\"],\"@id\":\"https:\/\/guderley.com\/#\/schema\/person\/24a827645a6fedd3481426a7028dfdcd\",\"name\":\"guenter\",\"image\":{\"@type\":\"ImageObject\",\"inLanguage\":\"de\",\"@id\":\"https:\/\/guderley.com\/#\/schema\/person\/image\/\",\"url\":\"https:\/\/i0.wp.com\/guderley.com\/wp-content\/uploads\/img_8008-scaled.jpg?fit=1920%2C2560\",\"contentUrl\":\"https:\/\/i0.wp.com\/guderley.com\/wp-content\/uploads\/img_8008-scaled.jpg?fit=1920%2C2560\",\"width\":1920,\"height\":2560,\"caption\":\"guenter\"},\"logo\":{\"@id\":\"https:\/\/guderley.com\/#\/schema\/person\/image\/\"},\"sameAs\":[\"http:\/\/guderley.com\/blog\"],\"url\":\"http:\/\/guderley.com\/?author=2\"}]}<\/script>\n<!-- \/ Yoast SEO plugin. -->","yoast_head_json":{"title":"Heimweg - Tag 42 - Sonntag, 23. Juni - G\u00fcnter&#039;s Blog","robots":{"index":"index","follow":"follow","max-snippet":"max-snippet:-1","max-image-preview":"max-image-preview:large","max-video-preview":"max-video-preview:-1"},"canonical":"https:\/\/guderley.com\/?p=2163","og_locale":"de_DE","og_type":"article","og_title":"Heimweg - Tag 42 - Sonntag, 23. Juni - G\u00fcnter&#039;s Blog","og_description":"Das Einchecken mit Fahrrad auf den Schienenersatzverkehr hat mich an etliche Busreisen in S\u00fcdamerika erinnert. Es ist zun\u00e4chst kein System erkennbar und trotzdem funktioniert es, egal ob in Argentinien, Bolivien oder eben Finnland. Gottseidank hat mein Blauer Elefant den sehr rustikalen Transport im Bus untendrin unbeschadet \u00fcberstanden. Jetzt im Nighttrain nach Helsinki hat er sogar [&hellip;]","og_url":"https:\/\/guderley.com\/?p=2163","og_site_name":"G\u00fcnter&#039;s Blog","article_published_time":"2013-06-23T18:44:28+00:00","article_modified_time":"2013-06-23T20:40:24+00:00","og_image":[{"url":"http:\/\/blogsyapp.com\/images\/blogsy_footer_icon.png","type":"","width":"","height":""}],"author":"guenter","twitter_card":"summary_large_image","twitter_misc":{"Verfasst von":"guenter","Gesch\u00e4tzte Lesezeit":"1\u00a0Minute"},"schema":{"@context":"https:\/\/schema.org","@graph":[{"@type":"Article","@id":"https:\/\/guderley.com\/?p=2163#article","isPartOf":{"@id":"https:\/\/guderley.com\/?p=2163"},"author":{"name":"guenter","@id":"https:\/\/guderley.com\/#\/schema\/person\/24a827645a6fedd3481426a7028dfdcd"},"headline":"Heimweg &#8211; Tag 42 &#8211; Sonntag, 23. Juni","datePublished":"2013-06-23T18:44:28+00:00","dateModified":"2013-06-23T20:40:24+00:00","mainEntityOfPage":{"@id":"https:\/\/guderley.com\/?p=2163"},"wordCount":150,"commentCount":0,"publisher":{"@id":"https:\/\/guderley.com\/#\/schema\/person\/24a827645a6fedd3481426a7028dfdcd"},"image":{"@id":"https:\/\/guderley.com\/?p=2163#primaryimage"},"thumbnailUrl":"http:\/\/blogsyapp.com\/images\/blogsy_footer_icon.png","articleSection":["2013 NORDKAPP"],"inLanguage":"de","potentialAction":[{"@type":"CommentAction","name":"Comment","target":["https:\/\/guderley.com\/?p=2163#respond"]}]},{"@type":"WebPage","@id":"https:\/\/guderley.com\/?p=2163","url":"https:\/\/guderley.com\/?p=2163","name":"Heimweg - Tag 42 - Sonntag, 23. Juni - G\u00fcnter&#039;s Blog","isPartOf":{"@id":"https:\/\/guderley.com\/#website"},"primaryImageOfPage":{"@id":"https:\/\/guderley.com\/?p=2163#primaryimage"},"image":{"@id":"https:\/\/guderley.com\/?p=2163#primaryimage"},"thumbnailUrl":"http:\/\/blogsyapp.com\/images\/blogsy_footer_icon.png","datePublished":"2013-06-23T18:44:28+00:00","dateModified":"2013-06-23T20:40:24+00:00","breadcrumb":{"@id":"https:\/\/guderley.com\/?p=2163#breadcrumb"},"inLanguage":"de","potentialAction":[{"@type":"ReadAction","target":["https:\/\/guderley.com\/?p=2163"]}]},{"@type":"ImageObject","inLanguage":"de","@id":"https:\/\/guderley.com\/?p=2163#primaryimage","url":"http:\/\/blogsyapp.com\/images\/blogsy_footer_icon.png","contentUrl":"http:\/\/blogsyapp.com\/images\/blogsy_footer_icon.png"},{"@type":"BreadcrumbList","@id":"https:\/\/guderley.com\/?p=2163#breadcrumb","itemListElement":[{"@type":"ListItem","position":1,"name":"Startseite","item":"https:\/\/guderley.com\/"},{"@type":"ListItem","position":2,"name":"Heimweg &#8211; Tag 42 &#8211; Sonntag, 23. Juni"}]},{"@type":"WebSite","@id":"https:\/\/guderley.com\/#website","url":"https:\/\/guderley.com\/","name":"G\u00fcnter's Blog","description":"Fahrrad Touren rund um die Welt","publisher":{"@id":"https:\/\/guderley.com\/#\/schema\/person\/24a827645a6fedd3481426a7028dfdcd"},"alternateName":"G\u00fcnter's Blog","potentialAction":[{"@type":"SearchAction","target":{"@type":"EntryPoint","urlTemplate":"https:\/\/guderley.com\/?s={search_term_string}"},"query-input":{"@type":"PropertyValueSpecification","valueRequired":true,"valueName":"search_term_string"}}],"inLanguage":"de"},{"@type":["Person","Organization"],"@id":"https:\/\/guderley.com\/#\/schema\/person\/24a827645a6fedd3481426a7028dfdcd","name":"guenter","image":{"@type":"ImageObject","inLanguage":"de","@id":"https:\/\/guderley.com\/#\/schema\/person\/image\/","url":"https:\/\/i0.wp.com\/guderley.com\/wp-content\/uploads\/img_8008-scaled.jpg?fit=1920%2C2560","contentUrl":"https:\/\/i0.wp.com\/guderley.com\/wp-content\/uploads\/img_8008-scaled.jpg?fit=1920%2C2560","width":1920,"height":2560,"caption":"guenter"},"logo":{"@id":"https:\/\/guderley.com\/#\/schema\/person\/image\/"},"sameAs":["http:\/\/guderley.com\/blog"],"url":"http:\/\/guderley.com\/?author=2"}]}},"jetpack_featured_media_url":"","jetpack_sharing_enabled":true,"jetpack_shortlink":"https:\/\/wp.me\/p9IuXF-yT","jetpack_likes_enabled":true,"jetpack-related-posts":[{"id":1709,"url":"http:\/\/guderley.com\/?p=1709","url_meta":{"origin":2163,"position":0},"title":"Kiel  &#8211;  Tag 7  &#8211;  Sonntag, 19. Mai","author":"guenter","date":"Mai 19, 2013","format":false,"excerpt":"68 km \/ 337 hm \/ 4:03 h - Gesamt 842 km \/ 3524 hm \/ 48:50 h Es ist vollbracht. Die \"deutsche Etappe\" - quasi ein Viertel des Ganzen - ist zu Ende und das Abenteuer Skandinavien beginnt in K\u00fcrze. Ich bin in Kiel am Schwedenkai angekommen, habe auf\u2026","rel":"","context":"In &quot;2013 NORDKAPP&quot;","block_context":{"text":"2013 NORDKAPP","link":"http:\/\/guderley.com\/?cat=23"},"img":{"alt_text":"","src":"https:\/\/i0.wp.com\/guderley.com\/wp-content\/uploads\/2013\/05\/wpid-Photo-19.05.2013-1415.jpg?resize=350%2C200","width":350,"height":200,"srcset":"https:\/\/i0.wp.com\/guderley.com\/wp-content\/uploads\/2013\/05\/wpid-Photo-19.05.2013-1415.jpg?resize=350%2C200 1x, https:\/\/i0.wp.com\/guderley.com\/wp-content\/uploads\/2013\/05\/wpid-Photo-19.05.2013-1415.jpg?resize=525%2C300 1.5x, https:\/\/i0.wp.com\/guderley.com\/wp-content\/uploads\/2013\/05\/wpid-Photo-19.05.2013-1415.jpg?resize=700%2C400 2x"},"classes":[]},{"id":1843,"url":"http:\/\/guderley.com\/?p=1843","url_meta":{"origin":2163,"position":1},"title":"H\u00e4rn\u00f6sand  &#8211;  Tag 18  &#8211;  Donnerstag, 30. Mai","author":"guenter","date":"Mai 30, 2013","format":false,"excerpt":"128 km \/ 1008 hm \/ 8:28 h - Gesamt 1971 km \/ 10913 hm \/ 120 h Fronleichnam gibt es in Schweden nicht. Anscheinend wurden irgendwann mal die meisten Feiertage eingesammelt und daf\u00fcr gibt es am 6. Juni den Nationalfeiertag, das hat mir ein Typ erz\u00e4hlt !? Die Nacht\u2026","rel":"","context":"In &quot;2013 NORDKAPP&quot;","block_context":{"text":"2013 NORDKAPP","link":"http:\/\/guderley.com\/?cat=23"},"img":{"alt_text":"","src":"https:\/\/i0.wp.com\/guderley.com\/wp-content\/uploads\/2013\/05\/wpid-Photo-31.05.2013-01402.jpg?resize=350%2C200","width":350,"height":200,"srcset":"https:\/\/i0.wp.com\/guderley.com\/wp-content\/uploads\/2013\/05\/wpid-Photo-31.05.2013-01402.jpg?resize=350%2C200 1x, https:\/\/i0.wp.com\/guderley.com\/wp-content\/uploads\/2013\/05\/wpid-Photo-31.05.2013-01402.jpg?resize=525%2C300 1.5x, https:\/\/i0.wp.com\/guderley.com\/wp-content\/uploads\/2013\/05\/wpid-Photo-31.05.2013-01402.jpg?resize=700%2C400 2x"},"classes":[]},{"id":1973,"url":"http:\/\/guderley.com\/?p=1973","url_meta":{"origin":2163,"position":2},"title":"G\u00e4llivare &#8211; Tag 28 &#8211; Sonntag, 9.Juni","author":"guenter","date":"Juni 9, 2013","format":false,"excerpt":"105 km \/ 645 hm \/ 6:07 h - Gesamt 2800 km \/ 16300 hm \/ 170:56 h So der Geburtstag ist rum, war ein entspannter und sch\u00f6ner Tag. Beim Fr\u00fchst\u00fcck habe ich mich mit einem nach Deutschland ausgewanderten Schweden unterhalten, der eine relaxte Motorradtour durch Schweden f\u00e4hrt. Er ist\u2026","rel":"","context":"In &quot;2013 NORDKAPP&quot;","block_context":{"text":"2013 NORDKAPP","link":"http:\/\/guderley.com\/?cat=23"},"img":{"alt_text":"","src":"https:\/\/i0.wp.com\/guderley.com\/wp-content\/uploads\/2013\/06\/wpid-Photo-09.06.2013-1956.jpg?resize=350%2C200","width":350,"height":200,"srcset":"https:\/\/i0.wp.com\/guderley.com\/wp-content\/uploads\/2013\/06\/wpid-Photo-09.06.2013-1956.jpg?resize=350%2C200 1x, https:\/\/i0.wp.com\/guderley.com\/wp-content\/uploads\/2013\/06\/wpid-Photo-09.06.2013-1956.jpg?resize=525%2C300 1.5x, https:\/\/i0.wp.com\/guderley.com\/wp-content\/uploads\/2013\/06\/wpid-Photo-09.06.2013-1956.jpg?resize=700%2C400 2x"},"classes":[]},{"id":2897,"url":"http:\/\/guderley.com\/?p=2897","url_meta":{"origin":2163,"position":3},"title":"Tag 33 &#8211; Mo 29.6.2015 &#8211; Heimreise","author":"guenter","date":"Juni 29, 2015","format":false,"excerpt":"Gegen 9 Uhr war ich am Bahnhof in Orl\u00e9ans - vor mir lagen 5 mal Umsteigen, ein Bahnhofswechsel in Paris und rund 13 Stunden bis Aschaffenburg. Jetzt ist es genau 12 Stunden sp\u00e4ter und ich bin gerade in den letzten Zug, der mich von Mainz nach Aschaffenburg bringt, eingestiegen.Summa summarum\u2026","rel":"","context":"In &quot;2015 BENELUX - FRANKREICH&quot;","block_context":{"text":"2015 BENELUX - FRANKREICH","link":"http:\/\/guderley.com\/?cat=27"},"img":{"alt_text":"","src":"https:\/\/i0.wp.com\/guderley.com\/wp-content\/uploads\/2015\/06\/wpid-Photo-29.06.2015-0344.jpg?resize=350%2C200","width":350,"height":200,"srcset":"https:\/\/i0.wp.com\/guderley.com\/wp-content\/uploads\/2015\/06\/wpid-Photo-29.06.2015-0344.jpg?resize=350%2C200 1x, https:\/\/i0.wp.com\/guderley.com\/wp-content\/uploads\/2015\/06\/wpid-Photo-29.06.2015-0344.jpg?resize=525%2C300 1.5x, https:\/\/i0.wp.com\/guderley.com\/wp-content\/uploads\/2015\/06\/wpid-Photo-29.06.2015-0344.jpg?resize=700%2C400 2x"},"classes":[]},{"id":1828,"url":"http:\/\/guderley.com\/?p=1828","url_meta":{"origin":2163,"position":4},"title":"J\u00e4ttendal  &#8211;  Tag 17  &#8211;  Mittwoch, 29. Mai","author":"guenter","date":"Mai 29, 2013","format":false,"excerpt":"119 km \/ 896 hm \/ 7:36 h - Gesamt 1843 km \/ 9905 hm \/ 111:32 Ein vollkommen trockenes Zelt einzupacken zeugt von sehr guten Wetterbedingungen. Tats\u00e4chlich strahlt die Sonne vom Himmel, bei herrlich frischer Luft. Und das Beste ist, im Moment sieht es nach dauerhaft sch\u00f6nem Wetter aus.\u2026","rel":"","context":"In &quot;2013 NORDKAPP&quot;","block_context":{"text":"2013 NORDKAPP","link":"http:\/\/guderley.com\/?cat=23"},"img":{"alt_text":"","src":"https:\/\/i0.wp.com\/guderley.com\/wp-content\/uploads\/2013\/05\/wpid-Photo-29.05.2013-20231.jpg?resize=350%2C200","width":350,"height":200,"srcset":"https:\/\/i0.wp.com\/guderley.com\/wp-content\/uploads\/2013\/05\/wpid-Photo-29.05.2013-20231.jpg?resize=350%2C200 1x, https:\/\/i0.wp.com\/guderley.com\/wp-content\/uploads\/2013\/05\/wpid-Photo-29.05.2013-20231.jpg?resize=525%2C300 1.5x, https:\/\/i0.wp.com\/guderley.com\/wp-content\/uploads\/2013\/05\/wpid-Photo-29.05.2013-20231.jpg?resize=700%2C400 2x"},"classes":[]},{"id":2037,"url":"http:\/\/guderley.com\/?p=2037","url_meta":{"origin":2163,"position":5},"title":"Alta &#8211; Tag 32 &#8211; Donnerstag, 13. Juni","author":"guenter","date":"Juni 13, 2013","format":false,"excerpt":"140 km \/ 924 hm \/ 8:08 h - Gesamt 3298 km \/ 19056 hm \/ 202:15 h Heute ist ein Sommertag schon gegen 8:30 Uhr als ich die H\u00fctte verlasse und was das Ganze noch kr\u00f6nt, der Wind kommt tats\u00e4chlich von schr\u00e4g hinten. Viktor und ich haben die vergangenen\u2026","rel":"","context":"In &quot;2013 NORDKAPP&quot;","block_context":{"text":"2013 NORDKAPP","link":"http:\/\/guderley.com\/?cat=23"},"img":{"alt_text":"","src":"https:\/\/i0.wp.com\/guderley.com\/wp-content\/uploads\/2013\/06\/wpid-Photo-13.06.2013-2321.jpg?resize=350%2C200","width":350,"height":200,"srcset":"https:\/\/i0.wp.com\/guderley.com\/wp-content\/uploads\/2013\/06\/wpid-Photo-13.06.2013-2321.jpg?resize=350%2C200 1x, https:\/\/i0.wp.com\/guderley.com\/wp-content\/uploads\/2013\/06\/wpid-Photo-13.06.2013-2321.jpg?resize=525%2C300 1.5x, https:\/\/i0.wp.com\/guderley.com\/wp-content\/uploads\/2013\/06\/wpid-Photo-13.06.2013-2321.jpg?resize=700%2C400 2x"},"classes":[]}],"_links":{"self":[{"href":"http:\/\/guderley.com\/index.php?rest_route=\/wp\/v2\/posts\/2163","targetHints":{"allow":["GET"]}}],"collection":[{"href":"http:\/\/guderley.com\/index.php?rest_route=\/wp\/v2\/posts"}],"about":[{"href":"http:\/\/guderley.com\/index.php?rest_route=\/wp\/v2\/types\/post"}],"author":[{"embeddable":true,"href":"http:\/\/guderley.com\/index.php?rest_route=\/wp\/v2\/users\/2"}],"replies":[{"embeddable":true,"href":"http:\/\/guderley.com\/index.php?rest_route=%2Fwp%2Fv2%2Fcomments&post=2163"}],"version-history":[{"count":2,"href":"http:\/\/guderley.com\/index.php?rest_route=\/wp\/v2\/posts\/2163\/revisions"}],"predecessor-version":[{"id":2165,"href":"http:\/\/guderley.com\/index.php?rest_route=\/wp\/v2\/posts\/2163\/revisions\/2165"}],"wp:attachment":[{"href":"http:\/\/guderley.com\/index.php?rest_route=%2Fwp%2Fv2%2Fmedia&parent=2163"}],"wp:term":[{"taxonomy":"category","embeddable":true,"href":"http:\/\/guderley.com\/index.php?rest_route=%2Fwp%2Fv2%2Fcategories&post=2163"},{"taxonomy":"post_tag","embeddable":true,"href":"http:\/\/guderley.com\/index.php?rest_route=%2Fwp%2Fv2%2Ftags&post=2163"}],"curies":[{"name":"wp","href":"https:\/\/api.w.org\/{rel}","templated":true}]}}