{"id":1613,"date":"2012-08-25T18:40:32","date_gmt":"2012-08-25T17:40:32","guid":{"rendered":"http:\/\/guderley.com\/?p=1613"},"modified":"2012-08-25T18:40:32","modified_gmt":"2012-08-25T17:40:32","slug":"25-8-fazit-sommertour-2012","status":"publish","type":"post","link":"http:\/\/guderley.com\/?p=1613","title":{"rendered":"25.8.  Fazit Sommertour 2012"},"content":{"rendered":"\n<p>Es ist wie immer ein komisches Gef\u00fchl, wenn etwas, was einen sehr lange besch\u00e4ftigt hat im Vorfeld, pl\u00f6tzlich Vergangenheit ist.<\/p>\n<p>Ich habe insgesamt vierzig sehr intensive Tage erlebt und dabei nie das Gef\u00fchl von Langeweile oder gar Einsamkeit gehabt.<\/p>\n<p>Meine Erwartungen an L\u00e4nder, St\u00e4dte, Menschen und Landschaften wurden in gro\u00dfem Ma\u00dfe erf\u00fcllt. Die Bilder die ich so im Kopf hatte, speziell was die Natur im Baltikum betrifft wurden deutlich \u00fcbertroffen.<\/p>\n<p>Ich hatte wahnsinnig viel Gl\u00fcck, \u00fcberwiegend bestes Radwetter, gerade mal zwei Tage Regen und den nicht einmal ganzt\u00e4gig. Keine einzige Panne !! Nur ein kleiner Hinfaller im Sand in Estland.<\/p>\n<p>Keinerlei Bedrohungen oder gef\u00e4hrliche Momente in der Begegnung mit Menschen. Drei Hundeattacken, davon eine ziemlich grenzwertig.<\/p>\n<p>Es gab sicher einige brenzlige Situationen im Verkehr, aber selbst die ber\u00fcchtigten polnischen LKW-Fahrer waren faire Partner auf der Stra\u00dfe.<\/p>\n<p>Nat\u00fcrlich sind rund 250 Stunden Radfahren nicht in jeder Minute lustig, da gab es Phasen, wo ich mich richtig gequ\u00e4lt habe, aber \u00fcberwiegend war es Vergn\u00fcgen.<\/p>\n<p>Mein &#8222;Blauer Elephant&#8220; hat sich bestens bew\u00e4hrt. Einige kleine Anpassungen werde ich mit Tino Hasenstab diskutieren. Vielen Dank nochmal an alle, die ihr Scherflein dazu beigetragen haben.<\/p>\n<p>Die Highlights waren sicher die gigantische Natur, hunderte Kilometer menschenleerer Str\u00e4nde, die beiden estnischen Inseln Saarema und Hiiumaa und der litauische Teil der Kurischen Nehrung.<\/p>\n<p>Begeistert haben mich im st\u00e4dtischen Bereich Helsinki und Danzig. Tallinn ist ebenfalls sehenswert. Riga ging nicht so an mich und Kaliningrad fand ich eher &#8222;schr\u00e4g&#8220;. Als Perle w\u00fcrde ich Tartu in Estland, das ehemalige Dorpat bezeichnen, wer Remmidemmi an Str\u00e4nden mag der ist mit Palanga (Litauen) und Sopot (Polen) aber auch P\u00e4rnu (Estland) gut bedient. Klaip\u0117da und Ventspils waren okay, aber nicht aufregend.<\/p>\n<p>Mit Ausnahme der russisch dominierten Welt in Estland und dem sog. Kaliningrader Gebiet bin ich meist auf sehr aufgeschlossene und hilfsbereite Menschen gesto\u00dfen. Die Generation der unter 40-J\u00e4hrigen konnte in allen L\u00e4ndern ordentlich Englisch, so dass eine Verst\u00e4ndigung unproblematisch immer m\u00f6glich war.<\/p>\n<p>Der Einkauf der t\u00e4glichen Grundbed\u00fcrfnisse wie Wasser, Obst, Kuchen und sonstige Lebensmittel war v\u00f6llig problemfrei, fast \u00fcberall konnte alles zu jeder Zeit gekauft werden.<\/p>\n<p>Ich habe diesmal einen guten Mix aus Hotel- und Zelt\u00fcbernachtung hinbekommen. Klar dass ich gerade bei den &#8222;freien Tagen&#8220; in den gro\u00dfen St\u00e4dten im Hotel war. Insgesamt habe ich 11x gezeltet. Die Zeltvariante ist zweifelsfrei die wesentlich st\u00e4rkere kommunikative Variante.<\/p>\n<p>Ich hatte keinerlei gesundheitliche Probleme \u00fcber die ganze Tour.<\/p>\n<p>Es hat Spa\u00df gemacht quasi als &#8222;eigenes Tagebuch&#8220; zu bloggen, wohl wissend, dass weit \u00fcber 100 Leser zu Hause meine &#8222;Taten&#8220; mit echtem Interesse verfolgt haben.<\/p>\n<p>Danke f\u00fcr alle Kommentare und E-Mails, das ist immer echte Motivation.<\/p>\n<p>&nbsp;<\/p>\n<div style=\"text-align: right; font-size: small; clear: both;\" id=\"blogsy_footer\"><a href=\"http:\/\/blogsyapp.com\" target=\"_blank\"><img data-recalc-dims=\"1\" decoding=\"async\" src=\"https:\/\/i0.wp.com\/blogsyapp.com\/images\/blogsy_footer_icon.png?resize=20%2C20\" alt=\"Mit Blogsy ver\u00f6ffentlicht\" style=\"vertical-align: middle; margin-right: 5px;\" width=\"20\" height=\"20\" \/>Mit Blogsy ver\u00f6ffentlicht<\/a><\/div>\n","protected":false},"excerpt":{"rendered":"<p>Es ist wie immer ein komisches Gef\u00fchl, wenn etwas, was einen sehr lange besch\u00e4ftigt hat im Vorfeld, pl\u00f6tzlich Vergangenheit ist. Ich habe insgesamt vierzig sehr intensive Tage erlebt und dabei nie das Gef\u00fchl von Langeweile oder gar Einsamkeit gehabt. Meine Erwartungen an L\u00e4nder, St\u00e4dte, Menschen und Landschaften wurden in gro\u00dfem Ma\u00dfe erf\u00fcllt. Die Bilder die [&hellip;]<\/p>\n","protected":false},"author":2,"featured_media":0,"comment_status":"open","ping_status":"open","sticky":false,"template":"","format":"standard","meta":{"_jetpack_newsletter_access":"","_jetpack_dont_email_post_to_subs":false,"_jetpack_newsletter_tier_id":0,"_jetpack_memberships_contains_paywalled_content":false,"_jetpack_memberships_contains_paid_content":false,"footnotes":""},"categories":[22],"tags":[],"class_list":["post-1613","post","type-post","status-publish","format-standard","hentry","category-baltikum-2012"],"yoast_head":"<!-- This site is optimized with the Yoast SEO plugin v25.8 - https:\/\/yoast.com\/wordpress\/plugins\/seo\/ -->\n<title>25.8. Fazit Sommertour 2012 - G\u00fcnter&#039;s Blog<\/title>\n<meta name=\"robots\" content=\"index, follow, max-snippet:-1, max-image-preview:large, max-video-preview:-1\" \/>\n<link rel=\"canonical\" href=\"http:\/\/guderley.com\/?p=1613\" \/>\n<meta property=\"og:locale\" content=\"de_DE\" \/>\n<meta property=\"og:type\" content=\"article\" \/>\n<meta property=\"og:title\" content=\"25.8. Fazit Sommertour 2012 - G\u00fcnter&#039;s Blog\" \/>\n<meta property=\"og:description\" content=\"Es ist wie immer ein komisches Gef\u00fchl, wenn etwas, was einen sehr lange besch\u00e4ftigt hat im Vorfeld, pl\u00f6tzlich Vergangenheit ist. Ich habe insgesamt vierzig sehr intensive Tage erlebt und dabei nie das Gef\u00fchl von Langeweile oder gar Einsamkeit gehabt. Meine Erwartungen an L\u00e4nder, St\u00e4dte, Menschen und Landschaften wurden in gro\u00dfem Ma\u00dfe erf\u00fcllt. Die Bilder die [&hellip;]\" \/>\n<meta property=\"og:url\" content=\"http:\/\/guderley.com\/?p=1613\" \/>\n<meta property=\"og:site_name\" content=\"G\u00fcnter&#039;s Blog\" \/>\n<meta property=\"article:published_time\" content=\"2012-08-25T17:40:32+00:00\" \/>\n<meta property=\"og:image\" content=\"http:\/\/blogsyapp.com\/images\/blogsy_footer_icon.png\" \/>\n<meta name=\"author\" content=\"guenter\" \/>\n<meta name=\"twitter:card\" content=\"summary_large_image\" \/>\n<meta name=\"twitter:label1\" content=\"Verfasst von\" \/>\n\t<meta name=\"twitter:data1\" content=\"guenter\" \/>\n\t<meta name=\"twitter:label2\" content=\"Gesch\u00e4tzte Lesezeit\" \/>\n\t<meta name=\"twitter:data2\" content=\"2\u00a0Minuten\" \/>\n<script type=\"application\/ld+json\" class=\"yoast-schema-graph\">{\"@context\":\"https:\/\/schema.org\",\"@graph\":[{\"@type\":\"Article\",\"@id\":\"http:\/\/guderley.com\/?p=1613#article\",\"isPartOf\":{\"@id\":\"http:\/\/guderley.com\/?p=1613\"},\"author\":{\"name\":\"guenter\",\"@id\":\"https:\/\/guderley.com\/#\/schema\/person\/24a827645a6fedd3481426a7028dfdcd\"},\"headline\":\"25.8. Fazit Sommertour 2012\",\"datePublished\":\"2012-08-25T17:40:32+00:00\",\"mainEntityOfPage\":{\"@id\":\"http:\/\/guderley.com\/?p=1613\"},\"wordCount\":471,\"commentCount\":5,\"publisher\":{\"@id\":\"https:\/\/guderley.com\/#\/schema\/person\/24a827645a6fedd3481426a7028dfdcd\"},\"image\":{\"@id\":\"http:\/\/guderley.com\/?p=1613#primaryimage\"},\"thumbnailUrl\":\"http:\/\/blogsyapp.com\/images\/blogsy_footer_icon.png\",\"articleSection\":[\"2012 BALTIKUM\"],\"inLanguage\":\"de\",\"potentialAction\":[{\"@type\":\"CommentAction\",\"name\":\"Comment\",\"target\":[\"http:\/\/guderley.com\/?p=1613#respond\"]}]},{\"@type\":\"WebPage\",\"@id\":\"http:\/\/guderley.com\/?p=1613\",\"url\":\"http:\/\/guderley.com\/?p=1613\",\"name\":\"25.8. Fazit Sommertour 2012 - G\u00fcnter&#039;s Blog\",\"isPartOf\":{\"@id\":\"https:\/\/guderley.com\/#website\"},\"primaryImageOfPage\":{\"@id\":\"http:\/\/guderley.com\/?p=1613#primaryimage\"},\"image\":{\"@id\":\"http:\/\/guderley.com\/?p=1613#primaryimage\"},\"thumbnailUrl\":\"http:\/\/blogsyapp.com\/images\/blogsy_footer_icon.png\",\"datePublished\":\"2012-08-25T17:40:32+00:00\",\"breadcrumb\":{\"@id\":\"http:\/\/guderley.com\/?p=1613#breadcrumb\"},\"inLanguage\":\"de\",\"potentialAction\":[{\"@type\":\"ReadAction\",\"target\":[\"http:\/\/guderley.com\/?p=1613\"]}]},{\"@type\":\"ImageObject\",\"inLanguage\":\"de\",\"@id\":\"http:\/\/guderley.com\/?p=1613#primaryimage\",\"url\":\"http:\/\/blogsyapp.com\/images\/blogsy_footer_icon.png\",\"contentUrl\":\"http:\/\/blogsyapp.com\/images\/blogsy_footer_icon.png\"},{\"@type\":\"BreadcrumbList\",\"@id\":\"http:\/\/guderley.com\/?p=1613#breadcrumb\",\"itemListElement\":[{\"@type\":\"ListItem\",\"position\":1,\"name\":\"Startseite\",\"item\":\"https:\/\/guderley.com\/\"},{\"@type\":\"ListItem\",\"position\":2,\"name\":\"25.8. Fazit Sommertour 2012\"}]},{\"@type\":\"WebSite\",\"@id\":\"https:\/\/guderley.com\/#website\",\"url\":\"https:\/\/guderley.com\/\",\"name\":\"G\u00fcnter's Blog\",\"description\":\"Fahrrad Touren rund um die Welt\",\"publisher\":{\"@id\":\"https:\/\/guderley.com\/#\/schema\/person\/24a827645a6fedd3481426a7028dfdcd\"},\"alternateName\":\"G\u00fcnter's Blog\",\"potentialAction\":[{\"@type\":\"SearchAction\",\"target\":{\"@type\":\"EntryPoint\",\"urlTemplate\":\"https:\/\/guderley.com\/?s={search_term_string}\"},\"query-input\":{\"@type\":\"PropertyValueSpecification\",\"valueRequired\":true,\"valueName\":\"search_term_string\"}}],\"inLanguage\":\"de\"},{\"@type\":[\"Person\",\"Organization\"],\"@id\":\"https:\/\/guderley.com\/#\/schema\/person\/24a827645a6fedd3481426a7028dfdcd\",\"name\":\"guenter\",\"image\":{\"@type\":\"ImageObject\",\"inLanguage\":\"de\",\"@id\":\"https:\/\/guderley.com\/#\/schema\/person\/image\/\",\"url\":\"https:\/\/i0.wp.com\/guderley.com\/wp-content\/uploads\/img_8008-scaled.jpg?fit=1920%2C2560\",\"contentUrl\":\"https:\/\/i0.wp.com\/guderley.com\/wp-content\/uploads\/img_8008-scaled.jpg?fit=1920%2C2560\",\"width\":1920,\"height\":2560,\"caption\":\"guenter\"},\"logo\":{\"@id\":\"https:\/\/guderley.com\/#\/schema\/person\/image\/\"},\"sameAs\":[\"http:\/\/guderley.com\/blog\"],\"url\":\"http:\/\/guderley.com\/?author=2\"}]}<\/script>\n<!-- \/ Yoast SEO plugin. -->","yoast_head_json":{"title":"25.8. Fazit Sommertour 2012 - G\u00fcnter&#039;s Blog","robots":{"index":"index","follow":"follow","max-snippet":"max-snippet:-1","max-image-preview":"max-image-preview:large","max-video-preview":"max-video-preview:-1"},"canonical":"http:\/\/guderley.com\/?p=1613","og_locale":"de_DE","og_type":"article","og_title":"25.8. Fazit Sommertour 2012 - G\u00fcnter&#039;s Blog","og_description":"Es ist wie immer ein komisches Gef\u00fchl, wenn etwas, was einen sehr lange besch\u00e4ftigt hat im Vorfeld, pl\u00f6tzlich Vergangenheit ist. Ich habe insgesamt vierzig sehr intensive Tage erlebt und dabei nie das Gef\u00fchl von Langeweile oder gar Einsamkeit gehabt. Meine Erwartungen an L\u00e4nder, St\u00e4dte, Menschen und Landschaften wurden in gro\u00dfem Ma\u00dfe erf\u00fcllt. Die Bilder die [&hellip;]","og_url":"http:\/\/guderley.com\/?p=1613","og_site_name":"G\u00fcnter&#039;s Blog","article_published_time":"2012-08-25T17:40:32+00:00","og_image":[{"url":"http:\/\/blogsyapp.com\/images\/blogsy_footer_icon.png","type":"","width":"","height":""}],"author":"guenter","twitter_card":"summary_large_image","twitter_misc":{"Verfasst von":"guenter","Gesch\u00e4tzte Lesezeit":"2\u00a0Minuten"},"schema":{"@context":"https:\/\/schema.org","@graph":[{"@type":"Article","@id":"http:\/\/guderley.com\/?p=1613#article","isPartOf":{"@id":"http:\/\/guderley.com\/?p=1613"},"author":{"name":"guenter","@id":"https:\/\/guderley.com\/#\/schema\/person\/24a827645a6fedd3481426a7028dfdcd"},"headline":"25.8. Fazit Sommertour 2012","datePublished":"2012-08-25T17:40:32+00:00","mainEntityOfPage":{"@id":"http:\/\/guderley.com\/?p=1613"},"wordCount":471,"commentCount":5,"publisher":{"@id":"https:\/\/guderley.com\/#\/schema\/person\/24a827645a6fedd3481426a7028dfdcd"},"image":{"@id":"http:\/\/guderley.com\/?p=1613#primaryimage"},"thumbnailUrl":"http:\/\/blogsyapp.com\/images\/blogsy_footer_icon.png","articleSection":["2012 BALTIKUM"],"inLanguage":"de","potentialAction":[{"@type":"CommentAction","name":"Comment","target":["http:\/\/guderley.com\/?p=1613#respond"]}]},{"@type":"WebPage","@id":"http:\/\/guderley.com\/?p=1613","url":"http:\/\/guderley.com\/?p=1613","name":"25.8. Fazit Sommertour 2012 - G\u00fcnter&#039;s Blog","isPartOf":{"@id":"https:\/\/guderley.com\/#website"},"primaryImageOfPage":{"@id":"http:\/\/guderley.com\/?p=1613#primaryimage"},"image":{"@id":"http:\/\/guderley.com\/?p=1613#primaryimage"},"thumbnailUrl":"http:\/\/blogsyapp.com\/images\/blogsy_footer_icon.png","datePublished":"2012-08-25T17:40:32+00:00","breadcrumb":{"@id":"http:\/\/guderley.com\/?p=1613#breadcrumb"},"inLanguage":"de","potentialAction":[{"@type":"ReadAction","target":["http:\/\/guderley.com\/?p=1613"]}]},{"@type":"ImageObject","inLanguage":"de","@id":"http:\/\/guderley.com\/?p=1613#primaryimage","url":"http:\/\/blogsyapp.com\/images\/blogsy_footer_icon.png","contentUrl":"http:\/\/blogsyapp.com\/images\/blogsy_footer_icon.png"},{"@type":"BreadcrumbList","@id":"http:\/\/guderley.com\/?p=1613#breadcrumb","itemListElement":[{"@type":"ListItem","position":1,"name":"Startseite","item":"https:\/\/guderley.com\/"},{"@type":"ListItem","position":2,"name":"25.8. Fazit Sommertour 2012"}]},{"@type":"WebSite","@id":"https:\/\/guderley.com\/#website","url":"https:\/\/guderley.com\/","name":"G\u00fcnter's Blog","description":"Fahrrad Touren rund um die Welt","publisher":{"@id":"https:\/\/guderley.com\/#\/schema\/person\/24a827645a6fedd3481426a7028dfdcd"},"alternateName":"G\u00fcnter's Blog","potentialAction":[{"@type":"SearchAction","target":{"@type":"EntryPoint","urlTemplate":"https:\/\/guderley.com\/?s={search_term_string}"},"query-input":{"@type":"PropertyValueSpecification","valueRequired":true,"valueName":"search_term_string"}}],"inLanguage":"de"},{"@type":["Person","Organization"],"@id":"https:\/\/guderley.com\/#\/schema\/person\/24a827645a6fedd3481426a7028dfdcd","name":"guenter","image":{"@type":"ImageObject","inLanguage":"de","@id":"https:\/\/guderley.com\/#\/schema\/person\/image\/","url":"https:\/\/i0.wp.com\/guderley.com\/wp-content\/uploads\/img_8008-scaled.jpg?fit=1920%2C2560","contentUrl":"https:\/\/i0.wp.com\/guderley.com\/wp-content\/uploads\/img_8008-scaled.jpg?fit=1920%2C2560","width":1920,"height":2560,"caption":"guenter"},"logo":{"@id":"https:\/\/guderley.com\/#\/schema\/person\/image\/"},"sameAs":["http:\/\/guderley.com\/blog"],"url":"http:\/\/guderley.com\/?author=2"}]}},"jetpack_featured_media_url":"","jetpack_sharing_enabled":true,"jetpack_shortlink":"https:\/\/wp.me\/p9IuXF-q1","jetpack_likes_enabled":true,"jetpack-related-posts":[{"id":2179,"url":"http:\/\/guderley.com\/?p=2179","url_meta":{"origin":1613,"position":0},"title":"Goldbach &#8211; Tag 45 &#8211; Mittwoch, 26. Juni","author":"guenter","date":"Juni 26, 2013","format":false,"excerpt":"97 km \/ 78 hm \/ 6:22 h - Gesamt 4249 km \/ 25358 hm \/ 264:22 h Nach der langen Schiffspassage ging es flugs an die Bahn am Skandinavienkai in Travem\u00fcnde. \u00dcber L\u00fcbeck und Hamburg war ich gegen 7:00 Uhr morgens endlich am Frankfurter Hauptbahnhof. Der wundbare Morgen und\u2026","rel":"","context":"In &quot;2013 NORDKAPP&quot;","block_context":{"text":"2013 NORDKAPP","link":"http:\/\/guderley.com\/?cat=23"},"img":{"alt_text":"","src":"https:\/\/i0.wp.com\/guderley.com\/wp-content\/uploads\/2013\/06\/wpid-Photo-26.06.2013-1208.jpg?resize=350%2C200","width":350,"height":200,"srcset":"https:\/\/i0.wp.com\/guderley.com\/wp-content\/uploads\/2013\/06\/wpid-Photo-26.06.2013-1208.jpg?resize=350%2C200 1x, https:\/\/i0.wp.com\/guderley.com\/wp-content\/uploads\/2013\/06\/wpid-Photo-26.06.2013-1208.jpg?resize=525%2C300 1.5x, https:\/\/i0.wp.com\/guderley.com\/wp-content\/uploads\/2013\/06\/wpid-Photo-26.06.2013-1208.jpg?resize=700%2C400 2x"},"classes":[]},{"id":1379,"url":"http:\/\/guderley.com\/?p=1379","url_meta":{"origin":1613,"position":1},"title":"1.8.  Insel Hiiumaa \/ Estland &#8211; 16.Tag &#8211; 1275 km","author":"guenter","date":"August 1, 2012","format":false,"excerpt":"Das Quartier war wirklich prima. Die Chefin hat mir ein m\u00e4chtiges Fr\u00fchst\u00fcck serviert, wenn ich das alles gegessen h\u00e4tte, w\u00e4re ich nicht aufs Rad gekommen.Die Insel ist landschaftlich sehr beeindruckend, trotzdem kam mir heute immer wieder der Song \"The Long and winding road\" in den Sinn, obwohl es dann doch\u2026","rel":"","context":"In &quot;2012 BALTIKUM&quot;","block_context":{"text":"2012 BALTIKUM","link":"http:\/\/guderley.com\/?cat=22"},"img":{"alt_text":"","src":"https:\/\/i0.wp.com\/guderley.com\/wp-content\/uploads\/2012\/08\/wpid-Photo-01.08.2012-1250.jpg?resize=350%2C200","width":350,"height":200,"srcset":"https:\/\/i0.wp.com\/guderley.com\/wp-content\/uploads\/2012\/08\/wpid-Photo-01.08.2012-1250.jpg?resize=350%2C200 1x, https:\/\/i0.wp.com\/guderley.com\/wp-content\/uploads\/2012\/08\/wpid-Photo-01.08.2012-1250.jpg?resize=525%2C300 1.5x, https:\/\/i0.wp.com\/guderley.com\/wp-content\/uploads\/2012\/08\/wpid-Photo-01.08.2012-1250.jpg?resize=700%2C400 2x"},"classes":[]},{"id":1332,"url":"http:\/\/guderley.com\/?p=1332","url_meta":{"origin":1613,"position":2},"title":"27.7.  J\u00e4neda \/ Estland &#8211; 11. Tag &#8211; 885 km","author":"guenter","date":"Juli 27, 2012","format":false,"excerpt":"Gegen 19 Uhr musste ich mich entscheiden, d.h. ganz bis Tallinn zu fahren oder eine der letzten station\u00e4ren M\u00f6glichkeiten wahrzunehmen. Die Ecke hier im S\u00fcdosten von Tallinn ist touristisch nicht besucht, das erkl\u00e4rt die wenigen M\u00f6glichkeiten. Bei durchg\u00e4ngig 28 Grad heute und \u00fcber 150 km in den Beinen hatte ich\u2026","rel":"","context":"In &quot;2012 BALTIKUM&quot;","block_context":{"text":"2012 BALTIKUM","link":"http:\/\/guderley.com\/?cat=22"},"img":{"alt_text":"","src":"https:\/\/i0.wp.com\/guderley.com\/wp-content\/uploads\/2012\/07\/wpid-Photo-27.07.2012-1618.jpg?resize=350%2C200","width":350,"height":200,"srcset":"https:\/\/i0.wp.com\/guderley.com\/wp-content\/uploads\/2012\/07\/wpid-Photo-27.07.2012-1618.jpg?resize=350%2C200 1x, https:\/\/i0.wp.com\/guderley.com\/wp-content\/uploads\/2012\/07\/wpid-Photo-27.07.2012-1618.jpg?resize=525%2C300 1.5x, https:\/\/i0.wp.com\/guderley.com\/wp-content\/uploads\/2012\/07\/wpid-Photo-27.07.2012-1618.jpg?resize=700%2C400 2x"},"classes":[]},{"id":1511,"url":"http:\/\/guderley.com\/?p=1511","url_meta":{"origin":1613,"position":3},"title":"15.8.  Kaliningrad \/ Russland &#8211; Tag 30 &#8211; km 2635","author":"guenter","date":"August 15, 2012","format":false,"excerpt":"Heute stand sehr zeitig die Einreise nach Russland an. Kurz nach 8 Uhr rollte ich an die nur drei Kilometer vom Campingplatz entfernte Grenze und war nat\u00fcrlich gespannt auf das Procedere.Es ging eigentlich ziemlich schnell und die Leute waren auch sehr freundlich. Ich musste nat\u00fcrlich noch das Migrationspapier ausf\u00fcllen und\u2026","rel":"","context":"In &quot;2012 BALTIKUM&quot;","block_context":{"text":"2012 BALTIKUM","link":"http:\/\/guderley.com\/?cat=22"},"img":{"alt_text":"","src":"https:\/\/i0.wp.com\/guderley.com\/wp-content\/uploads\/2012\/08\/wpid-Photo-15.08.2012-2203.jpg?resize=350%2C200","width":350,"height":200,"srcset":"https:\/\/i0.wp.com\/guderley.com\/wp-content\/uploads\/2012\/08\/wpid-Photo-15.08.2012-2203.jpg?resize=350%2C200 1x, https:\/\/i0.wp.com\/guderley.com\/wp-content\/uploads\/2012\/08\/wpid-Photo-15.08.2012-2203.jpg?resize=525%2C300 1.5x, https:\/\/i0.wp.com\/guderley.com\/wp-content\/uploads\/2012\/08\/wpid-Photo-15.08.2012-2203.jpg?resize=700%2C400 2x"},"classes":[]},{"id":1495,"url":"http:\/\/guderley.com\/?p=1495","url_meta":{"origin":1613,"position":4},"title":"12.8.  \u0160ventoji \/ Litauen &#8211; Tag 27 &#8211; km 2343","author":"guenter","date":"August 12, 2012","format":false,"excerpt":"Es war ein wunderbar sonniger Nachmittag, nicht allzu hei\u00df, perfekt zum Radfahren. Aus Liep\u0101ja hinaus f\u00fchrte mich wieder ein perfekter Radweg entlang des Strandes.Aber irgendwann war Schlu\u00df mit lustig und es ging auf der A 11 stramm nach S\u00fcden in Richtung Litauen. Zwischendurch noch ein kleiner Abstecher nach Bern\u0101ti, dem\u2026","rel":"","context":"In &quot;2012 BALTIKUM&quot;","block_context":{"text":"2012 BALTIKUM","link":"http:\/\/guderley.com\/?cat=22"},"img":{"alt_text":"","src":"https:\/\/i0.wp.com\/guderley.com\/wp-content\/uploads\/2012\/08\/wpid-Photo-12.08.2012-2101.jpg?resize=350%2C200","width":350,"height":200,"srcset":"https:\/\/i0.wp.com\/guderley.com\/wp-content\/uploads\/2012\/08\/wpid-Photo-12.08.2012-2101.jpg?resize=350%2C200 1x, https:\/\/i0.wp.com\/guderley.com\/wp-content\/uploads\/2012\/08\/wpid-Photo-12.08.2012-2101.jpg?resize=525%2C300 1.5x, https:\/\/i0.wp.com\/guderley.com\/wp-content\/uploads\/2012\/08\/wpid-Photo-12.08.2012-2101.jpg?resize=700%2C400 2x"},"classes":[]},{"id":1286,"url":"http:\/\/guderley.com\/?p=1286","url_meta":{"origin":1613,"position":5},"title":"22.7.  Saka \/ Estland &#8211; 6. Tag &#8211; 380 km","author":"guenter","date":"Juli 22, 2012","format":false,"excerpt":"Ein strahlend blauer Tag begr\u00fc\u00dft mich heute morgen als ich Rakvere verlasse. Ich orientiere mich im Moment ja im wesentlichen an die estnischen Fahrradrouten, im Moment konkret der Nummer 1 bis Narva. Nachdem ich die Route gestern Nachmittag verlassen hatte musste ich heute morgen erstmal rund 30 km quasi zur\u00fcck\u2026","rel":"","context":"In &quot;2012 BALTIKUM&quot;","block_context":{"text":"2012 BALTIKUM","link":"http:\/\/guderley.com\/?cat=22"},"img":{"alt_text":"","src":"https:\/\/i0.wp.com\/guderley.com\/wp-content\/uploads\/2012\/07\/wpid-Photo-22.07.2012-2208.jpg?resize=350%2C200","width":350,"height":200,"srcset":"https:\/\/i0.wp.com\/guderley.com\/wp-content\/uploads\/2012\/07\/wpid-Photo-22.07.2012-2208.jpg?resize=350%2C200 1x, https:\/\/i0.wp.com\/guderley.com\/wp-content\/uploads\/2012\/07\/wpid-Photo-22.07.2012-2208.jpg?resize=525%2C300 1.5x, https:\/\/i0.wp.com\/guderley.com\/wp-content\/uploads\/2012\/07\/wpid-Photo-22.07.2012-2208.jpg?resize=700%2C400 2x"},"classes":[]}],"_links":{"self":[{"href":"http:\/\/guderley.com\/index.php?rest_route=\/wp\/v2\/posts\/1613","targetHints":{"allow":["GET"]}}],"collection":[{"href":"http:\/\/guderley.com\/index.php?rest_route=\/wp\/v2\/posts"}],"about":[{"href":"http:\/\/guderley.com\/index.php?rest_route=\/wp\/v2\/types\/post"}],"author":[{"embeddable":true,"href":"http:\/\/guderley.com\/index.php?rest_route=\/wp\/v2\/users\/2"}],"replies":[{"embeddable":true,"href":"http:\/\/guderley.com\/index.php?rest_route=%2Fwp%2Fv2%2Fcomments&post=1613"}],"version-history":[{"count":0,"href":"http:\/\/guderley.com\/index.php?rest_route=\/wp\/v2\/posts\/1613\/revisions"}],"wp:attachment":[{"href":"http:\/\/guderley.com\/index.php?rest_route=%2Fwp%2Fv2%2Fmedia&parent=1613"}],"wp:term":[{"taxonomy":"category","embeddable":true,"href":"http:\/\/guderley.com\/index.php?rest_route=%2Fwp%2Fv2%2Fcategories&post=1613"},{"taxonomy":"post_tag","embeddable":true,"href":"http:\/\/guderley.com\/index.php?rest_route=%2Fwp%2Fv2%2Ftags&post=1613"}],"curies":[{"name":"wp","href":"https:\/\/api.w.org\/{rel}","templated":true}]}}