{"id":1567,"date":"2012-08-20T18:34:02","date_gmt":"2012-08-20T17:34:02","guid":{"rendered":"http:\/\/guderley.com\/?p=1567"},"modified":"2012-08-21T05:42:53","modified_gmt":"2012-08-21T04:42:53","slug":"20-8-kwidzyn-polen-tag-35-km-3023","status":"publish","type":"post","link":"http:\/\/guderley.com\/?p=1567","title":{"rendered":"20.8.  Kwidzyn \/ Polen &#8211; Tag 35 &#8211; km 3023"},"content":{"rendered":"<p>Gegen acht Uhr verlasse ich diese wirklich wundersch\u00f6ne Altstadt, gerade werden auch die restlichen Buden und St\u00e4nde des Jahrmarkts abgebaut, so dass wieder Alltag einkehren kann.<\/p>\n<div class=\"separator\" style=\"clear: both; text-align: center;\"><a href=\"https:\/\/i0.wp.com\/guderley.com\/wp-content\/uploads\/2012\/08\/wpid-Photo-20.08.2012-1118.jpg\" target=\"_blank\" style=\"margin-left: 1em; margin-right: 1em;\"><img data-recalc-dims=\"1\" decoding=\"async\" src=\"https:\/\/i0.wp.com\/guderley.com\/wp-content\/uploads\/2012\/08\/wpid-Photo-20.08.2012-1118.jpg?resize=500%2C375\" id=\"blogsy-1345524161133.8367\" class=\"aligncenter\" alt=\"\" width=\"500\" height=\"375\"><\/a><\/div>\n<p>Nach dem sehr hei\u00dfen Wochenende stand die Wetterprognose auf Gewitter und die erste Front lie\u00df auch nicht lange auf sich warten. Ich hatte mich gerade so aus Danzig hinausgemogelt da wurde es schon m\u00e4chtig finster. Mit einem 3 km langen Spurt bei Tempo 35 habe ich ein Dach in irgendeinem Dorf erwischt bevor es dann m\u00e4chtig abging. Ich bin trocken geblieben. 30 Minuten sp\u00e4ter konnte ich wieder fr\u00f6hlich weiterfahren.<\/p>\n<p>Der erste H\u00f6hepunkt war eine wunderbare Br\u00fccke bei Tczew, ehemals Dirschau, \u00fcber die Weichsel, die im September 1939 von polnischen Einheiten gesprengt wurde, im Verlauf des Krieges behelfsm\u00e4\u00dfig genutzt wurde und erst 1957 wieder fertiggestellt wurde. Heute rollt der Verkehr zwar weiter s\u00fcdlich \u00fcber die Autobahnbr\u00fccke und die Bahn hat auch ihre eigene neue Br\u00fccke, es bleibt aber ein beeindruckendes Bauwerk und ich durfte den &#8222;Blauen Elephanten&#8220; dr\u00fcber steuern.<\/p>\n<div class=\"separator\" style=\"clear: both; text-align: center;\"><a href=\"https:\/\/i0.wp.com\/guderley.com\/wp-content\/uploads\/2012\/08\/wpid-Photo-20.08.2012-12291.jpg\" target=\"_blank\" style=\"margin-left: 1em; margin-right: 1em;\"><img data-recalc-dims=\"1\" decoding=\"async\" src=\"https:\/\/i0.wp.com\/guderley.com\/wp-content\/uploads\/2012\/08\/wpid-Photo-20.08.2012-12291.jpg?resize=500%2C375\" id=\"blogsy-1345524161045.187\" class=\"aligncenter\" alt=\"\" width=\"500\" height=\"375\"><\/a><\/div>\n<div class=\"separator\" style=\"clear: both; text-align: center;\"><a href=\"https:\/\/i0.wp.com\/guderley.com\/wp-content\/uploads\/2012\/08\/wpid-Photo-20.08.2012-13001.jpg\" target=\"_blank\" style=\"margin-left: 1em; margin-right: 1em;\"><img data-recalc-dims=\"1\" decoding=\"async\" src=\"https:\/\/i0.wp.com\/guderley.com\/wp-content\/uploads\/2012\/08\/wpid-Photo-20.08.2012-13001.jpg?resize=500%2C375\" id=\"blogsy-1345524161090.4028\" class=\"aligncenter\" alt=\"\" width=\"500\" height=\"375\"><\/a><\/div>\n<p>Weiter ging es in Malbork, mit der ber\u00fchmten Marienburg, die m\u00e4chtig am Ufer der Nogat thront. Ferienbedingt war ziemlich viel los, so da\u00df ich es bei einer Besichtigung von au\u00dfen belie\u00df.<\/p>\n<div class=\"separator\" style=\"clear: both; text-align: center;\"><a href=\"https:\/\/i0.wp.com\/guderley.com\/wp-content\/uploads\/2012\/08\/wpid-Photo-20.08.2012-1430.jpg\" target=\"_blank\" style=\"margin-left: 1em; margin-right: 1em;\"><img data-recalc-dims=\"1\" decoding=\"async\" src=\"https:\/\/i0.wp.com\/guderley.com\/wp-content\/uploads\/2012\/08\/wpid-Photo-20.08.2012-1430.jpg?resize=500%2C375\" id=\"blogsy-1345524161100.376\" class=\"aligncenter\" alt=\"\" width=\"500\" height=\"375\"><\/a><\/div>\n<div class=\"separator\" style=\"clear: both; text-align: center;\"><a href=\"https:\/\/i0.wp.com\/guderley.com\/wp-content\/uploads\/2012\/08\/wpid-Photo-20.08.2012-1526.jpg\" target=\"_blank\" style=\"margin-left: 1em; margin-right: 1em;\"><img data-recalc-dims=\"1\" decoding=\"async\" src=\"https:\/\/i0.wp.com\/guderley.com\/wp-content\/uploads\/2012\/08\/wpid-Photo-20.08.2012-1526.jpg?resize=500%2C375\" id=\"blogsy-1345524161094.7588\" class=\"aligncenter\" alt=\"\" width=\"500\" height=\"375\"><\/a><\/div>\n<p>Die folgenden Stunden bin ich in der &#8222;preu\u00dfischen Kornkammer&#8220; zwischen Nogat und Weichsel gefahren, wo viele flei\u00dfige Bauern mit ihren Getreidefeldern besch\u00e4ftigt waren. Irgendwo waren auch immer Gewitterwolken die mich jedoch unbehelligt lie\u00dfen.<\/p>\n<p>In Kwidzyn, dem ehemaligen Marienwerder, wo ebenfalls eine m\u00e4chtige Ordensburg zu bewundern ist, habe ich mich gerade noch ins Hotel retten k\u00f6nnen, bevor der n\u00e4chste Gu\u00df heranzog. Da hatte ich doppelt Gl\u00fcck, denn eigentlich waren sie ausgebucht, doch just als wir \u00fcber Alternativen sprachen, kam ein Storno herein und ich war &#8222;gerettet&#8220;.<\/p>\n<div class=\"separator\" style=\"clear: both; text-align: center;\"><a href=\"https:\/\/i0.wp.com\/guderley.com\/wp-content\/uploads\/2012\/08\/wpid-Photo-21.08.2012-0737.jpg\" target=\"_blank\" style=\"margin-left: 1em; margin-right: 1em;\"><img data-recalc-dims=\"1\" decoding=\"async\" src=\"https:\/\/i0.wp.com\/guderley.com\/wp-content\/uploads\/2012\/08\/wpid-Photo-21.08.2012-0737.jpg?resize=500%2C375\" id=\"blogsy-1345524161086.2866\" class=\"aligncenter\" alt=\"\" width=\"500\" height=\"375\"><\/a><\/div>\n<p>&nbsp;<\/p>\n<div style=\"text-align: right; font-size: small; clear: both;\" id=\"blogsy_footer\"><a href=\"http:\/\/blogsyapp.com\" target=\"_blank\"><img data-recalc-dims=\"1\" decoding=\"async\" src=\"https:\/\/i0.wp.com\/blogsyapp.com\/images\/blogsy_footer_icon.png?resize=20%2C20\" alt=\"Mit Blogsy ver\u00f6ffentlicht\" style=\"vertical-align: middle; margin-right: 5px;\" width=\"20\" height=\"20\" \/>Mit Blogsy ver\u00f6ffentlicht<\/a><\/div>\n","protected":false},"excerpt":{"rendered":"<p>Gegen acht Uhr verlasse ich diese wirklich wundersch\u00f6ne Altstadt, gerade werden auch die restlichen Buden und St\u00e4nde des Jahrmarkts abgebaut, so dass wieder Alltag einkehren kann. Nach dem sehr hei\u00dfen Wochenende stand die Wetterprognose auf Gewitter und die erste Front lie\u00df auch nicht lange auf sich warten. Ich hatte mich gerade so aus Danzig hinausgemogelt [&hellip;]<\/p>\n","protected":false},"author":2,"featured_media":0,"comment_status":"open","ping_status":"open","sticky":false,"template":"","format":"standard","meta":{"_jetpack_newsletter_access":"","_jetpack_dont_email_post_to_subs":false,"_jetpack_newsletter_tier_id":0,"_jetpack_memberships_contains_paywalled_content":false,"_jetpack_memberships_contains_paid_content":false,"footnotes":""},"categories":[22],"tags":[],"class_list":["post-1567","post","type-post","status-publish","format-standard","hentry","category-baltikum-2012"],"yoast_head":"<!-- This site is optimized with the Yoast SEO plugin v25.8 - https:\/\/yoast.com\/wordpress\/plugins\/seo\/ -->\n<title>20.8. Kwidzyn \/ Polen - Tag 35 - km 3023 - G\u00fcnter&#039;s Blog<\/title>\n<meta name=\"robots\" content=\"index, follow, max-snippet:-1, max-image-preview:large, max-video-preview:-1\" \/>\n<link rel=\"canonical\" href=\"http:\/\/guderley.com\/?p=1567\" \/>\n<meta property=\"og:locale\" content=\"de_DE\" \/>\n<meta property=\"og:type\" content=\"article\" \/>\n<meta property=\"og:title\" content=\"20.8. Kwidzyn \/ Polen - Tag 35 - km 3023 - G\u00fcnter&#039;s Blog\" \/>\n<meta property=\"og:description\" content=\"Gegen acht Uhr verlasse ich diese wirklich wundersch\u00f6ne Altstadt, gerade werden auch die restlichen Buden und St\u00e4nde des Jahrmarkts abgebaut, so dass wieder Alltag einkehren kann. Nach dem sehr hei\u00dfen Wochenende stand die Wetterprognose auf Gewitter und die erste Front lie\u00df auch nicht lange auf sich warten. Ich hatte mich gerade so aus Danzig hinausgemogelt [&hellip;]\" \/>\n<meta property=\"og:url\" content=\"http:\/\/guderley.com\/?p=1567\" \/>\n<meta property=\"og:site_name\" content=\"G\u00fcnter&#039;s Blog\" \/>\n<meta property=\"article:published_time\" content=\"2012-08-20T17:34:02+00:00\" \/>\n<meta property=\"article:modified_time\" content=\"2012-08-21T04:42:53+00:00\" \/>\n<meta property=\"og:image\" content=\"http:\/\/guderley.com\/wp-content\/uploads\/2012\/08\/wpid-Photo-20.08.2012-1118.jpg\" \/>\n<meta name=\"author\" content=\"guenter\" \/>\n<meta name=\"twitter:card\" content=\"summary_large_image\" \/>\n<meta name=\"twitter:label1\" content=\"Verfasst von\" \/>\n\t<meta name=\"twitter:data1\" content=\"guenter\" \/>\n\t<meta name=\"twitter:label2\" content=\"Gesch\u00e4tzte Lesezeit\" \/>\n\t<meta name=\"twitter:data2\" content=\"2\u00a0Minuten\" \/>\n<script type=\"application\/ld+json\" class=\"yoast-schema-graph\">{\"@context\":\"https:\/\/schema.org\",\"@graph\":[{\"@type\":\"Article\",\"@id\":\"http:\/\/guderley.com\/?p=1567#article\",\"isPartOf\":{\"@id\":\"http:\/\/guderley.com\/?p=1567\"},\"author\":{\"name\":\"guenter\",\"@id\":\"https:\/\/guderley.com\/#\/schema\/person\/24a827645a6fedd3481426a7028dfdcd\"},\"headline\":\"20.8. Kwidzyn \/ Polen &#8211; Tag 35 &#8211; km 3023\",\"datePublished\":\"2012-08-20T17:34:02+00:00\",\"dateModified\":\"2012-08-21T04:42:53+00:00\",\"mainEntityOfPage\":{\"@id\":\"http:\/\/guderley.com\/?p=1567\"},\"wordCount\":311,\"commentCount\":2,\"publisher\":{\"@id\":\"https:\/\/guderley.com\/#\/schema\/person\/24a827645a6fedd3481426a7028dfdcd\"},\"image\":{\"@id\":\"http:\/\/guderley.com\/?p=1567#primaryimage\"},\"thumbnailUrl\":\"http:\/\/guderley.com\/wp-content\/uploads\/2012\/08\/wpid-Photo-20.08.2012-1118.jpg\",\"articleSection\":[\"2012 BALTIKUM\"],\"inLanguage\":\"de\",\"potentialAction\":[{\"@type\":\"CommentAction\",\"name\":\"Comment\",\"target\":[\"http:\/\/guderley.com\/?p=1567#respond\"]}]},{\"@type\":\"WebPage\",\"@id\":\"http:\/\/guderley.com\/?p=1567\",\"url\":\"http:\/\/guderley.com\/?p=1567\",\"name\":\"20.8. Kwidzyn \/ Polen - Tag 35 - km 3023 - G\u00fcnter&#039;s Blog\",\"isPartOf\":{\"@id\":\"https:\/\/guderley.com\/#website\"},\"primaryImageOfPage\":{\"@id\":\"http:\/\/guderley.com\/?p=1567#primaryimage\"},\"image\":{\"@id\":\"http:\/\/guderley.com\/?p=1567#primaryimage\"},\"thumbnailUrl\":\"http:\/\/guderley.com\/wp-content\/uploads\/2012\/08\/wpid-Photo-20.08.2012-1118.jpg\",\"datePublished\":\"2012-08-20T17:34:02+00:00\",\"dateModified\":\"2012-08-21T04:42:53+00:00\",\"breadcrumb\":{\"@id\":\"http:\/\/guderley.com\/?p=1567#breadcrumb\"},\"inLanguage\":\"de\",\"potentialAction\":[{\"@type\":\"ReadAction\",\"target\":[\"http:\/\/guderley.com\/?p=1567\"]}]},{\"@type\":\"ImageObject\",\"inLanguage\":\"de\",\"@id\":\"http:\/\/guderley.com\/?p=1567#primaryimage\",\"url\":\"https:\/\/i0.wp.com\/guderley.com\/wp-content\/uploads\/2012\/08\/wpid-Photo-20.08.2012-1118.jpg?fit=1024%2C768\",\"contentUrl\":\"https:\/\/i0.wp.com\/guderley.com\/wp-content\/uploads\/2012\/08\/wpid-Photo-20.08.2012-1118.jpg?fit=1024%2C768\",\"width\":\"1024\",\"height\":\"768\"},{\"@type\":\"BreadcrumbList\",\"@id\":\"http:\/\/guderley.com\/?p=1567#breadcrumb\",\"itemListElement\":[{\"@type\":\"ListItem\",\"position\":1,\"name\":\"Startseite\",\"item\":\"https:\/\/guderley.com\/\"},{\"@type\":\"ListItem\",\"position\":2,\"name\":\"20.8. Kwidzyn \/ Polen &#8211; Tag 35 &#8211; km 3023\"}]},{\"@type\":\"WebSite\",\"@id\":\"https:\/\/guderley.com\/#website\",\"url\":\"https:\/\/guderley.com\/\",\"name\":\"G\u00fcnter's Blog\",\"description\":\"Fahrrad Touren rund um die Welt\",\"publisher\":{\"@id\":\"https:\/\/guderley.com\/#\/schema\/person\/24a827645a6fedd3481426a7028dfdcd\"},\"alternateName\":\"G\u00fcnter's Blog\",\"potentialAction\":[{\"@type\":\"SearchAction\",\"target\":{\"@type\":\"EntryPoint\",\"urlTemplate\":\"https:\/\/guderley.com\/?s={search_term_string}\"},\"query-input\":{\"@type\":\"PropertyValueSpecification\",\"valueRequired\":true,\"valueName\":\"search_term_string\"}}],\"inLanguage\":\"de\"},{\"@type\":[\"Person\",\"Organization\"],\"@id\":\"https:\/\/guderley.com\/#\/schema\/person\/24a827645a6fedd3481426a7028dfdcd\",\"name\":\"guenter\",\"image\":{\"@type\":\"ImageObject\",\"inLanguage\":\"de\",\"@id\":\"https:\/\/guderley.com\/#\/schema\/person\/image\/\",\"url\":\"https:\/\/i0.wp.com\/guderley.com\/wp-content\/uploads\/img_8008-scaled.jpg?fit=1920%2C2560\",\"contentUrl\":\"https:\/\/i0.wp.com\/guderley.com\/wp-content\/uploads\/img_8008-scaled.jpg?fit=1920%2C2560\",\"width\":1920,\"height\":2560,\"caption\":\"guenter\"},\"logo\":{\"@id\":\"https:\/\/guderley.com\/#\/schema\/person\/image\/\"},\"sameAs\":[\"http:\/\/guderley.com\/blog\"],\"url\":\"http:\/\/guderley.com\/?author=2\"}]}<\/script>\n<!-- \/ Yoast SEO plugin. -->","yoast_head_json":{"title":"20.8. Kwidzyn \/ Polen - Tag 35 - km 3023 - G\u00fcnter&#039;s Blog","robots":{"index":"index","follow":"follow","max-snippet":"max-snippet:-1","max-image-preview":"max-image-preview:large","max-video-preview":"max-video-preview:-1"},"canonical":"http:\/\/guderley.com\/?p=1567","og_locale":"de_DE","og_type":"article","og_title":"20.8. Kwidzyn \/ Polen - Tag 35 - km 3023 - G\u00fcnter&#039;s Blog","og_description":"Gegen acht Uhr verlasse ich diese wirklich wundersch\u00f6ne Altstadt, gerade werden auch die restlichen Buden und St\u00e4nde des Jahrmarkts abgebaut, so dass wieder Alltag einkehren kann. Nach dem sehr hei\u00dfen Wochenende stand die Wetterprognose auf Gewitter und die erste Front lie\u00df auch nicht lange auf sich warten. Ich hatte mich gerade so aus Danzig hinausgemogelt [&hellip;]","og_url":"http:\/\/guderley.com\/?p=1567","og_site_name":"G\u00fcnter&#039;s Blog","article_published_time":"2012-08-20T17:34:02+00:00","article_modified_time":"2012-08-21T04:42:53+00:00","og_image":[{"url":"http:\/\/guderley.com\/wp-content\/uploads\/2012\/08\/wpid-Photo-20.08.2012-1118.jpg","type":"","width":"","height":""}],"author":"guenter","twitter_card":"summary_large_image","twitter_misc":{"Verfasst von":"guenter","Gesch\u00e4tzte Lesezeit":"2\u00a0Minuten"},"schema":{"@context":"https:\/\/schema.org","@graph":[{"@type":"Article","@id":"http:\/\/guderley.com\/?p=1567#article","isPartOf":{"@id":"http:\/\/guderley.com\/?p=1567"},"author":{"name":"guenter","@id":"https:\/\/guderley.com\/#\/schema\/person\/24a827645a6fedd3481426a7028dfdcd"},"headline":"20.8. Kwidzyn \/ Polen &#8211; Tag 35 &#8211; km 3023","datePublished":"2012-08-20T17:34:02+00:00","dateModified":"2012-08-21T04:42:53+00:00","mainEntityOfPage":{"@id":"http:\/\/guderley.com\/?p=1567"},"wordCount":311,"commentCount":2,"publisher":{"@id":"https:\/\/guderley.com\/#\/schema\/person\/24a827645a6fedd3481426a7028dfdcd"},"image":{"@id":"http:\/\/guderley.com\/?p=1567#primaryimage"},"thumbnailUrl":"http:\/\/guderley.com\/wp-content\/uploads\/2012\/08\/wpid-Photo-20.08.2012-1118.jpg","articleSection":["2012 BALTIKUM"],"inLanguage":"de","potentialAction":[{"@type":"CommentAction","name":"Comment","target":["http:\/\/guderley.com\/?p=1567#respond"]}]},{"@type":"WebPage","@id":"http:\/\/guderley.com\/?p=1567","url":"http:\/\/guderley.com\/?p=1567","name":"20.8. Kwidzyn \/ Polen - Tag 35 - km 3023 - G\u00fcnter&#039;s Blog","isPartOf":{"@id":"https:\/\/guderley.com\/#website"},"primaryImageOfPage":{"@id":"http:\/\/guderley.com\/?p=1567#primaryimage"},"image":{"@id":"http:\/\/guderley.com\/?p=1567#primaryimage"},"thumbnailUrl":"http:\/\/guderley.com\/wp-content\/uploads\/2012\/08\/wpid-Photo-20.08.2012-1118.jpg","datePublished":"2012-08-20T17:34:02+00:00","dateModified":"2012-08-21T04:42:53+00:00","breadcrumb":{"@id":"http:\/\/guderley.com\/?p=1567#breadcrumb"},"inLanguage":"de","potentialAction":[{"@type":"ReadAction","target":["http:\/\/guderley.com\/?p=1567"]}]},{"@type":"ImageObject","inLanguage":"de","@id":"http:\/\/guderley.com\/?p=1567#primaryimage","url":"https:\/\/i0.wp.com\/guderley.com\/wp-content\/uploads\/2012\/08\/wpid-Photo-20.08.2012-1118.jpg?fit=1024%2C768","contentUrl":"https:\/\/i0.wp.com\/guderley.com\/wp-content\/uploads\/2012\/08\/wpid-Photo-20.08.2012-1118.jpg?fit=1024%2C768","width":"1024","height":"768"},{"@type":"BreadcrumbList","@id":"http:\/\/guderley.com\/?p=1567#breadcrumb","itemListElement":[{"@type":"ListItem","position":1,"name":"Startseite","item":"https:\/\/guderley.com\/"},{"@type":"ListItem","position":2,"name":"20.8. Kwidzyn \/ Polen &#8211; Tag 35 &#8211; km 3023"}]},{"@type":"WebSite","@id":"https:\/\/guderley.com\/#website","url":"https:\/\/guderley.com\/","name":"G\u00fcnter's Blog","description":"Fahrrad Touren rund um die Welt","publisher":{"@id":"https:\/\/guderley.com\/#\/schema\/person\/24a827645a6fedd3481426a7028dfdcd"},"alternateName":"G\u00fcnter's Blog","potentialAction":[{"@type":"SearchAction","target":{"@type":"EntryPoint","urlTemplate":"https:\/\/guderley.com\/?s={search_term_string}"},"query-input":{"@type":"PropertyValueSpecification","valueRequired":true,"valueName":"search_term_string"}}],"inLanguage":"de"},{"@type":["Person","Organization"],"@id":"https:\/\/guderley.com\/#\/schema\/person\/24a827645a6fedd3481426a7028dfdcd","name":"guenter","image":{"@type":"ImageObject","inLanguage":"de","@id":"https:\/\/guderley.com\/#\/schema\/person\/image\/","url":"https:\/\/i0.wp.com\/guderley.com\/wp-content\/uploads\/img_8008-scaled.jpg?fit=1920%2C2560","contentUrl":"https:\/\/i0.wp.com\/guderley.com\/wp-content\/uploads\/img_8008-scaled.jpg?fit=1920%2C2560","width":1920,"height":2560,"caption":"guenter"},"logo":{"@id":"https:\/\/guderley.com\/#\/schema\/person\/image\/"},"sameAs":["http:\/\/guderley.com\/blog"],"url":"http:\/\/guderley.com\/?author=2"}]}},"jetpack_featured_media_url":"","jetpack_sharing_enabled":true,"jetpack_shortlink":"https:\/\/wp.me\/p9IuXF-ph","jetpack_likes_enabled":true,"jetpack-related-posts":[{"id":381,"url":"http:\/\/guderley.com\/?p=381","url_meta":{"origin":1567,"position":0},"title":"PAMPLONA  km 2238","author":"guenter","date":"Juni 8, 2010","format":false,"excerpt":"In den engen Gassen von Viana war es heute morgen sehr fr\u00fch, sehr laut, so dass ich bereits um 7:30 Uhr in einer Bar gefr\u00fchst\u00fcckt hatte und dann meine Geburtstagstour antreten konnte. Aus den gedachten 75 km wurden 85 km und einige ganz giftige Steigungen, die ich so aus 2008\u2026","rel":"","context":"In &quot;2010 EUROPATOUR&quot;","block_context":{"text":"2010 EUROPATOUR","link":"http:\/\/guderley.com\/?cat=1"},"img":{"alt_text":"","src":"","width":0,"height":0},"classes":[]},{"id":2461,"url":"http:\/\/guderley.com\/?p=2461","url_meta":{"origin":1567,"position":1},"title":"2. Dez. 2014 &#8211; Di &#8211; 19. Tag","author":"guenter","date":"Dezember 4, 2014","format":false,"excerpt":"Etappe 98 El Calafate - Bushcamp 128 km - 1135 hm \/ Gesamt: 1551 kmDer gestrige Ruhetag und der Ausflug zum Gletscher haben uns auf die rund 1000 km bis zum Ziel nach Ushuaia bestens vorbereitet. Heute morgen gutes Radwetter, man sah kaum lange Hosen im Feld.Die ersten 32 km\u2026","rel":"","context":"In &quot;2014 PATAGONIEN&quot;","block_context":{"text":"2014 PATAGONIEN","link":"http:\/\/guderley.com\/?cat=26"},"img":{"alt_text":"","src":"https:\/\/i0.wp.com\/guderley.com\/wp-content\/uploads\/2014\/12\/wpid-Photo-02.12.2014-1718.jpg?resize=350%2C200","width":350,"height":200,"srcset":"https:\/\/i0.wp.com\/guderley.com\/wp-content\/uploads\/2014\/12\/wpid-Photo-02.12.2014-1718.jpg?resize=350%2C200 1x, https:\/\/i0.wp.com\/guderley.com\/wp-content\/uploads\/2014\/12\/wpid-Photo-02.12.2014-1718.jpg?resize=525%2C300 1.5x, https:\/\/i0.wp.com\/guderley.com\/wp-content\/uploads\/2014\/12\/wpid-Photo-02.12.2014-1718.jpg?resize=700%2C400 2x"},"classes":[]},{"id":1454,"url":"http:\/\/guderley.com\/?p=1454","url_meta":{"origin":1567,"position":2},"title":"9.8.  Kaltene \/ Lettland &#8211; Tag 24 &#8211; km 2002","author":"guenter","date":"August 10, 2012","format":false,"excerpt":"Im Verlaufe des Nachmittags wurde es dann zunehmend einsamer, je weiter ich mich in Richtung Kap Kolka bewegte. Bei einer kurzen Unterstellpause wurde ich von einer netten Russin mit einer warmen Tasse Tee versorgt und mit H\u00e4nden und F\u00fc\u00dfen erkl\u00e4rte sie mir, dass sie auch leidenschaftlich Rad f\u00e4hrt. Ich musste\u2026","rel":"","context":"In &quot;2012 BALTIKUM&quot;","block_context":{"text":"2012 BALTIKUM","link":"http:\/\/guderley.com\/?cat=22"},"img":{"alt_text":"","src":"https:\/\/i0.wp.com\/guderley.com\/wp-content\/uploads\/2012\/08\/wpid-Photo-09.08.2012-1509.jpg?resize=350%2C200","width":350,"height":200,"srcset":"https:\/\/i0.wp.com\/guderley.com\/wp-content\/uploads\/2012\/08\/wpid-Photo-09.08.2012-1509.jpg?resize=350%2C200 1x, https:\/\/i0.wp.com\/guderley.com\/wp-content\/uploads\/2012\/08\/wpid-Photo-09.08.2012-1509.jpg?resize=525%2C300 1.5x, https:\/\/i0.wp.com\/guderley.com\/wp-content\/uploads\/2012\/08\/wpid-Photo-09.08.2012-1509.jpg?resize=700%2C400 2x"},"classes":[]},{"id":5372,"url":"http:\/\/guderley.com\/?p=5372","url_meta":{"origin":1567,"position":3},"title":"MRT 2023 &#8211; 07.06. &#8211; Mi &#8211; Tag 27","author":"guenter","date":"Juni 7, 2023","format":false,"excerpt":"Covington TN - Memphis TN \u2014> 82 km Gesamt: 1940 km Letzter Tag auf dem Weg nach Memphis und den zwei Tagen Pause - incl. meinem Geburtstag. Wie fast jeden Tag checke ich \u00fcber Google die beste Location f\u00fcr breakfast. Heute ist es das One Way Caf\u00e9 in Covington -\u2026","rel":"","context":"In &quot;2023 MISSISSIPPI&quot;","block_context":{"text":"2023 MISSISSIPPI","link":"http:\/\/guderley.com\/?cat=34"},"img":{"alt_text":"","src":"https:\/\/i0.wp.com\/guderley.com\/wp-content\/uploads\/img_3405.jpg?resize=350%2C200","width":350,"height":200,"srcset":"https:\/\/i0.wp.com\/guderley.com\/wp-content\/uploads\/img_3405.jpg?resize=350%2C200 1x, https:\/\/i0.wp.com\/guderley.com\/wp-content\/uploads\/img_3405.jpg?resize=525%2C300 1.5x, https:\/\/i0.wp.com\/guderley.com\/wp-content\/uploads\/img_3405.jpg?resize=700%2C400 2x, https:\/\/i0.wp.com\/guderley.com\/wp-content\/uploads\/img_3405.jpg?resize=1050%2C600 3x, https:\/\/i0.wp.com\/guderley.com\/wp-content\/uploads\/img_3405.jpg?resize=1400%2C800 4x"},"classes":[]},{"id":5271,"url":"http:\/\/guderley.com\/?p=5271","url_meta":{"origin":1567,"position":4},"title":"MRT 2023 &#8211; 03.06. &#8211; Sa &#8211; Tag 23","author":"guenter","date":"Juni 3, 2023","format":false,"excerpt":"Cape Girardeau MO - Columbus Belmont State Park KY - 98 km Gesamt: 1620 km War ein super Aufenthalt bei Tom Neumeyer. Mein Fr\u00fchst\u00fcck im Diner um die Ecke darf ich nicht bezahlen - wird von einer M\u00e4nnerrunde gesponsert. Ich bin um 7:00 Uhr schon auf der Stra\u00dfe - verlasse\u2026","rel":"","context":"In &quot;2023 MISSISSIPPI&quot;","block_context":{"text":"2023 MISSISSIPPI","link":"http:\/\/guderley.com\/?cat=34"},"img":{"alt_text":"","src":"https:\/\/i0.wp.com\/guderley.com\/wp-content\/uploads\/img_3344.jpg?fit=1200%2C899&resize=350%2C200","width":350,"height":200,"srcset":"https:\/\/i0.wp.com\/guderley.com\/wp-content\/uploads\/img_3344.jpg?fit=1200%2C899&resize=350%2C200 1x, https:\/\/i0.wp.com\/guderley.com\/wp-content\/uploads\/img_3344.jpg?fit=1200%2C899&resize=525%2C300 1.5x, https:\/\/i0.wp.com\/guderley.com\/wp-content\/uploads\/img_3344.jpg?fit=1200%2C899&resize=700%2C400 2x, https:\/\/i0.wp.com\/guderley.com\/wp-content\/uploads\/img_3344.jpg?fit=1200%2C899&resize=1050%2C600 3x"},"classes":[]},{"id":877,"url":"http:\/\/guderley.com\/?p=877","url_meta":{"origin":1567,"position":5},"title":"18.08.2011  Marbach am Neckar  473 km","author":"guenter","date":"August 18, 2011","format":false,"excerpt":"Heute war es sehr hei\u00df und hinauf auf die Alb m\u00e4chtig anstrengend. Meine Beine waren im Gegensatz zu gestern aber in Ordnung. Gleich hinter Blaubeuren ging es erst sehr lang gezogen hinauf und sp\u00e4ter immer steiler werdend. Eine Passage bin ich dann gleich doppelt hinauf und hinab gefahren, weil ich\u2026","rel":"","context":"In &quot;2011 ALLG\u00c4U - NECKAR&quot;","block_context":{"text":"2011 ALLG\u00c4U - NECKAR","link":"http:\/\/guderley.com\/?cat=14"},"img":{"alt_text":"","src":"","width":0,"height":0},"classes":[]}],"_links":{"self":[{"href":"http:\/\/guderley.com\/index.php?rest_route=\/wp\/v2\/posts\/1567","targetHints":{"allow":["GET"]}}],"collection":[{"href":"http:\/\/guderley.com\/index.php?rest_route=\/wp\/v2\/posts"}],"about":[{"href":"http:\/\/guderley.com\/index.php?rest_route=\/wp\/v2\/types\/post"}],"author":[{"embeddable":true,"href":"http:\/\/guderley.com\/index.php?rest_route=\/wp\/v2\/users\/2"}],"replies":[{"embeddable":true,"href":"http:\/\/guderley.com\/index.php?rest_route=%2Fwp%2Fv2%2Fcomments&post=1567"}],"version-history":[{"count":2,"href":"http:\/\/guderley.com\/index.php?rest_route=\/wp\/v2\/posts\/1567\/revisions"}],"predecessor-version":[{"id":1577,"href":"http:\/\/guderley.com\/index.php?rest_route=\/wp\/v2\/posts\/1567\/revisions\/1577"}],"wp:attachment":[{"href":"http:\/\/guderley.com\/index.php?rest_route=%2Fwp%2Fv2%2Fmedia&parent=1567"}],"wp:term":[{"taxonomy":"category","embeddable":true,"href":"http:\/\/guderley.com\/index.php?rest_route=%2Fwp%2Fv2%2Fcategories&post=1567"},{"taxonomy":"post_tag","embeddable":true,"href":"http:\/\/guderley.com\/index.php?rest_route=%2Fwp%2Fv2%2Ftags&post=1567"}],"curies":[{"name":"wp","href":"https:\/\/api.w.org\/{rel}","templated":true}]}}