{"id":1566,"date":"2012-08-19T17:18:13","date_gmt":"2012-08-19T16:18:13","guid":{"rendered":"http:\/\/guderley.com\/?p=1566"},"modified":"2012-08-19T17:18:13","modified_gmt":"2012-08-19T16:18:13","slug":"19-8-gdansk-polen-tag-34-km-2895","status":"publish","type":"post","link":"http:\/\/guderley.com\/?p=1566","title":{"rendered":"19.8.  Gda\u0144sk \/ Polen &#8211; Tag 34 &#8211; km 2895"},"content":{"rendered":"<p>Heute war ein strahlender Hochsommertag mit deutlich \u00fcber 30 Grad. Um 8:30 Uhr bin ich mit ganz vielen anderen Leuten mit der F\u00e4hre hinaus auf die Halbinsel Hel gefahren. Das dauert knapp zwei Stunden und ist ein beliebtes Sommerziel, sowohl f\u00fcr Tagesausfl\u00fcgler, wie auch Dauerurlauber.<\/p>\n<div class=\"separator\" style=\"clear: both; text-align: center;\"><a href=\"https:\/\/i0.wp.com\/guderley.com\/wp-content\/uploads\/2012\/08\/wpid-Photo-19.08.2012-1620.jpg\" target=\"_blank\" style=\"margin-left: 1em; margin-right: 1em;\"><img data-recalc-dims=\"1\" decoding=\"async\" src=\"https:\/\/i0.wp.com\/guderley.com\/wp-content\/uploads\/2012\/08\/wpid-Photo-19.08.2012-1620.jpg?resize=500%2C375\" id=\"blogsy-1345393073037.7397\" class=\"aligncenter\" alt=\"\" width=\"500\" height=\"375\"><\/a><\/div>\n<div class=\"separator\" style=\"clear: both; text-align: center;\"><a href=\"https:\/\/i0.wp.com\/guderley.com\/wp-content\/uploads\/2012\/08\/wpid-Photo-19.08.2012-1534.jpg\" target=\"_blank\" style=\"margin-left: 1em; margin-right: 1em;\"><img data-recalc-dims=\"1\" decoding=\"async\" src=\"https:\/\/i0.wp.com\/guderley.com\/wp-content\/uploads\/2012\/08\/wpid-Photo-19.08.2012-1534.jpg?resize=500%2C375\" id=\"blogsy-1345393073093.494\" class=\"aligncenter\" alt=\"\" width=\"500\" height=\"375\"><\/a><\/div>\n<p>Entsprechend voll sind die Str\u00e4nde auf beiden Seiten der Halbinsel, die etwas 35 km lang ist. Ich bin ein bisschen mit dem Rad hin- und hergefahren und war nat\u00fcrlich auch am Strand. Ich habe mich sogar erstmals auf der Tour in die Ostsee gewagt (mit Badehose), quasi zum Abschied von der K\u00fcste.<\/p>\n<p>Morgen starte ich den &#8222;Heimkehrschwung&#8220; nach Berlin, zun\u00e4chst nach Malbork (Marienburg) und weiter Richtung Westen. Ich denke, dass ich am kommenden Wochenende die Tour in Berlin beenden werde.<\/p>\n<p>Hier noch einige Bilder aus Danzig vom Wasser aus.<\/p>\n<div class=\"separator\" style=\"clear: both; text-align: center;\"><a href=\"https:\/\/i0.wp.com\/guderley.com\/wp-content\/uploads\/2012\/08\/wpid-Photo-19.08.2012-0947.jpg\" target=\"_blank\" style=\"margin-left: 1em; margin-right: 1em;\"><img data-recalc-dims=\"1\" decoding=\"async\" src=\"https:\/\/i0.wp.com\/guderley.com\/wp-content\/uploads\/2012\/08\/wpid-Photo-19.08.2012-0947.jpg?resize=500%2C375\" id=\"blogsy-1345393073090.6643\" class=\"aligncenter\" alt=\"\" width=\"500\" height=\"375\"><\/a><\/div>\n<div class=\"separator\" style=\"clear: both; text-align: center;\"><a href=\"https:\/\/i0.wp.com\/guderley.com\/wp-content\/uploads\/2012\/08\/wpid-Photo-19.08.2012-1000.jpg\" target=\"_blank\" style=\"margin-left: 1em; margin-right: 1em;\"><img data-recalc-dims=\"1\" decoding=\"async\" src=\"https:\/\/i0.wp.com\/guderley.com\/wp-content\/uploads\/2012\/08\/wpid-Photo-19.08.2012-1000.jpg?resize=500%2C375\" id=\"blogsy-1345393073135.335\" class=\"aligncenter\" alt=\"\" width=\"500\" height=\"375\"><\/a><\/div>\n<div class=\"separator\" style=\"clear: both; text-align: center;\"><a href=\"https:\/\/i0.wp.com\/guderley.com\/wp-content\/uploads\/2012\/08\/wpid-Photo-19.08.2012-1817.jpg\" target=\"_blank\" style=\"margin-left: 1em; margin-right: 1em;\"><img data-recalc-dims=\"1\" decoding=\"async\" src=\"https:\/\/i0.wp.com\/guderley.com\/wp-content\/uploads\/2012\/08\/wpid-Photo-19.08.2012-1817.jpg?resize=500%2C375\" id=\"blogsy-1345393073061.1008\" class=\"aligncenter\" alt=\"\" width=\"500\" height=\"375\"><\/a><\/div>\n<div class=\"separator\" style=\"clear: both; text-align: center;\"><a href=\"https:\/\/i0.wp.com\/guderley.com\/wp-content\/uploads\/2012\/08\/wpid-Photo-19.08.2012-1816.jpg\" target=\"_blank\" style=\"margin-left: 1em; margin-right: 1em;\"><img data-recalc-dims=\"1\" decoding=\"async\" src=\"https:\/\/i0.wp.com\/guderley.com\/wp-content\/uploads\/2012\/08\/wpid-Photo-19.08.2012-1816.jpg?resize=500%2C375\" id=\"blogsy-1345393073089.56\" class=\"aligncenter\" alt=\"\" width=\"500\" height=\"375\"><\/a><\/div>\n<p>&nbsp;<\/p>\n<div style=\"text-align: right; font-size: small; clear: both;\" id=\"blogsy_footer\"><a href=\"http:\/\/blogsyapp.com\" target=\"_blank\"><img data-recalc-dims=\"1\" decoding=\"async\" src=\"https:\/\/i0.wp.com\/blogsyapp.com\/images\/blogsy_footer_icon.png?resize=20%2C20\" alt=\"Mit Blogsy ver\u00f6ffentlicht\" style=\"vertical-align: middle; margin-right: 5px;\" width=\"20\" height=\"20\" \/>Mit Blogsy ver\u00f6ffentlicht<\/a><\/div>\n","protected":false},"excerpt":{"rendered":"<p>Heute war ein strahlender Hochsommertag mit deutlich \u00fcber 30 Grad. Um 8:30 Uhr bin ich mit ganz vielen anderen Leuten mit der F\u00e4hre hinaus auf die Halbinsel Hel gefahren. Das dauert knapp zwei Stunden und ist ein beliebtes Sommerziel, sowohl f\u00fcr Tagesausfl\u00fcgler, wie auch Dauerurlauber. Entsprechend voll sind die Str\u00e4nde auf beiden Seiten der Halbinsel, [&hellip;]<\/p>\n","protected":false},"author":2,"featured_media":0,"comment_status":"open","ping_status":"open","sticky":false,"template":"","format":"standard","meta":{"_jetpack_newsletter_access":"","_jetpack_dont_email_post_to_subs":false,"_jetpack_newsletter_tier_id":0,"_jetpack_memberships_contains_paywalled_content":false,"_jetpack_memberships_contains_paid_content":false,"footnotes":""},"categories":[22],"tags":[],"class_list":["post-1566","post","type-post","status-publish","format-standard","hentry","category-baltikum-2012"],"yoast_head":"<!-- This site is optimized with the Yoast SEO plugin v25.8 - https:\/\/yoast.com\/wordpress\/plugins\/seo\/ -->\n<title>19.8. Gda\u0144sk \/ Polen - Tag 34 - km 2895 - G\u00fcnter&#039;s Blog<\/title>\n<meta name=\"robots\" content=\"index, follow, max-snippet:-1, max-image-preview:large, max-video-preview:-1\" \/>\n<link rel=\"canonical\" href=\"http:\/\/guderley.com\/?p=1566\" \/>\n<meta property=\"og:locale\" content=\"de_DE\" \/>\n<meta property=\"og:type\" content=\"article\" \/>\n<meta property=\"og:title\" content=\"19.8. Gda\u0144sk \/ Polen - Tag 34 - km 2895 - G\u00fcnter&#039;s Blog\" \/>\n<meta property=\"og:description\" content=\"Heute war ein strahlender Hochsommertag mit deutlich \u00fcber 30 Grad. Um 8:30 Uhr bin ich mit ganz vielen anderen Leuten mit der F\u00e4hre hinaus auf die Halbinsel Hel gefahren. Das dauert knapp zwei Stunden und ist ein beliebtes Sommerziel, sowohl f\u00fcr Tagesausfl\u00fcgler, wie auch Dauerurlauber. Entsprechend voll sind die Str\u00e4nde auf beiden Seiten der Halbinsel, [&hellip;]\" \/>\n<meta property=\"og:url\" content=\"http:\/\/guderley.com\/?p=1566\" \/>\n<meta property=\"og:site_name\" content=\"G\u00fcnter&#039;s Blog\" \/>\n<meta property=\"article:published_time\" content=\"2012-08-19T16:18:13+00:00\" \/>\n<meta property=\"og:image\" content=\"http:\/\/guderley.com\/wp-content\/uploads\/2012\/08\/wpid-Photo-19.08.2012-1620.jpg\" \/>\n<meta name=\"author\" content=\"guenter\" \/>\n<meta name=\"twitter:card\" content=\"summary_large_image\" \/>\n<meta name=\"twitter:label1\" content=\"Verfasst von\" \/>\n\t<meta name=\"twitter:data1\" content=\"guenter\" \/>\n\t<meta name=\"twitter:label2\" content=\"Gesch\u00e4tzte Lesezeit\" \/>\n\t<meta name=\"twitter:data2\" content=\"1\u00a0Minute\" \/>\n<script type=\"application\/ld+json\" class=\"yoast-schema-graph\">{\"@context\":\"https:\/\/schema.org\",\"@graph\":[{\"@type\":\"Article\",\"@id\":\"http:\/\/guderley.com\/?p=1566#article\",\"isPartOf\":{\"@id\":\"http:\/\/guderley.com\/?p=1566\"},\"author\":{\"name\":\"guenter\",\"@id\":\"https:\/\/guderley.com\/#\/schema\/person\/24a827645a6fedd3481426a7028dfdcd\"},\"headline\":\"19.8. Gda\u0144sk \/ Polen &#8211; Tag 34 &#8211; km 2895\",\"datePublished\":\"2012-08-19T16:18:13+00:00\",\"mainEntityOfPage\":{\"@id\":\"http:\/\/guderley.com\/?p=1566\"},\"wordCount\":150,\"commentCount\":3,\"publisher\":{\"@id\":\"https:\/\/guderley.com\/#\/schema\/person\/24a827645a6fedd3481426a7028dfdcd\"},\"image\":{\"@id\":\"http:\/\/guderley.com\/?p=1566#primaryimage\"},\"thumbnailUrl\":\"http:\/\/guderley.com\/wp-content\/uploads\/2012\/08\/wpid-Photo-19.08.2012-1620.jpg\",\"articleSection\":[\"2012 BALTIKUM\"],\"inLanguage\":\"de\",\"potentialAction\":[{\"@type\":\"CommentAction\",\"name\":\"Comment\",\"target\":[\"http:\/\/guderley.com\/?p=1566#respond\"]}]},{\"@type\":\"WebPage\",\"@id\":\"http:\/\/guderley.com\/?p=1566\",\"url\":\"http:\/\/guderley.com\/?p=1566\",\"name\":\"19.8. Gda\u0144sk \/ Polen - Tag 34 - km 2895 - G\u00fcnter&#039;s Blog\",\"isPartOf\":{\"@id\":\"https:\/\/guderley.com\/#website\"},\"primaryImageOfPage\":{\"@id\":\"http:\/\/guderley.com\/?p=1566#primaryimage\"},\"image\":{\"@id\":\"http:\/\/guderley.com\/?p=1566#primaryimage\"},\"thumbnailUrl\":\"http:\/\/guderley.com\/wp-content\/uploads\/2012\/08\/wpid-Photo-19.08.2012-1620.jpg\",\"datePublished\":\"2012-08-19T16:18:13+00:00\",\"breadcrumb\":{\"@id\":\"http:\/\/guderley.com\/?p=1566#breadcrumb\"},\"inLanguage\":\"de\",\"potentialAction\":[{\"@type\":\"ReadAction\",\"target\":[\"http:\/\/guderley.com\/?p=1566\"]}]},{\"@type\":\"ImageObject\",\"inLanguage\":\"de\",\"@id\":\"http:\/\/guderley.com\/?p=1566#primaryimage\",\"url\":\"https:\/\/i0.wp.com\/guderley.com\/wp-content\/uploads\/2012\/08\/wpid-Photo-19.08.2012-1620.jpg?fit=1024%2C768\",\"contentUrl\":\"https:\/\/i0.wp.com\/guderley.com\/wp-content\/uploads\/2012\/08\/wpid-Photo-19.08.2012-1620.jpg?fit=1024%2C768\",\"width\":\"1024\",\"height\":\"768\"},{\"@type\":\"BreadcrumbList\",\"@id\":\"http:\/\/guderley.com\/?p=1566#breadcrumb\",\"itemListElement\":[{\"@type\":\"ListItem\",\"position\":1,\"name\":\"Startseite\",\"item\":\"https:\/\/guderley.com\/\"},{\"@type\":\"ListItem\",\"position\":2,\"name\":\"19.8. Gda\u0144sk \/ Polen &#8211; Tag 34 &#8211; km 2895\"}]},{\"@type\":\"WebSite\",\"@id\":\"https:\/\/guderley.com\/#website\",\"url\":\"https:\/\/guderley.com\/\",\"name\":\"G\u00fcnter's Blog\",\"description\":\"Fahrrad Touren rund um die Welt\",\"publisher\":{\"@id\":\"https:\/\/guderley.com\/#\/schema\/person\/24a827645a6fedd3481426a7028dfdcd\"},\"alternateName\":\"G\u00fcnter's Blog\",\"potentialAction\":[{\"@type\":\"SearchAction\",\"target\":{\"@type\":\"EntryPoint\",\"urlTemplate\":\"https:\/\/guderley.com\/?s={search_term_string}\"},\"query-input\":{\"@type\":\"PropertyValueSpecification\",\"valueRequired\":true,\"valueName\":\"search_term_string\"}}],\"inLanguage\":\"de\"},{\"@type\":[\"Person\",\"Organization\"],\"@id\":\"https:\/\/guderley.com\/#\/schema\/person\/24a827645a6fedd3481426a7028dfdcd\",\"name\":\"guenter\",\"image\":{\"@type\":\"ImageObject\",\"inLanguage\":\"de\",\"@id\":\"https:\/\/guderley.com\/#\/schema\/person\/image\/\",\"url\":\"https:\/\/i0.wp.com\/guderley.com\/wp-content\/uploads\/img_8008-scaled.jpg?fit=1920%2C2560\",\"contentUrl\":\"https:\/\/i0.wp.com\/guderley.com\/wp-content\/uploads\/img_8008-scaled.jpg?fit=1920%2C2560\",\"width\":1920,\"height\":2560,\"caption\":\"guenter\"},\"logo\":{\"@id\":\"https:\/\/guderley.com\/#\/schema\/person\/image\/\"},\"sameAs\":[\"http:\/\/guderley.com\/blog\"],\"url\":\"http:\/\/guderley.com\/?author=2\"}]}<\/script>\n<!-- \/ Yoast SEO plugin. -->","yoast_head_json":{"title":"19.8. Gda\u0144sk \/ Polen - Tag 34 - km 2895 - G\u00fcnter&#039;s Blog","robots":{"index":"index","follow":"follow","max-snippet":"max-snippet:-1","max-image-preview":"max-image-preview:large","max-video-preview":"max-video-preview:-1"},"canonical":"http:\/\/guderley.com\/?p=1566","og_locale":"de_DE","og_type":"article","og_title":"19.8. Gda\u0144sk \/ Polen - Tag 34 - km 2895 - G\u00fcnter&#039;s Blog","og_description":"Heute war ein strahlender Hochsommertag mit deutlich \u00fcber 30 Grad. Um 8:30 Uhr bin ich mit ganz vielen anderen Leuten mit der F\u00e4hre hinaus auf die Halbinsel Hel gefahren. Das dauert knapp zwei Stunden und ist ein beliebtes Sommerziel, sowohl f\u00fcr Tagesausfl\u00fcgler, wie auch Dauerurlauber. Entsprechend voll sind die Str\u00e4nde auf beiden Seiten der Halbinsel, [&hellip;]","og_url":"http:\/\/guderley.com\/?p=1566","og_site_name":"G\u00fcnter&#039;s Blog","article_published_time":"2012-08-19T16:18:13+00:00","og_image":[{"url":"http:\/\/guderley.com\/wp-content\/uploads\/2012\/08\/wpid-Photo-19.08.2012-1620.jpg","type":"","width":"","height":""}],"author":"guenter","twitter_card":"summary_large_image","twitter_misc":{"Verfasst von":"guenter","Gesch\u00e4tzte Lesezeit":"1\u00a0Minute"},"schema":{"@context":"https:\/\/schema.org","@graph":[{"@type":"Article","@id":"http:\/\/guderley.com\/?p=1566#article","isPartOf":{"@id":"http:\/\/guderley.com\/?p=1566"},"author":{"name":"guenter","@id":"https:\/\/guderley.com\/#\/schema\/person\/24a827645a6fedd3481426a7028dfdcd"},"headline":"19.8. Gda\u0144sk \/ Polen &#8211; Tag 34 &#8211; km 2895","datePublished":"2012-08-19T16:18:13+00:00","mainEntityOfPage":{"@id":"http:\/\/guderley.com\/?p=1566"},"wordCount":150,"commentCount":3,"publisher":{"@id":"https:\/\/guderley.com\/#\/schema\/person\/24a827645a6fedd3481426a7028dfdcd"},"image":{"@id":"http:\/\/guderley.com\/?p=1566#primaryimage"},"thumbnailUrl":"http:\/\/guderley.com\/wp-content\/uploads\/2012\/08\/wpid-Photo-19.08.2012-1620.jpg","articleSection":["2012 BALTIKUM"],"inLanguage":"de","potentialAction":[{"@type":"CommentAction","name":"Comment","target":["http:\/\/guderley.com\/?p=1566#respond"]}]},{"@type":"WebPage","@id":"http:\/\/guderley.com\/?p=1566","url":"http:\/\/guderley.com\/?p=1566","name":"19.8. Gda\u0144sk \/ Polen - Tag 34 - km 2895 - G\u00fcnter&#039;s Blog","isPartOf":{"@id":"https:\/\/guderley.com\/#website"},"primaryImageOfPage":{"@id":"http:\/\/guderley.com\/?p=1566#primaryimage"},"image":{"@id":"http:\/\/guderley.com\/?p=1566#primaryimage"},"thumbnailUrl":"http:\/\/guderley.com\/wp-content\/uploads\/2012\/08\/wpid-Photo-19.08.2012-1620.jpg","datePublished":"2012-08-19T16:18:13+00:00","breadcrumb":{"@id":"http:\/\/guderley.com\/?p=1566#breadcrumb"},"inLanguage":"de","potentialAction":[{"@type":"ReadAction","target":["http:\/\/guderley.com\/?p=1566"]}]},{"@type":"ImageObject","inLanguage":"de","@id":"http:\/\/guderley.com\/?p=1566#primaryimage","url":"https:\/\/i0.wp.com\/guderley.com\/wp-content\/uploads\/2012\/08\/wpid-Photo-19.08.2012-1620.jpg?fit=1024%2C768","contentUrl":"https:\/\/i0.wp.com\/guderley.com\/wp-content\/uploads\/2012\/08\/wpid-Photo-19.08.2012-1620.jpg?fit=1024%2C768","width":"1024","height":"768"},{"@type":"BreadcrumbList","@id":"http:\/\/guderley.com\/?p=1566#breadcrumb","itemListElement":[{"@type":"ListItem","position":1,"name":"Startseite","item":"https:\/\/guderley.com\/"},{"@type":"ListItem","position":2,"name":"19.8. Gda\u0144sk \/ Polen &#8211; Tag 34 &#8211; km 2895"}]},{"@type":"WebSite","@id":"https:\/\/guderley.com\/#website","url":"https:\/\/guderley.com\/","name":"G\u00fcnter's Blog","description":"Fahrrad Touren rund um die Welt","publisher":{"@id":"https:\/\/guderley.com\/#\/schema\/person\/24a827645a6fedd3481426a7028dfdcd"},"alternateName":"G\u00fcnter's Blog","potentialAction":[{"@type":"SearchAction","target":{"@type":"EntryPoint","urlTemplate":"https:\/\/guderley.com\/?s={search_term_string}"},"query-input":{"@type":"PropertyValueSpecification","valueRequired":true,"valueName":"search_term_string"}}],"inLanguage":"de"},{"@type":["Person","Organization"],"@id":"https:\/\/guderley.com\/#\/schema\/person\/24a827645a6fedd3481426a7028dfdcd","name":"guenter","image":{"@type":"ImageObject","inLanguage":"de","@id":"https:\/\/guderley.com\/#\/schema\/person\/image\/","url":"https:\/\/i0.wp.com\/guderley.com\/wp-content\/uploads\/img_8008-scaled.jpg?fit=1920%2C2560","contentUrl":"https:\/\/i0.wp.com\/guderley.com\/wp-content\/uploads\/img_8008-scaled.jpg?fit=1920%2C2560","width":1920,"height":2560,"caption":"guenter"},"logo":{"@id":"https:\/\/guderley.com\/#\/schema\/person\/image\/"},"sameAs":["http:\/\/guderley.com\/blog"],"url":"http:\/\/guderley.com\/?author=2"}]}},"jetpack_featured_media_url":"","jetpack_sharing_enabled":true,"jetpack_shortlink":"https:\/\/wp.me\/p9IuXF-pg","jetpack_likes_enabled":true,"jetpack-related-posts":[{"id":1495,"url":"http:\/\/guderley.com\/?p=1495","url_meta":{"origin":1566,"position":0},"title":"12.8.  \u0160ventoji \/ Litauen &#8211; Tag 27 &#8211; km 2343","author":"guenter","date":"August 12, 2012","format":false,"excerpt":"Es war ein wunderbar sonniger Nachmittag, nicht allzu hei\u00df, perfekt zum Radfahren. Aus Liep\u0101ja hinaus f\u00fchrte mich wieder ein perfekter Radweg entlang des Strandes.Aber irgendwann war Schlu\u00df mit lustig und es ging auf der A 11 stramm nach S\u00fcden in Richtung Litauen. Zwischendurch noch ein kleiner Abstecher nach Bern\u0101ti, dem\u2026","rel":"","context":"In &quot;2012 BALTIKUM&quot;","block_context":{"text":"2012 BALTIKUM","link":"http:\/\/guderley.com\/?cat=22"},"img":{"alt_text":"","src":"https:\/\/i0.wp.com\/guderley.com\/wp-content\/uploads\/2012\/08\/wpid-Photo-12.08.2012-2101.jpg?resize=350%2C200","width":350,"height":200,"srcset":"https:\/\/i0.wp.com\/guderley.com\/wp-content\/uploads\/2012\/08\/wpid-Photo-12.08.2012-2101.jpg?resize=350%2C200 1x, https:\/\/i0.wp.com\/guderley.com\/wp-content\/uploads\/2012\/08\/wpid-Photo-12.08.2012-2101.jpg?resize=525%2C300 1.5x, https:\/\/i0.wp.com\/guderley.com\/wp-content\/uploads\/2012\/08\/wpid-Photo-12.08.2012-2101.jpg?resize=700%2C400 2x"},"classes":[]},{"id":2879,"url":"http:\/\/guderley.com\/?p=2879","url_meta":{"origin":1566,"position":1},"title":"Tag 30 &#8211; Fr 26.6.2015 &#8211; 113 km Amboise \/ Gesamt:  3216 km","author":"guenter","date":"Juni 27, 2015","format":false,"excerpt":"Saumur am Freitagmorgen und wieder ein pr\u00e4chtiger Sommertag, der am Nachmittag richtig hei\u00df werden sollte. Ein paar Besorgungen und ein Fr\u00fchst\u00fcck in einem der zahlreichen Caf\u00e9s, wo gerade die ersten G\u00e4ste eintrudeln.Die Landschaft entlang der Loire hat viel \u00c4hnlichkeit mit unseren Flu\u00dflandschaften, hier im D\u00e9partement Indre-et-Loire dominiert der Wein, wobei\u2026","rel":"","context":"In &quot;2015 BENELUX - FRANKREICH&quot;","block_context":{"text":"2015 BENELUX - FRANKREICH","link":"http:\/\/guderley.com\/?cat=27"},"img":{"alt_text":"","src":"https:\/\/i0.wp.com\/guderley.com\/wp-content\/uploads\/2015\/06\/wpid-Photo-26.06.2015-11411.jpg?resize=350%2C200","width":350,"height":200,"srcset":"https:\/\/i0.wp.com\/guderley.com\/wp-content\/uploads\/2015\/06\/wpid-Photo-26.06.2015-11411.jpg?resize=350%2C200 1x, https:\/\/i0.wp.com\/guderley.com\/wp-content\/uploads\/2015\/06\/wpid-Photo-26.06.2015-11411.jpg?resize=525%2C300 1.5x, https:\/\/i0.wp.com\/guderley.com\/wp-content\/uploads\/2015\/06\/wpid-Photo-26.06.2015-11411.jpg?resize=700%2C400 2x"},"classes":[]},{"id":2823,"url":"http:\/\/guderley.com\/?p=2823","url_meta":{"origin":1566,"position":2},"title":"23. Tag &#8211; Fr 19. Juni 2015 &#8211; 122 km Jollouville","author":"guenter","date":"Juni 19, 2015","format":false,"excerpt":"Mit Meeresrauschen eingeschlafen und auch wieder aufgewacht. Wieder ein wunderbarer Sonnentag mit frischem Wind und guter Fernsicht.Nach einem typisch franz\u00f6sischen Fr\u00fchst\u00fcck sa\u00df ich gegen 9 Uhr auf dem Rad und bef\u00fcrchtete das Schlimmste, nach einer Stunde hatte ich schon \u00fcber 300 H\u00f6henmeter im stetigen Auf- und Ab.Aber es kam anders\u2026","rel":"","context":"In &quot;2015 BENELUX - FRANKREICH&quot;","block_context":{"text":"2015 BENELUX - FRANKREICH","link":"http:\/\/guderley.com\/?cat=27"},"img":{"alt_text":"","src":"https:\/\/i0.wp.com\/guderley.com\/wp-content\/uploads\/2015\/06\/wpid-Photo-19.06.2015-1328.jpg?resize=350%2C200","width":350,"height":200,"srcset":"https:\/\/i0.wp.com\/guderley.com\/wp-content\/uploads\/2015\/06\/wpid-Photo-19.06.2015-1328.jpg?resize=350%2C200 1x, https:\/\/i0.wp.com\/guderley.com\/wp-content\/uploads\/2015\/06\/wpid-Photo-19.06.2015-1328.jpg?resize=525%2C300 1.5x, https:\/\/i0.wp.com\/guderley.com\/wp-content\/uploads\/2015\/06\/wpid-Photo-19.06.2015-1328.jpg?resize=700%2C400 2x"},"classes":[]},{"id":1828,"url":"http:\/\/guderley.com\/?p=1828","url_meta":{"origin":1566,"position":3},"title":"J\u00e4ttendal  &#8211;  Tag 17  &#8211;  Mittwoch, 29. Mai","author":"guenter","date":"Mai 29, 2013","format":false,"excerpt":"119 km \/ 896 hm \/ 7:36 h - Gesamt 1843 km \/ 9905 hm \/ 111:32 Ein vollkommen trockenes Zelt einzupacken zeugt von sehr guten Wetterbedingungen. Tats\u00e4chlich strahlt die Sonne vom Himmel, bei herrlich frischer Luft. Und das Beste ist, im Moment sieht es nach dauerhaft sch\u00f6nem Wetter aus.\u2026","rel":"","context":"In &quot;2013 NORDKAPP&quot;","block_context":{"text":"2013 NORDKAPP","link":"http:\/\/guderley.com\/?cat=23"},"img":{"alt_text":"","src":"https:\/\/i0.wp.com\/guderley.com\/wp-content\/uploads\/2013\/05\/wpid-Photo-29.05.2013-20231.jpg?resize=350%2C200","width":350,"height":200,"srcset":"https:\/\/i0.wp.com\/guderley.com\/wp-content\/uploads\/2013\/05\/wpid-Photo-29.05.2013-20231.jpg?resize=350%2C200 1x, https:\/\/i0.wp.com\/guderley.com\/wp-content\/uploads\/2013\/05\/wpid-Photo-29.05.2013-20231.jpg?resize=525%2C300 1.5x, https:\/\/i0.wp.com\/guderley.com\/wp-content\/uploads\/2013\/05\/wpid-Photo-29.05.2013-20231.jpg?resize=700%2C400 2x"},"classes":[]},{"id":1285,"url":"http:\/\/guderley.com\/?p=1285","url_meta":{"origin":1566,"position":4},"title":"21.07.  Rakvere \/ Estland &#8211; 5. Tag &#8211; 296 km","author":"guenter","date":"Juli 21, 2012","format":false,"excerpt":"Die Nacht m Zelt war okay, allerdings bereits um 4:30 Uhr zu Ende, da wurde es hell. Um 5:00 Uhr begann ich einzupacken, das nasse \u00dcberdach und den nassen Zeltboden nat\u00fcrlich auch. Zwei Kekse und einige Schl\u00fccke Wasser, mehr war nicht drin. Abfahrt gegen 5:45 Uhr, Ziel war jetzt Loksa\u2026","rel":"","context":"In &quot;2012 BALTIKUM&quot;","block_context":{"text":"2012 BALTIKUM","link":"http:\/\/guderley.com\/?cat=22"},"img":{"alt_text":"","src":"https:\/\/i0.wp.com\/guderley.com\/wp-content\/uploads\/2012\/07\/wpid-Photo-21.07.2012-2021.jpg?resize=350%2C200","width":350,"height":200,"srcset":"https:\/\/i0.wp.com\/guderley.com\/wp-content\/uploads\/2012\/07\/wpid-Photo-21.07.2012-2021.jpg?resize=350%2C200 1x, https:\/\/i0.wp.com\/guderley.com\/wp-content\/uploads\/2012\/07\/wpid-Photo-21.07.2012-2021.jpg?resize=525%2C300 1.5x, https:\/\/i0.wp.com\/guderley.com\/wp-content\/uploads\/2012\/07\/wpid-Photo-21.07.2012-2021.jpg?resize=700%2C400 2x"},"classes":[]},{"id":3442,"url":"http:\/\/guderley.com\/?p=3442","url_meta":{"origin":1566,"position":5},"title":"Tag 31 &#8211; So 10.06.2018 &#8211; Prince Rupert (B.C.)\/ 0 km \/ Gesamt: 1962 km","author":"guenter","date":"Juni 11, 2018","format":false,"excerpt":"Um 11:30 Uhr startet meine Tour zu den Grizzlies. Die \"Inside Passage\" ist ein schickes Boot f\u00fcr rund 100 Personen und etwa zu 2\/3 besetzt. Es ist ein perfekter Tag, das Wetter ist ausgezeichnet. P.R. ist einer der regenreichsten Pl\u00e4tze in Kanada, aber heute bleibt es trocken. Wir fahren rund\u2026","rel":"","context":"In &quot;2018 ALASKA&quot;","block_context":{"text":"2018 ALASKA","link":"http:\/\/guderley.com\/?cat=28"},"img":{"alt_text":"","src":"https:\/\/i0.wp.com\/guderley.com\/wp-content\/uploads\/PHOTO-2018-06-11-05-57-30.jpg?resize=350%2C200","width":350,"height":200,"srcset":"https:\/\/i0.wp.com\/guderley.com\/wp-content\/uploads\/PHOTO-2018-06-11-05-57-30.jpg?resize=350%2C200 1x, https:\/\/i0.wp.com\/guderley.com\/wp-content\/uploads\/PHOTO-2018-06-11-05-57-30.jpg?resize=525%2C300 1.5x, https:\/\/i0.wp.com\/guderley.com\/wp-content\/uploads\/PHOTO-2018-06-11-05-57-30.jpg?resize=700%2C400 2x"},"classes":[]}],"_links":{"self":[{"href":"http:\/\/guderley.com\/index.php?rest_route=\/wp\/v2\/posts\/1566","targetHints":{"allow":["GET"]}}],"collection":[{"href":"http:\/\/guderley.com\/index.php?rest_route=\/wp\/v2\/posts"}],"about":[{"href":"http:\/\/guderley.com\/index.php?rest_route=\/wp\/v2\/types\/post"}],"author":[{"embeddable":true,"href":"http:\/\/guderley.com\/index.php?rest_route=\/wp\/v2\/users\/2"}],"replies":[{"embeddable":true,"href":"http:\/\/guderley.com\/index.php?rest_route=%2Fwp%2Fv2%2Fcomments&post=1566"}],"version-history":[{"count":0,"href":"http:\/\/guderley.com\/index.php?rest_route=\/wp\/v2\/posts\/1566\/revisions"}],"wp:attachment":[{"href":"http:\/\/guderley.com\/index.php?rest_route=%2Fwp%2Fv2%2Fmedia&parent=1566"}],"wp:term":[{"taxonomy":"category","embeddable":true,"href":"http:\/\/guderley.com\/index.php?rest_route=%2Fwp%2Fv2%2Fcategories&post=1566"},{"taxonomy":"post_tag","embeddable":true,"href":"http:\/\/guderley.com\/index.php?rest_route=%2Fwp%2Fv2%2Ftags&post=1566"}],"curies":[{"name":"wp","href":"https:\/\/api.w.org\/{rel}","templated":true}]}}