{"id":1544,"date":"2012-08-17T18:16:11","date_gmt":"2012-08-17T17:16:11","guid":{"rendered":"http:\/\/guderley.com\/?p=1544"},"modified":"2012-08-18T11:39:59","modified_gmt":"2012-08-18T10:39:59","slug":"18-8-gdansk-polen-tag-32-km-2828","status":"publish","type":"post","link":"http:\/\/guderley.com\/?p=1544","title":{"rendered":"17.8.  Gda\u0144sk \/ Polen &#8211; Tag 32 &#8211; km 2828"},"content":{"rendered":"<p>Die \u00dcbernachtung in Tolkmicko war bestens. Beim Aufwachen drohten dunkle Wolken, so dass ich mich mit dem Abbauen und Einpacken des Zeltes beeilte. Ging aber dann doch vorbei.<\/p>\n<p>Im Dorf fragte ich in einem kleinen Lebensmittelladen nach Kaffee, da wollte mir die gute Frau ein Pfund Kaffee verkaufen. Wie es der Zufall wollte sprach der Inhaber des Ladens exzellent Deutsch, ein etwa 30j\u00e4hriger Mann, der einige Jahre auf dem Bau mit deutschen Kollegen in Italien gearbeitet hat und so haben sich seine guten Sprachkenntnisse ergeben. Ich bekam einen Kaffee gekocht, es gab leckere Krapfen und wir sa\u00dfen fast eine Stunde vor dem Laden und sprachen \u00fcber ganz viele Dinge.<\/p>\n<div class=\"separator\" style=\"clear: both; text-align: center;\"><a href=\"https:\/\/i0.wp.com\/guderley.com\/wp-content\/uploads\/2012\/08\/wpid-Photo-17.08.2012-1216.jpg\" target=\"_blank\" style=\"margin-left: 1em; margin-right: 1em;\"><img data-recalc-dims=\"1\" decoding=\"async\" src=\"https:\/\/i0.wp.com\/guderley.com\/wp-content\/uploads\/2012\/08\/wpid-Photo-17.08.2012-1216.jpg?resize=500%2C375\" id=\"blogsy-1345286378825.5098\" class=\"aligncenter\" alt=\"\" width=\"500\" height=\"375\"><\/a><\/div>\n<p>Auf der Weiterfahrt wurde ich kurzzeitig etwas nass. Ein deutlich gr\u00f6\u00dferes \u00dcbel war allerdings der eingestellte F\u00e4hrbetrieb an der Nogat, was mir rund 20 km an &#8222;Zugewinn&#8220; einbrachte. Was sind schon 20 km gemessen an der Gesamtheit, trotzdem m\u00fcssen sie halt auch gefahren werden.<\/p>\n<div class=\"separator\" style=\"clear: both; text-align: center;\"><a href=\"https:\/\/i0.wp.com\/guderley.com\/wp-content\/uploads\/2012\/08\/wpid-Photo-17.08.2012-1400.jpg\" target=\"_blank\" style=\"margin-left: 1em; margin-right: 1em;\"><img data-recalc-dims=\"1\" decoding=\"async\" src=\"https:\/\/i0.wp.com\/guderley.com\/wp-content\/uploads\/2012\/08\/wpid-Photo-17.08.2012-1400.jpg?resize=500%2C375\" id=\"blogsy-1345286378830.0676\" class=\"aligncenter\" alt=\"\" width=\"500\" height=\"375\"><\/a><\/div>\n<p>Durch eine wenig befahrene und d\u00fcnn besiedelte Agrarlandschaft bin ich dann wieder an die K\u00fcste gekommen, eine interessante \u00dcberfahrt \u00fcber die Weichsel mit der F\u00e4hre und sp\u00e4ter \u00fcber eine Pontonbr\u00fccke \u00fcber die &#8222;Tote Weichel&#8220;. Gegen 17 Uhr war ich in Danzig. Das Wetter hatte sich ab Mittag zu einem wolkenlosen blauen Himmel entwickelt und so habe ich mir zuallererst ein Bier an der Mottlau geg\u00f6nnt.<\/p>\n<div class=\"separator\" style=\"clear: both; text-align: center;\"><a href=\"https:\/\/i0.wp.com\/guderley.com\/wp-content\/uploads\/2012\/08\/wpid-Photo-17.08.2012-1611.jpg\" target=\"_blank\" style=\"margin-left: 1em; margin-right: 1em;\"><img data-recalc-dims=\"1\" decoding=\"async\" src=\"https:\/\/i0.wp.com\/guderley.com\/wp-content\/uploads\/2012\/08\/wpid-Photo-17.08.2012-1611.jpg?resize=500%2C375\" id=\"blogsy-1345286378832.8726\" class=\"aligncenter\" alt=\"\" width=\"500\" height=\"375\"><\/a><\/div>\n<div class=\"separator\" style=\"clear: both; text-align: center;\"><a href=\"https:\/\/i0.wp.com\/guderley.com\/wp-content\/uploads\/2012\/08\/wpid-Photo-17.08.2012-16111.jpg\" target=\"_blank\" style=\"margin-left: 1em; margin-right: 1em;\"><img data-recalc-dims=\"1\" decoding=\"async\" src=\"https:\/\/i0.wp.com\/guderley.com\/wp-content\/uploads\/2012\/08\/wpid-Photo-17.08.2012-16111.jpg?resize=500%2C375\" id=\"blogsy-1345286378909.786\" class=\"aligncenter\" alt=\"\" width=\"500\" height=\"375\"><\/a><\/div>\n<div class=\"separator\" style=\"clear: both; text-align: center;\"><a href=\"https:\/\/i0.wp.com\/guderley.com\/wp-content\/uploads\/2012\/08\/wpid-Photo-17.08.2012-1701.jpg\" target=\"_blank\" style=\"margin-left: 1em; margin-right: 1em;\"><img data-recalc-dims=\"1\" decoding=\"async\" src=\"https:\/\/i0.wp.com\/guderley.com\/wp-content\/uploads\/2012\/08\/wpid-Photo-17.08.2012-1701.jpg?resize=500%2C375\" id=\"blogsy-1345286378908.9023\" class=\"aligncenter\" alt=\"\" width=\"500\" height=\"375\"><\/a><\/div>\n<p>&nbsp;<\/p>\n<p>Das erste Hotel, das ich angefahren habe war leider ausgebucht, aber die Dame an der Rezeption lie\u00df mich in das WiFi des Hotels einw\u00e4hlen und so konnte ich mir in aller Ruhe eine Bleibe suchen und buchen.<\/p>\n<div style=\"width: 510px\" class=\"wp-caption aligncenter\"><a href=\"https:\/\/i0.wp.com\/guderley.com\/wp-content\/uploads\/2012\/08\/wpid-Photo-17.08.2012-2005.jpg\" target=\"_blank\" style=\" \"><img data-recalc-dims=\"1\" decoding=\"async\" src=\"https:\/\/i0.wp.com\/guderley.com\/wp-content\/uploads\/2012\/08\/wpid-Photo-17.08.2012-2005.jpg?resize=500%2C375\" id=\"blogsy-1345286378896.5708\" class=\"aligncenter\" alt=\"\" width=\"500\" height=\"375\"><\/a><p class=\"wp-caption-text\">Blick vom Hotelzimmer<\/p><\/div>\n<p>Ich habe ein sehr nettes Hotel gefunden, in der zweiten Reihe am Flu\u00df gelegen, sehr ruhig und serviceorientierte Mitarbeiter (wie wohltuend nach den Kaliningrader Episoden).<\/p>\n<p>Ich werde Samstag und Sonntag hierbleiben, mir die Stadt in Ruhe ansehen (als leidenschaftlicher G\u00fcnter Grass-Leser), da gibt es Orte die mich interessieren und den Sonntag vielleicht ein bisschen am Strand verbringen und auch hinaus nach Sopot und Gdynia fahren.<\/p>\n<p>&nbsp;<\/p>\n<div style=\"text-align: right; font-size: small; clear: both;\" id=\"blogsy_footer\"><a href=\"http:\/\/blogsyapp.com\" target=\"_blank\"><img data-recalc-dims=\"1\" decoding=\"async\" src=\"https:\/\/i0.wp.com\/blogsyapp.com\/images\/blogsy_footer_icon.png?resize=20%2C20\" alt=\"Mit Blogsy ver\u00f6ffentlicht\" style=\"vertical-align: middle; margin-right: 5px;\" width=\"20\" height=\"20\" \/>Mit Blogsy ver\u00f6ffentlicht<\/a><\/div>\n","protected":false},"excerpt":{"rendered":"<p>Die \u00dcbernachtung in Tolkmicko war bestens. Beim Aufwachen drohten dunkle Wolken, so dass ich mich mit dem Abbauen und Einpacken des Zeltes beeilte. Ging aber dann doch vorbei. Im Dorf fragte ich in einem kleinen Lebensmittelladen nach Kaffee, da wollte mir die gute Frau ein Pfund Kaffee verkaufen. Wie es der Zufall wollte sprach der [&hellip;]<\/p>\n","protected":false},"author":2,"featured_media":0,"comment_status":"open","ping_status":"open","sticky":false,"template":"","format":"standard","meta":{"_jetpack_newsletter_access":"","_jetpack_dont_email_post_to_subs":false,"_jetpack_newsletter_tier_id":0,"_jetpack_memberships_contains_paywalled_content":false,"_jetpack_memberships_contains_paid_content":false,"footnotes":""},"categories":[22],"tags":[],"class_list":["post-1544","post","type-post","status-publish","format-standard","hentry","category-baltikum-2012"],"yoast_head":"<!-- This site is optimized with the Yoast SEO plugin v25.8 - https:\/\/yoast.com\/wordpress\/plugins\/seo\/ -->\n<title>17.8. Gda\u0144sk \/ Polen - Tag 32 - km 2828 - G\u00fcnter&#039;s Blog<\/title>\n<meta name=\"robots\" content=\"index, follow, max-snippet:-1, max-image-preview:large, max-video-preview:-1\" \/>\n<link rel=\"canonical\" href=\"https:\/\/guderley.com\/?p=1544\" \/>\n<meta property=\"og:locale\" content=\"de_DE\" \/>\n<meta property=\"og:type\" content=\"article\" \/>\n<meta property=\"og:title\" content=\"17.8. Gda\u0144sk \/ Polen - Tag 32 - km 2828 - G\u00fcnter&#039;s Blog\" \/>\n<meta property=\"og:description\" content=\"Die \u00dcbernachtung in Tolkmicko war bestens. Beim Aufwachen drohten dunkle Wolken, so dass ich mich mit dem Abbauen und Einpacken des Zeltes beeilte. Ging aber dann doch vorbei. Im Dorf fragte ich in einem kleinen Lebensmittelladen nach Kaffee, da wollte mir die gute Frau ein Pfund Kaffee verkaufen. Wie es der Zufall wollte sprach der [&hellip;]\" \/>\n<meta property=\"og:url\" content=\"https:\/\/guderley.com\/?p=1544\" \/>\n<meta property=\"og:site_name\" content=\"G\u00fcnter&#039;s Blog\" \/>\n<meta property=\"article:published_time\" content=\"2012-08-17T17:16:11+00:00\" \/>\n<meta property=\"article:modified_time\" content=\"2012-08-18T10:39:59+00:00\" \/>\n<meta property=\"og:image\" content=\"http:\/\/guderley.com\/wp-content\/uploads\/2012\/08\/wpid-Photo-17.08.2012-1216.jpg\" \/>\n<meta name=\"author\" content=\"guenter\" \/>\n<meta name=\"twitter:card\" content=\"summary_large_image\" \/>\n<meta name=\"twitter:label1\" content=\"Verfasst von\" \/>\n\t<meta name=\"twitter:data1\" content=\"guenter\" \/>\n\t<meta name=\"twitter:label2\" content=\"Gesch\u00e4tzte Lesezeit\" \/>\n\t<meta name=\"twitter:data2\" content=\"2\u00a0Minuten\" \/>\n<script type=\"application\/ld+json\" class=\"yoast-schema-graph\">{\"@context\":\"https:\/\/schema.org\",\"@graph\":[{\"@type\":\"Article\",\"@id\":\"https:\/\/guderley.com\/?p=1544#article\",\"isPartOf\":{\"@id\":\"https:\/\/guderley.com\/?p=1544\"},\"author\":{\"name\":\"guenter\",\"@id\":\"https:\/\/guderley.com\/#\/schema\/person\/24a827645a6fedd3481426a7028dfdcd\"},\"headline\":\"17.8. Gda\u0144sk \/ Polen &#8211; Tag 32 &#8211; km 2828\",\"datePublished\":\"2012-08-17T17:16:11+00:00\",\"dateModified\":\"2012-08-18T10:39:59+00:00\",\"mainEntityOfPage\":{\"@id\":\"https:\/\/guderley.com\/?p=1544\"},\"wordCount\":353,\"commentCount\":5,\"publisher\":{\"@id\":\"https:\/\/guderley.com\/#\/schema\/person\/24a827645a6fedd3481426a7028dfdcd\"},\"image\":{\"@id\":\"https:\/\/guderley.com\/?p=1544#primaryimage\"},\"thumbnailUrl\":\"http:\/\/guderley.com\/wp-content\/uploads\/2012\/08\/wpid-Photo-17.08.2012-1216.jpg\",\"articleSection\":[\"2012 BALTIKUM\"],\"inLanguage\":\"de\",\"potentialAction\":[{\"@type\":\"CommentAction\",\"name\":\"Comment\",\"target\":[\"https:\/\/guderley.com\/?p=1544#respond\"]}]},{\"@type\":\"WebPage\",\"@id\":\"https:\/\/guderley.com\/?p=1544\",\"url\":\"https:\/\/guderley.com\/?p=1544\",\"name\":\"17.8. Gda\u0144sk \/ Polen - Tag 32 - km 2828 - G\u00fcnter&#039;s Blog\",\"isPartOf\":{\"@id\":\"https:\/\/guderley.com\/#website\"},\"primaryImageOfPage\":{\"@id\":\"https:\/\/guderley.com\/?p=1544#primaryimage\"},\"image\":{\"@id\":\"https:\/\/guderley.com\/?p=1544#primaryimage\"},\"thumbnailUrl\":\"http:\/\/guderley.com\/wp-content\/uploads\/2012\/08\/wpid-Photo-17.08.2012-1216.jpg\",\"datePublished\":\"2012-08-17T17:16:11+00:00\",\"dateModified\":\"2012-08-18T10:39:59+00:00\",\"breadcrumb\":{\"@id\":\"https:\/\/guderley.com\/?p=1544#breadcrumb\"},\"inLanguage\":\"de\",\"potentialAction\":[{\"@type\":\"ReadAction\",\"target\":[\"https:\/\/guderley.com\/?p=1544\"]}]},{\"@type\":\"ImageObject\",\"inLanguage\":\"de\",\"@id\":\"https:\/\/guderley.com\/?p=1544#primaryimage\",\"url\":\"https:\/\/i0.wp.com\/guderley.com\/wp-content\/uploads\/2012\/08\/wpid-Photo-17.08.2012-1216.jpg?fit=1024%2C768\",\"contentUrl\":\"https:\/\/i0.wp.com\/guderley.com\/wp-content\/uploads\/2012\/08\/wpid-Photo-17.08.2012-1216.jpg?fit=1024%2C768\",\"width\":\"1024\",\"height\":\"768\"},{\"@type\":\"BreadcrumbList\",\"@id\":\"https:\/\/guderley.com\/?p=1544#breadcrumb\",\"itemListElement\":[{\"@type\":\"ListItem\",\"position\":1,\"name\":\"Startseite\",\"item\":\"https:\/\/guderley.com\/\"},{\"@type\":\"ListItem\",\"position\":2,\"name\":\"17.8. Gda\u0144sk \/ Polen &#8211; Tag 32 &#8211; km 2828\"}]},{\"@type\":\"WebSite\",\"@id\":\"https:\/\/guderley.com\/#website\",\"url\":\"https:\/\/guderley.com\/\",\"name\":\"G\u00fcnter's Blog\",\"description\":\"Fahrrad Touren rund um die Welt\",\"publisher\":{\"@id\":\"https:\/\/guderley.com\/#\/schema\/person\/24a827645a6fedd3481426a7028dfdcd\"},\"alternateName\":\"G\u00fcnter's Blog\",\"potentialAction\":[{\"@type\":\"SearchAction\",\"target\":{\"@type\":\"EntryPoint\",\"urlTemplate\":\"https:\/\/guderley.com\/?s={search_term_string}\"},\"query-input\":{\"@type\":\"PropertyValueSpecification\",\"valueRequired\":true,\"valueName\":\"search_term_string\"}}],\"inLanguage\":\"de\"},{\"@type\":[\"Person\",\"Organization\"],\"@id\":\"https:\/\/guderley.com\/#\/schema\/person\/24a827645a6fedd3481426a7028dfdcd\",\"name\":\"guenter\",\"image\":{\"@type\":\"ImageObject\",\"inLanguage\":\"de\",\"@id\":\"https:\/\/guderley.com\/#\/schema\/person\/image\/\",\"url\":\"https:\/\/i0.wp.com\/guderley.com\/wp-content\/uploads\/img_8008-scaled.jpg?fit=1920%2C2560\",\"contentUrl\":\"https:\/\/i0.wp.com\/guderley.com\/wp-content\/uploads\/img_8008-scaled.jpg?fit=1920%2C2560\",\"width\":1920,\"height\":2560,\"caption\":\"guenter\"},\"logo\":{\"@id\":\"https:\/\/guderley.com\/#\/schema\/person\/image\/\"},\"sameAs\":[\"http:\/\/guderley.com\/blog\"],\"url\":\"http:\/\/guderley.com\/?author=2\"}]}<\/script>\n<!-- \/ Yoast SEO plugin. -->","yoast_head_json":{"title":"17.8. Gda\u0144sk \/ Polen - Tag 32 - km 2828 - G\u00fcnter&#039;s Blog","robots":{"index":"index","follow":"follow","max-snippet":"max-snippet:-1","max-image-preview":"max-image-preview:large","max-video-preview":"max-video-preview:-1"},"canonical":"https:\/\/guderley.com\/?p=1544","og_locale":"de_DE","og_type":"article","og_title":"17.8. Gda\u0144sk \/ Polen - Tag 32 - km 2828 - G\u00fcnter&#039;s Blog","og_description":"Die \u00dcbernachtung in Tolkmicko war bestens. Beim Aufwachen drohten dunkle Wolken, so dass ich mich mit dem Abbauen und Einpacken des Zeltes beeilte. Ging aber dann doch vorbei. Im Dorf fragte ich in einem kleinen Lebensmittelladen nach Kaffee, da wollte mir die gute Frau ein Pfund Kaffee verkaufen. Wie es der Zufall wollte sprach der [&hellip;]","og_url":"https:\/\/guderley.com\/?p=1544","og_site_name":"G\u00fcnter&#039;s Blog","article_published_time":"2012-08-17T17:16:11+00:00","article_modified_time":"2012-08-18T10:39:59+00:00","og_image":[{"url":"http:\/\/guderley.com\/wp-content\/uploads\/2012\/08\/wpid-Photo-17.08.2012-1216.jpg","type":"","width":"","height":""}],"author":"guenter","twitter_card":"summary_large_image","twitter_misc":{"Verfasst von":"guenter","Gesch\u00e4tzte Lesezeit":"2\u00a0Minuten"},"schema":{"@context":"https:\/\/schema.org","@graph":[{"@type":"Article","@id":"https:\/\/guderley.com\/?p=1544#article","isPartOf":{"@id":"https:\/\/guderley.com\/?p=1544"},"author":{"name":"guenter","@id":"https:\/\/guderley.com\/#\/schema\/person\/24a827645a6fedd3481426a7028dfdcd"},"headline":"17.8. Gda\u0144sk \/ Polen &#8211; Tag 32 &#8211; km 2828","datePublished":"2012-08-17T17:16:11+00:00","dateModified":"2012-08-18T10:39:59+00:00","mainEntityOfPage":{"@id":"https:\/\/guderley.com\/?p=1544"},"wordCount":353,"commentCount":5,"publisher":{"@id":"https:\/\/guderley.com\/#\/schema\/person\/24a827645a6fedd3481426a7028dfdcd"},"image":{"@id":"https:\/\/guderley.com\/?p=1544#primaryimage"},"thumbnailUrl":"http:\/\/guderley.com\/wp-content\/uploads\/2012\/08\/wpid-Photo-17.08.2012-1216.jpg","articleSection":["2012 BALTIKUM"],"inLanguage":"de","potentialAction":[{"@type":"CommentAction","name":"Comment","target":["https:\/\/guderley.com\/?p=1544#respond"]}]},{"@type":"WebPage","@id":"https:\/\/guderley.com\/?p=1544","url":"https:\/\/guderley.com\/?p=1544","name":"17.8. Gda\u0144sk \/ Polen - Tag 32 - km 2828 - G\u00fcnter&#039;s Blog","isPartOf":{"@id":"https:\/\/guderley.com\/#website"},"primaryImageOfPage":{"@id":"https:\/\/guderley.com\/?p=1544#primaryimage"},"image":{"@id":"https:\/\/guderley.com\/?p=1544#primaryimage"},"thumbnailUrl":"http:\/\/guderley.com\/wp-content\/uploads\/2012\/08\/wpid-Photo-17.08.2012-1216.jpg","datePublished":"2012-08-17T17:16:11+00:00","dateModified":"2012-08-18T10:39:59+00:00","breadcrumb":{"@id":"https:\/\/guderley.com\/?p=1544#breadcrumb"},"inLanguage":"de","potentialAction":[{"@type":"ReadAction","target":["https:\/\/guderley.com\/?p=1544"]}]},{"@type":"ImageObject","inLanguage":"de","@id":"https:\/\/guderley.com\/?p=1544#primaryimage","url":"https:\/\/i0.wp.com\/guderley.com\/wp-content\/uploads\/2012\/08\/wpid-Photo-17.08.2012-1216.jpg?fit=1024%2C768","contentUrl":"https:\/\/i0.wp.com\/guderley.com\/wp-content\/uploads\/2012\/08\/wpid-Photo-17.08.2012-1216.jpg?fit=1024%2C768","width":"1024","height":"768"},{"@type":"BreadcrumbList","@id":"https:\/\/guderley.com\/?p=1544#breadcrumb","itemListElement":[{"@type":"ListItem","position":1,"name":"Startseite","item":"https:\/\/guderley.com\/"},{"@type":"ListItem","position":2,"name":"17.8. Gda\u0144sk \/ Polen &#8211; Tag 32 &#8211; km 2828"}]},{"@type":"WebSite","@id":"https:\/\/guderley.com\/#website","url":"https:\/\/guderley.com\/","name":"G\u00fcnter's Blog","description":"Fahrrad Touren rund um die Welt","publisher":{"@id":"https:\/\/guderley.com\/#\/schema\/person\/24a827645a6fedd3481426a7028dfdcd"},"alternateName":"G\u00fcnter's Blog","potentialAction":[{"@type":"SearchAction","target":{"@type":"EntryPoint","urlTemplate":"https:\/\/guderley.com\/?s={search_term_string}"},"query-input":{"@type":"PropertyValueSpecification","valueRequired":true,"valueName":"search_term_string"}}],"inLanguage":"de"},{"@type":["Person","Organization"],"@id":"https:\/\/guderley.com\/#\/schema\/person\/24a827645a6fedd3481426a7028dfdcd","name":"guenter","image":{"@type":"ImageObject","inLanguage":"de","@id":"https:\/\/guderley.com\/#\/schema\/person\/image\/","url":"https:\/\/i0.wp.com\/guderley.com\/wp-content\/uploads\/img_8008-scaled.jpg?fit=1920%2C2560","contentUrl":"https:\/\/i0.wp.com\/guderley.com\/wp-content\/uploads\/img_8008-scaled.jpg?fit=1920%2C2560","width":1920,"height":2560,"caption":"guenter"},"logo":{"@id":"https:\/\/guderley.com\/#\/schema\/person\/image\/"},"sameAs":["http:\/\/guderley.com\/blog"],"url":"http:\/\/guderley.com\/?author=2"}]}},"jetpack_featured_media_url":"","jetpack_sharing_enabled":true,"jetpack_shortlink":"https:\/\/wp.me\/p9IuXF-oU","jetpack_likes_enabled":true,"jetpack-related-posts":[{"id":4344,"url":"http:\/\/guderley.com\/?p=4344","url_meta":{"origin":1544,"position":0},"title":"MRT 2022 &#8211; 08.07. &#8211; Tag 03 &#8211; 97 km &#8211; Total: 263 &#8211; Jacobson CG","author":"guenter","date":"Juli 8, 2022","format":false,"excerpt":"Mit Sonnenaufgang kurz nach 5 Uhr stehe ich auf und packe meine Ausr\u00fcstung - klappt schon wieder ganz gut. Bei Steve und Linda gibt es noch einen Kaffee und dann bin ich wieder auf der Stra\u00dfe. In Deer River im Sportsman\u2018s Caf\u00e9 fr\u00fchst\u00fccke ich und mache mich auf den Weg\u2026","rel":"","context":"In &quot;2022 Mississippi&quot;","block_context":{"text":"2022 Mississippi","link":"http:\/\/guderley.com\/?cat=31"},"img":{"alt_text":"","src":"https:\/\/i0.wp.com\/guderley.com\/wp-content\/uploads\/img_7757-scaled.jpg?resize=350%2C200","width":350,"height":200,"srcset":"https:\/\/i0.wp.com\/guderley.com\/wp-content\/uploads\/img_7757-scaled.jpg?resize=350%2C200 1x, https:\/\/i0.wp.com\/guderley.com\/wp-content\/uploads\/img_7757-scaled.jpg?resize=525%2C300 1.5x, https:\/\/i0.wp.com\/guderley.com\/wp-content\/uploads\/img_7757-scaled.jpg?resize=700%2C400 2x, https:\/\/i0.wp.com\/guderley.com\/wp-content\/uploads\/img_7757-scaled.jpg?resize=1050%2C600 3x, https:\/\/i0.wp.com\/guderley.com\/wp-content\/uploads\/img_7757-scaled.jpg?resize=1400%2C800 4x"},"classes":[]},{"id":212,"url":"http:\/\/guderley.com\/?p=212","url_meta":{"origin":1544,"position":1},"title":"Die Ueberraschung beim Kaffeetrinken","author":"guenter","date":"Mai 27, 2010","format":false,"excerpt":"Auf dem Weg nach F\u00e1tima stoppte ich an einem netten Restaurant\/Cafe und bestellte mir an der Theke einen Kaffee. In der Auslage lag ein leckerer Krapfen mit Vanillefuellung, da konnte ich nicht widerstehen. Jetzt wollte ich nicht so plump mit dem Finger drauf deuten und sagen \"dass da\". Also habe\u2026","rel":"","context":"In &quot;2010 Encuentros&quot;","block_context":{"text":"2010 Encuentros","link":"http:\/\/guderley.com\/?cat=5"},"img":{"alt_text":"","src":"https:\/\/i0.wp.com\/guderley.com\/wp-content\/uploads\/2010\/05\/IMGP0060-300x225.jpg?resize=350%2C200","width":350,"height":200},"classes":[]},{"id":1950,"url":"http:\/\/guderley.com\/?p=1950","url_meta":{"origin":1544,"position":2},"title":"K\u00e5bdalis &#8211; Tag 26 &#8211; Freitag, 7. Juni","author":"guenter","date":"Juni 7, 2013","format":false,"excerpt":"102 km \/ 746 hm \/ 5:48 h - Gesamt 2630 km \/ 15321 hm \/ 161:09 h Intensiver Plausch beim Fr\u00fchst\u00fcck mit dem Schweizer Tandemp\u00e4rchen und dann aufs Rad und weiter nach Norden. Die Gewitterwand war schon im Westen sichtbar und sie kam ziemlich flott auf mich zu. Ich\u2026","rel":"","context":"In &quot;2013 NORDKAPP&quot;","block_context":{"text":"2013 NORDKAPP","link":"http:\/\/guderley.com\/?cat=23"},"img":{"alt_text":"","src":"https:\/\/i0.wp.com\/guderley.com\/wp-content\/uploads\/2013\/06\/wpid-Photo-07.06.2013-1611.jpg?resize=350%2C200","width":350,"height":200,"srcset":"https:\/\/i0.wp.com\/guderley.com\/wp-content\/uploads\/2013\/06\/wpid-Photo-07.06.2013-1611.jpg?resize=350%2C200 1x, https:\/\/i0.wp.com\/guderley.com\/wp-content\/uploads\/2013\/06\/wpid-Photo-07.06.2013-1611.jpg?resize=525%2C300 1.5x, https:\/\/i0.wp.com\/guderley.com\/wp-content\/uploads\/2013\/06\/wpid-Photo-07.06.2013-1611.jpg?resize=700%2C400 2x"},"classes":[]},{"id":2817,"url":"http:\/\/guderley.com\/?p=2817","url_meta":{"origin":1544,"position":3},"title":"Tag 22 &#8211; Do 18.6.2015 &#8211; 100 km Dielette \/ Gesamt: 2333 km","author":"guenter","date":"Juni 18, 2015","format":false,"excerpt":"Heute war ein Tag, wie ich ihn schon so oft auf meinen Touren erlebt habe und irgendwie macht das denke ich auch den Reiz f\u00fcr mich aus.Aber der Reihe nach - Als ich aufwache pl\u00e4tschert es sehr stimmungsvoll auf mein Zelt und mir ist klar, dass ich nasses Equipment einpacken\u2026","rel":"","context":"In &quot;2015 BENELUX - FRANKREICH&quot;","block_context":{"text":"2015 BENELUX - FRANKREICH","link":"http:\/\/guderley.com\/?cat=27"},"img":{"alt_text":"","src":"https:\/\/i0.wp.com\/guderley.com\/wp-content\/uploads\/2015\/06\/wpid-Photo-18.06.2015-1610.jpg?resize=350%2C200","width":350,"height":200,"srcset":"https:\/\/i0.wp.com\/guderley.com\/wp-content\/uploads\/2015\/06\/wpid-Photo-18.06.2015-1610.jpg?resize=350%2C200 1x, https:\/\/i0.wp.com\/guderley.com\/wp-content\/uploads\/2015\/06\/wpid-Photo-18.06.2015-1610.jpg?resize=525%2C300 1.5x, https:\/\/i0.wp.com\/guderley.com\/wp-content\/uploads\/2015\/06\/wpid-Photo-18.06.2015-1610.jpg?resize=700%2C400 2x"},"classes":[]},{"id":2444,"url":"http:\/\/guderley.com\/?p=2444","url_meta":{"origin":1544,"position":4},"title":"30. Nov. 2014 &#8211; So &#8211; Tag 17","author":"guenter","date":"Dezember 1, 2014","format":false,"excerpt":"Etappe 97 La Leona - El Calafate107 km - 895 hm \/ Gesamt: 1423 kmDie Nacht im Hotelzimmer hat sehr gut getan. Abends sa\u00dfen wir in dem kleinen Caf\u00e9 von La Leona zusammen. Ich habe mit den beiden Belgiern, Jan und Reindert, die mit mir in Bariloche eingestiegen sind, eine\u2026","rel":"","context":"In &quot;2014 PATAGONIEN&quot;","block_context":{"text":"2014 PATAGONIEN","link":"http:\/\/guderley.com\/?cat=26"},"img":{"alt_text":"","src":"https:\/\/i0.wp.com\/guderley.com\/wp-content\/uploads\/2014\/12\/wpid-Photo-30.11.2014-13171.jpg?resize=350%2C200","width":350,"height":200,"srcset":"https:\/\/i0.wp.com\/guderley.com\/wp-content\/uploads\/2014\/12\/wpid-Photo-30.11.2014-13171.jpg?resize=350%2C200 1x, https:\/\/i0.wp.com\/guderley.com\/wp-content\/uploads\/2014\/12\/wpid-Photo-30.11.2014-13171.jpg?resize=525%2C300 1.5x, https:\/\/i0.wp.com\/guderley.com\/wp-content\/uploads\/2014\/12\/wpid-Photo-30.11.2014-13171.jpg?resize=700%2C400 2x"},"classes":[]},{"id":2770,"url":"http:\/\/guderley.com\/?p=2770","url_meta":{"origin":1544,"position":5},"title":"Tag 16 &#8211; Fr 12.6.2015 &#8211; 92 km  Stella Plage &#8211; Le Treport  \/  Gesamt:  1773 km","author":"guenter","date":"Juni 12, 2015","format":false,"excerpt":"Ja der Tag hat sich entwickelt - habe mir erstmal einen Kaffee gekocht und entspannt gefr\u00fchst\u00fcckt. Die Entscheidung \"Abbau\" war richtig - das Unwetter selbst war zwar einige Kilometer entfernt - aber 1 gute Stunde hat es wie aus Eimern geregnet.Um 6:30 Uhr bin ich los und nach 1 1\/2\u2026","rel":"","context":"In &quot;2015 BENELUX - FRANKREICH&quot;","block_context":{"text":"2015 BENELUX - FRANKREICH","link":"http:\/\/guderley.com\/?cat=27"},"img":{"alt_text":"","src":"https:\/\/i0.wp.com\/guderley.com\/wp-content\/uploads\/2015\/06\/wpid-Photo-12.06.2015-1537.jpg?resize=350%2C200","width":350,"height":200,"srcset":"https:\/\/i0.wp.com\/guderley.com\/wp-content\/uploads\/2015\/06\/wpid-Photo-12.06.2015-1537.jpg?resize=350%2C200 1x, https:\/\/i0.wp.com\/guderley.com\/wp-content\/uploads\/2015\/06\/wpid-Photo-12.06.2015-1537.jpg?resize=525%2C300 1.5x, https:\/\/i0.wp.com\/guderley.com\/wp-content\/uploads\/2015\/06\/wpid-Photo-12.06.2015-1537.jpg?resize=700%2C400 2x"},"classes":[]}],"_links":{"self":[{"href":"http:\/\/guderley.com\/index.php?rest_route=\/wp\/v2\/posts\/1544","targetHints":{"allow":["GET"]}}],"collection":[{"href":"http:\/\/guderley.com\/index.php?rest_route=\/wp\/v2\/posts"}],"about":[{"href":"http:\/\/guderley.com\/index.php?rest_route=\/wp\/v2\/types\/post"}],"author":[{"embeddable":true,"href":"http:\/\/guderley.com\/index.php?rest_route=\/wp\/v2\/users\/2"}],"replies":[{"embeddable":true,"href":"http:\/\/guderley.com\/index.php?rest_route=%2Fwp%2Fv2%2Fcomments&post=1544"}],"version-history":[{"count":5,"href":"http:\/\/guderley.com\/index.php?rest_route=\/wp\/v2\/posts\/1544\/revisions"}],"predecessor-version":[{"id":1549,"href":"http:\/\/guderley.com\/index.php?rest_route=\/wp\/v2\/posts\/1544\/revisions\/1549"}],"wp:attachment":[{"href":"http:\/\/guderley.com\/index.php?rest_route=%2Fwp%2Fv2%2Fmedia&parent=1544"}],"wp:term":[{"taxonomy":"category","embeddable":true,"href":"http:\/\/guderley.com\/index.php?rest_route=%2Fwp%2Fv2%2Fcategories&post=1544"},{"taxonomy":"post_tag","embeddable":true,"href":"http:\/\/guderley.com\/index.php?rest_route=%2Fwp%2Fv2%2Ftags&post=1544"}],"curies":[{"name":"wp","href":"https:\/\/api.w.org\/{rel}","templated":true}]}}