{"id":1525,"date":"2012-08-17T08:19:55","date_gmt":"2012-08-17T07:19:55","guid":{"rendered":"http:\/\/guderley.com\/?p=1525"},"modified":"2012-08-17T17:32:16","modified_gmt":"2012-08-17T16:32:16","slug":"16-8-tolckmicko-polen-tag-31-km-2735","status":"publish","type":"post","link":"http:\/\/guderley.com\/?p=1525","title":{"rendered":"16.8.  Tolckmicko \/ Polen &#8211; Tag 31 &#8211; km 2735"},"content":{"rendered":"<div class=\"separator\" style=\"clear: both; text-align: center;\"><a href=\"https:\/\/i0.wp.com\/guderley.com\/wp-content\/uploads\/2012\/08\/wpid-Photo-16.08.2012-0941.jpg\" target=\"_blank\" style=\"margin-left: 1em; margin-right: 1em;\"><img data-recalc-dims=\"1\" decoding=\"async\" src=\"https:\/\/i0.wp.com\/guderley.com\/wp-content\/uploads\/2012\/08\/wpid-Photo-16.08.2012-0941.jpg?resize=500%2C375\" id=\"blogsy-1345221255612.5806\" class=\"aligncenter\" alt=\"\" width=\"500\" height=\"375\"><\/a><\/div>\n<p>Es liegt kein Land mehr zwischen hier und daheim, auch wenn ich noch im nord\u00f6stlichen Teil Polens, also da was mal Ostpreu\u00dfen hie\u00df, bin<\/p>\n<p>Kaliningrad war ziemlich &#8222;strange&#8220;, im Hotel herrschte keine gute Atmosph\u00e4re, auch wenn es zu den Top-Adresse in der Stadt z\u00e4hlt. Ich habe noch eine kleine Radrunde nach dem Fr\u00fchst\u00fcck gedreht, die Aufwartungen an Immanuel Kant und Herzog Albert gemacht und dann raus aus der Stadt. Das lief deutlich besser als hinein<\/p>\n<div class=\"separator\" style=\"clear: both; text-align: center;\"><a href=\"https:\/\/i0.wp.com\/guderley.com\/wp-content\/uploads\/2012\/08\/wpid-Photo-17.08.2012-1929.jpg\" target=\"_blank\" style=\"margin-left: 1em; margin-right: 1em;\"><img data-recalc-dims=\"1\" decoding=\"async\" src=\"https:\/\/i0.wp.com\/guderley.com\/wp-content\/uploads\/2012\/08\/wpid-Photo-17.08.2012-1929.jpg?resize=500%2C666\" id=\"blogsy-1345221255705.4717\" class=\"aligncenter\" alt=\"\" width=\"500\" height=\"666\"><\/a><\/div>\n<div class=\"separator\" style=\"clear: both; text-align: center;\"><a href=\"https:\/\/i0.wp.com\/guderley.com\/wp-content\/uploads\/2012\/08\/wpid-Photo-16.08.2012-09392.jpg\" target=\"_blank\" style=\"margin-left: 1em; margin-right: 1em;\"><img data-recalc-dims=\"1\" decoding=\"async\" src=\"https:\/\/i0.wp.com\/guderley.com\/wp-content\/uploads\/2012\/08\/wpid-Photo-16.08.2012-09392.jpg?resize=500%2C375\" id=\"blogsy-1345221255681.3176\" class=\"aligncenter\" alt=\"\" width=\"500\" height=\"375\"><\/a><\/div>\n<p>Die gut 50 km bis zur polnischen Grenze lie\u00dfen sich gut fahren, auch wenn es teilweise sehr eng zu ging. Die Ausreise war witzig, es gab eine lange Schlange von Autos an der ich gem\u00fctlich vorbeifuhr. Als ich an den ersten Posten kam, rief ich fragend &#8222;bicycle &#8220; und wurde sofort bearbeitet. Nur an Posten 4, dem letzten, begann die Lady zu zicken, sie wollte meine Fahrzeugpapiere sehen ? Ich erkl\u00e4rte ihr dass ich keine habe, worauf sie meinte, jedes Fahrzeug hat Papiere. Hinter mir standen drei russische Matronen, die sich wortreich einmischten und ihrer Landsfrau wohl erkl\u00e4rten, dass der &#8222;Blaue Elephant&#8220; ein Fahrrad sei und daf\u00fcr nicht einmal in Russland Papiere gebraucht werden.<\/p>\n<div class=\"separator\" style=\"clear: both; text-align: center;\"><a href=\"https:\/\/i0.wp.com\/guderley.com\/wp-content\/uploads\/2012\/08\/wpid-Photo-16.08.2012-15262.jpg\" target=\"_blank\" style=\"margin-left: 1em; margin-right: 1em;\"><img data-recalc-dims=\"1\" decoding=\"async\" src=\"https:\/\/i0.wp.com\/guderley.com\/wp-content\/uploads\/2012\/08\/wpid-Photo-16.08.2012-15262.jpg?resize=500%2C375\" id=\"blogsy-1345221255671.6812\" class=\"aligncenter\" alt=\"\" width=\"500\" height=\"375\"><\/a><\/div>\n<p>Nach einiger Zeit gab sie mir maximal ver\u00e4chtlich meinen Pass zur\u00fcck  und ich war in Polen. Da gab es auch nochmal einen l\u00e4ngeren Check, die nehmen ihre Aufgabe als Au\u00dfengrenze Europas offenbar sehr ernst. Nach mir wurde eine Leipziger Famile abgefertigt, die mehr als f\u00fcnf Stunden bis zur Einreise nach Polen brauchten. Das mu\u00df man nicht wirklich verstehen.<\/p>\n<p>Die erste Stadt in Polen war Braniewo und pl\u00f6tzlich war wieder alles da, eine B\u00e4ckerei, ein Eiscaf\u00e9 und sogar ein Lidl-Markt und die Orte haben wieder eine Struktur, da gibt es Kirchen und zentrale Pl\u00e4tze.<\/p>\n<div class=\"separator\" style=\"clear: both; text-align: center;\"><a href=\"https:\/\/i0.wp.com\/guderley.com\/wp-content\/uploads\/2012\/08\/wpid-Photo-16.08.2012-1714.jpg\" target=\"_blank\" style=\"margin-left: 1em; margin-right: 1em;\"><img data-recalc-dims=\"1\" decoding=\"async\" src=\"https:\/\/i0.wp.com\/guderley.com\/wp-content\/uploads\/2012\/08\/wpid-Photo-16.08.2012-1714.jpg?resize=500%2C375\" id=\"blogsy-1345221255691.4094\" class=\"aligncenter\" alt=\"\" width=\"500\" height=\"375\"><\/a><\/div>\n<p>\u00dcber die Kopernikus-Stadt Frombork (Frauenburg) bin ich dann hier ans sogenannte &#8222;Frische Haff&#8220; gekommen, wo ich einen wunderbaren Standplatz f\u00fcr mein Zelt auf einem gro\u00dfz\u00fcgigen privaten Gel\u00e4nde fand.<\/p>\n<div class=\"separator\" style=\"clear: both; text-align: center;\"><a href=\"https:\/\/i0.wp.com\/guderley.com\/wp-content\/uploads\/2012\/08\/wpid-Photo-16.08.2012-1909.jpg\" target=\"_blank\" style=\"margin-left: 1em; margin-right: 1em;\"><img data-recalc-dims=\"1\" decoding=\"async\" src=\"https:\/\/i0.wp.com\/guderley.com\/wp-content\/uploads\/2012\/08\/wpid-Photo-16.08.2012-1909.jpg?resize=500%2C375\" id=\"blogsy-1345221255685.4321\" class=\"aligncenter\" alt=\"\" width=\"500\" height=\"375\"><\/a><\/div>\n<p>Morgen denke ich fahre ich nach Danzig, vielleicht bleibe ich da das Wochenende bevor es dann definitiv nach Berlin geht.<\/p>\n<div class=\"separator\" style=\"clear: both; text-align: center;\"><a href=\"https:\/\/i0.wp.com\/guderley.com\/wp-content\/uploads\/2012\/08\/wpid-Photo-16.08.2012-1504.jpg\" target=\"_blank\" style=\"margin-left: 1em; margin-right: 1em;\"><img data-recalc-dims=\"1\" decoding=\"async\" src=\"https:\/\/i0.wp.com\/guderley.com\/wp-content\/uploads\/2012\/08\/wpid-Photo-16.08.2012-1504.jpg?resize=500%2C375\" id=\"blogsy-1345221255733.454\" class=\"aligncenter\" alt=\"\" width=\"500\" height=\"375\"><\/a><\/div>\n<p>&nbsp;<\/p>\n<div style=\"text-align: right; font-size: small; clear: both;\" id=\"blogsy_footer\"><a href=\"http:\/\/blogsyapp.com\" target=\"_blank\"><img data-recalc-dims=\"1\" decoding=\"async\" src=\"https:\/\/i0.wp.com\/blogsyapp.com\/images\/blogsy_footer_icon.png?resize=20%2C20\" alt=\"Mit Blogsy ver\u00f6ffentlicht\" style=\"vertical-align: middle; margin-right: 5px;\" width=\"20\" height=\"20\" \/>Mit Blogsy ver\u00f6ffentlicht<\/a><\/div>\n","protected":false},"excerpt":{"rendered":"<p>Es liegt kein Land mehr zwischen hier und daheim, auch wenn ich noch im nord\u00f6stlichen Teil Polens, also da was mal Ostpreu\u00dfen hie\u00df, bin Kaliningrad war ziemlich &#8222;strange&#8220;, im Hotel herrschte keine gute Atmosph\u00e4re, auch wenn es zu den Top-Adresse in der Stadt z\u00e4hlt. Ich habe noch eine kleine Radrunde nach dem Fr\u00fchst\u00fcck gedreht, die [&hellip;]<\/p>\n","protected":false},"author":2,"featured_media":0,"comment_status":"open","ping_status":"open","sticky":false,"template":"","format":"standard","meta":{"_jetpack_newsletter_access":"","_jetpack_dont_email_post_to_subs":false,"_jetpack_newsletter_tier_id":0,"_jetpack_memberships_contains_paywalled_content":false,"_jetpack_memberships_contains_paid_content":false,"footnotes":""},"categories":[22],"tags":[],"class_list":["post-1525","post","type-post","status-publish","format-standard","hentry","category-baltikum-2012"],"yoast_head":"<!-- This site is optimized with the Yoast SEO plugin v25.8 - https:\/\/yoast.com\/wordpress\/plugins\/seo\/ -->\n<title>16.8. Tolckmicko \/ Polen - Tag 31 - km 2735 - G\u00fcnter&#039;s Blog<\/title>\n<meta name=\"robots\" content=\"index, follow, max-snippet:-1, max-image-preview:large, max-video-preview:-1\" \/>\n<link rel=\"canonical\" href=\"https:\/\/guderley.com\/?p=1525\" \/>\n<meta property=\"og:locale\" content=\"de_DE\" \/>\n<meta property=\"og:type\" content=\"article\" \/>\n<meta property=\"og:title\" content=\"16.8. Tolckmicko \/ Polen - Tag 31 - km 2735 - G\u00fcnter&#039;s Blog\" \/>\n<meta property=\"og:description\" content=\"Es liegt kein Land mehr zwischen hier und daheim, auch wenn ich noch im nord\u00f6stlichen Teil Polens, also da was mal Ostpreu\u00dfen hie\u00df, bin Kaliningrad war ziemlich &#8222;strange&#8220;, im Hotel herrschte keine gute Atmosph\u00e4re, auch wenn es zu den Top-Adresse in der Stadt z\u00e4hlt. Ich habe noch eine kleine Radrunde nach dem Fr\u00fchst\u00fcck gedreht, die [&hellip;]\" \/>\n<meta property=\"og:url\" content=\"https:\/\/guderley.com\/?p=1525\" \/>\n<meta property=\"og:site_name\" content=\"G\u00fcnter&#039;s Blog\" \/>\n<meta property=\"article:published_time\" content=\"2012-08-17T07:19:55+00:00\" \/>\n<meta property=\"article:modified_time\" content=\"2012-08-17T16:32:16+00:00\" \/>\n<meta property=\"og:image\" content=\"http:\/\/guderley.com\/wp-content\/uploads\/2012\/08\/wpid-Photo-16.08.2012-0941.jpg\" \/>\n<meta name=\"author\" content=\"guenter\" \/>\n<meta name=\"twitter:card\" content=\"summary_large_image\" \/>\n<meta name=\"twitter:label1\" content=\"Verfasst von\" \/>\n\t<meta name=\"twitter:data1\" content=\"guenter\" \/>\n\t<meta name=\"twitter:label2\" content=\"Gesch\u00e4tzte Lesezeit\" \/>\n\t<meta name=\"twitter:data2\" content=\"2\u00a0Minuten\" \/>\n<script type=\"application\/ld+json\" class=\"yoast-schema-graph\">{\"@context\":\"https:\/\/schema.org\",\"@graph\":[{\"@type\":\"Article\",\"@id\":\"https:\/\/guderley.com\/?p=1525#article\",\"isPartOf\":{\"@id\":\"https:\/\/guderley.com\/?p=1525\"},\"author\":{\"name\":\"guenter\",\"@id\":\"https:\/\/guderley.com\/#\/schema\/person\/24a827645a6fedd3481426a7028dfdcd\"},\"headline\":\"16.8. Tolckmicko \/ Polen &#8211; Tag 31 &#8211; km 2735\",\"datePublished\":\"2012-08-17T07:19:55+00:00\",\"dateModified\":\"2012-08-17T16:32:16+00:00\",\"mainEntityOfPage\":{\"@id\":\"https:\/\/guderley.com\/?p=1525\"},\"wordCount\":360,\"commentCount\":1,\"publisher\":{\"@id\":\"https:\/\/guderley.com\/#\/schema\/person\/24a827645a6fedd3481426a7028dfdcd\"},\"image\":{\"@id\":\"https:\/\/guderley.com\/?p=1525#primaryimage\"},\"thumbnailUrl\":\"http:\/\/guderley.com\/wp-content\/uploads\/2012\/08\/wpid-Photo-16.08.2012-0941.jpg\",\"articleSection\":[\"2012 BALTIKUM\"],\"inLanguage\":\"de\",\"potentialAction\":[{\"@type\":\"CommentAction\",\"name\":\"Comment\",\"target\":[\"https:\/\/guderley.com\/?p=1525#respond\"]}]},{\"@type\":\"WebPage\",\"@id\":\"https:\/\/guderley.com\/?p=1525\",\"url\":\"https:\/\/guderley.com\/?p=1525\",\"name\":\"16.8. Tolckmicko \/ Polen - Tag 31 - km 2735 - G\u00fcnter&#039;s Blog\",\"isPartOf\":{\"@id\":\"https:\/\/guderley.com\/#website\"},\"primaryImageOfPage\":{\"@id\":\"https:\/\/guderley.com\/?p=1525#primaryimage\"},\"image\":{\"@id\":\"https:\/\/guderley.com\/?p=1525#primaryimage\"},\"thumbnailUrl\":\"http:\/\/guderley.com\/wp-content\/uploads\/2012\/08\/wpid-Photo-16.08.2012-0941.jpg\",\"datePublished\":\"2012-08-17T07:19:55+00:00\",\"dateModified\":\"2012-08-17T16:32:16+00:00\",\"breadcrumb\":{\"@id\":\"https:\/\/guderley.com\/?p=1525#breadcrumb\"},\"inLanguage\":\"de\",\"potentialAction\":[{\"@type\":\"ReadAction\",\"target\":[\"https:\/\/guderley.com\/?p=1525\"]}]},{\"@type\":\"ImageObject\",\"inLanguage\":\"de\",\"@id\":\"https:\/\/guderley.com\/?p=1525#primaryimage\",\"url\":\"https:\/\/i0.wp.com\/guderley.com\/wp-content\/uploads\/2012\/08\/wpid-Photo-16.08.2012-0941.jpg?fit=1024%2C768\",\"contentUrl\":\"https:\/\/i0.wp.com\/guderley.com\/wp-content\/uploads\/2012\/08\/wpid-Photo-16.08.2012-0941.jpg?fit=1024%2C768\",\"width\":\"1024\",\"height\":\"768\"},{\"@type\":\"BreadcrumbList\",\"@id\":\"https:\/\/guderley.com\/?p=1525#breadcrumb\",\"itemListElement\":[{\"@type\":\"ListItem\",\"position\":1,\"name\":\"Startseite\",\"item\":\"https:\/\/guderley.com\/\"},{\"@type\":\"ListItem\",\"position\":2,\"name\":\"16.8. Tolckmicko \/ Polen &#8211; Tag 31 &#8211; km 2735\"}]},{\"@type\":\"WebSite\",\"@id\":\"https:\/\/guderley.com\/#website\",\"url\":\"https:\/\/guderley.com\/\",\"name\":\"G\u00fcnter's Blog\",\"description\":\"Fahrrad Touren rund um die Welt\",\"publisher\":{\"@id\":\"https:\/\/guderley.com\/#\/schema\/person\/24a827645a6fedd3481426a7028dfdcd\"},\"alternateName\":\"G\u00fcnter's Blog\",\"potentialAction\":[{\"@type\":\"SearchAction\",\"target\":{\"@type\":\"EntryPoint\",\"urlTemplate\":\"https:\/\/guderley.com\/?s={search_term_string}\"},\"query-input\":{\"@type\":\"PropertyValueSpecification\",\"valueRequired\":true,\"valueName\":\"search_term_string\"}}],\"inLanguage\":\"de\"},{\"@type\":[\"Person\",\"Organization\"],\"@id\":\"https:\/\/guderley.com\/#\/schema\/person\/24a827645a6fedd3481426a7028dfdcd\",\"name\":\"guenter\",\"image\":{\"@type\":\"ImageObject\",\"inLanguage\":\"de\",\"@id\":\"https:\/\/guderley.com\/#\/schema\/person\/image\/\",\"url\":\"https:\/\/i0.wp.com\/guderley.com\/wp-content\/uploads\/img_8008-scaled.jpg?fit=1920%2C2560\",\"contentUrl\":\"https:\/\/i0.wp.com\/guderley.com\/wp-content\/uploads\/img_8008-scaled.jpg?fit=1920%2C2560\",\"width\":1920,\"height\":2560,\"caption\":\"guenter\"},\"logo\":{\"@id\":\"https:\/\/guderley.com\/#\/schema\/person\/image\/\"},\"sameAs\":[\"http:\/\/guderley.com\/blog\"],\"url\":\"http:\/\/guderley.com\/?author=2\"}]}<\/script>\n<!-- \/ Yoast SEO plugin. -->","yoast_head_json":{"title":"16.8. Tolckmicko \/ Polen - Tag 31 - km 2735 - G\u00fcnter&#039;s Blog","robots":{"index":"index","follow":"follow","max-snippet":"max-snippet:-1","max-image-preview":"max-image-preview:large","max-video-preview":"max-video-preview:-1"},"canonical":"https:\/\/guderley.com\/?p=1525","og_locale":"de_DE","og_type":"article","og_title":"16.8. Tolckmicko \/ Polen - Tag 31 - km 2735 - G\u00fcnter&#039;s Blog","og_description":"Es liegt kein Land mehr zwischen hier und daheim, auch wenn ich noch im nord\u00f6stlichen Teil Polens, also da was mal Ostpreu\u00dfen hie\u00df, bin Kaliningrad war ziemlich &#8222;strange&#8220;, im Hotel herrschte keine gute Atmosph\u00e4re, auch wenn es zu den Top-Adresse in der Stadt z\u00e4hlt. Ich habe noch eine kleine Radrunde nach dem Fr\u00fchst\u00fcck gedreht, die [&hellip;]","og_url":"https:\/\/guderley.com\/?p=1525","og_site_name":"G\u00fcnter&#039;s Blog","article_published_time":"2012-08-17T07:19:55+00:00","article_modified_time":"2012-08-17T16:32:16+00:00","og_image":[{"url":"http:\/\/guderley.com\/wp-content\/uploads\/2012\/08\/wpid-Photo-16.08.2012-0941.jpg","type":"","width":"","height":""}],"author":"guenter","twitter_card":"summary_large_image","twitter_misc":{"Verfasst von":"guenter","Gesch\u00e4tzte Lesezeit":"2\u00a0Minuten"},"schema":{"@context":"https:\/\/schema.org","@graph":[{"@type":"Article","@id":"https:\/\/guderley.com\/?p=1525#article","isPartOf":{"@id":"https:\/\/guderley.com\/?p=1525"},"author":{"name":"guenter","@id":"https:\/\/guderley.com\/#\/schema\/person\/24a827645a6fedd3481426a7028dfdcd"},"headline":"16.8. Tolckmicko \/ Polen &#8211; Tag 31 &#8211; km 2735","datePublished":"2012-08-17T07:19:55+00:00","dateModified":"2012-08-17T16:32:16+00:00","mainEntityOfPage":{"@id":"https:\/\/guderley.com\/?p=1525"},"wordCount":360,"commentCount":1,"publisher":{"@id":"https:\/\/guderley.com\/#\/schema\/person\/24a827645a6fedd3481426a7028dfdcd"},"image":{"@id":"https:\/\/guderley.com\/?p=1525#primaryimage"},"thumbnailUrl":"http:\/\/guderley.com\/wp-content\/uploads\/2012\/08\/wpid-Photo-16.08.2012-0941.jpg","articleSection":["2012 BALTIKUM"],"inLanguage":"de","potentialAction":[{"@type":"CommentAction","name":"Comment","target":["https:\/\/guderley.com\/?p=1525#respond"]}]},{"@type":"WebPage","@id":"https:\/\/guderley.com\/?p=1525","url":"https:\/\/guderley.com\/?p=1525","name":"16.8. Tolckmicko \/ Polen - Tag 31 - km 2735 - G\u00fcnter&#039;s Blog","isPartOf":{"@id":"https:\/\/guderley.com\/#website"},"primaryImageOfPage":{"@id":"https:\/\/guderley.com\/?p=1525#primaryimage"},"image":{"@id":"https:\/\/guderley.com\/?p=1525#primaryimage"},"thumbnailUrl":"http:\/\/guderley.com\/wp-content\/uploads\/2012\/08\/wpid-Photo-16.08.2012-0941.jpg","datePublished":"2012-08-17T07:19:55+00:00","dateModified":"2012-08-17T16:32:16+00:00","breadcrumb":{"@id":"https:\/\/guderley.com\/?p=1525#breadcrumb"},"inLanguage":"de","potentialAction":[{"@type":"ReadAction","target":["https:\/\/guderley.com\/?p=1525"]}]},{"@type":"ImageObject","inLanguage":"de","@id":"https:\/\/guderley.com\/?p=1525#primaryimage","url":"https:\/\/i0.wp.com\/guderley.com\/wp-content\/uploads\/2012\/08\/wpid-Photo-16.08.2012-0941.jpg?fit=1024%2C768","contentUrl":"https:\/\/i0.wp.com\/guderley.com\/wp-content\/uploads\/2012\/08\/wpid-Photo-16.08.2012-0941.jpg?fit=1024%2C768","width":"1024","height":"768"},{"@type":"BreadcrumbList","@id":"https:\/\/guderley.com\/?p=1525#breadcrumb","itemListElement":[{"@type":"ListItem","position":1,"name":"Startseite","item":"https:\/\/guderley.com\/"},{"@type":"ListItem","position":2,"name":"16.8. Tolckmicko \/ Polen &#8211; Tag 31 &#8211; km 2735"}]},{"@type":"WebSite","@id":"https:\/\/guderley.com\/#website","url":"https:\/\/guderley.com\/","name":"G\u00fcnter's Blog","description":"Fahrrad Touren rund um die Welt","publisher":{"@id":"https:\/\/guderley.com\/#\/schema\/person\/24a827645a6fedd3481426a7028dfdcd"},"alternateName":"G\u00fcnter's Blog","potentialAction":[{"@type":"SearchAction","target":{"@type":"EntryPoint","urlTemplate":"https:\/\/guderley.com\/?s={search_term_string}"},"query-input":{"@type":"PropertyValueSpecification","valueRequired":true,"valueName":"search_term_string"}}],"inLanguage":"de"},{"@type":["Person","Organization"],"@id":"https:\/\/guderley.com\/#\/schema\/person\/24a827645a6fedd3481426a7028dfdcd","name":"guenter","image":{"@type":"ImageObject","inLanguage":"de","@id":"https:\/\/guderley.com\/#\/schema\/person\/image\/","url":"https:\/\/i0.wp.com\/guderley.com\/wp-content\/uploads\/img_8008-scaled.jpg?fit=1920%2C2560","contentUrl":"https:\/\/i0.wp.com\/guderley.com\/wp-content\/uploads\/img_8008-scaled.jpg?fit=1920%2C2560","width":1920,"height":2560,"caption":"guenter"},"logo":{"@id":"https:\/\/guderley.com\/#\/schema\/person\/image\/"},"sameAs":["http:\/\/guderley.com\/blog"],"url":"http:\/\/guderley.com\/?author=2"}]}},"jetpack_featured_media_url":"","jetpack_sharing_enabled":true,"jetpack_shortlink":"https:\/\/wp.me\/p9IuXF-oB","jetpack_likes_enabled":true,"jetpack-related-posts":[{"id":2519,"url":"http:\/\/guderley.com\/?p=2519","url_meta":{"origin":1525,"position":0},"title":"8. Dez. 2014 &#8211; Mo &#8211; 25.Tag","author":"guenter","date":"Dezember 8, 2014","format":false,"excerpt":"Etappe 103 - Villa Tehuelches - Punta Arenas104 km - 550 hm \/ Gesamt: 2013 kmDie K\u00e4lte blieb auch am Morgen hartn\u00e4ckig und ich zog so ziemlich alle verf\u00fcgbaren Teile \u00fcbereinander an, was immer ein bisschen anstrengend im Zelt ist. Der Wind war heute morgen sehr friedvoll und stellte uns\u2026","rel":"","context":"In &quot;2014 PATAGONIEN&quot;","block_context":{"text":"2014 PATAGONIEN","link":"http:\/\/guderley.com\/?cat=26"},"img":{"alt_text":"","src":"https:\/\/i0.wp.com\/guderley.com\/wp-content\/uploads\/2014\/12\/wpid-Photo-08.12.2014-1143.jpg?resize=350%2C200","width":350,"height":200,"srcset":"https:\/\/i0.wp.com\/guderley.com\/wp-content\/uploads\/2014\/12\/wpid-Photo-08.12.2014-1143.jpg?resize=350%2C200 1x, https:\/\/i0.wp.com\/guderley.com\/wp-content\/uploads\/2014\/12\/wpid-Photo-08.12.2014-1143.jpg?resize=525%2C300 1.5x, https:\/\/i0.wp.com\/guderley.com\/wp-content\/uploads\/2014\/12\/wpid-Photo-08.12.2014-1143.jpg?resize=700%2C400 2x"},"classes":[]},{"id":1469,"url":"http:\/\/guderley.com\/?p=1469","url_meta":{"origin":1525,"position":1},"title":"11.8.  J\u016brkalne \/ Lettland &#8211; Tag 26 &#8211; km 2197","author":"guenter","date":"August 11, 2012","format":false,"excerpt":"Ventspils erh\u00e4lt von mir den Titel \"fahrradfreundlichste Stadt des Baltikums\". Sensationelle Radwege in die Stadt hinein, durch die Stadt und auch wieder hinaus. Respekt !! Auch wenn wenige Kilometer nach Verlassen der Stadt eine 15 km lange Naturpiste zu bew\u00e4ltigen war.Bei meinem Treffen mit den rotarischen Freunden aus Riga empfahl\u2026","rel":"","context":"In &quot;2012 BALTIKUM&quot;","block_context":{"text":"2012 BALTIKUM","link":"http:\/\/guderley.com\/?cat=22"},"img":{"alt_text":"","src":"https:\/\/i0.wp.com\/guderley.com\/wp-content\/uploads\/2012\/08\/wpid-Photo-11.08.2012-2118.jpg?resize=350%2C200","width":350,"height":200,"srcset":"https:\/\/i0.wp.com\/guderley.com\/wp-content\/uploads\/2012\/08\/wpid-Photo-11.08.2012-2118.jpg?resize=350%2C200 1x, https:\/\/i0.wp.com\/guderley.com\/wp-content\/uploads\/2012\/08\/wpid-Photo-11.08.2012-2118.jpg?resize=525%2C300 1.5x, https:\/\/i0.wp.com\/guderley.com\/wp-content\/uploads\/2012\/08\/wpid-Photo-11.08.2012-2118.jpg?resize=700%2C400 2x"},"classes":[]},{"id":1306,"url":"http:\/\/guderley.com\/?p=1306","url_meta":{"origin":1525,"position":2},"title":"24.7.  Kauksi \/ Estland &#8211; 8. Tag &#8211; 602 km","author":"guenter","date":"Juli 25, 2012","format":false,"excerpt":"Es sollte ein sehr langer Radtag werden, das wusste ich allerdings morgens um 8 Uhr vor der be\u00fchmten Festung in Narva noch nicht. Es hatte die ganze Nacht m\u00e4chtig geregnet aber p\u00fcnktlich um 6 Uhr h\u00f6rte es auf. Frohen Mutes machte ich mich auf den Weg zur\u00fcck. Ich musste etwa\u2026","rel":"","context":"In &quot;2012 BALTIKUM&quot;","block_context":{"text":"2012 BALTIKUM","link":"http:\/\/guderley.com\/?cat=22"},"img":{"alt_text":"","src":"https:\/\/i0.wp.com\/guderley.com\/wp-content\/uploads\/2012\/07\/wpid-Photo-24.07.2012-1923.jpg?resize=350%2C200","width":350,"height":200,"srcset":"https:\/\/i0.wp.com\/guderley.com\/wp-content\/uploads\/2012\/07\/wpid-Photo-24.07.2012-1923.jpg?resize=350%2C200 1x, https:\/\/i0.wp.com\/guderley.com\/wp-content\/uploads\/2012\/07\/wpid-Photo-24.07.2012-1923.jpg?resize=525%2C300 1.5x, https:\/\/i0.wp.com\/guderley.com\/wp-content\/uploads\/2012\/07\/wpid-Photo-24.07.2012-1923.jpg?resize=700%2C400 2x"},"classes":[]},{"id":2886,"url":"http:\/\/guderley.com\/?p=2886","url_meta":{"origin":1525,"position":3},"title":"Tag 31 &#8211; Sa 27.6.2015 &#8211; 85 km Beaugency \/ Gesamt: 3301 km","author":"guenter","date":"Juni 28, 2015","format":false,"excerpt":"Beim Aufwachen - leichter Regen - und keine Lust auf Radfahren. Bin \u00fcber die Br\u00fccke - die letzten Pl\u00e4tze waren immer auf Loireinseln - nach Amboise geradelt und habe nach einem leckeren Fr\u00fchst\u00fcck mir die sehenswerte Stadt ein bisschen angeguckt.Die Sonne k\u00e4mpfte sich auch gerade zur\u00fcck und so bin ich\u2026","rel":"","context":"In &quot;2015 BENELUX - FRANKREICH&quot;","block_context":{"text":"2015 BENELUX - FRANKREICH","link":"http:\/\/guderley.com\/?cat=27"},"img":{"alt_text":"","src":"https:\/\/i0.wp.com\/guderley.com\/wp-content\/uploads\/2015\/06\/wpid-Photo-27.06.2015-1543.jpg?resize=350%2C200","width":350,"height":200,"srcset":"https:\/\/i0.wp.com\/guderley.com\/wp-content\/uploads\/2015\/06\/wpid-Photo-27.06.2015-1543.jpg?resize=350%2C200 1x, https:\/\/i0.wp.com\/guderley.com\/wp-content\/uploads\/2015\/06\/wpid-Photo-27.06.2015-1543.jpg?resize=525%2C300 1.5x, https:\/\/i0.wp.com\/guderley.com\/wp-content\/uploads\/2015\/06\/wpid-Photo-27.06.2015-1543.jpg?resize=700%2C400 2x"},"classes":[]},{"id":1352,"url":"http:\/\/guderley.com\/?p=1352","url_meta":{"origin":1525,"position":4},"title":"29.7.  Tallinn \/ Estland &#8211; 13. Tag &#8211; Ruhetag","author":"guenter","date":"Juli 29, 2012","format":false,"excerpt":"Es ist ein br\u00fctend hei\u00dfer Hochsommertag heute in Tallinn. Das Thermometer zeigt schon um 9 Uhr \u00fcber 30 Grad. Ich radle die knapp 2 km vom Hotel zur Altstadt und bin \u00fcberrascht welche Menschenstr\u00f6me bereits so fr\u00fch am Sonntag unterwegs sind. Das Pflaster in der Altstadt ist nicht wirklich fahrradgeeignet\u2026","rel":"","context":"In &quot;2012 BALTIKUM&quot;","block_context":{"text":"2012 BALTIKUM","link":"http:\/\/guderley.com\/?cat=22"},"img":{"alt_text":"","src":"https:\/\/i0.wp.com\/guderley.com\/wp-content\/uploads\/2012\/07\/wpid-Photo-29.07.2012-1132.jpg?resize=350%2C200","width":350,"height":200,"srcset":"https:\/\/i0.wp.com\/guderley.com\/wp-content\/uploads\/2012\/07\/wpid-Photo-29.07.2012-1132.jpg?resize=350%2C200 1x, https:\/\/i0.wp.com\/guderley.com\/wp-content\/uploads\/2012\/07\/wpid-Photo-29.07.2012-1132.jpg?resize=525%2C300 1.5x, https:\/\/i0.wp.com\/guderley.com\/wp-content\/uploads\/2012\/07\/wpid-Photo-29.07.2012-1132.jpg?resize=700%2C400 2x"},"classes":[]},{"id":1718,"url":"http:\/\/guderley.com\/?p=1718","url_meta":{"origin":1525,"position":5},"title":"G\u00f6teborg \/ Schweden  &#8211;  Tag 8  &#8211;  Montag, 20. Mai","author":"guenter","date":"Mai 20, 2013","format":false,"excerpt":"Nach sehr angenehmer und ruhiger \u00dcberfahrt bin ich p\u00fcnktlich in G\u00f6teborg angekommen. Meine Kabine teilte ich mir mit einem sehr netten norwegischen Motorradfahrer, der gerade von einem Motorradtrip von Molde nach Istanbul auf dem Heimweg ist. Es beruhigt mich immer, dass es auch in anderen \"Disziplinen\" Verr\u00fcckte gibt. \u00a0 Wie\u2026","rel":"","context":"In &quot;2013 NORDKAPP&quot;","block_context":{"text":"2013 NORDKAPP","link":"http:\/\/guderley.com\/?cat=23"},"img":{"alt_text":"","src":"https:\/\/i0.wp.com\/guderley.com\/wp-content\/uploads\/2013\/05\/wpid-Photo-20.05.2013-1425.jpg?resize=350%2C200","width":350,"height":200,"srcset":"https:\/\/i0.wp.com\/guderley.com\/wp-content\/uploads\/2013\/05\/wpid-Photo-20.05.2013-1425.jpg?resize=350%2C200 1x, https:\/\/i0.wp.com\/guderley.com\/wp-content\/uploads\/2013\/05\/wpid-Photo-20.05.2013-1425.jpg?resize=525%2C300 1.5x, https:\/\/i0.wp.com\/guderley.com\/wp-content\/uploads\/2013\/05\/wpid-Photo-20.05.2013-1425.jpg?resize=700%2C400 2x"},"classes":[]}],"_links":{"self":[{"href":"http:\/\/guderley.com\/index.php?rest_route=\/wp\/v2\/posts\/1525","targetHints":{"allow":["GET"]}}],"collection":[{"href":"http:\/\/guderley.com\/index.php?rest_route=\/wp\/v2\/posts"}],"about":[{"href":"http:\/\/guderley.com\/index.php?rest_route=\/wp\/v2\/types\/post"}],"author":[{"embeddable":true,"href":"http:\/\/guderley.com\/index.php?rest_route=\/wp\/v2\/users\/2"}],"replies":[{"embeddable":true,"href":"http:\/\/guderley.com\/index.php?rest_route=%2Fwp%2Fv2%2Fcomments&post=1525"}],"version-history":[{"count":3,"href":"http:\/\/guderley.com\/index.php?rest_route=\/wp\/v2\/posts\/1525\/revisions"}],"predecessor-version":[{"id":1536,"href":"http:\/\/guderley.com\/index.php?rest_route=\/wp\/v2\/posts\/1525\/revisions\/1536"}],"wp:attachment":[{"href":"http:\/\/guderley.com\/index.php?rest_route=%2Fwp%2Fv2%2Fmedia&parent=1525"}],"wp:term":[{"taxonomy":"category","embeddable":true,"href":"http:\/\/guderley.com\/index.php?rest_route=%2Fwp%2Fv2%2Fcategories&post=1525"},{"taxonomy":"post_tag","embeddable":true,"href":"http:\/\/guderley.com\/index.php?rest_route=%2Fwp%2Fv2%2Ftags&post=1525"}],"curies":[{"name":"wp","href":"https:\/\/api.w.org\/{rel}","templated":true}]}}