{"id":1510,"date":"2012-08-14T16:15:12","date_gmt":"2012-08-14T15:15:12","guid":{"rendered":"http:\/\/guderley.com\/?p=1510"},"modified":"2012-08-14T16:15:12","modified_gmt":"2012-08-14T15:15:12","slug":"14-8-nida-litauen-tag-29-km-2505","status":"publish","type":"post","link":"http:\/\/guderley.com\/?p=1510","title":{"rendered":"14.8. Nida \/ Litauen &#8211; Tag 29 &#8211; km 2505"},"content":{"rendered":"<p>Nach dem Aufbruch heute morgen bin ich noch ein wenig durch Klaip\u0117da gerollt und habe dem Denkmal f\u00fcr das &#8222;\u00c4nnchen von Tharau&#8220; auf dem Theaterplatz meine Referenz erwiesen. Auf dem Marktplatz bin ich mit einer alten Frau ins Gespr\u00e4ch gekommen, die noch richtig ostpreu\u00dfisch sprach. Sie lebt ihr ganzes Leben auf der Kurischen Nehrung. Also die war gesch\u00e4tzt 85, habe mich aber nicht fragen trauen.<\/p>\n<div class=\"separator\" style=\"clear: both; text-align: center;\"><a href=\"https:\/\/i0.wp.com\/lh5.googleusercontent.com\/-EGU2TppL6xs\/S13FZAIrm9I\/AAAAAAABGiA\/PulO2w0q_d8\/s1200\/Klaipeda%252520%2525285%252529.JPG?ssl=1\" target=\"_blank\" style=\"margin-left: 1em; margin-right: 1em;\"><img data-recalc-dims=\"1\" decoding=\"async\" src=\"https:\/\/i0.wp.com\/lh5.googleusercontent.com\/-EGU2TppL6xs\/S13FZAIrm9I\/AAAAAAABGiA\/PulO2w0q_d8\/s500\/Klaipeda%252520%2525285%252529.JPG?resize=500%2C667&#038;ssl=1\" id=\"blogsy-1344957276481.5415\" class=\"aligncenter\" alt=\"\" width=\"500\" height=\"667\"><\/a><\/div>\n<p>Am F\u00e4hranleger hatte um 10 Uhr ein britischer Kreuzfahrer festgemacht, mit 1800 Menschen an Bord, da konnte man zusehen, wie schnell aus einem beschaulichen Hafen ein &#8222;Business-Modell&#8220; wurde.<\/p>\n<p>Ich bin dann rund 50 Kilometer die Kurische Nehrung nach S\u00fcden gefahren, teils auf der Seeseite und teils auf der Haffseite. Je weiter man Richtung Nida kam, desto mehr belebte sich der Radweg. Hier selbst ist der B\u00e4r los. <\/p>\n<p>Ich habe mir nat\u00fcrlich auch das Haus der Familie Mann angesehen. Hier verbrachte Thomas Mann mit seiner Familie eine ganze Reihe von Jahren die langen Sommerferien bis zur Emigration nach USA.<\/p>\n<div class=\"separator\" style=\"clear: both; text-align: center;\"><a href=\"https:\/\/i0.wp.com\/lh4.googleusercontent.com\/-8gWOaElqbjU\/TAk6BJiqPlI\/AAAAAAABdRk\/yxDXSOrQJfo\/s900\/Nida%2525202.jpg?ssl=1\" target=\"_blank\" style=\"margin-left: 1em; margin-right: 1em;\"><img data-recalc-dims=\"1\" decoding=\"async\" src=\"https:\/\/i0.wp.com\/lh4.googleusercontent.com\/-8gWOaElqbjU\/TAk6BJiqPlI\/AAAAAAABdRk\/yxDXSOrQJfo\/s500\/Nida%2525202.jpg?resize=500%2C340&#038;ssl=1\" id=\"blogsy-1344957276518.0103\" class=\"aligncenter\" alt=\"\" width=\"500\" height=\"340\"><\/a><\/div>\n<p>Leider sind mir heute beim \u00dcberspielen die  Bilder des Tages abhanden gekommen, dar\u00fcber habe ich mich sehr ge\u00e4rgert, aber das ist leider nicht zu \u00e4ndern.<\/p>\n<p>Morgen geht es in die Russische F\u00f6deration, das sogenannte Kaliningrader Gebiet. Ich bin schon ein bisschen gespannt und auch unsicher wie das da so mit dem Rad gehen wird. Man h\u00f6rt und liest sehr viel unterschiedliches.<\/p>\n<p>Ziel ist dann morgen am Sp\u00e4tnachmittag dort zu sein um die Stadt noch intensiv anzugucken. L\u00e4nger als eine Nacht m\u00f6chte ich nicht bleiben. <\/p>\n<p>&nbsp;<\/p>\n<div style=\"text-align: right; font-size: small; clear: both;\" id=\"blogsy_footer\"><a href=\"http:\/\/blogsyapp.com\" target=\"_blank\"><img data-recalc-dims=\"1\" decoding=\"async\" src=\"https:\/\/i0.wp.com\/blogsyapp.com\/images\/blogsy_footer_icon.png?resize=20%2C20\" alt=\"Mit Blogsy ver\u00f6ffentlicht\" style=\"vertical-align: middle; margin-right: 5px;\" width=\"20\" height=\"20\" \/>Mit Blogsy ver\u00f6ffentlicht<\/a><\/div>\n","protected":false},"excerpt":{"rendered":"<p>Nach dem Aufbruch heute morgen bin ich noch ein wenig durch Klaip\u0117da gerollt und habe dem Denkmal f\u00fcr das &#8222;\u00c4nnchen von Tharau&#8220; auf dem Theaterplatz meine Referenz erwiesen. Auf dem Marktplatz bin ich mit einer alten Frau ins Gespr\u00e4ch gekommen, die noch richtig ostpreu\u00dfisch sprach. Sie lebt ihr ganzes Leben auf der Kurischen Nehrung. Also [&hellip;]<\/p>\n","protected":false},"author":2,"featured_media":0,"comment_status":"open","ping_status":"open","sticky":false,"template":"","format":"standard","meta":{"_jetpack_newsletter_access":"","_jetpack_dont_email_post_to_subs":false,"_jetpack_newsletter_tier_id":0,"_jetpack_memberships_contains_paywalled_content":false,"_jetpack_memberships_contains_paid_content":false,"footnotes":""},"categories":[22],"tags":[],"class_list":["post-1510","post","type-post","status-publish","format-standard","hentry","category-baltikum-2012"],"yoast_head":"<!-- This site is optimized with the Yoast SEO plugin v25.8 - https:\/\/yoast.com\/wordpress\/plugins\/seo\/ -->\n<title>14.8. Nida \/ Litauen - Tag 29 - km 2505 - G\u00fcnter&#039;s Blog<\/title>\n<meta name=\"robots\" content=\"index, follow, max-snippet:-1, max-image-preview:large, max-video-preview:-1\" \/>\n<link rel=\"canonical\" href=\"http:\/\/guderley.com\/?p=1510\" \/>\n<meta property=\"og:locale\" content=\"de_DE\" \/>\n<meta property=\"og:type\" content=\"article\" \/>\n<meta property=\"og:title\" content=\"14.8. Nida \/ Litauen - Tag 29 - km 2505 - G\u00fcnter&#039;s Blog\" \/>\n<meta property=\"og:description\" content=\"Nach dem Aufbruch heute morgen bin ich noch ein wenig durch Klaip\u0117da gerollt und habe dem Denkmal f\u00fcr das &#8222;\u00c4nnchen von Tharau&#8220; auf dem Theaterplatz meine Referenz erwiesen. Auf dem Marktplatz bin ich mit einer alten Frau ins Gespr\u00e4ch gekommen, die noch richtig ostpreu\u00dfisch sprach. Sie lebt ihr ganzes Leben auf der Kurischen Nehrung. Also [&hellip;]\" \/>\n<meta property=\"og:url\" content=\"http:\/\/guderley.com\/?p=1510\" \/>\n<meta property=\"og:site_name\" content=\"G\u00fcnter&#039;s Blog\" \/>\n<meta property=\"article:published_time\" content=\"2012-08-14T15:15:12+00:00\" \/>\n<meta property=\"og:image\" content=\"https:\/\/lh5.googleusercontent.com\/-EGU2TppL6xs\/S13FZAIrm9I\/AAAAAAABGiA\/PulO2w0q_d8\/s500\/Klaipeda%252520%2525285%252529.JPG\" \/>\n<meta name=\"author\" content=\"guenter\" \/>\n<meta name=\"twitter:card\" content=\"summary_large_image\" \/>\n<meta name=\"twitter:label1\" content=\"Verfasst von\" \/>\n\t<meta name=\"twitter:data1\" content=\"guenter\" \/>\n\t<meta name=\"twitter:label2\" content=\"Gesch\u00e4tzte Lesezeit\" \/>\n\t<meta name=\"twitter:data2\" content=\"1\u00a0Minute\" \/>\n<script type=\"application\/ld+json\" class=\"yoast-schema-graph\">{\"@context\":\"https:\/\/schema.org\",\"@graph\":[{\"@type\":\"Article\",\"@id\":\"http:\/\/guderley.com\/?p=1510#article\",\"isPartOf\":{\"@id\":\"http:\/\/guderley.com\/?p=1510\"},\"author\":{\"name\":\"guenter\",\"@id\":\"https:\/\/guderley.com\/#\/schema\/person\/24a827645a6fedd3481426a7028dfdcd\"},\"headline\":\"14.8. Nida \/ Litauen &#8211; Tag 29 &#8211; km 2505\",\"datePublished\":\"2012-08-14T15:15:12+00:00\",\"mainEntityOfPage\":{\"@id\":\"http:\/\/guderley.com\/?p=1510\"},\"wordCount\":270,\"commentCount\":1,\"publisher\":{\"@id\":\"https:\/\/guderley.com\/#\/schema\/person\/24a827645a6fedd3481426a7028dfdcd\"},\"image\":{\"@id\":\"http:\/\/guderley.com\/?p=1510#primaryimage\"},\"thumbnailUrl\":\"https:\/\/lh5.googleusercontent.com\/-EGU2TppL6xs\/S13FZAIrm9I\/AAAAAAABGiA\/PulO2w0q_d8\/s500\/Klaipeda%252520%2525285%252529.JPG\",\"articleSection\":[\"2012 BALTIKUM\"],\"inLanguage\":\"de\",\"potentialAction\":[{\"@type\":\"CommentAction\",\"name\":\"Comment\",\"target\":[\"http:\/\/guderley.com\/?p=1510#respond\"]}]},{\"@type\":\"WebPage\",\"@id\":\"http:\/\/guderley.com\/?p=1510\",\"url\":\"http:\/\/guderley.com\/?p=1510\",\"name\":\"14.8. Nida \/ Litauen - Tag 29 - km 2505 - G\u00fcnter&#039;s Blog\",\"isPartOf\":{\"@id\":\"https:\/\/guderley.com\/#website\"},\"primaryImageOfPage\":{\"@id\":\"http:\/\/guderley.com\/?p=1510#primaryimage\"},\"image\":{\"@id\":\"http:\/\/guderley.com\/?p=1510#primaryimage\"},\"thumbnailUrl\":\"https:\/\/lh5.googleusercontent.com\/-EGU2TppL6xs\/S13FZAIrm9I\/AAAAAAABGiA\/PulO2w0q_d8\/s500\/Klaipeda%252520%2525285%252529.JPG\",\"datePublished\":\"2012-08-14T15:15:12+00:00\",\"breadcrumb\":{\"@id\":\"http:\/\/guderley.com\/?p=1510#breadcrumb\"},\"inLanguage\":\"de\",\"potentialAction\":[{\"@type\":\"ReadAction\",\"target\":[\"http:\/\/guderley.com\/?p=1510\"]}]},{\"@type\":\"ImageObject\",\"inLanguage\":\"de\",\"@id\":\"http:\/\/guderley.com\/?p=1510#primaryimage\",\"url\":\"https:\/\/lh5.googleusercontent.com\/-EGU2TppL6xs\/S13FZAIrm9I\/AAAAAAABGiA\/PulO2w0q_d8\/s500\/Klaipeda%252520%2525285%252529.JPG\",\"contentUrl\":\"https:\/\/lh5.googleusercontent.com\/-EGU2TppL6xs\/S13FZAIrm9I\/AAAAAAABGiA\/PulO2w0q_d8\/s500\/Klaipeda%252520%2525285%252529.JPG\"},{\"@type\":\"BreadcrumbList\",\"@id\":\"http:\/\/guderley.com\/?p=1510#breadcrumb\",\"itemListElement\":[{\"@type\":\"ListItem\",\"position\":1,\"name\":\"Startseite\",\"item\":\"https:\/\/guderley.com\/\"},{\"@type\":\"ListItem\",\"position\":2,\"name\":\"14.8. Nida \/ Litauen &#8211; Tag 29 &#8211; km 2505\"}]},{\"@type\":\"WebSite\",\"@id\":\"https:\/\/guderley.com\/#website\",\"url\":\"https:\/\/guderley.com\/\",\"name\":\"G\u00fcnter's Blog\",\"description\":\"Fahrrad Touren rund um die Welt\",\"publisher\":{\"@id\":\"https:\/\/guderley.com\/#\/schema\/person\/24a827645a6fedd3481426a7028dfdcd\"},\"alternateName\":\"G\u00fcnter's Blog\",\"potentialAction\":[{\"@type\":\"SearchAction\",\"target\":{\"@type\":\"EntryPoint\",\"urlTemplate\":\"https:\/\/guderley.com\/?s={search_term_string}\"},\"query-input\":{\"@type\":\"PropertyValueSpecification\",\"valueRequired\":true,\"valueName\":\"search_term_string\"}}],\"inLanguage\":\"de\"},{\"@type\":[\"Person\",\"Organization\"],\"@id\":\"https:\/\/guderley.com\/#\/schema\/person\/24a827645a6fedd3481426a7028dfdcd\",\"name\":\"guenter\",\"image\":{\"@type\":\"ImageObject\",\"inLanguage\":\"de\",\"@id\":\"https:\/\/guderley.com\/#\/schema\/person\/image\/\",\"url\":\"https:\/\/i0.wp.com\/guderley.com\/wp-content\/uploads\/img_8008-scaled.jpg?fit=1920%2C2560\",\"contentUrl\":\"https:\/\/i0.wp.com\/guderley.com\/wp-content\/uploads\/img_8008-scaled.jpg?fit=1920%2C2560\",\"width\":1920,\"height\":2560,\"caption\":\"guenter\"},\"logo\":{\"@id\":\"https:\/\/guderley.com\/#\/schema\/person\/image\/\"},\"sameAs\":[\"http:\/\/guderley.com\/blog\"],\"url\":\"http:\/\/guderley.com\/?author=2\"}]}<\/script>\n<!-- \/ Yoast SEO plugin. -->","yoast_head_json":{"title":"14.8. Nida \/ Litauen - Tag 29 - km 2505 - G\u00fcnter&#039;s Blog","robots":{"index":"index","follow":"follow","max-snippet":"max-snippet:-1","max-image-preview":"max-image-preview:large","max-video-preview":"max-video-preview:-1"},"canonical":"http:\/\/guderley.com\/?p=1510","og_locale":"de_DE","og_type":"article","og_title":"14.8. Nida \/ Litauen - Tag 29 - km 2505 - G\u00fcnter&#039;s Blog","og_description":"Nach dem Aufbruch heute morgen bin ich noch ein wenig durch Klaip\u0117da gerollt und habe dem Denkmal f\u00fcr das &#8222;\u00c4nnchen von Tharau&#8220; auf dem Theaterplatz meine Referenz erwiesen. Auf dem Marktplatz bin ich mit einer alten Frau ins Gespr\u00e4ch gekommen, die noch richtig ostpreu\u00dfisch sprach. Sie lebt ihr ganzes Leben auf der Kurischen Nehrung. Also [&hellip;]","og_url":"http:\/\/guderley.com\/?p=1510","og_site_name":"G\u00fcnter&#039;s Blog","article_published_time":"2012-08-14T15:15:12+00:00","og_image":[{"url":"https:\/\/lh5.googleusercontent.com\/-EGU2TppL6xs\/S13FZAIrm9I\/AAAAAAABGiA\/PulO2w0q_d8\/s500\/Klaipeda%252520%2525285%252529.JPG","type":"","width":"","height":""}],"author":"guenter","twitter_card":"summary_large_image","twitter_misc":{"Verfasst von":"guenter","Gesch\u00e4tzte Lesezeit":"1\u00a0Minute"},"schema":{"@context":"https:\/\/schema.org","@graph":[{"@type":"Article","@id":"http:\/\/guderley.com\/?p=1510#article","isPartOf":{"@id":"http:\/\/guderley.com\/?p=1510"},"author":{"name":"guenter","@id":"https:\/\/guderley.com\/#\/schema\/person\/24a827645a6fedd3481426a7028dfdcd"},"headline":"14.8. Nida \/ Litauen &#8211; Tag 29 &#8211; km 2505","datePublished":"2012-08-14T15:15:12+00:00","mainEntityOfPage":{"@id":"http:\/\/guderley.com\/?p=1510"},"wordCount":270,"commentCount":1,"publisher":{"@id":"https:\/\/guderley.com\/#\/schema\/person\/24a827645a6fedd3481426a7028dfdcd"},"image":{"@id":"http:\/\/guderley.com\/?p=1510#primaryimage"},"thumbnailUrl":"https:\/\/lh5.googleusercontent.com\/-EGU2TppL6xs\/S13FZAIrm9I\/AAAAAAABGiA\/PulO2w0q_d8\/s500\/Klaipeda%252520%2525285%252529.JPG","articleSection":["2012 BALTIKUM"],"inLanguage":"de","potentialAction":[{"@type":"CommentAction","name":"Comment","target":["http:\/\/guderley.com\/?p=1510#respond"]}]},{"@type":"WebPage","@id":"http:\/\/guderley.com\/?p=1510","url":"http:\/\/guderley.com\/?p=1510","name":"14.8. Nida \/ Litauen - Tag 29 - km 2505 - G\u00fcnter&#039;s Blog","isPartOf":{"@id":"https:\/\/guderley.com\/#website"},"primaryImageOfPage":{"@id":"http:\/\/guderley.com\/?p=1510#primaryimage"},"image":{"@id":"http:\/\/guderley.com\/?p=1510#primaryimage"},"thumbnailUrl":"https:\/\/lh5.googleusercontent.com\/-EGU2TppL6xs\/S13FZAIrm9I\/AAAAAAABGiA\/PulO2w0q_d8\/s500\/Klaipeda%252520%2525285%252529.JPG","datePublished":"2012-08-14T15:15:12+00:00","breadcrumb":{"@id":"http:\/\/guderley.com\/?p=1510#breadcrumb"},"inLanguage":"de","potentialAction":[{"@type":"ReadAction","target":["http:\/\/guderley.com\/?p=1510"]}]},{"@type":"ImageObject","inLanguage":"de","@id":"http:\/\/guderley.com\/?p=1510#primaryimage","url":"https:\/\/lh5.googleusercontent.com\/-EGU2TppL6xs\/S13FZAIrm9I\/AAAAAAABGiA\/PulO2w0q_d8\/s500\/Klaipeda%252520%2525285%252529.JPG","contentUrl":"https:\/\/lh5.googleusercontent.com\/-EGU2TppL6xs\/S13FZAIrm9I\/AAAAAAABGiA\/PulO2w0q_d8\/s500\/Klaipeda%252520%2525285%252529.JPG"},{"@type":"BreadcrumbList","@id":"http:\/\/guderley.com\/?p=1510#breadcrumb","itemListElement":[{"@type":"ListItem","position":1,"name":"Startseite","item":"https:\/\/guderley.com\/"},{"@type":"ListItem","position":2,"name":"14.8. Nida \/ Litauen &#8211; Tag 29 &#8211; km 2505"}]},{"@type":"WebSite","@id":"https:\/\/guderley.com\/#website","url":"https:\/\/guderley.com\/","name":"G\u00fcnter's Blog","description":"Fahrrad Touren rund um die Welt","publisher":{"@id":"https:\/\/guderley.com\/#\/schema\/person\/24a827645a6fedd3481426a7028dfdcd"},"alternateName":"G\u00fcnter's Blog","potentialAction":[{"@type":"SearchAction","target":{"@type":"EntryPoint","urlTemplate":"https:\/\/guderley.com\/?s={search_term_string}"},"query-input":{"@type":"PropertyValueSpecification","valueRequired":true,"valueName":"search_term_string"}}],"inLanguage":"de"},{"@type":["Person","Organization"],"@id":"https:\/\/guderley.com\/#\/schema\/person\/24a827645a6fedd3481426a7028dfdcd","name":"guenter","image":{"@type":"ImageObject","inLanguage":"de","@id":"https:\/\/guderley.com\/#\/schema\/person\/image\/","url":"https:\/\/i0.wp.com\/guderley.com\/wp-content\/uploads\/img_8008-scaled.jpg?fit=1920%2C2560","contentUrl":"https:\/\/i0.wp.com\/guderley.com\/wp-content\/uploads\/img_8008-scaled.jpg?fit=1920%2C2560","width":1920,"height":2560,"caption":"guenter"},"logo":{"@id":"https:\/\/guderley.com\/#\/schema\/person\/image\/"},"sameAs":["http:\/\/guderley.com\/blog"],"url":"http:\/\/guderley.com\/?author=2"}]}},"jetpack_featured_media_url":"","jetpack_sharing_enabled":true,"jetpack_shortlink":"https:\/\/wp.me\/p9IuXF-om","jetpack_likes_enabled":true,"jetpack-related-posts":[{"id":5877,"url":"http:\/\/guderley.com\/?p=5877","url_meta":{"origin":1510,"position":0},"title":"Tag 8 &#8211; So &#8211; 18.8.2024 &#8211; Lavam\u00fcnd\/K\u00e4rnten &#8211; 85 km &#8211; Gesamt-km: 617","author":"guenter","date":"August 18, 2024","format":false,"excerpt":"Maribor hat wirklich Charme - fr\u00fchst\u00fccke bei sehr angenehmer Temperatur am Drau-Ufer. Drau-Radweg bis an die \u00f6sterreichische Grenze war die Tages-Losung. Bei einem Flu\u00dfradweg denke ich an \u201eflaches Genu\u00dfradeln\u201e. Nat\u00fcrlich hatte mich Komoot schon auf viele H\u00f6henmeter vorbereitet. Meine Erwartungen wurden aber noch deutlich \u00fcbertroffen. Am Ende waren es 1014\u2026","rel":"","context":"In &quot;2024_Sommer-Tour - 5 L\u00e4nder&quot;","block_context":{"text":"2024_Sommer-Tour - 5 L\u00e4nder","link":"http:\/\/guderley.com\/?cat=35"},"img":{"alt_text":"","src":"https:\/\/i0.wp.com\/guderley.com\/wp-content\/uploads\/img_7050.jpg?resize=350%2C200","width":350,"height":200,"srcset":"https:\/\/i0.wp.com\/guderley.com\/wp-content\/uploads\/img_7050.jpg?resize=350%2C200 1x, https:\/\/i0.wp.com\/guderley.com\/wp-content\/uploads\/img_7050.jpg?resize=525%2C300 1.5x, https:\/\/i0.wp.com\/guderley.com\/wp-content\/uploads\/img_7050.jpg?resize=700%2C400 2x, https:\/\/i0.wp.com\/guderley.com\/wp-content\/uploads\/img_7050.jpg?resize=1050%2C600 3x, https:\/\/i0.wp.com\/guderley.com\/wp-content\/uploads\/img_7050.jpg?resize=1400%2C800 4x"},"classes":[]},{"id":1718,"url":"http:\/\/guderley.com\/?p=1718","url_meta":{"origin":1510,"position":1},"title":"G\u00f6teborg \/ Schweden  &#8211;  Tag 8  &#8211;  Montag, 20. Mai","author":"guenter","date":"Mai 20, 2013","format":false,"excerpt":"Nach sehr angenehmer und ruhiger \u00dcberfahrt bin ich p\u00fcnktlich in G\u00f6teborg angekommen. Meine Kabine teilte ich mir mit einem sehr netten norwegischen Motorradfahrer, der gerade von einem Motorradtrip von Molde nach Istanbul auf dem Heimweg ist. Es beruhigt mich immer, dass es auch in anderen \"Disziplinen\" Verr\u00fcckte gibt. \u00a0 Wie\u2026","rel":"","context":"In &quot;2013 NORDKAPP&quot;","block_context":{"text":"2013 NORDKAPP","link":"http:\/\/guderley.com\/?cat=23"},"img":{"alt_text":"","src":"https:\/\/i0.wp.com\/guderley.com\/wp-content\/uploads\/2013\/05\/wpid-Photo-20.05.2013-1425.jpg?resize=350%2C200","width":350,"height":200,"srcset":"https:\/\/i0.wp.com\/guderley.com\/wp-content\/uploads\/2013\/05\/wpid-Photo-20.05.2013-1425.jpg?resize=350%2C200 1x, https:\/\/i0.wp.com\/guderley.com\/wp-content\/uploads\/2013\/05\/wpid-Photo-20.05.2013-1425.jpg?resize=525%2C300 1.5x, https:\/\/i0.wp.com\/guderley.com\/wp-content\/uploads\/2013\/05\/wpid-Photo-20.05.2013-1425.jpg?resize=700%2C400 2x"},"classes":[]},{"id":1582,"url":"http:\/\/guderley.com\/?p=1582","url_meta":{"origin":1510,"position":2},"title":"21.8.  Samociazek \/ Polen &#8211; Tag 36 &#8211; km 3155","author":"guenter","date":"August 22, 2012","format":false,"excerpt":"Welch weise Entscheidung diese Nacht im Hotel zu verbringen. Es hat die ganze Nacht ziemlich gewittert und gest\u00fcrmt. Heute Morgen ist der Spuk vorbei und ich mache mich frohen Mutes ein weiteres St\u00fcck auf den Heimweg.Allerdings war es nicht unbedingt mein Tag. Ich kam nicht wirklich ins Rollen, der Wind\u2026","rel":"","context":"In &quot;2012 BALTIKUM&quot;","block_context":{"text":"2012 BALTIKUM","link":"http:\/\/guderley.com\/?cat=22"},"img":{"alt_text":"","src":"https:\/\/i0.wp.com\/guderley.com\/wp-content\/uploads\/2012\/08\/wpid-Photo-21.08.2012-1348.jpg?resize=350%2C200","width":350,"height":200,"srcset":"https:\/\/i0.wp.com\/guderley.com\/wp-content\/uploads\/2012\/08\/wpid-Photo-21.08.2012-1348.jpg?resize=350%2C200 1x, https:\/\/i0.wp.com\/guderley.com\/wp-content\/uploads\/2012\/08\/wpid-Photo-21.08.2012-1348.jpg?resize=525%2C300 1.5x, https:\/\/i0.wp.com\/guderley.com\/wp-content\/uploads\/2012\/08\/wpid-Photo-21.08.2012-1348.jpg?resize=700%2C400 2x"},"classes":[]},{"id":1495,"url":"http:\/\/guderley.com\/?p=1495","url_meta":{"origin":1510,"position":3},"title":"12.8.  \u0160ventoji \/ Litauen &#8211; Tag 27 &#8211; km 2343","author":"guenter","date":"August 12, 2012","format":false,"excerpt":"Es war ein wunderbar sonniger Nachmittag, nicht allzu hei\u00df, perfekt zum Radfahren. Aus Liep\u0101ja hinaus f\u00fchrte mich wieder ein perfekter Radweg entlang des Strandes.Aber irgendwann war Schlu\u00df mit lustig und es ging auf der A 11 stramm nach S\u00fcden in Richtung Litauen. Zwischendurch noch ein kleiner Abstecher nach Bern\u0101ti, dem\u2026","rel":"","context":"In &quot;2012 BALTIKUM&quot;","block_context":{"text":"2012 BALTIKUM","link":"http:\/\/guderley.com\/?cat=22"},"img":{"alt_text":"","src":"https:\/\/i0.wp.com\/guderley.com\/wp-content\/uploads\/2012\/08\/wpid-Photo-12.08.2012-2101.jpg?resize=350%2C200","width":350,"height":200,"srcset":"https:\/\/i0.wp.com\/guderley.com\/wp-content\/uploads\/2012\/08\/wpid-Photo-12.08.2012-2101.jpg?resize=350%2C200 1x, https:\/\/i0.wp.com\/guderley.com\/wp-content\/uploads\/2012\/08\/wpid-Photo-12.08.2012-2101.jpg?resize=525%2C300 1.5x, https:\/\/i0.wp.com\/guderley.com\/wp-content\/uploads\/2012\/08\/wpid-Photo-12.08.2012-2101.jpg?resize=700%2C400 2x"},"classes":[]},{"id":3543,"url":"http:\/\/guderley.com\/?p=3543","url_meta":{"origin":1510,"position":4},"title":"Tag 40 &#8211; So 24.06.2018 &#8211; Kitsap Memorial Park \/ 80 km \/ Gesamt: 2770 km","author":"guenter","date":"Juni 25, 2018","format":false,"excerpt":"Heute Morgen gab es ein bisschen Stress auf der John Wayne Campsite - in der Tat geh\u00f6rt das Gel\u00e4nde der Familie des gro\u00dfen Westernhelden. Gestern bei meiner Ankunft war das Office nicht mehr besetzt - ordentlich wie ich bin - bin ich heute morgen nicht ohne zu bezahlen losgefahren. Die\u2026","rel":"","context":"In &quot;2018 ALASKA&quot;","block_context":{"text":"2018 ALASKA","link":"http:\/\/guderley.com\/?cat=28"},"img":{"alt_text":"","src":"https:\/\/i0.wp.com\/guderley.com\/wp-content\/uploads\/WhatsApp-Image-2018-06-25-at-04.12.05.jpeg?resize=350%2C200","width":350,"height":200,"srcset":"https:\/\/i0.wp.com\/guderley.com\/wp-content\/uploads\/WhatsApp-Image-2018-06-25-at-04.12.05.jpeg?resize=350%2C200 1x, https:\/\/i0.wp.com\/guderley.com\/wp-content\/uploads\/WhatsApp-Image-2018-06-25-at-04.12.05.jpeg?resize=525%2C300 1.5x, https:\/\/i0.wp.com\/guderley.com\/wp-content\/uploads\/WhatsApp-Image-2018-06-25-at-04.12.05.jpeg?resize=700%2C400 2x"},"classes":[]},{"id":1566,"url":"http:\/\/guderley.com\/?p=1566","url_meta":{"origin":1510,"position":5},"title":"19.8.  Gda\u0144sk \/ Polen &#8211; Tag 34 &#8211; km 2895","author":"guenter","date":"August 19, 2012","format":false,"excerpt":"Heute war ein strahlender Hochsommertag mit deutlich \u00fcber 30 Grad. Um 8:30 Uhr bin ich mit ganz vielen anderen Leuten mit der F\u00e4hre hinaus auf die Halbinsel Hel gefahren. Das dauert knapp zwei Stunden und ist ein beliebtes Sommerziel, sowohl f\u00fcr Tagesausfl\u00fcgler, wie auch Dauerurlauber.Entsprechend voll sind die Str\u00e4nde auf\u2026","rel":"","context":"In &quot;2012 BALTIKUM&quot;","block_context":{"text":"2012 BALTIKUM","link":"http:\/\/guderley.com\/?cat=22"},"img":{"alt_text":"","src":"https:\/\/i0.wp.com\/guderley.com\/wp-content\/uploads\/2012\/08\/wpid-Photo-19.08.2012-1534.jpg?resize=350%2C200","width":350,"height":200,"srcset":"https:\/\/i0.wp.com\/guderley.com\/wp-content\/uploads\/2012\/08\/wpid-Photo-19.08.2012-1534.jpg?resize=350%2C200 1x, https:\/\/i0.wp.com\/guderley.com\/wp-content\/uploads\/2012\/08\/wpid-Photo-19.08.2012-1534.jpg?resize=525%2C300 1.5x, https:\/\/i0.wp.com\/guderley.com\/wp-content\/uploads\/2012\/08\/wpid-Photo-19.08.2012-1534.jpg?resize=700%2C400 2x"},"classes":[]}],"_links":{"self":[{"href":"http:\/\/guderley.com\/index.php?rest_route=\/wp\/v2\/posts\/1510","targetHints":{"allow":["GET"]}}],"collection":[{"href":"http:\/\/guderley.com\/index.php?rest_route=\/wp\/v2\/posts"}],"about":[{"href":"http:\/\/guderley.com\/index.php?rest_route=\/wp\/v2\/types\/post"}],"author":[{"embeddable":true,"href":"http:\/\/guderley.com\/index.php?rest_route=\/wp\/v2\/users\/2"}],"replies":[{"embeddable":true,"href":"http:\/\/guderley.com\/index.php?rest_route=%2Fwp%2Fv2%2Fcomments&post=1510"}],"version-history":[{"count":0,"href":"http:\/\/guderley.com\/index.php?rest_route=\/wp\/v2\/posts\/1510\/revisions"}],"wp:attachment":[{"href":"http:\/\/guderley.com\/index.php?rest_route=%2Fwp%2Fv2%2Fmedia&parent=1510"}],"wp:term":[{"taxonomy":"category","embeddable":true,"href":"http:\/\/guderley.com\/index.php?rest_route=%2Fwp%2Fv2%2Fcategories&post=1510"},{"taxonomy":"post_tag","embeddable":true,"href":"http:\/\/guderley.com\/index.php?rest_route=%2Fwp%2Fv2%2Ftags&post=1510"}],"curies":[{"name":"wp","href":"https:\/\/api.w.org\/{rel}","templated":true}]}}