{"id":1497,"date":"2012-08-13T10:42:43","date_gmt":"2012-08-13T09:42:43","guid":{"rendered":"http:\/\/guderley.com\/?p=1497"},"modified":"2012-08-13T21:33:10","modified_gmt":"2012-08-13T20:33:10","slug":"13-8-palanga-litauen-tag-28-km-2360","status":"publish","type":"post","link":"http:\/\/guderley.com\/?p=1497","title":{"rendered":"13.8.  Palanga \/ Litauen &#8211; Tag 28 &#8211; km 2360"},"content":{"rendered":"<p>Heute bin ich genau vier Wochen unterwegs, das ist kaum zu glauben. Diesen Tatbestand gilt es zu &#8222;feiern&#8220;, deswegen ist absolutes &#8222;easy going&#8220; angesagt.<\/p>\n<div class=\"separator\" style=\"clear: both; text-align: center;\"><a href=\"https:\/\/i0.wp.com\/guderley.com\/wp-content\/uploads\/2012\/08\/wpid-Photo-13.08.2012-1244.jpg\" target=\"_blank\" style=\"margin-left: 1em; margin-right: 1em;\"><img data-recalc-dims=\"1\" decoding=\"async\" src=\"https:\/\/i0.wp.com\/guderley.com\/wp-content\/uploads\/2012\/08\/wpid-Photo-13.08.2012-1244.jpg?resize=500%2C375\" id=\"blogsy-1344890094500.0356\" class=\"aligncenter\" alt=\"\" width=\"500\" height=\"375\"><\/a><\/div>\n<div class=\"separator\" style=\"clear: both; text-align: center;\"><a href=\"https:\/\/i0.wp.com\/guderley.com\/wp-content\/uploads\/2012\/08\/wpid-Photo-13.08.2012-1300.jpg\" target=\"_blank\" style=\"margin-left: 1em; margin-right: 1em;\"><img data-recalc-dims=\"1\" decoding=\"async\" src=\"https:\/\/i0.wp.com\/guderley.com\/wp-content\/uploads\/2012\/08\/wpid-Photo-13.08.2012-1300.jpg?resize=500%2C375\" id=\"blogsy-1344890094526.9717\" class=\"aligncenter\" alt=\"\" width=\"500\" height=\"375\"><\/a><\/div>\n<p>Durch herrliche Kiefernw\u00e4lder bin ich entlang des Strandes hier nach Palanga gerollt. Das ist so etwas wie das Westerland von Litauen. Wundersch\u00f6ner Strand aber ein gro\u00dfer Menschenauftrieb.<\/p>\n<div class=\"separator\" style=\"clear: both; text-align: center;\"><a href=\"https:\/\/i0.wp.com\/guderley.com\/wp-content\/uploads\/2012\/08\/wpid-Photo-13.08.2012-1135.jpg\" target=\"_blank\" style=\"margin-left: 1em; margin-right: 1em;\"><img data-recalc-dims=\"1\" decoding=\"async\" src=\"https:\/\/i0.wp.com\/guderley.com\/wp-content\/uploads\/2012\/08\/wpid-Photo-13.08.2012-1135.jpg?resize=500%2C375\" id=\"blogsy-1344890094491.422\" class=\"aligncenter\" alt=\"\" width=\"500\" height=\"375\"><\/a><\/div>\n<p>Gerade habe ich mir eine leckere Portion des litauischen Nationalgerichtes &#8222;Cepelinai&#8220; geg\u00f6nnt. Wer ohne zu googeln wei\u00df was es ist, kann das ja posten.<\/p>\n<p>Ich werde jetzt ein bisschen Strand genie\u00dfen und dann heute in Klaipeda \u00fcbernachten.   <\/p>\n<p>&nbsp;<\/p>\n<div style=\"text-align: right; font-size: small; clear: both;\" id=\"blogsy_footer\"><a href=\"http:\/\/blogsyapp.com\" target=\"_blank\"><img data-recalc-dims=\"1\" decoding=\"async\" src=\"https:\/\/i0.wp.com\/blogsyapp.com\/images\/blogsy_footer_icon.png?resize=20%2C20\" alt=\"Mit Blogsy ver\u00f6ffentlicht\" style=\"vertical-align: middle; margin-right: 5px;\" width=\"20\" height=\"20\" \/>Mit Blogsy ver\u00f6ffentlicht<\/a><\/div>\n","protected":false},"excerpt":{"rendered":"<p>Heute bin ich genau vier Wochen unterwegs, das ist kaum zu glauben. Diesen Tatbestand gilt es zu &#8222;feiern&#8220;, deswegen ist absolutes &#8222;easy going&#8220; angesagt. Durch herrliche Kiefernw\u00e4lder bin ich entlang des Strandes hier nach Palanga gerollt. Das ist so etwas wie das Westerland von Litauen. Wundersch\u00f6ner Strand aber ein gro\u00dfer Menschenauftrieb. Gerade habe ich mir [&hellip;]<\/p>\n","protected":false},"author":2,"featured_media":0,"comment_status":"open","ping_status":"open","sticky":false,"template":"","format":"standard","meta":{"_jetpack_newsletter_access":"","_jetpack_dont_email_post_to_subs":false,"_jetpack_newsletter_tier_id":0,"_jetpack_memberships_contains_paywalled_content":false,"_jetpack_memberships_contains_paid_content":false,"footnotes":""},"categories":[22],"tags":[],"class_list":["post-1497","post","type-post","status-publish","format-standard","hentry","category-baltikum-2012"],"yoast_head":"<!-- This site is optimized with the Yoast SEO plugin v25.8 - https:\/\/yoast.com\/wordpress\/plugins\/seo\/ -->\n<title>13.8. Palanga \/ Litauen - Tag 28 - km 2360 - G\u00fcnter&#039;s Blog<\/title>\n<meta name=\"robots\" content=\"index, follow, max-snippet:-1, max-image-preview:large, max-video-preview:-1\" \/>\n<link rel=\"canonical\" href=\"https:\/\/guderley.com\/?p=1497\" \/>\n<meta property=\"og:locale\" content=\"de_DE\" \/>\n<meta property=\"og:type\" content=\"article\" \/>\n<meta property=\"og:title\" content=\"13.8. Palanga \/ Litauen - Tag 28 - km 2360 - G\u00fcnter&#039;s Blog\" \/>\n<meta property=\"og:description\" content=\"Heute bin ich genau vier Wochen unterwegs, das ist kaum zu glauben. Diesen Tatbestand gilt es zu &#8222;feiern&#8220;, deswegen ist absolutes &#8222;easy going&#8220; angesagt. Durch herrliche Kiefernw\u00e4lder bin ich entlang des Strandes hier nach Palanga gerollt. Das ist so etwas wie das Westerland von Litauen. Wundersch\u00f6ner Strand aber ein gro\u00dfer Menschenauftrieb. Gerade habe ich mir [&hellip;]\" \/>\n<meta property=\"og:url\" content=\"https:\/\/guderley.com\/?p=1497\" \/>\n<meta property=\"og:site_name\" content=\"G\u00fcnter&#039;s Blog\" \/>\n<meta property=\"article:published_time\" content=\"2012-08-13T09:42:43+00:00\" \/>\n<meta property=\"article:modified_time\" content=\"2012-08-13T20:33:10+00:00\" \/>\n<meta property=\"og:image\" content=\"http:\/\/guderley.com\/wp-content\/uploads\/2012\/08\/wpid-Photo-13.08.2012-1244.jpg\" \/>\n<meta name=\"author\" content=\"guenter\" \/>\n<meta name=\"twitter:card\" content=\"summary_large_image\" \/>\n<meta name=\"twitter:label1\" content=\"Verfasst von\" \/>\n\t<meta name=\"twitter:data1\" content=\"guenter\" \/>\n<script type=\"application\/ld+json\" class=\"yoast-schema-graph\">{\"@context\":\"https:\/\/schema.org\",\"@graph\":[{\"@type\":\"Article\",\"@id\":\"https:\/\/guderley.com\/?p=1497#article\",\"isPartOf\":{\"@id\":\"https:\/\/guderley.com\/?p=1497\"},\"author\":{\"name\":\"guenter\",\"@id\":\"https:\/\/guderley.com\/#\/schema\/person\/24a827645a6fedd3481426a7028dfdcd\"},\"headline\":\"13.8. Palanga \/ Litauen &#8211; Tag 28 &#8211; km 2360\",\"datePublished\":\"2012-08-13T09:42:43+00:00\",\"dateModified\":\"2012-08-13T20:33:10+00:00\",\"mainEntityOfPage\":{\"@id\":\"https:\/\/guderley.com\/?p=1497\"},\"wordCount\":104,\"commentCount\":3,\"publisher\":{\"@id\":\"https:\/\/guderley.com\/#\/schema\/person\/24a827645a6fedd3481426a7028dfdcd\"},\"image\":{\"@id\":\"https:\/\/guderley.com\/?p=1497#primaryimage\"},\"thumbnailUrl\":\"http:\/\/guderley.com\/wp-content\/uploads\/2012\/08\/wpid-Photo-13.08.2012-1244.jpg\",\"articleSection\":[\"2012 BALTIKUM\"],\"inLanguage\":\"de\",\"potentialAction\":[{\"@type\":\"CommentAction\",\"name\":\"Comment\",\"target\":[\"https:\/\/guderley.com\/?p=1497#respond\"]}]},{\"@type\":\"WebPage\",\"@id\":\"https:\/\/guderley.com\/?p=1497\",\"url\":\"https:\/\/guderley.com\/?p=1497\",\"name\":\"13.8. Palanga \/ Litauen - Tag 28 - km 2360 - G\u00fcnter&#039;s Blog\",\"isPartOf\":{\"@id\":\"https:\/\/guderley.com\/#website\"},\"primaryImageOfPage\":{\"@id\":\"https:\/\/guderley.com\/?p=1497#primaryimage\"},\"image\":{\"@id\":\"https:\/\/guderley.com\/?p=1497#primaryimage\"},\"thumbnailUrl\":\"http:\/\/guderley.com\/wp-content\/uploads\/2012\/08\/wpid-Photo-13.08.2012-1244.jpg\",\"datePublished\":\"2012-08-13T09:42:43+00:00\",\"dateModified\":\"2012-08-13T20:33:10+00:00\",\"breadcrumb\":{\"@id\":\"https:\/\/guderley.com\/?p=1497#breadcrumb\"},\"inLanguage\":\"de\",\"potentialAction\":[{\"@type\":\"ReadAction\",\"target\":[\"https:\/\/guderley.com\/?p=1497\"]}]},{\"@type\":\"ImageObject\",\"inLanguage\":\"de\",\"@id\":\"https:\/\/guderley.com\/?p=1497#primaryimage\",\"url\":\"https:\/\/i0.wp.com\/guderley.com\/wp-content\/uploads\/2012\/08\/wpid-Photo-13.08.2012-1244.jpg?fit=1024%2C768\",\"contentUrl\":\"https:\/\/i0.wp.com\/guderley.com\/wp-content\/uploads\/2012\/08\/wpid-Photo-13.08.2012-1244.jpg?fit=1024%2C768\",\"width\":\"1024\",\"height\":\"768\"},{\"@type\":\"BreadcrumbList\",\"@id\":\"https:\/\/guderley.com\/?p=1497#breadcrumb\",\"itemListElement\":[{\"@type\":\"ListItem\",\"position\":1,\"name\":\"Startseite\",\"item\":\"https:\/\/guderley.com\/\"},{\"@type\":\"ListItem\",\"position\":2,\"name\":\"13.8. Palanga \/ Litauen &#8211; Tag 28 &#8211; km 2360\"}]},{\"@type\":\"WebSite\",\"@id\":\"https:\/\/guderley.com\/#website\",\"url\":\"https:\/\/guderley.com\/\",\"name\":\"G\u00fcnter's Blog\",\"description\":\"Fahrrad Touren rund um die Welt\",\"publisher\":{\"@id\":\"https:\/\/guderley.com\/#\/schema\/person\/24a827645a6fedd3481426a7028dfdcd\"},\"alternateName\":\"G\u00fcnter's Blog\",\"potentialAction\":[{\"@type\":\"SearchAction\",\"target\":{\"@type\":\"EntryPoint\",\"urlTemplate\":\"https:\/\/guderley.com\/?s={search_term_string}\"},\"query-input\":{\"@type\":\"PropertyValueSpecification\",\"valueRequired\":true,\"valueName\":\"search_term_string\"}}],\"inLanguage\":\"de\"},{\"@type\":[\"Person\",\"Organization\"],\"@id\":\"https:\/\/guderley.com\/#\/schema\/person\/24a827645a6fedd3481426a7028dfdcd\",\"name\":\"guenter\",\"image\":{\"@type\":\"ImageObject\",\"inLanguage\":\"de\",\"@id\":\"https:\/\/guderley.com\/#\/schema\/person\/image\/\",\"url\":\"https:\/\/i0.wp.com\/guderley.com\/wp-content\/uploads\/img_8008-scaled.jpg?fit=1920%2C2560\",\"contentUrl\":\"https:\/\/i0.wp.com\/guderley.com\/wp-content\/uploads\/img_8008-scaled.jpg?fit=1920%2C2560\",\"width\":1920,\"height\":2560,\"caption\":\"guenter\"},\"logo\":{\"@id\":\"https:\/\/guderley.com\/#\/schema\/person\/image\/\"},\"sameAs\":[\"http:\/\/guderley.com\/blog\"],\"url\":\"http:\/\/guderley.com\/?author=2\"}]}<\/script>\n<!-- \/ Yoast SEO plugin. -->","yoast_head_json":{"title":"13.8. Palanga \/ Litauen - Tag 28 - km 2360 - G\u00fcnter&#039;s Blog","robots":{"index":"index","follow":"follow","max-snippet":"max-snippet:-1","max-image-preview":"max-image-preview:large","max-video-preview":"max-video-preview:-1"},"canonical":"https:\/\/guderley.com\/?p=1497","og_locale":"de_DE","og_type":"article","og_title":"13.8. Palanga \/ Litauen - Tag 28 - km 2360 - G\u00fcnter&#039;s Blog","og_description":"Heute bin ich genau vier Wochen unterwegs, das ist kaum zu glauben. Diesen Tatbestand gilt es zu &#8222;feiern&#8220;, deswegen ist absolutes &#8222;easy going&#8220; angesagt. Durch herrliche Kiefernw\u00e4lder bin ich entlang des Strandes hier nach Palanga gerollt. Das ist so etwas wie das Westerland von Litauen. Wundersch\u00f6ner Strand aber ein gro\u00dfer Menschenauftrieb. Gerade habe ich mir [&hellip;]","og_url":"https:\/\/guderley.com\/?p=1497","og_site_name":"G\u00fcnter&#039;s Blog","article_published_time":"2012-08-13T09:42:43+00:00","article_modified_time":"2012-08-13T20:33:10+00:00","og_image":[{"url":"http:\/\/guderley.com\/wp-content\/uploads\/2012\/08\/wpid-Photo-13.08.2012-1244.jpg","type":"","width":"","height":""}],"author":"guenter","twitter_card":"summary_large_image","twitter_misc":{"Verfasst von":"guenter"},"schema":{"@context":"https:\/\/schema.org","@graph":[{"@type":"Article","@id":"https:\/\/guderley.com\/?p=1497#article","isPartOf":{"@id":"https:\/\/guderley.com\/?p=1497"},"author":{"name":"guenter","@id":"https:\/\/guderley.com\/#\/schema\/person\/24a827645a6fedd3481426a7028dfdcd"},"headline":"13.8. Palanga \/ Litauen &#8211; Tag 28 &#8211; km 2360","datePublished":"2012-08-13T09:42:43+00:00","dateModified":"2012-08-13T20:33:10+00:00","mainEntityOfPage":{"@id":"https:\/\/guderley.com\/?p=1497"},"wordCount":104,"commentCount":3,"publisher":{"@id":"https:\/\/guderley.com\/#\/schema\/person\/24a827645a6fedd3481426a7028dfdcd"},"image":{"@id":"https:\/\/guderley.com\/?p=1497#primaryimage"},"thumbnailUrl":"http:\/\/guderley.com\/wp-content\/uploads\/2012\/08\/wpid-Photo-13.08.2012-1244.jpg","articleSection":["2012 BALTIKUM"],"inLanguage":"de","potentialAction":[{"@type":"CommentAction","name":"Comment","target":["https:\/\/guderley.com\/?p=1497#respond"]}]},{"@type":"WebPage","@id":"https:\/\/guderley.com\/?p=1497","url":"https:\/\/guderley.com\/?p=1497","name":"13.8. Palanga \/ Litauen - Tag 28 - km 2360 - G\u00fcnter&#039;s Blog","isPartOf":{"@id":"https:\/\/guderley.com\/#website"},"primaryImageOfPage":{"@id":"https:\/\/guderley.com\/?p=1497#primaryimage"},"image":{"@id":"https:\/\/guderley.com\/?p=1497#primaryimage"},"thumbnailUrl":"http:\/\/guderley.com\/wp-content\/uploads\/2012\/08\/wpid-Photo-13.08.2012-1244.jpg","datePublished":"2012-08-13T09:42:43+00:00","dateModified":"2012-08-13T20:33:10+00:00","breadcrumb":{"@id":"https:\/\/guderley.com\/?p=1497#breadcrumb"},"inLanguage":"de","potentialAction":[{"@type":"ReadAction","target":["https:\/\/guderley.com\/?p=1497"]}]},{"@type":"ImageObject","inLanguage":"de","@id":"https:\/\/guderley.com\/?p=1497#primaryimage","url":"https:\/\/i0.wp.com\/guderley.com\/wp-content\/uploads\/2012\/08\/wpid-Photo-13.08.2012-1244.jpg?fit=1024%2C768","contentUrl":"https:\/\/i0.wp.com\/guderley.com\/wp-content\/uploads\/2012\/08\/wpid-Photo-13.08.2012-1244.jpg?fit=1024%2C768","width":"1024","height":"768"},{"@type":"BreadcrumbList","@id":"https:\/\/guderley.com\/?p=1497#breadcrumb","itemListElement":[{"@type":"ListItem","position":1,"name":"Startseite","item":"https:\/\/guderley.com\/"},{"@type":"ListItem","position":2,"name":"13.8. Palanga \/ Litauen &#8211; Tag 28 &#8211; km 2360"}]},{"@type":"WebSite","@id":"https:\/\/guderley.com\/#website","url":"https:\/\/guderley.com\/","name":"G\u00fcnter's Blog","description":"Fahrrad Touren rund um die Welt","publisher":{"@id":"https:\/\/guderley.com\/#\/schema\/person\/24a827645a6fedd3481426a7028dfdcd"},"alternateName":"G\u00fcnter's Blog","potentialAction":[{"@type":"SearchAction","target":{"@type":"EntryPoint","urlTemplate":"https:\/\/guderley.com\/?s={search_term_string}"},"query-input":{"@type":"PropertyValueSpecification","valueRequired":true,"valueName":"search_term_string"}}],"inLanguage":"de"},{"@type":["Person","Organization"],"@id":"https:\/\/guderley.com\/#\/schema\/person\/24a827645a6fedd3481426a7028dfdcd","name":"guenter","image":{"@type":"ImageObject","inLanguage":"de","@id":"https:\/\/guderley.com\/#\/schema\/person\/image\/","url":"https:\/\/i0.wp.com\/guderley.com\/wp-content\/uploads\/img_8008-scaled.jpg?fit=1920%2C2560","contentUrl":"https:\/\/i0.wp.com\/guderley.com\/wp-content\/uploads\/img_8008-scaled.jpg?fit=1920%2C2560","width":1920,"height":2560,"caption":"guenter"},"logo":{"@id":"https:\/\/guderley.com\/#\/schema\/person\/image\/"},"sameAs":["http:\/\/guderley.com\/blog"],"url":"http:\/\/guderley.com\/?author=2"}]}},"jetpack_featured_media_url":"","jetpack_sharing_enabled":true,"jetpack_shortlink":"https:\/\/wp.me\/p9IuXF-o9","jetpack_likes_enabled":true,"jetpack-related-posts":[{"id":1352,"url":"http:\/\/guderley.com\/?p=1352","url_meta":{"origin":1497,"position":0},"title":"29.7.  Tallinn \/ Estland &#8211; 13. Tag &#8211; Ruhetag","author":"guenter","date":"Juli 29, 2012","format":false,"excerpt":"Es ist ein br\u00fctend hei\u00dfer Hochsommertag heute in Tallinn. Das Thermometer zeigt schon um 9 Uhr \u00fcber 30 Grad. Ich radle die knapp 2 km vom Hotel zur Altstadt und bin \u00fcberrascht welche Menschenstr\u00f6me bereits so fr\u00fch am Sonntag unterwegs sind. Das Pflaster in der Altstadt ist nicht wirklich fahrradgeeignet\u2026","rel":"","context":"In &quot;2012 BALTIKUM&quot;","block_context":{"text":"2012 BALTIKUM","link":"http:\/\/guderley.com\/?cat=22"},"img":{"alt_text":"","src":"https:\/\/i0.wp.com\/guderley.com\/wp-content\/uploads\/2012\/07\/wpid-Photo-29.07.2012-1132.jpg?resize=350%2C200","width":350,"height":200,"srcset":"https:\/\/i0.wp.com\/guderley.com\/wp-content\/uploads\/2012\/07\/wpid-Photo-29.07.2012-1132.jpg?resize=350%2C200 1x, https:\/\/i0.wp.com\/guderley.com\/wp-content\/uploads\/2012\/07\/wpid-Photo-29.07.2012-1132.jpg?resize=525%2C300 1.5x, https:\/\/i0.wp.com\/guderley.com\/wp-content\/uploads\/2012\/07\/wpid-Photo-29.07.2012-1132.jpg?resize=700%2C400 2x"},"classes":[]},{"id":189,"url":"http:\/\/guderley.com\/?p=189","url_meta":{"origin":1497,"position":1},"title":"SEVILLA  Km-Stand: 540","author":"guenter","date":"Mai 22, 2010","format":false,"excerpt":"Heute war es hart, das hat viele Gr\u00fcnde. Als ich um 8:30 Uhr mein Zimmer verlassen wollte, ging die T\u00fcr nicht mehr auf. Ich habe m\u00e4chtig L\u00e4rm gemacht, aber es hat fast eine Stunde gedauert bis ich frei kam. Der Guadalquivir war das n\u00e4chste Problem, ich habe es ernsthaft versucht,\u2026","rel":"","context":"In &quot;2010 EUROPATOUR&quot;","block_context":{"text":"2010 EUROPATOUR","link":"http:\/\/guderley.com\/?cat=1"},"img":{"alt_text":"","src":"","width":0,"height":0},"classes":[]},{"id":1332,"url":"http:\/\/guderley.com\/?p=1332","url_meta":{"origin":1497,"position":2},"title":"27.7.  J\u00e4neda \/ Estland &#8211; 11. Tag &#8211; 885 km","author":"guenter","date":"Juli 27, 2012","format":false,"excerpt":"Gegen 19 Uhr musste ich mich entscheiden, d.h. ganz bis Tallinn zu fahren oder eine der letzten station\u00e4ren M\u00f6glichkeiten wahrzunehmen. Die Ecke hier im S\u00fcdosten von Tallinn ist touristisch nicht besucht, das erkl\u00e4rt die wenigen M\u00f6glichkeiten. Bei durchg\u00e4ngig 28 Grad heute und \u00fcber 150 km in den Beinen hatte ich\u2026","rel":"","context":"In &quot;2012 BALTIKUM&quot;","block_context":{"text":"2012 BALTIKUM","link":"http:\/\/guderley.com\/?cat=22"},"img":{"alt_text":"","src":"https:\/\/i0.wp.com\/guderley.com\/wp-content\/uploads\/2012\/07\/wpid-Photo-27.07.2012-1618.jpg?resize=350%2C200","width":350,"height":200,"srcset":"https:\/\/i0.wp.com\/guderley.com\/wp-content\/uploads\/2012\/07\/wpid-Photo-27.07.2012-1618.jpg?resize=350%2C200 1x, https:\/\/i0.wp.com\/guderley.com\/wp-content\/uploads\/2012\/07\/wpid-Photo-27.07.2012-1618.jpg?resize=525%2C300 1.5x, https:\/\/i0.wp.com\/guderley.com\/wp-content\/uploads\/2012\/07\/wpid-Photo-27.07.2012-1618.jpg?resize=700%2C400 2x"},"classes":[]},{"id":5532,"url":"http:\/\/guderley.com\/?p=5532","url_meta":{"origin":1497,"position":3},"title":"MRT 2023 &#8211; 13.06. &#8211; Di &#8211; Tag 33","author":"guenter","date":"Juni 14, 2023","format":false,"excerpt":"Baton Rouge LA - New Orleans LA \u2014> 120 km by Rental Car und New Orleans - Venice Marina 120 km und zur\u00fcck 120 km. Vielen Dank f\u00fcr ein vielf\u00e4ltiges Feed-Back zu meinem gestrigen Umstieg auf 4 R\u00e4der. Gerade heute hinaus bis ans Ende von Louisiana nach Venice Marina, wo\u2026","rel":"","context":"In &quot;2023 MISSISSIPPI&quot;","block_context":{"text":"2023 MISSISSIPPI","link":"http:\/\/guderley.com\/?cat=34"},"img":{"alt_text":"","src":"https:\/\/i0.wp.com\/guderley.com\/wp-content\/uploads\/img_3663.jpg?resize=350%2C200","width":350,"height":200,"srcset":"https:\/\/i0.wp.com\/guderley.com\/wp-content\/uploads\/img_3663.jpg?resize=350%2C200 1x, https:\/\/i0.wp.com\/guderley.com\/wp-content\/uploads\/img_3663.jpg?resize=525%2C300 1.5x, https:\/\/i0.wp.com\/guderley.com\/wp-content\/uploads\/img_3663.jpg?resize=700%2C400 2x, https:\/\/i0.wp.com\/guderley.com\/wp-content\/uploads\/img_3663.jpg?resize=1050%2C600 3x, https:\/\/i0.wp.com\/guderley.com\/wp-content\/uploads\/img_3663.jpg?resize=1400%2C800 4x"},"classes":[]},{"id":2832,"url":"http:\/\/guderley.com\/?p=2832","url_meta":{"origin":1497,"position":4},"title":"Tag 24 &#8211; Sa 20. Juni 2015 &#8211; 103 km Cancale \/ Gesamt: 2558 km","author":"guenter","date":"Juni 20, 2015","format":false,"excerpt":"Bin heute mal ausnahmsweise sehr fr\u00fch wach - geweckt haben mich Pferde - megalustig - Traber am unendlichen Strand bei Ebbe im Sulky - das war ein tolles rhythmisches Ger\u00e4usch - davon bin ich aufgewacht - war leider nicht schnell genug zu fotografieren. Bin schon vor neun auf der Piste\u2026","rel":"","context":"In &quot;2015 BENELUX - FRANKREICH&quot;","block_context":{"text":"2015 BENELUX - FRANKREICH","link":"http:\/\/guderley.com\/?cat=27"},"img":{"alt_text":"","src":"https:\/\/i0.wp.com\/guderley.com\/wp-content\/uploads\/2015\/06\/wpid-Photo-20.06.2015-1328.jpg?resize=350%2C200","width":350,"height":200,"srcset":"https:\/\/i0.wp.com\/guderley.com\/wp-content\/uploads\/2015\/06\/wpid-Photo-20.06.2015-1328.jpg?resize=350%2C200 1x, https:\/\/i0.wp.com\/guderley.com\/wp-content\/uploads\/2015\/06\/wpid-Photo-20.06.2015-1328.jpg?resize=525%2C300 1.5x, https:\/\/i0.wp.com\/guderley.com\/wp-content\/uploads\/2015\/06\/wpid-Photo-20.06.2015-1328.jpg?resize=700%2C400 2x"},"classes":[]},{"id":1709,"url":"http:\/\/guderley.com\/?p=1709","url_meta":{"origin":1497,"position":5},"title":"Kiel  &#8211;  Tag 7  &#8211;  Sonntag, 19. Mai","author":"guenter","date":"Mai 19, 2013","format":false,"excerpt":"68 km \/ 337 hm \/ 4:03 h - Gesamt 842 km \/ 3524 hm \/ 48:50 h Es ist vollbracht. Die \"deutsche Etappe\" - quasi ein Viertel des Ganzen - ist zu Ende und das Abenteuer Skandinavien beginnt in K\u00fcrze. Ich bin in Kiel am Schwedenkai angekommen, habe auf\u2026","rel":"","context":"In &quot;2013 NORDKAPP&quot;","block_context":{"text":"2013 NORDKAPP","link":"http:\/\/guderley.com\/?cat=23"},"img":{"alt_text":"","src":"https:\/\/i0.wp.com\/guderley.com\/wp-content\/uploads\/2013\/05\/wpid-Photo-19.05.2013-1415.jpg?resize=350%2C200","width":350,"height":200,"srcset":"https:\/\/i0.wp.com\/guderley.com\/wp-content\/uploads\/2013\/05\/wpid-Photo-19.05.2013-1415.jpg?resize=350%2C200 1x, https:\/\/i0.wp.com\/guderley.com\/wp-content\/uploads\/2013\/05\/wpid-Photo-19.05.2013-1415.jpg?resize=525%2C300 1.5x, https:\/\/i0.wp.com\/guderley.com\/wp-content\/uploads\/2013\/05\/wpid-Photo-19.05.2013-1415.jpg?resize=700%2C400 2x"},"classes":[]}],"_links":{"self":[{"href":"http:\/\/guderley.com\/index.php?rest_route=\/wp\/v2\/posts\/1497","targetHints":{"allow":["GET"]}}],"collection":[{"href":"http:\/\/guderley.com\/index.php?rest_route=\/wp\/v2\/posts"}],"about":[{"href":"http:\/\/guderley.com\/index.php?rest_route=\/wp\/v2\/types\/post"}],"author":[{"embeddable":true,"href":"http:\/\/guderley.com\/index.php?rest_route=\/wp\/v2\/users\/2"}],"replies":[{"embeddable":true,"href":"http:\/\/guderley.com\/index.php?rest_route=%2Fwp%2Fv2%2Fcomments&post=1497"}],"version-history":[{"count":2,"href":"http:\/\/guderley.com\/index.php?rest_route=\/wp\/v2\/posts\/1497\/revisions"}],"predecessor-version":[{"id":1509,"href":"http:\/\/guderley.com\/index.php?rest_route=\/wp\/v2\/posts\/1497\/revisions\/1509"}],"wp:attachment":[{"href":"http:\/\/guderley.com\/index.php?rest_route=%2Fwp%2Fv2%2Fmedia&parent=1497"}],"wp:term":[{"taxonomy":"category","embeddable":true,"href":"http:\/\/guderley.com\/index.php?rest_route=%2Fwp%2Fv2%2Fcategories&post=1497"},{"taxonomy":"post_tag","embeddable":true,"href":"http:\/\/guderley.com\/index.php?rest_route=%2Fwp%2Fv2%2Ftags&post=1497"}],"curies":[{"name":"wp","href":"https:\/\/api.w.org\/{rel}","templated":true}]}}