{"id":1495,"date":"2012-08-12T21:09:43","date_gmt":"2012-08-12T20:09:43","guid":{"rendered":"http:\/\/guderley.com\/?p=1495"},"modified":"2012-08-12T21:13:12","modified_gmt":"2012-08-12T20:13:12","slug":"12-8-sventoji-litauen-tag-27-km-2343","status":"publish","type":"post","link":"http:\/\/guderley.com\/?p=1495","title":{"rendered":"12.8.  \u0160ventoji \/ Litauen &#8211; Tag 27 &#8211; km 2343"},"content":{"rendered":"<p>Es war ein wunderbar sonniger Nachmittag, nicht allzu hei\u00df, perfekt zum Radfahren. Aus Liep\u0101ja hinaus f\u00fchrte mich wieder ein perfekter Radweg entlang des Strandes.<\/p>\n<p>Aber irgendwann war Schlu\u00df mit lustig und es ging auf der A 11 stramm nach S\u00fcden in Richtung Litauen. Zwischendurch noch ein kleiner Abstecher nach Bern\u0101ti, dem westlichsten Punkt Lettlands. Gegen 19:30 Uhr bin ich &#8222;an der Grenze&#8220;. Heute vor einer Woche bin ich bei Ain\u0101zi nach Lettland gekommen und eine Woche sp\u00e4ter habe ich die komplette K\u00fcste Lettlands (rd. 600 km) abgefahren und zwei interessante Tage in der Landeshauptstadt Riga verbracht.<\/p>\n<p>Mit Litauen bin ich jetzt im vierten Land meiner Sommertour 2012 angekommen. <\/p>\n<div class=\"separator\" style=\"clear: both; text-align: center;\"><a href=\"https:\/\/i0.wp.com\/guderley.com\/wp-content\/uploads\/2012\/08\/wpid-Photo-12.08.2012-19341.jpg\" target=\"_blank\" style=\"margin-left: 1em; margin-right: 1em;\"><img data-recalc-dims=\"1\" decoding=\"async\" src=\"https:\/\/i0.wp.com\/guderley.com\/wp-content\/uploads\/2012\/08\/wpid-Photo-12.08.2012-19341.jpg?resize=500%2C375\" id=\"blogsy-1344802380081.3032\" class=\"aligncenter\" width=\"500\" height=\"375\" alt=\"\"><\/a><\/div>\n<div class=\"separator\" style=\"clear: both; text-align: center;\"><a href=\"https:\/\/i0.wp.com\/guderley.com\/wp-content\/uploads\/2012\/08\/wpid-Photo-12.08.2012-1934.jpg\" target=\"_blank\" style=\"margin-left: 1em; margin-right: 1em;\"><img data-recalc-dims=\"1\" decoding=\"async\" src=\"https:\/\/i0.wp.com\/guderley.com\/wp-content\/uploads\/2012\/08\/wpid-Photo-12.08.2012-1934.jpg?resize=500%2C375\" id=\"blogsy-1344802380101.7146\" class=\"aligncenter\" width=\"500\" height=\"375\" alt=\"\"><\/a><\/div>\n<p>\u0160ventoji ist ein gro\u00dfer Sommerferienort mit endlosem Sandstrand und heute am Sonntagabend sind Menschen ohne Ende unterwegs (bin ich nicht mehr gew\u00f6hnt).<\/p>\n<div class=\"separator\" style=\"clear: both; text-align: center;\"><a href=\"https:\/\/i0.wp.com\/guderley.com\/wp-content\/uploads\/2012\/08\/wpid-Photo-12.08.2012-2102.jpg\" target=\"_blank\" style=\"margin-left: 1em; margin-right: 1em;\"><img data-recalc-dims=\"1\" decoding=\"async\" src=\"https:\/\/i0.wp.com\/guderley.com\/wp-content\/uploads\/2012\/08\/wpid-Photo-12.08.2012-2102.jpg?resize=500%2C375\" id=\"blogsy-1344802380100.83\" class=\"aligncenter\" width=\"500\" height=\"375\" alt=\"\"><\/a><\/div>\n<p>Gottseidank habe ich ganz am Ende ein wunderbares ruhiges Grundst\u00fcck zum Campen gefunden.<\/p>\n<div class=\"separator\" style=\"clear: both; text-align: center;\"><a href=\"https:\/\/i0.wp.com\/guderley.com\/wp-content\/uploads\/2012\/08\/wpid-Photo-12.08.2012-2101.jpg\" target=\"_blank\" style=\"margin-left: 1em; margin-right: 1em;\"><img data-recalc-dims=\"1\" decoding=\"async\" src=\"https:\/\/i0.wp.com\/guderley.com\/wp-content\/uploads\/2012\/08\/wpid-Photo-12.08.2012-2101.jpg?resize=500%2C375\" id=\"blogsy-1344802380144.616\" class=\"aligncenter\" width=\"500\" height=\"375\" alt=\"\"><\/a><\/div>\n<p>Ein Bier kurz nach dem Sonnenuntergang (geht jetzt hier oben kurz nach 21 Uhr unter) am menschenleeren Strand und jetzt ein tiefer Schlaf nach dem doch ziemlich &#8222;langen Ritt&#8220; heute.<\/p>\n<p>&nbsp;<\/p>\n<div style=\"text-align: right; font-size: small; clear: both;\" id=\"blogsy_footer\"><a href=\"http:\/\/blogsyapp.com\" target=\"_blank\"><img data-recalc-dims=\"1\" decoding=\"async\" src=\"https:\/\/i0.wp.com\/blogsyapp.com\/images\/blogsy_footer_icon.png?resize=20%2C20\" alt=\"Mit Blogsy ver\u00f6ffentlicht\" style=\"vertical-align: middle; margin-right: 5px;\" width=\"20\" height=\"20\" \/>Mit Blogsy ver\u00f6ffentlicht<\/a><\/div>\n","protected":false},"excerpt":{"rendered":"<p>Es war ein wunderbar sonniger Nachmittag, nicht allzu hei\u00df, perfekt zum Radfahren. Aus Liep\u0101ja hinaus f\u00fchrte mich wieder ein perfekter Radweg entlang des Strandes. Aber irgendwann war Schlu\u00df mit lustig und es ging auf der A 11 stramm nach S\u00fcden in Richtung Litauen. Zwischendurch noch ein kleiner Abstecher nach Bern\u0101ti, dem westlichsten Punkt Lettlands. Gegen [&hellip;]<\/p>\n","protected":false},"author":2,"featured_media":0,"comment_status":"open","ping_status":"open","sticky":false,"template":"","format":"standard","meta":{"_jetpack_newsletter_access":"","_jetpack_dont_email_post_to_subs":false,"_jetpack_newsletter_tier_id":0,"_jetpack_memberships_contains_paywalled_content":false,"_jetpack_memberships_contains_paid_content":false,"footnotes":""},"categories":[22],"tags":[],"class_list":["post-1495","post","type-post","status-publish","format-standard","hentry","category-baltikum-2012"],"yoast_head":"<!-- This site is optimized with the Yoast SEO plugin v25.8 - https:\/\/yoast.com\/wordpress\/plugins\/seo\/ -->\n<title>12.8. \u0160ventoji \/ Litauen - Tag 27 - km 2343 - G\u00fcnter&#039;s Blog<\/title>\n<meta name=\"robots\" content=\"index, follow, max-snippet:-1, max-image-preview:large, max-video-preview:-1\" \/>\n<link rel=\"canonical\" href=\"http:\/\/guderley.com\/?p=1495\" \/>\n<meta property=\"og:locale\" content=\"de_DE\" \/>\n<meta property=\"og:type\" content=\"article\" \/>\n<meta property=\"og:title\" content=\"12.8. \u0160ventoji \/ Litauen - Tag 27 - km 2343 - G\u00fcnter&#039;s Blog\" \/>\n<meta property=\"og:description\" content=\"Es war ein wunderbar sonniger Nachmittag, nicht allzu hei\u00df, perfekt zum Radfahren. Aus Liep\u0101ja hinaus f\u00fchrte mich wieder ein perfekter Radweg entlang des Strandes. Aber irgendwann war Schlu\u00df mit lustig und es ging auf der A 11 stramm nach S\u00fcden in Richtung Litauen. Zwischendurch noch ein kleiner Abstecher nach Bern\u0101ti, dem westlichsten Punkt Lettlands. Gegen [&hellip;]\" \/>\n<meta property=\"og:url\" content=\"http:\/\/guderley.com\/?p=1495\" \/>\n<meta property=\"og:site_name\" content=\"G\u00fcnter&#039;s Blog\" \/>\n<meta property=\"article:published_time\" content=\"2012-08-12T20:09:43+00:00\" \/>\n<meta property=\"article:modified_time\" content=\"2012-08-12T20:13:12+00:00\" \/>\n<meta property=\"og:image\" content=\"http:\/\/guderley.com\/wp-content\/uploads\/2012\/08\/wpid-Photo-12.08.2012-19341.jpg\" \/>\n<meta name=\"author\" content=\"guenter\" \/>\n<meta name=\"twitter:card\" content=\"summary_large_image\" \/>\n<meta name=\"twitter:label1\" content=\"Verfasst von\" \/>\n\t<meta name=\"twitter:data1\" content=\"guenter\" \/>\n\t<meta name=\"twitter:label2\" content=\"Gesch\u00e4tzte Lesezeit\" \/>\n\t<meta name=\"twitter:data2\" content=\"1\u00a0Minute\" \/>\n<script type=\"application\/ld+json\" class=\"yoast-schema-graph\">{\"@context\":\"https:\/\/schema.org\",\"@graph\":[{\"@type\":\"Article\",\"@id\":\"http:\/\/guderley.com\/?p=1495#article\",\"isPartOf\":{\"@id\":\"http:\/\/guderley.com\/?p=1495\"},\"author\":{\"name\":\"guenter\",\"@id\":\"https:\/\/guderley.com\/#\/schema\/person\/24a827645a6fedd3481426a7028dfdcd\"},\"headline\":\"12.8. \u0160ventoji \/ Litauen &#8211; Tag 27 &#8211; km 2343\",\"datePublished\":\"2012-08-12T20:09:43+00:00\",\"dateModified\":\"2012-08-12T20:13:12+00:00\",\"mainEntityOfPage\":{\"@id\":\"http:\/\/guderley.com\/?p=1495\"},\"wordCount\":189,\"commentCount\":4,\"publisher\":{\"@id\":\"https:\/\/guderley.com\/#\/schema\/person\/24a827645a6fedd3481426a7028dfdcd\"},\"image\":{\"@id\":\"http:\/\/guderley.com\/?p=1495#primaryimage\"},\"thumbnailUrl\":\"http:\/\/guderley.com\/wp-content\/uploads\/2012\/08\/wpid-Photo-12.08.2012-19341.jpg\",\"articleSection\":[\"2012 BALTIKUM\"],\"inLanguage\":\"de\",\"potentialAction\":[{\"@type\":\"CommentAction\",\"name\":\"Comment\",\"target\":[\"http:\/\/guderley.com\/?p=1495#respond\"]}]},{\"@type\":\"WebPage\",\"@id\":\"http:\/\/guderley.com\/?p=1495\",\"url\":\"http:\/\/guderley.com\/?p=1495\",\"name\":\"12.8. \u0160ventoji \/ Litauen - Tag 27 - km 2343 - G\u00fcnter&#039;s Blog\",\"isPartOf\":{\"@id\":\"https:\/\/guderley.com\/#website\"},\"primaryImageOfPage\":{\"@id\":\"http:\/\/guderley.com\/?p=1495#primaryimage\"},\"image\":{\"@id\":\"http:\/\/guderley.com\/?p=1495#primaryimage\"},\"thumbnailUrl\":\"http:\/\/guderley.com\/wp-content\/uploads\/2012\/08\/wpid-Photo-12.08.2012-19341.jpg\",\"datePublished\":\"2012-08-12T20:09:43+00:00\",\"dateModified\":\"2012-08-12T20:13:12+00:00\",\"breadcrumb\":{\"@id\":\"http:\/\/guderley.com\/?p=1495#breadcrumb\"},\"inLanguage\":\"de\",\"potentialAction\":[{\"@type\":\"ReadAction\",\"target\":[\"http:\/\/guderley.com\/?p=1495\"]}]},{\"@type\":\"ImageObject\",\"inLanguage\":\"de\",\"@id\":\"http:\/\/guderley.com\/?p=1495#primaryimage\",\"url\":\"https:\/\/i0.wp.com\/guderley.com\/wp-content\/uploads\/2012\/08\/wpid-Photo-12.08.2012-19341.jpg?fit=1024%2C768\",\"contentUrl\":\"https:\/\/i0.wp.com\/guderley.com\/wp-content\/uploads\/2012\/08\/wpid-Photo-12.08.2012-19341.jpg?fit=1024%2C768\",\"width\":\"1024\",\"height\":\"768\"},{\"@type\":\"BreadcrumbList\",\"@id\":\"http:\/\/guderley.com\/?p=1495#breadcrumb\",\"itemListElement\":[{\"@type\":\"ListItem\",\"position\":1,\"name\":\"Startseite\",\"item\":\"https:\/\/guderley.com\/\"},{\"@type\":\"ListItem\",\"position\":2,\"name\":\"12.8. \u0160ventoji \/ Litauen &#8211; Tag 27 &#8211; km 2343\"}]},{\"@type\":\"WebSite\",\"@id\":\"https:\/\/guderley.com\/#website\",\"url\":\"https:\/\/guderley.com\/\",\"name\":\"G\u00fcnter's Blog\",\"description\":\"Fahrrad Touren rund um die Welt\",\"publisher\":{\"@id\":\"https:\/\/guderley.com\/#\/schema\/person\/24a827645a6fedd3481426a7028dfdcd\"},\"alternateName\":\"G\u00fcnter's Blog\",\"potentialAction\":[{\"@type\":\"SearchAction\",\"target\":{\"@type\":\"EntryPoint\",\"urlTemplate\":\"https:\/\/guderley.com\/?s={search_term_string}\"},\"query-input\":{\"@type\":\"PropertyValueSpecification\",\"valueRequired\":true,\"valueName\":\"search_term_string\"}}],\"inLanguage\":\"de\"},{\"@type\":[\"Person\",\"Organization\"],\"@id\":\"https:\/\/guderley.com\/#\/schema\/person\/24a827645a6fedd3481426a7028dfdcd\",\"name\":\"guenter\",\"image\":{\"@type\":\"ImageObject\",\"inLanguage\":\"de\",\"@id\":\"https:\/\/guderley.com\/#\/schema\/person\/image\/\",\"url\":\"https:\/\/i0.wp.com\/guderley.com\/wp-content\/uploads\/img_8008-scaled.jpg?fit=1920%2C2560\",\"contentUrl\":\"https:\/\/i0.wp.com\/guderley.com\/wp-content\/uploads\/img_8008-scaled.jpg?fit=1920%2C2560\",\"width\":1920,\"height\":2560,\"caption\":\"guenter\"},\"logo\":{\"@id\":\"https:\/\/guderley.com\/#\/schema\/person\/image\/\"},\"sameAs\":[\"http:\/\/guderley.com\/blog\"],\"url\":\"http:\/\/guderley.com\/?author=2\"}]}<\/script>\n<!-- \/ Yoast SEO plugin. -->","yoast_head_json":{"title":"12.8. \u0160ventoji \/ Litauen - Tag 27 - km 2343 - G\u00fcnter&#039;s Blog","robots":{"index":"index","follow":"follow","max-snippet":"max-snippet:-1","max-image-preview":"max-image-preview:large","max-video-preview":"max-video-preview:-1"},"canonical":"http:\/\/guderley.com\/?p=1495","og_locale":"de_DE","og_type":"article","og_title":"12.8. \u0160ventoji \/ Litauen - Tag 27 - km 2343 - G\u00fcnter&#039;s Blog","og_description":"Es war ein wunderbar sonniger Nachmittag, nicht allzu hei\u00df, perfekt zum Radfahren. Aus Liep\u0101ja hinaus f\u00fchrte mich wieder ein perfekter Radweg entlang des Strandes. Aber irgendwann war Schlu\u00df mit lustig und es ging auf der A 11 stramm nach S\u00fcden in Richtung Litauen. Zwischendurch noch ein kleiner Abstecher nach Bern\u0101ti, dem westlichsten Punkt Lettlands. Gegen [&hellip;]","og_url":"http:\/\/guderley.com\/?p=1495","og_site_name":"G\u00fcnter&#039;s Blog","article_published_time":"2012-08-12T20:09:43+00:00","article_modified_time":"2012-08-12T20:13:12+00:00","og_image":[{"url":"http:\/\/guderley.com\/wp-content\/uploads\/2012\/08\/wpid-Photo-12.08.2012-19341.jpg","type":"","width":"","height":""}],"author":"guenter","twitter_card":"summary_large_image","twitter_misc":{"Verfasst von":"guenter","Gesch\u00e4tzte Lesezeit":"1\u00a0Minute"},"schema":{"@context":"https:\/\/schema.org","@graph":[{"@type":"Article","@id":"http:\/\/guderley.com\/?p=1495#article","isPartOf":{"@id":"http:\/\/guderley.com\/?p=1495"},"author":{"name":"guenter","@id":"https:\/\/guderley.com\/#\/schema\/person\/24a827645a6fedd3481426a7028dfdcd"},"headline":"12.8. \u0160ventoji \/ Litauen &#8211; Tag 27 &#8211; km 2343","datePublished":"2012-08-12T20:09:43+00:00","dateModified":"2012-08-12T20:13:12+00:00","mainEntityOfPage":{"@id":"http:\/\/guderley.com\/?p=1495"},"wordCount":189,"commentCount":4,"publisher":{"@id":"https:\/\/guderley.com\/#\/schema\/person\/24a827645a6fedd3481426a7028dfdcd"},"image":{"@id":"http:\/\/guderley.com\/?p=1495#primaryimage"},"thumbnailUrl":"http:\/\/guderley.com\/wp-content\/uploads\/2012\/08\/wpid-Photo-12.08.2012-19341.jpg","articleSection":["2012 BALTIKUM"],"inLanguage":"de","potentialAction":[{"@type":"CommentAction","name":"Comment","target":["http:\/\/guderley.com\/?p=1495#respond"]}]},{"@type":"WebPage","@id":"http:\/\/guderley.com\/?p=1495","url":"http:\/\/guderley.com\/?p=1495","name":"12.8. \u0160ventoji \/ Litauen - Tag 27 - km 2343 - G\u00fcnter&#039;s Blog","isPartOf":{"@id":"https:\/\/guderley.com\/#website"},"primaryImageOfPage":{"@id":"http:\/\/guderley.com\/?p=1495#primaryimage"},"image":{"@id":"http:\/\/guderley.com\/?p=1495#primaryimage"},"thumbnailUrl":"http:\/\/guderley.com\/wp-content\/uploads\/2012\/08\/wpid-Photo-12.08.2012-19341.jpg","datePublished":"2012-08-12T20:09:43+00:00","dateModified":"2012-08-12T20:13:12+00:00","breadcrumb":{"@id":"http:\/\/guderley.com\/?p=1495#breadcrumb"},"inLanguage":"de","potentialAction":[{"@type":"ReadAction","target":["http:\/\/guderley.com\/?p=1495"]}]},{"@type":"ImageObject","inLanguage":"de","@id":"http:\/\/guderley.com\/?p=1495#primaryimage","url":"https:\/\/i0.wp.com\/guderley.com\/wp-content\/uploads\/2012\/08\/wpid-Photo-12.08.2012-19341.jpg?fit=1024%2C768","contentUrl":"https:\/\/i0.wp.com\/guderley.com\/wp-content\/uploads\/2012\/08\/wpid-Photo-12.08.2012-19341.jpg?fit=1024%2C768","width":"1024","height":"768"},{"@type":"BreadcrumbList","@id":"http:\/\/guderley.com\/?p=1495#breadcrumb","itemListElement":[{"@type":"ListItem","position":1,"name":"Startseite","item":"https:\/\/guderley.com\/"},{"@type":"ListItem","position":2,"name":"12.8. \u0160ventoji \/ Litauen &#8211; Tag 27 &#8211; km 2343"}]},{"@type":"WebSite","@id":"https:\/\/guderley.com\/#website","url":"https:\/\/guderley.com\/","name":"G\u00fcnter's Blog","description":"Fahrrad Touren rund um die Welt","publisher":{"@id":"https:\/\/guderley.com\/#\/schema\/person\/24a827645a6fedd3481426a7028dfdcd"},"alternateName":"G\u00fcnter's Blog","potentialAction":[{"@type":"SearchAction","target":{"@type":"EntryPoint","urlTemplate":"https:\/\/guderley.com\/?s={search_term_string}"},"query-input":{"@type":"PropertyValueSpecification","valueRequired":true,"valueName":"search_term_string"}}],"inLanguage":"de"},{"@type":["Person","Organization"],"@id":"https:\/\/guderley.com\/#\/schema\/person\/24a827645a6fedd3481426a7028dfdcd","name":"guenter","image":{"@type":"ImageObject","inLanguage":"de","@id":"https:\/\/guderley.com\/#\/schema\/person\/image\/","url":"https:\/\/i0.wp.com\/guderley.com\/wp-content\/uploads\/img_8008-scaled.jpg?fit=1920%2C2560","contentUrl":"https:\/\/i0.wp.com\/guderley.com\/wp-content\/uploads\/img_8008-scaled.jpg?fit=1920%2C2560","width":1920,"height":2560,"caption":"guenter"},"logo":{"@id":"https:\/\/guderley.com\/#\/schema\/person\/image\/"},"sameAs":["http:\/\/guderley.com\/blog"],"url":"http:\/\/guderley.com\/?author=2"}]}},"jetpack_featured_media_url":"","jetpack_sharing_enabled":true,"jetpack_shortlink":"https:\/\/wp.me\/p9IuXF-o7","jetpack_likes_enabled":true,"jetpack-related-posts":[{"id":1507,"url":"http:\/\/guderley.com\/?p=1507","url_meta":{"origin":1495,"position":0},"title":"13.8.  Klaip\u0117da \/ Litauen &#8211; Tag 28 &#8211; km 2445","author":"guenter","date":"August 13, 2012","format":false,"excerpt":"Von der Maas bis an die Memel ....In Memel dem heutigen Klaip\u0117da bin ich am fr\u00fchen Nachmittag angekommen. Die Strecke von Palanga bis ins Zentrum von Klaip\u0117da war ein einziges \"Genu\u00dfradeln\". Ein Super-Radweg durch die herrlichen Kiefernw\u00e4lder dieser Region. Klaip\u0117da wird dominiert von seinem Passagierhafen und riesigen Werften. Das wichtigste\u2026","rel":"","context":"In &quot;2012 BALTIKUM&quot;","block_context":{"text":"2012 BALTIKUM","link":"http:\/\/guderley.com\/?cat=22"},"img":{"alt_text":"","src":"https:\/\/i0.wp.com\/guderley.com\/wp-content\/uploads\/2012\/08\/wpid-Photo-13.08.2012-2116.jpg?resize=350%2C200","width":350,"height":200,"srcset":"https:\/\/i0.wp.com\/guderley.com\/wp-content\/uploads\/2012\/08\/wpid-Photo-13.08.2012-2116.jpg?resize=350%2C200 1x, https:\/\/i0.wp.com\/guderley.com\/wp-content\/uploads\/2012\/08\/wpid-Photo-13.08.2012-2116.jpg?resize=525%2C300 1.5x, https:\/\/i0.wp.com\/guderley.com\/wp-content\/uploads\/2012\/08\/wpid-Photo-13.08.2012-2116.jpg?resize=700%2C400 2x"},"classes":[]},{"id":1468,"url":"http:\/\/guderley.com\/?p=1468","url_meta":{"origin":1495,"position":1},"title":"11.8.  Ventspils \/ Lettland &#8211; Tag 26 &#8211; km 2150","author":"guenter","date":"August 11, 2012","format":false,"excerpt":"Es gibt so St\u00e4dtenamen auf der pers\u00f6nlichen Landkarte, da mu\u00df ich einfach mal hin. Einer davon ist Ventspils, ein anderer war vor etlichen Jahren Ystad in Schweden (da war ich dann 2001).Also jetzt bin ich Ventspils angekommen, von hier aus geht eine F\u00e4hre nach Sassnitz auf R\u00fcgen. (Stimmt garnicht, die\u2026","rel":"","context":"In &quot;2012 BALTIKUM&quot;","block_context":{"text":"2012 BALTIKUM","link":"http:\/\/guderley.com\/?cat=22"},"img":{"alt_text":"","src":"https:\/\/i0.wp.com\/guderley.com\/wp-content\/uploads\/2012\/08\/wpid-Photo-11.08.2012-12301.jpg?resize=350%2C200","width":350,"height":200,"srcset":"https:\/\/i0.wp.com\/guderley.com\/wp-content\/uploads\/2012\/08\/wpid-Photo-11.08.2012-12301.jpg?resize=350%2C200 1x, https:\/\/i0.wp.com\/guderley.com\/wp-content\/uploads\/2012\/08\/wpid-Photo-11.08.2012-12301.jpg?resize=525%2C300 1.5x, https:\/\/i0.wp.com\/guderley.com\/wp-content\/uploads\/2012\/08\/wpid-Photo-11.08.2012-12301.jpg?resize=700%2C400 2x"},"classes":[]},{"id":1497,"url":"http:\/\/guderley.com\/?p=1497","url_meta":{"origin":1495,"position":2},"title":"13.8.  Palanga \/ Litauen &#8211; Tag 28 &#8211; km 2360","author":"guenter","date":"August 13, 2012","format":false,"excerpt":"Heute bin ich genau vier Wochen unterwegs, das ist kaum zu glauben. Diesen Tatbestand gilt es zu \"feiern\", deswegen ist absolutes \"easy going\" angesagt.Durch herrliche Kiefernw\u00e4lder bin ich entlang des Strandes hier nach Palanga gerollt. Das ist so etwas wie das Westerland von Litauen. Wundersch\u00f6ner Strand aber ein gro\u00dfer Menschenauftrieb.Gerade\u2026","rel":"","context":"In &quot;2012 BALTIKUM&quot;","block_context":{"text":"2012 BALTIKUM","link":"http:\/\/guderley.com\/?cat=22"},"img":{"alt_text":"","src":"https:\/\/i0.wp.com\/guderley.com\/wp-content\/uploads\/2012\/08\/wpid-Photo-13.08.2012-1300.jpg?resize=350%2C200","width":350,"height":200,"srcset":"https:\/\/i0.wp.com\/guderley.com\/wp-content\/uploads\/2012\/08\/wpid-Photo-13.08.2012-1300.jpg?resize=350%2C200 1x, https:\/\/i0.wp.com\/guderley.com\/wp-content\/uploads\/2012\/08\/wpid-Photo-13.08.2012-1300.jpg?resize=525%2C300 1.5x, https:\/\/i0.wp.com\/guderley.com\/wp-content\/uploads\/2012\/08\/wpid-Photo-13.08.2012-1300.jpg?resize=700%2C400 2x"},"classes":[]},{"id":1510,"url":"http:\/\/guderley.com\/?p=1510","url_meta":{"origin":1495,"position":3},"title":"14.8. Nida \/ Litauen &#8211; Tag 29 &#8211; km 2505","author":"guenter","date":"August 14, 2012","format":false,"excerpt":"Nach dem Aufbruch heute morgen bin ich noch ein wenig durch Klaip\u0117da gerollt und habe dem Denkmal f\u00fcr das \"\u00c4nnchen von Tharau\" auf dem Theaterplatz meine Referenz erwiesen. Auf dem Marktplatz bin ich mit einer alten Frau ins Gespr\u00e4ch gekommen, die noch richtig ostpreu\u00dfisch sprach. Sie lebt ihr ganzes Leben\u2026","rel":"","context":"In &quot;2012 BALTIKUM&quot;","block_context":{"text":"2012 BALTIKUM","link":"http:\/\/guderley.com\/?cat=22"},"img":{"alt_text":"","src":"https:\/\/i0.wp.com\/lh5.googleusercontent.com\/-EGU2TppL6xs\/S13FZAIrm9I\/AAAAAAABGiA\/PulO2w0q_d8\/s500\/Klaipeda%252520%2525285%252529.JPG?resize=350%2C200&ssl=1","width":350,"height":200},"classes":[]},{"id":5096,"url":"http:\/\/guderley.com\/?p=5096","url_meta":{"origin":1495,"position":4},"title":"MRT 2023 &#8211; 28.05. &#8211; So &#8211; Tag 17","author":"guenter","date":"Mai 28, 2023","format":false,"excerpt":"Kampsville IL - Saint Louis MO \u2014> 118 km Gesamt: 1281 km Ich bin kurz nach Sonnenaufgang startklar - bin etwas unsicher \u00fcber die Distanz bis Saint Louis und will einfach mit Zeitpuffer los. Nach einer guten Stunde bin ich in Hardin, fr\u00fchst\u00fccke und gucke mir die Strecke in Komoot\u2026","rel":"","context":"In &quot;2023 MISSISSIPPI&quot;","block_context":{"text":"2023 MISSISSIPPI","link":"http:\/\/guderley.com\/?cat=34"},"img":{"alt_text":"","src":"https:\/\/i0.wp.com\/guderley.com\/wp-content\/uploads\/img_3145.jpg?resize=350%2C200","width":350,"height":200,"srcset":"https:\/\/i0.wp.com\/guderley.com\/wp-content\/uploads\/img_3145.jpg?resize=350%2C200 1x, https:\/\/i0.wp.com\/guderley.com\/wp-content\/uploads\/img_3145.jpg?resize=525%2C300 1.5x, https:\/\/i0.wp.com\/guderley.com\/wp-content\/uploads\/img_3145.jpg?resize=700%2C400 2x, https:\/\/i0.wp.com\/guderley.com\/wp-content\/uploads\/img_3145.jpg?resize=1050%2C600 3x, https:\/\/i0.wp.com\/guderley.com\/wp-content\/uploads\/img_3145.jpg?resize=1400%2C800 4x"},"classes":[]},{"id":866,"url":"http:\/\/guderley.com\/?p=866","url_meta":{"origin":1495,"position":5},"title":"15.08.2011  Trauchgau\/Allg\u00e4u  84 km","author":"guenter","date":"August 15, 2011","format":false,"excerpt":"Eine Woche waren wir zu Gast bei unseren Freunden Klaus und Karin in M\u00fcrnsee bei Bad Heilbrunn. Es war eine pfundige Woche, drei Bergtouren (2 mit Marion und 1 mit Julian und seiner Freundin Kim) und ein bisschen Radfahren im Alpenvorland. Heute Morgen habe ich mich dann etwas z\u00f6gerlich aufs\u2026","rel":"","context":"In &quot;2011 ALLG\u00c4U - NECKAR&quot;","block_context":{"text":"2011 ALLG\u00c4U - NECKAR","link":"http:\/\/guderley.com\/?cat=14"},"img":{"alt_text":"","src":"","width":0,"height":0},"classes":[]}],"_links":{"self":[{"href":"http:\/\/guderley.com\/index.php?rest_route=\/wp\/v2\/posts\/1495","targetHints":{"allow":["GET"]}}],"collection":[{"href":"http:\/\/guderley.com\/index.php?rest_route=\/wp\/v2\/posts"}],"about":[{"href":"http:\/\/guderley.com\/index.php?rest_route=\/wp\/v2\/types\/post"}],"author":[{"embeddable":true,"href":"http:\/\/guderley.com\/index.php?rest_route=\/wp\/v2\/users\/2"}],"replies":[{"embeddable":true,"href":"http:\/\/guderley.com\/index.php?rest_route=%2Fwp%2Fv2%2Fcomments&post=1495"}],"version-history":[{"count":1,"href":"http:\/\/guderley.com\/index.php?rest_route=\/wp\/v2\/posts\/1495\/revisions"}],"predecessor-version":[{"id":1496,"href":"http:\/\/guderley.com\/index.php?rest_route=\/wp\/v2\/posts\/1495\/revisions\/1496"}],"wp:attachment":[{"href":"http:\/\/guderley.com\/index.php?rest_route=%2Fwp%2Fv2%2Fmedia&parent=1495"}],"wp:term":[{"taxonomy":"category","embeddable":true,"href":"http:\/\/guderley.com\/index.php?rest_route=%2Fwp%2Fv2%2Fcategories&post=1495"},{"taxonomy":"post_tag","embeddable":true,"href":"http:\/\/guderley.com\/index.php?rest_route=%2Fwp%2Fv2%2Ftags&post=1495"}],"curies":[{"name":"wp","href":"https:\/\/api.w.org\/{rel}","templated":true}]}}