{"id":1469,"date":"2012-08-11T18:22:33","date_gmt":"2012-08-11T17:22:33","guid":{"rendered":"http:\/\/guderley.com\/?p=1469"},"modified":"2012-08-12T07:29:53","modified_gmt":"2012-08-12T06:29:53","slug":"11-8-jurkalne-lettland-tag-26-km-2197","status":"publish","type":"post","link":"http:\/\/guderley.com\/?p=1469","title":{"rendered":"11.8.  J\u016brkalne \/ Lettland &#8211; Tag 26 &#8211; km 2197"},"content":{"rendered":"<p>Ventspils erh\u00e4lt von mir den Titel &#8222;fahrradfreundlichste Stadt des Baltikums&#8220;. Sensationelle Radwege in die Stadt hinein, durch die Stadt und auch wieder hinaus. Respekt !! Auch wenn wenige Kilometer nach Verlassen der Stadt eine 15 km lange Naturpiste zu bew\u00e4ltigen war.<\/p>\n<p>Bei meinem Treffen mit den rotarischen Freunden aus Riga empfahl mir einer &#8211; falls ich nach Jurkalne komme &#8211; im Hotel Zaku Krogs einzukehren. Genau das habe ich dann am Nachmittag auf dem Weg von Ventspils nach S\u00fcden getan.<\/p>\n<div class=\"separator\" style=\"clear: both; text-align: center;\"><a href=\"https:\/\/i0.wp.com\/guderley.com\/wp-content\/uploads\/2012\/08\/wpid-Photo-11.08.2012-2035.jpg\" target=\"_blank\" style=\"margin-left: 1em; margin-right: 1em;\"><img data-recalc-dims=\"1\" decoding=\"async\" src=\"https:\/\/i0.wp.com\/guderley.com\/wp-content\/uploads\/2012\/08\/wpid-Photo-11.08.2012-2035.jpg?resize=500%2C375\" id=\"blogsy-1344753073649.619\" class=\"aligncenter\" alt=\"\" width=\"500\" height=\"375\"><\/a><\/div>\n<p>Zum einen wurde es ziemlich frisch im Laufe des Nachmittags, zum anderen hatte ich nach zwei Tagen Zelt und &#8222;Thermarest&#8220; mal wieder Lust auf ein richtiges Bett. Auch musste meine ganze technische Ausr\u00fcstung unbedingt wieder ans Stromnetz.<\/p>\n<p>Zum Abendessen habe ich zum ersten Mal in meinen Leben Elch-Steak gegessen, das musste ich einfach probieren. Schmeckt ein bisschen nach Wild, die Pilzso\u00dfe dazu fand ich am Besten.<\/p>\n<p>Hier in Jurkalne machen etliche Letten mit ihren Familien Urlaub, der Strand ist unendlich lang und gilt mit seiner bis zu 20m hohen Klippe als besonders sehenswert.<\/p>\n<div class=\"separator\" style=\"clear: both; text-align: center;\"><a href=\"https:\/\/i0.wp.com\/guderley.com\/wp-content\/uploads\/2012\/08\/wpid-Photo-11.08.2012-2118.jpg\" target=\"_blank\" style=\"margin-left: 1em; margin-right: 1em;\"><img data-recalc-dims=\"1\" decoding=\"async\" src=\"https:\/\/i0.wp.com\/guderley.com\/wp-content\/uploads\/2012\/08\/wpid-Photo-11.08.2012-2118.jpg?resize=500%2C375\" id=\"blogsy-1344753073623.338\" class=\"aligncenter\" alt=\"\" width=\"500\" height=\"375\"><\/a><\/div>\n<p>Es steht auch ein Denkmal am Ufer der Ostsee f\u00fcr diejenigen Letten die im Winter 1944\/45 versucht haben, vor der anr\u00fcckenden &#8222;Roten Armee&#8220; \u00fcber die eisige Ostsee nach Gotland in Schweden zu fliehen.<\/p>\n<div class=\"separator\" style=\"clear: both; text-align: center;\"><a href=\"https:\/\/i0.wp.com\/guderley.com\/wp-content\/uploads\/2012\/08\/wpid-Photo-11.08.2012-1750.jpg\" target=\"_blank\" style=\"margin-left: 1em; margin-right: 1em;\"><img data-recalc-dims=\"1\" decoding=\"async\" src=\"https:\/\/i0.wp.com\/guderley.com\/wp-content\/uploads\/2012\/08\/wpid-Photo-11.08.2012-1750.jpg?resize=500%2C375\" id=\"blogsy-1344753073613.133\" class=\"aligncenter\" alt=\"\" width=\"500\" height=\"375\"><\/a><\/div>\n<p>Einige Anmerkungen zu meinen Wahrnehmungen hier in Lettland:<\/p>\n<ul>\n<li>Es f\u00fchlt sich etwas &#8222;russischer&#8220; an, in Sprache und Umgang, als Estland.<\/li>\n<li>Nochmal zum Thema Frauen, also in Riga habe ich tats\u00e4chlich eine ganze Reihe wirklich sch\u00f6ner Frauen gesehen !<\/li>\n<li>In jedem Lokal in dem ich war, dudelte sehr laute und meist schreckliche Musik<\/li>\n<li>Die Letten haben sich riesig gefreut \u00fcber ihre Goldmedaille im BMX-Fahren und die Bronzemedaille im Beach-Volleyball der M\u00e4nner<\/li>\n<li>Die Umgangsformen unterscheiden sich h\u00e4ufig von unseren Gewohnheiten<\/li>\n<li>Ein Lichtblick ist die junge Generation, ich habe sehr viele nette Jugendliche begegnet, da wachsen Europ\u00e4er heran <\/li>\n<li>Die Letten sind begeisterte Beerensammler im Sommer, da kriechen hunderte durch die unendlichen W\u00e4lder. Der Blaubeerkuchen den es oft gibt, ist aber auch wirklich lecker<\/li>\n<li>Riga ist eine sehr interessante und besuchenswerte Stadt, die Str\u00e4nde an der gesamten K\u00fcste sind unendlich lang, allerdings mit wenigen Ausnahmen auch unendlich einsam<\/li>\n<li>Es ist ja hinl\u00e4nglich bekannt, dass sowohl die Esten als auch die Letten leidenschaftliche S\u00e4nger und S\u00e4ngerinnen sind, sie haben sich ja quasi die Unabh\u00e4ngigkeit Anfang der 90er Jahre ersungen. Ich habe jetzt hier im Hotel eine Live-Darbietung einer gesangesfreudigen Gesellschaft. Ich muss sagen das h\u00f6rt sich sehr gut an !<\/li>\n<\/ul>\n<p>Gute Nacht f\u00fcr heute !<\/p>\n<div class=\"separator\" style=\"clear: both; text-align: center;\"><a href=\"https:\/\/i0.wp.com\/guderley.com\/wp-content\/uploads\/2012\/08\/wpid-Photo-11.08.2012-2117.jpg\" target=\"_blank\" style=\"margin-left: 1em; margin-right: 1em;\"><img data-recalc-dims=\"1\" decoding=\"async\" src=\"https:\/\/i0.wp.com\/guderley.com\/wp-content\/uploads\/2012\/08\/wpid-Photo-11.08.2012-2117.jpg?resize=500%2C375\" id=\"blogsy-1344753073596.4583\" class=\"aligncenter\" alt=\"\" width=\"500\" height=\"375\"><\/a><\/div>\n<p>&nbsp;<\/p>\n<div style=\"text-align: right; font-size: small; clear: both;\" id=\"blogsy_footer\"><a href=\"http:\/\/blogsyapp.com\" target=\"_blank\"><img data-recalc-dims=\"1\" decoding=\"async\" src=\"https:\/\/i0.wp.com\/blogsyapp.com\/images\/blogsy_footer_icon.png?resize=20%2C20\" alt=\"Mit Blogsy ver\u00f6ffentlicht\" style=\"vertical-align: middle; margin-right: 5px;\" width=\"20\" height=\"20\" \/>Mit Blogsy ver\u00f6ffentlicht<\/a><\/div>\n","protected":false},"excerpt":{"rendered":"<p>Ventspils erh\u00e4lt von mir den Titel &#8222;fahrradfreundlichste Stadt des Baltikums&#8220;. Sensationelle Radwege in die Stadt hinein, durch die Stadt und auch wieder hinaus. Respekt !! Auch wenn wenige Kilometer nach Verlassen der Stadt eine 15 km lange Naturpiste zu bew\u00e4ltigen war. Bei meinem Treffen mit den rotarischen Freunden aus Riga empfahl mir einer &#8211; falls [&hellip;]<\/p>\n","protected":false},"author":2,"featured_media":0,"comment_status":"open","ping_status":"open","sticky":false,"template":"","format":"standard","meta":{"_jetpack_newsletter_access":"","_jetpack_dont_email_post_to_subs":false,"_jetpack_newsletter_tier_id":0,"_jetpack_memberships_contains_paywalled_content":false,"_jetpack_memberships_contains_paid_content":false,"footnotes":""},"categories":[22],"tags":[],"class_list":["post-1469","post","type-post","status-publish","format-standard","hentry","category-baltikum-2012"],"yoast_head":"<!-- This site is optimized with the Yoast SEO plugin v25.8 - https:\/\/yoast.com\/wordpress\/plugins\/seo\/ -->\n<title>11.8. J\u016brkalne \/ Lettland - Tag 26 - km 2197 - G\u00fcnter&#039;s Blog<\/title>\n<meta name=\"robots\" content=\"index, follow, max-snippet:-1, max-image-preview:large, max-video-preview:-1\" \/>\n<link rel=\"canonical\" href=\"http:\/\/guderley.com\/?p=1469\" \/>\n<meta property=\"og:locale\" content=\"de_DE\" \/>\n<meta property=\"og:type\" content=\"article\" \/>\n<meta property=\"og:title\" content=\"11.8. J\u016brkalne \/ Lettland - Tag 26 - km 2197 - G\u00fcnter&#039;s Blog\" \/>\n<meta property=\"og:description\" content=\"Ventspils erh\u00e4lt von mir den Titel &#8222;fahrradfreundlichste Stadt des Baltikums&#8220;. Sensationelle Radwege in die Stadt hinein, durch die Stadt und auch wieder hinaus. Respekt !! Auch wenn wenige Kilometer nach Verlassen der Stadt eine 15 km lange Naturpiste zu bew\u00e4ltigen war. Bei meinem Treffen mit den rotarischen Freunden aus Riga empfahl mir einer &#8211; falls [&hellip;]\" \/>\n<meta property=\"og:url\" content=\"http:\/\/guderley.com\/?p=1469\" \/>\n<meta property=\"og:site_name\" content=\"G\u00fcnter&#039;s Blog\" \/>\n<meta property=\"article:published_time\" content=\"2012-08-11T17:22:33+00:00\" \/>\n<meta property=\"article:modified_time\" content=\"2012-08-12T06:29:53+00:00\" \/>\n<meta property=\"og:image\" content=\"http:\/\/guderley.com\/wp-content\/uploads\/2012\/08\/wpid-Photo-11.08.2012-2035.jpg\" \/>\n<meta name=\"author\" content=\"guenter\" \/>\n<meta name=\"twitter:card\" content=\"summary_large_image\" \/>\n<meta name=\"twitter:label1\" content=\"Verfasst von\" \/>\n\t<meta name=\"twitter:data1\" content=\"guenter\" \/>\n\t<meta name=\"twitter:label2\" content=\"Gesch\u00e4tzte Lesezeit\" \/>\n\t<meta name=\"twitter:data2\" content=\"2\u00a0Minuten\" \/>\n<script type=\"application\/ld+json\" class=\"yoast-schema-graph\">{\"@context\":\"https:\/\/schema.org\",\"@graph\":[{\"@type\":\"Article\",\"@id\":\"http:\/\/guderley.com\/?p=1469#article\",\"isPartOf\":{\"@id\":\"http:\/\/guderley.com\/?p=1469\"},\"author\":{\"name\":\"guenter\",\"@id\":\"https:\/\/guderley.com\/#\/schema\/person\/24a827645a6fedd3481426a7028dfdcd\"},\"headline\":\"11.8. J\u016brkalne \/ Lettland &#8211; Tag 26 &#8211; km 2197\",\"datePublished\":\"2012-08-11T17:22:33+00:00\",\"dateModified\":\"2012-08-12T06:29:53+00:00\",\"mainEntityOfPage\":{\"@id\":\"http:\/\/guderley.com\/?p=1469\"},\"wordCount\":434,\"commentCount\":2,\"publisher\":{\"@id\":\"https:\/\/guderley.com\/#\/schema\/person\/24a827645a6fedd3481426a7028dfdcd\"},\"image\":{\"@id\":\"http:\/\/guderley.com\/?p=1469#primaryimage\"},\"thumbnailUrl\":\"http:\/\/guderley.com\/wp-content\/uploads\/2012\/08\/wpid-Photo-11.08.2012-2035.jpg\",\"articleSection\":[\"2012 BALTIKUM\"],\"inLanguage\":\"de\",\"potentialAction\":[{\"@type\":\"CommentAction\",\"name\":\"Comment\",\"target\":[\"http:\/\/guderley.com\/?p=1469#respond\"]}]},{\"@type\":\"WebPage\",\"@id\":\"http:\/\/guderley.com\/?p=1469\",\"url\":\"http:\/\/guderley.com\/?p=1469\",\"name\":\"11.8. J\u016brkalne \/ Lettland - Tag 26 - km 2197 - G\u00fcnter&#039;s Blog\",\"isPartOf\":{\"@id\":\"https:\/\/guderley.com\/#website\"},\"primaryImageOfPage\":{\"@id\":\"http:\/\/guderley.com\/?p=1469#primaryimage\"},\"image\":{\"@id\":\"http:\/\/guderley.com\/?p=1469#primaryimage\"},\"thumbnailUrl\":\"http:\/\/guderley.com\/wp-content\/uploads\/2012\/08\/wpid-Photo-11.08.2012-2035.jpg\",\"datePublished\":\"2012-08-11T17:22:33+00:00\",\"dateModified\":\"2012-08-12T06:29:53+00:00\",\"breadcrumb\":{\"@id\":\"http:\/\/guderley.com\/?p=1469#breadcrumb\"},\"inLanguage\":\"de\",\"potentialAction\":[{\"@type\":\"ReadAction\",\"target\":[\"http:\/\/guderley.com\/?p=1469\"]}]},{\"@type\":\"ImageObject\",\"inLanguage\":\"de\",\"@id\":\"http:\/\/guderley.com\/?p=1469#primaryimage\",\"url\":\"https:\/\/i0.wp.com\/guderley.com\/wp-content\/uploads\/2012\/08\/wpid-Photo-11.08.2012-2035.jpg?fit=1024%2C768\",\"contentUrl\":\"https:\/\/i0.wp.com\/guderley.com\/wp-content\/uploads\/2012\/08\/wpid-Photo-11.08.2012-2035.jpg?fit=1024%2C768\",\"width\":\"1024\",\"height\":\"768\"},{\"@type\":\"BreadcrumbList\",\"@id\":\"http:\/\/guderley.com\/?p=1469#breadcrumb\",\"itemListElement\":[{\"@type\":\"ListItem\",\"position\":1,\"name\":\"Startseite\",\"item\":\"https:\/\/guderley.com\/\"},{\"@type\":\"ListItem\",\"position\":2,\"name\":\"11.8. J\u016brkalne \/ Lettland &#8211; Tag 26 &#8211; km 2197\"}]},{\"@type\":\"WebSite\",\"@id\":\"https:\/\/guderley.com\/#website\",\"url\":\"https:\/\/guderley.com\/\",\"name\":\"G\u00fcnter's Blog\",\"description\":\"Fahrrad Touren rund um die Welt\",\"publisher\":{\"@id\":\"https:\/\/guderley.com\/#\/schema\/person\/24a827645a6fedd3481426a7028dfdcd\"},\"alternateName\":\"G\u00fcnter's Blog\",\"potentialAction\":[{\"@type\":\"SearchAction\",\"target\":{\"@type\":\"EntryPoint\",\"urlTemplate\":\"https:\/\/guderley.com\/?s={search_term_string}\"},\"query-input\":{\"@type\":\"PropertyValueSpecification\",\"valueRequired\":true,\"valueName\":\"search_term_string\"}}],\"inLanguage\":\"de\"},{\"@type\":[\"Person\",\"Organization\"],\"@id\":\"https:\/\/guderley.com\/#\/schema\/person\/24a827645a6fedd3481426a7028dfdcd\",\"name\":\"guenter\",\"image\":{\"@type\":\"ImageObject\",\"inLanguage\":\"de\",\"@id\":\"https:\/\/guderley.com\/#\/schema\/person\/image\/\",\"url\":\"https:\/\/i0.wp.com\/guderley.com\/wp-content\/uploads\/img_8008-scaled.jpg?fit=1920%2C2560\",\"contentUrl\":\"https:\/\/i0.wp.com\/guderley.com\/wp-content\/uploads\/img_8008-scaled.jpg?fit=1920%2C2560\",\"width\":1920,\"height\":2560,\"caption\":\"guenter\"},\"logo\":{\"@id\":\"https:\/\/guderley.com\/#\/schema\/person\/image\/\"},\"sameAs\":[\"http:\/\/guderley.com\/blog\"],\"url\":\"http:\/\/guderley.com\/?author=2\"}]}<\/script>\n<!-- \/ Yoast SEO plugin. -->","yoast_head_json":{"title":"11.8. J\u016brkalne \/ Lettland - Tag 26 - km 2197 - G\u00fcnter&#039;s Blog","robots":{"index":"index","follow":"follow","max-snippet":"max-snippet:-1","max-image-preview":"max-image-preview:large","max-video-preview":"max-video-preview:-1"},"canonical":"http:\/\/guderley.com\/?p=1469","og_locale":"de_DE","og_type":"article","og_title":"11.8. J\u016brkalne \/ Lettland - Tag 26 - km 2197 - G\u00fcnter&#039;s Blog","og_description":"Ventspils erh\u00e4lt von mir den Titel &#8222;fahrradfreundlichste Stadt des Baltikums&#8220;. Sensationelle Radwege in die Stadt hinein, durch die Stadt und auch wieder hinaus. Respekt !! Auch wenn wenige Kilometer nach Verlassen der Stadt eine 15 km lange Naturpiste zu bew\u00e4ltigen war. Bei meinem Treffen mit den rotarischen Freunden aus Riga empfahl mir einer &#8211; falls [&hellip;]","og_url":"http:\/\/guderley.com\/?p=1469","og_site_name":"G\u00fcnter&#039;s Blog","article_published_time":"2012-08-11T17:22:33+00:00","article_modified_time":"2012-08-12T06:29:53+00:00","og_image":[{"url":"http:\/\/guderley.com\/wp-content\/uploads\/2012\/08\/wpid-Photo-11.08.2012-2035.jpg","type":"","width":"","height":""}],"author":"guenter","twitter_card":"summary_large_image","twitter_misc":{"Verfasst von":"guenter","Gesch\u00e4tzte Lesezeit":"2\u00a0Minuten"},"schema":{"@context":"https:\/\/schema.org","@graph":[{"@type":"Article","@id":"http:\/\/guderley.com\/?p=1469#article","isPartOf":{"@id":"http:\/\/guderley.com\/?p=1469"},"author":{"name":"guenter","@id":"https:\/\/guderley.com\/#\/schema\/person\/24a827645a6fedd3481426a7028dfdcd"},"headline":"11.8. J\u016brkalne \/ Lettland &#8211; Tag 26 &#8211; km 2197","datePublished":"2012-08-11T17:22:33+00:00","dateModified":"2012-08-12T06:29:53+00:00","mainEntityOfPage":{"@id":"http:\/\/guderley.com\/?p=1469"},"wordCount":434,"commentCount":2,"publisher":{"@id":"https:\/\/guderley.com\/#\/schema\/person\/24a827645a6fedd3481426a7028dfdcd"},"image":{"@id":"http:\/\/guderley.com\/?p=1469#primaryimage"},"thumbnailUrl":"http:\/\/guderley.com\/wp-content\/uploads\/2012\/08\/wpid-Photo-11.08.2012-2035.jpg","articleSection":["2012 BALTIKUM"],"inLanguage":"de","potentialAction":[{"@type":"CommentAction","name":"Comment","target":["http:\/\/guderley.com\/?p=1469#respond"]}]},{"@type":"WebPage","@id":"http:\/\/guderley.com\/?p=1469","url":"http:\/\/guderley.com\/?p=1469","name":"11.8. J\u016brkalne \/ Lettland - Tag 26 - km 2197 - G\u00fcnter&#039;s Blog","isPartOf":{"@id":"https:\/\/guderley.com\/#website"},"primaryImageOfPage":{"@id":"http:\/\/guderley.com\/?p=1469#primaryimage"},"image":{"@id":"http:\/\/guderley.com\/?p=1469#primaryimage"},"thumbnailUrl":"http:\/\/guderley.com\/wp-content\/uploads\/2012\/08\/wpid-Photo-11.08.2012-2035.jpg","datePublished":"2012-08-11T17:22:33+00:00","dateModified":"2012-08-12T06:29:53+00:00","breadcrumb":{"@id":"http:\/\/guderley.com\/?p=1469#breadcrumb"},"inLanguage":"de","potentialAction":[{"@type":"ReadAction","target":["http:\/\/guderley.com\/?p=1469"]}]},{"@type":"ImageObject","inLanguage":"de","@id":"http:\/\/guderley.com\/?p=1469#primaryimage","url":"https:\/\/i0.wp.com\/guderley.com\/wp-content\/uploads\/2012\/08\/wpid-Photo-11.08.2012-2035.jpg?fit=1024%2C768","contentUrl":"https:\/\/i0.wp.com\/guderley.com\/wp-content\/uploads\/2012\/08\/wpid-Photo-11.08.2012-2035.jpg?fit=1024%2C768","width":"1024","height":"768"},{"@type":"BreadcrumbList","@id":"http:\/\/guderley.com\/?p=1469#breadcrumb","itemListElement":[{"@type":"ListItem","position":1,"name":"Startseite","item":"https:\/\/guderley.com\/"},{"@type":"ListItem","position":2,"name":"11.8. J\u016brkalne \/ Lettland &#8211; Tag 26 &#8211; km 2197"}]},{"@type":"WebSite","@id":"https:\/\/guderley.com\/#website","url":"https:\/\/guderley.com\/","name":"G\u00fcnter's Blog","description":"Fahrrad Touren rund um die Welt","publisher":{"@id":"https:\/\/guderley.com\/#\/schema\/person\/24a827645a6fedd3481426a7028dfdcd"},"alternateName":"G\u00fcnter's Blog","potentialAction":[{"@type":"SearchAction","target":{"@type":"EntryPoint","urlTemplate":"https:\/\/guderley.com\/?s={search_term_string}"},"query-input":{"@type":"PropertyValueSpecification","valueRequired":true,"valueName":"search_term_string"}}],"inLanguage":"de"},{"@type":["Person","Organization"],"@id":"https:\/\/guderley.com\/#\/schema\/person\/24a827645a6fedd3481426a7028dfdcd","name":"guenter","image":{"@type":"ImageObject","inLanguage":"de","@id":"https:\/\/guderley.com\/#\/schema\/person\/image\/","url":"https:\/\/i0.wp.com\/guderley.com\/wp-content\/uploads\/img_8008-scaled.jpg?fit=1920%2C2560","contentUrl":"https:\/\/i0.wp.com\/guderley.com\/wp-content\/uploads\/img_8008-scaled.jpg?fit=1920%2C2560","width":1920,"height":2560,"caption":"guenter"},"logo":{"@id":"https:\/\/guderley.com\/#\/schema\/person\/image\/"},"sameAs":["http:\/\/guderley.com\/blog"],"url":"http:\/\/guderley.com\/?author=2"}]}},"jetpack_featured_media_url":"","jetpack_sharing_enabled":true,"jetpack_shortlink":"https:\/\/wp.me\/p9IuXF-nH","jetpack_likes_enabled":true,"jetpack-related-posts":[{"id":1525,"url":"http:\/\/guderley.com\/?p=1525","url_meta":{"origin":1469,"position":0},"title":"16.8.  Tolckmicko \/ Polen &#8211; Tag 31 &#8211; km 2735","author":"guenter","date":"August 17, 2012","format":false,"excerpt":"Es liegt kein Land mehr zwischen hier und daheim, auch wenn ich noch im nord\u00f6stlichen Teil Polens, also da was mal Ostpreu\u00dfen hie\u00df, binKaliningrad war ziemlich \"strange\", im Hotel herrschte keine gute Atmosph\u00e4re, auch wenn es zu den Top-Adresse in der Stadt z\u00e4hlt. Ich habe noch eine kleine Radrunde nach\u2026","rel":"","context":"In &quot;2012 BALTIKUM&quot;","block_context":{"text":"2012 BALTIKUM","link":"http:\/\/guderley.com\/?cat=22"},"img":{"alt_text":"","src":"https:\/\/i0.wp.com\/guderley.com\/wp-content\/uploads\/2012\/08\/wpid-Photo-16.08.2012-0941.jpg?resize=350%2C200","width":350,"height":200,"srcset":"https:\/\/i0.wp.com\/guderley.com\/wp-content\/uploads\/2012\/08\/wpid-Photo-16.08.2012-0941.jpg?resize=350%2C200 1x, https:\/\/i0.wp.com\/guderley.com\/wp-content\/uploads\/2012\/08\/wpid-Photo-16.08.2012-0941.jpg?resize=525%2C300 1.5x, https:\/\/i0.wp.com\/guderley.com\/wp-content\/uploads\/2012\/08\/wpid-Photo-16.08.2012-0941.jpg?resize=700%2C400 2x"},"classes":[]},{"id":5413,"url":"http:\/\/guderley.com\/?p=5413","url_meta":{"origin":1469,"position":1},"title":"MRT 2023 &#8211; 08.06. &#8211; Do &#8211; Tag 28","author":"guenter","date":"Juni 8, 2023","format":false,"excerpt":"Memphis TN - Ruhetag 1 Heute ist mein 71. Geburtstag - habe vergessen mein Handy lautlos zu stellen - wache kurz nach Mitternacht auf (Deutschland 7:00 Uhr) und ganz viele Gl\u00fcckw\u00fcnsche erreichen mich \u00fcber WhatsApp. Vielen Dank daf\u00fcr \ud83d\ude4f Am Morgen (14 Uhr Deutschland) lese ich alle bei einem Fr\u00fchst\u00fcck\u2026","rel":"","context":"In &quot;2023 MISSISSIPPI&quot;","block_context":{"text":"2023 MISSISSIPPI","link":"http:\/\/guderley.com\/?cat=34"},"img":{"alt_text":"","src":"https:\/\/i0.wp.com\/guderley.com\/wp-content\/uploads\/img_3477.jpg?fit=1200%2C899&resize=350%2C200","width":350,"height":200,"srcset":"https:\/\/i0.wp.com\/guderley.com\/wp-content\/uploads\/img_3477.jpg?fit=1200%2C899&resize=350%2C200 1x, https:\/\/i0.wp.com\/guderley.com\/wp-content\/uploads\/img_3477.jpg?fit=1200%2C899&resize=525%2C300 1.5x, https:\/\/i0.wp.com\/guderley.com\/wp-content\/uploads\/img_3477.jpg?fit=1200%2C899&resize=700%2C400 2x, https:\/\/i0.wp.com\/guderley.com\/wp-content\/uploads\/img_3477.jpg?fit=1200%2C899&resize=1050%2C600 3x"},"classes":[]},{"id":1316,"url":"http:\/\/guderley.com\/?p=1316","url_meta":{"origin":1469,"position":2},"title":"25.7.  Tartu \/ Estland &#8211; 9. Tag &#8211; 718 km","author":"guenter","date":"Juli 25, 2012","format":false,"excerpt":"Eine sehr angenehme und ruhige Nacht in dem riesigen Kiefernwald verbracht. Um 8 Uhr rollte mein Fahrrad komplett gepackt \"vom Hof\". Es ging nach kurzer Zeit auf eine gute und relativ wenig befahrene Stra\u00dfe entlang des Peipussees. Bei meinem ersten Stopp traf ich die vier Berliner von vorgestern wieder, die\u2026","rel":"","context":"In &quot;2012 BALTIKUM&quot;","block_context":{"text":"2012 BALTIKUM","link":"http:\/\/guderley.com\/?cat=22"},"img":{"alt_text":"","src":"https:\/\/i0.wp.com\/guderley.com\/wp-content\/uploads\/2012\/07\/wpid-Photo-25.07.2012-2219.jpg?resize=350%2C200","width":350,"height":200,"srcset":"https:\/\/i0.wp.com\/guderley.com\/wp-content\/uploads\/2012\/07\/wpid-Photo-25.07.2012-2219.jpg?resize=350%2C200 1x, https:\/\/i0.wp.com\/guderley.com\/wp-content\/uploads\/2012\/07\/wpid-Photo-25.07.2012-2219.jpg?resize=525%2C300 1.5x, https:\/\/i0.wp.com\/guderley.com\/wp-content\/uploads\/2012\/07\/wpid-Photo-25.07.2012-2219.jpg?resize=700%2C400 2x"},"classes":[]},{"id":1299,"url":"http:\/\/guderley.com\/?p=1299","url_meta":{"origin":1469,"position":3},"title":"23.7.  Narva \/ Estland &#8211; 7. Tag &#8211; 467 km","author":"guenter","date":"Juli 23, 2012","format":false,"excerpt":"Heute morgen war die Sonne weg und ein sturmartiger Westwind gab die Richtung vor. Ich wollte sowieso weiter nach Osten, klar war aber auch dass der Wind den Regen heranblies.Ich rollte entlang der Steilk\u00fcste nach Toila und n\u00e4herte mich damit einer Gegend welche im Fr\u00fchjahr 1944 heftig umk\u00e4mpft war und\u2026","rel":"","context":"In &quot;2012 BALTIKUM&quot;","block_context":{"text":"2012 BALTIKUM","link":"http:\/\/guderley.com\/?cat=22"},"img":{"alt_text":"","src":"https:\/\/i0.wp.com\/guderley.com\/wp-content\/uploads\/2012\/07\/wpid-Photo-23.07.2012-1547.jpg?resize=350%2C200","width":350,"height":200,"srcset":"https:\/\/i0.wp.com\/guderley.com\/wp-content\/uploads\/2012\/07\/wpid-Photo-23.07.2012-1547.jpg?resize=350%2C200 1x, https:\/\/i0.wp.com\/guderley.com\/wp-content\/uploads\/2012\/07\/wpid-Photo-23.07.2012-1547.jpg?resize=525%2C300 1.5x, https:\/\/i0.wp.com\/guderley.com\/wp-content\/uploads\/2012\/07\/wpid-Photo-23.07.2012-1547.jpg?resize=700%2C400 2x"},"classes":[]},{"id":1511,"url":"http:\/\/guderley.com\/?p=1511","url_meta":{"origin":1469,"position":4},"title":"15.8.  Kaliningrad \/ Russland &#8211; Tag 30 &#8211; km 2635","author":"guenter","date":"August 15, 2012","format":false,"excerpt":"Heute stand sehr zeitig die Einreise nach Russland an. Kurz nach 8 Uhr rollte ich an die nur drei Kilometer vom Campingplatz entfernte Grenze und war nat\u00fcrlich gespannt auf das Procedere.Es ging eigentlich ziemlich schnell und die Leute waren auch sehr freundlich. Ich musste nat\u00fcrlich noch das Migrationspapier ausf\u00fcllen und\u2026","rel":"","context":"In &quot;2012 BALTIKUM&quot;","block_context":{"text":"2012 BALTIKUM","link":"http:\/\/guderley.com\/?cat=22"},"img":{"alt_text":"","src":"https:\/\/i0.wp.com\/guderley.com\/wp-content\/uploads\/2012\/08\/wpid-Photo-15.08.2012-2203.jpg?resize=350%2C200","width":350,"height":200,"srcset":"https:\/\/i0.wp.com\/guderley.com\/wp-content\/uploads\/2012\/08\/wpid-Photo-15.08.2012-2203.jpg?resize=350%2C200 1x, https:\/\/i0.wp.com\/guderley.com\/wp-content\/uploads\/2012\/08\/wpid-Photo-15.08.2012-2203.jpg?resize=525%2C300 1.5x, https:\/\/i0.wp.com\/guderley.com\/wp-content\/uploads\/2012\/08\/wpid-Photo-15.08.2012-2203.jpg?resize=700%2C400 2x"},"classes":[]},{"id":2886,"url":"http:\/\/guderley.com\/?p=2886","url_meta":{"origin":1469,"position":5},"title":"Tag 31 &#8211; Sa 27.6.2015 &#8211; 85 km Beaugency \/ Gesamt: 3301 km","author":"guenter","date":"Juni 28, 2015","format":false,"excerpt":"Beim Aufwachen - leichter Regen - und keine Lust auf Radfahren. Bin \u00fcber die Br\u00fccke - die letzten Pl\u00e4tze waren immer auf Loireinseln - nach Amboise geradelt und habe nach einem leckeren Fr\u00fchst\u00fcck mir die sehenswerte Stadt ein bisschen angeguckt.Die Sonne k\u00e4mpfte sich auch gerade zur\u00fcck und so bin ich\u2026","rel":"","context":"In &quot;2015 BENELUX - FRANKREICH&quot;","block_context":{"text":"2015 BENELUX - FRANKREICH","link":"http:\/\/guderley.com\/?cat=27"},"img":{"alt_text":"","src":"https:\/\/i0.wp.com\/guderley.com\/wp-content\/uploads\/2015\/06\/wpid-Photo-27.06.2015-1543.jpg?resize=350%2C200","width":350,"height":200,"srcset":"https:\/\/i0.wp.com\/guderley.com\/wp-content\/uploads\/2015\/06\/wpid-Photo-27.06.2015-1543.jpg?resize=350%2C200 1x, https:\/\/i0.wp.com\/guderley.com\/wp-content\/uploads\/2015\/06\/wpid-Photo-27.06.2015-1543.jpg?resize=525%2C300 1.5x, https:\/\/i0.wp.com\/guderley.com\/wp-content\/uploads\/2015\/06\/wpid-Photo-27.06.2015-1543.jpg?resize=700%2C400 2x"},"classes":[]}],"_links":{"self":[{"href":"http:\/\/guderley.com\/index.php?rest_route=\/wp\/v2\/posts\/1469","targetHints":{"allow":["GET"]}}],"collection":[{"href":"http:\/\/guderley.com\/index.php?rest_route=\/wp\/v2\/posts"}],"about":[{"href":"http:\/\/guderley.com\/index.php?rest_route=\/wp\/v2\/types\/post"}],"author":[{"embeddable":true,"href":"http:\/\/guderley.com\/index.php?rest_route=\/wp\/v2\/users\/2"}],"replies":[{"embeddable":true,"href":"http:\/\/guderley.com\/index.php?rest_route=%2Fwp%2Fv2%2Fcomments&post=1469"}],"version-history":[{"count":7,"href":"http:\/\/guderley.com\/index.php?rest_route=\/wp\/v2\/posts\/1469\/revisions"}],"predecessor-version":[{"id":1482,"href":"http:\/\/guderley.com\/index.php?rest_route=\/wp\/v2\/posts\/1469\/revisions\/1482"}],"wp:attachment":[{"href":"http:\/\/guderley.com\/index.php?rest_route=%2Fwp%2Fv2%2Fmedia&parent=1469"}],"wp:term":[{"taxonomy":"category","embeddable":true,"href":"http:\/\/guderley.com\/index.php?rest_route=%2Fwp%2Fv2%2Fcategories&post=1469"},{"taxonomy":"post_tag","embeddable":true,"href":"http:\/\/guderley.com\/index.php?rest_route=%2Fwp%2Fv2%2Ftags&post=1469"}],"curies":[{"name":"wp","href":"https:\/\/api.w.org\/{rel}","templated":true}]}}