{"id":1468,"date":"2012-08-11T12:40:35","date_gmt":"2012-08-11T11:40:35","guid":{"rendered":"http:\/\/guderley.com\/?p=1468"},"modified":"2012-08-11T18:21:54","modified_gmt":"2012-08-11T17:21:54","slug":"11-8-ventspils-lettland-tag-26-km-2150","status":"publish","type":"post","link":"http:\/\/guderley.com\/?p=1468","title":{"rendered":"11.8.  Ventspils \/ Lettland &#8211; Tag 26 &#8211; km 2150"},"content":{"rendered":"<p>Es gibt so St\u00e4dtenamen auf der pers\u00f6nlichen Landkarte, da mu\u00df ich einfach mal hin. Einer davon ist Ventspils, ein anderer war vor etlichen Jahren Ystad in Schweden (da war ich dann 2001).<\/p>\n<div class=\"separator\" style=\"clear: both; text-align: center;\"><a href=\"https:\/\/i0.wp.com\/guderley.com\/wp-content\/uploads\/2012\/08\/wpid-Photo-11.08.2012-1349.jpg\" target=\"_blank\" style=\"margin-left: 1em; margin-right: 1em;\"><img data-recalc-dims=\"1\" decoding=\"async\" src=\"https:\/\/i0.wp.com\/guderley.com\/wp-content\/uploads\/2012\/08\/wpid-Photo-11.08.2012-1349.jpg?resize=500%2C375\" id=\"blogsy-1344705777373.7588\" class=\"aligncenter\" width=\"500\" height=\"375\" alt=\"\"><\/a><\/div>\n<p>Also jetzt bin ich Ventspils angekommen, von hier aus geht eine F\u00e4hre nach Sassnitz auf R\u00fcgen. (Stimmt garnicht, die geht erst ab Klaipeda). 2002 war hier das Jahr der &#8222;Cow Parade&#8220;, demzufolge stehen an allen Ecken K\u00fche und sind damit nat\u00fcrlich beliebte Fotoobjekte.<\/p>\n<div class=\"separator\" style=\"clear: both; text-align: center;\"><a href=\"https:\/\/i0.wp.com\/guderley.com\/wp-content\/uploads\/2012\/08\/wpid-Photo-11.08.2012-12301.jpg\" target=\"_blank\" style=\"margin-left: 1em; margin-right: 1em;\"><img data-recalc-dims=\"1\" decoding=\"async\" src=\"https:\/\/i0.wp.com\/guderley.com\/wp-content\/uploads\/2012\/08\/wpid-Photo-11.08.2012-12301.jpg?resize=500%2C375\" id=\"blogsy-1344705777411.616\" class=\"aligncenter\" width=\"500\" height=\"375\" alt=\"\"><\/a><\/div>\n<div class=\"separator\" style=\"clear: both; text-align: center;\"><a href=\"https:\/\/i0.wp.com\/guderley.com\/wp-content\/uploads\/2012\/08\/wpid-Photo-11.08.2012-1343.jpg\" target=\"_blank\" style=\"margin-left: 1em; margin-right: 1em;\"><img data-recalc-dims=\"1\" decoding=\"async\" src=\"https:\/\/i0.wp.com\/guderley.com\/wp-content\/uploads\/2012\/08\/wpid-Photo-11.08.2012-1343.jpg?resize=500%2C375\" id=\"blogsy-1344705777415.5674\" class=\"aligncenter\" width=\"500\" height=\"375\" alt=\"\"><\/a><\/div>\n<p>Ich mache eine intensive Mittagsrast in dieser touristisch belebten Hafenstadt. Heute Abend will ich, irgendwo weiter in Richtung Litauen, am Meer Station machen.<\/p>\n<p>&nbsp;<\/p>\n<div style=\"text-align: right; font-size: small; clear: both;\" id=\"blogsy_footer\"><a href=\"http:\/\/blogsyapp.com\" target=\"_blank\"><img data-recalc-dims=\"1\" decoding=\"async\" src=\"https:\/\/i0.wp.com\/blogsyapp.com\/images\/blogsy_footer_icon.png?resize=20%2C20\" alt=\"Mit Blogsy ver\u00f6ffentlicht\" style=\"vertical-align: middle; margin-right: 5px;\" width=\"20\" height=\"20\" \/>Mit Blogsy ver\u00f6ffentlicht<\/a><\/div>\n","protected":false},"excerpt":{"rendered":"<p>Es gibt so St\u00e4dtenamen auf der pers\u00f6nlichen Landkarte, da mu\u00df ich einfach mal hin. Einer davon ist Ventspils, ein anderer war vor etlichen Jahren Ystad in Schweden (da war ich dann 2001). Also jetzt bin ich Ventspils angekommen, von hier aus geht eine F\u00e4hre nach Sassnitz auf R\u00fcgen. (Stimmt garnicht, die geht erst ab Klaipeda). [&hellip;]<\/p>\n","protected":false},"author":2,"featured_media":0,"comment_status":"open","ping_status":"open","sticky":false,"template":"","format":"standard","meta":{"_jetpack_newsletter_access":"","_jetpack_dont_email_post_to_subs":false,"_jetpack_newsletter_tier_id":0,"_jetpack_memberships_contains_paywalled_content":false,"_jetpack_memberships_contains_paid_content":false,"footnotes":""},"categories":[22],"tags":[],"class_list":["post-1468","post","type-post","status-publish","format-standard","hentry","category-baltikum-2012"],"yoast_head":"<!-- This site is optimized with the Yoast SEO plugin v25.8 - https:\/\/yoast.com\/wordpress\/plugins\/seo\/ -->\n<title>11.8. Ventspils \/ Lettland - Tag 26 - km 2150 - G\u00fcnter&#039;s Blog<\/title>\n<meta name=\"robots\" content=\"index, follow, max-snippet:-1, max-image-preview:large, max-video-preview:-1\" \/>\n<link rel=\"canonical\" href=\"http:\/\/guderley.com\/?p=1468\" \/>\n<meta property=\"og:locale\" content=\"de_DE\" \/>\n<meta property=\"og:type\" content=\"article\" \/>\n<meta property=\"og:title\" content=\"11.8. Ventspils \/ Lettland - Tag 26 - km 2150 - G\u00fcnter&#039;s Blog\" \/>\n<meta property=\"og:description\" content=\"Es gibt so St\u00e4dtenamen auf der pers\u00f6nlichen Landkarte, da mu\u00df ich einfach mal hin. Einer davon ist Ventspils, ein anderer war vor etlichen Jahren Ystad in Schweden (da war ich dann 2001). Also jetzt bin ich Ventspils angekommen, von hier aus geht eine F\u00e4hre nach Sassnitz auf R\u00fcgen. (Stimmt garnicht, die geht erst ab Klaipeda). [&hellip;]\" \/>\n<meta property=\"og:url\" content=\"http:\/\/guderley.com\/?p=1468\" \/>\n<meta property=\"og:site_name\" content=\"G\u00fcnter&#039;s Blog\" \/>\n<meta property=\"article:published_time\" content=\"2012-08-11T11:40:35+00:00\" \/>\n<meta property=\"article:modified_time\" content=\"2012-08-11T17:21:54+00:00\" \/>\n<meta property=\"og:image\" content=\"http:\/\/guderley.com\/wp-content\/uploads\/2012\/08\/wpid-Photo-11.08.2012-1349.jpg\" \/>\n<meta name=\"author\" content=\"guenter\" \/>\n<meta name=\"twitter:card\" content=\"summary_large_image\" \/>\n<meta name=\"twitter:label1\" content=\"Verfasst von\" \/>\n\t<meta name=\"twitter:data1\" content=\"guenter\" \/>\n\t<meta name=\"twitter:label2\" content=\"Gesch\u00e4tzte Lesezeit\" \/>\n\t<meta name=\"twitter:data2\" content=\"1\u00a0Minute\" \/>\n<script type=\"application\/ld+json\" class=\"yoast-schema-graph\">{\"@context\":\"https:\/\/schema.org\",\"@graph\":[{\"@type\":\"Article\",\"@id\":\"http:\/\/guderley.com\/?p=1468#article\",\"isPartOf\":{\"@id\":\"http:\/\/guderley.com\/?p=1468\"},\"author\":{\"name\":\"guenter\",\"@id\":\"https:\/\/guderley.com\/#\/schema\/person\/24a827645a6fedd3481426a7028dfdcd\"},\"headline\":\"11.8. Ventspils \/ Lettland &#8211; Tag 26 &#8211; km 2150\",\"datePublished\":\"2012-08-11T11:40:35+00:00\",\"dateModified\":\"2012-08-11T17:21:54+00:00\",\"mainEntityOfPage\":{\"@id\":\"http:\/\/guderley.com\/?p=1468\"},\"wordCount\":113,\"commentCount\":0,\"publisher\":{\"@id\":\"https:\/\/guderley.com\/#\/schema\/person\/24a827645a6fedd3481426a7028dfdcd\"},\"image\":{\"@id\":\"http:\/\/guderley.com\/?p=1468#primaryimage\"},\"thumbnailUrl\":\"http:\/\/guderley.com\/wp-content\/uploads\/2012\/08\/wpid-Photo-11.08.2012-1349.jpg\",\"articleSection\":[\"2012 BALTIKUM\"],\"inLanguage\":\"de\",\"potentialAction\":[{\"@type\":\"CommentAction\",\"name\":\"Comment\",\"target\":[\"http:\/\/guderley.com\/?p=1468#respond\"]}]},{\"@type\":\"WebPage\",\"@id\":\"http:\/\/guderley.com\/?p=1468\",\"url\":\"http:\/\/guderley.com\/?p=1468\",\"name\":\"11.8. Ventspils \/ Lettland - Tag 26 - km 2150 - G\u00fcnter&#039;s Blog\",\"isPartOf\":{\"@id\":\"https:\/\/guderley.com\/#website\"},\"primaryImageOfPage\":{\"@id\":\"http:\/\/guderley.com\/?p=1468#primaryimage\"},\"image\":{\"@id\":\"http:\/\/guderley.com\/?p=1468#primaryimage\"},\"thumbnailUrl\":\"http:\/\/guderley.com\/wp-content\/uploads\/2012\/08\/wpid-Photo-11.08.2012-1349.jpg\",\"datePublished\":\"2012-08-11T11:40:35+00:00\",\"dateModified\":\"2012-08-11T17:21:54+00:00\",\"breadcrumb\":{\"@id\":\"http:\/\/guderley.com\/?p=1468#breadcrumb\"},\"inLanguage\":\"de\",\"potentialAction\":[{\"@type\":\"ReadAction\",\"target\":[\"http:\/\/guderley.com\/?p=1468\"]}]},{\"@type\":\"ImageObject\",\"inLanguage\":\"de\",\"@id\":\"http:\/\/guderley.com\/?p=1468#primaryimage\",\"url\":\"https:\/\/i0.wp.com\/guderley.com\/wp-content\/uploads\/2012\/08\/wpid-Photo-11.08.2012-1349.jpg?fit=1024%2C768\",\"contentUrl\":\"https:\/\/i0.wp.com\/guderley.com\/wp-content\/uploads\/2012\/08\/wpid-Photo-11.08.2012-1349.jpg?fit=1024%2C768\",\"width\":\"1024\",\"height\":\"768\"},{\"@type\":\"BreadcrumbList\",\"@id\":\"http:\/\/guderley.com\/?p=1468#breadcrumb\",\"itemListElement\":[{\"@type\":\"ListItem\",\"position\":1,\"name\":\"Startseite\",\"item\":\"https:\/\/guderley.com\/\"},{\"@type\":\"ListItem\",\"position\":2,\"name\":\"11.8. Ventspils \/ Lettland &#8211; Tag 26 &#8211; km 2150\"}]},{\"@type\":\"WebSite\",\"@id\":\"https:\/\/guderley.com\/#website\",\"url\":\"https:\/\/guderley.com\/\",\"name\":\"G\u00fcnter's Blog\",\"description\":\"Fahrrad Touren rund um die Welt\",\"publisher\":{\"@id\":\"https:\/\/guderley.com\/#\/schema\/person\/24a827645a6fedd3481426a7028dfdcd\"},\"alternateName\":\"G\u00fcnter's Blog\",\"potentialAction\":[{\"@type\":\"SearchAction\",\"target\":{\"@type\":\"EntryPoint\",\"urlTemplate\":\"https:\/\/guderley.com\/?s={search_term_string}\"},\"query-input\":{\"@type\":\"PropertyValueSpecification\",\"valueRequired\":true,\"valueName\":\"search_term_string\"}}],\"inLanguage\":\"de\"},{\"@type\":[\"Person\",\"Organization\"],\"@id\":\"https:\/\/guderley.com\/#\/schema\/person\/24a827645a6fedd3481426a7028dfdcd\",\"name\":\"guenter\",\"image\":{\"@type\":\"ImageObject\",\"inLanguage\":\"de\",\"@id\":\"https:\/\/guderley.com\/#\/schema\/person\/image\/\",\"url\":\"https:\/\/i0.wp.com\/guderley.com\/wp-content\/uploads\/img_8008-scaled.jpg?fit=1920%2C2560\",\"contentUrl\":\"https:\/\/i0.wp.com\/guderley.com\/wp-content\/uploads\/img_8008-scaled.jpg?fit=1920%2C2560\",\"width\":1920,\"height\":2560,\"caption\":\"guenter\"},\"logo\":{\"@id\":\"https:\/\/guderley.com\/#\/schema\/person\/image\/\"},\"sameAs\":[\"http:\/\/guderley.com\/blog\"],\"url\":\"http:\/\/guderley.com\/?author=2\"}]}<\/script>\n<!-- \/ Yoast SEO plugin. -->","yoast_head_json":{"title":"11.8. Ventspils \/ Lettland - Tag 26 - km 2150 - G\u00fcnter&#039;s Blog","robots":{"index":"index","follow":"follow","max-snippet":"max-snippet:-1","max-image-preview":"max-image-preview:large","max-video-preview":"max-video-preview:-1"},"canonical":"http:\/\/guderley.com\/?p=1468","og_locale":"de_DE","og_type":"article","og_title":"11.8. Ventspils \/ Lettland - Tag 26 - km 2150 - G\u00fcnter&#039;s Blog","og_description":"Es gibt so St\u00e4dtenamen auf der pers\u00f6nlichen Landkarte, da mu\u00df ich einfach mal hin. Einer davon ist Ventspils, ein anderer war vor etlichen Jahren Ystad in Schweden (da war ich dann 2001). Also jetzt bin ich Ventspils angekommen, von hier aus geht eine F\u00e4hre nach Sassnitz auf R\u00fcgen. (Stimmt garnicht, die geht erst ab Klaipeda). [&hellip;]","og_url":"http:\/\/guderley.com\/?p=1468","og_site_name":"G\u00fcnter&#039;s Blog","article_published_time":"2012-08-11T11:40:35+00:00","article_modified_time":"2012-08-11T17:21:54+00:00","og_image":[{"url":"http:\/\/guderley.com\/wp-content\/uploads\/2012\/08\/wpid-Photo-11.08.2012-1349.jpg","type":"","width":"","height":""}],"author":"guenter","twitter_card":"summary_large_image","twitter_misc":{"Verfasst von":"guenter","Gesch\u00e4tzte Lesezeit":"1\u00a0Minute"},"schema":{"@context":"https:\/\/schema.org","@graph":[{"@type":"Article","@id":"http:\/\/guderley.com\/?p=1468#article","isPartOf":{"@id":"http:\/\/guderley.com\/?p=1468"},"author":{"name":"guenter","@id":"https:\/\/guderley.com\/#\/schema\/person\/24a827645a6fedd3481426a7028dfdcd"},"headline":"11.8. Ventspils \/ Lettland &#8211; Tag 26 &#8211; km 2150","datePublished":"2012-08-11T11:40:35+00:00","dateModified":"2012-08-11T17:21:54+00:00","mainEntityOfPage":{"@id":"http:\/\/guderley.com\/?p=1468"},"wordCount":113,"commentCount":0,"publisher":{"@id":"https:\/\/guderley.com\/#\/schema\/person\/24a827645a6fedd3481426a7028dfdcd"},"image":{"@id":"http:\/\/guderley.com\/?p=1468#primaryimage"},"thumbnailUrl":"http:\/\/guderley.com\/wp-content\/uploads\/2012\/08\/wpid-Photo-11.08.2012-1349.jpg","articleSection":["2012 BALTIKUM"],"inLanguage":"de","potentialAction":[{"@type":"CommentAction","name":"Comment","target":["http:\/\/guderley.com\/?p=1468#respond"]}]},{"@type":"WebPage","@id":"http:\/\/guderley.com\/?p=1468","url":"http:\/\/guderley.com\/?p=1468","name":"11.8. Ventspils \/ Lettland - Tag 26 - km 2150 - G\u00fcnter&#039;s Blog","isPartOf":{"@id":"https:\/\/guderley.com\/#website"},"primaryImageOfPage":{"@id":"http:\/\/guderley.com\/?p=1468#primaryimage"},"image":{"@id":"http:\/\/guderley.com\/?p=1468#primaryimage"},"thumbnailUrl":"http:\/\/guderley.com\/wp-content\/uploads\/2012\/08\/wpid-Photo-11.08.2012-1349.jpg","datePublished":"2012-08-11T11:40:35+00:00","dateModified":"2012-08-11T17:21:54+00:00","breadcrumb":{"@id":"http:\/\/guderley.com\/?p=1468#breadcrumb"},"inLanguage":"de","potentialAction":[{"@type":"ReadAction","target":["http:\/\/guderley.com\/?p=1468"]}]},{"@type":"ImageObject","inLanguage":"de","@id":"http:\/\/guderley.com\/?p=1468#primaryimage","url":"https:\/\/i0.wp.com\/guderley.com\/wp-content\/uploads\/2012\/08\/wpid-Photo-11.08.2012-1349.jpg?fit=1024%2C768","contentUrl":"https:\/\/i0.wp.com\/guderley.com\/wp-content\/uploads\/2012\/08\/wpid-Photo-11.08.2012-1349.jpg?fit=1024%2C768","width":"1024","height":"768"},{"@type":"BreadcrumbList","@id":"http:\/\/guderley.com\/?p=1468#breadcrumb","itemListElement":[{"@type":"ListItem","position":1,"name":"Startseite","item":"https:\/\/guderley.com\/"},{"@type":"ListItem","position":2,"name":"11.8. Ventspils \/ Lettland &#8211; Tag 26 &#8211; km 2150"}]},{"@type":"WebSite","@id":"https:\/\/guderley.com\/#website","url":"https:\/\/guderley.com\/","name":"G\u00fcnter's Blog","description":"Fahrrad Touren rund um die Welt","publisher":{"@id":"https:\/\/guderley.com\/#\/schema\/person\/24a827645a6fedd3481426a7028dfdcd"},"alternateName":"G\u00fcnter's Blog","potentialAction":[{"@type":"SearchAction","target":{"@type":"EntryPoint","urlTemplate":"https:\/\/guderley.com\/?s={search_term_string}"},"query-input":{"@type":"PropertyValueSpecification","valueRequired":true,"valueName":"search_term_string"}}],"inLanguage":"de"},{"@type":["Person","Organization"],"@id":"https:\/\/guderley.com\/#\/schema\/person\/24a827645a6fedd3481426a7028dfdcd","name":"guenter","image":{"@type":"ImageObject","inLanguage":"de","@id":"https:\/\/guderley.com\/#\/schema\/person\/image\/","url":"https:\/\/i0.wp.com\/guderley.com\/wp-content\/uploads\/img_8008-scaled.jpg?fit=1920%2C2560","contentUrl":"https:\/\/i0.wp.com\/guderley.com\/wp-content\/uploads\/img_8008-scaled.jpg?fit=1920%2C2560","width":1920,"height":2560,"caption":"guenter"},"logo":{"@id":"https:\/\/guderley.com\/#\/schema\/person\/image\/"},"sameAs":["http:\/\/guderley.com\/blog"],"url":"http:\/\/guderley.com\/?author=2"}]}},"jetpack_featured_media_url":"","jetpack_sharing_enabled":true,"jetpack_shortlink":"https:\/\/wp.me\/p9IuXF-nG","jetpack_likes_enabled":true,"jetpack-related-posts":[{"id":1469,"url":"http:\/\/guderley.com\/?p=1469","url_meta":{"origin":1468,"position":0},"title":"11.8.  J\u016brkalne \/ Lettland &#8211; Tag 26 &#8211; km 2197","author":"guenter","date":"August 11, 2012","format":false,"excerpt":"Ventspils erh\u00e4lt von mir den Titel \"fahrradfreundlichste Stadt des Baltikums\". Sensationelle Radwege in die Stadt hinein, durch die Stadt und auch wieder hinaus. Respekt !! Auch wenn wenige Kilometer nach Verlassen der Stadt eine 15 km lange Naturpiste zu bew\u00e4ltigen war.Bei meinem Treffen mit den rotarischen Freunden aus Riga empfahl\u2026","rel":"","context":"In &quot;2012 BALTIKUM&quot;","block_context":{"text":"2012 BALTIKUM","link":"http:\/\/guderley.com\/?cat=22"},"img":{"alt_text":"","src":"https:\/\/i0.wp.com\/guderley.com\/wp-content\/uploads\/2012\/08\/wpid-Photo-11.08.2012-2118.jpg?resize=350%2C200","width":350,"height":200,"srcset":"https:\/\/i0.wp.com\/guderley.com\/wp-content\/uploads\/2012\/08\/wpid-Photo-11.08.2012-2118.jpg?resize=350%2C200 1x, https:\/\/i0.wp.com\/guderley.com\/wp-content\/uploads\/2012\/08\/wpid-Photo-11.08.2012-2118.jpg?resize=525%2C300 1.5x, https:\/\/i0.wp.com\/guderley.com\/wp-content\/uploads\/2012\/08\/wpid-Photo-11.08.2012-2118.jpg?resize=700%2C400 2x"},"classes":[]},{"id":1456,"url":"http:\/\/guderley.com\/?p=1456","url_meta":{"origin":1468,"position":1},"title":"10.8.  Mikeltornis \/ Lettland &#8211; Tag 25 &#8211; km 2099","author":"guenter","date":"August 10, 2012","format":false,"excerpt":"Heute war ein Tag auf einer solchen Tour, wie es ihn immer wieder mal gibt. In der Nacht keine Auge zugemacht, sechs Stunden Gewitter unmittelbar am Meer habe ich noch nicht erlebt. Morgens dann Sturm und Regen quer. Ich dachte mein Vaude Zeltchen wird zerfetzt. Keine Aussicht auf \u00fcberhaupt losfahren.Gegen\u2026","rel":"","context":"In &quot;2012 BALTIKUM&quot;","block_context":{"text":"2012 BALTIKUM","link":"http:\/\/guderley.com\/?cat=22"},"img":{"alt_text":"","src":"https:\/\/i0.wp.com\/guderley.com\/wp-content\/uploads\/2012\/08\/wpid-Photo-10.08.2012-15121.jpg?resize=350%2C200","width":350,"height":200,"srcset":"https:\/\/i0.wp.com\/guderley.com\/wp-content\/uploads\/2012\/08\/wpid-Photo-10.08.2012-15121.jpg?resize=350%2C200 1x, https:\/\/i0.wp.com\/guderley.com\/wp-content\/uploads\/2012\/08\/wpid-Photo-10.08.2012-15121.jpg?resize=525%2C300 1.5x, https:\/\/i0.wp.com\/guderley.com\/wp-content\/uploads\/2012\/08\/wpid-Photo-10.08.2012-15121.jpg?resize=700%2C400 2x"},"classes":[]},{"id":1613,"url":"http:\/\/guderley.com\/?p=1613","url_meta":{"origin":1468,"position":2},"title":"25.8.  Fazit Sommertour 2012","author":"guenter","date":"August 25, 2012","format":false,"excerpt":"Es ist wie immer ein komisches Gef\u00fchl, wenn etwas, was einen sehr lange besch\u00e4ftigt hat im Vorfeld, pl\u00f6tzlich Vergangenheit ist.Ich habe insgesamt vierzig sehr intensive Tage erlebt und dabei nie das Gef\u00fchl von Langeweile oder gar Einsamkeit gehabt.Meine Erwartungen an L\u00e4nder, St\u00e4dte, Menschen und Landschaften wurden in gro\u00dfem Ma\u00dfe erf\u00fcllt.\u2026","rel":"","context":"In &quot;2012 BALTIKUM&quot;","block_context":{"text":"2012 BALTIKUM","link":"http:\/\/guderley.com\/?cat=22"},"img":{"alt_text":"Mit Blogsy ver\u00f6ffentlicht","src":"https:\/\/i0.wp.com\/blogsyapp.com\/images\/blogsy_footer_icon.png?resize=350%2C200","width":350,"height":200},"classes":[]},{"id":176,"url":"http:\/\/guderley.com\/?p=176","url_meta":{"origin":1468,"position":3},"title":"ROTA (C\u00e1diz) Km-Stand: 390","author":"guenter","date":"Mai 21, 2010","format":false,"excerpt":"Heute war der erste richtige Bike-Tag auf meiner Tour und er geht als der wohl bisher \"Windigste\" in meine persoenliche Fahrradgeschichte ein. El Levante so heisst dieser Wind der stramm von Sueden (also aus Afrika, da wo ich nicht hin durfte) blaest. Gut 85 % des Tages war er mein\u2026","rel":"","context":"In &quot;2010 EUROPATOUR&quot;","block_context":{"text":"2010 EUROPATOUR","link":"http:\/\/guderley.com\/?cat=1"},"img":{"alt_text":"","src":"","width":0,"height":0},"classes":[]},{"id":3512,"url":"http:\/\/guderley.com\/?p=3512","url_meta":{"origin":1468,"position":4},"title":"Tag 38 &#8211; So 17.06.2018 &#8211; Victoria \/ 50 km \/ Gesamt: 2510 km","author":"guenter","date":"Juni 18, 2018","format":false,"excerpt":"Mit meiner Ankunft in Victoria geht mein Radtrip Alaska - Kanada quasi zu Ende. Habe heute morgen die erste Halbzeit des Deutschlands-Spiels im Hotel geguckt. Auf ruhigen Nebenstra\u00dfen bin ich nach Mill Bay gefahren - mit der F\u00e4hre nach Brentwood und 20 km sp\u00e4ter war ich in Downtown Victoria. Da\u2026","rel":"","context":"In &quot;2018 ALASKA&quot;","block_context":{"text":"2018 ALASKA","link":"http:\/\/guderley.com\/?cat=28"},"img":{"alt_text":"","src":"https:\/\/i0.wp.com\/guderley.com\/wp-content\/uploads\/WhatsApp-Image-2018-06-18-at-02.32.27.jpeg?resize=350%2C200","width":350,"height":200,"srcset":"https:\/\/i0.wp.com\/guderley.com\/wp-content\/uploads\/WhatsApp-Image-2018-06-18-at-02.32.27.jpeg?resize=350%2C200 1x, https:\/\/i0.wp.com\/guderley.com\/wp-content\/uploads\/WhatsApp-Image-2018-06-18-at-02.32.27.jpeg?resize=525%2C300 1.5x, https:\/\/i0.wp.com\/guderley.com\/wp-content\/uploads\/WhatsApp-Image-2018-06-18-at-02.32.27.jpeg?resize=700%2C400 2x, https:\/\/i0.wp.com\/guderley.com\/wp-content\/uploads\/WhatsApp-Image-2018-06-18-at-02.32.27.jpeg?resize=1050%2C600 3x"},"classes":[]},{"id":2817,"url":"http:\/\/guderley.com\/?p=2817","url_meta":{"origin":1468,"position":5},"title":"Tag 22 &#8211; Do 18.6.2015 &#8211; 100 km Dielette \/ Gesamt: 2333 km","author":"guenter","date":"Juni 18, 2015","format":false,"excerpt":"Heute war ein Tag, wie ich ihn schon so oft auf meinen Touren erlebt habe und irgendwie macht das denke ich auch den Reiz f\u00fcr mich aus.Aber der Reihe nach - Als ich aufwache pl\u00e4tschert es sehr stimmungsvoll auf mein Zelt und mir ist klar, dass ich nasses Equipment einpacken\u2026","rel":"","context":"In &quot;2015 BENELUX - FRANKREICH&quot;","block_context":{"text":"2015 BENELUX - FRANKREICH","link":"http:\/\/guderley.com\/?cat=27"},"img":{"alt_text":"","src":"https:\/\/i0.wp.com\/guderley.com\/wp-content\/uploads\/2015\/06\/wpid-Photo-18.06.2015-1610.jpg?resize=350%2C200","width":350,"height":200,"srcset":"https:\/\/i0.wp.com\/guderley.com\/wp-content\/uploads\/2015\/06\/wpid-Photo-18.06.2015-1610.jpg?resize=350%2C200 1x, https:\/\/i0.wp.com\/guderley.com\/wp-content\/uploads\/2015\/06\/wpid-Photo-18.06.2015-1610.jpg?resize=525%2C300 1.5x, https:\/\/i0.wp.com\/guderley.com\/wp-content\/uploads\/2015\/06\/wpid-Photo-18.06.2015-1610.jpg?resize=700%2C400 2x"},"classes":[]}],"_links":{"self":[{"href":"http:\/\/guderley.com\/index.php?rest_route=\/wp\/v2\/posts\/1468","targetHints":{"allow":["GET"]}}],"collection":[{"href":"http:\/\/guderley.com\/index.php?rest_route=\/wp\/v2\/posts"}],"about":[{"href":"http:\/\/guderley.com\/index.php?rest_route=\/wp\/v2\/types\/post"}],"author":[{"embeddable":true,"href":"http:\/\/guderley.com\/index.php?rest_route=\/wp\/v2\/users\/2"}],"replies":[{"embeddable":true,"href":"http:\/\/guderley.com\/index.php?rest_route=%2Fwp%2Fv2%2Fcomments&post=1468"}],"version-history":[{"count":1,"href":"http:\/\/guderley.com\/index.php?rest_route=\/wp\/v2\/posts\/1468\/revisions"}],"predecessor-version":[{"id":1470,"href":"http:\/\/guderley.com\/index.php?rest_route=\/wp\/v2\/posts\/1468\/revisions\/1470"}],"wp:attachment":[{"href":"http:\/\/guderley.com\/index.php?rest_route=%2Fwp%2Fv2%2Fmedia&parent=1468"}],"wp:term":[{"taxonomy":"category","embeddable":true,"href":"http:\/\/guderley.com\/index.php?rest_route=%2Fwp%2Fv2%2Fcategories&post=1468"},{"taxonomy":"post_tag","embeddable":true,"href":"http:\/\/guderley.com\/index.php?rest_route=%2Fwp%2Fv2%2Ftags&post=1468"}],"curies":[{"name":"wp","href":"https:\/\/api.w.org\/{rel}","templated":true}]}}