{"id":1456,"date":"2012-08-10T18:02:10","date_gmt":"2012-08-10T17:02:10","guid":{"rendered":"http:\/\/guderley.com\/?p=1456"},"modified":"2012-08-11T20:08:09","modified_gmt":"2012-08-11T19:08:09","slug":"10-8-mikeltornis-lettland-tag-25-km-2099","status":"publish","type":"post","link":"http:\/\/guderley.com\/?p=1456","title":{"rendered":"10.8.  Mikeltornis \/ Lettland &#8211; Tag 25 &#8211; km 2099"},"content":{"rendered":"<p>Heute war ein Tag auf einer solchen Tour, wie es ihn immer wieder mal gibt. In der Nacht keine Auge zugemacht, sechs Stunden Gewitter unmittelbar am Meer habe ich noch nicht erlebt. Morgens dann Sturm und Regen quer. Ich dachte mein Vaude Zeltchen wird zerfetzt. Keine Aussicht auf \u00fcberhaupt losfahren.<\/p>\n<p>Gegen 11 Uhr dann doch los in voller Regenkluft mit klatschnasser Ausr\u00fcstung in den Taschen um festzustellen dass f\u00fcnf Kilometer weiter eine ordentliche Bleibe gewesen w\u00e4re. Der Weg zum Kap Kolka schien endlos, Wind nat\u00fcrlich brutal von vorne, der Belag so schlecht wie nur vorstellbar.<\/p>\n<p>Aber es gab Licht am Horizont, sukzessive wurde die Regenausr\u00fcstung ausgezogen und als ich dann endlich an dem wirklich eindrucksvollen Kap war, war ich zwar kaputt und gefrustet, aber die Sonne k\u00e4mpfte sich durch. Wiedermal war Trocknen angesagt, das geht wirklich auch ratz-fatz.<\/p>\n<div class=\"separator\" style=\"clear: both; text-align: center;\"><a href=\"https:\/\/i0.wp.com\/guderley.com\/wp-content\/uploads\/2012\/08\/wpid-Photo-10.08.2012-15121.jpg\" target=\"_blank\" style=\"margin-left: 1em; margin-right: 1em;\"><img data-recalc-dims=\"1\" decoding=\"async\" src=\"https:\/\/i0.wp.com\/guderley.com\/wp-content\/uploads\/2012\/08\/wpid-Photo-10.08.2012-15121.jpg?resize=500%2C375\" id=\"blogsy-1344712172181.9429\" class=\"aligncenter\" alt=\"\" width=\"500\" height=\"375\"><\/a><\/div>\n<p>Eingestellt war ich jetzt auf eine Schotterpiste in Richtung Ventspils, so steht es \u00fcberall geschrieben und so ist es auch in den Karten etc. Aber welche \u00dcberraschung, das war die wohl neueste und beste Stra\u00dfe in ganz Lettland. Kein Verkehr, Sonne von vorne und Wind von hinten und pl\u00f6tzlich auch Druck auf den Pedalen. Schnell war der Frust vergessen und es ging im 25er Schnitt dahin (mit voller Ausr\u00fcstung). Das gro\u00dfe Kettenblatt kam erstmals wirklich richtig zum Einsatz auf dieser Tour.<\/p>\n<div class=\"separator\" style=\"clear: both; text-align: center;\"><a href=\"https:\/\/i0.wp.com\/guderley.com\/wp-content\/uploads\/2012\/08\/wpid-Photo-10.08.2012-1733.jpg\" target=\"_blank\" style=\"margin-left: 1em; margin-right: 1em;\"><img data-recalc-dims=\"1\" decoding=\"async\" src=\"https:\/\/i0.wp.com\/guderley.com\/wp-content\/uploads\/2012\/08\/wpid-Photo-10.08.2012-1733.jpg?resize=500%2C375\" id=\"blogsy-1344712172232.5957\" class=\"aligncenter\" alt=\"\" width=\"500\" height=\"375\"><\/a><\/div>\n<p>Ich bin heute rund 100 km quasi immer dicht an der K\u00fcste entlang gefahren, meist nur getrennt durch einen Waldstreifen, es ist unglaublich wie sch\u00f6n und naturbelassen diese Str\u00e4nde sind. <\/p>\n<div class=\"separator\" style=\"clear: both; text-align: center;\"><a href=\"https:\/\/i0.wp.com\/guderley.com\/wp-content\/uploads\/2012\/08\/wpid-Photo-11.08.2012-1032.jpg\" target=\"_blank\" style=\"margin-left: 1em; margin-right: 1em;\"><img data-recalc-dims=\"1\" decoding=\"async\" src=\"https:\/\/i0.wp.com\/guderley.com\/wp-content\/uploads\/2012\/08\/wpid-Photo-11.08.2012-1032.jpg?resize=500%2C375\" id=\"blogsy-1344712172220.6763\" class=\"aligncenter\" alt=\"\" width=\"500\" height=\"375\"><\/a><\/div>\n<p>In Mikeltornis ein sehr sch\u00f6n gelegener und sehr gepflegter Campingplatz, warme Dusche und guter Platz f\u00fcr mein ja wieder trockenes Zeltchen.<\/p>\n<div class=\"separator\" style=\"clear: both; text-align: center;\"><a href=\"https:\/\/i0.wp.com\/guderley.com\/wp-content\/uploads\/2012\/08\/wpid-Photo-11.08.2012-0931.jpg\" target=\"_blank\" style=\"margin-left: 1em; margin-right: 1em;\"><img data-recalc-dims=\"1\" decoding=\"async\" src=\"https:\/\/i0.wp.com\/guderley.com\/wp-content\/uploads\/2012\/08\/wpid-Photo-11.08.2012-0931.jpg?resize=500%2C375\" id=\"blogsy-1344712172158.4653\" class=\"aligncenter\" alt=\"\" width=\"500\" height=\"375\"><\/a><\/div>\n<p>Also Fazit f\u00fcr heute: Ende gut alles gut.<\/p>\n<p>&nbsp;<\/p>\n<div style=\"text-align: right; font-size: small; clear: both;\" id=\"blogsy_footer\"><a href=\"http:\/\/blogsyapp.com\" target=\"_blank\"><img data-recalc-dims=\"1\" decoding=\"async\" src=\"https:\/\/i0.wp.com\/blogsyapp.com\/images\/blogsy_footer_icon.png?resize=20%2C20\" alt=\"Mit Blogsy ver\u00f6ffentlicht\" style=\"vertical-align: middle; margin-right: 5px;\" width=\"20\" height=\"20\" \/>Mit Blogsy ver\u00f6ffentlicht<\/a><\/div>\n","protected":false},"excerpt":{"rendered":"<p>Heute war ein Tag auf einer solchen Tour, wie es ihn immer wieder mal gibt. In der Nacht keine Auge zugemacht, sechs Stunden Gewitter unmittelbar am Meer habe ich noch nicht erlebt. Morgens dann Sturm und Regen quer. Ich dachte mein Vaude Zeltchen wird zerfetzt. Keine Aussicht auf \u00fcberhaupt losfahren. Gegen 11 Uhr dann doch [&hellip;]<\/p>\n","protected":false},"author":2,"featured_media":0,"comment_status":"open","ping_status":"open","sticky":false,"template":"","format":"standard","meta":{"_jetpack_newsletter_access":"","_jetpack_dont_email_post_to_subs":false,"_jetpack_newsletter_tier_id":0,"_jetpack_memberships_contains_paywalled_content":false,"_jetpack_memberships_contains_paid_content":false,"footnotes":""},"categories":[22],"tags":[],"class_list":["post-1456","post","type-post","status-publish","format-standard","hentry","category-baltikum-2012"],"yoast_head":"<!-- This site is optimized with the Yoast SEO plugin v25.8 - https:\/\/yoast.com\/wordpress\/plugins\/seo\/ -->\n<title>10.8. Mikeltornis \/ Lettland - Tag 25 - km 2099 - G\u00fcnter&#039;s Blog<\/title>\n<meta name=\"robots\" content=\"index, follow, max-snippet:-1, max-image-preview:large, max-video-preview:-1\" \/>\n<link rel=\"canonical\" href=\"https:\/\/guderley.com\/?p=1456\" \/>\n<meta property=\"og:locale\" content=\"de_DE\" \/>\n<meta property=\"og:type\" content=\"article\" \/>\n<meta property=\"og:title\" content=\"10.8. Mikeltornis \/ Lettland - Tag 25 - km 2099 - G\u00fcnter&#039;s Blog\" \/>\n<meta property=\"og:description\" content=\"Heute war ein Tag auf einer solchen Tour, wie es ihn immer wieder mal gibt. In der Nacht keine Auge zugemacht, sechs Stunden Gewitter unmittelbar am Meer habe ich noch nicht erlebt. Morgens dann Sturm und Regen quer. Ich dachte mein Vaude Zeltchen wird zerfetzt. Keine Aussicht auf \u00fcberhaupt losfahren. Gegen 11 Uhr dann doch [&hellip;]\" \/>\n<meta property=\"og:url\" content=\"https:\/\/guderley.com\/?p=1456\" \/>\n<meta property=\"og:site_name\" content=\"G\u00fcnter&#039;s Blog\" \/>\n<meta property=\"article:published_time\" content=\"2012-08-10T17:02:10+00:00\" \/>\n<meta property=\"article:modified_time\" content=\"2012-08-11T19:08:09+00:00\" \/>\n<meta property=\"og:image\" content=\"http:\/\/guderley.com\/wp-content\/uploads\/2012\/08\/wpid-Photo-10.08.2012-15121.jpg\" \/>\n<meta name=\"author\" content=\"guenter\" \/>\n<meta name=\"twitter:card\" content=\"summary_large_image\" \/>\n<meta name=\"twitter:label1\" content=\"Verfasst von\" \/>\n\t<meta name=\"twitter:data1\" content=\"guenter\" \/>\n\t<meta name=\"twitter:label2\" content=\"Gesch\u00e4tzte Lesezeit\" \/>\n\t<meta name=\"twitter:data2\" content=\"1\u00a0Minute\" \/>\n<script type=\"application\/ld+json\" class=\"yoast-schema-graph\">{\"@context\":\"https:\/\/schema.org\",\"@graph\":[{\"@type\":\"Article\",\"@id\":\"https:\/\/guderley.com\/?p=1456#article\",\"isPartOf\":{\"@id\":\"https:\/\/guderley.com\/?p=1456\"},\"author\":{\"name\":\"guenter\",\"@id\":\"https:\/\/guderley.com\/#\/schema\/person\/24a827645a6fedd3481426a7028dfdcd\"},\"headline\":\"10.8. Mikeltornis \/ Lettland &#8211; Tag 25 &#8211; km 2099\",\"datePublished\":\"2012-08-10T17:02:10+00:00\",\"dateModified\":\"2012-08-11T19:08:09+00:00\",\"mainEntityOfPage\":{\"@id\":\"https:\/\/guderley.com\/?p=1456\"},\"wordCount\":303,\"commentCount\":0,\"publisher\":{\"@id\":\"https:\/\/guderley.com\/#\/schema\/person\/24a827645a6fedd3481426a7028dfdcd\"},\"image\":{\"@id\":\"https:\/\/guderley.com\/?p=1456#primaryimage\"},\"thumbnailUrl\":\"http:\/\/guderley.com\/wp-content\/uploads\/2012\/08\/wpid-Photo-10.08.2012-15121.jpg\",\"articleSection\":[\"2012 BALTIKUM\"],\"inLanguage\":\"de\",\"potentialAction\":[{\"@type\":\"CommentAction\",\"name\":\"Comment\",\"target\":[\"https:\/\/guderley.com\/?p=1456#respond\"]}]},{\"@type\":\"WebPage\",\"@id\":\"https:\/\/guderley.com\/?p=1456\",\"url\":\"https:\/\/guderley.com\/?p=1456\",\"name\":\"10.8. Mikeltornis \/ Lettland - Tag 25 - km 2099 - G\u00fcnter&#039;s Blog\",\"isPartOf\":{\"@id\":\"https:\/\/guderley.com\/#website\"},\"primaryImageOfPage\":{\"@id\":\"https:\/\/guderley.com\/?p=1456#primaryimage\"},\"image\":{\"@id\":\"https:\/\/guderley.com\/?p=1456#primaryimage\"},\"thumbnailUrl\":\"http:\/\/guderley.com\/wp-content\/uploads\/2012\/08\/wpid-Photo-10.08.2012-15121.jpg\",\"datePublished\":\"2012-08-10T17:02:10+00:00\",\"dateModified\":\"2012-08-11T19:08:09+00:00\",\"breadcrumb\":{\"@id\":\"https:\/\/guderley.com\/?p=1456#breadcrumb\"},\"inLanguage\":\"de\",\"potentialAction\":[{\"@type\":\"ReadAction\",\"target\":[\"https:\/\/guderley.com\/?p=1456\"]}]},{\"@type\":\"ImageObject\",\"inLanguage\":\"de\",\"@id\":\"https:\/\/guderley.com\/?p=1456#primaryimage\",\"url\":\"https:\/\/i0.wp.com\/guderley.com\/wp-content\/uploads\/2012\/08\/wpid-Photo-10.08.2012-15121.jpg?fit=1024%2C768\",\"contentUrl\":\"https:\/\/i0.wp.com\/guderley.com\/wp-content\/uploads\/2012\/08\/wpid-Photo-10.08.2012-15121.jpg?fit=1024%2C768\",\"width\":\"1024\",\"height\":\"768\"},{\"@type\":\"BreadcrumbList\",\"@id\":\"https:\/\/guderley.com\/?p=1456#breadcrumb\",\"itemListElement\":[{\"@type\":\"ListItem\",\"position\":1,\"name\":\"Startseite\",\"item\":\"https:\/\/guderley.com\/\"},{\"@type\":\"ListItem\",\"position\":2,\"name\":\"10.8. Mikeltornis \/ Lettland &#8211; Tag 25 &#8211; km 2099\"}]},{\"@type\":\"WebSite\",\"@id\":\"https:\/\/guderley.com\/#website\",\"url\":\"https:\/\/guderley.com\/\",\"name\":\"G\u00fcnter's Blog\",\"description\":\"Fahrrad Touren rund um die Welt\",\"publisher\":{\"@id\":\"https:\/\/guderley.com\/#\/schema\/person\/24a827645a6fedd3481426a7028dfdcd\"},\"alternateName\":\"G\u00fcnter's Blog\",\"potentialAction\":[{\"@type\":\"SearchAction\",\"target\":{\"@type\":\"EntryPoint\",\"urlTemplate\":\"https:\/\/guderley.com\/?s={search_term_string}\"},\"query-input\":{\"@type\":\"PropertyValueSpecification\",\"valueRequired\":true,\"valueName\":\"search_term_string\"}}],\"inLanguage\":\"de\"},{\"@type\":[\"Person\",\"Organization\"],\"@id\":\"https:\/\/guderley.com\/#\/schema\/person\/24a827645a6fedd3481426a7028dfdcd\",\"name\":\"guenter\",\"image\":{\"@type\":\"ImageObject\",\"inLanguage\":\"de\",\"@id\":\"https:\/\/guderley.com\/#\/schema\/person\/image\/\",\"url\":\"https:\/\/i0.wp.com\/guderley.com\/wp-content\/uploads\/img_8008-scaled.jpg?fit=1920%2C2560\",\"contentUrl\":\"https:\/\/i0.wp.com\/guderley.com\/wp-content\/uploads\/img_8008-scaled.jpg?fit=1920%2C2560\",\"width\":1920,\"height\":2560,\"caption\":\"guenter\"},\"logo\":{\"@id\":\"https:\/\/guderley.com\/#\/schema\/person\/image\/\"},\"sameAs\":[\"http:\/\/guderley.com\/blog\"],\"url\":\"http:\/\/guderley.com\/?author=2\"}]}<\/script>\n<!-- \/ Yoast SEO plugin. -->","yoast_head_json":{"title":"10.8. Mikeltornis \/ Lettland - Tag 25 - km 2099 - G\u00fcnter&#039;s Blog","robots":{"index":"index","follow":"follow","max-snippet":"max-snippet:-1","max-image-preview":"max-image-preview:large","max-video-preview":"max-video-preview:-1"},"canonical":"https:\/\/guderley.com\/?p=1456","og_locale":"de_DE","og_type":"article","og_title":"10.8. Mikeltornis \/ Lettland - Tag 25 - km 2099 - G\u00fcnter&#039;s Blog","og_description":"Heute war ein Tag auf einer solchen Tour, wie es ihn immer wieder mal gibt. In der Nacht keine Auge zugemacht, sechs Stunden Gewitter unmittelbar am Meer habe ich noch nicht erlebt. Morgens dann Sturm und Regen quer. Ich dachte mein Vaude Zeltchen wird zerfetzt. Keine Aussicht auf \u00fcberhaupt losfahren. Gegen 11 Uhr dann doch [&hellip;]","og_url":"https:\/\/guderley.com\/?p=1456","og_site_name":"G\u00fcnter&#039;s Blog","article_published_time":"2012-08-10T17:02:10+00:00","article_modified_time":"2012-08-11T19:08:09+00:00","og_image":[{"url":"http:\/\/guderley.com\/wp-content\/uploads\/2012\/08\/wpid-Photo-10.08.2012-15121.jpg","type":"","width":"","height":""}],"author":"guenter","twitter_card":"summary_large_image","twitter_misc":{"Verfasst von":"guenter","Gesch\u00e4tzte Lesezeit":"1\u00a0Minute"},"schema":{"@context":"https:\/\/schema.org","@graph":[{"@type":"Article","@id":"https:\/\/guderley.com\/?p=1456#article","isPartOf":{"@id":"https:\/\/guderley.com\/?p=1456"},"author":{"name":"guenter","@id":"https:\/\/guderley.com\/#\/schema\/person\/24a827645a6fedd3481426a7028dfdcd"},"headline":"10.8. Mikeltornis \/ Lettland &#8211; Tag 25 &#8211; km 2099","datePublished":"2012-08-10T17:02:10+00:00","dateModified":"2012-08-11T19:08:09+00:00","mainEntityOfPage":{"@id":"https:\/\/guderley.com\/?p=1456"},"wordCount":303,"commentCount":0,"publisher":{"@id":"https:\/\/guderley.com\/#\/schema\/person\/24a827645a6fedd3481426a7028dfdcd"},"image":{"@id":"https:\/\/guderley.com\/?p=1456#primaryimage"},"thumbnailUrl":"http:\/\/guderley.com\/wp-content\/uploads\/2012\/08\/wpid-Photo-10.08.2012-15121.jpg","articleSection":["2012 BALTIKUM"],"inLanguage":"de","potentialAction":[{"@type":"CommentAction","name":"Comment","target":["https:\/\/guderley.com\/?p=1456#respond"]}]},{"@type":"WebPage","@id":"https:\/\/guderley.com\/?p=1456","url":"https:\/\/guderley.com\/?p=1456","name":"10.8. Mikeltornis \/ Lettland - Tag 25 - km 2099 - G\u00fcnter&#039;s Blog","isPartOf":{"@id":"https:\/\/guderley.com\/#website"},"primaryImageOfPage":{"@id":"https:\/\/guderley.com\/?p=1456#primaryimage"},"image":{"@id":"https:\/\/guderley.com\/?p=1456#primaryimage"},"thumbnailUrl":"http:\/\/guderley.com\/wp-content\/uploads\/2012\/08\/wpid-Photo-10.08.2012-15121.jpg","datePublished":"2012-08-10T17:02:10+00:00","dateModified":"2012-08-11T19:08:09+00:00","breadcrumb":{"@id":"https:\/\/guderley.com\/?p=1456#breadcrumb"},"inLanguage":"de","potentialAction":[{"@type":"ReadAction","target":["https:\/\/guderley.com\/?p=1456"]}]},{"@type":"ImageObject","inLanguage":"de","@id":"https:\/\/guderley.com\/?p=1456#primaryimage","url":"https:\/\/i0.wp.com\/guderley.com\/wp-content\/uploads\/2012\/08\/wpid-Photo-10.08.2012-15121.jpg?fit=1024%2C768","contentUrl":"https:\/\/i0.wp.com\/guderley.com\/wp-content\/uploads\/2012\/08\/wpid-Photo-10.08.2012-15121.jpg?fit=1024%2C768","width":"1024","height":"768"},{"@type":"BreadcrumbList","@id":"https:\/\/guderley.com\/?p=1456#breadcrumb","itemListElement":[{"@type":"ListItem","position":1,"name":"Startseite","item":"https:\/\/guderley.com\/"},{"@type":"ListItem","position":2,"name":"10.8. Mikeltornis \/ Lettland &#8211; Tag 25 &#8211; km 2099"}]},{"@type":"WebSite","@id":"https:\/\/guderley.com\/#website","url":"https:\/\/guderley.com\/","name":"G\u00fcnter's Blog","description":"Fahrrad Touren rund um die Welt","publisher":{"@id":"https:\/\/guderley.com\/#\/schema\/person\/24a827645a6fedd3481426a7028dfdcd"},"alternateName":"G\u00fcnter's Blog","potentialAction":[{"@type":"SearchAction","target":{"@type":"EntryPoint","urlTemplate":"https:\/\/guderley.com\/?s={search_term_string}"},"query-input":{"@type":"PropertyValueSpecification","valueRequired":true,"valueName":"search_term_string"}}],"inLanguage":"de"},{"@type":["Person","Organization"],"@id":"https:\/\/guderley.com\/#\/schema\/person\/24a827645a6fedd3481426a7028dfdcd","name":"guenter","image":{"@type":"ImageObject","inLanguage":"de","@id":"https:\/\/guderley.com\/#\/schema\/person\/image\/","url":"https:\/\/i0.wp.com\/guderley.com\/wp-content\/uploads\/img_8008-scaled.jpg?fit=1920%2C2560","contentUrl":"https:\/\/i0.wp.com\/guderley.com\/wp-content\/uploads\/img_8008-scaled.jpg?fit=1920%2C2560","width":1920,"height":2560,"caption":"guenter"},"logo":{"@id":"https:\/\/guderley.com\/#\/schema\/person\/image\/"},"sameAs":["http:\/\/guderley.com\/blog"],"url":"http:\/\/guderley.com\/?author=2"}]}},"jetpack_featured_media_url":"","jetpack_sharing_enabled":true,"jetpack_shortlink":"https:\/\/wp.me\/p9IuXF-nu","jetpack_likes_enabled":true,"jetpack-related-posts":[{"id":3480,"url":"http:\/\/guderley.com\/?p=3480","url_meta":{"origin":1456,"position":0},"title":"Tag 35 &#8211; Do 14.06.2018 &#8211; Campbell River \/ 160 km \/ Gesamt: 2231 km","author":"guenter","date":"Juni 14, 2018","format":false,"excerpt":"Eine gro\u00dfe Herausforderung - wenn ich Marion und Julian heute in die Arme nehmen m\u00f6chte - dann mu\u00df ich 160 km und rund 1500 H\u00f6henmeter fahren. Insofern war ich nicht b\u00f6se, dass irgendwelche V\u00f6gel heute morgen gegen 5:00 Uhr auf meinem Zelt herumgeturnt sind. Gottseidank war die Nacht ohne Regen,\u2026","rel":"","context":"In &quot;2018 ALASKA&quot;","block_context":{"text":"2018 ALASKA","link":"http:\/\/guderley.com\/?cat=28"},"img":{"alt_text":"","src":"https:\/\/i0.wp.com\/guderley.com\/wp-content\/uploads\/PHOTO-2018-06-15-07-49-54.jpg?resize=350%2C200","width":350,"height":200,"srcset":"https:\/\/i0.wp.com\/guderley.com\/wp-content\/uploads\/PHOTO-2018-06-15-07-49-54.jpg?resize=350%2C200 1x, https:\/\/i0.wp.com\/guderley.com\/wp-content\/uploads\/PHOTO-2018-06-15-07-49-54.jpg?resize=525%2C300 1.5x, https:\/\/i0.wp.com\/guderley.com\/wp-content\/uploads\/PHOTO-2018-06-15-07-49-54.jpg?resize=700%2C400 2x"},"classes":[]},{"id":1374,"url":"http:\/\/guderley.com\/?p=1374","url_meta":{"origin":1456,"position":1},"title":"31.7. Insel Hiiumaa \/Estland -15. Tag &#8211; 1235 km","author":"guenter","date":"Juli 31, 2012","format":false,"excerpt":"Als ich von der Mittagsrast losfuhr wurde es ziemlich dunkel \u00fcber Haapsalu und ich hatte noch ungef\u00e4hr 10 km bis zum F\u00e4hrhafen Rohuk\u00fcla (klingt wie Rucola). Wie immer wenn man beim Radfahren gegen seine eigenen Grunds\u00e4tze verst\u00f6\u00dft wird man daf\u00fcr bestraft.Ich dachte das schaffe ich noch bis zur F\u00e4hre, aber\u2026","rel":"","context":"In &quot;2012 BALTIKUM&quot;","block_context":{"text":"2012 BALTIKUM","link":"http:\/\/guderley.com\/?cat=22"},"img":{"alt_text":"","src":"https:\/\/i0.wp.com\/guderley.com\/wp-content\/uploads\/2012\/07\/wpid-Photo-31.07.2012-2126.jpg?resize=350%2C200","width":350,"height":200,"srcset":"https:\/\/i0.wp.com\/guderley.com\/wp-content\/uploads\/2012\/07\/wpid-Photo-31.07.2012-2126.jpg?resize=350%2C200 1x, https:\/\/i0.wp.com\/guderley.com\/wp-content\/uploads\/2012\/07\/wpid-Photo-31.07.2012-2126.jpg?resize=525%2C300 1.5x, https:\/\/i0.wp.com\/guderley.com\/wp-content\/uploads\/2012\/07\/wpid-Photo-31.07.2012-2126.jpg?resize=700%2C400 2x"},"classes":[]},{"id":143,"url":"http:\/\/guderley.com\/?p=143","url_meta":{"origin":1456,"position":2},"title":"TARIFA (C\u00e1diz) Km-Stand: 230","author":"guenter","date":"Mai 20, 2010","format":false,"excerpt":"Heute Morgen habe ich das mehr als gastliche Haus Palma in San Roque verlassen (nochmals vielen Dank) und mich via Algeciras auf den Weg nach Tarifa gemacht. Gleich hinter Algeciras begann die erste Bergwertung und ich bin ungefaehr eine Stunde stramm bergauf gefahren. Die gut 20 kg auf dem Gepaecktraeger\u2026","rel":"","context":"In &quot;2010 EUROPATOUR&quot;","block_context":{"text":"2010 EUROPATOUR","link":"http:\/\/guderley.com\/?cat=1"},"img":{"alt_text":"","src":"https:\/\/i0.wp.com\/guderley.com\/wp-content\/uploads\/2010\/05\/IMGP0019-300x225.jpg?resize=350%2C200","width":350,"height":200},"classes":[]},{"id":5853,"url":"http:\/\/guderley.com\/?p=5853","url_meta":{"origin":1456,"position":3},"title":"Tag 7 &#8211; Sa &#8211; 17.8.2024 &#8211; Maribor\/SI &#8211; 61 km &#8211; Gesamt-km: 532","author":"guenter","date":"August 17, 2024","format":false,"excerpt":"Heute Morgen hatte ich keine Lust auf Radfahren - beim Fr\u00fchst\u00fcck in diesem gro\u00dfen Vital-Hotel nervte mich das Gedr\u00e4ngel am Buffet - ich selbst f\u00fchlte mich auch nicht wirklich gut. Habe rumgebummelt und bin erst um zehn Uhr losgefahren. Von der Hitze will ich garnicht mehr reden - die ist\u2026","rel":"","context":"In &quot;2024_Sommer-Tour - 5 L\u00e4nder&quot;","block_context":{"text":"2024_Sommer-Tour - 5 L\u00e4nder","link":"http:\/\/guderley.com\/?cat=35"},"img":{"alt_text":"","src":"https:\/\/i0.wp.com\/guderley.com\/wp-content\/uploads\/img_7028.jpg?resize=350%2C200","width":350,"height":200,"srcset":"https:\/\/i0.wp.com\/guderley.com\/wp-content\/uploads\/img_7028.jpg?resize=350%2C200 1x, https:\/\/i0.wp.com\/guderley.com\/wp-content\/uploads\/img_7028.jpg?resize=525%2C300 1.5x, https:\/\/i0.wp.com\/guderley.com\/wp-content\/uploads\/img_7028.jpg?resize=700%2C400 2x, https:\/\/i0.wp.com\/guderley.com\/wp-content\/uploads\/img_7028.jpg?resize=1050%2C600 3x, https:\/\/i0.wp.com\/guderley.com\/wp-content\/uploads\/img_7028.jpg?resize=1400%2C800 4x"},"classes":[]},{"id":1656,"url":"http:\/\/guderley.com\/?p=1656","url_meta":{"origin":1456,"position":4},"title":"Bad Hersfeld  &#8211;  Tag 1  &#8211;  Montag, 13. Mai","author":"guenter","date":"Mai 13, 2013","format":false,"excerpt":"152 km \/ 1289 hm \/ 8:42 h - Gesamt 152 km \/ 1289 hm \/ 8:42 h Der erste Tag ist gefahren. P\u00fcnktlich um 8:30 Uhr habe ich die Ringofenstra\u00dfe verlassen und nach rund 500 H\u00f6henmeter die Landkreisgrenze Aschaffenburg hinter Geiselbach erreicht. In Gelnhausen bin ich richtig \"eingesaut\" einen\u2026","rel":"","context":"In &quot;2013 NORDKAPP&quot;","block_context":{"text":"2013 NORDKAPP","link":"http:\/\/guderley.com\/?cat=23"},"img":{"alt_text":"Mit Blogsy ver\u00f6ffentlicht","src":"https:\/\/i0.wp.com\/blogsyapp.com\/images\/blogsy_footer_icon.png?resize=350%2C200","width":350,"height":200},"classes":[]},{"id":2808,"url":"http:\/\/guderley.com\/?p=2808","url_meta":{"origin":1456,"position":5},"title":"Tag 21 &#8211; Mi 17. Juni 2015 &#8211; 109 km Barfleur \/ Gesamt:  2233 km","author":"guenter","date":"Juni 18, 2015","format":false,"excerpt":"Drei Wochen bin ich jetzt bereits unterwegs und manchmal bringe ich die Stationen garnicht mehr zusammen, da helfen mir mein Tagebuch und der Blog wieder auf die Spr\u00fcnge.Gleich nach dem Losfahren heute morgen - ich bin erst um 8:30 Uhr aufgewacht - habe ich einen Abstecher zur Pointe du Hoc\u2026","rel":"","context":"In &quot;2015 BENELUX - FRANKREICH&quot;","block_context":{"text":"2015 BENELUX - FRANKREICH","link":"http:\/\/guderley.com\/?cat=27"},"img":{"alt_text":"","src":"https:\/\/i0.wp.com\/guderley.com\/wp-content\/uploads\/2015\/06\/wpid-Photo-17.06.2015-1433.jpg?resize=350%2C200","width":350,"height":200,"srcset":"https:\/\/i0.wp.com\/guderley.com\/wp-content\/uploads\/2015\/06\/wpid-Photo-17.06.2015-1433.jpg?resize=350%2C200 1x, https:\/\/i0.wp.com\/guderley.com\/wp-content\/uploads\/2015\/06\/wpid-Photo-17.06.2015-1433.jpg?resize=525%2C300 1.5x, https:\/\/i0.wp.com\/guderley.com\/wp-content\/uploads\/2015\/06\/wpid-Photo-17.06.2015-1433.jpg?resize=700%2C400 2x"},"classes":[]}],"_links":{"self":[{"href":"http:\/\/guderley.com\/index.php?rest_route=\/wp\/v2\/posts\/1456","targetHints":{"allow":["GET"]}}],"collection":[{"href":"http:\/\/guderley.com\/index.php?rest_route=\/wp\/v2\/posts"}],"about":[{"href":"http:\/\/guderley.com\/index.php?rest_route=\/wp\/v2\/types\/post"}],"author":[{"embeddable":true,"href":"http:\/\/guderley.com\/index.php?rest_route=\/wp\/v2\/users\/2"}],"replies":[{"embeddable":true,"href":"http:\/\/guderley.com\/index.php?rest_route=%2Fwp%2Fv2%2Fcomments&post=1456"}],"version-history":[{"count":3,"href":"http:\/\/guderley.com\/index.php?rest_route=\/wp\/v2\/posts\/1456\/revisions"}],"predecessor-version":[{"id":1479,"href":"http:\/\/guderley.com\/index.php?rest_route=\/wp\/v2\/posts\/1456\/revisions\/1479"}],"wp:attachment":[{"href":"http:\/\/guderley.com\/index.php?rest_route=%2Fwp%2Fv2%2Fmedia&parent=1456"}],"wp:term":[{"taxonomy":"category","embeddable":true,"href":"http:\/\/guderley.com\/index.php?rest_route=%2Fwp%2Fv2%2Fcategories&post=1456"},{"taxonomy":"post_tag","embeddable":true,"href":"http:\/\/guderley.com\/index.php?rest_route=%2Fwp%2Fv2%2Ftags&post=1456"}],"curies":[{"name":"wp","href":"https:\/\/api.w.org\/{rel}","templated":true}]}}