{"id":1442,"date":"2012-08-08T18:32:09","date_gmt":"2012-08-08T17:32:09","guid":{"rendered":"http:\/\/guderley.com\/?p=1442"},"modified":"2012-08-08T18:32:09","modified_gmt":"2012-08-08T17:32:09","slug":"7-8-8-riga-lettland-ruhetage","status":"publish","type":"post","link":"http:\/\/guderley.com\/?p=1442","title":{"rendered":"7. + 8.8 Riga \/ Lettland &#8211; Ruhetage"},"content":{"rendered":"<p>Auf den ersten Wurf hat sich mir Riga nicht erschlossen. Es ist nie ganz einfach in eine neue gro\u00dfe Stadt zu kommen und gleich den Rhythmus aufzunehmen. Die hier viel deutlicher sp\u00fcrbare russische Mentalit\u00e4t, im Vergleich zu Tallinn, macht es mir nicht ganz so leicht.<\/p>\n<p>&nbsp;<\/p>\n<div class=\"separator\" style=\"clear: both; text-align: center;\"><a href=\"https:\/\/i0.wp.com\/guderley.com\/wp-content\/uploads\/2012\/08\/wpid-Photo-07.08.2012-1651.jpg\" target=\"_blank\" style=\"margin-left: 1em; margin-right: 1em;\"><img data-recalc-dims=\"1\" decoding=\"async\" src=\"https:\/\/i0.wp.com\/guderley.com\/wp-content\/uploads\/2012\/08\/wpid-Photo-07.08.2012-1651.jpg?resize=500%2C375\" id=\"blogsy-1344449107752.5051\" class=\"aligncenter\" alt=\"\" width=\"500\" height=\"375\"><\/a><\/div>\n<div class=\"separator\" style=\"clear: both; text-align: center;\"><a href=\"https:\/\/i0.wp.com\/guderley.com\/wp-content\/uploads\/2012\/08\/wpid-Photo-08.08.2012-1541.jpg\" target=\"_blank\" style=\"margin-left: 1em; margin-right: 1em;\"><img data-recalc-dims=\"1\" decoding=\"async\" src=\"https:\/\/i0.wp.com\/guderley.com\/wp-content\/uploads\/2012\/08\/wpid-Photo-08.08.2012-1541.jpg?resize=500%2C375\" id=\"blogsy-1344449107751.5935\" class=\"aligncenter\" alt=\"\" width=\"500\" height=\"375\"><\/a><\/div>\n<p>&nbsp;<\/p>\n<p>Heute am zweiten Tag ging das relativ gut. Ich habe in einer sehr sympathischen Atmosph\u00e4re gefr\u00fchst\u00fcckt und mir dann St\u00fcck f\u00fcr St\u00fcck die Stadt erschlossen. H\u00f6hepunkt dabei war sicherlich das Treffen mit einigen rotarischen Freunden vom Rotary Club Riga Baltic und der anschlie\u00dfende Bummel durch wundersch\u00f6ne Stra\u00dfen mit Jugendstilh\u00e4usern.<\/p>\n<div class=\"separator\" style=\"clear: both; text-align: center;\">.<a href=\"https:\/\/i0.wp.com\/guderley.com\/wp-content\/uploads\/2012\/08\/wpid-Photo-08.08.2012-1055.jpg\" target=\"_blank\" style=\"margin-left: 1em; margin-right: 1em;\"><img data-recalc-dims=\"1\" decoding=\"async\" src=\"https:\/\/i0.wp.com\/guderley.com\/wp-content\/uploads\/2012\/08\/wpid-Photo-08.08.2012-1055.jpg?resize=500%2C375\" id=\"blogsy-1344449107685.084\" class=\"aligncenter\" alt=\"\" width=\"500\" height=\"375\"><\/a><\/div>\n<div class=\"separator\" style=\"clear: both; text-align: center;\"><a href=\"https:\/\/i0.wp.com\/guderley.com\/wp-content\/uploads\/2012\/08\/wpid-Photo-08.08.2012-1444.jpg\" target=\"_blank\" style=\"margin-left: 1em; margin-right: 1em;\"><img data-recalc-dims=\"1\" decoding=\"async\" src=\"https:\/\/i0.wp.com\/guderley.com\/wp-content\/uploads\/2012\/08\/wpid-Photo-08.08.2012-1444.jpg?resize=500%2C375\" id=\"blogsy-1344449107765.3235\" class=\"aligncenter\" alt=\"\" width=\"500\" height=\"375\"><\/a><\/div>\n<div class=\"separator\" style=\"clear: both; text-align: center;\"><a href=\"https:\/\/i0.wp.com\/guderley.com\/wp-content\/uploads\/2012\/08\/wpid-Photo-08.08.2012-1528.jpg\" target=\"_blank\" style=\"margin-left: 1em; margin-right: 1em;\"><img data-recalc-dims=\"1\" decoding=\"async\" src=\"https:\/\/i0.wp.com\/guderley.com\/wp-content\/uploads\/2012\/08\/wpid-Photo-08.08.2012-1528.jpg?resize=500%2C375\" id=\"blogsy-1344449107707.365\" class=\"aligncenter\" alt=\"\" width=\"500\" height=\"375\"><\/a><\/div>\n<p>Ich denke, dass ich so ziemlich alles was man in zwei Tagen sehen kann, gesehen habe. Der Vorabenddrink im 26. Stock eines gro\u00dfen Hotels hat den \u00dcberblick nat\u00fcrlich perfekt abgerundet. Zum Abendessen habe ich mir das lettische Nationalgericht &#8222;Pelmeni&#8220; geg\u00f6nnt und hintendrauf noch einen echt kr\u00e4ftigen &#8222;Schwarzen Balsam&#8220;, das ist so eine Art &#8222;Rigaer Sechs\u00e4mtertropfen&#8220;.  Insoweit ist alles wirklich gut, morgen geht es weiter, allerdings macht das Wetter einige Kapriolen, so dass wohl mit der Regenkluft gefahren werden muss.<\/p>\n<div class=\"separator\" style=\"clear: both; text-align: center;\"><a href=\"https:\/\/i0.wp.com\/guderley.com\/wp-content\/uploads\/2012\/08\/wpid-Photo-08.08.2012-1802.jpg\" target=\"_blank\" style=\"margin-left: 1em; margin-right: 1em;\"><img data-recalc-dims=\"1\" decoding=\"async\" src=\"https:\/\/i0.wp.com\/guderley.com\/wp-content\/uploads\/2012\/08\/wpid-Photo-08.08.2012-1802.jpg?resize=500%2C375\" id=\"blogsy-1344449107788.9104\" class=\"aligncenter\" alt=\"\" width=\"500\" height=\"375\"><\/a><\/div>\n<div class=\"separator\" style=\"clear: both; text-align: center;\"><a href=\"https:\/\/i0.wp.com\/guderley.com\/wp-content\/uploads\/2012\/08\/wpid-Photo-08.08.2012-1801.jpg\" target=\"_blank\" style=\"margin-left: 1em; margin-right: 1em;\"><img data-recalc-dims=\"1\" decoding=\"async\" src=\"https:\/\/i0.wp.com\/guderley.com\/wp-content\/uploads\/2012\/08\/wpid-Photo-08.08.2012-1801.jpg?resize=500%2C375\" id=\"blogsy-1344449107777.988\" class=\"aligncenter\" alt=\"\" width=\"500\" height=\"375\"><\/a><\/div>\n<div class=\"separator\" style=\"clear: both; text-align: center;\"><a href=\"https:\/\/i0.wp.com\/guderley.com\/wp-content\/uploads\/2012\/08\/wpid-Photo-08.08.2012-1925.jpg\" target=\"_blank\" style=\"margin-left: 1em; margin-right: 1em;\"><img data-recalc-dims=\"1\" decoding=\"async\" src=\"https:\/\/i0.wp.com\/guderley.com\/wp-content\/uploads\/2012\/08\/wpid-Photo-08.08.2012-1925.jpg?resize=500%2C375\" id=\"blogsy-1344449107788.811\" class=\"aligncenter\" alt=\"\" width=\"500\" height=\"375\"><\/a><\/div>\n<p>&nbsp;<\/p>\n<p>&nbsp;<\/p>\n<p>&nbsp;<\/p>\n<div style=\"text-align: right; font-size: small; clear: both;\" id=\"blogsy_footer\"><a href=\"http:\/\/blogsyapp.com\" target=\"_blank\"><img data-recalc-dims=\"1\" decoding=\"async\" src=\"https:\/\/i0.wp.com\/blogsyapp.com\/images\/blogsy_footer_icon.png?resize=20%2C20\" alt=\"Mit Blogsy ver\u00f6ffentlicht\" style=\"vertical-align: middle; margin-right: 5px;\" width=\"20\" height=\"20\" \/>Mit Blogsy ver\u00f6ffentlicht<\/a><\/div>\n","protected":false},"excerpt":{"rendered":"<p>Auf den ersten Wurf hat sich mir Riga nicht erschlossen. Es ist nie ganz einfach in eine neue gro\u00dfe Stadt zu kommen und gleich den Rhythmus aufzunehmen. Die hier viel deutlicher sp\u00fcrbare russische Mentalit\u00e4t, im Vergleich zu Tallinn, macht es mir nicht ganz so leicht. &nbsp; &nbsp; Heute am zweiten Tag ging das relativ gut. [&hellip;]<\/p>\n","protected":false},"author":2,"featured_media":0,"comment_status":"open","ping_status":"open","sticky":false,"template":"","format":"standard","meta":{"_jetpack_newsletter_access":"","_jetpack_dont_email_post_to_subs":false,"_jetpack_newsletter_tier_id":0,"_jetpack_memberships_contains_paywalled_content":false,"_jetpack_memberships_contains_paid_content":false,"footnotes":""},"categories":[22],"tags":[],"class_list":["post-1442","post","type-post","status-publish","format-standard","hentry","category-baltikum-2012"],"yoast_head":"<!-- This site is optimized with the Yoast SEO plugin v25.8 - https:\/\/yoast.com\/wordpress\/plugins\/seo\/ -->\n<title>7. + 8.8 Riga \/ Lettland - Ruhetage - G\u00fcnter&#039;s Blog<\/title>\n<meta name=\"robots\" content=\"index, follow, max-snippet:-1, max-image-preview:large, max-video-preview:-1\" \/>\n<link rel=\"canonical\" href=\"https:\/\/guderley.com\/?p=1442\" \/>\n<meta property=\"og:locale\" content=\"de_DE\" \/>\n<meta property=\"og:type\" content=\"article\" \/>\n<meta property=\"og:title\" content=\"7. + 8.8 Riga \/ Lettland - Ruhetage - G\u00fcnter&#039;s Blog\" \/>\n<meta property=\"og:description\" content=\"Auf den ersten Wurf hat sich mir Riga nicht erschlossen. Es ist nie ganz einfach in eine neue gro\u00dfe Stadt zu kommen und gleich den Rhythmus aufzunehmen. Die hier viel deutlicher sp\u00fcrbare russische Mentalit\u00e4t, im Vergleich zu Tallinn, macht es mir nicht ganz so leicht. &nbsp; &nbsp; Heute am zweiten Tag ging das relativ gut. [&hellip;]\" \/>\n<meta property=\"og:url\" content=\"https:\/\/guderley.com\/?p=1442\" \/>\n<meta property=\"og:site_name\" content=\"G\u00fcnter&#039;s Blog\" \/>\n<meta property=\"article:published_time\" content=\"2012-08-08T17:32:09+00:00\" \/>\n<meta property=\"og:image\" content=\"http:\/\/guderley.com\/wp-content\/uploads\/2012\/08\/wpid-Photo-07.08.2012-1651.jpg\" \/>\n<meta name=\"author\" content=\"guenter\" \/>\n<meta name=\"twitter:card\" content=\"summary_large_image\" \/>\n<meta name=\"twitter:label1\" content=\"Verfasst von\" \/>\n\t<meta name=\"twitter:data1\" content=\"guenter\" \/>\n\t<meta name=\"twitter:label2\" content=\"Gesch\u00e4tzte Lesezeit\" \/>\n\t<meta name=\"twitter:data2\" content=\"1\u00a0Minute\" \/>\n<script type=\"application\/ld+json\" class=\"yoast-schema-graph\">{\"@context\":\"https:\/\/schema.org\",\"@graph\":[{\"@type\":\"Article\",\"@id\":\"https:\/\/guderley.com\/?p=1442#article\",\"isPartOf\":{\"@id\":\"https:\/\/guderley.com\/?p=1442\"},\"author\":{\"name\":\"guenter\",\"@id\":\"https:\/\/guderley.com\/#\/schema\/person\/24a827645a6fedd3481426a7028dfdcd\"},\"headline\":\"7. + 8.8 Riga \/ Lettland &#8211; Ruhetage\",\"datePublished\":\"2012-08-08T17:32:09+00:00\",\"mainEntityOfPage\":{\"@id\":\"https:\/\/guderley.com\/?p=1442\"},\"wordCount\":204,\"commentCount\":0,\"publisher\":{\"@id\":\"https:\/\/guderley.com\/#\/schema\/person\/24a827645a6fedd3481426a7028dfdcd\"},\"image\":{\"@id\":\"https:\/\/guderley.com\/?p=1442#primaryimage\"},\"thumbnailUrl\":\"http:\/\/guderley.com\/wp-content\/uploads\/2012\/08\/wpid-Photo-07.08.2012-1651.jpg\",\"articleSection\":[\"2012 BALTIKUM\"],\"inLanguage\":\"de\",\"potentialAction\":[{\"@type\":\"CommentAction\",\"name\":\"Comment\",\"target\":[\"https:\/\/guderley.com\/?p=1442#respond\"]}]},{\"@type\":\"WebPage\",\"@id\":\"https:\/\/guderley.com\/?p=1442\",\"url\":\"https:\/\/guderley.com\/?p=1442\",\"name\":\"7. + 8.8 Riga \/ Lettland - Ruhetage - G\u00fcnter&#039;s Blog\",\"isPartOf\":{\"@id\":\"https:\/\/guderley.com\/#website\"},\"primaryImageOfPage\":{\"@id\":\"https:\/\/guderley.com\/?p=1442#primaryimage\"},\"image\":{\"@id\":\"https:\/\/guderley.com\/?p=1442#primaryimage\"},\"thumbnailUrl\":\"http:\/\/guderley.com\/wp-content\/uploads\/2012\/08\/wpid-Photo-07.08.2012-1651.jpg\",\"datePublished\":\"2012-08-08T17:32:09+00:00\",\"breadcrumb\":{\"@id\":\"https:\/\/guderley.com\/?p=1442#breadcrumb\"},\"inLanguage\":\"de\",\"potentialAction\":[{\"@type\":\"ReadAction\",\"target\":[\"https:\/\/guderley.com\/?p=1442\"]}]},{\"@type\":\"ImageObject\",\"inLanguage\":\"de\",\"@id\":\"https:\/\/guderley.com\/?p=1442#primaryimage\",\"url\":\"https:\/\/i0.wp.com\/guderley.com\/wp-content\/uploads\/2012\/08\/wpid-Photo-07.08.2012-1651.jpg?fit=1024%2C768\",\"contentUrl\":\"https:\/\/i0.wp.com\/guderley.com\/wp-content\/uploads\/2012\/08\/wpid-Photo-07.08.2012-1651.jpg?fit=1024%2C768\",\"width\":\"1024\",\"height\":\"768\"},{\"@type\":\"BreadcrumbList\",\"@id\":\"https:\/\/guderley.com\/?p=1442#breadcrumb\",\"itemListElement\":[{\"@type\":\"ListItem\",\"position\":1,\"name\":\"Startseite\",\"item\":\"https:\/\/guderley.com\/\"},{\"@type\":\"ListItem\",\"position\":2,\"name\":\"7. + 8.8 Riga \/ Lettland &#8211; Ruhetage\"}]},{\"@type\":\"WebSite\",\"@id\":\"https:\/\/guderley.com\/#website\",\"url\":\"https:\/\/guderley.com\/\",\"name\":\"G\u00fcnter's Blog\",\"description\":\"Fahrrad Touren rund um die Welt\",\"publisher\":{\"@id\":\"https:\/\/guderley.com\/#\/schema\/person\/24a827645a6fedd3481426a7028dfdcd\"},\"alternateName\":\"G\u00fcnter's Blog\",\"potentialAction\":[{\"@type\":\"SearchAction\",\"target\":{\"@type\":\"EntryPoint\",\"urlTemplate\":\"https:\/\/guderley.com\/?s={search_term_string}\"},\"query-input\":{\"@type\":\"PropertyValueSpecification\",\"valueRequired\":true,\"valueName\":\"search_term_string\"}}],\"inLanguage\":\"de\"},{\"@type\":[\"Person\",\"Organization\"],\"@id\":\"https:\/\/guderley.com\/#\/schema\/person\/24a827645a6fedd3481426a7028dfdcd\",\"name\":\"guenter\",\"image\":{\"@type\":\"ImageObject\",\"inLanguage\":\"de\",\"@id\":\"https:\/\/guderley.com\/#\/schema\/person\/image\/\",\"url\":\"https:\/\/i0.wp.com\/guderley.com\/wp-content\/uploads\/img_8008-scaled.jpg?fit=1920%2C2560\",\"contentUrl\":\"https:\/\/i0.wp.com\/guderley.com\/wp-content\/uploads\/img_8008-scaled.jpg?fit=1920%2C2560\",\"width\":1920,\"height\":2560,\"caption\":\"guenter\"},\"logo\":{\"@id\":\"https:\/\/guderley.com\/#\/schema\/person\/image\/\"},\"sameAs\":[\"http:\/\/guderley.com\/blog\"],\"url\":\"http:\/\/guderley.com\/?author=2\"}]}<\/script>\n<!-- \/ Yoast SEO plugin. -->","yoast_head_json":{"title":"7. + 8.8 Riga \/ Lettland - Ruhetage - G\u00fcnter&#039;s Blog","robots":{"index":"index","follow":"follow","max-snippet":"max-snippet:-1","max-image-preview":"max-image-preview:large","max-video-preview":"max-video-preview:-1"},"canonical":"https:\/\/guderley.com\/?p=1442","og_locale":"de_DE","og_type":"article","og_title":"7. + 8.8 Riga \/ Lettland - Ruhetage - G\u00fcnter&#039;s Blog","og_description":"Auf den ersten Wurf hat sich mir Riga nicht erschlossen. Es ist nie ganz einfach in eine neue gro\u00dfe Stadt zu kommen und gleich den Rhythmus aufzunehmen. Die hier viel deutlicher sp\u00fcrbare russische Mentalit\u00e4t, im Vergleich zu Tallinn, macht es mir nicht ganz so leicht. &nbsp; &nbsp; Heute am zweiten Tag ging das relativ gut. [&hellip;]","og_url":"https:\/\/guderley.com\/?p=1442","og_site_name":"G\u00fcnter&#039;s Blog","article_published_time":"2012-08-08T17:32:09+00:00","og_image":[{"url":"http:\/\/guderley.com\/wp-content\/uploads\/2012\/08\/wpid-Photo-07.08.2012-1651.jpg","type":"","width":"","height":""}],"author":"guenter","twitter_card":"summary_large_image","twitter_misc":{"Verfasst von":"guenter","Gesch\u00e4tzte Lesezeit":"1\u00a0Minute"},"schema":{"@context":"https:\/\/schema.org","@graph":[{"@type":"Article","@id":"https:\/\/guderley.com\/?p=1442#article","isPartOf":{"@id":"https:\/\/guderley.com\/?p=1442"},"author":{"name":"guenter","@id":"https:\/\/guderley.com\/#\/schema\/person\/24a827645a6fedd3481426a7028dfdcd"},"headline":"7. + 8.8 Riga \/ Lettland &#8211; Ruhetage","datePublished":"2012-08-08T17:32:09+00:00","mainEntityOfPage":{"@id":"https:\/\/guderley.com\/?p=1442"},"wordCount":204,"commentCount":0,"publisher":{"@id":"https:\/\/guderley.com\/#\/schema\/person\/24a827645a6fedd3481426a7028dfdcd"},"image":{"@id":"https:\/\/guderley.com\/?p=1442#primaryimage"},"thumbnailUrl":"http:\/\/guderley.com\/wp-content\/uploads\/2012\/08\/wpid-Photo-07.08.2012-1651.jpg","articleSection":["2012 BALTIKUM"],"inLanguage":"de","potentialAction":[{"@type":"CommentAction","name":"Comment","target":["https:\/\/guderley.com\/?p=1442#respond"]}]},{"@type":"WebPage","@id":"https:\/\/guderley.com\/?p=1442","url":"https:\/\/guderley.com\/?p=1442","name":"7. + 8.8 Riga \/ Lettland - Ruhetage - G\u00fcnter&#039;s Blog","isPartOf":{"@id":"https:\/\/guderley.com\/#website"},"primaryImageOfPage":{"@id":"https:\/\/guderley.com\/?p=1442#primaryimage"},"image":{"@id":"https:\/\/guderley.com\/?p=1442#primaryimage"},"thumbnailUrl":"http:\/\/guderley.com\/wp-content\/uploads\/2012\/08\/wpid-Photo-07.08.2012-1651.jpg","datePublished":"2012-08-08T17:32:09+00:00","breadcrumb":{"@id":"https:\/\/guderley.com\/?p=1442#breadcrumb"},"inLanguage":"de","potentialAction":[{"@type":"ReadAction","target":["https:\/\/guderley.com\/?p=1442"]}]},{"@type":"ImageObject","inLanguage":"de","@id":"https:\/\/guderley.com\/?p=1442#primaryimage","url":"https:\/\/i0.wp.com\/guderley.com\/wp-content\/uploads\/2012\/08\/wpid-Photo-07.08.2012-1651.jpg?fit=1024%2C768","contentUrl":"https:\/\/i0.wp.com\/guderley.com\/wp-content\/uploads\/2012\/08\/wpid-Photo-07.08.2012-1651.jpg?fit=1024%2C768","width":"1024","height":"768"},{"@type":"BreadcrumbList","@id":"https:\/\/guderley.com\/?p=1442#breadcrumb","itemListElement":[{"@type":"ListItem","position":1,"name":"Startseite","item":"https:\/\/guderley.com\/"},{"@type":"ListItem","position":2,"name":"7. + 8.8 Riga \/ Lettland &#8211; Ruhetage"}]},{"@type":"WebSite","@id":"https:\/\/guderley.com\/#website","url":"https:\/\/guderley.com\/","name":"G\u00fcnter's Blog","description":"Fahrrad Touren rund um die Welt","publisher":{"@id":"https:\/\/guderley.com\/#\/schema\/person\/24a827645a6fedd3481426a7028dfdcd"},"alternateName":"G\u00fcnter's Blog","potentialAction":[{"@type":"SearchAction","target":{"@type":"EntryPoint","urlTemplate":"https:\/\/guderley.com\/?s={search_term_string}"},"query-input":{"@type":"PropertyValueSpecification","valueRequired":true,"valueName":"search_term_string"}}],"inLanguage":"de"},{"@type":["Person","Organization"],"@id":"https:\/\/guderley.com\/#\/schema\/person\/24a827645a6fedd3481426a7028dfdcd","name":"guenter","image":{"@type":"ImageObject","inLanguage":"de","@id":"https:\/\/guderley.com\/#\/schema\/person\/image\/","url":"https:\/\/i0.wp.com\/guderley.com\/wp-content\/uploads\/img_8008-scaled.jpg?fit=1920%2C2560","contentUrl":"https:\/\/i0.wp.com\/guderley.com\/wp-content\/uploads\/img_8008-scaled.jpg?fit=1920%2C2560","width":1920,"height":2560,"caption":"guenter"},"logo":{"@id":"https:\/\/guderley.com\/#\/schema\/person\/image\/"},"sameAs":["http:\/\/guderley.com\/blog"],"url":"http:\/\/guderley.com\/?author=2"}]}},"jetpack_featured_media_url":"","jetpack_sharing_enabled":true,"jetpack_shortlink":"https:\/\/wp.me\/p9IuXF-ng","jetpack_likes_enabled":true,"jetpack-related-posts":[{"id":1416,"url":"http:\/\/guderley.com\/?p=1416","url_meta":{"origin":1442,"position":0},"title":"5.8. Saulkrasti \/ Lettland &#8211; 20. Tag &#8211; km 1797","author":"guenter","date":"August 5, 2012","format":false,"excerpt":"Gegen acht Uhr trinke ich zusammen mit der Vermieterin einen Kaffee und mache mich auf den Weg zu einem erneuten Transfertag, d.h. das Ziel ist m\u00f6glichst weit an Riga heranzufahren, leider sind dabei viele Kilometer auf der A 1 zu fahren, dass ist die Hauptverbindung zwischen Tallinn und Riga. Die\u2026","rel":"","context":"In &quot;2012 BALTIKUM&quot;","block_context":{"text":"2012 BALTIKUM","link":"http:\/\/guderley.com\/?cat=22"},"img":{"alt_text":"","src":"https:\/\/i0.wp.com\/guderley.com\/wp-content\/uploads\/2012\/08\/wpid-Photo-05.08.2012-0844.jpg?resize=350%2C200","width":350,"height":200,"srcset":"https:\/\/i0.wp.com\/guderley.com\/wp-content\/uploads\/2012\/08\/wpid-Photo-05.08.2012-0844.jpg?resize=350%2C200 1x, https:\/\/i0.wp.com\/guderley.com\/wp-content\/uploads\/2012\/08\/wpid-Photo-05.08.2012-0844.jpg?resize=525%2C300 1.5x, https:\/\/i0.wp.com\/guderley.com\/wp-content\/uploads\/2012\/08\/wpid-Photo-05.08.2012-0844.jpg?resize=700%2C400 2x"},"classes":[]},{"id":1423,"url":"http:\/\/guderley.com\/?p=1423","url_meta":{"origin":1442,"position":1},"title":"6.8.  Riga \/ Lettland &#8211; Tag 21 &#8211; km 1860","author":"guenter","date":"August 6, 2012","format":false,"excerpt":"Genau zum Ende meiner dritten Reisewoche bin ich heute in der lettischen Hauptstadt Riga eingetroffen. Ich habe mir ein Zimmer direkt in der Altstadt besorgt, so da\u00df ich viele Dinge fu\u00dfl\u00e4ufig machen kann. Die Einfahrt in gro\u00dfe St\u00e4dte mit einem vollgepackten Fahrrad hat oft so ihre T\u00fccken. Ich erreichte Riga\u2026","rel":"","context":"In &quot;2012 BALTIKUM&quot;","block_context":{"text":"2012 BALTIKUM","link":"http:\/\/guderley.com\/?cat=22"},"img":{"alt_text":"","src":"https:\/\/i0.wp.com\/guderley.com\/wp-content\/uploads\/2012\/08\/wpid-Photo-06.08.2012-2015.jpg?resize=350%2C200","width":350,"height":200,"srcset":"https:\/\/i0.wp.com\/guderley.com\/wp-content\/uploads\/2012\/08\/wpid-Photo-06.08.2012-2015.jpg?resize=350%2C200 1x, https:\/\/i0.wp.com\/guderley.com\/wp-content\/uploads\/2012\/08\/wpid-Photo-06.08.2012-2015.jpg?resize=525%2C300 1.5x, https:\/\/i0.wp.com\/guderley.com\/wp-content\/uploads\/2012\/08\/wpid-Photo-06.08.2012-2015.jpg?resize=700%2C400 2x"},"classes":[]},{"id":1469,"url":"http:\/\/guderley.com\/?p=1469","url_meta":{"origin":1442,"position":2},"title":"11.8.  J\u016brkalne \/ Lettland &#8211; Tag 26 &#8211; km 2197","author":"guenter","date":"August 11, 2012","format":false,"excerpt":"Ventspils erh\u00e4lt von mir den Titel \"fahrradfreundlichste Stadt des Baltikums\". Sensationelle Radwege in die Stadt hinein, durch die Stadt und auch wieder hinaus. Respekt !! Auch wenn wenige Kilometer nach Verlassen der Stadt eine 15 km lange Naturpiste zu bew\u00e4ltigen war.Bei meinem Treffen mit den rotarischen Freunden aus Riga empfahl\u2026","rel":"","context":"In &quot;2012 BALTIKUM&quot;","block_context":{"text":"2012 BALTIKUM","link":"http:\/\/guderley.com\/?cat=22"},"img":{"alt_text":"","src":"https:\/\/i0.wp.com\/guderley.com\/wp-content\/uploads\/2012\/08\/wpid-Photo-11.08.2012-2118.jpg?resize=350%2C200","width":350,"height":200,"srcset":"https:\/\/i0.wp.com\/guderley.com\/wp-content\/uploads\/2012\/08\/wpid-Photo-11.08.2012-2118.jpg?resize=350%2C200 1x, https:\/\/i0.wp.com\/guderley.com\/wp-content\/uploads\/2012\/08\/wpid-Photo-11.08.2012-2118.jpg?resize=525%2C300 1.5x, https:\/\/i0.wp.com\/guderley.com\/wp-content\/uploads\/2012\/08\/wpid-Photo-11.08.2012-2118.jpg?resize=700%2C400 2x"},"classes":[]},{"id":1379,"url":"http:\/\/guderley.com\/?p=1379","url_meta":{"origin":1442,"position":3},"title":"1.8.  Insel Hiiumaa \/ Estland &#8211; 16.Tag &#8211; 1275 km","author":"guenter","date":"August 1, 2012","format":false,"excerpt":"Das Quartier war wirklich prima. Die Chefin hat mir ein m\u00e4chtiges Fr\u00fchst\u00fcck serviert, wenn ich das alles gegessen h\u00e4tte, w\u00e4re ich nicht aufs Rad gekommen.Die Insel ist landschaftlich sehr beeindruckend, trotzdem kam mir heute immer wieder der Song \"The Long and winding road\" in den Sinn, obwohl es dann doch\u2026","rel":"","context":"In &quot;2012 BALTIKUM&quot;","block_context":{"text":"2012 BALTIKUM","link":"http:\/\/guderley.com\/?cat=22"},"img":{"alt_text":"","src":"https:\/\/i0.wp.com\/guderley.com\/wp-content\/uploads\/2012\/08\/wpid-Photo-01.08.2012-1250.jpg?resize=350%2C200","width":350,"height":200,"srcset":"https:\/\/i0.wp.com\/guderley.com\/wp-content\/uploads\/2012\/08\/wpid-Photo-01.08.2012-1250.jpg?resize=350%2C200 1x, https:\/\/i0.wp.com\/guderley.com\/wp-content\/uploads\/2012\/08\/wpid-Photo-01.08.2012-1250.jpg?resize=525%2C300 1.5x, https:\/\/i0.wp.com\/guderley.com\/wp-content\/uploads\/2012\/08\/wpid-Photo-01.08.2012-1250.jpg?resize=700%2C400 2x"},"classes":[]},{"id":1843,"url":"http:\/\/guderley.com\/?p=1843","url_meta":{"origin":1442,"position":4},"title":"H\u00e4rn\u00f6sand  &#8211;  Tag 18  &#8211;  Donnerstag, 30. Mai","author":"guenter","date":"Mai 30, 2013","format":false,"excerpt":"128 km \/ 1008 hm \/ 8:28 h - Gesamt 1971 km \/ 10913 hm \/ 120 h Fronleichnam gibt es in Schweden nicht. Anscheinend wurden irgendwann mal die meisten Feiertage eingesammelt und daf\u00fcr gibt es am 6. Juni den Nationalfeiertag, das hat mir ein Typ erz\u00e4hlt !? Die Nacht\u2026","rel":"","context":"In &quot;2013 NORDKAPP&quot;","block_context":{"text":"2013 NORDKAPP","link":"http:\/\/guderley.com\/?cat=23"},"img":{"alt_text":"","src":"https:\/\/i0.wp.com\/guderley.com\/wp-content\/uploads\/2013\/05\/wpid-Photo-31.05.2013-01402.jpg?resize=350%2C200","width":350,"height":200,"srcset":"https:\/\/i0.wp.com\/guderley.com\/wp-content\/uploads\/2013\/05\/wpid-Photo-31.05.2013-01402.jpg?resize=350%2C200 1x, https:\/\/i0.wp.com\/guderley.com\/wp-content\/uploads\/2013\/05\/wpid-Photo-31.05.2013-01402.jpg?resize=525%2C300 1.5x, https:\/\/i0.wp.com\/guderley.com\/wp-content\/uploads\/2013\/05\/wpid-Photo-31.05.2013-01402.jpg?resize=700%2C400 2x"},"classes":[]},{"id":1281,"url":"http:\/\/guderley.com\/?p=1281","url_meta":{"origin":1442,"position":5},"title":"20.7. Leesi \/ Estland &#8211; 4. Tag &#8211; 165 km","author":"guenter","date":"Juli 21, 2012","format":false,"excerpt":"Ich verlasse Helsinki mit der komplett ausgebuchten F\u00e4hre nach Tallinn. Mit dem Fahrrad darf ich als allererster an Bord, nach mir kommen 1000 Finnen und Russen, deren wichtigstes Ziel eine der vielen Bars an Bord ist.In Tallinn angekommen g\u00f6nne ich mir ein Mittagessen am Hafen und dann geht die Radtour\u2026","rel":"","context":"In &quot;2012 BALTIKUM&quot;","block_context":{"text":"2012 BALTIKUM","link":"http:\/\/guderley.com\/?cat=22"},"img":{"alt_text":"","src":"https:\/\/i0.wp.com\/guderley.com\/wp-content\/uploads\/2012\/07\/wpid-Photo-21.07.2012-0542.jpg?resize=350%2C200","width":350,"height":200,"srcset":"https:\/\/i0.wp.com\/guderley.com\/wp-content\/uploads\/2012\/07\/wpid-Photo-21.07.2012-0542.jpg?resize=350%2C200 1x, https:\/\/i0.wp.com\/guderley.com\/wp-content\/uploads\/2012\/07\/wpid-Photo-21.07.2012-0542.jpg?resize=525%2C300 1.5x, https:\/\/i0.wp.com\/guderley.com\/wp-content\/uploads\/2012\/07\/wpid-Photo-21.07.2012-0542.jpg?resize=700%2C400 2x"},"classes":[]}],"_links":{"self":[{"href":"http:\/\/guderley.com\/index.php?rest_route=\/wp\/v2\/posts\/1442","targetHints":{"allow":["GET"]}}],"collection":[{"href":"http:\/\/guderley.com\/index.php?rest_route=\/wp\/v2\/posts"}],"about":[{"href":"http:\/\/guderley.com\/index.php?rest_route=\/wp\/v2\/types\/post"}],"author":[{"embeddable":true,"href":"http:\/\/guderley.com\/index.php?rest_route=\/wp\/v2\/users\/2"}],"replies":[{"embeddable":true,"href":"http:\/\/guderley.com\/index.php?rest_route=%2Fwp%2Fv2%2Fcomments&post=1442"}],"version-history":[{"count":0,"href":"http:\/\/guderley.com\/index.php?rest_route=\/wp\/v2\/posts\/1442\/revisions"}],"wp:attachment":[{"href":"http:\/\/guderley.com\/index.php?rest_route=%2Fwp%2Fv2%2Fmedia&parent=1442"}],"wp:term":[{"taxonomy":"category","embeddable":true,"href":"http:\/\/guderley.com\/index.php?rest_route=%2Fwp%2Fv2%2Fcategories&post=1442"},{"taxonomy":"post_tag","embeddable":true,"href":"http:\/\/guderley.com\/index.php?rest_route=%2Fwp%2Fv2%2Ftags&post=1442"}],"curies":[{"name":"wp","href":"https:\/\/api.w.org\/{rel}","templated":true}]}}