{"id":1416,"date":"2012-08-05T20:53:15","date_gmt":"2012-08-05T19:53:15","guid":{"rendered":"http:\/\/guderley.com\/?p=1416"},"modified":"2012-08-05T21:04:25","modified_gmt":"2012-08-05T20:04:25","slug":"5-8-saulkrasti-lettland-20-tag-km-1797","status":"publish","type":"post","link":"http:\/\/guderley.com\/?p=1416","title":{"rendered":"5.8. Saulkrasti \/ Lettland &#8211; 20. Tag &#8211; km 1797"},"content":{"rendered":"<p>Gegen acht Uhr trinke ich zusammen mit der Vermieterin einen Kaffee und mache mich auf den Weg zu einem erneuten Transfertag, d.h. das Ziel ist m\u00f6glichst weit an Riga heranzufahren, leider sind dabei viele Kilometer auf der A 1 zu fahren, dass ist die Hauptverbindung zwischen Tallinn und Riga. Die Strasse ist an vielen Stellen sehr gut ausgebaut und bietet einen Randstreifen, auf dem man ganz gut fahren kann, man muss nur die ganze Zeit h\u00f6llisch aufpassen und das strengt irgendwann an.<\/p>\n<div class=\"separator\" style=\"clear: both; text-align: center;\"><a href=\"https:\/\/i0.wp.com\/guderley.com\/wp-content\/uploads\/2012\/08\/wpid-Photo-05.08.2012-0844.jpg\" target=\"_blank\" style=\"margin-left: 1em; margin-right: 1em;\"><img data-recalc-dims=\"1\" decoding=\"async\" src=\"https:\/\/i0.wp.com\/guderley.com\/wp-content\/uploads\/2012\/08\/wpid-Photo-05.08.2012-0844.jpg?resize=500%2C375\" id=\"blogsy-1344197125929.247\" class=\"aligncenter\" alt=\"\" width=\"500\" height=\"375\"><\/a><\/div>\n<p>Kurz vor drei Uhr passiere ich die ehemalige Grenze zwischen Estland und Lettland. Mit ziemlich genau 1650 km habe ich mir Estland weitgehend &#8222;erfahren&#8220;. Ich habe zwar nicht alles gesehen, aber sicher ziemlich viel, wenn ich so die einschl\u00e4gige Literatur (Lonely Planet) durchbl\u00e4ttere.<\/p>\n<div class=\"separator\" style=\"clear: both; text-align: center;\"><a href=\"https:\/\/i0.wp.com\/guderley.com\/wp-content\/uploads\/2012\/08\/wpid-Photo-05.08.2012-1445.jpg\" target=\"_blank\" style=\"margin-left: 1em; margin-right: 1em;\"><img data-recalc-dims=\"1\" decoding=\"async\" src=\"https:\/\/i0.wp.com\/guderley.com\/wp-content\/uploads\/2012\/08\/wpid-Photo-05.08.2012-1445.jpg?resize=500%2C375\" id=\"blogsy-1344197125928.726\" class=\"aligncenter\" alt=\"\" width=\"500\" height=\"375\"><\/a><\/div>\n<div class=\"separator\" style=\"clear: both; text-align: center;\"><a href=\"https:\/\/i0.wp.com\/guderley.com\/wp-content\/uploads\/2012\/08\/wpid-Photo-05.08.2012-14451.jpg\" target=\"_blank\" style=\"margin-left: 1em; margin-right: 1em;\"><img data-recalc-dims=\"1\" decoding=\"async\" src=\"https:\/\/i0.wp.com\/guderley.com\/wp-content\/uploads\/2012\/08\/wpid-Photo-05.08.2012-14451.jpg?resize=500%2C375\" id=\"blogsy-1344197125968.065\" class=\"aligncenter\" alt=\"\" width=\"500\" height=\"375\"><\/a><\/div>\n<p>Die lettische K\u00fcste bietet viele langgezogene Str\u00e4nde und an einem strahlenden Sonntag wie heute ist ziemlich viel los.<\/p>\n<p>Um 21:00 Uhr erreiche ich endlich Saulkrasti, der Ort ist allerdings rund 15 km lang, so dass ich an einigen guten \u00dcbernachtungsm\u00f6glichkeiten vorbeirolle, in Erwartung einer besseren Gelegenheit. Am Schlu\u00df wurde es etwas eng und ich quartiere mich in einem einfachen &#8222;Rooms for Rent&#8220; ein, aber nachdem das Zelten im gesamten Bereich der Stadt ausdr\u00fccklich verboten ist, soll das so sein.<\/p>\n<div class=\"separator\" style=\"clear: both; text-align: center;\"><a href=\"https:\/\/i0.wp.com\/guderley.com\/wp-content\/uploads\/2012\/08\/wpid-Photo-05.08.2012-1500.jpg\" target=\"_blank\" style=\"margin-left: 1em; margin-right: 1em;\"><img data-recalc-dims=\"1\" decoding=\"async\" src=\"https:\/\/i0.wp.com\/guderley.com\/wp-content\/uploads\/2012\/08\/wpid-Photo-05.08.2012-1500.jpg?resize=500%2C375\" id=\"blogsy-1344197125928.737\" class=\"aligncenter\" alt=\"\" width=\"500\" height=\"375\"><\/a><\/div>\n<p>Morgen geht es nach Riga, der baltischen Metropole, das ist nur noch ein Katzensprung und ich werde dort bis Donnerstagmorgen bleiben. Zweieinhalb Tage Pause, ziemlich in der Mitte meiner Tour, kommen mir sehr gelegen und die Stadt ist es bestimmt wert.<\/p>\n<p>&nbsp;<\/p>\n<div style=\"text-align: right; font-size: small; clear: both;\" id=\"blogsy_footer\"><a href=\"http:\/\/blogsyapp.com\" target=\"_blank\"><img data-recalc-dims=\"1\" decoding=\"async\" src=\"https:\/\/i0.wp.com\/blogsyapp.com\/images\/blogsy_footer_icon.png?resize=20%2C20\" alt=\"Mit Blogsy ver\u00f6ffentlicht\" style=\"vertical-align: middle; margin-right: 5px;\" width=\"20\" height=\"20\" \/>Mit Blogsy ver\u00f6ffentlicht<\/a><\/div>\n","protected":false},"excerpt":{"rendered":"<p>Gegen acht Uhr trinke ich zusammen mit der Vermieterin einen Kaffee und mache mich auf den Weg zu einem erneuten Transfertag, d.h. das Ziel ist m\u00f6glichst weit an Riga heranzufahren, leider sind dabei viele Kilometer auf der A 1 zu fahren, dass ist die Hauptverbindung zwischen Tallinn und Riga. Die Strasse ist an vielen Stellen [&hellip;]<\/p>\n","protected":false},"author":2,"featured_media":0,"comment_status":"open","ping_status":"open","sticky":false,"template":"","format":"standard","meta":{"_jetpack_newsletter_access":"","_jetpack_dont_email_post_to_subs":false,"_jetpack_newsletter_tier_id":0,"_jetpack_memberships_contains_paywalled_content":false,"_jetpack_memberships_contains_paid_content":false,"footnotes":""},"categories":[22],"tags":[],"class_list":["post-1416","post","type-post","status-publish","format-standard","hentry","category-baltikum-2012"],"yoast_head":"<!-- This site is optimized with the Yoast SEO plugin v25.8 - https:\/\/yoast.com\/wordpress\/plugins\/seo\/ -->\n<title>5.8. Saulkrasti \/ Lettland - 20. Tag - km 1797 - G\u00fcnter&#039;s Blog<\/title>\n<meta name=\"robots\" content=\"index, follow, max-snippet:-1, max-image-preview:large, max-video-preview:-1\" \/>\n<link rel=\"canonical\" href=\"https:\/\/guderley.com\/?p=1416\" \/>\n<meta property=\"og:locale\" content=\"de_DE\" \/>\n<meta property=\"og:type\" content=\"article\" \/>\n<meta property=\"og:title\" content=\"5.8. Saulkrasti \/ Lettland - 20. Tag - km 1797 - G\u00fcnter&#039;s Blog\" \/>\n<meta property=\"og:description\" content=\"Gegen acht Uhr trinke ich zusammen mit der Vermieterin einen Kaffee und mache mich auf den Weg zu einem erneuten Transfertag, d.h. das Ziel ist m\u00f6glichst weit an Riga heranzufahren, leider sind dabei viele Kilometer auf der A 1 zu fahren, dass ist die Hauptverbindung zwischen Tallinn und Riga. Die Strasse ist an vielen Stellen [&hellip;]\" \/>\n<meta property=\"og:url\" content=\"https:\/\/guderley.com\/?p=1416\" \/>\n<meta property=\"og:site_name\" content=\"G\u00fcnter&#039;s Blog\" \/>\n<meta property=\"article:published_time\" content=\"2012-08-05T19:53:15+00:00\" \/>\n<meta property=\"article:modified_time\" content=\"2012-08-05T20:04:25+00:00\" \/>\n<meta property=\"og:image\" content=\"http:\/\/guderley.com\/wp-content\/uploads\/2012\/08\/wpid-Photo-05.08.2012-0844.jpg\" \/>\n<meta name=\"author\" content=\"guenter\" \/>\n<meta name=\"twitter:card\" content=\"summary_large_image\" \/>\n<meta name=\"twitter:label1\" content=\"Verfasst von\" \/>\n\t<meta name=\"twitter:data1\" content=\"guenter\" \/>\n\t<meta name=\"twitter:label2\" content=\"Gesch\u00e4tzte Lesezeit\" \/>\n\t<meta name=\"twitter:data2\" content=\"1\u00a0Minute\" \/>\n<script type=\"application\/ld+json\" class=\"yoast-schema-graph\">{\"@context\":\"https:\/\/schema.org\",\"@graph\":[{\"@type\":\"Article\",\"@id\":\"https:\/\/guderley.com\/?p=1416#article\",\"isPartOf\":{\"@id\":\"https:\/\/guderley.com\/?p=1416\"},\"author\":{\"name\":\"guenter\",\"@id\":\"https:\/\/guderley.com\/#\/schema\/person\/24a827645a6fedd3481426a7028dfdcd\"},\"headline\":\"5.8. Saulkrasti \/ Lettland &#8211; 20. Tag &#8211; km 1797\",\"datePublished\":\"2012-08-05T19:53:15+00:00\",\"dateModified\":\"2012-08-05T20:04:25+00:00\",\"mainEntityOfPage\":{\"@id\":\"https:\/\/guderley.com\/?p=1416\"},\"wordCount\":261,\"commentCount\":1,\"publisher\":{\"@id\":\"https:\/\/guderley.com\/#\/schema\/person\/24a827645a6fedd3481426a7028dfdcd\"},\"image\":{\"@id\":\"https:\/\/guderley.com\/?p=1416#primaryimage\"},\"thumbnailUrl\":\"http:\/\/guderley.com\/wp-content\/uploads\/2012\/08\/wpid-Photo-05.08.2012-0844.jpg\",\"articleSection\":[\"2012 BALTIKUM\"],\"inLanguage\":\"de\",\"potentialAction\":[{\"@type\":\"CommentAction\",\"name\":\"Comment\",\"target\":[\"https:\/\/guderley.com\/?p=1416#respond\"]}]},{\"@type\":\"WebPage\",\"@id\":\"https:\/\/guderley.com\/?p=1416\",\"url\":\"https:\/\/guderley.com\/?p=1416\",\"name\":\"5.8. Saulkrasti \/ Lettland - 20. Tag - km 1797 - G\u00fcnter&#039;s Blog\",\"isPartOf\":{\"@id\":\"https:\/\/guderley.com\/#website\"},\"primaryImageOfPage\":{\"@id\":\"https:\/\/guderley.com\/?p=1416#primaryimage\"},\"image\":{\"@id\":\"https:\/\/guderley.com\/?p=1416#primaryimage\"},\"thumbnailUrl\":\"http:\/\/guderley.com\/wp-content\/uploads\/2012\/08\/wpid-Photo-05.08.2012-0844.jpg\",\"datePublished\":\"2012-08-05T19:53:15+00:00\",\"dateModified\":\"2012-08-05T20:04:25+00:00\",\"breadcrumb\":{\"@id\":\"https:\/\/guderley.com\/?p=1416#breadcrumb\"},\"inLanguage\":\"de\",\"potentialAction\":[{\"@type\":\"ReadAction\",\"target\":[\"https:\/\/guderley.com\/?p=1416\"]}]},{\"@type\":\"ImageObject\",\"inLanguage\":\"de\",\"@id\":\"https:\/\/guderley.com\/?p=1416#primaryimage\",\"url\":\"https:\/\/i0.wp.com\/guderley.com\/wp-content\/uploads\/2012\/08\/wpid-Photo-05.08.2012-0844.jpg?fit=1024%2C768\",\"contentUrl\":\"https:\/\/i0.wp.com\/guderley.com\/wp-content\/uploads\/2012\/08\/wpid-Photo-05.08.2012-0844.jpg?fit=1024%2C768\",\"width\":\"1024\",\"height\":\"768\"},{\"@type\":\"BreadcrumbList\",\"@id\":\"https:\/\/guderley.com\/?p=1416#breadcrumb\",\"itemListElement\":[{\"@type\":\"ListItem\",\"position\":1,\"name\":\"Startseite\",\"item\":\"https:\/\/guderley.com\/\"},{\"@type\":\"ListItem\",\"position\":2,\"name\":\"5.8. Saulkrasti \/ Lettland &#8211; 20. Tag &#8211; km 1797\"}]},{\"@type\":\"WebSite\",\"@id\":\"https:\/\/guderley.com\/#website\",\"url\":\"https:\/\/guderley.com\/\",\"name\":\"G\u00fcnter's Blog\",\"description\":\"Fahrrad Touren rund um die Welt\",\"publisher\":{\"@id\":\"https:\/\/guderley.com\/#\/schema\/person\/24a827645a6fedd3481426a7028dfdcd\"},\"alternateName\":\"G\u00fcnter's Blog\",\"potentialAction\":[{\"@type\":\"SearchAction\",\"target\":{\"@type\":\"EntryPoint\",\"urlTemplate\":\"https:\/\/guderley.com\/?s={search_term_string}\"},\"query-input\":{\"@type\":\"PropertyValueSpecification\",\"valueRequired\":true,\"valueName\":\"search_term_string\"}}],\"inLanguage\":\"de\"},{\"@type\":[\"Person\",\"Organization\"],\"@id\":\"https:\/\/guderley.com\/#\/schema\/person\/24a827645a6fedd3481426a7028dfdcd\",\"name\":\"guenter\",\"image\":{\"@type\":\"ImageObject\",\"inLanguage\":\"de\",\"@id\":\"https:\/\/guderley.com\/#\/schema\/person\/image\/\",\"url\":\"https:\/\/i0.wp.com\/guderley.com\/wp-content\/uploads\/img_8008-scaled.jpg?fit=1920%2C2560\",\"contentUrl\":\"https:\/\/i0.wp.com\/guderley.com\/wp-content\/uploads\/img_8008-scaled.jpg?fit=1920%2C2560\",\"width\":1920,\"height\":2560,\"caption\":\"guenter\"},\"logo\":{\"@id\":\"https:\/\/guderley.com\/#\/schema\/person\/image\/\"},\"sameAs\":[\"http:\/\/guderley.com\/blog\"],\"url\":\"http:\/\/guderley.com\/?author=2\"}]}<\/script>\n<!-- \/ Yoast SEO plugin. -->","yoast_head_json":{"title":"5.8. Saulkrasti \/ Lettland - 20. Tag - km 1797 - G\u00fcnter&#039;s Blog","robots":{"index":"index","follow":"follow","max-snippet":"max-snippet:-1","max-image-preview":"max-image-preview:large","max-video-preview":"max-video-preview:-1"},"canonical":"https:\/\/guderley.com\/?p=1416","og_locale":"de_DE","og_type":"article","og_title":"5.8. Saulkrasti \/ Lettland - 20. Tag - km 1797 - G\u00fcnter&#039;s Blog","og_description":"Gegen acht Uhr trinke ich zusammen mit der Vermieterin einen Kaffee und mache mich auf den Weg zu einem erneuten Transfertag, d.h. das Ziel ist m\u00f6glichst weit an Riga heranzufahren, leider sind dabei viele Kilometer auf der A 1 zu fahren, dass ist die Hauptverbindung zwischen Tallinn und Riga. Die Strasse ist an vielen Stellen [&hellip;]","og_url":"https:\/\/guderley.com\/?p=1416","og_site_name":"G\u00fcnter&#039;s Blog","article_published_time":"2012-08-05T19:53:15+00:00","article_modified_time":"2012-08-05T20:04:25+00:00","og_image":[{"url":"http:\/\/guderley.com\/wp-content\/uploads\/2012\/08\/wpid-Photo-05.08.2012-0844.jpg","type":"","width":"","height":""}],"author":"guenter","twitter_card":"summary_large_image","twitter_misc":{"Verfasst von":"guenter","Gesch\u00e4tzte Lesezeit":"1\u00a0Minute"},"schema":{"@context":"https:\/\/schema.org","@graph":[{"@type":"Article","@id":"https:\/\/guderley.com\/?p=1416#article","isPartOf":{"@id":"https:\/\/guderley.com\/?p=1416"},"author":{"name":"guenter","@id":"https:\/\/guderley.com\/#\/schema\/person\/24a827645a6fedd3481426a7028dfdcd"},"headline":"5.8. Saulkrasti \/ Lettland &#8211; 20. Tag &#8211; km 1797","datePublished":"2012-08-05T19:53:15+00:00","dateModified":"2012-08-05T20:04:25+00:00","mainEntityOfPage":{"@id":"https:\/\/guderley.com\/?p=1416"},"wordCount":261,"commentCount":1,"publisher":{"@id":"https:\/\/guderley.com\/#\/schema\/person\/24a827645a6fedd3481426a7028dfdcd"},"image":{"@id":"https:\/\/guderley.com\/?p=1416#primaryimage"},"thumbnailUrl":"http:\/\/guderley.com\/wp-content\/uploads\/2012\/08\/wpid-Photo-05.08.2012-0844.jpg","articleSection":["2012 BALTIKUM"],"inLanguage":"de","potentialAction":[{"@type":"CommentAction","name":"Comment","target":["https:\/\/guderley.com\/?p=1416#respond"]}]},{"@type":"WebPage","@id":"https:\/\/guderley.com\/?p=1416","url":"https:\/\/guderley.com\/?p=1416","name":"5.8. Saulkrasti \/ Lettland - 20. Tag - km 1797 - G\u00fcnter&#039;s Blog","isPartOf":{"@id":"https:\/\/guderley.com\/#website"},"primaryImageOfPage":{"@id":"https:\/\/guderley.com\/?p=1416#primaryimage"},"image":{"@id":"https:\/\/guderley.com\/?p=1416#primaryimage"},"thumbnailUrl":"http:\/\/guderley.com\/wp-content\/uploads\/2012\/08\/wpid-Photo-05.08.2012-0844.jpg","datePublished":"2012-08-05T19:53:15+00:00","dateModified":"2012-08-05T20:04:25+00:00","breadcrumb":{"@id":"https:\/\/guderley.com\/?p=1416#breadcrumb"},"inLanguage":"de","potentialAction":[{"@type":"ReadAction","target":["https:\/\/guderley.com\/?p=1416"]}]},{"@type":"ImageObject","inLanguage":"de","@id":"https:\/\/guderley.com\/?p=1416#primaryimage","url":"https:\/\/i0.wp.com\/guderley.com\/wp-content\/uploads\/2012\/08\/wpid-Photo-05.08.2012-0844.jpg?fit=1024%2C768","contentUrl":"https:\/\/i0.wp.com\/guderley.com\/wp-content\/uploads\/2012\/08\/wpid-Photo-05.08.2012-0844.jpg?fit=1024%2C768","width":"1024","height":"768"},{"@type":"BreadcrumbList","@id":"https:\/\/guderley.com\/?p=1416#breadcrumb","itemListElement":[{"@type":"ListItem","position":1,"name":"Startseite","item":"https:\/\/guderley.com\/"},{"@type":"ListItem","position":2,"name":"5.8. Saulkrasti \/ Lettland &#8211; 20. Tag &#8211; km 1797"}]},{"@type":"WebSite","@id":"https:\/\/guderley.com\/#website","url":"https:\/\/guderley.com\/","name":"G\u00fcnter's Blog","description":"Fahrrad Touren rund um die Welt","publisher":{"@id":"https:\/\/guderley.com\/#\/schema\/person\/24a827645a6fedd3481426a7028dfdcd"},"alternateName":"G\u00fcnter's Blog","potentialAction":[{"@type":"SearchAction","target":{"@type":"EntryPoint","urlTemplate":"https:\/\/guderley.com\/?s={search_term_string}"},"query-input":{"@type":"PropertyValueSpecification","valueRequired":true,"valueName":"search_term_string"}}],"inLanguage":"de"},{"@type":["Person","Organization"],"@id":"https:\/\/guderley.com\/#\/schema\/person\/24a827645a6fedd3481426a7028dfdcd","name":"guenter","image":{"@type":"ImageObject","inLanguage":"de","@id":"https:\/\/guderley.com\/#\/schema\/person\/image\/","url":"https:\/\/i0.wp.com\/guderley.com\/wp-content\/uploads\/img_8008-scaled.jpg?fit=1920%2C2560","contentUrl":"https:\/\/i0.wp.com\/guderley.com\/wp-content\/uploads\/img_8008-scaled.jpg?fit=1920%2C2560","width":1920,"height":2560,"caption":"guenter"},"logo":{"@id":"https:\/\/guderley.com\/#\/schema\/person\/image\/"},"sameAs":["http:\/\/guderley.com\/blog"],"url":"http:\/\/guderley.com\/?author=2"}]}},"jetpack_featured_media_url":"","jetpack_sharing_enabled":true,"jetpack_shortlink":"https:\/\/wp.me\/p9IuXF-mQ","jetpack_likes_enabled":true,"jetpack-related-posts":[{"id":1469,"url":"http:\/\/guderley.com\/?p=1469","url_meta":{"origin":1416,"position":0},"title":"11.8.  J\u016brkalne \/ Lettland &#8211; Tag 26 &#8211; km 2197","author":"guenter","date":"August 11, 2012","format":false,"excerpt":"Ventspils erh\u00e4lt von mir den Titel \"fahrradfreundlichste Stadt des Baltikums\". Sensationelle Radwege in die Stadt hinein, durch die Stadt und auch wieder hinaus. Respekt !! Auch wenn wenige Kilometer nach Verlassen der Stadt eine 15 km lange Naturpiste zu bew\u00e4ltigen war.Bei meinem Treffen mit den rotarischen Freunden aus Riga empfahl\u2026","rel":"","context":"In &quot;2012 BALTIKUM&quot;","block_context":{"text":"2012 BALTIKUM","link":"http:\/\/guderley.com\/?cat=22"},"img":{"alt_text":"","src":"https:\/\/i0.wp.com\/guderley.com\/wp-content\/uploads\/2012\/08\/wpid-Photo-11.08.2012-2118.jpg?resize=350%2C200","width":350,"height":200,"srcset":"https:\/\/i0.wp.com\/guderley.com\/wp-content\/uploads\/2012\/08\/wpid-Photo-11.08.2012-2118.jpg?resize=350%2C200 1x, https:\/\/i0.wp.com\/guderley.com\/wp-content\/uploads\/2012\/08\/wpid-Photo-11.08.2012-2118.jpg?resize=525%2C300 1.5x, https:\/\/i0.wp.com\/guderley.com\/wp-content\/uploads\/2012\/08\/wpid-Photo-11.08.2012-2118.jpg?resize=700%2C400 2x"},"classes":[]},{"id":1442,"url":"http:\/\/guderley.com\/?p=1442","url_meta":{"origin":1416,"position":1},"title":"7. + 8.8 Riga \/ Lettland &#8211; Ruhetage","author":"guenter","date":"August 8, 2012","format":false,"excerpt":"Auf den ersten Wurf hat sich mir Riga nicht erschlossen. Es ist nie ganz einfach in eine neue gro\u00dfe Stadt zu kommen und gleich den Rhythmus aufzunehmen. Die hier viel deutlicher sp\u00fcrbare russische Mentalit\u00e4t, im Vergleich zu Tallinn, macht es mir nicht ganz so leicht.\u00a0\u00a0Heute am zweiten Tag ging das\u2026","rel":"","context":"In &quot;2012 BALTIKUM&quot;","block_context":{"text":"2012 BALTIKUM","link":"http:\/\/guderley.com\/?cat=22"},"img":{"alt_text":"","src":"https:\/\/i0.wp.com\/guderley.com\/wp-content\/uploads\/2012\/08\/wpid-Photo-08.08.2012-1801.jpg?resize=350%2C200","width":350,"height":200,"srcset":"https:\/\/i0.wp.com\/guderley.com\/wp-content\/uploads\/2012\/08\/wpid-Photo-08.08.2012-1801.jpg?resize=350%2C200 1x, https:\/\/i0.wp.com\/guderley.com\/wp-content\/uploads\/2012\/08\/wpid-Photo-08.08.2012-1801.jpg?resize=525%2C300 1.5x, https:\/\/i0.wp.com\/guderley.com\/wp-content\/uploads\/2012\/08\/wpid-Photo-08.08.2012-1801.jpg?resize=700%2C400 2x"},"classes":[]},{"id":1384,"url":"http:\/\/guderley.com\/?p=1384","url_meta":{"origin":1416,"position":2},"title":"1.8.  Insel Saaremaa \/ Estland &#8211; 16. Tag &#8211; 1328 km","author":"guenter","date":"August 2, 2012","format":false,"excerpt":"Ich war gut p\u00fcnktlich an der F\u00e4hre zwischen diesen beiden estnischen Inseln, die im Sommer viermal t\u00e4glich hin\u00fcber und her\u00fcber f\u00e4hrt. Die \u00dcberfahrt dauert gut 1 1\/4 h und man kommt im F\u00e4hrhafen Trigi an. Da stehen maximal sechs H\u00fctten und das wars dann. Ich war so gegen 19:30 auf\u2026","rel":"","context":"In &quot;2012 BALTIKUM&quot;","block_context":{"text":"2012 BALTIKUM","link":"http:\/\/guderley.com\/?cat=22"},"img":{"alt_text":"","src":"https:\/\/i0.wp.com\/guderley.com\/wp-content\/uploads\/2012\/08\/wpid-Photo-01.08.2012-2030.jpg?resize=350%2C200","width":350,"height":200,"srcset":"https:\/\/i0.wp.com\/guderley.com\/wp-content\/uploads\/2012\/08\/wpid-Photo-01.08.2012-2030.jpg?resize=350%2C200 1x, https:\/\/i0.wp.com\/guderley.com\/wp-content\/uploads\/2012\/08\/wpid-Photo-01.08.2012-2030.jpg?resize=525%2C300 1.5x, https:\/\/i0.wp.com\/guderley.com\/wp-content\/uploads\/2012\/08\/wpid-Photo-01.08.2012-2030.jpg?resize=700%2C400 2x"},"classes":[]},{"id":1828,"url":"http:\/\/guderley.com\/?p=1828","url_meta":{"origin":1416,"position":3},"title":"J\u00e4ttendal  &#8211;  Tag 17  &#8211;  Mittwoch, 29. Mai","author":"guenter","date":"Mai 29, 2013","format":false,"excerpt":"119 km \/ 896 hm \/ 7:36 h - Gesamt 1843 km \/ 9905 hm \/ 111:32 Ein vollkommen trockenes Zelt einzupacken zeugt von sehr guten Wetterbedingungen. Tats\u00e4chlich strahlt die Sonne vom Himmel, bei herrlich frischer Luft. Und das Beste ist, im Moment sieht es nach dauerhaft sch\u00f6nem Wetter aus.\u2026","rel":"","context":"In &quot;2013 NORDKAPP&quot;","block_context":{"text":"2013 NORDKAPP","link":"http:\/\/guderley.com\/?cat=23"},"img":{"alt_text":"","src":"https:\/\/i0.wp.com\/guderley.com\/wp-content\/uploads\/2013\/05\/wpid-Photo-29.05.2013-20231.jpg?resize=350%2C200","width":350,"height":200,"srcset":"https:\/\/i0.wp.com\/guderley.com\/wp-content\/uploads\/2013\/05\/wpid-Photo-29.05.2013-20231.jpg?resize=350%2C200 1x, https:\/\/i0.wp.com\/guderley.com\/wp-content\/uploads\/2013\/05\/wpid-Photo-29.05.2013-20231.jpg?resize=525%2C300 1.5x, https:\/\/i0.wp.com\/guderley.com\/wp-content\/uploads\/2013\/05\/wpid-Photo-29.05.2013-20231.jpg?resize=700%2C400 2x"},"classes":[]},{"id":1306,"url":"http:\/\/guderley.com\/?p=1306","url_meta":{"origin":1416,"position":4},"title":"24.7.  Kauksi \/ Estland &#8211; 8. Tag &#8211; 602 km","author":"guenter","date":"Juli 25, 2012","format":false,"excerpt":"Es sollte ein sehr langer Radtag werden, das wusste ich allerdings morgens um 8 Uhr vor der be\u00fchmten Festung in Narva noch nicht. Es hatte die ganze Nacht m\u00e4chtig geregnet aber p\u00fcnktlich um 6 Uhr h\u00f6rte es auf. Frohen Mutes machte ich mich auf den Weg zur\u00fcck. Ich musste etwa\u2026","rel":"","context":"In &quot;2012 BALTIKUM&quot;","block_context":{"text":"2012 BALTIKUM","link":"http:\/\/guderley.com\/?cat=22"},"img":{"alt_text":"","src":"https:\/\/i0.wp.com\/guderley.com\/wp-content\/uploads\/2012\/07\/wpid-Photo-24.07.2012-1923.jpg?resize=350%2C200","width":350,"height":200,"srcset":"https:\/\/i0.wp.com\/guderley.com\/wp-content\/uploads\/2012\/07\/wpid-Photo-24.07.2012-1923.jpg?resize=350%2C200 1x, https:\/\/i0.wp.com\/guderley.com\/wp-content\/uploads\/2012\/07\/wpid-Photo-24.07.2012-1923.jpg?resize=525%2C300 1.5x, https:\/\/i0.wp.com\/guderley.com\/wp-content\/uploads\/2012\/07\/wpid-Photo-24.07.2012-1923.jpg?resize=700%2C400 2x"},"classes":[]},{"id":1405,"url":"http:\/\/guderley.com\/?p=1405","url_meta":{"origin":1416,"position":5},"title":"3.8.  Varbla \/ Estland &#8211; 18. Tag &#8211; 1577","author":"guenter","date":"August 4, 2012","format":false,"excerpt":"Ich starte gem\u00fctlich in einen langen Radtag. Kuressare ist ein wirkliches Kleinod, dominiert von der m\u00e4chtigen Ordensburg und nat\u00fcrlich dem kleinen Hafen.Mein Weg f\u00fchrt mich ins Innere der Insel, wo ich, den neben Tallinn wohl meist besuchtesten Ort in Estland anfahre. In Kaali gibt es mehrere ca. 4000 Jahre alte\u2026","rel":"","context":"In &quot;2012 BALTIKUM&quot;","block_context":{"text":"2012 BALTIKUM","link":"http:\/\/guderley.com\/?cat=22"},"img":{"alt_text":"","src":"https:\/\/i0.wp.com\/guderley.com\/wp-content\/uploads\/2012\/08\/wpid-Photo-03.08.2012-21431.jpg?resize=350%2C200","width":350,"height":200,"srcset":"https:\/\/i0.wp.com\/guderley.com\/wp-content\/uploads\/2012\/08\/wpid-Photo-03.08.2012-21431.jpg?resize=350%2C200 1x, https:\/\/i0.wp.com\/guderley.com\/wp-content\/uploads\/2012\/08\/wpid-Photo-03.08.2012-21431.jpg?resize=525%2C300 1.5x, https:\/\/i0.wp.com\/guderley.com\/wp-content\/uploads\/2012\/08\/wpid-Photo-03.08.2012-21431.jpg?resize=700%2C400 2x"},"classes":[]}],"_links":{"self":[{"href":"http:\/\/guderley.com\/index.php?rest_route=\/wp\/v2\/posts\/1416","targetHints":{"allow":["GET"]}}],"collection":[{"href":"http:\/\/guderley.com\/index.php?rest_route=\/wp\/v2\/posts"}],"about":[{"href":"http:\/\/guderley.com\/index.php?rest_route=\/wp\/v2\/types\/post"}],"author":[{"embeddable":true,"href":"http:\/\/guderley.com\/index.php?rest_route=\/wp\/v2\/users\/2"}],"replies":[{"embeddable":true,"href":"http:\/\/guderley.com\/index.php?rest_route=%2Fwp%2Fv2%2Fcomments&post=1416"}],"version-history":[{"count":1,"href":"http:\/\/guderley.com\/index.php?rest_route=\/wp\/v2\/posts\/1416\/revisions"}],"predecessor-version":[{"id":1421,"href":"http:\/\/guderley.com\/index.php?rest_route=\/wp\/v2\/posts\/1416\/revisions\/1421"}],"wp:attachment":[{"href":"http:\/\/guderley.com\/index.php?rest_route=%2Fwp%2Fv2%2Fmedia&parent=1416"}],"wp:term":[{"taxonomy":"category","embeddable":true,"href":"http:\/\/guderley.com\/index.php?rest_route=%2Fwp%2Fv2%2Fcategories&post=1416"},{"taxonomy":"post_tag","embeddable":true,"href":"http:\/\/guderley.com\/index.php?rest_route=%2Fwp%2Fv2%2Ftags&post=1416"}],"curies":[{"name":"wp","href":"https:\/\/api.w.org\/{rel}","templated":true}]}}