{"id":1410,"date":"2012-08-04T16:27:14","date_gmt":"2012-08-04T15:27:14","guid":{"rendered":"http:\/\/guderley.com\/?p=1410"},"modified":"2012-08-04T19:04:44","modified_gmt":"2012-08-04T18:04:44","slug":"4-8-parnu-estland-19-tag-km-1656","status":"publish","type":"post","link":"http:\/\/guderley.com\/?p=1410","title":{"rendered":"4.8.  P\u00e4rnu \/ Estland &#8211; 19. Tag &#8211; km 1656"},"content":{"rendered":"<p>Die Wolken hingen sehr tief als ich aus dem Hof hinausrollte. Von den Anwohnern war noch nichts zu h\u00f6ren und zu sehen. Ich hatte jetzt zwei Probleme. Das erste und dringlichste war die Frage, wie bekomme ich meine Sachen wieder trocken ? und das zweite, ein bisschen weniger wichtig aber dennoch elementar, wo bekomme ich etwas zum Fr\u00fchst\u00fccken her ?<\/p>\n<div class=\"separator\" style=\"clear: both; text-align: center;\"><a href=\"https:\/\/i0.wp.com\/guderley.com\/wp-content\/uploads\/2012\/08\/wpid-Photo-04.08.2012-0921.jpg\" target=\"_blank\" style=\"margin-left: 1em; margin-right: 1em;\"><img data-recalc-dims=\"1\" decoding=\"async\" src=\"https:\/\/i0.wp.com\/guderley.com\/wp-content\/uploads\/2012\/08\/wpid-Photo-04.08.2012-0921.jpg?resize=500%2C375\" id=\"blogsy-1344103548474.1577\" class=\"aligncenter\" alt=\"\" width=\"500\" height=\"375\"><\/a><\/div>\n<p>Das mit dem Fr\u00fchst\u00fcck regelte sich ziemlich genau 25 km sp\u00e4ter in T\u00f5stamaa, wo ich im &#8222;M\u00f5is&#8220;, so hei\u00dfen hier die wichtigen \u00f6ffentlichen Geb\u00e4ude, zumindest einen Kaffee von den jungen Damen erhielt. Warum die so zeitig am Samstagmorgen in ihren &#8222;Kost\u00fcmen&#8220; aktiv waren, erschloss sich mir leider nicht.<\/p>\n<div class=\"separator\" style=\"clear: both; text-align: center;\"><a href=\"https:\/\/i0.wp.com\/guderley.com\/wp-content\/uploads\/2012\/08\/wpid-Photo-04.08.2012-1100.jpg\" target=\"_blank\" style=\"margin-left: 1em; margin-right: 1em;\"><img data-recalc-dims=\"1\" decoding=\"async\" src=\"https:\/\/i0.wp.com\/guderley.com\/wp-content\/uploads\/2012\/08\/wpid-Photo-04.08.2012-1100.jpg?resize=500%2C375\" id=\"blogsy-1344103548513.4082\" class=\"aligncenter\" alt=\"\" width=\"500\" height=\"375\"><\/a><\/div>\n<p>Das &#8222;Gro\u00dfe Trocknen&#8220; dauerte noch so bis km 45, dann setzte sich die Sonne durch und ich packte mal wieder aus. Getrocknet ist das Zelt in &#8222;Null-Komma-Nichts&#8220;, aber halt nur mit Hilfe der Sonne.<\/p>\n<div class=\"separator\" style=\"clear: both; text-align: center;\"><a href=\"https:\/\/i0.wp.com\/guderley.com\/wp-content\/uploads\/2012\/08\/wpid-Photo-04.08.2012-1200.jpg\" target=\"_blank\" style=\"margin-left: 1em; margin-right: 1em;\"><img data-recalc-dims=\"1\" decoding=\"async\" src=\"https:\/\/i0.wp.com\/guderley.com\/wp-content\/uploads\/2012\/08\/wpid-Photo-04.08.2012-1200.jpg?resize=500%2C375\" id=\"blogsy-1344103548454.7097\" class=\"aligncenter\" alt=\"\" width=\"500\" height=\"375\"><\/a><\/div>\n<p>Kurz vor dem Erreichen der Stadt P\u00e4rnu (45 Tsd. Ew und ein beliebter Badeort) bin ich am Ende einer etwa 10 km langen Sand- und Schotterpiste ganz pl\u00f6tzlich dagelegen. Das Hinterrad rutschte mir im Sand weg und das Rad war nicht zu halten. Die Packtaschen d\u00e4mpfen so einen Sturz ja ein bisschen ab, so dass dem Fahrrad gottseidank nichts passiert ist. Ich habe mir ein paar Schrammen an Ellenbogen und Knie zugezogen, aber nicht schlimm.<\/p>\n<div class=\"separator\" style=\"clear: both; text-align: left;\"><a href=\"https:\/\/i0.wp.com\/guderley.com\/wp-content\/uploads\/2012\/08\/wpid-Photo-04.08.2012-18431.jpg\" target=\"_blank\" style=\"clear: left; float: left; margin-bottom: 1em; margin-right: 1em;\"><img data-recalc-dims=\"1\" decoding=\"async\" src=\"https:\/\/i0.wp.com\/guderley.com\/wp-content\/uploads\/2012\/08\/wpid-Photo-04.08.2012-18431.jpg?resize=500%2C375\" id=\"blogsy-1344103548478.693\" class=\"alignleft\" alt=\"\" width=\"500\" height=\"375\"><\/a><\/div>\n<p>In P\u00e4rnu selber, gab es zum ersten Mal ein Problem mit der Quartiersuche, da irgendein Sommerfestival alle Kapazit\u00e4ten aufgebraucht hat. Nachdem ich heute keine Lust auf Zelten im Stadtbereich habe, war ich in der Tourismus-Info ein bisschen penetrant und habe die Lady zum Telefonieren &#8222;gezwungen&#8220;. Und siehe da in der Villa Kristina, direkt am Stadtpark habe ich das letzte Zimmer bekommen, einfach aber absolut ok f\u00fcr die acht Stunden Schlaf und meine hygienischen Bed\u00fcrfnisse.<\/p>\n<div class=\"separator\" style=\"clear: both; text-align: right;\"><a href=\"https:\/\/i0.wp.com\/guderley.com\/wp-content\/uploads\/2012\/08\/wpid-Photo-04.08.2012-1836.jpg\" target=\"_blank\" style=\"clear: right; float: right; margin-bottom: 1em; margin-left: 1em;\"><img data-recalc-dims=\"1\" decoding=\"async\" src=\"https:\/\/i0.wp.com\/guderley.com\/wp-content\/uploads\/2012\/08\/wpid-Photo-04.08.2012-1836.jpg?resize=500%2C375\" id=\"blogsy-1344103548528.988\" class=\"alignright\" alt=\"\" width=\"500\" height=\"375\"><\/a><\/div>\n<p>&nbsp;<\/p>\n<div style=\"text-align: right; font-size: small; clear: both;\" id=\"blogsy_footer\"><a href=\"http:\/\/blogsyapp.com\" target=\"_blank\"><img data-recalc-dims=\"1\" decoding=\"async\" src=\"https:\/\/i0.wp.com\/blogsyapp.com\/images\/blogsy_footer_icon.png?resize=20%2C20\" alt=\"Mit Blogsy ver\u00f6ffentlicht\" style=\"vertical-align: middle; margin-right: 5px;\" width=\"20\" height=\"20\" \/>Mit Blogsy ver\u00f6ffentlicht<\/a><\/div>\n","protected":false},"excerpt":{"rendered":"<p>Die Wolken hingen sehr tief als ich aus dem Hof hinausrollte. Von den Anwohnern war noch nichts zu h\u00f6ren und zu sehen. Ich hatte jetzt zwei Probleme. Das erste und dringlichste war die Frage, wie bekomme ich meine Sachen wieder trocken ? und das zweite, ein bisschen weniger wichtig aber dennoch elementar, wo bekomme ich [&hellip;]<\/p>\n","protected":false},"author":2,"featured_media":0,"comment_status":"open","ping_status":"open","sticky":false,"template":"","format":"standard","meta":{"_jetpack_newsletter_access":"","_jetpack_dont_email_post_to_subs":false,"_jetpack_newsletter_tier_id":0,"_jetpack_memberships_contains_paywalled_content":false,"_jetpack_memberships_contains_paid_content":false,"footnotes":""},"categories":[22],"tags":[],"class_list":["post-1410","post","type-post","status-publish","format-standard","hentry","category-baltikum-2012"],"yoast_head":"<!-- This site is optimized with the Yoast SEO plugin v25.8 - https:\/\/yoast.com\/wordpress\/plugins\/seo\/ -->\n<title>4.8. P\u00e4rnu \/ Estland - 19. Tag - km 1656 - G\u00fcnter&#039;s Blog<\/title>\n<meta name=\"robots\" content=\"index, follow, max-snippet:-1, max-image-preview:large, max-video-preview:-1\" \/>\n<link rel=\"canonical\" href=\"https:\/\/guderley.com\/?p=1410\" \/>\n<meta property=\"og:locale\" content=\"de_DE\" \/>\n<meta property=\"og:type\" content=\"article\" \/>\n<meta property=\"og:title\" content=\"4.8. P\u00e4rnu \/ Estland - 19. Tag - km 1656 - G\u00fcnter&#039;s Blog\" \/>\n<meta property=\"og:description\" content=\"Die Wolken hingen sehr tief als ich aus dem Hof hinausrollte. Von den Anwohnern war noch nichts zu h\u00f6ren und zu sehen. Ich hatte jetzt zwei Probleme. Das erste und dringlichste war die Frage, wie bekomme ich meine Sachen wieder trocken ? und das zweite, ein bisschen weniger wichtig aber dennoch elementar, wo bekomme ich [&hellip;]\" \/>\n<meta property=\"og:url\" content=\"https:\/\/guderley.com\/?p=1410\" \/>\n<meta property=\"og:site_name\" content=\"G\u00fcnter&#039;s Blog\" \/>\n<meta property=\"article:published_time\" content=\"2012-08-04T15:27:14+00:00\" \/>\n<meta property=\"article:modified_time\" content=\"2012-08-04T18:04:44+00:00\" \/>\n<meta property=\"og:image\" content=\"http:\/\/guderley.com\/wp-content\/uploads\/2012\/08\/wpid-Photo-04.08.2012-0921.jpg\" \/>\n<meta name=\"author\" content=\"guenter\" \/>\n<meta name=\"twitter:card\" content=\"summary_large_image\" \/>\n<meta name=\"twitter:label1\" content=\"Verfasst von\" \/>\n\t<meta name=\"twitter:data1\" content=\"guenter\" \/>\n\t<meta name=\"twitter:label2\" content=\"Gesch\u00e4tzte Lesezeit\" \/>\n\t<meta name=\"twitter:data2\" content=\"2\u00a0Minuten\" \/>\n<script type=\"application\/ld+json\" class=\"yoast-schema-graph\">{\"@context\":\"https:\/\/schema.org\",\"@graph\":[{\"@type\":\"Article\",\"@id\":\"https:\/\/guderley.com\/?p=1410#article\",\"isPartOf\":{\"@id\":\"https:\/\/guderley.com\/?p=1410\"},\"author\":{\"name\":\"guenter\",\"@id\":\"https:\/\/guderley.com\/#\/schema\/person\/24a827645a6fedd3481426a7028dfdcd\"},\"headline\":\"4.8. P\u00e4rnu \/ Estland &#8211; 19. Tag &#8211; km 1656\",\"datePublished\":\"2012-08-04T15:27:14+00:00\",\"dateModified\":\"2012-08-04T18:04:44+00:00\",\"mainEntityOfPage\":{\"@id\":\"https:\/\/guderley.com\/?p=1410\"},\"wordCount\":316,\"commentCount\":1,\"publisher\":{\"@id\":\"https:\/\/guderley.com\/#\/schema\/person\/24a827645a6fedd3481426a7028dfdcd\"},\"image\":{\"@id\":\"https:\/\/guderley.com\/?p=1410#primaryimage\"},\"thumbnailUrl\":\"http:\/\/guderley.com\/wp-content\/uploads\/2012\/08\/wpid-Photo-04.08.2012-0921.jpg\",\"articleSection\":[\"2012 BALTIKUM\"],\"inLanguage\":\"de\",\"potentialAction\":[{\"@type\":\"CommentAction\",\"name\":\"Comment\",\"target\":[\"https:\/\/guderley.com\/?p=1410#respond\"]}]},{\"@type\":\"WebPage\",\"@id\":\"https:\/\/guderley.com\/?p=1410\",\"url\":\"https:\/\/guderley.com\/?p=1410\",\"name\":\"4.8. P\u00e4rnu \/ Estland - 19. Tag - km 1656 - G\u00fcnter&#039;s Blog\",\"isPartOf\":{\"@id\":\"https:\/\/guderley.com\/#website\"},\"primaryImageOfPage\":{\"@id\":\"https:\/\/guderley.com\/?p=1410#primaryimage\"},\"image\":{\"@id\":\"https:\/\/guderley.com\/?p=1410#primaryimage\"},\"thumbnailUrl\":\"http:\/\/guderley.com\/wp-content\/uploads\/2012\/08\/wpid-Photo-04.08.2012-0921.jpg\",\"datePublished\":\"2012-08-04T15:27:14+00:00\",\"dateModified\":\"2012-08-04T18:04:44+00:00\",\"breadcrumb\":{\"@id\":\"https:\/\/guderley.com\/?p=1410#breadcrumb\"},\"inLanguage\":\"de\",\"potentialAction\":[{\"@type\":\"ReadAction\",\"target\":[\"https:\/\/guderley.com\/?p=1410\"]}]},{\"@type\":\"ImageObject\",\"inLanguage\":\"de\",\"@id\":\"https:\/\/guderley.com\/?p=1410#primaryimage\",\"url\":\"https:\/\/i0.wp.com\/guderley.com\/wp-content\/uploads\/2012\/08\/wpid-Photo-04.08.2012-0921.jpg?fit=1024%2C768\",\"contentUrl\":\"https:\/\/i0.wp.com\/guderley.com\/wp-content\/uploads\/2012\/08\/wpid-Photo-04.08.2012-0921.jpg?fit=1024%2C768\",\"width\":\"1024\",\"height\":\"768\"},{\"@type\":\"BreadcrumbList\",\"@id\":\"https:\/\/guderley.com\/?p=1410#breadcrumb\",\"itemListElement\":[{\"@type\":\"ListItem\",\"position\":1,\"name\":\"Startseite\",\"item\":\"https:\/\/guderley.com\/\"},{\"@type\":\"ListItem\",\"position\":2,\"name\":\"4.8. P\u00e4rnu \/ Estland &#8211; 19. Tag &#8211; km 1656\"}]},{\"@type\":\"WebSite\",\"@id\":\"https:\/\/guderley.com\/#website\",\"url\":\"https:\/\/guderley.com\/\",\"name\":\"G\u00fcnter's Blog\",\"description\":\"Fahrrad Touren rund um die Welt\",\"publisher\":{\"@id\":\"https:\/\/guderley.com\/#\/schema\/person\/24a827645a6fedd3481426a7028dfdcd\"},\"alternateName\":\"G\u00fcnter's Blog\",\"potentialAction\":[{\"@type\":\"SearchAction\",\"target\":{\"@type\":\"EntryPoint\",\"urlTemplate\":\"https:\/\/guderley.com\/?s={search_term_string}\"},\"query-input\":{\"@type\":\"PropertyValueSpecification\",\"valueRequired\":true,\"valueName\":\"search_term_string\"}}],\"inLanguage\":\"de\"},{\"@type\":[\"Person\",\"Organization\"],\"@id\":\"https:\/\/guderley.com\/#\/schema\/person\/24a827645a6fedd3481426a7028dfdcd\",\"name\":\"guenter\",\"image\":{\"@type\":\"ImageObject\",\"inLanguage\":\"de\",\"@id\":\"https:\/\/guderley.com\/#\/schema\/person\/image\/\",\"url\":\"https:\/\/i0.wp.com\/guderley.com\/wp-content\/uploads\/img_8008-scaled.jpg?fit=1920%2C2560\",\"contentUrl\":\"https:\/\/i0.wp.com\/guderley.com\/wp-content\/uploads\/img_8008-scaled.jpg?fit=1920%2C2560\",\"width\":1920,\"height\":2560,\"caption\":\"guenter\"},\"logo\":{\"@id\":\"https:\/\/guderley.com\/#\/schema\/person\/image\/\"},\"sameAs\":[\"http:\/\/guderley.com\/blog\"],\"url\":\"http:\/\/guderley.com\/?author=2\"}]}<\/script>\n<!-- \/ Yoast SEO plugin. -->","yoast_head_json":{"title":"4.8. P\u00e4rnu \/ Estland - 19. Tag - km 1656 - G\u00fcnter&#039;s Blog","robots":{"index":"index","follow":"follow","max-snippet":"max-snippet:-1","max-image-preview":"max-image-preview:large","max-video-preview":"max-video-preview:-1"},"canonical":"https:\/\/guderley.com\/?p=1410","og_locale":"de_DE","og_type":"article","og_title":"4.8. P\u00e4rnu \/ Estland - 19. Tag - km 1656 - G\u00fcnter&#039;s Blog","og_description":"Die Wolken hingen sehr tief als ich aus dem Hof hinausrollte. Von den Anwohnern war noch nichts zu h\u00f6ren und zu sehen. Ich hatte jetzt zwei Probleme. Das erste und dringlichste war die Frage, wie bekomme ich meine Sachen wieder trocken ? und das zweite, ein bisschen weniger wichtig aber dennoch elementar, wo bekomme ich [&hellip;]","og_url":"https:\/\/guderley.com\/?p=1410","og_site_name":"G\u00fcnter&#039;s Blog","article_published_time":"2012-08-04T15:27:14+00:00","article_modified_time":"2012-08-04T18:04:44+00:00","og_image":[{"url":"http:\/\/guderley.com\/wp-content\/uploads\/2012\/08\/wpid-Photo-04.08.2012-0921.jpg","type":"","width":"","height":""}],"author":"guenter","twitter_card":"summary_large_image","twitter_misc":{"Verfasst von":"guenter","Gesch\u00e4tzte Lesezeit":"2\u00a0Minuten"},"schema":{"@context":"https:\/\/schema.org","@graph":[{"@type":"Article","@id":"https:\/\/guderley.com\/?p=1410#article","isPartOf":{"@id":"https:\/\/guderley.com\/?p=1410"},"author":{"name":"guenter","@id":"https:\/\/guderley.com\/#\/schema\/person\/24a827645a6fedd3481426a7028dfdcd"},"headline":"4.8. P\u00e4rnu \/ Estland &#8211; 19. Tag &#8211; km 1656","datePublished":"2012-08-04T15:27:14+00:00","dateModified":"2012-08-04T18:04:44+00:00","mainEntityOfPage":{"@id":"https:\/\/guderley.com\/?p=1410"},"wordCount":316,"commentCount":1,"publisher":{"@id":"https:\/\/guderley.com\/#\/schema\/person\/24a827645a6fedd3481426a7028dfdcd"},"image":{"@id":"https:\/\/guderley.com\/?p=1410#primaryimage"},"thumbnailUrl":"http:\/\/guderley.com\/wp-content\/uploads\/2012\/08\/wpid-Photo-04.08.2012-0921.jpg","articleSection":["2012 BALTIKUM"],"inLanguage":"de","potentialAction":[{"@type":"CommentAction","name":"Comment","target":["https:\/\/guderley.com\/?p=1410#respond"]}]},{"@type":"WebPage","@id":"https:\/\/guderley.com\/?p=1410","url":"https:\/\/guderley.com\/?p=1410","name":"4.8. P\u00e4rnu \/ Estland - 19. Tag - km 1656 - G\u00fcnter&#039;s Blog","isPartOf":{"@id":"https:\/\/guderley.com\/#website"},"primaryImageOfPage":{"@id":"https:\/\/guderley.com\/?p=1410#primaryimage"},"image":{"@id":"https:\/\/guderley.com\/?p=1410#primaryimage"},"thumbnailUrl":"http:\/\/guderley.com\/wp-content\/uploads\/2012\/08\/wpid-Photo-04.08.2012-0921.jpg","datePublished":"2012-08-04T15:27:14+00:00","dateModified":"2012-08-04T18:04:44+00:00","breadcrumb":{"@id":"https:\/\/guderley.com\/?p=1410#breadcrumb"},"inLanguage":"de","potentialAction":[{"@type":"ReadAction","target":["https:\/\/guderley.com\/?p=1410"]}]},{"@type":"ImageObject","inLanguage":"de","@id":"https:\/\/guderley.com\/?p=1410#primaryimage","url":"https:\/\/i0.wp.com\/guderley.com\/wp-content\/uploads\/2012\/08\/wpid-Photo-04.08.2012-0921.jpg?fit=1024%2C768","contentUrl":"https:\/\/i0.wp.com\/guderley.com\/wp-content\/uploads\/2012\/08\/wpid-Photo-04.08.2012-0921.jpg?fit=1024%2C768","width":"1024","height":"768"},{"@type":"BreadcrumbList","@id":"https:\/\/guderley.com\/?p=1410#breadcrumb","itemListElement":[{"@type":"ListItem","position":1,"name":"Startseite","item":"https:\/\/guderley.com\/"},{"@type":"ListItem","position":2,"name":"4.8. P\u00e4rnu \/ Estland &#8211; 19. Tag &#8211; km 1656"}]},{"@type":"WebSite","@id":"https:\/\/guderley.com\/#website","url":"https:\/\/guderley.com\/","name":"G\u00fcnter's Blog","description":"Fahrrad Touren rund um die Welt","publisher":{"@id":"https:\/\/guderley.com\/#\/schema\/person\/24a827645a6fedd3481426a7028dfdcd"},"alternateName":"G\u00fcnter's Blog","potentialAction":[{"@type":"SearchAction","target":{"@type":"EntryPoint","urlTemplate":"https:\/\/guderley.com\/?s={search_term_string}"},"query-input":{"@type":"PropertyValueSpecification","valueRequired":true,"valueName":"search_term_string"}}],"inLanguage":"de"},{"@type":["Person","Organization"],"@id":"https:\/\/guderley.com\/#\/schema\/person\/24a827645a6fedd3481426a7028dfdcd","name":"guenter","image":{"@type":"ImageObject","inLanguage":"de","@id":"https:\/\/guderley.com\/#\/schema\/person\/image\/","url":"https:\/\/i0.wp.com\/guderley.com\/wp-content\/uploads\/img_8008-scaled.jpg?fit=1920%2C2560","contentUrl":"https:\/\/i0.wp.com\/guderley.com\/wp-content\/uploads\/img_8008-scaled.jpg?fit=1920%2C2560","width":1920,"height":2560,"caption":"guenter"},"logo":{"@id":"https:\/\/guderley.com\/#\/schema\/person\/image\/"},"sameAs":["http:\/\/guderley.com\/blog"],"url":"http:\/\/guderley.com\/?author=2"}]}},"jetpack_featured_media_url":"","jetpack_sharing_enabled":true,"jetpack_shortlink":"https:\/\/wp.me\/p9IuXF-mK","jetpack_likes_enabled":true,"jetpack-related-posts":[{"id":1950,"url":"http:\/\/guderley.com\/?p=1950","url_meta":{"origin":1410,"position":0},"title":"K\u00e5bdalis &#8211; Tag 26 &#8211; Freitag, 7. Juni","author":"guenter","date":"Juni 7, 2013","format":false,"excerpt":"102 km \/ 746 hm \/ 5:48 h - Gesamt 2630 km \/ 15321 hm \/ 161:09 h Intensiver Plausch beim Fr\u00fchst\u00fcck mit dem Schweizer Tandemp\u00e4rchen und dann aufs Rad und weiter nach Norden. Die Gewitterwand war schon im Westen sichtbar und sie kam ziemlich flott auf mich zu. Ich\u2026","rel":"","context":"In &quot;2013 NORDKAPP&quot;","block_context":{"text":"2013 NORDKAPP","link":"http:\/\/guderley.com\/?cat=23"},"img":{"alt_text":"","src":"https:\/\/i0.wp.com\/guderley.com\/wp-content\/uploads\/2013\/06\/wpid-Photo-07.06.2013-1611.jpg?resize=350%2C200","width":350,"height":200,"srcset":"https:\/\/i0.wp.com\/guderley.com\/wp-content\/uploads\/2013\/06\/wpid-Photo-07.06.2013-1611.jpg?resize=350%2C200 1x, https:\/\/i0.wp.com\/guderley.com\/wp-content\/uploads\/2013\/06\/wpid-Photo-07.06.2013-1611.jpg?resize=525%2C300 1.5x, https:\/\/i0.wp.com\/guderley.com\/wp-content\/uploads\/2013\/06\/wpid-Photo-07.06.2013-1611.jpg?resize=700%2C400 2x"},"classes":[]},{"id":3623,"url":"http:\/\/guderley.com\/?p=3623","url_meta":{"origin":1410,"position":1},"title":"Tag 47 &#8211; So 01.07.2018 &#8211; Depoe Bay \/ 91 km \/ Gesamt: 3407 km","author":"guenter","date":"Juli 2, 2018","format":false,"excerpt":"Als ich aufwache - Cape Lookout im totalen Nebel - es war kein richtiger Regen, aber trotzdem war das Camping-Equipment klatschnass. Wenig sp\u00e4ter war ich auch klatschnass, zum einen galt es gleich mal 300 H\u00f6henmeter zu bew\u00e4ltigen und zum anderen wurde die Brause voll aufgedreht - gottseidank nicht wirklich kalt.\u2026","rel":"","context":"In &quot;2018 ALASKA&quot;","block_context":{"text":"2018 ALASKA","link":"http:\/\/guderley.com\/?cat=28"},"img":{"alt_text":"","src":"https:\/\/i0.wp.com\/guderley.com\/wp-content\/uploads\/WhatsApp-Image-2018-07-02-at-04.25.49.jpeg?resize=350%2C200","width":350,"height":200,"srcset":"https:\/\/i0.wp.com\/guderley.com\/wp-content\/uploads\/WhatsApp-Image-2018-07-02-at-04.25.49.jpeg?resize=350%2C200 1x, https:\/\/i0.wp.com\/guderley.com\/wp-content\/uploads\/WhatsApp-Image-2018-07-02-at-04.25.49.jpeg?resize=525%2C300 1.5x, https:\/\/i0.wp.com\/guderley.com\/wp-content\/uploads\/WhatsApp-Image-2018-07-02-at-04.25.49.jpeg?resize=700%2C400 2x"},"classes":[]},{"id":5041,"url":"http:\/\/guderley.com\/?p=5041","url_meta":{"origin":1410,"position":2},"title":"MRT 2023 &#8211; 26.05. &#8211; Fr &#8211; Tag 15","author":"guenter","date":"Mai 26, 2023","format":false,"excerpt":"Keokuk IA - Hannibal MO \u2014> 116 km Gesamt: 1057 km Der Campground Hickory Haven war sehr ruhig und gem\u00fctlich. Lediglich ein gro\u00dfer Frosch hat die ganze Nacht im nahegelegenen Teich keine Ruhe gegeben. Wieder gute 15 km nach Keokuk zur\u00fcck geradelt - bisschen Irrfahrt bis ich ein offenes Caf\u00e9\u2026","rel":"","context":"In &quot;2023 MISSISSIPPI&quot;","block_context":{"text":"2023 MISSISSIPPI","link":"http:\/\/guderley.com\/?cat=34"},"img":{"alt_text":"","src":"https:\/\/i0.wp.com\/guderley.com\/wp-content\/uploads\/img_3069.jpg?fit=1200%2C899&resize=350%2C200","width":350,"height":200,"srcset":"https:\/\/i0.wp.com\/guderley.com\/wp-content\/uploads\/img_3069.jpg?fit=1200%2C899&resize=350%2C200 1x, https:\/\/i0.wp.com\/guderley.com\/wp-content\/uploads\/img_3069.jpg?fit=1200%2C899&resize=525%2C300 1.5x, https:\/\/i0.wp.com\/guderley.com\/wp-content\/uploads\/img_3069.jpg?fit=1200%2C899&resize=700%2C400 2x, https:\/\/i0.wp.com\/guderley.com\/wp-content\/uploads\/img_3069.jpg?fit=1200%2C899&resize=1050%2C600 3x"},"classes":[]},{"id":2770,"url":"http:\/\/guderley.com\/?p=2770","url_meta":{"origin":1410,"position":3},"title":"Tag 16 &#8211; Fr 12.6.2015 &#8211; 92 km  Stella Plage &#8211; Le Treport  \/  Gesamt:  1773 km","author":"guenter","date":"Juni 12, 2015","format":false,"excerpt":"Ja der Tag hat sich entwickelt - habe mir erstmal einen Kaffee gekocht und entspannt gefr\u00fchst\u00fcckt. Die Entscheidung \"Abbau\" war richtig - das Unwetter selbst war zwar einige Kilometer entfernt - aber 1 gute Stunde hat es wie aus Eimern geregnet.Um 6:30 Uhr bin ich los und nach 1 1\/2\u2026","rel":"","context":"In &quot;2015 BENELUX - FRANKREICH&quot;","block_context":{"text":"2015 BENELUX - FRANKREICH","link":"http:\/\/guderley.com\/?cat=27"},"img":{"alt_text":"","src":"https:\/\/i0.wp.com\/guderley.com\/wp-content\/uploads\/2015\/06\/wpid-Photo-12.06.2015-1537.jpg?resize=350%2C200","width":350,"height":200,"srcset":"https:\/\/i0.wp.com\/guderley.com\/wp-content\/uploads\/2015\/06\/wpid-Photo-12.06.2015-1537.jpg?resize=350%2C200 1x, https:\/\/i0.wp.com\/guderley.com\/wp-content\/uploads\/2015\/06\/wpid-Photo-12.06.2015-1537.jpg?resize=525%2C300 1.5x, https:\/\/i0.wp.com\/guderley.com\/wp-content\/uploads\/2015\/06\/wpid-Photo-12.06.2015-1537.jpg?resize=700%2C400 2x"},"classes":[]},{"id":1828,"url":"http:\/\/guderley.com\/?p=1828","url_meta":{"origin":1410,"position":4},"title":"J\u00e4ttendal  &#8211;  Tag 17  &#8211;  Mittwoch, 29. Mai","author":"guenter","date":"Mai 29, 2013","format":false,"excerpt":"119 km \/ 896 hm \/ 7:36 h - Gesamt 1843 km \/ 9905 hm \/ 111:32 Ein vollkommen trockenes Zelt einzupacken zeugt von sehr guten Wetterbedingungen. Tats\u00e4chlich strahlt die Sonne vom Himmel, bei herrlich frischer Luft. Und das Beste ist, im Moment sieht es nach dauerhaft sch\u00f6nem Wetter aus.\u2026","rel":"","context":"In &quot;2013 NORDKAPP&quot;","block_context":{"text":"2013 NORDKAPP","link":"http:\/\/guderley.com\/?cat=23"},"img":{"alt_text":"","src":"https:\/\/i0.wp.com\/guderley.com\/wp-content\/uploads\/2013\/05\/wpid-Photo-29.05.2013-20231.jpg?resize=350%2C200","width":350,"height":200,"srcset":"https:\/\/i0.wp.com\/guderley.com\/wp-content\/uploads\/2013\/05\/wpid-Photo-29.05.2013-20231.jpg?resize=350%2C200 1x, https:\/\/i0.wp.com\/guderley.com\/wp-content\/uploads\/2013\/05\/wpid-Photo-29.05.2013-20231.jpg?resize=525%2C300 1.5x, https:\/\/i0.wp.com\/guderley.com\/wp-content\/uploads\/2013\/05\/wpid-Photo-29.05.2013-20231.jpg?resize=700%2C400 2x"},"classes":[]},{"id":2237,"url":"http:\/\/guderley.com\/?p=2237","url_meta":{"origin":1410,"position":5},"title":"12. Nov. 2014 &#8211; Mi &#8211; Bariloche","author":"guenter","date":"November 12, 2014","format":false,"excerpt":"Das tat sehr gut nach der Nacht im Flieger in einem bequemen Bett zu liegen. Ich habe sehr gut geschlafen, allerdings bin ich noch im Europa-Modus, um 4:00 Uhr Ortszeit war die Nacht zu Ende. Das gab mir die Gelegenheit einen - farblich gesehen - mega-kitschigen Sonnenaufgang \u00fcber dem See\u2026","rel":"","context":"In &quot;2014 PATAGONIEN&quot;","block_context":{"text":"2014 PATAGONIEN","link":"http:\/\/guderley.com\/?cat=26"},"img":{"alt_text":"Mit Blogsy ver\u00f6ffentlicht","src":"https:\/\/i0.wp.com\/blogsyapp.com\/images\/blogsy_footer_icon.png?resize=350%2C200","width":350,"height":200},"classes":[]}],"_links":{"self":[{"href":"http:\/\/guderley.com\/index.php?rest_route=\/wp\/v2\/posts\/1410","targetHints":{"allow":["GET"]}}],"collection":[{"href":"http:\/\/guderley.com\/index.php?rest_route=\/wp\/v2\/posts"}],"about":[{"href":"http:\/\/guderley.com\/index.php?rest_route=\/wp\/v2\/types\/post"}],"author":[{"embeddable":true,"href":"http:\/\/guderley.com\/index.php?rest_route=\/wp\/v2\/users\/2"}],"replies":[{"embeddable":true,"href":"http:\/\/guderley.com\/index.php?rest_route=%2Fwp%2Fv2%2Fcomments&post=1410"}],"version-history":[{"count":2,"href":"http:\/\/guderley.com\/index.php?rest_route=\/wp\/v2\/posts\/1410\/revisions"}],"predecessor-version":[{"id":1415,"href":"http:\/\/guderley.com\/index.php?rest_route=\/wp\/v2\/posts\/1410\/revisions\/1415"}],"wp:attachment":[{"href":"http:\/\/guderley.com\/index.php?rest_route=%2Fwp%2Fv2%2Fmedia&parent=1410"}],"wp:term":[{"taxonomy":"category","embeddable":true,"href":"http:\/\/guderley.com\/index.php?rest_route=%2Fwp%2Fv2%2Fcategories&post=1410"},{"taxonomy":"post_tag","embeddable":true,"href":"http:\/\/guderley.com\/index.php?rest_route=%2Fwp%2Fv2%2Ftags&post=1410"}],"curies":[{"name":"wp","href":"https:\/\/api.w.org\/{rel}","templated":true}]}}