{"id":1405,"date":"2012-08-04T08:45:38","date_gmt":"2012-08-04T07:45:38","guid":{"rendered":"http:\/\/guderley.com\/?p=1405"},"modified":"2012-08-04T08:56:45","modified_gmt":"2012-08-04T07:56:45","slug":"3-8-varbla-estland-18-tag-1577","status":"publish","type":"post","link":"http:\/\/guderley.com\/?p=1405","title":{"rendered":"3.8.  Varbla \/ Estland &#8211; 18. Tag &#8211; 1577"},"content":{"rendered":"<p>Ich starte gem\u00fctlich in einen langen Radtag. Kuressare ist ein wirkliches Kleinod, dominiert von der m\u00e4chtigen Ordensburg und nat\u00fcrlich dem kleinen Hafen.<\/p>\n<div class=\"separator\" style=\"clear: both; text-align: center;\"><a href=\"https:\/\/i0.wp.com\/guderley.com\/wp-content\/uploads\/2012\/08\/wpid-Photo-03.08.2012-0929.jpg\" target=\"_blank\" style=\"margin-left: 1em; margin-right: 1em;\"><img data-recalc-dims=\"1\" decoding=\"async\" src=\"https:\/\/i0.wp.com\/guderley.com\/wp-content\/uploads\/2012\/08\/wpid-Photo-03.08.2012-0929.jpg?resize=500%2C375\" id=\"blogsy-1344067058382.974\" class=\"aligncenter\" width=\"500\" height=\"375\" alt=\"\"><\/a><\/div>\n<p>Mein Weg f\u00fchrt mich ins Innere der Insel, wo ich, den neben Tallinn wohl meist besuchtesten Ort in Estland anfahre. In Kaali gibt es mehrere ca. 4000 Jahre alte Meteoritenkrater zu sehen, vor allem der Hauptkrater ist schon beeindruckend.<\/p>\n<div class=\"separator\" style=\"clear: both; text-align: center;\"><a href=\"https:\/\/i0.wp.com\/guderley.com\/wp-content\/uploads\/2012\/08\/wpid-Photo-03.08.2012-11421.jpg\" target=\"_blank\" style=\"margin-left: 1em; margin-right: 1em;\"><img data-recalc-dims=\"1\" decoding=\"async\" src=\"https:\/\/i0.wp.com\/guderley.com\/wp-content\/uploads\/2012\/08\/wpid-Photo-03.08.2012-11421.jpg?resize=500%2C375\" id=\"blogsy-1344067058436.5476\" class=\"aligncenter\" width=\"500\" height=\"375\" alt=\"\"><\/a><\/div>\n<p>Das Wetter ist etwas zwiesp\u00e4ltig, es begleiten mich andauernd drohende dunkle Wolken, auch wenn es zun\u00e4chst trocken und sonnig bleibt.<\/p>\n<p>Am Nachmittag erreiche ich den 3 km langen Damm der die Inseln Saarema und Muhu verbindet. In Muhu g\u00f6nne ich mir ein reichlich sp\u00e4tes Mittagessen. Am S\u00fcdrand von Muhu liegt das wohl sch\u00f6nste Herrenhaus von ganz Estland &#8211; P\u00e4daste -. Wunderbar restauriert beherbergt es heute ein erstklassiges Hotel und ein Restaurant der Spitzengastronomie. Ich spiele kurz mit dem Gedanken hier zu \u00fcbernachten, schrecke jedoch vor dem genannten Zimmerpreis von 230 Euro zur\u00fcck.<\/p>\n<div class=\"separator\" style=\"clear: both; text-align: center;\"><a href=\"https:\/\/i0.wp.com\/guderley.com\/wp-content\/uploads\/2012\/08\/wpid-Photo-03.08.2012-17191.jpg\" target=\"_blank\" style=\"margin-left: 1em; margin-right: 1em;\"><img data-recalc-dims=\"1\" decoding=\"async\" src=\"https:\/\/i0.wp.com\/guderley.com\/wp-content\/uploads\/2012\/08\/wpid-Photo-03.08.2012-17191.jpg?resize=500%2C375\" id=\"blogsy-1344067058391.3823\" class=\"aligncenter\" width=\"500\" height=\"375\" alt=\"\"><\/a><\/div>\n<p>Um 18 Uhr erreiche ich die F\u00e4hre aufs Festland nach Virtsu. Ich besorge mir ein wenig Verpflegung f\u00fcr eine Nacht im Zelt und beschlie\u00dfe bis ca. 21Uhr zu fahren. Hinter Virtsu beginnt ein sehr weitl\u00e4ufiges Naturschutzgebiet mit extrem d\u00fcnner Besiedlung. <\/p>\n<div class=\"separator\" style=\"clear: both; text-align: center;\"><a href=\"https:\/\/i0.wp.com\/guderley.com\/wp-content\/uploads\/2012\/08\/wpid-Photo-03.08.2012-17541.jpg\" target=\"_blank\" style=\"margin-left: 1em; margin-right: 1em;\"><img data-recalc-dims=\"1\" decoding=\"async\" src=\"https:\/\/i0.wp.com\/guderley.com\/wp-content\/uploads\/2012\/08\/wpid-Photo-03.08.2012-17541.jpg?resize=500%2C375\" id=\"blogsy-1344067058445.8464\" class=\"aligncenter\" width=\"500\" height=\"375\" alt=\"\"><\/a><\/div>\n<p>Gerade hier \u00fcberstehe ich nur knapp unbeschadet meine erste Hundeattacke auf dieser Tour. Ein ziemlich &#8222;gro\u00dfes Ger\u00e4t&#8220; schoss aus einem Hof auf mich zu, ich bin so erschrocken \u00fcber diesen Angriff, dass ich den Hund maximal anschreie und mit einem olympiareifen Spurt aus seinem Territorium verschwinde.<\/p>\n<p>Ich finde einen netten kleinen Bauernhof f\u00fcr die Nacht. Die Tochter der Eigent\u00fcmer ist zu Besuch, sie lebt in Liverpool, spricht ausgezeichnet Englisch und so kommt es zu einem langen Gespr\u00e4ch \u00fcber das Leben hier im S\u00fcdwesten Estlands.<\/p>\n<div class=\"separator\" style=\"clear: both; text-align: center;\"><a href=\"https:\/\/i0.wp.com\/guderley.com\/wp-content\/uploads\/2012\/08\/wpid-Photo-03.08.2012-21431.jpg\" target=\"_blank\" style=\"margin-left: 1em; margin-right: 1em;\"><img data-recalc-dims=\"1\" decoding=\"async\" src=\"https:\/\/i0.wp.com\/guderley.com\/wp-content\/uploads\/2012\/08\/wpid-Photo-03.08.2012-21431.jpg?resize=500%2C375\" id=\"blogsy-1344067058396.1216\" class=\"aligncenter\" width=\"500\" height=\"375\" alt=\"\"><\/a><\/div>\n<p>Gegen Mitternacht wird es ziemlich ungem\u00fctlich, da die drohenden Gewitter sich jetzt ziemlich heftig entladen. Mein Zelt h\u00e4lt dem starken Regen stand, allerdings schlafe ich diesmal nicht wirklich gut.<\/p>\n<p>Am Morgen kommt nochmal eine gewaltige Front und ich habe schon ein bisschen Bammel in meinem Zeltchen. Der n\u00e4heste &#8222;Einschlag&#8220; war aber dann doch gut 1 km entfernt. Geknallt hat es trotzdem ganz furchtbar.<\/p>\n<p>Nachdem der Regen sp\u00e4ter etwas nachlie\u00df, habe ich das ganze Ger\u00f6del ziemlich nass eingepackt und mich auf den Weg nach P\u00e4rnu gemacht.<\/p>\n<p>&nbsp;<\/p>\n<div style=\"text-align: right; font-size: small; clear: both;\" id=\"blogsy_footer\"><a href=\"http:\/\/blogsyapp.com\" target=\"_blank\"><img data-recalc-dims=\"1\" decoding=\"async\" src=\"https:\/\/i0.wp.com\/blogsyapp.com\/images\/blogsy_footer_icon.png?resize=20%2C20\" alt=\"Mit Blogsy ver\u00f6ffentlicht\" style=\"vertical-align: middle; margin-right: 5px;\" width=\"20\" height=\"20\" \/>Mit Blogsy ver\u00f6ffentlicht<\/a><\/div>\n","protected":false},"excerpt":{"rendered":"<p>Ich starte gem\u00fctlich in einen langen Radtag. Kuressare ist ein wirkliches Kleinod, dominiert von der m\u00e4chtigen Ordensburg und nat\u00fcrlich dem kleinen Hafen. Mein Weg f\u00fchrt mich ins Innere der Insel, wo ich, den neben Tallinn wohl meist besuchtesten Ort in Estland anfahre. In Kaali gibt es mehrere ca. 4000 Jahre alte Meteoritenkrater zu sehen, vor [&hellip;]<\/p>\n","protected":false},"author":2,"featured_media":0,"comment_status":"open","ping_status":"open","sticky":false,"template":"","format":"standard","meta":{"_jetpack_newsletter_access":"","_jetpack_dont_email_post_to_subs":false,"_jetpack_newsletter_tier_id":0,"_jetpack_memberships_contains_paywalled_content":false,"_jetpack_memberships_contains_paid_content":false,"footnotes":""},"categories":[22],"tags":[],"class_list":["post-1405","post","type-post","status-publish","format-standard","hentry","category-baltikum-2012"],"yoast_head":"<!-- This site is optimized with the Yoast SEO plugin v25.8 - https:\/\/yoast.com\/wordpress\/plugins\/seo\/ -->\n<title>3.8. Varbla \/ Estland - 18. Tag - 1577 - G\u00fcnter&#039;s Blog<\/title>\n<meta name=\"robots\" content=\"index, follow, max-snippet:-1, max-image-preview:large, max-video-preview:-1\" \/>\n<link rel=\"canonical\" href=\"http:\/\/guderley.com\/?p=1405\" \/>\n<meta property=\"og:locale\" content=\"de_DE\" \/>\n<meta property=\"og:type\" content=\"article\" \/>\n<meta property=\"og:title\" content=\"3.8. Varbla \/ Estland - 18. Tag - 1577 - G\u00fcnter&#039;s Blog\" \/>\n<meta property=\"og:description\" content=\"Ich starte gem\u00fctlich in einen langen Radtag. Kuressare ist ein wirkliches Kleinod, dominiert von der m\u00e4chtigen Ordensburg und nat\u00fcrlich dem kleinen Hafen. Mein Weg f\u00fchrt mich ins Innere der Insel, wo ich, den neben Tallinn wohl meist besuchtesten Ort in Estland anfahre. In Kaali gibt es mehrere ca. 4000 Jahre alte Meteoritenkrater zu sehen, vor [&hellip;]\" \/>\n<meta property=\"og:url\" content=\"http:\/\/guderley.com\/?p=1405\" \/>\n<meta property=\"og:site_name\" content=\"G\u00fcnter&#039;s Blog\" \/>\n<meta property=\"article:published_time\" content=\"2012-08-04T07:45:38+00:00\" \/>\n<meta property=\"article:modified_time\" content=\"2012-08-04T07:56:45+00:00\" \/>\n<meta property=\"og:image\" content=\"http:\/\/guderley.com\/wp-content\/uploads\/2012\/08\/wpid-Photo-03.08.2012-0929.jpg\" \/>\n<meta name=\"author\" content=\"guenter\" \/>\n<meta name=\"twitter:card\" content=\"summary_large_image\" \/>\n<meta name=\"twitter:label1\" content=\"Verfasst von\" \/>\n\t<meta name=\"twitter:data1\" content=\"guenter\" \/>\n\t<meta name=\"twitter:label2\" content=\"Gesch\u00e4tzte Lesezeit\" \/>\n\t<meta name=\"twitter:data2\" content=\"2\u00a0Minuten\" \/>\n<script type=\"application\/ld+json\" class=\"yoast-schema-graph\">{\"@context\":\"https:\/\/schema.org\",\"@graph\":[{\"@type\":\"Article\",\"@id\":\"http:\/\/guderley.com\/?p=1405#article\",\"isPartOf\":{\"@id\":\"http:\/\/guderley.com\/?p=1405\"},\"author\":{\"name\":\"guenter\",\"@id\":\"https:\/\/guderley.com\/#\/schema\/person\/24a827645a6fedd3481426a7028dfdcd\"},\"headline\":\"3.8. Varbla \/ Estland &#8211; 18. Tag &#8211; 1577\",\"datePublished\":\"2012-08-04T07:45:38+00:00\",\"dateModified\":\"2012-08-04T07:56:45+00:00\",\"mainEntityOfPage\":{\"@id\":\"http:\/\/guderley.com\/?p=1405\"},\"wordCount\":396,\"commentCount\":1,\"publisher\":{\"@id\":\"https:\/\/guderley.com\/#\/schema\/person\/24a827645a6fedd3481426a7028dfdcd\"},\"image\":{\"@id\":\"http:\/\/guderley.com\/?p=1405#primaryimage\"},\"thumbnailUrl\":\"http:\/\/guderley.com\/wp-content\/uploads\/2012\/08\/wpid-Photo-03.08.2012-0929.jpg\",\"articleSection\":[\"2012 BALTIKUM\"],\"inLanguage\":\"de\",\"potentialAction\":[{\"@type\":\"CommentAction\",\"name\":\"Comment\",\"target\":[\"http:\/\/guderley.com\/?p=1405#respond\"]}]},{\"@type\":\"WebPage\",\"@id\":\"http:\/\/guderley.com\/?p=1405\",\"url\":\"http:\/\/guderley.com\/?p=1405\",\"name\":\"3.8. Varbla \/ Estland - 18. Tag - 1577 - G\u00fcnter&#039;s Blog\",\"isPartOf\":{\"@id\":\"https:\/\/guderley.com\/#website\"},\"primaryImageOfPage\":{\"@id\":\"http:\/\/guderley.com\/?p=1405#primaryimage\"},\"image\":{\"@id\":\"http:\/\/guderley.com\/?p=1405#primaryimage\"},\"thumbnailUrl\":\"http:\/\/guderley.com\/wp-content\/uploads\/2012\/08\/wpid-Photo-03.08.2012-0929.jpg\",\"datePublished\":\"2012-08-04T07:45:38+00:00\",\"dateModified\":\"2012-08-04T07:56:45+00:00\",\"breadcrumb\":{\"@id\":\"http:\/\/guderley.com\/?p=1405#breadcrumb\"},\"inLanguage\":\"de\",\"potentialAction\":[{\"@type\":\"ReadAction\",\"target\":[\"http:\/\/guderley.com\/?p=1405\"]}]},{\"@type\":\"ImageObject\",\"inLanguage\":\"de\",\"@id\":\"http:\/\/guderley.com\/?p=1405#primaryimage\",\"url\":\"https:\/\/i0.wp.com\/guderley.com\/wp-content\/uploads\/2012\/08\/wpid-Photo-03.08.2012-0929.jpg?fit=1024%2C768\",\"contentUrl\":\"https:\/\/i0.wp.com\/guderley.com\/wp-content\/uploads\/2012\/08\/wpid-Photo-03.08.2012-0929.jpg?fit=1024%2C768\",\"width\":\"1024\",\"height\":\"768\"},{\"@type\":\"BreadcrumbList\",\"@id\":\"http:\/\/guderley.com\/?p=1405#breadcrumb\",\"itemListElement\":[{\"@type\":\"ListItem\",\"position\":1,\"name\":\"Startseite\",\"item\":\"https:\/\/guderley.com\/\"},{\"@type\":\"ListItem\",\"position\":2,\"name\":\"3.8. Varbla \/ Estland &#8211; 18. Tag &#8211; 1577\"}]},{\"@type\":\"WebSite\",\"@id\":\"https:\/\/guderley.com\/#website\",\"url\":\"https:\/\/guderley.com\/\",\"name\":\"G\u00fcnter's Blog\",\"description\":\"Fahrrad Touren rund um die Welt\",\"publisher\":{\"@id\":\"https:\/\/guderley.com\/#\/schema\/person\/24a827645a6fedd3481426a7028dfdcd\"},\"alternateName\":\"G\u00fcnter's Blog\",\"potentialAction\":[{\"@type\":\"SearchAction\",\"target\":{\"@type\":\"EntryPoint\",\"urlTemplate\":\"https:\/\/guderley.com\/?s={search_term_string}\"},\"query-input\":{\"@type\":\"PropertyValueSpecification\",\"valueRequired\":true,\"valueName\":\"search_term_string\"}}],\"inLanguage\":\"de\"},{\"@type\":[\"Person\",\"Organization\"],\"@id\":\"https:\/\/guderley.com\/#\/schema\/person\/24a827645a6fedd3481426a7028dfdcd\",\"name\":\"guenter\",\"image\":{\"@type\":\"ImageObject\",\"inLanguage\":\"de\",\"@id\":\"https:\/\/guderley.com\/#\/schema\/person\/image\/\",\"url\":\"https:\/\/i0.wp.com\/guderley.com\/wp-content\/uploads\/img_8008-scaled.jpg?fit=1920%2C2560\",\"contentUrl\":\"https:\/\/i0.wp.com\/guderley.com\/wp-content\/uploads\/img_8008-scaled.jpg?fit=1920%2C2560\",\"width\":1920,\"height\":2560,\"caption\":\"guenter\"},\"logo\":{\"@id\":\"https:\/\/guderley.com\/#\/schema\/person\/image\/\"},\"sameAs\":[\"http:\/\/guderley.com\/blog\"],\"url\":\"http:\/\/guderley.com\/?author=2\"}]}<\/script>\n<!-- \/ Yoast SEO plugin. -->","yoast_head_json":{"title":"3.8. Varbla \/ Estland - 18. Tag - 1577 - G\u00fcnter&#039;s Blog","robots":{"index":"index","follow":"follow","max-snippet":"max-snippet:-1","max-image-preview":"max-image-preview:large","max-video-preview":"max-video-preview:-1"},"canonical":"http:\/\/guderley.com\/?p=1405","og_locale":"de_DE","og_type":"article","og_title":"3.8. Varbla \/ Estland - 18. Tag - 1577 - G\u00fcnter&#039;s Blog","og_description":"Ich starte gem\u00fctlich in einen langen Radtag. Kuressare ist ein wirkliches Kleinod, dominiert von der m\u00e4chtigen Ordensburg und nat\u00fcrlich dem kleinen Hafen. Mein Weg f\u00fchrt mich ins Innere der Insel, wo ich, den neben Tallinn wohl meist besuchtesten Ort in Estland anfahre. In Kaali gibt es mehrere ca. 4000 Jahre alte Meteoritenkrater zu sehen, vor [&hellip;]","og_url":"http:\/\/guderley.com\/?p=1405","og_site_name":"G\u00fcnter&#039;s Blog","article_published_time":"2012-08-04T07:45:38+00:00","article_modified_time":"2012-08-04T07:56:45+00:00","og_image":[{"url":"http:\/\/guderley.com\/wp-content\/uploads\/2012\/08\/wpid-Photo-03.08.2012-0929.jpg","type":"","width":"","height":""}],"author":"guenter","twitter_card":"summary_large_image","twitter_misc":{"Verfasst von":"guenter","Gesch\u00e4tzte Lesezeit":"2\u00a0Minuten"},"schema":{"@context":"https:\/\/schema.org","@graph":[{"@type":"Article","@id":"http:\/\/guderley.com\/?p=1405#article","isPartOf":{"@id":"http:\/\/guderley.com\/?p=1405"},"author":{"name":"guenter","@id":"https:\/\/guderley.com\/#\/schema\/person\/24a827645a6fedd3481426a7028dfdcd"},"headline":"3.8. Varbla \/ Estland &#8211; 18. Tag &#8211; 1577","datePublished":"2012-08-04T07:45:38+00:00","dateModified":"2012-08-04T07:56:45+00:00","mainEntityOfPage":{"@id":"http:\/\/guderley.com\/?p=1405"},"wordCount":396,"commentCount":1,"publisher":{"@id":"https:\/\/guderley.com\/#\/schema\/person\/24a827645a6fedd3481426a7028dfdcd"},"image":{"@id":"http:\/\/guderley.com\/?p=1405#primaryimage"},"thumbnailUrl":"http:\/\/guderley.com\/wp-content\/uploads\/2012\/08\/wpid-Photo-03.08.2012-0929.jpg","articleSection":["2012 BALTIKUM"],"inLanguage":"de","potentialAction":[{"@type":"CommentAction","name":"Comment","target":["http:\/\/guderley.com\/?p=1405#respond"]}]},{"@type":"WebPage","@id":"http:\/\/guderley.com\/?p=1405","url":"http:\/\/guderley.com\/?p=1405","name":"3.8. Varbla \/ Estland - 18. Tag - 1577 - G\u00fcnter&#039;s Blog","isPartOf":{"@id":"https:\/\/guderley.com\/#website"},"primaryImageOfPage":{"@id":"http:\/\/guderley.com\/?p=1405#primaryimage"},"image":{"@id":"http:\/\/guderley.com\/?p=1405#primaryimage"},"thumbnailUrl":"http:\/\/guderley.com\/wp-content\/uploads\/2012\/08\/wpid-Photo-03.08.2012-0929.jpg","datePublished":"2012-08-04T07:45:38+00:00","dateModified":"2012-08-04T07:56:45+00:00","breadcrumb":{"@id":"http:\/\/guderley.com\/?p=1405#breadcrumb"},"inLanguage":"de","potentialAction":[{"@type":"ReadAction","target":["http:\/\/guderley.com\/?p=1405"]}]},{"@type":"ImageObject","inLanguage":"de","@id":"http:\/\/guderley.com\/?p=1405#primaryimage","url":"https:\/\/i0.wp.com\/guderley.com\/wp-content\/uploads\/2012\/08\/wpid-Photo-03.08.2012-0929.jpg?fit=1024%2C768","contentUrl":"https:\/\/i0.wp.com\/guderley.com\/wp-content\/uploads\/2012\/08\/wpid-Photo-03.08.2012-0929.jpg?fit=1024%2C768","width":"1024","height":"768"},{"@type":"BreadcrumbList","@id":"http:\/\/guderley.com\/?p=1405#breadcrumb","itemListElement":[{"@type":"ListItem","position":1,"name":"Startseite","item":"https:\/\/guderley.com\/"},{"@type":"ListItem","position":2,"name":"3.8. Varbla \/ Estland &#8211; 18. Tag &#8211; 1577"}]},{"@type":"WebSite","@id":"https:\/\/guderley.com\/#website","url":"https:\/\/guderley.com\/","name":"G\u00fcnter's Blog","description":"Fahrrad Touren rund um die Welt","publisher":{"@id":"https:\/\/guderley.com\/#\/schema\/person\/24a827645a6fedd3481426a7028dfdcd"},"alternateName":"G\u00fcnter's Blog","potentialAction":[{"@type":"SearchAction","target":{"@type":"EntryPoint","urlTemplate":"https:\/\/guderley.com\/?s={search_term_string}"},"query-input":{"@type":"PropertyValueSpecification","valueRequired":true,"valueName":"search_term_string"}}],"inLanguage":"de"},{"@type":["Person","Organization"],"@id":"https:\/\/guderley.com\/#\/schema\/person\/24a827645a6fedd3481426a7028dfdcd","name":"guenter","image":{"@type":"ImageObject","inLanguage":"de","@id":"https:\/\/guderley.com\/#\/schema\/person\/image\/","url":"https:\/\/i0.wp.com\/guderley.com\/wp-content\/uploads\/img_8008-scaled.jpg?fit=1920%2C2560","contentUrl":"https:\/\/i0.wp.com\/guderley.com\/wp-content\/uploads\/img_8008-scaled.jpg?fit=1920%2C2560","width":1920,"height":2560,"caption":"guenter"},"logo":{"@id":"https:\/\/guderley.com\/#\/schema\/person\/image\/"},"sameAs":["http:\/\/guderley.com\/blog"],"url":"http:\/\/guderley.com\/?author=2"}]}},"jetpack_featured_media_url":"","jetpack_sharing_enabled":true,"jetpack_shortlink":"https:\/\/wp.me\/p9IuXF-mF","jetpack_likes_enabled":true,"jetpack-related-posts":[{"id":1613,"url":"http:\/\/guderley.com\/?p=1613","url_meta":{"origin":1405,"position":0},"title":"25.8.  Fazit Sommertour 2012","author":"guenter","date":"August 25, 2012","format":false,"excerpt":"Es ist wie immer ein komisches Gef\u00fchl, wenn etwas, was einen sehr lange besch\u00e4ftigt hat im Vorfeld, pl\u00f6tzlich Vergangenheit ist.Ich habe insgesamt vierzig sehr intensive Tage erlebt und dabei nie das Gef\u00fchl von Langeweile oder gar Einsamkeit gehabt.Meine Erwartungen an L\u00e4nder, St\u00e4dte, Menschen und Landschaften wurden in gro\u00dfem Ma\u00dfe erf\u00fcllt.\u2026","rel":"","context":"In &quot;2012 BALTIKUM&quot;","block_context":{"text":"2012 BALTIKUM","link":"http:\/\/guderley.com\/?cat=22"},"img":{"alt_text":"Mit Blogsy ver\u00f6ffentlicht","src":"https:\/\/i0.wp.com\/blogsyapp.com\/images\/blogsy_footer_icon.png?resize=350%2C200","width":350,"height":200},"classes":[]},{"id":1306,"url":"http:\/\/guderley.com\/?p=1306","url_meta":{"origin":1405,"position":1},"title":"24.7.  Kauksi \/ Estland &#8211; 8. Tag &#8211; 602 km","author":"guenter","date":"Juli 25, 2012","format":false,"excerpt":"Es sollte ein sehr langer Radtag werden, das wusste ich allerdings morgens um 8 Uhr vor der be\u00fchmten Festung in Narva noch nicht. Es hatte die ganze Nacht m\u00e4chtig geregnet aber p\u00fcnktlich um 6 Uhr h\u00f6rte es auf. Frohen Mutes machte ich mich auf den Weg zur\u00fcck. Ich musste etwa\u2026","rel":"","context":"In &quot;2012 BALTIKUM&quot;","block_context":{"text":"2012 BALTIKUM","link":"http:\/\/guderley.com\/?cat=22"},"img":{"alt_text":"","src":"https:\/\/i0.wp.com\/guderley.com\/wp-content\/uploads\/2012\/07\/wpid-Photo-24.07.2012-1923.jpg?resize=350%2C200","width":350,"height":200,"srcset":"https:\/\/i0.wp.com\/guderley.com\/wp-content\/uploads\/2012\/07\/wpid-Photo-24.07.2012-1923.jpg?resize=350%2C200 1x, https:\/\/i0.wp.com\/guderley.com\/wp-content\/uploads\/2012\/07\/wpid-Photo-24.07.2012-1923.jpg?resize=525%2C300 1.5x, https:\/\/i0.wp.com\/guderley.com\/wp-content\/uploads\/2012\/07\/wpid-Photo-24.07.2012-1923.jpg?resize=700%2C400 2x"},"classes":[]},{"id":1416,"url":"http:\/\/guderley.com\/?p=1416","url_meta":{"origin":1405,"position":2},"title":"5.8. Saulkrasti \/ Lettland &#8211; 20. Tag &#8211; km 1797","author":"guenter","date":"August 5, 2012","format":false,"excerpt":"Gegen acht Uhr trinke ich zusammen mit der Vermieterin einen Kaffee und mache mich auf den Weg zu einem erneuten Transfertag, d.h. das Ziel ist m\u00f6glichst weit an Riga heranzufahren, leider sind dabei viele Kilometer auf der A 1 zu fahren, dass ist die Hauptverbindung zwischen Tallinn und Riga. Die\u2026","rel":"","context":"In &quot;2012 BALTIKUM&quot;","block_context":{"text":"2012 BALTIKUM","link":"http:\/\/guderley.com\/?cat=22"},"img":{"alt_text":"","src":"https:\/\/i0.wp.com\/guderley.com\/wp-content\/uploads\/2012\/08\/wpid-Photo-05.08.2012-0844.jpg?resize=350%2C200","width":350,"height":200,"srcset":"https:\/\/i0.wp.com\/guderley.com\/wp-content\/uploads\/2012\/08\/wpid-Photo-05.08.2012-0844.jpg?resize=350%2C200 1x, https:\/\/i0.wp.com\/guderley.com\/wp-content\/uploads\/2012\/08\/wpid-Photo-05.08.2012-0844.jpg?resize=525%2C300 1.5x, https:\/\/i0.wp.com\/guderley.com\/wp-content\/uploads\/2012\/08\/wpid-Photo-05.08.2012-0844.jpg?resize=700%2C400 2x"},"classes":[]},{"id":1341,"url":"http:\/\/guderley.com\/?p=1341","url_meta":{"origin":1405,"position":3},"title":"28.7.  Tallinn \/ Estland &#8211; 12. Tag &#8211; 963 km","author":"guenter","date":"Juli 28, 2012","format":false,"excerpt":"Das Fr\u00fchst\u00fcck in der \"Jugendherberge\" war sehr ordentlich. Nachts war es mal ein bisschen laut, aber ich war ziemlich m\u00fcde und habe sehr gut geschlafen.Kurz nach 8:00 Uhr sa\u00df ich auf dem Rad und bin ganz locker los gerollt. Nach ca. acht Kilometern h\u00e4tte es noch eine \u00dcbernachtungsalternative zu gestern\u2026","rel":"","context":"In &quot;2012 BALTIKUM&quot;","block_context":{"text":"2012 BALTIKUM","link":"http:\/\/guderley.com\/?cat=22"},"img":{"alt_text":"","src":"https:\/\/i0.wp.com\/guderley.com\/wp-content\/uploads\/2012\/07\/wpid-Photo-28.07.2012-1910.jpg?resize=350%2C200","width":350,"height":200,"srcset":"https:\/\/i0.wp.com\/guderley.com\/wp-content\/uploads\/2012\/07\/wpid-Photo-28.07.2012-1910.jpg?resize=350%2C200 1x, https:\/\/i0.wp.com\/guderley.com\/wp-content\/uploads\/2012\/07\/wpid-Photo-28.07.2012-1910.jpg?resize=525%2C300 1.5x, https:\/\/i0.wp.com\/guderley.com\/wp-content\/uploads\/2012\/07\/wpid-Photo-28.07.2012-1910.jpg?resize=700%2C400 2x"},"classes":[]},{"id":1362,"url":"http:\/\/guderley.com\/?p=1362","url_meta":{"origin":1405,"position":4},"title":"31.7. Haapsalu \/ Estland &#8211; 15. Tag &#8211; 1200 km","author":"guenter","date":"Juli 31, 2012","format":false,"excerpt":"Ja und es blieb trocken. Ich habe in einem riesigen Kiefernwald mit dem Meeresrauschen im Ohr tief und fest geschlafen. Ich gebe zu, das klingt kitschig ist aber die Wahrheit.Beim Losfahren ist mir dann so durch den Kopf gegangen, jetzt ist der Juli schon rum !, allerdings liegt noch der\u2026","rel":"","context":"In &quot;2012 BALTIKUM&quot;","block_context":{"text":"2012 BALTIKUM","link":"http:\/\/guderley.com\/?cat=22"},"img":{"alt_text":"","src":"https:\/\/i0.wp.com\/guderley.com\/wp-content\/uploads\/2012\/07\/wpid-Photo-31.07.2012-1227.jpg?resize=350%2C200","width":350,"height":200,"srcset":"https:\/\/i0.wp.com\/guderley.com\/wp-content\/uploads\/2012\/07\/wpid-Photo-31.07.2012-1227.jpg?resize=350%2C200 1x, https:\/\/i0.wp.com\/guderley.com\/wp-content\/uploads\/2012\/07\/wpid-Photo-31.07.2012-1227.jpg?resize=525%2C300 1.5x, https:\/\/i0.wp.com\/guderley.com\/wp-content\/uploads\/2012\/07\/wpid-Photo-31.07.2012-1227.jpg?resize=700%2C400 2x"},"classes":[]},{"id":1353,"url":"http:\/\/guderley.com\/?p=1353","url_meta":{"origin":1405,"position":5},"title":"29.7.  Tallinn \/ Estland &#8211; 13. Tag &#8211; Ruhetag","author":"guenter","date":"Juli 29, 2012","format":false,"excerpt":"Der heutige Ruhetag bietet sich an, mal so einige Wahrnehmungen aus Sicht eines fahrradfahrenden Ausl\u00e4nders aufzuschreiben:Zu allererst das M\u00e4rchen von den \"Sch\u00f6nsten Frauen Europas. Also es gibt sicher viele attraktive Frauen hier, aber die sind auch nicht sch\u00f6ner als bei uns oder in anderen L\u00e4ndern Europas.Die Esten sind wohl das\u2026","rel":"","context":"In &quot;2012 BALTIKUM&quot;","block_context":{"text":"2012 BALTIKUM","link":"http:\/\/guderley.com\/?cat=22"},"img":{"alt_text":"Mit Blogsy ver\u00f6ffentlicht","src":"https:\/\/i0.wp.com\/blogsyapp.com\/images\/blogsy_footer_icon.png?resize=350%2C200","width":350,"height":200},"classes":[]}],"_links":{"self":[{"href":"http:\/\/guderley.com\/index.php?rest_route=\/wp\/v2\/posts\/1405","targetHints":{"allow":["GET"]}}],"collection":[{"href":"http:\/\/guderley.com\/index.php?rest_route=\/wp\/v2\/posts"}],"about":[{"href":"http:\/\/guderley.com\/index.php?rest_route=\/wp\/v2\/types\/post"}],"author":[{"embeddable":true,"href":"http:\/\/guderley.com\/index.php?rest_route=\/wp\/v2\/users\/2"}],"replies":[{"embeddable":true,"href":"http:\/\/guderley.com\/index.php?rest_route=%2Fwp%2Fv2%2Fcomments&post=1405"}],"version-history":[{"count":1,"href":"http:\/\/guderley.com\/index.php?rest_route=\/wp\/v2\/posts\/1405\/revisions"}],"predecessor-version":[{"id":1406,"href":"http:\/\/guderley.com\/index.php?rest_route=\/wp\/v2\/posts\/1405\/revisions\/1406"}],"wp:attachment":[{"href":"http:\/\/guderley.com\/index.php?rest_route=%2Fwp%2Fv2%2Fmedia&parent=1405"}],"wp:term":[{"taxonomy":"category","embeddable":true,"href":"http:\/\/guderley.com\/index.php?rest_route=%2Fwp%2Fv2%2Fcategories&post=1405"},{"taxonomy":"post_tag","embeddable":true,"href":"http:\/\/guderley.com\/index.php?rest_route=%2Fwp%2Fv2%2Ftags&post=1405"}],"curies":[{"name":"wp","href":"https:\/\/api.w.org\/{rel}","templated":true}]}}