{"id":1387,"date":"2012-08-02T21:12:20","date_gmt":"2012-08-02T20:12:20","guid":{"rendered":"http:\/\/guderley.com\/?p=1387"},"modified":"2012-08-02T21:16:16","modified_gmt":"2012-08-02T20:16:16","slug":"2-8-insel-saaremaa-estland-17-tag-1435-km","status":"publish","type":"post","link":"http:\/\/guderley.com\/?p=1387","title":{"rendered":"2.8.  Insel Saaremaa \/ Estland &#8211; 17. Tag &#8211; 1435 km"},"content":{"rendered":"<p>Also ganz ehrlich, die Insel ist der Hammer, soviel traumhafte Natur und Landschaft das ist echt der Wahnsinn. Ich bin nat\u00fcrlich nicht ganz allein unterwegs, aber arg viele Touristen sind es nicht, gemessen an der Inselgr\u00f6\u00dfe.<\/p>\n<div class=\"separator\" style=\"clear: both; text-align: center;\"><a href=\"https:\/\/i0.wp.com\/guderley.com\/wp-content\/uploads\/2012\/08\/wpid-Photo-02.08.2012-1012.jpg\" target=\"_blank\" style=\"margin-left: 1em; margin-right: 1em;\"><img data-recalc-dims=\"1\" decoding=\"async\" src=\"https:\/\/i0.wp.com\/guderley.com\/wp-content\/uploads\/2012\/08\/wpid-Photo-02.08.2012-1012.jpg?resize=500%2C375\" id=\"blogsy-1343938637662.4902\" class=\"aligncenter\" alt=\"\" width=\"500\" height=\"375\"><\/a><\/div>\n<div class=\"separator\" style=\"clear: both; text-align: center;\"><a href=\"https:\/\/i0.wp.com\/guderley.com\/wp-content\/uploads\/2012\/08\/wpid-Photo-02.08.2012-1112.jpg\" target=\"_blank\" style=\"margin-left: 1em; margin-right: 1em;\"><img data-recalc-dims=\"1\" decoding=\"async\" src=\"https:\/\/i0.wp.com\/guderley.com\/wp-content\/uploads\/2012\/08\/wpid-Photo-02.08.2012-1112.jpg?resize=500%2C375\" id=\"blogsy-1343938637579.99\" class=\"aligncenter\" alt=\"\" width=\"500\" height=\"375\"><\/a><\/div>\n<p>&nbsp;<\/p>\n<p>Hier unten in Kuressare, der Inselhauptstadt, da ist allerdings schon einiges los. Da legen jede Menge Ostsee-Skipper mit ihren Booten an, dementsprechend ist auch die Hotellerie und Gastronomie entwickelt, aber trotzdem noch &#8222;very  basic&#8220;. <\/p>\n<div class=\"separator\" style=\"clear: both; text-align: center;\"><a href=\"https:\/\/i0.wp.com\/guderley.com\/wp-content\/uploads\/2012\/08\/wpid-Photo-02.08.2012-2314.jpg\" target=\"_blank\" style=\"margin-left: 1em; margin-right: 1em;\"><img data-recalc-dims=\"1\" decoding=\"async\" src=\"https:\/\/i0.wp.com\/guderley.com\/wp-content\/uploads\/2012\/08\/wpid-Photo-02.08.2012-2314.jpg?resize=500%2C666\" id=\"blogsy-1343938637603.7483\" class=\"aligncenter\" alt=\"\" width=\"500\" height=\"666\"><\/a><\/div>\n<div class=\"separator\" style=\"clear: both; text-align: center;\"><a href=\"https:\/\/i0.wp.com\/guderley.com\/wp-content\/uploads\/2012\/08\/wpid-Photo-02.08.2012-2316.jpg\" target=\"_blank\" style=\"margin-left: 1em; margin-right: 1em;\"><img data-recalc-dims=\"1\" decoding=\"async\" src=\"https:\/\/i0.wp.com\/guderley.com\/wp-content\/uploads\/2012\/08\/wpid-Photo-02.08.2012-2316.jpg?resize=500%2C666\" id=\"blogsy-1343938637609.5474\" class=\"aligncenter\" alt=\"\" width=\"500\" height=\"666\"><\/a><\/div>\n<p>&nbsp;<\/p>\n<p>Ich g\u00f6nne mir heute, nach einem sehr sonnigen Tag, auch wieder ein bequemes Bett in einem netten Guest-House.<\/p>\n<p>&nbsp;<\/p>\n<p>Heute Nachmittag habe ich mich selbst \u00fcbertroffen und bin doch tats\u00e4chlich splitternackt in einen herrlichen See gesprungen (die Badehose ist so tief in einer Packtasche versteckt), das war f\u00fcr mich als eigentlich &#8222;wasserscheues Element&#8220; ein Quantensprung, aber im wahrsten Sinne des Wortes &#8222;cool&#8220;. <\/p>\n<div class=\"separator\" style=\"clear: both; text-align: center;\"><a href=\"https:\/\/i0.wp.com\/guderley.com\/wp-content\/uploads\/2012\/08\/wpid-Photo-02.08.2012-1629.jpg\" target=\"_blank\" style=\"margin-left: 1em; margin-right: 1em;\"><img data-recalc-dims=\"1\" decoding=\"async\" src=\"https:\/\/i0.wp.com\/guderley.com\/wp-content\/uploads\/2012\/08\/wpid-Photo-02.08.2012-1629.jpg?resize=500%2C375\" id=\"blogsy-1343938637600.454\" class=\"aligncenter\" alt=\"\" width=\"500\" height=\"375\"><\/a><\/div>\n<p>&nbsp;<\/p>\n<div style=\"text-align: right; font-size: small; clear: both;\" id=\"blogsy_footer\"><a href=\"http:\/\/blogsyapp.com\" target=\"_blank\"><img data-recalc-dims=\"1\" decoding=\"async\" src=\"https:\/\/i0.wp.com\/blogsyapp.com\/images\/blogsy_footer_icon.png?resize=20%2C20\" alt=\"Mit Blogsy ver\u00f6ffentlicht\" style=\"vertical-align: middle; margin-right: 5px;\" width=\"20\" height=\"20\" \/>Mit Blogsy ver\u00f6ffentlicht<\/a><\/div>\n","protected":false},"excerpt":{"rendered":"<p>Also ganz ehrlich, die Insel ist der Hammer, soviel traumhafte Natur und Landschaft das ist echt der Wahnsinn. Ich bin nat\u00fcrlich nicht ganz allein unterwegs, aber arg viele Touristen sind es nicht, gemessen an der Inselgr\u00f6\u00dfe. &nbsp; Hier unten in Kuressare, der Inselhauptstadt, da ist allerdings schon einiges los. Da legen jede Menge Ostsee-Skipper mit [&hellip;]<\/p>\n","protected":false},"author":2,"featured_media":0,"comment_status":"open","ping_status":"open","sticky":false,"template":"","format":"standard","meta":{"_jetpack_newsletter_access":"","_jetpack_dont_email_post_to_subs":false,"_jetpack_newsletter_tier_id":0,"_jetpack_memberships_contains_paywalled_content":false,"_jetpack_memberships_contains_paid_content":false,"footnotes":""},"categories":[22],"tags":[],"class_list":["post-1387","post","type-post","status-publish","format-standard","hentry","category-baltikum-2012"],"yoast_head":"<!-- This site is optimized with the Yoast SEO plugin v25.8 - https:\/\/yoast.com\/wordpress\/plugins\/seo\/ -->\n<title>2.8. Insel Saaremaa \/ Estland - 17. Tag - 1435 km - G\u00fcnter&#039;s Blog<\/title>\n<meta name=\"robots\" content=\"index, follow, max-snippet:-1, max-image-preview:large, max-video-preview:-1\" \/>\n<link rel=\"canonical\" href=\"https:\/\/guderley.com\/?p=1387\" \/>\n<meta property=\"og:locale\" content=\"de_DE\" \/>\n<meta property=\"og:type\" content=\"article\" \/>\n<meta property=\"og:title\" content=\"2.8. Insel Saaremaa \/ Estland - 17. Tag - 1435 km - G\u00fcnter&#039;s Blog\" \/>\n<meta property=\"og:description\" content=\"Also ganz ehrlich, die Insel ist der Hammer, soviel traumhafte Natur und Landschaft das ist echt der Wahnsinn. Ich bin nat\u00fcrlich nicht ganz allein unterwegs, aber arg viele Touristen sind es nicht, gemessen an der Inselgr\u00f6\u00dfe. &nbsp; Hier unten in Kuressare, der Inselhauptstadt, da ist allerdings schon einiges los. Da legen jede Menge Ostsee-Skipper mit [&hellip;]\" \/>\n<meta property=\"og:url\" content=\"https:\/\/guderley.com\/?p=1387\" \/>\n<meta property=\"og:site_name\" content=\"G\u00fcnter&#039;s Blog\" \/>\n<meta property=\"article:published_time\" content=\"2012-08-02T20:12:20+00:00\" \/>\n<meta property=\"article:modified_time\" content=\"2012-08-02T20:16:16+00:00\" \/>\n<meta property=\"og:image\" content=\"http:\/\/guderley.com\/wp-content\/uploads\/2012\/08\/wpid-Photo-02.08.2012-1012.jpg\" \/>\n<meta name=\"author\" content=\"guenter\" \/>\n<meta name=\"twitter:card\" content=\"summary_large_image\" \/>\n<meta name=\"twitter:label1\" content=\"Verfasst von\" \/>\n\t<meta name=\"twitter:data1\" content=\"guenter\" \/>\n\t<meta name=\"twitter:label2\" content=\"Gesch\u00e4tzte Lesezeit\" \/>\n\t<meta name=\"twitter:data2\" content=\"1\u00a0Minute\" \/>\n<script type=\"application\/ld+json\" class=\"yoast-schema-graph\">{\"@context\":\"https:\/\/schema.org\",\"@graph\":[{\"@type\":\"Article\",\"@id\":\"https:\/\/guderley.com\/?p=1387#article\",\"isPartOf\":{\"@id\":\"https:\/\/guderley.com\/?p=1387\"},\"author\":{\"name\":\"guenter\",\"@id\":\"https:\/\/guderley.com\/#\/schema\/person\/24a827645a6fedd3481426a7028dfdcd\"},\"headline\":\"2.8. Insel Saaremaa \/ Estland &#8211; 17. Tag &#8211; 1435 km\",\"datePublished\":\"2012-08-02T20:12:20+00:00\",\"dateModified\":\"2012-08-02T20:16:16+00:00\",\"mainEntityOfPage\":{\"@id\":\"https:\/\/guderley.com\/?p=1387\"},\"wordCount\":151,\"commentCount\":5,\"publisher\":{\"@id\":\"https:\/\/guderley.com\/#\/schema\/person\/24a827645a6fedd3481426a7028dfdcd\"},\"image\":{\"@id\":\"https:\/\/guderley.com\/?p=1387#primaryimage\"},\"thumbnailUrl\":\"http:\/\/guderley.com\/wp-content\/uploads\/2012\/08\/wpid-Photo-02.08.2012-1012.jpg\",\"articleSection\":[\"2012 BALTIKUM\"],\"inLanguage\":\"de\",\"potentialAction\":[{\"@type\":\"CommentAction\",\"name\":\"Comment\",\"target\":[\"https:\/\/guderley.com\/?p=1387#respond\"]}]},{\"@type\":\"WebPage\",\"@id\":\"https:\/\/guderley.com\/?p=1387\",\"url\":\"https:\/\/guderley.com\/?p=1387\",\"name\":\"2.8. Insel Saaremaa \/ Estland - 17. Tag - 1435 km - G\u00fcnter&#039;s Blog\",\"isPartOf\":{\"@id\":\"https:\/\/guderley.com\/#website\"},\"primaryImageOfPage\":{\"@id\":\"https:\/\/guderley.com\/?p=1387#primaryimage\"},\"image\":{\"@id\":\"https:\/\/guderley.com\/?p=1387#primaryimage\"},\"thumbnailUrl\":\"http:\/\/guderley.com\/wp-content\/uploads\/2012\/08\/wpid-Photo-02.08.2012-1012.jpg\",\"datePublished\":\"2012-08-02T20:12:20+00:00\",\"dateModified\":\"2012-08-02T20:16:16+00:00\",\"breadcrumb\":{\"@id\":\"https:\/\/guderley.com\/?p=1387#breadcrumb\"},\"inLanguage\":\"de\",\"potentialAction\":[{\"@type\":\"ReadAction\",\"target\":[\"https:\/\/guderley.com\/?p=1387\"]}]},{\"@type\":\"ImageObject\",\"inLanguage\":\"de\",\"@id\":\"https:\/\/guderley.com\/?p=1387#primaryimage\",\"url\":\"https:\/\/i0.wp.com\/guderley.com\/wp-content\/uploads\/2012\/08\/wpid-Photo-02.08.2012-1012.jpg?fit=1024%2C768\",\"contentUrl\":\"https:\/\/i0.wp.com\/guderley.com\/wp-content\/uploads\/2012\/08\/wpid-Photo-02.08.2012-1012.jpg?fit=1024%2C768\",\"width\":\"1024\",\"height\":\"768\"},{\"@type\":\"BreadcrumbList\",\"@id\":\"https:\/\/guderley.com\/?p=1387#breadcrumb\",\"itemListElement\":[{\"@type\":\"ListItem\",\"position\":1,\"name\":\"Startseite\",\"item\":\"https:\/\/guderley.com\/\"},{\"@type\":\"ListItem\",\"position\":2,\"name\":\"2.8. Insel Saaremaa \/ Estland &#8211; 17. Tag &#8211; 1435 km\"}]},{\"@type\":\"WebSite\",\"@id\":\"https:\/\/guderley.com\/#website\",\"url\":\"https:\/\/guderley.com\/\",\"name\":\"G\u00fcnter's Blog\",\"description\":\"Fahrrad Touren rund um die Welt\",\"publisher\":{\"@id\":\"https:\/\/guderley.com\/#\/schema\/person\/24a827645a6fedd3481426a7028dfdcd\"},\"alternateName\":\"G\u00fcnter's Blog\",\"potentialAction\":[{\"@type\":\"SearchAction\",\"target\":{\"@type\":\"EntryPoint\",\"urlTemplate\":\"https:\/\/guderley.com\/?s={search_term_string}\"},\"query-input\":{\"@type\":\"PropertyValueSpecification\",\"valueRequired\":true,\"valueName\":\"search_term_string\"}}],\"inLanguage\":\"de\"},{\"@type\":[\"Person\",\"Organization\"],\"@id\":\"https:\/\/guderley.com\/#\/schema\/person\/24a827645a6fedd3481426a7028dfdcd\",\"name\":\"guenter\",\"image\":{\"@type\":\"ImageObject\",\"inLanguage\":\"de\",\"@id\":\"https:\/\/guderley.com\/#\/schema\/person\/image\/\",\"url\":\"https:\/\/i0.wp.com\/guderley.com\/wp-content\/uploads\/img_8008-scaled.jpg?fit=1920%2C2560\",\"contentUrl\":\"https:\/\/i0.wp.com\/guderley.com\/wp-content\/uploads\/img_8008-scaled.jpg?fit=1920%2C2560\",\"width\":1920,\"height\":2560,\"caption\":\"guenter\"},\"logo\":{\"@id\":\"https:\/\/guderley.com\/#\/schema\/person\/image\/\"},\"sameAs\":[\"http:\/\/guderley.com\/blog\"],\"url\":\"http:\/\/guderley.com\/?author=2\"}]}<\/script>\n<!-- \/ Yoast SEO plugin. -->","yoast_head_json":{"title":"2.8. Insel Saaremaa \/ Estland - 17. Tag - 1435 km - G\u00fcnter&#039;s Blog","robots":{"index":"index","follow":"follow","max-snippet":"max-snippet:-1","max-image-preview":"max-image-preview:large","max-video-preview":"max-video-preview:-1"},"canonical":"https:\/\/guderley.com\/?p=1387","og_locale":"de_DE","og_type":"article","og_title":"2.8. Insel Saaremaa \/ Estland - 17. Tag - 1435 km - G\u00fcnter&#039;s Blog","og_description":"Also ganz ehrlich, die Insel ist der Hammer, soviel traumhafte Natur und Landschaft das ist echt der Wahnsinn. Ich bin nat\u00fcrlich nicht ganz allein unterwegs, aber arg viele Touristen sind es nicht, gemessen an der Inselgr\u00f6\u00dfe. &nbsp; Hier unten in Kuressare, der Inselhauptstadt, da ist allerdings schon einiges los. Da legen jede Menge Ostsee-Skipper mit [&hellip;]","og_url":"https:\/\/guderley.com\/?p=1387","og_site_name":"G\u00fcnter&#039;s Blog","article_published_time":"2012-08-02T20:12:20+00:00","article_modified_time":"2012-08-02T20:16:16+00:00","og_image":[{"url":"http:\/\/guderley.com\/wp-content\/uploads\/2012\/08\/wpid-Photo-02.08.2012-1012.jpg","type":"","width":"","height":""}],"author":"guenter","twitter_card":"summary_large_image","twitter_misc":{"Verfasst von":"guenter","Gesch\u00e4tzte Lesezeit":"1\u00a0Minute"},"schema":{"@context":"https:\/\/schema.org","@graph":[{"@type":"Article","@id":"https:\/\/guderley.com\/?p=1387#article","isPartOf":{"@id":"https:\/\/guderley.com\/?p=1387"},"author":{"name":"guenter","@id":"https:\/\/guderley.com\/#\/schema\/person\/24a827645a6fedd3481426a7028dfdcd"},"headline":"2.8. Insel Saaremaa \/ Estland &#8211; 17. Tag &#8211; 1435 km","datePublished":"2012-08-02T20:12:20+00:00","dateModified":"2012-08-02T20:16:16+00:00","mainEntityOfPage":{"@id":"https:\/\/guderley.com\/?p=1387"},"wordCount":151,"commentCount":5,"publisher":{"@id":"https:\/\/guderley.com\/#\/schema\/person\/24a827645a6fedd3481426a7028dfdcd"},"image":{"@id":"https:\/\/guderley.com\/?p=1387#primaryimage"},"thumbnailUrl":"http:\/\/guderley.com\/wp-content\/uploads\/2012\/08\/wpid-Photo-02.08.2012-1012.jpg","articleSection":["2012 BALTIKUM"],"inLanguage":"de","potentialAction":[{"@type":"CommentAction","name":"Comment","target":["https:\/\/guderley.com\/?p=1387#respond"]}]},{"@type":"WebPage","@id":"https:\/\/guderley.com\/?p=1387","url":"https:\/\/guderley.com\/?p=1387","name":"2.8. Insel Saaremaa \/ Estland - 17. Tag - 1435 km - G\u00fcnter&#039;s Blog","isPartOf":{"@id":"https:\/\/guderley.com\/#website"},"primaryImageOfPage":{"@id":"https:\/\/guderley.com\/?p=1387#primaryimage"},"image":{"@id":"https:\/\/guderley.com\/?p=1387#primaryimage"},"thumbnailUrl":"http:\/\/guderley.com\/wp-content\/uploads\/2012\/08\/wpid-Photo-02.08.2012-1012.jpg","datePublished":"2012-08-02T20:12:20+00:00","dateModified":"2012-08-02T20:16:16+00:00","breadcrumb":{"@id":"https:\/\/guderley.com\/?p=1387#breadcrumb"},"inLanguage":"de","potentialAction":[{"@type":"ReadAction","target":["https:\/\/guderley.com\/?p=1387"]}]},{"@type":"ImageObject","inLanguage":"de","@id":"https:\/\/guderley.com\/?p=1387#primaryimage","url":"https:\/\/i0.wp.com\/guderley.com\/wp-content\/uploads\/2012\/08\/wpid-Photo-02.08.2012-1012.jpg?fit=1024%2C768","contentUrl":"https:\/\/i0.wp.com\/guderley.com\/wp-content\/uploads\/2012\/08\/wpid-Photo-02.08.2012-1012.jpg?fit=1024%2C768","width":"1024","height":"768"},{"@type":"BreadcrumbList","@id":"https:\/\/guderley.com\/?p=1387#breadcrumb","itemListElement":[{"@type":"ListItem","position":1,"name":"Startseite","item":"https:\/\/guderley.com\/"},{"@type":"ListItem","position":2,"name":"2.8. Insel Saaremaa \/ Estland &#8211; 17. Tag &#8211; 1435 km"}]},{"@type":"WebSite","@id":"https:\/\/guderley.com\/#website","url":"https:\/\/guderley.com\/","name":"G\u00fcnter's Blog","description":"Fahrrad Touren rund um die Welt","publisher":{"@id":"https:\/\/guderley.com\/#\/schema\/person\/24a827645a6fedd3481426a7028dfdcd"},"alternateName":"G\u00fcnter's Blog","potentialAction":[{"@type":"SearchAction","target":{"@type":"EntryPoint","urlTemplate":"https:\/\/guderley.com\/?s={search_term_string}"},"query-input":{"@type":"PropertyValueSpecification","valueRequired":true,"valueName":"search_term_string"}}],"inLanguage":"de"},{"@type":["Person","Organization"],"@id":"https:\/\/guderley.com\/#\/schema\/person\/24a827645a6fedd3481426a7028dfdcd","name":"guenter","image":{"@type":"ImageObject","inLanguage":"de","@id":"https:\/\/guderley.com\/#\/schema\/person\/image\/","url":"https:\/\/i0.wp.com\/guderley.com\/wp-content\/uploads\/img_8008-scaled.jpg?fit=1920%2C2560","contentUrl":"https:\/\/i0.wp.com\/guderley.com\/wp-content\/uploads\/img_8008-scaled.jpg?fit=1920%2C2560","width":1920,"height":2560,"caption":"guenter"},"logo":{"@id":"https:\/\/guderley.com\/#\/schema\/person\/image\/"},"sameAs":["http:\/\/guderley.com\/blog"],"url":"http:\/\/guderley.com\/?author=2"}]}},"jetpack_featured_media_url":"","jetpack_sharing_enabled":true,"jetpack_shortlink":"https:\/\/wp.me\/p9IuXF-mn","jetpack_likes_enabled":true,"jetpack-related-posts":[{"id":1379,"url":"http:\/\/guderley.com\/?p=1379","url_meta":{"origin":1387,"position":0},"title":"1.8.  Insel Hiiumaa \/ Estland &#8211; 16.Tag &#8211; 1275 km","author":"guenter","date":"August 1, 2012","format":false,"excerpt":"Das Quartier war wirklich prima. Die Chefin hat mir ein m\u00e4chtiges Fr\u00fchst\u00fcck serviert, wenn ich das alles gegessen h\u00e4tte, w\u00e4re ich nicht aufs Rad gekommen.Die Insel ist landschaftlich sehr beeindruckend, trotzdem kam mir heute immer wieder der Song \"The Long and winding road\" in den Sinn, obwohl es dann doch\u2026","rel":"","context":"In &quot;2012 BALTIKUM&quot;","block_context":{"text":"2012 BALTIKUM","link":"http:\/\/guderley.com\/?cat=22"},"img":{"alt_text":"","src":"https:\/\/i0.wp.com\/guderley.com\/wp-content\/uploads\/2012\/08\/wpid-Photo-01.08.2012-1250.jpg?resize=350%2C200","width":350,"height":200,"srcset":"https:\/\/i0.wp.com\/guderley.com\/wp-content\/uploads\/2012\/08\/wpid-Photo-01.08.2012-1250.jpg?resize=350%2C200 1x, https:\/\/i0.wp.com\/guderley.com\/wp-content\/uploads\/2012\/08\/wpid-Photo-01.08.2012-1250.jpg?resize=525%2C300 1.5x, https:\/\/i0.wp.com\/guderley.com\/wp-content\/uploads\/2012\/08\/wpid-Photo-01.08.2012-1250.jpg?resize=700%2C400 2x"},"classes":[]},{"id":1362,"url":"http:\/\/guderley.com\/?p=1362","url_meta":{"origin":1387,"position":1},"title":"31.7. Haapsalu \/ Estland &#8211; 15. Tag &#8211; 1200 km","author":"guenter","date":"Juli 31, 2012","format":false,"excerpt":"Ja und es blieb trocken. Ich habe in einem riesigen Kiefernwald mit dem Meeresrauschen im Ohr tief und fest geschlafen. Ich gebe zu, das klingt kitschig ist aber die Wahrheit.Beim Losfahren ist mir dann so durch den Kopf gegangen, jetzt ist der Juli schon rum !, allerdings liegt noch der\u2026","rel":"","context":"In &quot;2012 BALTIKUM&quot;","block_context":{"text":"2012 BALTIKUM","link":"http:\/\/guderley.com\/?cat=22"},"img":{"alt_text":"","src":"https:\/\/i0.wp.com\/guderley.com\/wp-content\/uploads\/2012\/07\/wpid-Photo-31.07.2012-1227.jpg?resize=350%2C200","width":350,"height":200,"srcset":"https:\/\/i0.wp.com\/guderley.com\/wp-content\/uploads\/2012\/07\/wpid-Photo-31.07.2012-1227.jpg?resize=350%2C200 1x, https:\/\/i0.wp.com\/guderley.com\/wp-content\/uploads\/2012\/07\/wpid-Photo-31.07.2012-1227.jpg?resize=525%2C300 1.5x, https:\/\/i0.wp.com\/guderley.com\/wp-content\/uploads\/2012\/07\/wpid-Photo-31.07.2012-1227.jpg?resize=700%2C400 2x"},"classes":[]},{"id":1384,"url":"http:\/\/guderley.com\/?p=1384","url_meta":{"origin":1387,"position":2},"title":"1.8.  Insel Saaremaa \/ Estland &#8211; 16. Tag &#8211; 1328 km","author":"guenter","date":"August 2, 2012","format":false,"excerpt":"Ich war gut p\u00fcnktlich an der F\u00e4hre zwischen diesen beiden estnischen Inseln, die im Sommer viermal t\u00e4glich hin\u00fcber und her\u00fcber f\u00e4hrt. Die \u00dcberfahrt dauert gut 1 1\/4 h und man kommt im F\u00e4hrhafen Trigi an. Da stehen maximal sechs H\u00fctten und das wars dann. Ich war so gegen 19:30 auf\u2026","rel":"","context":"In &quot;2012 BALTIKUM&quot;","block_context":{"text":"2012 BALTIKUM","link":"http:\/\/guderley.com\/?cat=22"},"img":{"alt_text":"","src":"https:\/\/i0.wp.com\/guderley.com\/wp-content\/uploads\/2012\/08\/wpid-Photo-01.08.2012-2030.jpg?resize=350%2C200","width":350,"height":200,"srcset":"https:\/\/i0.wp.com\/guderley.com\/wp-content\/uploads\/2012\/08\/wpid-Photo-01.08.2012-2030.jpg?resize=350%2C200 1x, https:\/\/i0.wp.com\/guderley.com\/wp-content\/uploads\/2012\/08\/wpid-Photo-01.08.2012-2030.jpg?resize=525%2C300 1.5x, https:\/\/i0.wp.com\/guderley.com\/wp-content\/uploads\/2012\/08\/wpid-Photo-01.08.2012-2030.jpg?resize=700%2C400 2x"},"classes":[]},{"id":1256,"url":"http:\/\/guderley.com\/?p=1256","url_meta":{"origin":1387,"position":3},"title":"18.7.  Helsinki \/ Finnland","author":"guenter","date":"Juli 18, 2012","format":false,"excerpt":"Gegen Mitternacht war es dann wohl dunkel geworden und um 4 Uhr war es schon wieder hell. Das gef\u00e4llt mir. Gut ausgeschlafen habe ich mich an die \u00d6ffnung meines Transportkartons gemacht, der neben dem \"Blauen Elephanten\" weitere wesentliche Teile meiner Ausr\u00fcstung beherbergte (Zelt, Schlafsack, Isomatte etc.). Um es vorweg zu\u2026","rel":"","context":"In &quot;2012 BALTIKUM&quot;","block_context":{"text":"2012 BALTIKUM","link":"http:\/\/guderley.com\/?cat=22"},"img":{"alt_text":"","src":"https:\/\/i0.wp.com\/guderley.com\/wp-content\/uploads\/2012\/07\/wpid-Photo-19.07.2012-2243.jpg?resize=350%2C200","width":350,"height":200,"srcset":"https:\/\/i0.wp.com\/guderley.com\/wp-content\/uploads\/2012\/07\/wpid-Photo-19.07.2012-2243.jpg?resize=350%2C200 1x, https:\/\/i0.wp.com\/guderley.com\/wp-content\/uploads\/2012\/07\/wpid-Photo-19.07.2012-2243.jpg?resize=525%2C300 1.5x, https:\/\/i0.wp.com\/guderley.com\/wp-content\/uploads\/2012\/07\/wpid-Photo-19.07.2012-2243.jpg?resize=700%2C400 2x"},"classes":[]},{"id":3432,"url":"http:\/\/guderley.com\/?p=3432","url_meta":{"origin":1387,"position":4},"title":"Tag 30 &#8211; Sa 09.06.2018 &#8211; Prince Rupert (B.C.)\/ 38 km \/ Gesamt: 1962 km","author":"guenter","date":"Juni 10, 2018","format":false,"excerpt":"Lange Ausschlafen, warm Duschen, ausgiebig Fr\u00fchst\u00fccken, das sind die Unterschiede zu einem Radtag. Habe ein bisschen Prince Rupert erkundet, das ganze Wochenende ist \"Seafest\", da wird jede Menge auf der Stra\u00dfe geboten. Von Hockey- und Soccerturnieren f\u00fcr die Kids \u00fcber jede Menge zu essen, von all den unterschiedlichen Nationalit\u00e4ten hier\u2026","rel":"","context":"In &quot;2018 ALASKA&quot;","block_context":{"text":"2018 ALASKA","link":"http:\/\/guderley.com\/?cat=28"},"img":{"alt_text":"","src":"https:\/\/i0.wp.com\/guderley.com\/wp-content\/uploads\/PHOTO-2018-06-10-03-53-21-2.jpg?resize=350%2C200","width":350,"height":200,"srcset":"https:\/\/i0.wp.com\/guderley.com\/wp-content\/uploads\/PHOTO-2018-06-10-03-53-21-2.jpg?resize=350%2C200 1x, https:\/\/i0.wp.com\/guderley.com\/wp-content\/uploads\/PHOTO-2018-06-10-03-53-21-2.jpg?resize=525%2C300 1.5x, https:\/\/i0.wp.com\/guderley.com\/wp-content\/uploads\/PHOTO-2018-06-10-03-53-21-2.jpg?resize=700%2C400 2x"},"classes":[]},{"id":1405,"url":"http:\/\/guderley.com\/?p=1405","url_meta":{"origin":1387,"position":5},"title":"3.8.  Varbla \/ Estland &#8211; 18. Tag &#8211; 1577","author":"guenter","date":"August 4, 2012","format":false,"excerpt":"Ich starte gem\u00fctlich in einen langen Radtag. Kuressare ist ein wirkliches Kleinod, dominiert von der m\u00e4chtigen Ordensburg und nat\u00fcrlich dem kleinen Hafen.Mein Weg f\u00fchrt mich ins Innere der Insel, wo ich, den neben Tallinn wohl meist besuchtesten Ort in Estland anfahre. In Kaali gibt es mehrere ca. 4000 Jahre alte\u2026","rel":"","context":"In &quot;2012 BALTIKUM&quot;","block_context":{"text":"2012 BALTIKUM","link":"http:\/\/guderley.com\/?cat=22"},"img":{"alt_text":"","src":"https:\/\/i0.wp.com\/guderley.com\/wp-content\/uploads\/2012\/08\/wpid-Photo-03.08.2012-21431.jpg?resize=350%2C200","width":350,"height":200,"srcset":"https:\/\/i0.wp.com\/guderley.com\/wp-content\/uploads\/2012\/08\/wpid-Photo-03.08.2012-21431.jpg?resize=350%2C200 1x, https:\/\/i0.wp.com\/guderley.com\/wp-content\/uploads\/2012\/08\/wpid-Photo-03.08.2012-21431.jpg?resize=525%2C300 1.5x, https:\/\/i0.wp.com\/guderley.com\/wp-content\/uploads\/2012\/08\/wpid-Photo-03.08.2012-21431.jpg?resize=700%2C400 2x"},"classes":[]}],"_links":{"self":[{"href":"http:\/\/guderley.com\/index.php?rest_route=\/wp\/v2\/posts\/1387","targetHints":{"allow":["GET"]}}],"collection":[{"href":"http:\/\/guderley.com\/index.php?rest_route=\/wp\/v2\/posts"}],"about":[{"href":"http:\/\/guderley.com\/index.php?rest_route=\/wp\/v2\/types\/post"}],"author":[{"embeddable":true,"href":"http:\/\/guderley.com\/index.php?rest_route=\/wp\/v2\/users\/2"}],"replies":[{"embeddable":true,"href":"http:\/\/guderley.com\/index.php?rest_route=%2Fwp%2Fv2%2Fcomments&post=1387"}],"version-history":[{"count":1,"href":"http:\/\/guderley.com\/index.php?rest_route=\/wp\/v2\/posts\/1387\/revisions"}],"predecessor-version":[{"id":1393,"href":"http:\/\/guderley.com\/index.php?rest_route=\/wp\/v2\/posts\/1387\/revisions\/1393"}],"wp:attachment":[{"href":"http:\/\/guderley.com\/index.php?rest_route=%2Fwp%2Fv2%2Fmedia&parent=1387"}],"wp:term":[{"taxonomy":"category","embeddable":true,"href":"http:\/\/guderley.com\/index.php?rest_route=%2Fwp%2Fv2%2Fcategories&post=1387"},{"taxonomy":"post_tag","embeddable":true,"href":"http:\/\/guderley.com\/index.php?rest_route=%2Fwp%2Fv2%2Ftags&post=1387"}],"curies":[{"name":"wp","href":"https:\/\/api.w.org\/{rel}","templated":true}]}}