{"id":1384,"date":"2012-08-02T09:31:55","date_gmt":"2012-08-02T08:31:55","guid":{"rendered":"http:\/\/guderley.com\/?p=1384"},"modified":"2012-08-02T18:11:55","modified_gmt":"2012-08-02T17:11:55","slug":"1-8-insel-saarema-estland-16-tag-1328-km","status":"publish","type":"post","link":"http:\/\/guderley.com\/?p=1384","title":{"rendered":"1.8.  Insel Saaremaa \/ Estland &#8211; 16. Tag &#8211; 1328 km"},"content":{"rendered":"<p>Ich war gut p\u00fcnktlich an der F\u00e4hre zwischen diesen beiden estnischen Inseln, die im Sommer viermal t\u00e4glich hin\u00fcber und her\u00fcber f\u00e4hrt. Die \u00dcberfahrt dauert gut 1 1\/4 h und man kommt im F\u00e4hrhafen Trigi an. Da stehen maximal sechs H\u00fctten und das wars dann. Ich war so gegen 19:30 auf Saarema, der zweitgr\u00f6\u00dften Ostseeinsel \u00fcberhaupt, nur das schwedische Gotland ist gr\u00f6\u00dfer.<\/p>\n<div class=\"separator\" style=\"clear: both; text-align: center;\"><a href=\"https:\/\/i0.wp.com\/guderley.com\/wp-content\/uploads\/2012\/08\/wpid-Photo-01.08.2012-1751.jpg\" target=\"_blank\" style=\"margin-left: 1em; margin-right: 1em;\"><img data-recalc-dims=\"1\" decoding=\"async\" src=\"https:\/\/i0.wp.com\/guderley.com\/wp-content\/uploads\/2012\/08\/wpid-Photo-01.08.2012-1751.jpg?resize=500%2C375\" id=\"blogsy-1343927571389.3333\" class=\"aligncenter\" width=\"500\" height=\"375\" alt=\"\"><\/a><\/div>\n<div class=\"separator\" style=\"clear: both; text-align: center;\"><a href=\"https:\/\/i0.wp.com\/guderley.com\/wp-content\/uploads\/2012\/08\/wpid-Photo-01.08.2012-1825.jpg\" target=\"_blank\" style=\"margin-left: 1em; margin-right: 1em;\"><img data-recalc-dims=\"1\" decoding=\"async\" src=\"https:\/\/i0.wp.com\/guderley.com\/wp-content\/uploads\/2012\/08\/wpid-Photo-01.08.2012-1825.jpg?resize=500%2C375\" id=\"blogsy-1343927571493.413\" class=\"aligncenter\" width=\"500\" height=\"375\" alt=\"\"><\/a><\/div>\n<p>Bis halb neun bin ich dann in den sonnendurchfluteten Abend hineingefahren. Als sich rechts ein gro\u00dfes Gel\u00e4nde hinter einem Kiefernw\u00e4ldchen direkt am Meer auftat, bin ich kurz entschlossen hineingesteuert.<\/p>\n<div class=\"separator\" style=\"clear: both; text-align: right;\"><a href=\"https:\/\/i0.wp.com\/guderley.com\/wp-content\/uploads\/2012\/08\/wpid-Photo-01.08.2012-2030.jpg\" target=\"_blank\" style=\"clear: right; float: right; margin-bottom: 1em; margin-left: 1em;\"><img data-recalc-dims=\"1\" decoding=\"async\" src=\"https:\/\/i0.wp.com\/guderley.com\/wp-content\/uploads\/2012\/08\/wpid-Photo-01.08.2012-2030.jpg?resize=500%2C375\" id=\"blogsy-1343927571424.0303\" class=\"alignright\" width=\"500\" height=\"375\" alt=\"\"><\/a><\/div>\n<p>Die Leute sind sehr nett, vermieten wohl auch einige H\u00e4uschen und waren gerne einverstanden, dass ich mein Zelt aufbauen m\u00f6chte. Die Frau spricht ziemlich gut Deutsch, so dass wir ganz intensiv \u00fcber etliche Dinge sprechen konnten. Es gab sogar noch ein Bier f\u00fcr mich und eine Einladung zum Fr\u00fchst\u00fcck. So sollte es sein.<\/p>\n<div class=\"separator\" style=\"clear: both; text-align: left;\"><a href=\"https:\/\/i0.wp.com\/guderley.com\/wp-content\/uploads\/2012\/08\/wpid-Photo-01.08.2012-2236.jpg\" target=\"_blank\" style=\"clear: left; float: left; margin-bottom: 1em; margin-right: 1em;\"><img data-recalc-dims=\"1\" decoding=\"async\" src=\"https:\/\/i0.wp.com\/guderley.com\/wp-content\/uploads\/2012\/08\/wpid-Photo-01.08.2012-2236.jpg?resize=500%2C375\" id=\"blogsy-1343927571451.5852\" class=\"alignleft\" width=\"500\" height=\"375\" alt=\"\"><\/a><\/div>\n<p>Morgen drehe ich dann auf dieser doch sehr gro\u00dfen Insel eine Runde nach Westen. Die Insel ist vier mal so gro\u00df wie Hiiumaa, wo ich immerhin auch \u00fcber 100 km unterwegs war. Allerdings m\u00f6chte ich nur eine zweite Nacht auf der Insel verbringen, um dann zum Wochenschluss hin, langsam aber sicher Estland nach S\u00fcden in Richtung Lettland, zu verlassen.<\/p>\n<p>&nbsp;<\/p>\n<div style=\"text-align: right; font-size: small; clear: both;\" id=\"blogsy_footer\"><a href=\"http:\/\/blogsyapp.com\" target=\"_blank\"><img data-recalc-dims=\"1\" decoding=\"async\" src=\"https:\/\/i0.wp.com\/blogsyapp.com\/images\/blogsy_footer_icon.png?resize=20%2C20\" alt=\"Mit Blogsy ver\u00f6ffentlicht\" style=\"vertical-align: middle; margin-right: 5px;\" width=\"20\" height=\"20\" \/>Mit Blogsy ver\u00f6ffentlicht<\/a><\/div>\n","protected":false},"excerpt":{"rendered":"<p>Ich war gut p\u00fcnktlich an der F\u00e4hre zwischen diesen beiden estnischen Inseln, die im Sommer viermal t\u00e4glich hin\u00fcber und her\u00fcber f\u00e4hrt. Die \u00dcberfahrt dauert gut 1 1\/4 h und man kommt im F\u00e4hrhafen Trigi an. Da stehen maximal sechs H\u00fctten und das wars dann. Ich war so gegen 19:30 auf Saarema, der zweitgr\u00f6\u00dften Ostseeinsel \u00fcberhaupt, [&hellip;]<\/p>\n","protected":false},"author":2,"featured_media":0,"comment_status":"open","ping_status":"open","sticky":false,"template":"","format":"standard","meta":{"_jetpack_newsletter_access":"","_jetpack_dont_email_post_to_subs":false,"_jetpack_newsletter_tier_id":0,"_jetpack_memberships_contains_paywalled_content":false,"_jetpack_memberships_contains_paid_content":false,"footnotes":""},"categories":[22],"tags":[],"class_list":["post-1384","post","type-post","status-publish","format-standard","hentry","category-baltikum-2012"],"yoast_head":"<!-- This site is optimized with the Yoast SEO plugin v25.8 - https:\/\/yoast.com\/wordpress\/plugins\/seo\/ -->\n<title>1.8. Insel Saaremaa \/ Estland - 16. Tag - 1328 km - G\u00fcnter&#039;s Blog<\/title>\n<meta name=\"robots\" content=\"index, follow, max-snippet:-1, max-image-preview:large, max-video-preview:-1\" \/>\n<link rel=\"canonical\" href=\"http:\/\/guderley.com\/?p=1384\" \/>\n<meta property=\"og:locale\" content=\"de_DE\" \/>\n<meta property=\"og:type\" content=\"article\" \/>\n<meta property=\"og:title\" content=\"1.8. Insel Saaremaa \/ Estland - 16. Tag - 1328 km - G\u00fcnter&#039;s Blog\" \/>\n<meta property=\"og:description\" content=\"Ich war gut p\u00fcnktlich an der F\u00e4hre zwischen diesen beiden estnischen Inseln, die im Sommer viermal t\u00e4glich hin\u00fcber und her\u00fcber f\u00e4hrt. Die \u00dcberfahrt dauert gut 1 1\/4 h und man kommt im F\u00e4hrhafen Trigi an. Da stehen maximal sechs H\u00fctten und das wars dann. Ich war so gegen 19:30 auf Saarema, der zweitgr\u00f6\u00dften Ostseeinsel \u00fcberhaupt, [&hellip;]\" \/>\n<meta property=\"og:url\" content=\"http:\/\/guderley.com\/?p=1384\" \/>\n<meta property=\"og:site_name\" content=\"G\u00fcnter&#039;s Blog\" \/>\n<meta property=\"article:published_time\" content=\"2012-08-02T08:31:55+00:00\" \/>\n<meta property=\"article:modified_time\" content=\"2012-08-02T17:11:55+00:00\" \/>\n<meta property=\"og:image\" content=\"http:\/\/guderley.com\/wp-content\/uploads\/2012\/08\/wpid-Photo-01.08.2012-1751.jpg\" \/>\n<meta name=\"author\" content=\"guenter\" \/>\n<meta name=\"twitter:card\" content=\"summary_large_image\" \/>\n<meta name=\"twitter:label1\" content=\"Verfasst von\" \/>\n\t<meta name=\"twitter:data1\" content=\"guenter\" \/>\n\t<meta name=\"twitter:label2\" content=\"Gesch\u00e4tzte Lesezeit\" \/>\n\t<meta name=\"twitter:data2\" content=\"1\u00a0Minute\" \/>\n<script type=\"application\/ld+json\" class=\"yoast-schema-graph\">{\"@context\":\"https:\/\/schema.org\",\"@graph\":[{\"@type\":\"Article\",\"@id\":\"http:\/\/guderley.com\/?p=1384#article\",\"isPartOf\":{\"@id\":\"http:\/\/guderley.com\/?p=1384\"},\"author\":{\"name\":\"guenter\",\"@id\":\"https:\/\/guderley.com\/#\/schema\/person\/24a827645a6fedd3481426a7028dfdcd\"},\"headline\":\"1.8. Insel Saaremaa \/ Estland &#8211; 16. Tag &#8211; 1328 km\",\"datePublished\":\"2012-08-02T08:31:55+00:00\",\"dateModified\":\"2012-08-02T17:11:55+00:00\",\"mainEntityOfPage\":{\"@id\":\"http:\/\/guderley.com\/?p=1384\"},\"wordCount\":231,\"commentCount\":2,\"publisher\":{\"@id\":\"https:\/\/guderley.com\/#\/schema\/person\/24a827645a6fedd3481426a7028dfdcd\"},\"image\":{\"@id\":\"http:\/\/guderley.com\/?p=1384#primaryimage\"},\"thumbnailUrl\":\"http:\/\/guderley.com\/wp-content\/uploads\/2012\/08\/wpid-Photo-01.08.2012-1751.jpg\",\"articleSection\":[\"2012 BALTIKUM\"],\"inLanguage\":\"de\",\"potentialAction\":[{\"@type\":\"CommentAction\",\"name\":\"Comment\",\"target\":[\"http:\/\/guderley.com\/?p=1384#respond\"]}]},{\"@type\":\"WebPage\",\"@id\":\"http:\/\/guderley.com\/?p=1384\",\"url\":\"http:\/\/guderley.com\/?p=1384\",\"name\":\"1.8. Insel Saaremaa \/ Estland - 16. Tag - 1328 km - G\u00fcnter&#039;s Blog\",\"isPartOf\":{\"@id\":\"https:\/\/guderley.com\/#website\"},\"primaryImageOfPage\":{\"@id\":\"http:\/\/guderley.com\/?p=1384#primaryimage\"},\"image\":{\"@id\":\"http:\/\/guderley.com\/?p=1384#primaryimage\"},\"thumbnailUrl\":\"http:\/\/guderley.com\/wp-content\/uploads\/2012\/08\/wpid-Photo-01.08.2012-1751.jpg\",\"datePublished\":\"2012-08-02T08:31:55+00:00\",\"dateModified\":\"2012-08-02T17:11:55+00:00\",\"breadcrumb\":{\"@id\":\"http:\/\/guderley.com\/?p=1384#breadcrumb\"},\"inLanguage\":\"de\",\"potentialAction\":[{\"@type\":\"ReadAction\",\"target\":[\"http:\/\/guderley.com\/?p=1384\"]}]},{\"@type\":\"ImageObject\",\"inLanguage\":\"de\",\"@id\":\"http:\/\/guderley.com\/?p=1384#primaryimage\",\"url\":\"https:\/\/i0.wp.com\/guderley.com\/wp-content\/uploads\/2012\/08\/wpid-Photo-01.08.2012-1751.jpg?fit=1024%2C768\",\"contentUrl\":\"https:\/\/i0.wp.com\/guderley.com\/wp-content\/uploads\/2012\/08\/wpid-Photo-01.08.2012-1751.jpg?fit=1024%2C768\",\"width\":\"1024\",\"height\":\"768\"},{\"@type\":\"BreadcrumbList\",\"@id\":\"http:\/\/guderley.com\/?p=1384#breadcrumb\",\"itemListElement\":[{\"@type\":\"ListItem\",\"position\":1,\"name\":\"Startseite\",\"item\":\"https:\/\/guderley.com\/\"},{\"@type\":\"ListItem\",\"position\":2,\"name\":\"1.8. Insel Saaremaa \/ Estland &#8211; 16. Tag &#8211; 1328 km\"}]},{\"@type\":\"WebSite\",\"@id\":\"https:\/\/guderley.com\/#website\",\"url\":\"https:\/\/guderley.com\/\",\"name\":\"G\u00fcnter's Blog\",\"description\":\"Fahrrad Touren rund um die Welt\",\"publisher\":{\"@id\":\"https:\/\/guderley.com\/#\/schema\/person\/24a827645a6fedd3481426a7028dfdcd\"},\"alternateName\":\"G\u00fcnter's Blog\",\"potentialAction\":[{\"@type\":\"SearchAction\",\"target\":{\"@type\":\"EntryPoint\",\"urlTemplate\":\"https:\/\/guderley.com\/?s={search_term_string}\"},\"query-input\":{\"@type\":\"PropertyValueSpecification\",\"valueRequired\":true,\"valueName\":\"search_term_string\"}}],\"inLanguage\":\"de\"},{\"@type\":[\"Person\",\"Organization\"],\"@id\":\"https:\/\/guderley.com\/#\/schema\/person\/24a827645a6fedd3481426a7028dfdcd\",\"name\":\"guenter\",\"image\":{\"@type\":\"ImageObject\",\"inLanguage\":\"de\",\"@id\":\"https:\/\/guderley.com\/#\/schema\/person\/image\/\",\"url\":\"https:\/\/i0.wp.com\/guderley.com\/wp-content\/uploads\/img_8008-scaled.jpg?fit=1920%2C2560\",\"contentUrl\":\"https:\/\/i0.wp.com\/guderley.com\/wp-content\/uploads\/img_8008-scaled.jpg?fit=1920%2C2560\",\"width\":1920,\"height\":2560,\"caption\":\"guenter\"},\"logo\":{\"@id\":\"https:\/\/guderley.com\/#\/schema\/person\/image\/\"},\"sameAs\":[\"http:\/\/guderley.com\/blog\"],\"url\":\"http:\/\/guderley.com\/?author=2\"}]}<\/script>\n<!-- \/ Yoast SEO plugin. -->","yoast_head_json":{"title":"1.8. Insel Saaremaa \/ Estland - 16. Tag - 1328 km - G\u00fcnter&#039;s Blog","robots":{"index":"index","follow":"follow","max-snippet":"max-snippet:-1","max-image-preview":"max-image-preview:large","max-video-preview":"max-video-preview:-1"},"canonical":"http:\/\/guderley.com\/?p=1384","og_locale":"de_DE","og_type":"article","og_title":"1.8. Insel Saaremaa \/ Estland - 16. Tag - 1328 km - G\u00fcnter&#039;s Blog","og_description":"Ich war gut p\u00fcnktlich an der F\u00e4hre zwischen diesen beiden estnischen Inseln, die im Sommer viermal t\u00e4glich hin\u00fcber und her\u00fcber f\u00e4hrt. Die \u00dcberfahrt dauert gut 1 1\/4 h und man kommt im F\u00e4hrhafen Trigi an. Da stehen maximal sechs H\u00fctten und das wars dann. Ich war so gegen 19:30 auf Saarema, der zweitgr\u00f6\u00dften Ostseeinsel \u00fcberhaupt, [&hellip;]","og_url":"http:\/\/guderley.com\/?p=1384","og_site_name":"G\u00fcnter&#039;s Blog","article_published_time":"2012-08-02T08:31:55+00:00","article_modified_time":"2012-08-02T17:11:55+00:00","og_image":[{"url":"http:\/\/guderley.com\/wp-content\/uploads\/2012\/08\/wpid-Photo-01.08.2012-1751.jpg","type":"","width":"","height":""}],"author":"guenter","twitter_card":"summary_large_image","twitter_misc":{"Verfasst von":"guenter","Gesch\u00e4tzte Lesezeit":"1\u00a0Minute"},"schema":{"@context":"https:\/\/schema.org","@graph":[{"@type":"Article","@id":"http:\/\/guderley.com\/?p=1384#article","isPartOf":{"@id":"http:\/\/guderley.com\/?p=1384"},"author":{"name":"guenter","@id":"https:\/\/guderley.com\/#\/schema\/person\/24a827645a6fedd3481426a7028dfdcd"},"headline":"1.8. Insel Saaremaa \/ Estland &#8211; 16. Tag &#8211; 1328 km","datePublished":"2012-08-02T08:31:55+00:00","dateModified":"2012-08-02T17:11:55+00:00","mainEntityOfPage":{"@id":"http:\/\/guderley.com\/?p=1384"},"wordCount":231,"commentCount":2,"publisher":{"@id":"https:\/\/guderley.com\/#\/schema\/person\/24a827645a6fedd3481426a7028dfdcd"},"image":{"@id":"http:\/\/guderley.com\/?p=1384#primaryimage"},"thumbnailUrl":"http:\/\/guderley.com\/wp-content\/uploads\/2012\/08\/wpid-Photo-01.08.2012-1751.jpg","articleSection":["2012 BALTIKUM"],"inLanguage":"de","potentialAction":[{"@type":"CommentAction","name":"Comment","target":["http:\/\/guderley.com\/?p=1384#respond"]}]},{"@type":"WebPage","@id":"http:\/\/guderley.com\/?p=1384","url":"http:\/\/guderley.com\/?p=1384","name":"1.8. Insel Saaremaa \/ Estland - 16. Tag - 1328 km - G\u00fcnter&#039;s Blog","isPartOf":{"@id":"https:\/\/guderley.com\/#website"},"primaryImageOfPage":{"@id":"http:\/\/guderley.com\/?p=1384#primaryimage"},"image":{"@id":"http:\/\/guderley.com\/?p=1384#primaryimage"},"thumbnailUrl":"http:\/\/guderley.com\/wp-content\/uploads\/2012\/08\/wpid-Photo-01.08.2012-1751.jpg","datePublished":"2012-08-02T08:31:55+00:00","dateModified":"2012-08-02T17:11:55+00:00","breadcrumb":{"@id":"http:\/\/guderley.com\/?p=1384#breadcrumb"},"inLanguage":"de","potentialAction":[{"@type":"ReadAction","target":["http:\/\/guderley.com\/?p=1384"]}]},{"@type":"ImageObject","inLanguage":"de","@id":"http:\/\/guderley.com\/?p=1384#primaryimage","url":"https:\/\/i0.wp.com\/guderley.com\/wp-content\/uploads\/2012\/08\/wpid-Photo-01.08.2012-1751.jpg?fit=1024%2C768","contentUrl":"https:\/\/i0.wp.com\/guderley.com\/wp-content\/uploads\/2012\/08\/wpid-Photo-01.08.2012-1751.jpg?fit=1024%2C768","width":"1024","height":"768"},{"@type":"BreadcrumbList","@id":"http:\/\/guderley.com\/?p=1384#breadcrumb","itemListElement":[{"@type":"ListItem","position":1,"name":"Startseite","item":"https:\/\/guderley.com\/"},{"@type":"ListItem","position":2,"name":"1.8. Insel Saaremaa \/ Estland &#8211; 16. Tag &#8211; 1328 km"}]},{"@type":"WebSite","@id":"https:\/\/guderley.com\/#website","url":"https:\/\/guderley.com\/","name":"G\u00fcnter's Blog","description":"Fahrrad Touren rund um die Welt","publisher":{"@id":"https:\/\/guderley.com\/#\/schema\/person\/24a827645a6fedd3481426a7028dfdcd"},"alternateName":"G\u00fcnter's Blog","potentialAction":[{"@type":"SearchAction","target":{"@type":"EntryPoint","urlTemplate":"https:\/\/guderley.com\/?s={search_term_string}"},"query-input":{"@type":"PropertyValueSpecification","valueRequired":true,"valueName":"search_term_string"}}],"inLanguage":"de"},{"@type":["Person","Organization"],"@id":"https:\/\/guderley.com\/#\/schema\/person\/24a827645a6fedd3481426a7028dfdcd","name":"guenter","image":{"@type":"ImageObject","inLanguage":"de","@id":"https:\/\/guderley.com\/#\/schema\/person\/image\/","url":"https:\/\/i0.wp.com\/guderley.com\/wp-content\/uploads\/img_8008-scaled.jpg?fit=1920%2C2560","contentUrl":"https:\/\/i0.wp.com\/guderley.com\/wp-content\/uploads\/img_8008-scaled.jpg?fit=1920%2C2560","width":1920,"height":2560,"caption":"guenter"},"logo":{"@id":"https:\/\/guderley.com\/#\/schema\/person\/image\/"},"sameAs":["http:\/\/guderley.com\/blog"],"url":"http:\/\/guderley.com\/?author=2"}]}},"jetpack_featured_media_url":"","jetpack_sharing_enabled":true,"jetpack_shortlink":"https:\/\/wp.me\/p9IuXF-mk","jetpack_likes_enabled":true,"jetpack-related-posts":[{"id":5583,"url":"http:\/\/guderley.com\/?p=5583","url_meta":{"origin":1384,"position":0},"title":"MRT 2023 &#8211; 15.06. &#8211; Do &#8211; Tag 35","author":"guenter","date":"Juni 15, 2023","format":false,"excerpt":"New Orleans \/ Louisiana Ich arbeite mich durch mein \u201etouristisches Programm\u201c. In New Orleans gibt es rund 1400 Lokalit\u00e4ten - hier in Downtown findet man an jeder Ecke kleine \u201eRestaurants\u201c, die mehr oder weniger einladend sind. Zum Fr\u00fchst\u00fcck bin ich bei mir um die Ecke in \u201eDaisy Dukes\u201c hineingestolpert -\u2026","rel":"","context":"In &quot;2023 MISSISSIPPI&quot;","block_context":{"text":"2023 MISSISSIPPI","link":"http:\/\/guderley.com\/?cat=34"},"img":{"alt_text":"","src":"https:\/\/i0.wp.com\/guderley.com\/wp-content\/uploads\/img_3744.jpg?resize=350%2C200","width":350,"height":200,"srcset":"https:\/\/i0.wp.com\/guderley.com\/wp-content\/uploads\/img_3744.jpg?resize=350%2C200 1x, https:\/\/i0.wp.com\/guderley.com\/wp-content\/uploads\/img_3744.jpg?resize=525%2C300 1.5x, https:\/\/i0.wp.com\/guderley.com\/wp-content\/uploads\/img_3744.jpg?resize=700%2C400 2x, https:\/\/i0.wp.com\/guderley.com\/wp-content\/uploads\/img_3744.jpg?resize=1050%2C600 3x, https:\/\/i0.wp.com\/guderley.com\/wp-content\/uploads\/img_3744.jpg?resize=1400%2C800 4x"},"classes":[]},{"id":317,"url":"http:\/\/guderley.com\/?p=317","url_meta":{"origin":1384,"position":1},"title":"POUSADA DO MAR\u00c3O  1475 km","author":"guenter","date":"Juni 1, 2010","format":false,"excerpt":"Aus Porto bin ich relativ gut, trotz morgendlichem Gedr\u00e4ngel, hinausgekommen. Auf Berge hatte ich mich eingestellt, ab Amarante war es dann aber schon heftig (der Taxifahrer hatte nicht ganz unrecht). Am Ende waren es fast 2100 H\u00f6henmeter heute und das mit den gut 25 kg hintendrauf, das geht schon in\u2026","rel":"","context":"In &quot;2010 EUROPATOUR&quot;","block_context":{"text":"2010 EUROPATOUR","link":"http:\/\/guderley.com\/?cat=1"},"img":{"alt_text":"","src":"","width":0,"height":0},"classes":[]},{"id":4585,"url":"http:\/\/guderley.com\/?p=4585","url_meta":{"origin":1384,"position":2},"title":"MRT 2022 &#8211; 18.07. &#8211; Tag 13 &#8211; 106 km &#8211; Total: 1178 &#8211; Ferryville WI &#8211; Cassville WI","author":"guenter","date":"Juli 19, 2022","format":false,"excerpt":"Wusste heute morgen nicht so genau auf welcher Seite ich fahren sollte. Wisconsin oder Iowa ? Klar war, dass ich nach Prairie Du Chien musste - gute 25 Meilen - auch einige kleinere Anstiege dabei. Lie\u00df sich gut fahren - war die ersten beiden Stunden meist im Schatten. Prairie Du\u2026","rel":"","context":"In &quot;2022 Mississippi&quot;","block_context":{"text":"2022 Mississippi","link":"http:\/\/guderley.com\/?cat=31"},"img":{"alt_text":"","src":"https:\/\/i0.wp.com\/guderley.com\/wp-content\/uploads\/img_8030-scaled.jpg?resize=350%2C200","width":350,"height":200,"srcset":"https:\/\/i0.wp.com\/guderley.com\/wp-content\/uploads\/img_8030-scaled.jpg?resize=350%2C200 1x, https:\/\/i0.wp.com\/guderley.com\/wp-content\/uploads\/img_8030-scaled.jpg?resize=525%2C300 1.5x, https:\/\/i0.wp.com\/guderley.com\/wp-content\/uploads\/img_8030-scaled.jpg?resize=700%2C400 2x, https:\/\/i0.wp.com\/guderley.com\/wp-content\/uploads\/img_8030-scaled.jpg?resize=1050%2C600 3x, https:\/\/i0.wp.com\/guderley.com\/wp-content\/uploads\/img_8030-scaled.jpg?resize=1400%2C800 4x"},"classes":[]},{"id":3600,"url":"http:\/\/guderley.com\/?p=3600","url_meta":{"origin":1384,"position":3},"title":"Tag 45 &#8211; Fr 29.06.2018 &#8211; Manzanita \/ Oregon \/ 95 km \/ Gesamt: 3246 km","author":"guenter","date":"Juni 30, 2018","format":false,"excerpt":"Ein toller Tag hat sich heute entwickelt. Im Gegensatz zu gestern habe ich nach 4 km in Ilwaco in der Morgensonne gefr\u00fchst\u00fcckt. Die Beine waren gut und ziemlich bald hat sich die Astoria Mergler Bridge gezeigt. Ein wahres Monster - \u00fcber 6 km lang \u00fcber den Columbia River und einem\u2026","rel":"","context":"In &quot;2018 ALASKA&quot;","block_context":{"text":"2018 ALASKA","link":"http:\/\/guderley.com\/?cat=28"},"img":{"alt_text":"","src":"https:\/\/i0.wp.com\/guderley.com\/wp-content\/uploads\/WhatsApp-Image-2018-06-30-at-04.34.50.jpeg?resize=350%2C200","width":350,"height":200,"srcset":"https:\/\/i0.wp.com\/guderley.com\/wp-content\/uploads\/WhatsApp-Image-2018-06-30-at-04.34.50.jpeg?resize=350%2C200 1x, https:\/\/i0.wp.com\/guderley.com\/wp-content\/uploads\/WhatsApp-Image-2018-06-30-at-04.34.50.jpeg?resize=525%2C300 1.5x, https:\/\/i0.wp.com\/guderley.com\/wp-content\/uploads\/WhatsApp-Image-2018-06-30-at-04.34.50.jpeg?resize=700%2C400 2x"},"classes":[]},{"id":1828,"url":"http:\/\/guderley.com\/?p=1828","url_meta":{"origin":1384,"position":4},"title":"J\u00e4ttendal  &#8211;  Tag 17  &#8211;  Mittwoch, 29. Mai","author":"guenter","date":"Mai 29, 2013","format":false,"excerpt":"119 km \/ 896 hm \/ 7:36 h - Gesamt 1843 km \/ 9905 hm \/ 111:32 Ein vollkommen trockenes Zelt einzupacken zeugt von sehr guten Wetterbedingungen. Tats\u00e4chlich strahlt die Sonne vom Himmel, bei herrlich frischer Luft. Und das Beste ist, im Moment sieht es nach dauerhaft sch\u00f6nem Wetter aus.\u2026","rel":"","context":"In &quot;2013 NORDKAPP&quot;","block_context":{"text":"2013 NORDKAPP","link":"http:\/\/guderley.com\/?cat=23"},"img":{"alt_text":"","src":"https:\/\/i0.wp.com\/guderley.com\/wp-content\/uploads\/2013\/05\/wpid-Photo-29.05.2013-20231.jpg?resize=350%2C200","width":350,"height":200,"srcset":"https:\/\/i0.wp.com\/guderley.com\/wp-content\/uploads\/2013\/05\/wpid-Photo-29.05.2013-20231.jpg?resize=350%2C200 1x, https:\/\/i0.wp.com\/guderley.com\/wp-content\/uploads\/2013\/05\/wpid-Photo-29.05.2013-20231.jpg?resize=525%2C300 1.5x, https:\/\/i0.wp.com\/guderley.com\/wp-content\/uploads\/2013\/05\/wpid-Photo-29.05.2013-20231.jpg?resize=700%2C400 2x"},"classes":[]},{"id":176,"url":"http:\/\/guderley.com\/?p=176","url_meta":{"origin":1384,"position":5},"title":"ROTA (C\u00e1diz) Km-Stand: 390","author":"guenter","date":"Mai 21, 2010","format":false,"excerpt":"Heute war der erste richtige Bike-Tag auf meiner Tour und er geht als der wohl bisher \"Windigste\" in meine persoenliche Fahrradgeschichte ein. El Levante so heisst dieser Wind der stramm von Sueden (also aus Afrika, da wo ich nicht hin durfte) blaest. Gut 85 % des Tages war er mein\u2026","rel":"","context":"In &quot;2010 EUROPATOUR&quot;","block_context":{"text":"2010 EUROPATOUR","link":"http:\/\/guderley.com\/?cat=1"},"img":{"alt_text":"","src":"","width":0,"height":0},"classes":[]}],"_links":{"self":[{"href":"http:\/\/guderley.com\/index.php?rest_route=\/wp\/v2\/posts\/1384","targetHints":{"allow":["GET"]}}],"collection":[{"href":"http:\/\/guderley.com\/index.php?rest_route=\/wp\/v2\/posts"}],"about":[{"href":"http:\/\/guderley.com\/index.php?rest_route=\/wp\/v2\/types\/post"}],"author":[{"embeddable":true,"href":"http:\/\/guderley.com\/index.php?rest_route=\/wp\/v2\/users\/2"}],"replies":[{"embeddable":true,"href":"http:\/\/guderley.com\/index.php?rest_route=%2Fwp%2Fv2%2Fcomments&post=1384"}],"version-history":[{"count":2,"href":"http:\/\/guderley.com\/index.php?rest_route=\/wp\/v2\/posts\/1384\/revisions"}],"predecessor-version":[{"id":1386,"href":"http:\/\/guderley.com\/index.php?rest_route=\/wp\/v2\/posts\/1384\/revisions\/1386"}],"wp:attachment":[{"href":"http:\/\/guderley.com\/index.php?rest_route=%2Fwp%2Fv2%2Fmedia&parent=1384"}],"wp:term":[{"taxonomy":"category","embeddable":true,"href":"http:\/\/guderley.com\/index.php?rest_route=%2Fwp%2Fv2%2Fcategories&post=1384"},{"taxonomy":"post_tag","embeddable":true,"href":"http:\/\/guderley.com\/index.php?rest_route=%2Fwp%2Fv2%2Ftags&post=1384"}],"curies":[{"name":"wp","href":"https:\/\/api.w.org\/{rel}","templated":true}]}}