{"id":1379,"date":"2012-08-01T11:45:16","date_gmt":"2012-08-01T10:45:16","guid":{"rendered":"http:\/\/guderley.com\/?p=1379"},"modified":"2012-08-01T11:45:16","modified_gmt":"2012-08-01T10:45:16","slug":"1-8-insel-hiiumaa-estland-16-tag-1275-km","status":"publish","type":"post","link":"http:\/\/guderley.com\/?p=1379","title":{"rendered":"1.8.  Insel Hiiumaa \/ Estland &#8211; 16.Tag &#8211; 1275 km"},"content":{"rendered":"<p>Das Quartier war wirklich prima. Die Chefin hat mir ein m\u00e4chtiges Fr\u00fchst\u00fcck serviert, wenn ich das alles gegessen h\u00e4tte, w\u00e4re ich nicht aufs Rad gekommen.<\/p>\n<div class=\"separator\" style=\"clear: both; text-align: center;\"><a href=\"https:\/\/i0.wp.com\/guderley.com\/wp-content\/uploads\/2012\/08\/wpid-Photo-01.08.2012-0920.jpg\" target=\"_blank\" style=\"margin-left: 1em; margin-right: 1em;\"><img data-recalc-dims=\"1\" decoding=\"async\" src=\"https:\/\/i0.wp.com\/guderley.com\/wp-content\/uploads\/2012\/08\/wpid-Photo-01.08.2012-0920.jpg?resize=500%2C375\" id=\"blogsy-1343817874850.7646\" class=\"aligncenter\" alt=\"\" width=\"500\" height=\"375\"><\/a><\/div>\n<p>Die Insel ist landschaftlich sehr beeindruckend, trotzdem kam mir heute immer wieder der Song &#8222;The Long and winding road&#8220; in den Sinn, obwohl es dann doch mehr geradeaus ging.<\/p>\n<div class=\"separator\" style=\"clear: both; text-align: center;\"><a href=\"https:\/\/i0.wp.com\/guderley.com\/wp-content\/uploads\/2012\/08\/wpid-Photo-01.08.2012-0939.jpg\" target=\"_blank\" style=\"margin-left: 1em; margin-right: 1em;\"><img data-recalc-dims=\"1\" decoding=\"async\" src=\"https:\/\/i0.wp.com\/guderley.com\/wp-content\/uploads\/2012\/08\/wpid-Photo-01.08.2012-0939.jpg?resize=500%2C375\" id=\"blogsy-1343817874944.4243\" class=\"aligncenter\" alt=\"\" width=\"500\" height=\"375\"><\/a><\/div>\n<p>Ich bin jetzt gegen Mittag ganz hinaus auf eine Halbinsel namens K\u00f5pu geradelt und bin auf einen der wohl \u00e4ltesten Leuchtt\u00fcrme im ganzen Baltikum gestiegen. Das Panorama ist nicht zu fotografieren.<\/p>\n<div class=\"separator\" style=\"clear: both; text-align: center;\"><a href=\"https:\/\/i0.wp.com\/guderley.com\/wp-content\/uploads\/2012\/08\/wpid-Photo-01.08.2012-1343.jpg\" target=\"_blank\" style=\"margin-left: 1em; margin-right: 1em;\"><img data-recalc-dims=\"1\" decoding=\"async\" src=\"https:\/\/i0.wp.com\/guderley.com\/wp-content\/uploads\/2012\/08\/wpid-Photo-01.08.2012-1343.jpg?resize=500%2C666\" id=\"blogsy-1343817874860.5583\" class=\"aligncenter\" alt=\"\" width=\"500\" height=\"666\"><\/a><\/div>\n<div class=\"separator\" style=\"clear: both; text-align: center;\"><a href=\"https:\/\/i0.wp.com\/guderley.com\/wp-content\/uploads\/2012\/08\/wpid-Photo-01.08.2012-1250.jpg\" target=\"_blank\" style=\"margin-left: 1em; margin-right: 1em;\"><img data-recalc-dims=\"1\" decoding=\"async\" src=\"https:\/\/i0.wp.com\/guderley.com\/wp-content\/uploads\/2012\/08\/wpid-Photo-01.08.2012-1250.jpg?resize=500%2C375\" id=\"blogsy-1343817874898.636\" class=\"aligncenter\" alt=\"\" width=\"500\" height=\"375\"><\/a><\/div>\n<p>Jetzt liegen ungef\u00e4hr 50 km vor mir bis zur F\u00e4hre nach Saarema.<\/p>\n<p>Wetter gemischt, Stimmung und Energie sehr gut.<\/p>\n<p>&nbsp;<\/p>\n<div style=\"text-align: right; font-size: small; clear: both;\" id=\"blogsy_footer\"><a href=\"http:\/\/blogsyapp.com\" target=\"_blank\"><img data-recalc-dims=\"1\" decoding=\"async\" src=\"https:\/\/i0.wp.com\/blogsyapp.com\/images\/blogsy_footer_icon.png?resize=20%2C20\" alt=\"Mit Blogsy ver\u00f6ffentlicht\" style=\"vertical-align: middle; margin-right: 5px;\" width=\"20\" height=\"20\" \/>Mit Blogsy ver\u00f6ffentlicht<\/a><\/div>\n","protected":false},"excerpt":{"rendered":"<p>Das Quartier war wirklich prima. Die Chefin hat mir ein m\u00e4chtiges Fr\u00fchst\u00fcck serviert, wenn ich das alles gegessen h\u00e4tte, w\u00e4re ich nicht aufs Rad gekommen. Die Insel ist landschaftlich sehr beeindruckend, trotzdem kam mir heute immer wieder der Song &#8222;The Long and winding road&#8220; in den Sinn, obwohl es dann doch mehr geradeaus ging. Ich [&hellip;]<\/p>\n","protected":false},"author":2,"featured_media":0,"comment_status":"open","ping_status":"open","sticky":false,"template":"","format":"standard","meta":{"_jetpack_newsletter_access":"","_jetpack_dont_email_post_to_subs":false,"_jetpack_newsletter_tier_id":0,"_jetpack_memberships_contains_paywalled_content":false,"_jetpack_memberships_contains_paid_content":false,"footnotes":""},"categories":[22],"tags":[],"class_list":["post-1379","post","type-post","status-publish","format-standard","hentry","category-baltikum-2012"],"yoast_head":"<!-- This site is optimized with the Yoast SEO plugin v25.8 - https:\/\/yoast.com\/wordpress\/plugins\/seo\/ -->\n<title>1.8. Insel Hiiumaa \/ Estland - 16.Tag - 1275 km - G\u00fcnter&#039;s Blog<\/title>\n<meta name=\"robots\" content=\"index, follow, max-snippet:-1, max-image-preview:large, max-video-preview:-1\" \/>\n<link rel=\"canonical\" href=\"http:\/\/guderley.com\/?p=1379\" \/>\n<meta property=\"og:locale\" content=\"de_DE\" \/>\n<meta property=\"og:type\" content=\"article\" \/>\n<meta property=\"og:title\" content=\"1.8. Insel Hiiumaa \/ Estland - 16.Tag - 1275 km - G\u00fcnter&#039;s Blog\" \/>\n<meta property=\"og:description\" content=\"Das Quartier war wirklich prima. Die Chefin hat mir ein m\u00e4chtiges Fr\u00fchst\u00fcck serviert, wenn ich das alles gegessen h\u00e4tte, w\u00e4re ich nicht aufs Rad gekommen. Die Insel ist landschaftlich sehr beeindruckend, trotzdem kam mir heute immer wieder der Song &#8222;The Long and winding road&#8220; in den Sinn, obwohl es dann doch mehr geradeaus ging. Ich [&hellip;]\" \/>\n<meta property=\"og:url\" content=\"http:\/\/guderley.com\/?p=1379\" \/>\n<meta property=\"og:site_name\" content=\"G\u00fcnter&#039;s Blog\" \/>\n<meta property=\"article:published_time\" content=\"2012-08-01T10:45:16+00:00\" \/>\n<meta property=\"og:image\" content=\"http:\/\/guderley.com\/wp-content\/uploads\/2012\/08\/wpid-Photo-01.08.2012-0920.jpg\" \/>\n<meta name=\"author\" content=\"guenter\" \/>\n<meta name=\"twitter:card\" content=\"summary_large_image\" \/>\n<meta name=\"twitter:label1\" content=\"Verfasst von\" \/>\n\t<meta name=\"twitter:data1\" content=\"guenter\" \/>\n\t<meta name=\"twitter:label2\" content=\"Gesch\u00e4tzte Lesezeit\" \/>\n\t<meta name=\"twitter:data2\" content=\"1\u00a0Minute\" \/>\n<script type=\"application\/ld+json\" class=\"yoast-schema-graph\">{\"@context\":\"https:\/\/schema.org\",\"@graph\":[{\"@type\":\"Article\",\"@id\":\"http:\/\/guderley.com\/?p=1379#article\",\"isPartOf\":{\"@id\":\"http:\/\/guderley.com\/?p=1379\"},\"author\":{\"name\":\"guenter\",\"@id\":\"https:\/\/guderley.com\/#\/schema\/person\/24a827645a6fedd3481426a7028dfdcd\"},\"headline\":\"1.8. Insel Hiiumaa \/ Estland &#8211; 16.Tag &#8211; 1275 km\",\"datePublished\":\"2012-08-01T10:45:16+00:00\",\"mainEntityOfPage\":{\"@id\":\"http:\/\/guderley.com\/?p=1379\"},\"wordCount\":124,\"commentCount\":0,\"publisher\":{\"@id\":\"https:\/\/guderley.com\/#\/schema\/person\/24a827645a6fedd3481426a7028dfdcd\"},\"image\":{\"@id\":\"http:\/\/guderley.com\/?p=1379#primaryimage\"},\"thumbnailUrl\":\"http:\/\/guderley.com\/wp-content\/uploads\/2012\/08\/wpid-Photo-01.08.2012-0920.jpg\",\"articleSection\":[\"2012 BALTIKUM\"],\"inLanguage\":\"de\",\"potentialAction\":[{\"@type\":\"CommentAction\",\"name\":\"Comment\",\"target\":[\"http:\/\/guderley.com\/?p=1379#respond\"]}]},{\"@type\":\"WebPage\",\"@id\":\"http:\/\/guderley.com\/?p=1379\",\"url\":\"http:\/\/guderley.com\/?p=1379\",\"name\":\"1.8. Insel Hiiumaa \/ Estland - 16.Tag - 1275 km - G\u00fcnter&#039;s Blog\",\"isPartOf\":{\"@id\":\"https:\/\/guderley.com\/#website\"},\"primaryImageOfPage\":{\"@id\":\"http:\/\/guderley.com\/?p=1379#primaryimage\"},\"image\":{\"@id\":\"http:\/\/guderley.com\/?p=1379#primaryimage\"},\"thumbnailUrl\":\"http:\/\/guderley.com\/wp-content\/uploads\/2012\/08\/wpid-Photo-01.08.2012-0920.jpg\",\"datePublished\":\"2012-08-01T10:45:16+00:00\",\"breadcrumb\":{\"@id\":\"http:\/\/guderley.com\/?p=1379#breadcrumb\"},\"inLanguage\":\"de\",\"potentialAction\":[{\"@type\":\"ReadAction\",\"target\":[\"http:\/\/guderley.com\/?p=1379\"]}]},{\"@type\":\"ImageObject\",\"inLanguage\":\"de\",\"@id\":\"http:\/\/guderley.com\/?p=1379#primaryimage\",\"url\":\"https:\/\/i0.wp.com\/guderley.com\/wp-content\/uploads\/2012\/08\/wpid-Photo-01.08.2012-0920.jpg?fit=1024%2C768\",\"contentUrl\":\"https:\/\/i0.wp.com\/guderley.com\/wp-content\/uploads\/2012\/08\/wpid-Photo-01.08.2012-0920.jpg?fit=1024%2C768\",\"width\":\"1024\",\"height\":\"768\"},{\"@type\":\"BreadcrumbList\",\"@id\":\"http:\/\/guderley.com\/?p=1379#breadcrumb\",\"itemListElement\":[{\"@type\":\"ListItem\",\"position\":1,\"name\":\"Startseite\",\"item\":\"https:\/\/guderley.com\/\"},{\"@type\":\"ListItem\",\"position\":2,\"name\":\"1.8. Insel Hiiumaa \/ Estland &#8211; 16.Tag &#8211; 1275 km\"}]},{\"@type\":\"WebSite\",\"@id\":\"https:\/\/guderley.com\/#website\",\"url\":\"https:\/\/guderley.com\/\",\"name\":\"G\u00fcnter's Blog\",\"description\":\"Fahrrad Touren rund um die Welt\",\"publisher\":{\"@id\":\"https:\/\/guderley.com\/#\/schema\/person\/24a827645a6fedd3481426a7028dfdcd\"},\"alternateName\":\"G\u00fcnter's Blog\",\"potentialAction\":[{\"@type\":\"SearchAction\",\"target\":{\"@type\":\"EntryPoint\",\"urlTemplate\":\"https:\/\/guderley.com\/?s={search_term_string}\"},\"query-input\":{\"@type\":\"PropertyValueSpecification\",\"valueRequired\":true,\"valueName\":\"search_term_string\"}}],\"inLanguage\":\"de\"},{\"@type\":[\"Person\",\"Organization\"],\"@id\":\"https:\/\/guderley.com\/#\/schema\/person\/24a827645a6fedd3481426a7028dfdcd\",\"name\":\"guenter\",\"image\":{\"@type\":\"ImageObject\",\"inLanguage\":\"de\",\"@id\":\"https:\/\/guderley.com\/#\/schema\/person\/image\/\",\"url\":\"https:\/\/i0.wp.com\/guderley.com\/wp-content\/uploads\/img_8008-scaled.jpg?fit=1920%2C2560\",\"contentUrl\":\"https:\/\/i0.wp.com\/guderley.com\/wp-content\/uploads\/img_8008-scaled.jpg?fit=1920%2C2560\",\"width\":1920,\"height\":2560,\"caption\":\"guenter\"},\"logo\":{\"@id\":\"https:\/\/guderley.com\/#\/schema\/person\/image\/\"},\"sameAs\":[\"http:\/\/guderley.com\/blog\"],\"url\":\"http:\/\/guderley.com\/?author=2\"}]}<\/script>\n<!-- \/ Yoast SEO plugin. -->","yoast_head_json":{"title":"1.8. Insel Hiiumaa \/ Estland - 16.Tag - 1275 km - G\u00fcnter&#039;s Blog","robots":{"index":"index","follow":"follow","max-snippet":"max-snippet:-1","max-image-preview":"max-image-preview:large","max-video-preview":"max-video-preview:-1"},"canonical":"http:\/\/guderley.com\/?p=1379","og_locale":"de_DE","og_type":"article","og_title":"1.8. Insel Hiiumaa \/ Estland - 16.Tag - 1275 km - G\u00fcnter&#039;s Blog","og_description":"Das Quartier war wirklich prima. Die Chefin hat mir ein m\u00e4chtiges Fr\u00fchst\u00fcck serviert, wenn ich das alles gegessen h\u00e4tte, w\u00e4re ich nicht aufs Rad gekommen. Die Insel ist landschaftlich sehr beeindruckend, trotzdem kam mir heute immer wieder der Song &#8222;The Long and winding road&#8220; in den Sinn, obwohl es dann doch mehr geradeaus ging. Ich [&hellip;]","og_url":"http:\/\/guderley.com\/?p=1379","og_site_name":"G\u00fcnter&#039;s Blog","article_published_time":"2012-08-01T10:45:16+00:00","og_image":[{"url":"http:\/\/guderley.com\/wp-content\/uploads\/2012\/08\/wpid-Photo-01.08.2012-0920.jpg","type":"","width":"","height":""}],"author":"guenter","twitter_card":"summary_large_image","twitter_misc":{"Verfasst von":"guenter","Gesch\u00e4tzte Lesezeit":"1\u00a0Minute"},"schema":{"@context":"https:\/\/schema.org","@graph":[{"@type":"Article","@id":"http:\/\/guderley.com\/?p=1379#article","isPartOf":{"@id":"http:\/\/guderley.com\/?p=1379"},"author":{"name":"guenter","@id":"https:\/\/guderley.com\/#\/schema\/person\/24a827645a6fedd3481426a7028dfdcd"},"headline":"1.8. Insel Hiiumaa \/ Estland &#8211; 16.Tag &#8211; 1275 km","datePublished":"2012-08-01T10:45:16+00:00","mainEntityOfPage":{"@id":"http:\/\/guderley.com\/?p=1379"},"wordCount":124,"commentCount":0,"publisher":{"@id":"https:\/\/guderley.com\/#\/schema\/person\/24a827645a6fedd3481426a7028dfdcd"},"image":{"@id":"http:\/\/guderley.com\/?p=1379#primaryimage"},"thumbnailUrl":"http:\/\/guderley.com\/wp-content\/uploads\/2012\/08\/wpid-Photo-01.08.2012-0920.jpg","articleSection":["2012 BALTIKUM"],"inLanguage":"de","potentialAction":[{"@type":"CommentAction","name":"Comment","target":["http:\/\/guderley.com\/?p=1379#respond"]}]},{"@type":"WebPage","@id":"http:\/\/guderley.com\/?p=1379","url":"http:\/\/guderley.com\/?p=1379","name":"1.8. Insel Hiiumaa \/ Estland - 16.Tag - 1275 km - G\u00fcnter&#039;s Blog","isPartOf":{"@id":"https:\/\/guderley.com\/#website"},"primaryImageOfPage":{"@id":"http:\/\/guderley.com\/?p=1379#primaryimage"},"image":{"@id":"http:\/\/guderley.com\/?p=1379#primaryimage"},"thumbnailUrl":"http:\/\/guderley.com\/wp-content\/uploads\/2012\/08\/wpid-Photo-01.08.2012-0920.jpg","datePublished":"2012-08-01T10:45:16+00:00","breadcrumb":{"@id":"http:\/\/guderley.com\/?p=1379#breadcrumb"},"inLanguage":"de","potentialAction":[{"@type":"ReadAction","target":["http:\/\/guderley.com\/?p=1379"]}]},{"@type":"ImageObject","inLanguage":"de","@id":"http:\/\/guderley.com\/?p=1379#primaryimage","url":"https:\/\/i0.wp.com\/guderley.com\/wp-content\/uploads\/2012\/08\/wpid-Photo-01.08.2012-0920.jpg?fit=1024%2C768","contentUrl":"https:\/\/i0.wp.com\/guderley.com\/wp-content\/uploads\/2012\/08\/wpid-Photo-01.08.2012-0920.jpg?fit=1024%2C768","width":"1024","height":"768"},{"@type":"BreadcrumbList","@id":"http:\/\/guderley.com\/?p=1379#breadcrumb","itemListElement":[{"@type":"ListItem","position":1,"name":"Startseite","item":"https:\/\/guderley.com\/"},{"@type":"ListItem","position":2,"name":"1.8. Insel Hiiumaa \/ Estland &#8211; 16.Tag &#8211; 1275 km"}]},{"@type":"WebSite","@id":"https:\/\/guderley.com\/#website","url":"https:\/\/guderley.com\/","name":"G\u00fcnter's Blog","description":"Fahrrad Touren rund um die Welt","publisher":{"@id":"https:\/\/guderley.com\/#\/schema\/person\/24a827645a6fedd3481426a7028dfdcd"},"alternateName":"G\u00fcnter's Blog","potentialAction":[{"@type":"SearchAction","target":{"@type":"EntryPoint","urlTemplate":"https:\/\/guderley.com\/?s={search_term_string}"},"query-input":{"@type":"PropertyValueSpecification","valueRequired":true,"valueName":"search_term_string"}}],"inLanguage":"de"},{"@type":["Person","Organization"],"@id":"https:\/\/guderley.com\/#\/schema\/person\/24a827645a6fedd3481426a7028dfdcd","name":"guenter","image":{"@type":"ImageObject","inLanguage":"de","@id":"https:\/\/guderley.com\/#\/schema\/person\/image\/","url":"https:\/\/i0.wp.com\/guderley.com\/wp-content\/uploads\/img_8008-scaled.jpg?fit=1920%2C2560","contentUrl":"https:\/\/i0.wp.com\/guderley.com\/wp-content\/uploads\/img_8008-scaled.jpg?fit=1920%2C2560","width":1920,"height":2560,"caption":"guenter"},"logo":{"@id":"https:\/\/guderley.com\/#\/schema\/person\/image\/"},"sameAs":["http:\/\/guderley.com\/blog"],"url":"http:\/\/guderley.com\/?author=2"}]}},"jetpack_featured_media_url":"","jetpack_sharing_enabled":true,"jetpack_shortlink":"https:\/\/wp.me\/p9IuXF-mf","jetpack_likes_enabled":true,"jetpack-related-posts":[{"id":1387,"url":"http:\/\/guderley.com\/?p=1387","url_meta":{"origin":1379,"position":0},"title":"2.8.  Insel Saaremaa \/ Estland &#8211; 17. Tag &#8211; 1435 km","author":"guenter","date":"August 2, 2012","format":false,"excerpt":"Also ganz ehrlich, die Insel ist der Hammer, soviel traumhafte Natur und Landschaft das ist echt der Wahnsinn. Ich bin nat\u00fcrlich nicht ganz allein unterwegs, aber arg viele Touristen sind es nicht, gemessen an der Inselgr\u00f6\u00dfe.\u00a0Hier unten in Kuressare, der Inselhauptstadt, da ist allerdings schon einiges los. Da legen jede\u2026","rel":"","context":"In &quot;2012 BALTIKUM&quot;","block_context":{"text":"2012 BALTIKUM","link":"http:\/\/guderley.com\/?cat=22"},"img":{"alt_text":"","src":"https:\/\/i0.wp.com\/guderley.com\/wp-content\/uploads\/2012\/08\/wpid-Photo-02.08.2012-1629.jpg?resize=350%2C200","width":350,"height":200,"srcset":"https:\/\/i0.wp.com\/guderley.com\/wp-content\/uploads\/2012\/08\/wpid-Photo-02.08.2012-1629.jpg?resize=350%2C200 1x, https:\/\/i0.wp.com\/guderley.com\/wp-content\/uploads\/2012\/08\/wpid-Photo-02.08.2012-1629.jpg?resize=525%2C300 1.5x, https:\/\/i0.wp.com\/guderley.com\/wp-content\/uploads\/2012\/08\/wpid-Photo-02.08.2012-1629.jpg?resize=700%2C400 2x"},"classes":[]},{"id":1374,"url":"http:\/\/guderley.com\/?p=1374","url_meta":{"origin":1379,"position":1},"title":"31.7. Insel Hiiumaa \/Estland -15. Tag &#8211; 1235 km","author":"guenter","date":"Juli 31, 2012","format":false,"excerpt":"Als ich von der Mittagsrast losfuhr wurde es ziemlich dunkel \u00fcber Haapsalu und ich hatte noch ungef\u00e4hr 10 km bis zum F\u00e4hrhafen Rohuk\u00fcla (klingt wie Rucola). Wie immer wenn man beim Radfahren gegen seine eigenen Grunds\u00e4tze verst\u00f6\u00dft wird man daf\u00fcr bestraft.Ich dachte das schaffe ich noch bis zur F\u00e4hre, aber\u2026","rel":"","context":"In &quot;2012 BALTIKUM&quot;","block_context":{"text":"2012 BALTIKUM","link":"http:\/\/guderley.com\/?cat=22"},"img":{"alt_text":"","src":"https:\/\/i0.wp.com\/guderley.com\/wp-content\/uploads\/2012\/07\/wpid-Photo-31.07.2012-2126.jpg?resize=350%2C200","width":350,"height":200,"srcset":"https:\/\/i0.wp.com\/guderley.com\/wp-content\/uploads\/2012\/07\/wpid-Photo-31.07.2012-2126.jpg?resize=350%2C200 1x, https:\/\/i0.wp.com\/guderley.com\/wp-content\/uploads\/2012\/07\/wpid-Photo-31.07.2012-2126.jpg?resize=525%2C300 1.5x, https:\/\/i0.wp.com\/guderley.com\/wp-content\/uploads\/2012\/07\/wpid-Photo-31.07.2012-2126.jpg?resize=700%2C400 2x"},"classes":[]},{"id":1362,"url":"http:\/\/guderley.com\/?p=1362","url_meta":{"origin":1379,"position":2},"title":"31.7. Haapsalu \/ Estland &#8211; 15. Tag &#8211; 1200 km","author":"guenter","date":"Juli 31, 2012","format":false,"excerpt":"Ja und es blieb trocken. Ich habe in einem riesigen Kiefernwald mit dem Meeresrauschen im Ohr tief und fest geschlafen. Ich gebe zu, das klingt kitschig ist aber die Wahrheit.Beim Losfahren ist mir dann so durch den Kopf gegangen, jetzt ist der Juli schon rum !, allerdings liegt noch der\u2026","rel":"","context":"In &quot;2012 BALTIKUM&quot;","block_context":{"text":"2012 BALTIKUM","link":"http:\/\/guderley.com\/?cat=22"},"img":{"alt_text":"","src":"https:\/\/i0.wp.com\/guderley.com\/wp-content\/uploads\/2012\/07\/wpid-Photo-31.07.2012-1227.jpg?resize=350%2C200","width":350,"height":200,"srcset":"https:\/\/i0.wp.com\/guderley.com\/wp-content\/uploads\/2012\/07\/wpid-Photo-31.07.2012-1227.jpg?resize=350%2C200 1x, https:\/\/i0.wp.com\/guderley.com\/wp-content\/uploads\/2012\/07\/wpid-Photo-31.07.2012-1227.jpg?resize=525%2C300 1.5x, https:\/\/i0.wp.com\/guderley.com\/wp-content\/uploads\/2012\/07\/wpid-Photo-31.07.2012-1227.jpg?resize=700%2C400 2x"},"classes":[]},{"id":1384,"url":"http:\/\/guderley.com\/?p=1384","url_meta":{"origin":1379,"position":3},"title":"1.8.  Insel Saaremaa \/ Estland &#8211; 16. Tag &#8211; 1328 km","author":"guenter","date":"August 2, 2012","format":false,"excerpt":"Ich war gut p\u00fcnktlich an der F\u00e4hre zwischen diesen beiden estnischen Inseln, die im Sommer viermal t\u00e4glich hin\u00fcber und her\u00fcber f\u00e4hrt. Die \u00dcberfahrt dauert gut 1 1\/4 h und man kommt im F\u00e4hrhafen Trigi an. Da stehen maximal sechs H\u00fctten und das wars dann. Ich war so gegen 19:30 auf\u2026","rel":"","context":"In &quot;2012 BALTIKUM&quot;","block_context":{"text":"2012 BALTIKUM","link":"http:\/\/guderley.com\/?cat=22"},"img":{"alt_text":"","src":"https:\/\/i0.wp.com\/guderley.com\/wp-content\/uploads\/2012\/08\/wpid-Photo-01.08.2012-2030.jpg?resize=350%2C200","width":350,"height":200,"srcset":"https:\/\/i0.wp.com\/guderley.com\/wp-content\/uploads\/2012\/08\/wpid-Photo-01.08.2012-2030.jpg?resize=350%2C200 1x, https:\/\/i0.wp.com\/guderley.com\/wp-content\/uploads\/2012\/08\/wpid-Photo-01.08.2012-2030.jpg?resize=525%2C300 1.5x, https:\/\/i0.wp.com\/guderley.com\/wp-content\/uploads\/2012\/08\/wpid-Photo-01.08.2012-2030.jpg?resize=700%2C400 2x"},"classes":[]},{"id":4814,"url":"http:\/\/guderley.com\/?p=4814","url_meta":{"origin":1379,"position":4},"title":"MRT 2023 &#8211; 16.05. &#8211; Di &#8211; Tag 5","author":"guenter","date":"Mai 17, 2023","format":false,"excerpt":"Winona MN - Goose Island WI \u2014> 71 km Gesamt: 320 km Ich nehme das Ende vorweg - es war ein Tag von dem man als Tourenradler tr\u00e4umt. Rob hat ein Fr\u00fchst\u00fcck gezaubert - das war der Hammer - kleiner Wermutstropfen f\u00fcr mich, die Familie trinkt keinen Kaffee und es\u2026","rel":"","context":"In &quot;2023 MISSISSIPPI&quot;","block_context":{"text":"2023 MISSISSIPPI","link":"http:\/\/guderley.com\/?cat=34"},"img":{"alt_text":"","src":"https:\/\/i0.wp.com\/guderley.com\/wp-content\/uploads\/img_2850.jpg?resize=350%2C200","width":350,"height":200,"srcset":"https:\/\/i0.wp.com\/guderley.com\/wp-content\/uploads\/img_2850.jpg?resize=350%2C200 1x, https:\/\/i0.wp.com\/guderley.com\/wp-content\/uploads\/img_2850.jpg?resize=525%2C300 1.5x, https:\/\/i0.wp.com\/guderley.com\/wp-content\/uploads\/img_2850.jpg?resize=700%2C400 2x, https:\/\/i0.wp.com\/guderley.com\/wp-content\/uploads\/img_2850.jpg?resize=1050%2C600 3x, https:\/\/i0.wp.com\/guderley.com\/wp-content\/uploads\/img_2850.jpg?resize=1400%2C800 4x"},"classes":[]},{"id":1256,"url":"http:\/\/guderley.com\/?p=1256","url_meta":{"origin":1379,"position":5},"title":"18.7.  Helsinki \/ Finnland","author":"guenter","date":"Juli 18, 2012","format":false,"excerpt":"Gegen Mitternacht war es dann wohl dunkel geworden und um 4 Uhr war es schon wieder hell. Das gef\u00e4llt mir. Gut ausgeschlafen habe ich mich an die \u00d6ffnung meines Transportkartons gemacht, der neben dem \"Blauen Elephanten\" weitere wesentliche Teile meiner Ausr\u00fcstung beherbergte (Zelt, Schlafsack, Isomatte etc.). Um es vorweg zu\u2026","rel":"","context":"In &quot;2012 BALTIKUM&quot;","block_context":{"text":"2012 BALTIKUM","link":"http:\/\/guderley.com\/?cat=22"},"img":{"alt_text":"","src":"https:\/\/i0.wp.com\/guderley.com\/wp-content\/uploads\/2012\/07\/wpid-Photo-19.07.2012-2243.jpg?resize=350%2C200","width":350,"height":200,"srcset":"https:\/\/i0.wp.com\/guderley.com\/wp-content\/uploads\/2012\/07\/wpid-Photo-19.07.2012-2243.jpg?resize=350%2C200 1x, https:\/\/i0.wp.com\/guderley.com\/wp-content\/uploads\/2012\/07\/wpid-Photo-19.07.2012-2243.jpg?resize=525%2C300 1.5x, https:\/\/i0.wp.com\/guderley.com\/wp-content\/uploads\/2012\/07\/wpid-Photo-19.07.2012-2243.jpg?resize=700%2C400 2x"},"classes":[]}],"_links":{"self":[{"href":"http:\/\/guderley.com\/index.php?rest_route=\/wp\/v2\/posts\/1379","targetHints":{"allow":["GET"]}}],"collection":[{"href":"http:\/\/guderley.com\/index.php?rest_route=\/wp\/v2\/posts"}],"about":[{"href":"http:\/\/guderley.com\/index.php?rest_route=\/wp\/v2\/types\/post"}],"author":[{"embeddable":true,"href":"http:\/\/guderley.com\/index.php?rest_route=\/wp\/v2\/users\/2"}],"replies":[{"embeddable":true,"href":"http:\/\/guderley.com\/index.php?rest_route=%2Fwp%2Fv2%2Fcomments&post=1379"}],"version-history":[{"count":0,"href":"http:\/\/guderley.com\/index.php?rest_route=\/wp\/v2\/posts\/1379\/revisions"}],"wp:attachment":[{"href":"http:\/\/guderley.com\/index.php?rest_route=%2Fwp%2Fv2%2Fmedia&parent=1379"}],"wp:term":[{"taxonomy":"category","embeddable":true,"href":"http:\/\/guderley.com\/index.php?rest_route=%2Fwp%2Fv2%2Fcategories&post=1379"},{"taxonomy":"post_tag","embeddable":true,"href":"http:\/\/guderley.com\/index.php?rest_route=%2Fwp%2Fv2%2Ftags&post=1379"}],"curies":[{"name":"wp","href":"https:\/\/api.w.org\/{rel}","templated":true}]}}