{"id":1362,"date":"2012-07-31T10:27:37","date_gmt":"2012-07-31T09:27:37","guid":{"rendered":"http:\/\/guderley.com\/?p=1362"},"modified":"2012-07-31T12:59:32","modified_gmt":"2012-07-31T11:59:32","slug":"31-7-haapsalu-estland-15-tag-1190-km","status":"publish","type":"post","link":"http:\/\/guderley.com\/?p=1362","title":{"rendered":"31.7. Haapsalu \/ Estland &#8211; 15. Tag &#8211; 1200 km"},"content":{"rendered":"<p>Ja und es blieb trocken. Ich habe in einem riesigen Kiefernwald mit dem Meeresrauschen im Ohr tief und fest geschlafen. Ich gebe zu, das klingt kitschig ist aber die Wahrheit.<\/p>\n<p>Beim Losfahren ist mir dann so durch den Kopf gegangen, jetzt ist der Juli schon rum !, allerdings liegt noch der ganze August vor mir &#8211; coole Perspektive.<\/p>\n<p>Mittlerweile habe ich mich fit gefahren, die Sitzposition habe ich auch gefunden. Der Gegner ist dann entweder der Wind oder der Belag oder beides zusammen, manchmal auch der &#8222;Innere Schweinehund&#8220;. Wie ich den in den Griff kriege, habe ich in \u00fcber 30 Jahren Ausdauersport ganz gut gelernt.<\/p>\n<p>Nachdem ich nicht wei\u00df was mich auf der Insel Hiiumaa heute Nachmittag erwartet habe ich in diesem L\u00e4dchen ausreichend Verpflegung aufgenommen.<\/p>\n<div class=\"separator\" style=\"clear: both; text-align: center;\"><a href=\"https:\/\/i0.wp.com\/guderley.com\/wp-content\/uploads\/2012\/07\/wpid-Photo-31.07.2012-1054.jpg\" target=\"_blank\" style=\"margin-left: 1em; margin-right: 1em;\"><img data-recalc-dims=\"1\" decoding=\"async\" src=\"https:\/\/i0.wp.com\/guderley.com\/wp-content\/uploads\/2012\/07\/wpid-Photo-31.07.2012-1054.jpg?resize=500%2C375\" id=\"blogsy-1343728405194.512\" class=\"aligncenter\" alt=\"\" width=\"500\" height=\"375\"><\/a><\/div>\n<p>Hier in Haapsalu im Restaurant des Promenade-Hotels bin ich wieder mal der einzige Gast. Eine warme Mahlzeit sollte es heute schon sein, nachdem Ausfall gestern. Der Fisch und das Bier waren genau das richtige heute Mittag.<\/p>\n<div class=\"separator\" style=\"clear: both; text-align: center;\"><a href=\"https:\/\/i0.wp.com\/guderley.com\/wp-content\/uploads\/2012\/07\/wpid-Photo-31.07.2012-1227.jpg\" target=\"_blank\" style=\"margin-left: 1em; margin-right: 1em;\"><img data-recalc-dims=\"1\" decoding=\"async\" src=\"https:\/\/i0.wp.com\/guderley.com\/wp-content\/uploads\/2012\/07\/wpid-Photo-31.07.2012-1227.jpg?resize=500%2C375\" id=\"blogsy-1343728405276.9749\" class=\"aligncenter\" alt=\"\" width=\"500\" height=\"375\"><\/a><\/div>\n<p>&nbsp;<\/p>\n<div style=\"text-align: right; font-size: small; clear: both;\" id=\"blogsy_footer\"><a href=\"http:\/\/blogsyapp.com\" target=\"_blank\"><img data-recalc-dims=\"1\" decoding=\"async\" src=\"https:\/\/i0.wp.com\/blogsyapp.com\/images\/blogsy_footer_icon.png?resize=20%2C20\" alt=\"Mit Blogsy ver\u00f6ffentlicht\" style=\"vertical-align: middle; margin-right: 5px;\" width=\"20\" height=\"20\" \/Auf dem Weg zum F\u00e4hrhafen bin ich in einen solchen Regen hineingefahren, dass mir keine Zeit zum Umziehen blieb. Jetzt sitze ich klatschna\u00df hier und warte auf die F\u00e4hre die in 2h geht. So sch\u00f6n ist eine Abenteuerreise. > Mit Blogsy ver\u00f6ffentlicht<\/a><\/div \n\n","protected":false},"excerpt":{"rendered":"<p>Ja und es blieb trocken. Ich habe in einem riesigen Kiefernwald mit dem Meeresrauschen im Ohr tief und fest geschlafen. Ich gebe zu, das klingt kitschig ist aber die Wahrheit. Beim Losfahren ist mir dann so durch den Kopf gegangen, jetzt ist der Juli schon rum !, allerdings liegt noch der ganze August vor mir [&hellip;]<\/p>\n","protected":false},"author":2,"featured_media":0,"comment_status":"open","ping_status":"open","sticky":false,"template":"","format":"standard","meta":{"_jetpack_newsletter_access":"","_jetpack_dont_email_post_to_subs":false,"_jetpack_newsletter_tier_id":0,"_jetpack_memberships_contains_paywalled_content":false,"_jetpack_memberships_contains_paid_content":false,"footnotes":""},"categories":[22],"tags":[],"class_list":["post-1362","post","type-post","status-publish","format-standard","hentry","category-baltikum-2012"],"yoast_head":"<!-- This site is optimized with the Yoast SEO plugin v25.8 - https:\/\/yoast.com\/wordpress\/plugins\/seo\/ -->\n<title>31.7. Haapsalu \/ Estland - 15. Tag - 1200 km - G\u00fcnter&#039;s Blog<\/title>\n<meta name=\"robots\" content=\"index, follow, max-snippet:-1, max-image-preview:large, max-video-preview:-1\" \/>\n<link rel=\"canonical\" href=\"http:\/\/guderley.com\/?p=1362\" \/>\n<meta property=\"og:locale\" content=\"de_DE\" \/>\n<meta property=\"og:type\" content=\"article\" \/>\n<meta property=\"og:title\" content=\"31.7. Haapsalu \/ Estland - 15. Tag - 1200 km - G\u00fcnter&#039;s Blog\" \/>\n<meta property=\"og:description\" content=\"Ja und es blieb trocken. Ich habe in einem riesigen Kiefernwald mit dem Meeresrauschen im Ohr tief und fest geschlafen. Ich gebe zu, das klingt kitschig ist aber die Wahrheit. Beim Losfahren ist mir dann so durch den Kopf gegangen, jetzt ist der Juli schon rum !, allerdings liegt noch der ganze August vor mir [&hellip;]\" \/>\n<meta property=\"og:url\" content=\"http:\/\/guderley.com\/?p=1362\" \/>\n<meta property=\"og:site_name\" content=\"G\u00fcnter&#039;s Blog\" \/>\n<meta property=\"article:published_time\" content=\"2012-07-31T09:27:37+00:00\" \/>\n<meta property=\"article:modified_time\" content=\"2012-07-31T11:59:32+00:00\" \/>\n<meta property=\"og:image\" content=\"http:\/\/guderley.com\/wp-content\/uploads\/2012\/07\/wpid-Photo-31.07.2012-1054.jpg\" \/>\n<meta name=\"author\" content=\"guenter\" \/>\n<meta name=\"twitter:card\" content=\"summary_large_image\" \/>\n<meta name=\"twitter:label1\" content=\"Verfasst von\" \/>\n\t<meta name=\"twitter:data1\" content=\"guenter\" \/>\n\t<meta name=\"twitter:label2\" content=\"Gesch\u00e4tzte Lesezeit\" \/>\n\t<meta name=\"twitter:data2\" content=\"1\u00a0Minute\" \/>\n<script type=\"application\/ld+json\" class=\"yoast-schema-graph\">{\"@context\":\"https:\/\/schema.org\",\"@graph\":[{\"@type\":\"Article\",\"@id\":\"http:\/\/guderley.com\/?p=1362#article\",\"isPartOf\":{\"@id\":\"http:\/\/guderley.com\/?p=1362\"},\"author\":{\"name\":\"guenter\",\"@id\":\"https:\/\/guderley.com\/#\/schema\/person\/24a827645a6fedd3481426a7028dfdcd\"},\"headline\":\"31.7. Haapsalu \/ Estland &#8211; 15. Tag &#8211; 1200 km\",\"datePublished\":\"2012-07-31T09:27:37+00:00\",\"dateModified\":\"2012-07-31T11:59:32+00:00\",\"mainEntityOfPage\":{\"@id\":\"http:\/\/guderley.com\/?p=1362\"},\"wordCount\":172,\"commentCount\":0,\"publisher\":{\"@id\":\"https:\/\/guderley.com\/#\/schema\/person\/24a827645a6fedd3481426a7028dfdcd\"},\"image\":{\"@id\":\"http:\/\/guderley.com\/?p=1362#primaryimage\"},\"thumbnailUrl\":\"http:\/\/guderley.com\/wp-content\/uploads\/2012\/07\/wpid-Photo-31.07.2012-1054.jpg\",\"articleSection\":[\"2012 BALTIKUM\"],\"inLanguage\":\"de\",\"potentialAction\":[{\"@type\":\"CommentAction\",\"name\":\"Comment\",\"target\":[\"http:\/\/guderley.com\/?p=1362#respond\"]}]},{\"@type\":\"WebPage\",\"@id\":\"http:\/\/guderley.com\/?p=1362\",\"url\":\"http:\/\/guderley.com\/?p=1362\",\"name\":\"31.7. Haapsalu \/ Estland - 15. Tag - 1200 km - G\u00fcnter&#039;s Blog\",\"isPartOf\":{\"@id\":\"https:\/\/guderley.com\/#website\"},\"primaryImageOfPage\":{\"@id\":\"http:\/\/guderley.com\/?p=1362#primaryimage\"},\"image\":{\"@id\":\"http:\/\/guderley.com\/?p=1362#primaryimage\"},\"thumbnailUrl\":\"http:\/\/guderley.com\/wp-content\/uploads\/2012\/07\/wpid-Photo-31.07.2012-1054.jpg\",\"datePublished\":\"2012-07-31T09:27:37+00:00\",\"dateModified\":\"2012-07-31T11:59:32+00:00\",\"breadcrumb\":{\"@id\":\"http:\/\/guderley.com\/?p=1362#breadcrumb\"},\"inLanguage\":\"de\",\"potentialAction\":[{\"@type\":\"ReadAction\",\"target\":[\"http:\/\/guderley.com\/?p=1362\"]}]},{\"@type\":\"ImageObject\",\"inLanguage\":\"de\",\"@id\":\"http:\/\/guderley.com\/?p=1362#primaryimage\",\"url\":\"https:\/\/i0.wp.com\/guderley.com\/wp-content\/uploads\/2012\/07\/wpid-Photo-31.07.2012-1054.jpg?fit=1024%2C768\",\"contentUrl\":\"https:\/\/i0.wp.com\/guderley.com\/wp-content\/uploads\/2012\/07\/wpid-Photo-31.07.2012-1054.jpg?fit=1024%2C768\",\"width\":\"1024\",\"height\":\"768\"},{\"@type\":\"BreadcrumbList\",\"@id\":\"http:\/\/guderley.com\/?p=1362#breadcrumb\",\"itemListElement\":[{\"@type\":\"ListItem\",\"position\":1,\"name\":\"Startseite\",\"item\":\"https:\/\/guderley.com\/\"},{\"@type\":\"ListItem\",\"position\":2,\"name\":\"31.7. Haapsalu \/ Estland &#8211; 15. Tag &#8211; 1200 km\"}]},{\"@type\":\"WebSite\",\"@id\":\"https:\/\/guderley.com\/#website\",\"url\":\"https:\/\/guderley.com\/\",\"name\":\"G\u00fcnter's Blog\",\"description\":\"Fahrrad Touren rund um die Welt\",\"publisher\":{\"@id\":\"https:\/\/guderley.com\/#\/schema\/person\/24a827645a6fedd3481426a7028dfdcd\"},\"alternateName\":\"G\u00fcnter's Blog\",\"potentialAction\":[{\"@type\":\"SearchAction\",\"target\":{\"@type\":\"EntryPoint\",\"urlTemplate\":\"https:\/\/guderley.com\/?s={search_term_string}\"},\"query-input\":{\"@type\":\"PropertyValueSpecification\",\"valueRequired\":true,\"valueName\":\"search_term_string\"}}],\"inLanguage\":\"de\"},{\"@type\":[\"Person\",\"Organization\"],\"@id\":\"https:\/\/guderley.com\/#\/schema\/person\/24a827645a6fedd3481426a7028dfdcd\",\"name\":\"guenter\",\"image\":{\"@type\":\"ImageObject\",\"inLanguage\":\"de\",\"@id\":\"https:\/\/guderley.com\/#\/schema\/person\/image\/\",\"url\":\"https:\/\/i0.wp.com\/guderley.com\/wp-content\/uploads\/img_8008-scaled.jpg?fit=1920%2C2560\",\"contentUrl\":\"https:\/\/i0.wp.com\/guderley.com\/wp-content\/uploads\/img_8008-scaled.jpg?fit=1920%2C2560\",\"width\":1920,\"height\":2560,\"caption\":\"guenter\"},\"logo\":{\"@id\":\"https:\/\/guderley.com\/#\/schema\/person\/image\/\"},\"sameAs\":[\"http:\/\/guderley.com\/blog\"],\"url\":\"http:\/\/guderley.com\/?author=2\"}]}<\/script>\n<!-- \/ Yoast SEO plugin. -->","yoast_head_json":{"title":"31.7. Haapsalu \/ Estland - 15. Tag - 1200 km - G\u00fcnter&#039;s Blog","robots":{"index":"index","follow":"follow","max-snippet":"max-snippet:-1","max-image-preview":"max-image-preview:large","max-video-preview":"max-video-preview:-1"},"canonical":"http:\/\/guderley.com\/?p=1362","og_locale":"de_DE","og_type":"article","og_title":"31.7. Haapsalu \/ Estland - 15. Tag - 1200 km - G\u00fcnter&#039;s Blog","og_description":"Ja und es blieb trocken. Ich habe in einem riesigen Kiefernwald mit dem Meeresrauschen im Ohr tief und fest geschlafen. Ich gebe zu, das klingt kitschig ist aber die Wahrheit. Beim Losfahren ist mir dann so durch den Kopf gegangen, jetzt ist der Juli schon rum !, allerdings liegt noch der ganze August vor mir [&hellip;]","og_url":"http:\/\/guderley.com\/?p=1362","og_site_name":"G\u00fcnter&#039;s Blog","article_published_time":"2012-07-31T09:27:37+00:00","article_modified_time":"2012-07-31T11:59:32+00:00","og_image":[{"url":"http:\/\/guderley.com\/wp-content\/uploads\/2012\/07\/wpid-Photo-31.07.2012-1054.jpg","type":"","width":"","height":""}],"author":"guenter","twitter_card":"summary_large_image","twitter_misc":{"Verfasst von":"guenter","Gesch\u00e4tzte Lesezeit":"1\u00a0Minute"},"schema":{"@context":"https:\/\/schema.org","@graph":[{"@type":"Article","@id":"http:\/\/guderley.com\/?p=1362#article","isPartOf":{"@id":"http:\/\/guderley.com\/?p=1362"},"author":{"name":"guenter","@id":"https:\/\/guderley.com\/#\/schema\/person\/24a827645a6fedd3481426a7028dfdcd"},"headline":"31.7. Haapsalu \/ Estland &#8211; 15. Tag &#8211; 1200 km","datePublished":"2012-07-31T09:27:37+00:00","dateModified":"2012-07-31T11:59:32+00:00","mainEntityOfPage":{"@id":"http:\/\/guderley.com\/?p=1362"},"wordCount":172,"commentCount":0,"publisher":{"@id":"https:\/\/guderley.com\/#\/schema\/person\/24a827645a6fedd3481426a7028dfdcd"},"image":{"@id":"http:\/\/guderley.com\/?p=1362#primaryimage"},"thumbnailUrl":"http:\/\/guderley.com\/wp-content\/uploads\/2012\/07\/wpid-Photo-31.07.2012-1054.jpg","articleSection":["2012 BALTIKUM"],"inLanguage":"de","potentialAction":[{"@type":"CommentAction","name":"Comment","target":["http:\/\/guderley.com\/?p=1362#respond"]}]},{"@type":"WebPage","@id":"http:\/\/guderley.com\/?p=1362","url":"http:\/\/guderley.com\/?p=1362","name":"31.7. Haapsalu \/ Estland - 15. Tag - 1200 km - G\u00fcnter&#039;s Blog","isPartOf":{"@id":"https:\/\/guderley.com\/#website"},"primaryImageOfPage":{"@id":"http:\/\/guderley.com\/?p=1362#primaryimage"},"image":{"@id":"http:\/\/guderley.com\/?p=1362#primaryimage"},"thumbnailUrl":"http:\/\/guderley.com\/wp-content\/uploads\/2012\/07\/wpid-Photo-31.07.2012-1054.jpg","datePublished":"2012-07-31T09:27:37+00:00","dateModified":"2012-07-31T11:59:32+00:00","breadcrumb":{"@id":"http:\/\/guderley.com\/?p=1362#breadcrumb"},"inLanguage":"de","potentialAction":[{"@type":"ReadAction","target":["http:\/\/guderley.com\/?p=1362"]}]},{"@type":"ImageObject","inLanguage":"de","@id":"http:\/\/guderley.com\/?p=1362#primaryimage","url":"https:\/\/i0.wp.com\/guderley.com\/wp-content\/uploads\/2012\/07\/wpid-Photo-31.07.2012-1054.jpg?fit=1024%2C768","contentUrl":"https:\/\/i0.wp.com\/guderley.com\/wp-content\/uploads\/2012\/07\/wpid-Photo-31.07.2012-1054.jpg?fit=1024%2C768","width":"1024","height":"768"},{"@type":"BreadcrumbList","@id":"http:\/\/guderley.com\/?p=1362#breadcrumb","itemListElement":[{"@type":"ListItem","position":1,"name":"Startseite","item":"https:\/\/guderley.com\/"},{"@type":"ListItem","position":2,"name":"31.7. Haapsalu \/ Estland &#8211; 15. Tag &#8211; 1200 km"}]},{"@type":"WebSite","@id":"https:\/\/guderley.com\/#website","url":"https:\/\/guderley.com\/","name":"G\u00fcnter's Blog","description":"Fahrrad Touren rund um die Welt","publisher":{"@id":"https:\/\/guderley.com\/#\/schema\/person\/24a827645a6fedd3481426a7028dfdcd"},"alternateName":"G\u00fcnter's Blog","potentialAction":[{"@type":"SearchAction","target":{"@type":"EntryPoint","urlTemplate":"https:\/\/guderley.com\/?s={search_term_string}"},"query-input":{"@type":"PropertyValueSpecification","valueRequired":true,"valueName":"search_term_string"}}],"inLanguage":"de"},{"@type":["Person","Organization"],"@id":"https:\/\/guderley.com\/#\/schema\/person\/24a827645a6fedd3481426a7028dfdcd","name":"guenter","image":{"@type":"ImageObject","inLanguage":"de","@id":"https:\/\/guderley.com\/#\/schema\/person\/image\/","url":"https:\/\/i0.wp.com\/guderley.com\/wp-content\/uploads\/img_8008-scaled.jpg?fit=1920%2C2560","contentUrl":"https:\/\/i0.wp.com\/guderley.com\/wp-content\/uploads\/img_8008-scaled.jpg?fit=1920%2C2560","width":1920,"height":2560,"caption":"guenter"},"logo":{"@id":"https:\/\/guderley.com\/#\/schema\/person\/image\/"},"sameAs":["http:\/\/guderley.com\/blog"],"url":"http:\/\/guderley.com\/?author=2"}]}},"jetpack_featured_media_url":"","jetpack_sharing_enabled":true,"jetpack_shortlink":"https:\/\/wp.me\/p9IuXF-lY","jetpack_likes_enabled":true,"jetpack-related-posts":[{"id":2396,"url":"http:\/\/guderley.com\/?p=2396","url_meta":{"origin":1362,"position":0},"title":"24. Nov. 2014 &#8211; Mo &#8211; 11. Tag","author":"guenter","date":"November 30, 2014","format":false,"excerpt":"Etappe 91 - Perito Moreno - Bajo Caracoles \/ Lunchtruck82 km - 900 hm \/ Gesamt: 1012 km Ein strahlender Morgen erwartete uns heute und mit gutem Wind ging es aus Perito Moreno hinaus gen S\u00fcden. Nach rund 50 km war der Spa\u00df vorbei und der gef\u00fcrchtete patagonische Wind blies\u2026","rel":"","context":"In &quot;2014 PATAGONIEN&quot;","block_context":{"text":"2014 PATAGONIEN","link":"http:\/\/guderley.com\/?cat=26"},"img":{"alt_text":"","src":"https:\/\/i0.wp.com\/guderley.com\/wp-content\/uploads\/2014\/11\/wpid-Photo-24.11.2014-2057.jpg?resize=350%2C200","width":350,"height":200,"srcset":"https:\/\/i0.wp.com\/guderley.com\/wp-content\/uploads\/2014\/11\/wpid-Photo-24.11.2014-2057.jpg?resize=350%2C200 1x, https:\/\/i0.wp.com\/guderley.com\/wp-content\/uploads\/2014\/11\/wpid-Photo-24.11.2014-2057.jpg?resize=525%2C300 1.5x, https:\/\/i0.wp.com\/guderley.com\/wp-content\/uploads\/2014\/11\/wpid-Photo-24.11.2014-2057.jpg?resize=700%2C400 2x"},"classes":[]},{"id":5853,"url":"http:\/\/guderley.com\/?p=5853","url_meta":{"origin":1362,"position":1},"title":"Tag 7 &#8211; Sa &#8211; 17.8.2024 &#8211; Maribor\/SI &#8211; 61 km &#8211; Gesamt-km: 532","author":"guenter","date":"August 17, 2024","format":false,"excerpt":"Heute Morgen hatte ich keine Lust auf Radfahren - beim Fr\u00fchst\u00fcck in diesem gro\u00dfen Vital-Hotel nervte mich das Gedr\u00e4ngel am Buffet - ich selbst f\u00fchlte mich auch nicht wirklich gut. Habe rumgebummelt und bin erst um zehn Uhr losgefahren. Von der Hitze will ich garnicht mehr reden - die ist\u2026","rel":"","context":"In &quot;2024_Sommer-Tour - 5 L\u00e4nder&quot;","block_context":{"text":"2024_Sommer-Tour - 5 L\u00e4nder","link":"http:\/\/guderley.com\/?cat=35"},"img":{"alt_text":"","src":"https:\/\/i0.wp.com\/guderley.com\/wp-content\/uploads\/img_7028.jpg?resize=350%2C200","width":350,"height":200,"srcset":"https:\/\/i0.wp.com\/guderley.com\/wp-content\/uploads\/img_7028.jpg?resize=350%2C200 1x, https:\/\/i0.wp.com\/guderley.com\/wp-content\/uploads\/img_7028.jpg?resize=525%2C300 1.5x, https:\/\/i0.wp.com\/guderley.com\/wp-content\/uploads\/img_7028.jpg?resize=700%2C400 2x, https:\/\/i0.wp.com\/guderley.com\/wp-content\/uploads\/img_7028.jpg?resize=1050%2C600 3x, https:\/\/i0.wp.com\/guderley.com\/wp-content\/uploads\/img_7028.jpg?resize=1400%2C800 4x"},"classes":[]},{"id":1770,"url":"http:\/\/guderley.com\/?p=1770","url_meta":{"origin":1362,"position":2},"title":"Lanna \/ Schweden  &#8211;  Tag 12  &#8211;  Freitag, 24. Mai","author":"guenter","date":"Mai 24, 2013","format":false,"excerpt":"115 km \/ 903 hm \/ 7:00 h - Gesamt 1283 km \/ 5928 hm \/ 75:57 Die gute Nachricht mal wieder vorne weg. Heute blieben die Regenklamotten im Schrank. Allerdings kroch das Thermometer erst gegen 15 Uhr \u00fcber 10 Grad, aber dann gleich sehr angenehm, sodass ich tats\u00e4chlich in\u2026","rel":"","context":"In &quot;2013 NORDKAPP&quot;","block_context":{"text":"2013 NORDKAPP","link":"http:\/\/guderley.com\/?cat=23"},"img":{"alt_text":"","src":"https:\/\/i0.wp.com\/guderley.com\/wp-content\/uploads\/2013\/05\/wpid-Photo-24.05.2013-11281.jpg?resize=350%2C200","width":350,"height":200,"srcset":"https:\/\/i0.wp.com\/guderley.com\/wp-content\/uploads\/2013\/05\/wpid-Photo-24.05.2013-11281.jpg?resize=350%2C200 1x, https:\/\/i0.wp.com\/guderley.com\/wp-content\/uploads\/2013\/05\/wpid-Photo-24.05.2013-11281.jpg?resize=525%2C300 1.5x, https:\/\/i0.wp.com\/guderley.com\/wp-content\/uploads\/2013\/05\/wpid-Photo-24.05.2013-11281.jpg?resize=700%2C400 2x"},"classes":[]},{"id":1843,"url":"http:\/\/guderley.com\/?p=1843","url_meta":{"origin":1362,"position":3},"title":"H\u00e4rn\u00f6sand  &#8211;  Tag 18  &#8211;  Donnerstag, 30. Mai","author":"guenter","date":"Mai 30, 2013","format":false,"excerpt":"128 km \/ 1008 hm \/ 8:28 h - Gesamt 1971 km \/ 10913 hm \/ 120 h Fronleichnam gibt es in Schweden nicht. Anscheinend wurden irgendwann mal die meisten Feiertage eingesammelt und daf\u00fcr gibt es am 6. Juni den Nationalfeiertag, das hat mir ein Typ erz\u00e4hlt !? Die Nacht\u2026","rel":"","context":"In &quot;2013 NORDKAPP&quot;","block_context":{"text":"2013 NORDKAPP","link":"http:\/\/guderley.com\/?cat=23"},"img":{"alt_text":"","src":"https:\/\/i0.wp.com\/guderley.com\/wp-content\/uploads\/2013\/05\/wpid-Photo-31.05.2013-01402.jpg?resize=350%2C200","width":350,"height":200,"srcset":"https:\/\/i0.wp.com\/guderley.com\/wp-content\/uploads\/2013\/05\/wpid-Photo-31.05.2013-01402.jpg?resize=350%2C200 1x, https:\/\/i0.wp.com\/guderley.com\/wp-content\/uploads\/2013\/05\/wpid-Photo-31.05.2013-01402.jpg?resize=525%2C300 1.5x, https:\/\/i0.wp.com\/guderley.com\/wp-content\/uploads\/2013\/05\/wpid-Photo-31.05.2013-01402.jpg?resize=700%2C400 2x"},"classes":[]},{"id":209,"url":"http:\/\/guderley.com\/?p=209","url_meta":{"origin":1362,"position":4},"title":"PONTE DE SOR \/ Portugal  Km-Stand: 962","author":"guenter","date":"Mai 26, 2010","format":false,"excerpt":"Ich habe Spanien verlassen und bin in den (oder das) Alentejo in Portugal eingetaucht. Ihr muesst Euch das so vorstellen \"unheimlich viel Land mit wenig drin\". Es ist wunderschoen alles blueht und es gibt eigentlich nur Olivenbaeume, Korkeichen und Weiden fuer unendlich viele Rinder und manchmal Schafe. Ein permanent wellige\u2026","rel":"","context":"In &quot;2010 EUROPATOUR&quot;","block_context":{"text":"2010 EUROPATOUR","link":"http:\/\/guderley.com\/?cat=1"},"img":{"alt_text":"","src":"","width":0,"height":0},"classes":[]},{"id":2856,"url":"http:\/\/guderley.com\/?p=2856","url_meta":{"origin":1362,"position":5},"title":"Tag 27 &#8211; Di 23. Juni 2015 &#8211; 132 km Corsept \/ Gesamt:  2875 km","author":"guenter","date":"Juni 23, 2015","format":false,"excerpt":"Direkt am Hotel du Ch\u00e2teau bin ich um 9 Uhr auf den Radweg am Kanal Nantes - Brest gerollt. 50 km flaches Fahren und lockeres Pedalieren waren die n\u00e4chsten Stunden angesagt. Ein Genuss bei strahlendem Sonnenschein und keinem Wind.Kurz vor Redon stritten sich zwei Geister in meinem Kopf - am\u2026","rel":"","context":"In &quot;2015 BENELUX - FRANKREICH&quot;","block_context":{"text":"2015 BENELUX - FRANKREICH","link":"http:\/\/guderley.com\/?cat=27"},"img":{"alt_text":"","src":"https:\/\/i0.wp.com\/guderley.com\/wp-content\/uploads\/2015\/06\/wpid-Photo-23.06.2015-1430.jpg?resize=350%2C200","width":350,"height":200,"srcset":"https:\/\/i0.wp.com\/guderley.com\/wp-content\/uploads\/2015\/06\/wpid-Photo-23.06.2015-1430.jpg?resize=350%2C200 1x, https:\/\/i0.wp.com\/guderley.com\/wp-content\/uploads\/2015\/06\/wpid-Photo-23.06.2015-1430.jpg?resize=525%2C300 1.5x, https:\/\/i0.wp.com\/guderley.com\/wp-content\/uploads\/2015\/06\/wpid-Photo-23.06.2015-1430.jpg?resize=700%2C400 2x"},"classes":[]}],"_links":{"self":[{"href":"http:\/\/guderley.com\/index.php?rest_route=\/wp\/v2\/posts\/1362","targetHints":{"allow":["GET"]}}],"collection":[{"href":"http:\/\/guderley.com\/index.php?rest_route=\/wp\/v2\/posts"}],"about":[{"href":"http:\/\/guderley.com\/index.php?rest_route=\/wp\/v2\/types\/post"}],"author":[{"embeddable":true,"href":"http:\/\/guderley.com\/index.php?rest_route=\/wp\/v2\/users\/2"}],"replies":[{"embeddable":true,"href":"http:\/\/guderley.com\/index.php?rest_route=%2Fwp%2Fv2%2Fcomments&post=1362"}],"version-history":[{"count":5,"href":"http:\/\/guderley.com\/index.php?rest_route=\/wp\/v2\/posts\/1362\/revisions"}],"predecessor-version":[{"id":1368,"href":"http:\/\/guderley.com\/index.php?rest_route=\/wp\/v2\/posts\/1362\/revisions\/1368"}],"wp:attachment":[{"href":"http:\/\/guderley.com\/index.php?rest_route=%2Fwp%2Fv2%2Fmedia&parent=1362"}],"wp:term":[{"taxonomy":"category","embeddable":true,"href":"http:\/\/guderley.com\/index.php?rest_route=%2Fwp%2Fv2%2Fcategories&post=1362"},{"taxonomy":"post_tag","embeddable":true,"href":"http:\/\/guderley.com\/index.php?rest_route=%2Fwp%2Fv2%2Ftags&post=1362"}],"curies":[{"name":"wp","href":"https:\/\/api.w.org\/{rel}","templated":true}]}}