{"id":1325,"date":"2012-07-27T13:20:40","date_gmt":"2012-07-27T12:20:40","guid":{"rendered":"http:\/\/guderley.com\/?p=1325"},"modified":"2012-07-27T18:55:50","modified_gmt":"2012-07-27T17:55:50","slug":"27-7-on-the-road-tallinn-11-tag-834-km","status":"publish","type":"post","link":"http:\/\/guderley.com\/?p=1325","title":{"rendered":"27.7.  On the road to Tallinn &#8211; 11. Tag &#8211; 834 km"},"content":{"rendered":"<div class=\"separator\" style=\"clear: both; text-align: center;\"><a href=\"https:\/\/i0.wp.com\/guderley.com\/wp-content\/uploads\/2012\/07\/wpid-Photo-27.07.2012-1037.jpg\" target=\"_blank\" style=\"margin-left: 1em; margin-right: 1em;\"><img data-recalc-dims=\"1\" decoding=\"async\" src=\"https:\/\/i0.wp.com\/guderley.com\/wp-content\/uploads\/2012\/07\/wpid-Photo-27.07.2012-1037.jpg?resize=500%2C375\" id=\"blogsy-1343411780745.0989\" class=\"aligncenter\" alt=\"\" width=\"500\" height=\"375\"><\/a><\/div>\n<p>Heute ist Transfertag, d.h. Strecke machen. Das Ziel ist m\u00f6glichst nahe an Tallinn heranzufahren. Morgen und Sonntag habe ich mich am Stadtrand von Tallinn einquartiert. Ich bin im Moment, d.h. 15 Uhr rund 100 km seit Tartu gefahren. Bis Tallinn fehlen aber noch 100 km. Es ist sehr hei\u00df heute und aktuell g\u00f6nne ich mir eine richtige Mittagspause. Mal sehen wo ich dann heute Abend mein m\u00fcdes Haupt niederlegen werde. <\/p>\n<div class=\"separator\" style=\"clear: both; text-align: center;\"><a href=\"https:\/\/i0.wp.com\/guderley.com\/wp-content\/uploads\/2012\/07\/wpid-Photo-27.07.2012-1311.jpg\" target=\"_blank\" style=\"margin-left: 1em; margin-right: 1em;\"><img data-recalc-dims=\"1\" decoding=\"async\" src=\"https:\/\/i0.wp.com\/guderley.com\/wp-content\/uploads\/2012\/07\/wpid-Photo-27.07.2012-1311.jpg?resize=500%2C375\" id=\"blogsy-1343411780786.504\" class=\"aligncenter\" alt=\"\" width=\"500\" height=\"375\"><\/a><\/div>\n<div class=\"separator\" style=\"clear: both; text-align: right;\"><a href=\"https:\/\/i0.wp.com\/guderley.com\/wp-content\/uploads\/2012\/07\/wpid-Photo-27.07.2012-1612.jpg\" target=\"_blank\" style=\"margin-bottom: 1em; margin-left: 1em;\"><img data-recalc-dims=\"1\" decoding=\"async\" src=\"https:\/\/i0.wp.com\/guderley.com\/wp-content\/uploads\/2012\/07\/wpid-Photo-27.07.2012-1612.jpg?resize=500%2C375\" id=\"blogsy-1343411780767.7925\" class=\"aligncenter\" alt=\"\" width=\"500\" height=\"375\"><\/a><\/div>\n<p>Es gab mal wieder unz\u00e4hlige St\u00f6rche entlang der Route, bei 50 habe ich zu z\u00e4hlen aufgeh\u00f6rt. <\/p>\n<p>&nbsp;<\/p>\n<div style=\"text-align: right; font-size: small;\" id=\"blogsy_footer\"><a href=\"http:\/\/blogsyapp.com\" target=\"_blank\"><img data-recalc-dims=\"1\" decoding=\"async\" src=\"https:\/\/i0.wp.com\/blogsyapp.com\/images\/blogsy_footer_icon.png?resize=20%2C20\" alt=\"Mit Blogsy ver\u00f6ffentlicht\" style=\"vertical-align: middle; margin-right: 5px;\" width=\"20\" height=\"20\" \/>Mit Blogsy ver\u00f6ffentlicht<\/a><\/div>\n","protected":false},"excerpt":{"rendered":"<p>Heute ist Transfertag, d.h. Strecke machen. Das Ziel ist m\u00f6glichst nahe an Tallinn heranzufahren. Morgen und Sonntag habe ich mich am Stadtrand von Tallinn einquartiert. Ich bin im Moment, d.h. 15 Uhr rund 100 km seit Tartu gefahren. Bis Tallinn fehlen aber noch 100 km. Es ist sehr hei\u00df heute und aktuell g\u00f6nne ich mir [&hellip;]<\/p>\n","protected":false},"author":2,"featured_media":0,"comment_status":"open","ping_status":"open","sticky":false,"template":"","format":"standard","meta":{"_jetpack_newsletter_access":"","_jetpack_dont_email_post_to_subs":false,"_jetpack_newsletter_tier_id":0,"_jetpack_memberships_contains_paywalled_content":false,"_jetpack_memberships_contains_paid_content":false,"footnotes":""},"categories":[22],"tags":[],"class_list":["post-1325","post","type-post","status-publish","format-standard","hentry","category-baltikum-2012"],"yoast_head":"<!-- This site is optimized with the Yoast SEO plugin v25.8 - https:\/\/yoast.com\/wordpress\/plugins\/seo\/ -->\n<title>27.7. On the road to Tallinn - 11. Tag - 834 km - G\u00fcnter&#039;s Blog<\/title>\n<meta name=\"robots\" content=\"index, follow, max-snippet:-1, max-image-preview:large, max-video-preview:-1\" \/>\n<link rel=\"canonical\" href=\"https:\/\/guderley.com\/?p=1325\" \/>\n<meta property=\"og:locale\" content=\"de_DE\" \/>\n<meta property=\"og:type\" content=\"article\" \/>\n<meta property=\"og:title\" content=\"27.7. On the road to Tallinn - 11. Tag - 834 km - G\u00fcnter&#039;s Blog\" \/>\n<meta property=\"og:description\" content=\"Heute ist Transfertag, d.h. Strecke machen. Das Ziel ist m\u00f6glichst nahe an Tallinn heranzufahren. Morgen und Sonntag habe ich mich am Stadtrand von Tallinn einquartiert. Ich bin im Moment, d.h. 15 Uhr rund 100 km seit Tartu gefahren. Bis Tallinn fehlen aber noch 100 km. Es ist sehr hei\u00df heute und aktuell g\u00f6nne ich mir [&hellip;]\" \/>\n<meta property=\"og:url\" content=\"https:\/\/guderley.com\/?p=1325\" \/>\n<meta property=\"og:site_name\" content=\"G\u00fcnter&#039;s Blog\" \/>\n<meta property=\"article:published_time\" content=\"2012-07-27T12:20:40+00:00\" \/>\n<meta property=\"article:modified_time\" content=\"2012-07-27T17:55:50+00:00\" \/>\n<meta property=\"og:image\" content=\"http:\/\/guderley.com\/wp-content\/uploads\/2012\/07\/wpid-Photo-27.07.2012-1037.jpg\" \/>\n<meta name=\"author\" content=\"guenter\" \/>\n<meta name=\"twitter:card\" content=\"summary_large_image\" \/>\n<meta name=\"twitter:label1\" content=\"Verfasst von\" \/>\n\t<meta name=\"twitter:data1\" content=\"guenter\" \/>\n<script type=\"application\/ld+json\" class=\"yoast-schema-graph\">{\"@context\":\"https:\/\/schema.org\",\"@graph\":[{\"@type\":\"Article\",\"@id\":\"https:\/\/guderley.com\/?p=1325#article\",\"isPartOf\":{\"@id\":\"https:\/\/guderley.com\/?p=1325\"},\"author\":{\"name\":\"guenter\",\"@id\":\"https:\/\/guderley.com\/#\/schema\/person\/24a827645a6fedd3481426a7028dfdcd\"},\"headline\":\"27.7. On the road to Tallinn &#8211; 11. Tag &#8211; 834 km\",\"datePublished\":\"2012-07-27T12:20:40+00:00\",\"dateModified\":\"2012-07-27T17:55:50+00:00\",\"mainEntityOfPage\":{\"@id\":\"https:\/\/guderley.com\/?p=1325\"},\"wordCount\":105,\"commentCount\":0,\"publisher\":{\"@id\":\"https:\/\/guderley.com\/#\/schema\/person\/24a827645a6fedd3481426a7028dfdcd\"},\"image\":{\"@id\":\"https:\/\/guderley.com\/?p=1325#primaryimage\"},\"thumbnailUrl\":\"http:\/\/guderley.com\/wp-content\/uploads\/2012\/07\/wpid-Photo-27.07.2012-1037.jpg\",\"articleSection\":[\"2012 BALTIKUM\"],\"inLanguage\":\"de\",\"potentialAction\":[{\"@type\":\"CommentAction\",\"name\":\"Comment\",\"target\":[\"https:\/\/guderley.com\/?p=1325#respond\"]}]},{\"@type\":\"WebPage\",\"@id\":\"https:\/\/guderley.com\/?p=1325\",\"url\":\"https:\/\/guderley.com\/?p=1325\",\"name\":\"27.7. On the road to Tallinn - 11. Tag - 834 km - G\u00fcnter&#039;s Blog\",\"isPartOf\":{\"@id\":\"https:\/\/guderley.com\/#website\"},\"primaryImageOfPage\":{\"@id\":\"https:\/\/guderley.com\/?p=1325#primaryimage\"},\"image\":{\"@id\":\"https:\/\/guderley.com\/?p=1325#primaryimage\"},\"thumbnailUrl\":\"http:\/\/guderley.com\/wp-content\/uploads\/2012\/07\/wpid-Photo-27.07.2012-1037.jpg\",\"datePublished\":\"2012-07-27T12:20:40+00:00\",\"dateModified\":\"2012-07-27T17:55:50+00:00\",\"breadcrumb\":{\"@id\":\"https:\/\/guderley.com\/?p=1325#breadcrumb\"},\"inLanguage\":\"de\",\"potentialAction\":[{\"@type\":\"ReadAction\",\"target\":[\"https:\/\/guderley.com\/?p=1325\"]}]},{\"@type\":\"ImageObject\",\"inLanguage\":\"de\",\"@id\":\"https:\/\/guderley.com\/?p=1325#primaryimage\",\"url\":\"https:\/\/i0.wp.com\/guderley.com\/wp-content\/uploads\/2012\/07\/wpid-Photo-27.07.2012-1037.jpg?fit=1024%2C768\",\"contentUrl\":\"https:\/\/i0.wp.com\/guderley.com\/wp-content\/uploads\/2012\/07\/wpid-Photo-27.07.2012-1037.jpg?fit=1024%2C768\",\"width\":\"1024\",\"height\":\"768\"},{\"@type\":\"BreadcrumbList\",\"@id\":\"https:\/\/guderley.com\/?p=1325#breadcrumb\",\"itemListElement\":[{\"@type\":\"ListItem\",\"position\":1,\"name\":\"Startseite\",\"item\":\"https:\/\/guderley.com\/\"},{\"@type\":\"ListItem\",\"position\":2,\"name\":\"27.7. On the road to Tallinn &#8211; 11. Tag &#8211; 834 km\"}]},{\"@type\":\"WebSite\",\"@id\":\"https:\/\/guderley.com\/#website\",\"url\":\"https:\/\/guderley.com\/\",\"name\":\"G\u00fcnter's Blog\",\"description\":\"Fahrrad Touren rund um die Welt\",\"publisher\":{\"@id\":\"https:\/\/guderley.com\/#\/schema\/person\/24a827645a6fedd3481426a7028dfdcd\"},\"alternateName\":\"G\u00fcnter's Blog\",\"potentialAction\":[{\"@type\":\"SearchAction\",\"target\":{\"@type\":\"EntryPoint\",\"urlTemplate\":\"https:\/\/guderley.com\/?s={search_term_string}\"},\"query-input\":{\"@type\":\"PropertyValueSpecification\",\"valueRequired\":true,\"valueName\":\"search_term_string\"}}],\"inLanguage\":\"de\"},{\"@type\":[\"Person\",\"Organization\"],\"@id\":\"https:\/\/guderley.com\/#\/schema\/person\/24a827645a6fedd3481426a7028dfdcd\",\"name\":\"guenter\",\"image\":{\"@type\":\"ImageObject\",\"inLanguage\":\"de\",\"@id\":\"https:\/\/guderley.com\/#\/schema\/person\/image\/\",\"url\":\"https:\/\/i0.wp.com\/guderley.com\/wp-content\/uploads\/img_8008-scaled.jpg?fit=1920%2C2560\",\"contentUrl\":\"https:\/\/i0.wp.com\/guderley.com\/wp-content\/uploads\/img_8008-scaled.jpg?fit=1920%2C2560\",\"width\":1920,\"height\":2560,\"caption\":\"guenter\"},\"logo\":{\"@id\":\"https:\/\/guderley.com\/#\/schema\/person\/image\/\"},\"sameAs\":[\"http:\/\/guderley.com\/blog\"],\"url\":\"http:\/\/guderley.com\/?author=2\"}]}<\/script>\n<!-- \/ Yoast SEO plugin. -->","yoast_head_json":{"title":"27.7. On the road to Tallinn - 11. Tag - 834 km - G\u00fcnter&#039;s Blog","robots":{"index":"index","follow":"follow","max-snippet":"max-snippet:-1","max-image-preview":"max-image-preview:large","max-video-preview":"max-video-preview:-1"},"canonical":"https:\/\/guderley.com\/?p=1325","og_locale":"de_DE","og_type":"article","og_title":"27.7. On the road to Tallinn - 11. Tag - 834 km - G\u00fcnter&#039;s Blog","og_description":"Heute ist Transfertag, d.h. Strecke machen. Das Ziel ist m\u00f6glichst nahe an Tallinn heranzufahren. Morgen und Sonntag habe ich mich am Stadtrand von Tallinn einquartiert. Ich bin im Moment, d.h. 15 Uhr rund 100 km seit Tartu gefahren. Bis Tallinn fehlen aber noch 100 km. Es ist sehr hei\u00df heute und aktuell g\u00f6nne ich mir [&hellip;]","og_url":"https:\/\/guderley.com\/?p=1325","og_site_name":"G\u00fcnter&#039;s Blog","article_published_time":"2012-07-27T12:20:40+00:00","article_modified_time":"2012-07-27T17:55:50+00:00","og_image":[{"url":"http:\/\/guderley.com\/wp-content\/uploads\/2012\/07\/wpid-Photo-27.07.2012-1037.jpg","type":"","width":"","height":""}],"author":"guenter","twitter_card":"summary_large_image","twitter_misc":{"Verfasst von":"guenter"},"schema":{"@context":"https:\/\/schema.org","@graph":[{"@type":"Article","@id":"https:\/\/guderley.com\/?p=1325#article","isPartOf":{"@id":"https:\/\/guderley.com\/?p=1325"},"author":{"name":"guenter","@id":"https:\/\/guderley.com\/#\/schema\/person\/24a827645a6fedd3481426a7028dfdcd"},"headline":"27.7. On the road to Tallinn &#8211; 11. Tag &#8211; 834 km","datePublished":"2012-07-27T12:20:40+00:00","dateModified":"2012-07-27T17:55:50+00:00","mainEntityOfPage":{"@id":"https:\/\/guderley.com\/?p=1325"},"wordCount":105,"commentCount":0,"publisher":{"@id":"https:\/\/guderley.com\/#\/schema\/person\/24a827645a6fedd3481426a7028dfdcd"},"image":{"@id":"https:\/\/guderley.com\/?p=1325#primaryimage"},"thumbnailUrl":"http:\/\/guderley.com\/wp-content\/uploads\/2012\/07\/wpid-Photo-27.07.2012-1037.jpg","articleSection":["2012 BALTIKUM"],"inLanguage":"de","potentialAction":[{"@type":"CommentAction","name":"Comment","target":["https:\/\/guderley.com\/?p=1325#respond"]}]},{"@type":"WebPage","@id":"https:\/\/guderley.com\/?p=1325","url":"https:\/\/guderley.com\/?p=1325","name":"27.7. On the road to Tallinn - 11. Tag - 834 km - G\u00fcnter&#039;s Blog","isPartOf":{"@id":"https:\/\/guderley.com\/#website"},"primaryImageOfPage":{"@id":"https:\/\/guderley.com\/?p=1325#primaryimage"},"image":{"@id":"https:\/\/guderley.com\/?p=1325#primaryimage"},"thumbnailUrl":"http:\/\/guderley.com\/wp-content\/uploads\/2012\/07\/wpid-Photo-27.07.2012-1037.jpg","datePublished":"2012-07-27T12:20:40+00:00","dateModified":"2012-07-27T17:55:50+00:00","breadcrumb":{"@id":"https:\/\/guderley.com\/?p=1325#breadcrumb"},"inLanguage":"de","potentialAction":[{"@type":"ReadAction","target":["https:\/\/guderley.com\/?p=1325"]}]},{"@type":"ImageObject","inLanguage":"de","@id":"https:\/\/guderley.com\/?p=1325#primaryimage","url":"https:\/\/i0.wp.com\/guderley.com\/wp-content\/uploads\/2012\/07\/wpid-Photo-27.07.2012-1037.jpg?fit=1024%2C768","contentUrl":"https:\/\/i0.wp.com\/guderley.com\/wp-content\/uploads\/2012\/07\/wpid-Photo-27.07.2012-1037.jpg?fit=1024%2C768","width":"1024","height":"768"},{"@type":"BreadcrumbList","@id":"https:\/\/guderley.com\/?p=1325#breadcrumb","itemListElement":[{"@type":"ListItem","position":1,"name":"Startseite","item":"https:\/\/guderley.com\/"},{"@type":"ListItem","position":2,"name":"27.7. On the road to Tallinn &#8211; 11. Tag &#8211; 834 km"}]},{"@type":"WebSite","@id":"https:\/\/guderley.com\/#website","url":"https:\/\/guderley.com\/","name":"G\u00fcnter's Blog","description":"Fahrrad Touren rund um die Welt","publisher":{"@id":"https:\/\/guderley.com\/#\/schema\/person\/24a827645a6fedd3481426a7028dfdcd"},"alternateName":"G\u00fcnter's Blog","potentialAction":[{"@type":"SearchAction","target":{"@type":"EntryPoint","urlTemplate":"https:\/\/guderley.com\/?s={search_term_string}"},"query-input":{"@type":"PropertyValueSpecification","valueRequired":true,"valueName":"search_term_string"}}],"inLanguage":"de"},{"@type":["Person","Organization"],"@id":"https:\/\/guderley.com\/#\/schema\/person\/24a827645a6fedd3481426a7028dfdcd","name":"guenter","image":{"@type":"ImageObject","inLanguage":"de","@id":"https:\/\/guderley.com\/#\/schema\/person\/image\/","url":"https:\/\/i0.wp.com\/guderley.com\/wp-content\/uploads\/img_8008-scaled.jpg?fit=1920%2C2560","contentUrl":"https:\/\/i0.wp.com\/guderley.com\/wp-content\/uploads\/img_8008-scaled.jpg?fit=1920%2C2560","width":1920,"height":2560,"caption":"guenter"},"logo":{"@id":"https:\/\/guderley.com\/#\/schema\/person\/image\/"},"sameAs":["http:\/\/guderley.com\/blog"],"url":"http:\/\/guderley.com\/?author=2"}]}},"jetpack_featured_media_url":"","jetpack_sharing_enabled":true,"jetpack_shortlink":"https:\/\/wp.me\/p9IuXF-ln","jetpack_likes_enabled":true,"jetpack-related-posts":[{"id":1332,"url":"http:\/\/guderley.com\/?p=1332","url_meta":{"origin":1325,"position":0},"title":"27.7.  J\u00e4neda \/ Estland &#8211; 11. Tag &#8211; 885 km","author":"guenter","date":"Juli 27, 2012","format":false,"excerpt":"Gegen 19 Uhr musste ich mich entscheiden, d.h. ganz bis Tallinn zu fahren oder eine der letzten station\u00e4ren M\u00f6glichkeiten wahrzunehmen. Die Ecke hier im S\u00fcdosten von Tallinn ist touristisch nicht besucht, das erkl\u00e4rt die wenigen M\u00f6glichkeiten. Bei durchg\u00e4ngig 28 Grad heute und \u00fcber 150 km in den Beinen hatte ich\u2026","rel":"","context":"In &quot;2012 BALTIKUM&quot;","block_context":{"text":"2012 BALTIKUM","link":"http:\/\/guderley.com\/?cat=22"},"img":{"alt_text":"","src":"https:\/\/i0.wp.com\/guderley.com\/wp-content\/uploads\/2012\/07\/wpid-Photo-27.07.2012-1618.jpg?resize=350%2C200","width":350,"height":200,"srcset":"https:\/\/i0.wp.com\/guderley.com\/wp-content\/uploads\/2012\/07\/wpid-Photo-27.07.2012-1618.jpg?resize=350%2C200 1x, https:\/\/i0.wp.com\/guderley.com\/wp-content\/uploads\/2012\/07\/wpid-Photo-27.07.2012-1618.jpg?resize=525%2C300 1.5x, https:\/\/i0.wp.com\/guderley.com\/wp-content\/uploads\/2012\/07\/wpid-Photo-27.07.2012-1618.jpg?resize=700%2C400 2x"},"classes":[]},{"id":1416,"url":"http:\/\/guderley.com\/?p=1416","url_meta":{"origin":1325,"position":1},"title":"5.8. Saulkrasti \/ Lettland &#8211; 20. Tag &#8211; km 1797","author":"guenter","date":"August 5, 2012","format":false,"excerpt":"Gegen acht Uhr trinke ich zusammen mit der Vermieterin einen Kaffee und mache mich auf den Weg zu einem erneuten Transfertag, d.h. das Ziel ist m\u00f6glichst weit an Riga heranzufahren, leider sind dabei viele Kilometer auf der A 1 zu fahren, dass ist die Hauptverbindung zwischen Tallinn und Riga. Die\u2026","rel":"","context":"In &quot;2012 BALTIKUM&quot;","block_context":{"text":"2012 BALTIKUM","link":"http:\/\/guderley.com\/?cat=22"},"img":{"alt_text":"","src":"https:\/\/i0.wp.com\/guderley.com\/wp-content\/uploads\/2012\/08\/wpid-Photo-05.08.2012-0844.jpg?resize=350%2C200","width":350,"height":200,"srcset":"https:\/\/i0.wp.com\/guderley.com\/wp-content\/uploads\/2012\/08\/wpid-Photo-05.08.2012-0844.jpg?resize=350%2C200 1x, https:\/\/i0.wp.com\/guderley.com\/wp-content\/uploads\/2012\/08\/wpid-Photo-05.08.2012-0844.jpg?resize=525%2C300 1.5x, https:\/\/i0.wp.com\/guderley.com\/wp-content\/uploads\/2012\/08\/wpid-Photo-05.08.2012-0844.jpg?resize=700%2C400 2x"},"classes":[]},{"id":1321,"url":"http:\/\/guderley.com\/?p=1321","url_meta":{"origin":1325,"position":2},"title":"26.7.  Tartu \/ Estland &#8211; 10. Tag &#8211; Ruhetag","author":"guenter","date":"Juli 26, 2012","format":false,"excerpt":"Hier einige Impressionen aus Tartu. Die Esten sagen: \"Tallinn ist der Kopf Estlands aber Tartu das Herz und das Gehirn\". Eine wirklich sehenswerte und \u00fcberschaubare Universit\u00e4tsstadt. Die \u00c4lteren werden sich noch erinnern, die Stadt hie\u00df fr\u00fcher mal Dorpat.\u00a0 Eine Anmerkung f\u00fcr meine rotarischen Freunde. Mit Freude habe ich gelesen, da\u00df\u2026","rel":"","context":"In &quot;2012 BALTIKUM&quot;","block_context":{"text":"2012 BALTIKUM","link":"http:\/\/guderley.com\/?cat=22"},"img":{"alt_text":"","src":"https:\/\/i0.wp.com\/guderley.com\/wp-content\/uploads\/2012\/07\/wpid-Photo-26.07.2012-1319.jpg?resize=350%2C200","width":350,"height":200,"srcset":"https:\/\/i0.wp.com\/guderley.com\/wp-content\/uploads\/2012\/07\/wpid-Photo-26.07.2012-1319.jpg?resize=350%2C200 1x, https:\/\/i0.wp.com\/guderley.com\/wp-content\/uploads\/2012\/07\/wpid-Photo-26.07.2012-1319.jpg?resize=525%2C300 1.5x, https:\/\/i0.wp.com\/guderley.com\/wp-content\/uploads\/2012\/07\/wpid-Photo-26.07.2012-1319.jpg?resize=700%2C400 2x"},"classes":[]},{"id":1341,"url":"http:\/\/guderley.com\/?p=1341","url_meta":{"origin":1325,"position":3},"title":"28.7.  Tallinn \/ Estland &#8211; 12. Tag &#8211; 963 km","author":"guenter","date":"Juli 28, 2012","format":false,"excerpt":"Das Fr\u00fchst\u00fcck in der \"Jugendherberge\" war sehr ordentlich. Nachts war es mal ein bisschen laut, aber ich war ziemlich m\u00fcde und habe sehr gut geschlafen.Kurz nach 8:00 Uhr sa\u00df ich auf dem Rad und bin ganz locker los gerollt. Nach ca. acht Kilometern h\u00e4tte es noch eine \u00dcbernachtungsalternative zu gestern\u2026","rel":"","context":"In &quot;2012 BALTIKUM&quot;","block_context":{"text":"2012 BALTIKUM","link":"http:\/\/guderley.com\/?cat=22"},"img":{"alt_text":"","src":"https:\/\/i0.wp.com\/guderley.com\/wp-content\/uploads\/2012\/07\/wpid-Photo-28.07.2012-1910.jpg?resize=350%2C200","width":350,"height":200,"srcset":"https:\/\/i0.wp.com\/guderley.com\/wp-content\/uploads\/2012\/07\/wpid-Photo-28.07.2012-1910.jpg?resize=350%2C200 1x, https:\/\/i0.wp.com\/guderley.com\/wp-content\/uploads\/2012\/07\/wpid-Photo-28.07.2012-1910.jpg?resize=525%2C300 1.5x, https:\/\/i0.wp.com\/guderley.com\/wp-content\/uploads\/2012\/07\/wpid-Photo-28.07.2012-1910.jpg?resize=700%2C400 2x"},"classes":[]},{"id":1352,"url":"http:\/\/guderley.com\/?p=1352","url_meta":{"origin":1325,"position":4},"title":"29.7.  Tallinn \/ Estland &#8211; 13. Tag &#8211; Ruhetag","author":"guenter","date":"Juli 29, 2012","format":false,"excerpt":"Es ist ein br\u00fctend hei\u00dfer Hochsommertag heute in Tallinn. Das Thermometer zeigt schon um 9 Uhr \u00fcber 30 Grad. Ich radle die knapp 2 km vom Hotel zur Altstadt und bin \u00fcberrascht welche Menschenstr\u00f6me bereits so fr\u00fch am Sonntag unterwegs sind. Das Pflaster in der Altstadt ist nicht wirklich fahrradgeeignet\u2026","rel":"","context":"In &quot;2012 BALTIKUM&quot;","block_context":{"text":"2012 BALTIKUM","link":"http:\/\/guderley.com\/?cat=22"},"img":{"alt_text":"","src":"https:\/\/i0.wp.com\/guderley.com\/wp-content\/uploads\/2012\/07\/wpid-Photo-29.07.2012-1132.jpg?resize=350%2C200","width":350,"height":200,"srcset":"https:\/\/i0.wp.com\/guderley.com\/wp-content\/uploads\/2012\/07\/wpid-Photo-29.07.2012-1132.jpg?resize=350%2C200 1x, https:\/\/i0.wp.com\/guderley.com\/wp-content\/uploads\/2012\/07\/wpid-Photo-29.07.2012-1132.jpg?resize=525%2C300 1.5x, https:\/\/i0.wp.com\/guderley.com\/wp-content\/uploads\/2012\/07\/wpid-Photo-29.07.2012-1132.jpg?resize=700%2C400 2x"},"classes":[]},{"id":1355,"url":"http:\/\/guderley.com\/?p=1355","url_meta":{"origin":1325,"position":5},"title":"30.7.  Roosta \/ Estland -14. Tag &#8211; 1147 km","author":"guenter","date":"Juli 30, 2012","format":false,"excerpt":"Heute morgen habe ich Tallinn zeitig bei gutem Wetter verlassen. Der Weg hinaus aus dieser doch gr\u00f6\u00dferen Stadt verlief problemlos. Gegen 10 Uhr tr\u00fcbte es sich ein und der Wind wurde st\u00fcrmisch aus Westen. Genau da wo ich hinwollte.Ich bin die ganze Nordwestk\u00fcste abgeradelt und gerade als ich die \u00e4u\u00dferste\u2026","rel":"","context":"In &quot;2012 BALTIKUM&quot;","block_context":{"text":"2012 BALTIKUM","link":"http:\/\/guderley.com\/?cat=22"},"img":{"alt_text":"","src":"https:\/\/i0.wp.com\/guderley.com\/wp-content\/uploads\/2012\/07\/wpid-Photo-30.07.2012-2157.jpg?resize=350%2C200","width":350,"height":200,"srcset":"https:\/\/i0.wp.com\/guderley.com\/wp-content\/uploads\/2012\/07\/wpid-Photo-30.07.2012-2157.jpg?resize=350%2C200 1x, https:\/\/i0.wp.com\/guderley.com\/wp-content\/uploads\/2012\/07\/wpid-Photo-30.07.2012-2157.jpg?resize=525%2C300 1.5x, https:\/\/i0.wp.com\/guderley.com\/wp-content\/uploads\/2012\/07\/wpid-Photo-30.07.2012-2157.jpg?resize=700%2C400 2x"},"classes":[]}],"_links":{"self":[{"href":"http:\/\/guderley.com\/index.php?rest_route=\/wp\/v2\/posts\/1325","targetHints":{"allow":["GET"]}}],"collection":[{"href":"http:\/\/guderley.com\/index.php?rest_route=\/wp\/v2\/posts"}],"about":[{"href":"http:\/\/guderley.com\/index.php?rest_route=\/wp\/v2\/types\/post"}],"author":[{"embeddable":true,"href":"http:\/\/guderley.com\/index.php?rest_route=\/wp\/v2\/users\/2"}],"replies":[{"embeddable":true,"href":"http:\/\/guderley.com\/index.php?rest_route=%2Fwp%2Fv2%2Fcomments&post=1325"}],"version-history":[{"count":5,"href":"http:\/\/guderley.com\/index.php?rest_route=\/wp\/v2\/posts\/1325\/revisions"}],"predecessor-version":[{"id":1335,"href":"http:\/\/guderley.com\/index.php?rest_route=\/wp\/v2\/posts\/1325\/revisions\/1335"}],"wp:attachment":[{"href":"http:\/\/guderley.com\/index.php?rest_route=%2Fwp%2Fv2%2Fmedia&parent=1325"}],"wp:term":[{"taxonomy":"category","embeddable":true,"href":"http:\/\/guderley.com\/index.php?rest_route=%2Fwp%2Fv2%2Fcategories&post=1325"},{"taxonomy":"post_tag","embeddable":true,"href":"http:\/\/guderley.com\/index.php?rest_route=%2Fwp%2Fv2%2Ftags&post=1325"}],"curies":[{"name":"wp","href":"https:\/\/api.w.org\/{rel}","templated":true}]}}