{"id":1316,"date":"2012-07-25T21:43:03","date_gmt":"2012-07-25T20:43:03","guid":{"rendered":"http:\/\/guderley.com\/?p=1316"},"modified":"2012-07-25T21:43:03","modified_gmt":"2012-07-25T20:43:03","slug":"25-7-tartu-estland-9-tag-718-km","status":"publish","type":"post","link":"http:\/\/guderley.com\/?p=1316","title":{"rendered":"25.7.  Tartu \/ Estland &#8211; 9. Tag &#8211; 718 km"},"content":{"rendered":"<div class=\"separator\" style=\"clear: both; text-align: center;\"><a href=\"https:\/\/i0.wp.com\/guderley.com\/wp-content\/uploads\/2012\/07\/wpid-Photo-25.07.2012-0808.jpg\" target=\"_blank\" style=\"margin-left: 1em; margin-right: 1em;\"><img data-recalc-dims=\"1\" decoding=\"async\" src=\"https:\/\/i0.wp.com\/guderley.com\/wp-content\/uploads\/2012\/07\/wpid-Photo-25.07.2012-0808.jpg?resize=500%2C375\" id=\"blogsy-1343248720600.2134\" class=\"aligncenter\" alt=\"\" width=\"500\" height=\"375\"><\/a><\/div>\n<p>Eine sehr angenehme und ruhige Nacht in dem riesigen Kiefernwald verbracht. Um 8 Uhr rollte mein Fahrrad komplett gepackt &#8222;vom Hof&#8220;. Es ging nach kurzer Zeit auf eine gute und relativ wenig befahrene Stra\u00dfe entlang des Peipussees. <\/p>\n<div class=\"separator\" style=\"clear: both; text-align: none;\"><a href=\"https:\/\/i0.wp.com\/guderley.com\/wp-content\/uploads\/2012\/07\/wpid-Photo-25.07.2012-0855.jpg\" target=\"_blank\" style=\"\"><img data-recalc-dims=\"1\" decoding=\"async\" src=\"https:\/\/i0.wp.com\/guderley.com\/wp-content\/uploads\/2012\/07\/wpid-Photo-25.07.2012-0855.jpg?resize=500%2C375\" id=\"blogsy-1343248720638.875\" class=\"aligncenter\" alt=\"\" width=\"500\" height=\"375\"><\/a><\/div>\n<p>Bei meinem ersten Stopp traf ich die vier Berliner von vorgestern wieder, die allerdings aus Dresden sind, alles stramme M\u00e4nner um die siebzig. Das signalisiert mir noch &#8222;Luft nach oben&#8220;. Einige Zeit fuhren wir immer so auf Sichtweite, bis wir uns in den D\u00f6rfern am Ufer aus den Augen verloren.<\/p>\n<p>In Kallaste einem &#8222;Seebad&#8220; mit sehr herbem Charme, gab es eine super besetzte Tourist-Info. Die junge Dame war nicht nur h\u00fcbsch, sondern auch wirklich sehr hilfsbereit. Ich bekam meinen ersten Kaffee des Tages (13:00) von ihr, sie reservierte mir mein Hotel in Tartu f\u00fcr die beiden folgenden N\u00e4chte und ich konnte einen schnellen Internetzugang ben\u00fctzen. Darin sind die Esten wirklich Weltmeister, die w\u00e4hlen nicht nur per SMS, die haben in vielen D\u00f6rfern einen freien Internetzugang f\u00fcr jedermann, in den St\u00e4dten sowieso und Hotels, Caf\u00e9s und Restaurants werben ganz aktiv damit.<\/p>\n<div class=\"separator\" style=\"clear: both; text-align: center;\"><a href=\"https:\/\/i0.wp.com\/guderley.com\/wp-content\/uploads\/2012\/07\/wpid-Photo-25.07.2012-1015.jpg\" target=\"_blank\" style=\"margin-left: 1em; margin-right: 1em;\"><img data-recalc-dims=\"1\" decoding=\"async\" src=\"https:\/\/i0.wp.com\/guderley.com\/wp-content\/uploads\/2012\/07\/wpid-Photo-25.07.2012-1015.jpg?resize=500%2C375\" id=\"blogsy-1343248720616.763\" class=\"aligncenter\" alt=\"\" width=\"500\" height=\"375\"><\/a><\/div>\n<p>25 km weiter habe ich in einem ganz kleinen Fischerdorf ger\u00e4ucherten Fisch aus dem Peipussee gegessen in einer Art Kulturzentrum und dabei eine ganze Menge \u00fcber das t\u00e4gliche Leben in dieser Einsamkeit am See erfahren. Der See ist Sommers wie Winters der Mittelpunkt des Lebens der Menschen hier. Rund um ihn leben sehr viele Russen und das Verh\u00e4ltnis zu den &#8222;heimatstolzen&#8220; Esten ist eher zwiesp\u00e4ltig. Als Nachtisch habe ich mir bei der russischen Oma ein paar Mohrr\u00fcben gekauft. <\/p>\n<div class=\"separator\" style=\"clear: both; text-align: center;\"><a href=\"https:\/\/i0.wp.com\/guderley.com\/wp-content\/uploads\/2012\/07\/wpid-Photo-25.07.2012-1502.jpg\" target=\"_blank\" style=\"margin-left: 1em; margin-right: 1em;\"><img data-recalc-dims=\"1\" decoding=\"async\" src=\"https:\/\/i0.wp.com\/guderley.com\/wp-content\/uploads\/2012\/07\/wpid-Photo-25.07.2012-1502.jpg?resize=500%2C375\" id=\"blogsy-1343248720678.062\" class=\"aligncenter\" alt=\"\" width=\"500\" height=\"375\"><\/a><\/div>\n<div class=\"separator\" style=\"clear: both; text-align: center;\"><a href=\"https:\/\/i0.wp.com\/guderley.com\/wp-content\/uploads\/2012\/07\/wpid-Photo-25.07.2012-1258.jpg\" target=\"_blank\" style=\"margin-left: 1em; margin-right: 1em;\"><img data-recalc-dims=\"1\" decoding=\"async\" src=\"https:\/\/i0.wp.com\/guderley.com\/wp-content\/uploads\/2012\/07\/wpid-Photo-25.07.2012-1258.jpg?resize=500%2C375\" id=\"blogsy-1343248720675.422\" class=\"aligncenter\" alt=\"\" width=\"500\" height=\"375\"><\/a><\/div>\n<p>Der restliche Nachmittag ging radtechnisch ziemlich z\u00e4h dahin, mal war es der Wind, mal der Belag und so richtig gut sa\u00df ich heute auch nicht auf dem Rad.<\/p>\n<div class=\"separator\" style=\"clear: both; text-align: center;\"><a href=\"https:\/\/i0.wp.com\/guderley.com\/wp-content\/uploads\/2012\/07\/wpid-Photo-25.07.2012-1810.jpg\" target=\"_blank\" style=\"margin-left: 1em; margin-right: 1em;\"><img data-recalc-dims=\"1\" decoding=\"async\" src=\"https:\/\/i0.wp.com\/guderley.com\/wp-content\/uploads\/2012\/07\/wpid-Photo-25.07.2012-1810.jpg?resize=500%2C375\" id=\"blogsy-1343248720675.8503\" class=\"aligncenter\" alt=\"\" width=\"500\" height=\"375\"><\/a><\/div>\n<p>Nach rund 120 Tageskilometer war ich dann in Tartu, der zweitgr\u00f6\u00dften Stadt Estlands, die viele als die Perle Estlands bezeichnen . Der Kontrast zur fast russischen Stadt Narva vorgestern k\u00f6nnte nicht gr\u00f6\u00dfer sein. Eine vor Lebensfreude sprudelnde Stadt, ganz viele junge Leute durch die beliebte Universit\u00e4t und eine sehenswerte Stra\u00dfengastronomie.<\/p>\n<div class=\"separator\" style=\"clear: both; text-align: center;\"><a href=\"https:\/\/i0.wp.com\/guderley.com\/wp-content\/uploads\/2012\/07\/wpid-Photo-25.07.2012-2219.jpg\" target=\"_blank\" style=\"margin-left: 1em; margin-right: 1em;\"><img data-recalc-dims=\"1\" decoding=\"async\" src=\"https:\/\/i0.wp.com\/guderley.com\/wp-content\/uploads\/2012\/07\/wpid-Photo-25.07.2012-2219.jpg?resize=500%2C375\" id=\"blogsy-1343248720643.7737\" class=\"aligncenter\" alt=\"\" width=\"500\" height=\"375\"><\/a><\/div>\n<p>Also genau recht f\u00fcr den Tag Pause morgen. Erstmal ausschlafen, in aller Ruhe fr\u00fchst\u00fccken und dann die Stadt erkunden. Nachmittags ist dann sicher ein bisschen Pflege des Fahrrads angesagt.<\/p>\n<p>&nbsp;<\/p>\n<div style=\"text-align: right; font-size: small;\" id=\"blogsy_footer\"><a href=\"http:\/\/blogsyapp.com\" target=\"_blank\"><img data-recalc-dims=\"1\" decoding=\"async\" src=\"https:\/\/i0.wp.com\/blogsyapp.com\/images\/blogsy_footer_icon.png?resize=20%2C20\" alt=\"Mit Blogsy ver\u00f6ffentlicht\" style=\"vertical-align: middle; margin-right: 5px;\" width=\"20\" height=\"20\" \/>Mit Blogsy ver\u00f6ffentlicht<\/a><\/div>\n","protected":false},"excerpt":{"rendered":"<p>Eine sehr angenehme und ruhige Nacht in dem riesigen Kiefernwald verbracht. Um 8 Uhr rollte mein Fahrrad komplett gepackt &#8222;vom Hof&#8220;. Es ging nach kurzer Zeit auf eine gute und relativ wenig befahrene Stra\u00dfe entlang des Peipussees. Bei meinem ersten Stopp traf ich die vier Berliner von vorgestern wieder, die allerdings aus Dresden sind, alles [&hellip;]<\/p>\n","protected":false},"author":2,"featured_media":0,"comment_status":"open","ping_status":"open","sticky":false,"template":"","format":"standard","meta":{"_jetpack_newsletter_access":"","_jetpack_dont_email_post_to_subs":false,"_jetpack_newsletter_tier_id":0,"_jetpack_memberships_contains_paywalled_content":false,"_jetpack_memberships_contains_paid_content":false,"footnotes":""},"categories":[22],"tags":[],"class_list":["post-1316","post","type-post","status-publish","format-standard","hentry","category-baltikum-2012"],"yoast_head":"<!-- This site is optimized with the Yoast SEO plugin v25.8 - https:\/\/yoast.com\/wordpress\/plugins\/seo\/ -->\n<title>25.7. Tartu \/ Estland - 9. Tag - 718 km - G\u00fcnter&#039;s Blog<\/title>\n<meta name=\"robots\" content=\"index, follow, max-snippet:-1, max-image-preview:large, max-video-preview:-1\" \/>\n<link rel=\"canonical\" href=\"http:\/\/guderley.com\/?p=1316\" \/>\n<meta property=\"og:locale\" content=\"de_DE\" \/>\n<meta property=\"og:type\" content=\"article\" \/>\n<meta property=\"og:title\" content=\"25.7. Tartu \/ Estland - 9. Tag - 718 km - G\u00fcnter&#039;s Blog\" \/>\n<meta property=\"og:description\" content=\"Eine sehr angenehme und ruhige Nacht in dem riesigen Kiefernwald verbracht. Um 8 Uhr rollte mein Fahrrad komplett gepackt &#8222;vom Hof&#8220;. Es ging nach kurzer Zeit auf eine gute und relativ wenig befahrene Stra\u00dfe entlang des Peipussees. Bei meinem ersten Stopp traf ich die vier Berliner von vorgestern wieder, die allerdings aus Dresden sind, alles [&hellip;]\" \/>\n<meta property=\"og:url\" content=\"http:\/\/guderley.com\/?p=1316\" \/>\n<meta property=\"og:site_name\" content=\"G\u00fcnter&#039;s Blog\" \/>\n<meta property=\"article:published_time\" content=\"2012-07-25T20:43:03+00:00\" \/>\n<meta property=\"og:image\" content=\"http:\/\/guderley.com\/wp-content\/uploads\/2012\/07\/wpid-Photo-25.07.2012-0808.jpg\" \/>\n<meta name=\"author\" content=\"guenter\" \/>\n<meta name=\"twitter:card\" content=\"summary_large_image\" \/>\n<meta name=\"twitter:label1\" content=\"Verfasst von\" \/>\n\t<meta name=\"twitter:data1\" content=\"guenter\" \/>\n\t<meta name=\"twitter:label2\" content=\"Gesch\u00e4tzte Lesezeit\" \/>\n\t<meta name=\"twitter:data2\" content=\"2\u00a0Minuten\" \/>\n<script type=\"application\/ld+json\" class=\"yoast-schema-graph\">{\"@context\":\"https:\/\/schema.org\",\"@graph\":[{\"@type\":\"Article\",\"@id\":\"http:\/\/guderley.com\/?p=1316#article\",\"isPartOf\":{\"@id\":\"http:\/\/guderley.com\/?p=1316\"},\"author\":{\"name\":\"guenter\",\"@id\":\"https:\/\/guderley.com\/#\/schema\/person\/24a827645a6fedd3481426a7028dfdcd\"},\"headline\":\"25.7. Tartu \/ Estland &#8211; 9. Tag &#8211; 718 km\",\"datePublished\":\"2012-07-25T20:43:03+00:00\",\"mainEntityOfPage\":{\"@id\":\"http:\/\/guderley.com\/?p=1316\"},\"wordCount\":394,\"commentCount\":0,\"publisher\":{\"@id\":\"https:\/\/guderley.com\/#\/schema\/person\/24a827645a6fedd3481426a7028dfdcd\"},\"image\":{\"@id\":\"http:\/\/guderley.com\/?p=1316#primaryimage\"},\"thumbnailUrl\":\"http:\/\/guderley.com\/wp-content\/uploads\/2012\/07\/wpid-Photo-25.07.2012-0808.jpg\",\"articleSection\":[\"2012 BALTIKUM\"],\"inLanguage\":\"de\",\"potentialAction\":[{\"@type\":\"CommentAction\",\"name\":\"Comment\",\"target\":[\"http:\/\/guderley.com\/?p=1316#respond\"]}]},{\"@type\":\"WebPage\",\"@id\":\"http:\/\/guderley.com\/?p=1316\",\"url\":\"http:\/\/guderley.com\/?p=1316\",\"name\":\"25.7. Tartu \/ Estland - 9. Tag - 718 km - G\u00fcnter&#039;s Blog\",\"isPartOf\":{\"@id\":\"https:\/\/guderley.com\/#website\"},\"primaryImageOfPage\":{\"@id\":\"http:\/\/guderley.com\/?p=1316#primaryimage\"},\"image\":{\"@id\":\"http:\/\/guderley.com\/?p=1316#primaryimage\"},\"thumbnailUrl\":\"http:\/\/guderley.com\/wp-content\/uploads\/2012\/07\/wpid-Photo-25.07.2012-0808.jpg\",\"datePublished\":\"2012-07-25T20:43:03+00:00\",\"breadcrumb\":{\"@id\":\"http:\/\/guderley.com\/?p=1316#breadcrumb\"},\"inLanguage\":\"de\",\"potentialAction\":[{\"@type\":\"ReadAction\",\"target\":[\"http:\/\/guderley.com\/?p=1316\"]}]},{\"@type\":\"ImageObject\",\"inLanguage\":\"de\",\"@id\":\"http:\/\/guderley.com\/?p=1316#primaryimage\",\"url\":\"https:\/\/i0.wp.com\/guderley.com\/wp-content\/uploads\/2012\/07\/wpid-Photo-25.07.2012-0808.jpg?fit=1024%2C768\",\"contentUrl\":\"https:\/\/i0.wp.com\/guderley.com\/wp-content\/uploads\/2012\/07\/wpid-Photo-25.07.2012-0808.jpg?fit=1024%2C768\",\"width\":\"1024\",\"height\":\"768\"},{\"@type\":\"BreadcrumbList\",\"@id\":\"http:\/\/guderley.com\/?p=1316#breadcrumb\",\"itemListElement\":[{\"@type\":\"ListItem\",\"position\":1,\"name\":\"Startseite\",\"item\":\"https:\/\/guderley.com\/\"},{\"@type\":\"ListItem\",\"position\":2,\"name\":\"25.7. Tartu \/ Estland &#8211; 9. Tag &#8211; 718 km\"}]},{\"@type\":\"WebSite\",\"@id\":\"https:\/\/guderley.com\/#website\",\"url\":\"https:\/\/guderley.com\/\",\"name\":\"G\u00fcnter's Blog\",\"description\":\"Fahrrad Touren rund um die Welt\",\"publisher\":{\"@id\":\"https:\/\/guderley.com\/#\/schema\/person\/24a827645a6fedd3481426a7028dfdcd\"},\"alternateName\":\"G\u00fcnter's Blog\",\"potentialAction\":[{\"@type\":\"SearchAction\",\"target\":{\"@type\":\"EntryPoint\",\"urlTemplate\":\"https:\/\/guderley.com\/?s={search_term_string}\"},\"query-input\":{\"@type\":\"PropertyValueSpecification\",\"valueRequired\":true,\"valueName\":\"search_term_string\"}}],\"inLanguage\":\"de\"},{\"@type\":[\"Person\",\"Organization\"],\"@id\":\"https:\/\/guderley.com\/#\/schema\/person\/24a827645a6fedd3481426a7028dfdcd\",\"name\":\"guenter\",\"image\":{\"@type\":\"ImageObject\",\"inLanguage\":\"de\",\"@id\":\"https:\/\/guderley.com\/#\/schema\/person\/image\/\",\"url\":\"https:\/\/i0.wp.com\/guderley.com\/wp-content\/uploads\/img_8008-scaled.jpg?fit=1920%2C2560\",\"contentUrl\":\"https:\/\/i0.wp.com\/guderley.com\/wp-content\/uploads\/img_8008-scaled.jpg?fit=1920%2C2560\",\"width\":1920,\"height\":2560,\"caption\":\"guenter\"},\"logo\":{\"@id\":\"https:\/\/guderley.com\/#\/schema\/person\/image\/\"},\"sameAs\":[\"http:\/\/guderley.com\/blog\"],\"url\":\"http:\/\/guderley.com\/?author=2\"}]}<\/script>\n<!-- \/ Yoast SEO plugin. -->","yoast_head_json":{"title":"25.7. Tartu \/ Estland - 9. Tag - 718 km - G\u00fcnter&#039;s Blog","robots":{"index":"index","follow":"follow","max-snippet":"max-snippet:-1","max-image-preview":"max-image-preview:large","max-video-preview":"max-video-preview:-1"},"canonical":"http:\/\/guderley.com\/?p=1316","og_locale":"de_DE","og_type":"article","og_title":"25.7. Tartu \/ Estland - 9. Tag - 718 km - G\u00fcnter&#039;s Blog","og_description":"Eine sehr angenehme und ruhige Nacht in dem riesigen Kiefernwald verbracht. Um 8 Uhr rollte mein Fahrrad komplett gepackt &#8222;vom Hof&#8220;. Es ging nach kurzer Zeit auf eine gute und relativ wenig befahrene Stra\u00dfe entlang des Peipussees. Bei meinem ersten Stopp traf ich die vier Berliner von vorgestern wieder, die allerdings aus Dresden sind, alles [&hellip;]","og_url":"http:\/\/guderley.com\/?p=1316","og_site_name":"G\u00fcnter&#039;s Blog","article_published_time":"2012-07-25T20:43:03+00:00","og_image":[{"url":"http:\/\/guderley.com\/wp-content\/uploads\/2012\/07\/wpid-Photo-25.07.2012-0808.jpg","type":"","width":"","height":""}],"author":"guenter","twitter_card":"summary_large_image","twitter_misc":{"Verfasst von":"guenter","Gesch\u00e4tzte Lesezeit":"2\u00a0Minuten"},"schema":{"@context":"https:\/\/schema.org","@graph":[{"@type":"Article","@id":"http:\/\/guderley.com\/?p=1316#article","isPartOf":{"@id":"http:\/\/guderley.com\/?p=1316"},"author":{"name":"guenter","@id":"https:\/\/guderley.com\/#\/schema\/person\/24a827645a6fedd3481426a7028dfdcd"},"headline":"25.7. Tartu \/ Estland &#8211; 9. Tag &#8211; 718 km","datePublished":"2012-07-25T20:43:03+00:00","mainEntityOfPage":{"@id":"http:\/\/guderley.com\/?p=1316"},"wordCount":394,"commentCount":0,"publisher":{"@id":"https:\/\/guderley.com\/#\/schema\/person\/24a827645a6fedd3481426a7028dfdcd"},"image":{"@id":"http:\/\/guderley.com\/?p=1316#primaryimage"},"thumbnailUrl":"http:\/\/guderley.com\/wp-content\/uploads\/2012\/07\/wpid-Photo-25.07.2012-0808.jpg","articleSection":["2012 BALTIKUM"],"inLanguage":"de","potentialAction":[{"@type":"CommentAction","name":"Comment","target":["http:\/\/guderley.com\/?p=1316#respond"]}]},{"@type":"WebPage","@id":"http:\/\/guderley.com\/?p=1316","url":"http:\/\/guderley.com\/?p=1316","name":"25.7. Tartu \/ Estland - 9. Tag - 718 km - G\u00fcnter&#039;s Blog","isPartOf":{"@id":"https:\/\/guderley.com\/#website"},"primaryImageOfPage":{"@id":"http:\/\/guderley.com\/?p=1316#primaryimage"},"image":{"@id":"http:\/\/guderley.com\/?p=1316#primaryimage"},"thumbnailUrl":"http:\/\/guderley.com\/wp-content\/uploads\/2012\/07\/wpid-Photo-25.07.2012-0808.jpg","datePublished":"2012-07-25T20:43:03+00:00","breadcrumb":{"@id":"http:\/\/guderley.com\/?p=1316#breadcrumb"},"inLanguage":"de","potentialAction":[{"@type":"ReadAction","target":["http:\/\/guderley.com\/?p=1316"]}]},{"@type":"ImageObject","inLanguage":"de","@id":"http:\/\/guderley.com\/?p=1316#primaryimage","url":"https:\/\/i0.wp.com\/guderley.com\/wp-content\/uploads\/2012\/07\/wpid-Photo-25.07.2012-0808.jpg?fit=1024%2C768","contentUrl":"https:\/\/i0.wp.com\/guderley.com\/wp-content\/uploads\/2012\/07\/wpid-Photo-25.07.2012-0808.jpg?fit=1024%2C768","width":"1024","height":"768"},{"@type":"BreadcrumbList","@id":"http:\/\/guderley.com\/?p=1316#breadcrumb","itemListElement":[{"@type":"ListItem","position":1,"name":"Startseite","item":"https:\/\/guderley.com\/"},{"@type":"ListItem","position":2,"name":"25.7. Tartu \/ Estland &#8211; 9. Tag &#8211; 718 km"}]},{"@type":"WebSite","@id":"https:\/\/guderley.com\/#website","url":"https:\/\/guderley.com\/","name":"G\u00fcnter's Blog","description":"Fahrrad Touren rund um die Welt","publisher":{"@id":"https:\/\/guderley.com\/#\/schema\/person\/24a827645a6fedd3481426a7028dfdcd"},"alternateName":"G\u00fcnter's Blog","potentialAction":[{"@type":"SearchAction","target":{"@type":"EntryPoint","urlTemplate":"https:\/\/guderley.com\/?s={search_term_string}"},"query-input":{"@type":"PropertyValueSpecification","valueRequired":true,"valueName":"search_term_string"}}],"inLanguage":"de"},{"@type":["Person","Organization"],"@id":"https:\/\/guderley.com\/#\/schema\/person\/24a827645a6fedd3481426a7028dfdcd","name":"guenter","image":{"@type":"ImageObject","inLanguage":"de","@id":"https:\/\/guderley.com\/#\/schema\/person\/image\/","url":"https:\/\/i0.wp.com\/guderley.com\/wp-content\/uploads\/img_8008-scaled.jpg?fit=1920%2C2560","contentUrl":"https:\/\/i0.wp.com\/guderley.com\/wp-content\/uploads\/img_8008-scaled.jpg?fit=1920%2C2560","width":1920,"height":2560,"caption":"guenter"},"logo":{"@id":"https:\/\/guderley.com\/#\/schema\/person\/image\/"},"sameAs":["http:\/\/guderley.com\/blog"],"url":"http:\/\/guderley.com\/?author=2"}]}},"jetpack_featured_media_url":"","jetpack_sharing_enabled":true,"jetpack_shortlink":"https:\/\/wp.me\/p9IuXF-le","jetpack_likes_enabled":true,"jetpack-related-posts":[{"id":2605,"url":"http:\/\/guderley.com\/?p=2605","url_meta":{"origin":1316,"position":0},"title":"14. Dez. 2014 &#8211; So &#8211; 31. Tag","author":"guenter","date":"Dezember 15, 2014","format":false,"excerpt":"108. Etappe - Tolhuin - Ushuaia 105 km - 1178 hm \/ Gesamt-Km: 2442Eine trockene und weitgehend windstille Nacht ging zu Ende als wir gegen 6 Uhr zum letzten Mal auf dieser Tour unsere Zelte abbauten. Eine g\u00fcnstige Situation, da das Campingequipment gleich final eingepackt werden konnte.Die gute Nachricht am\u2026","rel":"","context":"In &quot;2014 PATAGONIEN&quot;","block_context":{"text":"2014 PATAGONIEN","link":"http:\/\/guderley.com\/?cat=26"},"img":{"alt_text":"","src":"https:\/\/i0.wp.com\/guderley.com\/wp-content\/uploads\/2014\/12\/wpid-Photo-14.12.2014-1545.jpg?resize=350%2C200","width":350,"height":200,"srcset":"https:\/\/i0.wp.com\/guderley.com\/wp-content\/uploads\/2014\/12\/wpid-Photo-14.12.2014-1545.jpg?resize=350%2C200 1x, https:\/\/i0.wp.com\/guderley.com\/wp-content\/uploads\/2014\/12\/wpid-Photo-14.12.2014-1545.jpg?resize=525%2C300 1.5x, https:\/\/i0.wp.com\/guderley.com\/wp-content\/uploads\/2014\/12\/wpid-Photo-14.12.2014-1545.jpg?resize=700%2C400 2x"},"classes":[]},{"id":2778,"url":"http:\/\/guderley.com\/?p=2778","url_meta":{"origin":1316,"position":1},"title":"Tag 17 &#8211; Sa 13.6.2015 &#8211; 85 km Le Tr\u00e9port &#8211; Veulettes-sur-Mer \/ Gesamt: 1858 km","author":"guenter","date":"Juni 14, 2015","format":false,"excerpt":"Der Blick aus meinem Hotelzimmer zeigt graue Wolken \u00fcber dem Meer bei Le Tr\u00e9port. Es ist Samstag und ich lasse es ruhig angehen.Die \"Funiculaire\" bringt mich mit dem Fahrrad hinauf die Klippen und ich genie\u00dfe oben frische Croissants und Kaffee.Hier in Seine-Maritime gibt es eine gut markierte Fahrradroute die bis\u2026","rel":"","context":"In &quot;2015 BENELUX - FRANKREICH&quot;","block_context":{"text":"2015 BENELUX - FRANKREICH","link":"http:\/\/guderley.com\/?cat=27"},"img":{"alt_text":"","src":"https:\/\/i0.wp.com\/guderley.com\/wp-content\/uploads\/2015\/06\/wpid-Photo-13.06.2015-1225.jpg?resize=350%2C200","width":350,"height":200,"srcset":"https:\/\/i0.wp.com\/guderley.com\/wp-content\/uploads\/2015\/06\/wpid-Photo-13.06.2015-1225.jpg?resize=350%2C200 1x, https:\/\/i0.wp.com\/guderley.com\/wp-content\/uploads\/2015\/06\/wpid-Photo-13.06.2015-1225.jpg?resize=525%2C300 1.5x, https:\/\/i0.wp.com\/guderley.com\/wp-content\/uploads\/2015\/06\/wpid-Photo-13.06.2015-1225.jpg?resize=700%2C400 2x"},"classes":[]},{"id":2469,"url":"http:\/\/guderley.com\/?p=2469","url_meta":{"origin":1316,"position":2},"title":"3. Dez. 2014 &#8211; Mi &#8211; 20. Tag","author":"guenter","date":"Dezember 4, 2014","format":false,"excerpt":"Etappe 99 - Bushcamp - Cerro Castillo \/ Chile91 km - 540 hm \/ Gesamt: 1642 kmEine Nacht im Bushcamp hat schon ihren Reiz. Maximale Stille - einfach Natur pur !!Die Nachteile liegen auf der Hand - keine Waschm\u00f6glichkeiten, geschweige denn Toilette. Mit ein bisschen Kreativit\u00e4t geht das problemlos einige\u2026","rel":"","context":"In &quot;2014 PATAGONIEN&quot;","block_context":{"text":"2014 PATAGONIEN","link":"http:\/\/guderley.com\/?cat=26"},"img":{"alt_text":"","src":"https:\/\/i0.wp.com\/guderley.com\/wp-content\/uploads\/2014\/12\/wpid-Photo-04.12.2014-1558.jpg?resize=350%2C200","width":350,"height":200,"srcset":"https:\/\/i0.wp.com\/guderley.com\/wp-content\/uploads\/2014\/12\/wpid-Photo-04.12.2014-1558.jpg?resize=350%2C200 1x, https:\/\/i0.wp.com\/guderley.com\/wp-content\/uploads\/2014\/12\/wpid-Photo-04.12.2014-1558.jpg?resize=525%2C300 1.5x, https:\/\/i0.wp.com\/guderley.com\/wp-content\/uploads\/2014\/12\/wpid-Photo-04.12.2014-1558.jpg?resize=700%2C400 2x"},"classes":[]},{"id":108,"url":"http:\/\/guderley.com\/?p=108","url_meta":{"origin":1316,"position":3},"title":"SYLT 26.04.2010 bis 02.05.2010","author":"guenter","date":"Mai 1, 2010","format":false,"excerpt":"Eine Woche relaxen und mental vorbereiten auf die Radtour. Marion ist am Sonntag (25.4.) in Hamburg Marathon gelaufen und Montag sind wir dann weiter nach Sylt und haben uns eine Woche die rauhe Luft um die Nase wehen lassen. Zwei Wochen noch dann geht der Flieger nach Spanien und meine\u2026","rel":"","context":"In &quot;2014 PATAGONIEN&quot;","block_context":{"text":"2014 PATAGONIEN","link":"http:\/\/guderley.com\/?cat=26"},"img":{"alt_text":"","src":"https:\/\/i0.wp.com\/guderley.com\/wp-content\/uploads\/2010\/05\/IMGP0033.jpg?resize=350%2C200","width":350,"height":200},"classes":[]},{"id":1544,"url":"http:\/\/guderley.com\/?p=1544","url_meta":{"origin":1316,"position":4},"title":"17.8.  Gda\u0144sk \/ Polen &#8211; Tag 32 &#8211; km 2828","author":"guenter","date":"August 17, 2012","format":false,"excerpt":"Die \u00dcbernachtung in Tolkmicko war bestens. Beim Aufwachen drohten dunkle Wolken, so dass ich mich mit dem Abbauen und Einpacken des Zeltes beeilte. Ging aber dann doch vorbei.Im Dorf fragte ich in einem kleinen Lebensmittelladen nach Kaffee, da wollte mir die gute Frau ein Pfund Kaffee verkaufen. Wie es der\u2026","rel":"","context":"In &quot;2012 BALTIKUM&quot;","block_context":{"text":"2012 BALTIKUM","link":"http:\/\/guderley.com\/?cat=22"},"img":{"alt_text":"","src":"https:\/\/i0.wp.com\/guderley.com\/wp-content\/uploads\/2012\/08\/wpid-Photo-17.08.2012-2005.jpg?resize=350%2C200","width":350,"height":200,"srcset":"https:\/\/i0.wp.com\/guderley.com\/wp-content\/uploads\/2012\/08\/wpid-Photo-17.08.2012-2005.jpg?resize=350%2C200 1x, https:\/\/i0.wp.com\/guderley.com\/wp-content\/uploads\/2012\/08\/wpid-Photo-17.08.2012-2005.jpg?resize=525%2C300 1.5x, https:\/\/i0.wp.com\/guderley.com\/wp-content\/uploads\/2012\/08\/wpid-Photo-17.08.2012-2005.jpg?resize=700%2C400 2x"},"classes":[]},{"id":2722,"url":"http:\/\/guderley.com\/?p=2722","url_meta":{"origin":1316,"position":5},"title":"Tag 10 &#8211; Sa  6.6.2015 \/ 90 km Den Oever &#8211; Bakkum  \/  Gesamt:  1118 km","author":"guenter","date":"Juni 6, 2015","format":false,"excerpt":"Das Unwetter war durch heute Morgen, zwar deutlich abgek\u00fchlt aber wunderbar sonnig wurde es ein idealer Tag zum Radfahren. Die Landschaft zwischen Friesland und Noord-Holland ver\u00e4nderte sich sukzessive und gegen Mittag wurde meine bisherige \"Waddenzeeroute\" von der \"Nordzeeroute\" abgel\u00f6st.Mit der \"echten Nordsee\" war pl\u00f6tzlich auch eine interessante D\u00fcnenlandschaft erreicht. Einfach\u2026","rel":"","context":"In &quot;2015 BENELUX - FRANKREICH&quot;","block_context":{"text":"2015 BENELUX - FRANKREICH","link":"http:\/\/guderley.com\/?cat=27"},"img":{"alt_text":"","src":"https:\/\/i0.wp.com\/guderley.com\/wp-content\/uploads\/2015\/06\/wpid-Photo-06.06.2015-1133.jpg?resize=350%2C200","width":350,"height":200,"srcset":"https:\/\/i0.wp.com\/guderley.com\/wp-content\/uploads\/2015\/06\/wpid-Photo-06.06.2015-1133.jpg?resize=350%2C200 1x, https:\/\/i0.wp.com\/guderley.com\/wp-content\/uploads\/2015\/06\/wpid-Photo-06.06.2015-1133.jpg?resize=525%2C300 1.5x, https:\/\/i0.wp.com\/guderley.com\/wp-content\/uploads\/2015\/06\/wpid-Photo-06.06.2015-1133.jpg?resize=700%2C400 2x"},"classes":[]}],"_links":{"self":[{"href":"http:\/\/guderley.com\/index.php?rest_route=\/wp\/v2\/posts\/1316","targetHints":{"allow":["GET"]}}],"collection":[{"href":"http:\/\/guderley.com\/index.php?rest_route=\/wp\/v2\/posts"}],"about":[{"href":"http:\/\/guderley.com\/index.php?rest_route=\/wp\/v2\/types\/post"}],"author":[{"embeddable":true,"href":"http:\/\/guderley.com\/index.php?rest_route=\/wp\/v2\/users\/2"}],"replies":[{"embeddable":true,"href":"http:\/\/guderley.com\/index.php?rest_route=%2Fwp%2Fv2%2Fcomments&post=1316"}],"version-history":[{"count":0,"href":"http:\/\/guderley.com\/index.php?rest_route=\/wp\/v2\/posts\/1316\/revisions"}],"wp:attachment":[{"href":"http:\/\/guderley.com\/index.php?rest_route=%2Fwp%2Fv2%2Fmedia&parent=1316"}],"wp:term":[{"taxonomy":"category","embeddable":true,"href":"http:\/\/guderley.com\/index.php?rest_route=%2Fwp%2Fv2%2Fcategories&post=1316"},{"taxonomy":"post_tag","embeddable":true,"href":"http:\/\/guderley.com\/index.php?rest_route=%2Fwp%2Fv2%2Ftags&post=1316"}],"curies":[{"name":"wp","href":"https:\/\/api.w.org\/{rel}","templated":true}]}}