{"id":1306,"date":"2012-07-25T10:39:07","date_gmt":"2012-07-25T09:39:07","guid":{"rendered":"http:\/\/guderley.com\/?p=1306"},"modified":"2012-07-25T17:46:39","modified_gmt":"2012-07-25T16:46:39","slug":"24-7-kauksi-estland-8-tag-602-km","status":"publish","type":"post","link":"http:\/\/guderley.com\/?p=1306","title":{"rendered":"24.7.  Kauksi \/ Estland &#8211; 8. Tag &#8211; 602 km"},"content":{"rendered":"<div class=\"separator\" style=\"clear: both; text-align: center;\"><a href=\"https:\/\/i0.wp.com\/guderley.com\/wp-content\/uploads\/2012\/07\/wpid-Photo-24.07.2012-0809.jpg\" target=\"_blank\" style=\"margin-left: 1em; margin-right: 1em;\"><img data-recalc-dims=\"1\" decoding=\"async\" src=\"https:\/\/i0.wp.com\/guderley.com\/wp-content\/uploads\/2012\/07\/wpid-Photo-24.07.2012-0809.jpg?resize=500%2C375\" id=\"blogsy-1343209128339.2258\" class=\"aligncenter\" alt=\"\" width=\"500\" height=\"375\"><\/a><\/div>\n<p>Es sollte ein sehr langer Radtag werden, das wusste ich allerdings morgens um 8 Uhr vor der be\u00fchmten Festung in Narva noch nicht. Es hatte die ganze Nacht m\u00e4chtig geregnet aber p\u00fcnktlich um 6 Uhr h\u00f6rte es auf. Frohen Mutes machte ich mich auf den Weg zur\u00fcck. Ich musste etwa 60 Kilometer pfeilgerade nach Westen fahren und das zumeist auf der vielbefahrenen Hauptroute. <\/p>\n<p>&nbsp;<\/p>\n<div class=\"separator\" style=\"clear: both; text-align: none;\"><a href=\"https:\/\/i0.wp.com\/guderley.com\/wp-content\/uploads\/2012\/07\/wpid-Photo-24.07.2012-1207.jpg\" target=\"_blank\" style=\"\"><img data-recalc-dims=\"1\" decoding=\"async\" src=\"https:\/\/i0.wp.com\/guderley.com\/wp-content\/uploads\/2012\/07\/wpid-Photo-24.07.2012-1207.jpg?resize=500%2C375\" id=\"blogsy-1343209128352.154\" class=\"aligncenter\" alt=\"\" width=\"500\" height=\"375\"><\/a><\/div>\n<p>Meine zwei Gegner hie\u00dfen Westwind und LKWs. Der eine war mega anstrengend, der andere verlangte volle Aufmerksamkeit trotz gut befahrbarem Randstreifen. Ich hatte auch noch Gl\u00fcck, es gab eine 10 km lange Baustelle in welcher nur 30 km\/h Gefahren werden durfte, da konnte ich zwar nicht ganz mithalten, aber es f\u00fchlt sich anders an, wenn der 20 Tonner an einem vorbeigeleitet als wenn er vorbeidonnert.<\/p>\n<p>&nbsp;<\/p>\n<p>Irgendwann war ich dann dort, wo ich nach S\u00fcden abbiegen durfte und es blieb zwar der Wind, aber es fuhr sich ziemlich entspannt, zwischendurch gab es dann mal 20 km Buckelpiste mit Naturbelag, ging aber auch ganz gut.<\/p>\n<p>&nbsp;<\/p>\n<div class=\"separator\" style=\"clear: both; text-align: center;\"><a href=\"https:\/\/i0.wp.com\/guderley.com\/wp-content\/uploads\/2012\/07\/wpid-Photo-24.07.2012-1515.jpg\" target=\"_blank\" style=\"margin-left: 1em; margin-right: 1em;\"><img data-recalc-dims=\"1\" decoding=\"async\" src=\"https:\/\/i0.wp.com\/guderley.com\/wp-content\/uploads\/2012\/07\/wpid-Photo-24.07.2012-1515.jpg?resize=500%2C375\" id=\"blogsy-1343209128345.3125\" class=\"aligncenter\" alt=\"\" width=\"500\" height=\"375\"><\/a><\/div>\n<p>Eine H\u00f6hepunkt war der Abstecher in das orthodoxe Nonnenkloster Kurem\u00e4e, wirklich sehenswert und irgendwie &#8222;magisch&#8220; diese Anlage. Wer genaueres wissen will, muss halt mal googlen.<\/p>\n<p>&nbsp;<\/p>\n<p>So ab km 100 wurde es zunehmend anstrengender, das Ziel Peipussee vor Augen, k\u00e4mpfte ich mich auch durch die schw\u00e4cheren Momente.<\/p>\n<p>&nbsp;<\/p>\n<p>Ja und pl\u00f6tzlich war ich da, am viertgr\u00f6\u00dften See Europas, der auch eine nat\u00fcrliche Grenze zwischen Estland und Russland darstellt. Irgendwie gigantisch, wie ich mir das auch vorgestellt habe. Kieferbewachsene Ufer und lange zug\u00e4ngliche Str\u00e4nde hier im Norden des Sees. Allerdings ist hier kein Mensch !<\/p>\n<p>&nbsp;<\/p>\n<p>Kauksi nennt sich Ferienzentrum, auf dem riesigen Zeltplatz wo ich f\u00fcr 4 Euro incl. warmer Dusche \u00fcbernachte, sind ganze f\u00fcnf Personen, st\u00f6rt mich jetzt nicht wirklich, aber es ist Sommer und in Estland sind auch Ferien ! Was ist dann hier ab September los ?<\/p>\n<p>&nbsp;<\/p>\n<p>Ich sitze jetzt um 22:00 Uhr direkt am See an eine Kiefer gelehnt und schreibe diese Zeilen. Gerade vorher habe ich ein sehr frugales Mahl zu mir genommen: FinnCrisp, K\u00e4se und eine T\u00fcte voll Pistazien, als Nachtisch eine Rippe Schokolade und ein B\u00fcchse estnisches Bier.<\/p>\n<div class=\"separator\" style=\"clear: both; text-align: center;\"><a href=\"https:\/\/i0.wp.com\/guderley.com\/wp-content\/uploads\/2012\/07\/wpid-Photo-24.07.2012-1923.jpg\" target=\"_blank\" style=\"margin-left: 1em; margin-right: 1em;\"><img data-recalc-dims=\"1\" decoding=\"async\" src=\"https:\/\/i0.wp.com\/guderley.com\/wp-content\/uploads\/2012\/07\/wpid-Photo-24.07.2012-1923.jpg?resize=500%2C375\" id=\"blogsy-1343209128344.921\" class=\"aligncenter\" alt=\"\" width=\"500\" height=\"375\"><\/a><\/div>\n<p>&nbsp;<\/p>\n<p>Hier gibt es ausnahmsweise mal kein WiFi, was wirklich selten ist, sogar in dem oben erw\u00e4hnten Kloster gab es eine freizug\u00e4ngliche M\u00f6glichkeit. Die Bilder erg\u00e4nze ich dann morgen und bei n\u00e4chster Gelegenheit steht der Tagesbericht dann auch im Netz.<\/p>\n<p>&nbsp;<\/p>\n<div class=\"separator\" style=\"clear: both; text-align: center;\"><a href=\"https:\/\/i0.wp.com\/guderley.com\/wp-content\/uploads\/2012\/07\/wpid-Photo-24.07.2012-1726.jpg\" target=\"_blank\" style=\"margin-left: 1em; margin-right: 1em;\"><img data-recalc-dims=\"1\" decoding=\"async\" src=\"https:\/\/i0.wp.com\/guderley.com\/wp-content\/uploads\/2012\/07\/wpid-Photo-24.07.2012-1726.jpg?resize=500%2C375\" id=\"blogsy-1343209128373.6638\" class=\"aligncenter\" alt=\"\" width=\"500\" height=\"375\"><\/a><\/div>\n<p>Morgen m\u00f6chte ich nach M\u00f6glichkeit Tartu, das ehemalige Dorpat erreichen, welches die zweitgr\u00f6\u00dfte Stadt in Estland ist, wenn das klappt lege ich vielleicht ein Ruhetag ein und gucke mir diese interessante Universit\u00e4tsstadt ausgiebig an.<\/p>\n<p>&nbsp;<\/p>\n<p>Jetzt freue ich mich auf meinen kuscheligen Schlafsack im Zelt in einem herrlichen Kiefernwald. <\/p>\n<p>&nbsp;<\/p>\n<div style=\"text-align: right; font-size: small;\" id=\"blogsy_footer\"><a href=\"http:\/\/blogsyapp.com\" target=\"_blank\"><img data-recalc-dims=\"1\" decoding=\"async\" src=\"https:\/\/i0.wp.com\/blogsyapp.com\/images\/blogsy_footer_icon.png?resize=20%2C20\" alt=\"Mit Blogsy ver\u00f6ffentlicht\" style=\"vertical-align: middle; margin-right: 5px;\" width=\"20\" height=\"20\" \/>Mit Blogsy ver\u00f6ffentlicht<\/a><\/div>\n","protected":false},"excerpt":{"rendered":"<p>Es sollte ein sehr langer Radtag werden, das wusste ich allerdings morgens um 8 Uhr vor der be\u00fchmten Festung in Narva noch nicht. Es hatte die ganze Nacht m\u00e4chtig geregnet aber p\u00fcnktlich um 6 Uhr h\u00f6rte es auf. Frohen Mutes machte ich mich auf den Weg zur\u00fcck. Ich musste etwa 60 Kilometer pfeilgerade nach Westen [&hellip;]<\/p>\n","protected":false},"author":2,"featured_media":0,"comment_status":"open","ping_status":"open","sticky":false,"template":"","format":"standard","meta":{"_jetpack_newsletter_access":"","_jetpack_dont_email_post_to_subs":false,"_jetpack_newsletter_tier_id":0,"_jetpack_memberships_contains_paywalled_content":false,"_jetpack_memberships_contains_paid_content":false,"footnotes":""},"categories":[22],"tags":[],"class_list":["post-1306","post","type-post","status-publish","format-standard","hentry","category-baltikum-2012"],"yoast_head":"<!-- This site is optimized with the Yoast SEO plugin v25.8 - https:\/\/yoast.com\/wordpress\/plugins\/seo\/ -->\n<title>24.7. Kauksi \/ Estland - 8. Tag - 602 km - G\u00fcnter&#039;s Blog<\/title>\n<meta name=\"robots\" content=\"index, follow, max-snippet:-1, max-image-preview:large, max-video-preview:-1\" \/>\n<link rel=\"canonical\" href=\"https:\/\/guderley.com\/?p=1306\" \/>\n<meta property=\"og:locale\" content=\"de_DE\" \/>\n<meta property=\"og:type\" content=\"article\" \/>\n<meta property=\"og:title\" content=\"24.7. Kauksi \/ Estland - 8. Tag - 602 km - G\u00fcnter&#039;s Blog\" \/>\n<meta property=\"og:description\" content=\"Es sollte ein sehr langer Radtag werden, das wusste ich allerdings morgens um 8 Uhr vor der be\u00fchmten Festung in Narva noch nicht. Es hatte die ganze Nacht m\u00e4chtig geregnet aber p\u00fcnktlich um 6 Uhr h\u00f6rte es auf. Frohen Mutes machte ich mich auf den Weg zur\u00fcck. Ich musste etwa 60 Kilometer pfeilgerade nach Westen [&hellip;]\" \/>\n<meta property=\"og:url\" content=\"https:\/\/guderley.com\/?p=1306\" \/>\n<meta property=\"og:site_name\" content=\"G\u00fcnter&#039;s Blog\" \/>\n<meta property=\"article:published_time\" content=\"2012-07-25T09:39:07+00:00\" \/>\n<meta property=\"article:modified_time\" content=\"2012-07-25T16:46:39+00:00\" \/>\n<meta property=\"og:image\" content=\"http:\/\/guderley.com\/wp-content\/uploads\/2012\/07\/wpid-Photo-24.07.2012-0809.jpg\" \/>\n<meta name=\"author\" content=\"guenter\" \/>\n<meta name=\"twitter:card\" content=\"summary_large_image\" \/>\n<meta name=\"twitter:label1\" content=\"Verfasst von\" \/>\n\t<meta name=\"twitter:data1\" content=\"guenter\" \/>\n\t<meta name=\"twitter:label2\" content=\"Gesch\u00e4tzte Lesezeit\" \/>\n\t<meta name=\"twitter:data2\" content=\"2\u00a0Minuten\" \/>\n<script type=\"application\/ld+json\" class=\"yoast-schema-graph\">{\"@context\":\"https:\/\/schema.org\",\"@graph\":[{\"@type\":\"Article\",\"@id\":\"https:\/\/guderley.com\/?p=1306#article\",\"isPartOf\":{\"@id\":\"https:\/\/guderley.com\/?p=1306\"},\"author\":{\"name\":\"guenter\",\"@id\":\"https:\/\/guderley.com\/#\/schema\/person\/24a827645a6fedd3481426a7028dfdcd\"},\"headline\":\"24.7. Kauksi \/ Estland &#8211; 8. Tag &#8211; 602 km\",\"datePublished\":\"2012-07-25T09:39:07+00:00\",\"dateModified\":\"2012-07-25T16:46:39+00:00\",\"mainEntityOfPage\":{\"@id\":\"https:\/\/guderley.com\/?p=1306\"},\"wordCount\":477,\"commentCount\":1,\"publisher\":{\"@id\":\"https:\/\/guderley.com\/#\/schema\/person\/24a827645a6fedd3481426a7028dfdcd\"},\"image\":{\"@id\":\"https:\/\/guderley.com\/?p=1306#primaryimage\"},\"thumbnailUrl\":\"http:\/\/guderley.com\/wp-content\/uploads\/2012\/07\/wpid-Photo-24.07.2012-0809.jpg\",\"articleSection\":[\"2012 BALTIKUM\"],\"inLanguage\":\"de\",\"potentialAction\":[{\"@type\":\"CommentAction\",\"name\":\"Comment\",\"target\":[\"https:\/\/guderley.com\/?p=1306#respond\"]}]},{\"@type\":\"WebPage\",\"@id\":\"https:\/\/guderley.com\/?p=1306\",\"url\":\"https:\/\/guderley.com\/?p=1306\",\"name\":\"24.7. Kauksi \/ Estland - 8. Tag - 602 km - G\u00fcnter&#039;s Blog\",\"isPartOf\":{\"@id\":\"https:\/\/guderley.com\/#website\"},\"primaryImageOfPage\":{\"@id\":\"https:\/\/guderley.com\/?p=1306#primaryimage\"},\"image\":{\"@id\":\"https:\/\/guderley.com\/?p=1306#primaryimage\"},\"thumbnailUrl\":\"http:\/\/guderley.com\/wp-content\/uploads\/2012\/07\/wpid-Photo-24.07.2012-0809.jpg\",\"datePublished\":\"2012-07-25T09:39:07+00:00\",\"dateModified\":\"2012-07-25T16:46:39+00:00\",\"breadcrumb\":{\"@id\":\"https:\/\/guderley.com\/?p=1306#breadcrumb\"},\"inLanguage\":\"de\",\"potentialAction\":[{\"@type\":\"ReadAction\",\"target\":[\"https:\/\/guderley.com\/?p=1306\"]}]},{\"@type\":\"ImageObject\",\"inLanguage\":\"de\",\"@id\":\"https:\/\/guderley.com\/?p=1306#primaryimage\",\"url\":\"https:\/\/i0.wp.com\/guderley.com\/wp-content\/uploads\/2012\/07\/wpid-Photo-24.07.2012-0809.jpg?fit=1024%2C768\",\"contentUrl\":\"https:\/\/i0.wp.com\/guderley.com\/wp-content\/uploads\/2012\/07\/wpid-Photo-24.07.2012-0809.jpg?fit=1024%2C768\",\"width\":\"1024\",\"height\":\"768\"},{\"@type\":\"BreadcrumbList\",\"@id\":\"https:\/\/guderley.com\/?p=1306#breadcrumb\",\"itemListElement\":[{\"@type\":\"ListItem\",\"position\":1,\"name\":\"Startseite\",\"item\":\"https:\/\/guderley.com\/\"},{\"@type\":\"ListItem\",\"position\":2,\"name\":\"24.7. Kauksi \/ Estland &#8211; 8. Tag &#8211; 602 km\"}]},{\"@type\":\"WebSite\",\"@id\":\"https:\/\/guderley.com\/#website\",\"url\":\"https:\/\/guderley.com\/\",\"name\":\"G\u00fcnter's Blog\",\"description\":\"Fahrrad Touren rund um die Welt\",\"publisher\":{\"@id\":\"https:\/\/guderley.com\/#\/schema\/person\/24a827645a6fedd3481426a7028dfdcd\"},\"alternateName\":\"G\u00fcnter's Blog\",\"potentialAction\":[{\"@type\":\"SearchAction\",\"target\":{\"@type\":\"EntryPoint\",\"urlTemplate\":\"https:\/\/guderley.com\/?s={search_term_string}\"},\"query-input\":{\"@type\":\"PropertyValueSpecification\",\"valueRequired\":true,\"valueName\":\"search_term_string\"}}],\"inLanguage\":\"de\"},{\"@type\":[\"Person\",\"Organization\"],\"@id\":\"https:\/\/guderley.com\/#\/schema\/person\/24a827645a6fedd3481426a7028dfdcd\",\"name\":\"guenter\",\"image\":{\"@type\":\"ImageObject\",\"inLanguage\":\"de\",\"@id\":\"https:\/\/guderley.com\/#\/schema\/person\/image\/\",\"url\":\"https:\/\/i0.wp.com\/guderley.com\/wp-content\/uploads\/img_8008-scaled.jpg?fit=1920%2C2560\",\"contentUrl\":\"https:\/\/i0.wp.com\/guderley.com\/wp-content\/uploads\/img_8008-scaled.jpg?fit=1920%2C2560\",\"width\":1920,\"height\":2560,\"caption\":\"guenter\"},\"logo\":{\"@id\":\"https:\/\/guderley.com\/#\/schema\/person\/image\/\"},\"sameAs\":[\"http:\/\/guderley.com\/blog\"],\"url\":\"http:\/\/guderley.com\/?author=2\"}]}<\/script>\n<!-- \/ Yoast SEO plugin. -->","yoast_head_json":{"title":"24.7. Kauksi \/ Estland - 8. Tag - 602 km - G\u00fcnter&#039;s Blog","robots":{"index":"index","follow":"follow","max-snippet":"max-snippet:-1","max-image-preview":"max-image-preview:large","max-video-preview":"max-video-preview:-1"},"canonical":"https:\/\/guderley.com\/?p=1306","og_locale":"de_DE","og_type":"article","og_title":"24.7. Kauksi \/ Estland - 8. Tag - 602 km - G\u00fcnter&#039;s Blog","og_description":"Es sollte ein sehr langer Radtag werden, das wusste ich allerdings morgens um 8 Uhr vor der be\u00fchmten Festung in Narva noch nicht. Es hatte die ganze Nacht m\u00e4chtig geregnet aber p\u00fcnktlich um 6 Uhr h\u00f6rte es auf. Frohen Mutes machte ich mich auf den Weg zur\u00fcck. Ich musste etwa 60 Kilometer pfeilgerade nach Westen [&hellip;]","og_url":"https:\/\/guderley.com\/?p=1306","og_site_name":"G\u00fcnter&#039;s Blog","article_published_time":"2012-07-25T09:39:07+00:00","article_modified_time":"2012-07-25T16:46:39+00:00","og_image":[{"url":"http:\/\/guderley.com\/wp-content\/uploads\/2012\/07\/wpid-Photo-24.07.2012-0809.jpg","type":"","width":"","height":""}],"author":"guenter","twitter_card":"summary_large_image","twitter_misc":{"Verfasst von":"guenter","Gesch\u00e4tzte Lesezeit":"2\u00a0Minuten"},"schema":{"@context":"https:\/\/schema.org","@graph":[{"@type":"Article","@id":"https:\/\/guderley.com\/?p=1306#article","isPartOf":{"@id":"https:\/\/guderley.com\/?p=1306"},"author":{"name":"guenter","@id":"https:\/\/guderley.com\/#\/schema\/person\/24a827645a6fedd3481426a7028dfdcd"},"headline":"24.7. Kauksi \/ Estland &#8211; 8. Tag &#8211; 602 km","datePublished":"2012-07-25T09:39:07+00:00","dateModified":"2012-07-25T16:46:39+00:00","mainEntityOfPage":{"@id":"https:\/\/guderley.com\/?p=1306"},"wordCount":477,"commentCount":1,"publisher":{"@id":"https:\/\/guderley.com\/#\/schema\/person\/24a827645a6fedd3481426a7028dfdcd"},"image":{"@id":"https:\/\/guderley.com\/?p=1306#primaryimage"},"thumbnailUrl":"http:\/\/guderley.com\/wp-content\/uploads\/2012\/07\/wpid-Photo-24.07.2012-0809.jpg","articleSection":["2012 BALTIKUM"],"inLanguage":"de","potentialAction":[{"@type":"CommentAction","name":"Comment","target":["https:\/\/guderley.com\/?p=1306#respond"]}]},{"@type":"WebPage","@id":"https:\/\/guderley.com\/?p=1306","url":"https:\/\/guderley.com\/?p=1306","name":"24.7. Kauksi \/ Estland - 8. Tag - 602 km - G\u00fcnter&#039;s Blog","isPartOf":{"@id":"https:\/\/guderley.com\/#website"},"primaryImageOfPage":{"@id":"https:\/\/guderley.com\/?p=1306#primaryimage"},"image":{"@id":"https:\/\/guderley.com\/?p=1306#primaryimage"},"thumbnailUrl":"http:\/\/guderley.com\/wp-content\/uploads\/2012\/07\/wpid-Photo-24.07.2012-0809.jpg","datePublished":"2012-07-25T09:39:07+00:00","dateModified":"2012-07-25T16:46:39+00:00","breadcrumb":{"@id":"https:\/\/guderley.com\/?p=1306#breadcrumb"},"inLanguage":"de","potentialAction":[{"@type":"ReadAction","target":["https:\/\/guderley.com\/?p=1306"]}]},{"@type":"ImageObject","inLanguage":"de","@id":"https:\/\/guderley.com\/?p=1306#primaryimage","url":"https:\/\/i0.wp.com\/guderley.com\/wp-content\/uploads\/2012\/07\/wpid-Photo-24.07.2012-0809.jpg?fit=1024%2C768","contentUrl":"https:\/\/i0.wp.com\/guderley.com\/wp-content\/uploads\/2012\/07\/wpid-Photo-24.07.2012-0809.jpg?fit=1024%2C768","width":"1024","height":"768"},{"@type":"BreadcrumbList","@id":"https:\/\/guderley.com\/?p=1306#breadcrumb","itemListElement":[{"@type":"ListItem","position":1,"name":"Startseite","item":"https:\/\/guderley.com\/"},{"@type":"ListItem","position":2,"name":"24.7. Kauksi \/ Estland &#8211; 8. Tag &#8211; 602 km"}]},{"@type":"WebSite","@id":"https:\/\/guderley.com\/#website","url":"https:\/\/guderley.com\/","name":"G\u00fcnter's Blog","description":"Fahrrad Touren rund um die Welt","publisher":{"@id":"https:\/\/guderley.com\/#\/schema\/person\/24a827645a6fedd3481426a7028dfdcd"},"alternateName":"G\u00fcnter's Blog","potentialAction":[{"@type":"SearchAction","target":{"@type":"EntryPoint","urlTemplate":"https:\/\/guderley.com\/?s={search_term_string}"},"query-input":{"@type":"PropertyValueSpecification","valueRequired":true,"valueName":"search_term_string"}}],"inLanguage":"de"},{"@type":["Person","Organization"],"@id":"https:\/\/guderley.com\/#\/schema\/person\/24a827645a6fedd3481426a7028dfdcd","name":"guenter","image":{"@type":"ImageObject","inLanguage":"de","@id":"https:\/\/guderley.com\/#\/schema\/person\/image\/","url":"https:\/\/i0.wp.com\/guderley.com\/wp-content\/uploads\/img_8008-scaled.jpg?fit=1920%2C2560","contentUrl":"https:\/\/i0.wp.com\/guderley.com\/wp-content\/uploads\/img_8008-scaled.jpg?fit=1920%2C2560","width":1920,"height":2560,"caption":"guenter"},"logo":{"@id":"https:\/\/guderley.com\/#\/schema\/person\/image\/"},"sameAs":["http:\/\/guderley.com\/blog"],"url":"http:\/\/guderley.com\/?author=2"}]}},"jetpack_featured_media_url":"","jetpack_sharing_enabled":true,"jetpack_shortlink":"https:\/\/wp.me\/p9IuXF-l4","jetpack_likes_enabled":true,"jetpack-related-posts":[{"id":1285,"url":"http:\/\/guderley.com\/?p=1285","url_meta":{"origin":1306,"position":0},"title":"21.07.  Rakvere \/ Estland &#8211; 5. Tag &#8211; 296 km","author":"guenter","date":"Juli 21, 2012","format":false,"excerpt":"Die Nacht m Zelt war okay, allerdings bereits um 4:30 Uhr zu Ende, da wurde es hell. Um 5:00 Uhr begann ich einzupacken, das nasse \u00dcberdach und den nassen Zeltboden nat\u00fcrlich auch. Zwei Kekse und einige Schl\u00fccke Wasser, mehr war nicht drin. Abfahrt gegen 5:45 Uhr, Ziel war jetzt Loksa\u2026","rel":"","context":"In &quot;2012 BALTIKUM&quot;","block_context":{"text":"2012 BALTIKUM","link":"http:\/\/guderley.com\/?cat=22"},"img":{"alt_text":"","src":"https:\/\/i0.wp.com\/guderley.com\/wp-content\/uploads\/2012\/07\/wpid-Photo-21.07.2012-2021.jpg?resize=350%2C200","width":350,"height":200,"srcset":"https:\/\/i0.wp.com\/guderley.com\/wp-content\/uploads\/2012\/07\/wpid-Photo-21.07.2012-2021.jpg?resize=350%2C200 1x, https:\/\/i0.wp.com\/guderley.com\/wp-content\/uploads\/2012\/07\/wpid-Photo-21.07.2012-2021.jpg?resize=525%2C300 1.5x, https:\/\/i0.wp.com\/guderley.com\/wp-content\/uploads\/2012\/07\/wpid-Photo-21.07.2012-2021.jpg?resize=700%2C400 2x"},"classes":[]},{"id":879,"url":"http:\/\/guderley.com\/?p=879","url_meta":{"origin":1306,"position":1},"title":"19.08.2011  Goldbach  650 km","author":"guenter","date":"August 19, 2011","format":false,"excerpt":"Um 5:00 Uhr bin ich von einem heftigen Gewitter in Marbach geweckt worden. Das hie\u00df erstmal in Alternativen denken. Als ich um 6:30 Uhr einen Blick zum Himmel riskierte war viel blauer Himmel zu sehen. Um 8:00 Uhr sa\u00df ich auf dem Rad mit dem ersten Teilziel Heilbronn. Es war\u2026","rel":"","context":"In &quot;2011 ALLG\u00c4U - NECKAR&quot;","block_context":{"text":"2011 ALLG\u00c4U - NECKAR","link":"http:\/\/guderley.com\/?cat=14"},"img":{"alt_text":"","src":"","width":0,"height":0},"classes":[]},{"id":5736,"url":"http:\/\/guderley.com\/?p=5736","url_meta":{"origin":1306,"position":2},"title":"11.08.2024 &#8211; Anreise &#8211; 50 km &#8211; Brno \u2014&gt; Vranovsk\u00e1 p\u0159ehrada &#8211; Tag 1","author":"guenter","date":"August 10, 2024","format":false,"excerpt":"P\u00fcnktlich um Mitternacht bin ich in Dresden - jetzt gilt es drei Stunden zu \u00fcberbr\u00fccken - um 3:00 Uhr geht mein Zug nach Prag. Ich drehe eine Runde durch das mittern\u00e4chtliche Dresden und trinke am Altmarkt ein entspanntes Bier in dieser lauen Sommernacht. Dresden Hbf um 2 Uhr morgens Um\u2026","rel":"","context":"In &quot;2024_Sommer-Tour - 5 L\u00e4nder&quot;","block_context":{"text":"2024_Sommer-Tour - 5 L\u00e4nder","link":"http:\/\/guderley.com\/?cat=35"},"img":{"alt_text":"","src":"https:\/\/i0.wp.com\/guderley.com\/wp-content\/uploads\/img_6944-1.jpg?resize=350%2C200","width":350,"height":200,"srcset":"https:\/\/i0.wp.com\/guderley.com\/wp-content\/uploads\/img_6944-1.jpg?resize=350%2C200 1x, https:\/\/i0.wp.com\/guderley.com\/wp-content\/uploads\/img_6944-1.jpg?resize=525%2C300 1.5x, https:\/\/i0.wp.com\/guderley.com\/wp-content\/uploads\/img_6944-1.jpg?resize=700%2C400 2x, https:\/\/i0.wp.com\/guderley.com\/wp-content\/uploads\/img_6944-1.jpg?resize=1050%2C600 3x, https:\/\/i0.wp.com\/guderley.com\/wp-content\/uploads\/img_6944-1.jpg?resize=1400%2C800 4x"},"classes":[]},{"id":3479,"url":"http:\/\/guderley.com\/?p=3479","url_meta":{"origin":1306,"position":3},"title":"Tag 34 &#8211; Mi 13.06.2018 &#8211; Nimpkish Lake\/ 93 km \/ Gesamt: 2071 km","author":"guenter","date":"Juni 14, 2018","format":false,"excerpt":"Vom F\u00e4hrterminal sind es ca 10 km bis in das St\u00e4dtchen Port Hardy. Ich erledige einige Eink\u00e4ufe und mache mich auf Vancouver Island auf den Weg nach S\u00fcden. Regenwald ohne Regen geht nicht und so f\u00e4ngt es sehr bald zu spr\u00fchen an. Mal st\u00e4rker, mal weniger stark. Der Unterschied zu\u2026","rel":"","context":"In &quot;2018 ALASKA&quot;","block_context":{"text":"2018 ALASKA","link":"http:\/\/guderley.com\/?cat=28"},"img":{"alt_text":"","src":"https:\/\/i0.wp.com\/guderley.com\/wp-content\/uploads\/PHOTO-2018-06-14-17-35-34-3.jpg?resize=350%2C200","width":350,"height":200,"srcset":"https:\/\/i0.wp.com\/guderley.com\/wp-content\/uploads\/PHOTO-2018-06-14-17-35-34-3.jpg?resize=350%2C200 1x, https:\/\/i0.wp.com\/guderley.com\/wp-content\/uploads\/PHOTO-2018-06-14-17-35-34-3.jpg?resize=525%2C300 1.5x, https:\/\/i0.wp.com\/guderley.com\/wp-content\/uploads\/PHOTO-2018-06-14-17-35-34-3.jpg?resize=700%2C400 2x"},"classes":[]},{"id":3480,"url":"http:\/\/guderley.com\/?p=3480","url_meta":{"origin":1306,"position":4},"title":"Tag 35 &#8211; Do 14.06.2018 &#8211; Campbell River \/ 160 km \/ Gesamt: 2231 km","author":"guenter","date":"Juni 14, 2018","format":false,"excerpt":"Eine gro\u00dfe Herausforderung - wenn ich Marion und Julian heute in die Arme nehmen m\u00f6chte - dann mu\u00df ich 160 km und rund 1500 H\u00f6henmeter fahren. Insofern war ich nicht b\u00f6se, dass irgendwelche V\u00f6gel heute morgen gegen 5:00 Uhr auf meinem Zelt herumgeturnt sind. Gottseidank war die Nacht ohne Regen,\u2026","rel":"","context":"In &quot;2018 ALASKA&quot;","block_context":{"text":"2018 ALASKA","link":"http:\/\/guderley.com\/?cat=28"},"img":{"alt_text":"","src":"https:\/\/i0.wp.com\/guderley.com\/wp-content\/uploads\/PHOTO-2018-06-15-07-49-54.jpg?resize=350%2C200","width":350,"height":200,"srcset":"https:\/\/i0.wp.com\/guderley.com\/wp-content\/uploads\/PHOTO-2018-06-15-07-49-54.jpg?resize=350%2C200 1x, https:\/\/i0.wp.com\/guderley.com\/wp-content\/uploads\/PHOTO-2018-06-15-07-49-54.jpg?resize=525%2C300 1.5x, https:\/\/i0.wp.com\/guderley.com\/wp-content\/uploads\/PHOTO-2018-06-15-07-49-54.jpg?resize=700%2C400 2x"},"classes":[]},{"id":2808,"url":"http:\/\/guderley.com\/?p=2808","url_meta":{"origin":1306,"position":5},"title":"Tag 21 &#8211; Mi 17. Juni 2015 &#8211; 109 km Barfleur \/ Gesamt:  2233 km","author":"guenter","date":"Juni 18, 2015","format":false,"excerpt":"Drei Wochen bin ich jetzt bereits unterwegs und manchmal bringe ich die Stationen garnicht mehr zusammen, da helfen mir mein Tagebuch und der Blog wieder auf die Spr\u00fcnge.Gleich nach dem Losfahren heute morgen - ich bin erst um 8:30 Uhr aufgewacht - habe ich einen Abstecher zur Pointe du Hoc\u2026","rel":"","context":"In &quot;2015 BENELUX - FRANKREICH&quot;","block_context":{"text":"2015 BENELUX - FRANKREICH","link":"http:\/\/guderley.com\/?cat=27"},"img":{"alt_text":"","src":"https:\/\/i0.wp.com\/guderley.com\/wp-content\/uploads\/2015\/06\/wpid-Photo-17.06.2015-1433.jpg?resize=350%2C200","width":350,"height":200,"srcset":"https:\/\/i0.wp.com\/guderley.com\/wp-content\/uploads\/2015\/06\/wpid-Photo-17.06.2015-1433.jpg?resize=350%2C200 1x, https:\/\/i0.wp.com\/guderley.com\/wp-content\/uploads\/2015\/06\/wpid-Photo-17.06.2015-1433.jpg?resize=525%2C300 1.5x, https:\/\/i0.wp.com\/guderley.com\/wp-content\/uploads\/2015\/06\/wpid-Photo-17.06.2015-1433.jpg?resize=700%2C400 2x"},"classes":[]}],"_links":{"self":[{"href":"http:\/\/guderley.com\/index.php?rest_route=\/wp\/v2\/posts\/1306","targetHints":{"allow":["GET"]}}],"collection":[{"href":"http:\/\/guderley.com\/index.php?rest_route=\/wp\/v2\/posts"}],"about":[{"href":"http:\/\/guderley.com\/index.php?rest_route=\/wp\/v2\/types\/post"}],"author":[{"embeddable":true,"href":"http:\/\/guderley.com\/index.php?rest_route=\/wp\/v2\/users\/2"}],"replies":[{"embeddable":true,"href":"http:\/\/guderley.com\/index.php?rest_route=%2Fwp%2Fv2%2Fcomments&post=1306"}],"version-history":[{"count":2,"href":"http:\/\/guderley.com\/index.php?rest_route=\/wp\/v2\/posts\/1306\/revisions"}],"predecessor-version":[{"id":1307,"href":"http:\/\/guderley.com\/index.php?rest_route=\/wp\/v2\/posts\/1306\/revisions\/1307"}],"wp:attachment":[{"href":"http:\/\/guderley.com\/index.php?rest_route=%2Fwp%2Fv2%2Fmedia&parent=1306"}],"wp:term":[{"taxonomy":"category","embeddable":true,"href":"http:\/\/guderley.com\/index.php?rest_route=%2Fwp%2Fv2%2Fcategories&post=1306"},{"taxonomy":"post_tag","embeddable":true,"href":"http:\/\/guderley.com\/index.php?rest_route=%2Fwp%2Fv2%2Ftags&post=1306"}],"curies":[{"name":"wp","href":"https:\/\/api.w.org\/{rel}","templated":true}]}}